{"id":158578,"date":"2026-04-29T18:13:02","date_gmt":"2026-04-29T11:33:03","guid":{"rendered":"https:\/\/www.justiceinfo.net\/158578-liban-le-president-appelle-israel-a-mettre-pleinement-en-oeuvre-le-cessez-le-feu-avant-toute-negociation.html"},"modified":"2026-04-29T22:15:02","modified_gmt":"2026-04-29T20:15:02","slug":"liban-le-president-appelle-israel-a-mettre-pleinement-en-oeuvre-le-cessez-le-feu-avant-toute-negociation","status":"publish","type":"post","link":"https:\/\/www.justiceinfo.net\/fr\/158578-liban-le-president-appelle-israel-a-mettre-pleinement-en-oeuvre-le-cessez-le-feu-avant-toute-negociation.html","title":{"rendered":"Liban: le pr\u00e9sident appelle Isra\u00ebl \u00e0 mettre \"pleinement en oeuvre\" le cessez-le-feu avant toute n\u00e9gociation"},"content":{"rendered":"<p>\n             Le pr\u00e9sident libanais Joseph Aoun a appel\u00e9 mercredi Isra\u00ebl \u00e0 mettre \"pleinement en oeuvre le cessez-le feu\", avant toute n\u00e9gociation directe de paix entre les deux pays, dont il a dit attendre que les Etats-Unis fixent une date.\n<\/p>\n<p>\n            Il s'est exprim\u00e9 apr\u00e8s qu'une nouvelle frappe isra\u00e9lienne a tu\u00e9 un soldat et son fr\u00e8re dans le sud du Liban, o\u00f9 Isra\u00ebl et le Hezbollah pro-iranien poursuivent leurs hostilit\u00e9s malgr\u00e9 la tr\u00eave en vigueur depuis le 17 avril, et prolong\u00e9e jusqu'\u00e0 la mi-mai.\n<\/p>\n<p>\n            La veille, 19 personnes \u00e9taient mortes dans des frappes, dont trois secouristes de la D\u00e9fense civile pendant une op\u00e9ration de secours au cours de laquelle deux soldats ont aussi \u00e9t\u00e9 bless\u00e9s. Le Premier ministre, Nawaf Salam, a d\u00e9nonc\u00e9 un \"crime de guerre\".\n<\/p>\n<p>\n            \"Isra\u00ebl doit prendre conscience d\u00e9finitivement que la seule voie pour sa s\u00e9curit\u00e9 est celle des n\u00e9gociations\", mais \"doit d'abord mettre en oeuvre pleinement le cessez-le-feu avant de passer\" \u00e0 cette phase, a d\u00e9clar\u00e9 M. Aoun, cit\u00e9 par un communiqu\u00e9 de la pr\u00e9sidence.\n<\/p>\n<p>\n            \"Les attaques isra\u00e9liennes ne peuvent pas continuer ainsi\", a insist\u00e9 le pr\u00e9sident. Selon Beyrouth, elles ont fait plus de 2.500 morts et d\u00e9plac\u00e9 plus d'un million de personnes depuis que le mouvement chiite a rouvert le 2 mars un front contre le pays voisin.\n<\/p>\n<p>\n            Il a indiqu\u00e9 attendre que les Etats-Unis, parrain des n\u00e9gociations directes pr\u00e9vues entre les deux pays - toujours en \u00e9tat de guerre - fixent une date pour leur lancement, apr\u00e8s deux rencontres pr\u00e9paratoires tenues \u00e0 Washington au niveau des ambassadeurs libanais et isra\u00e9lien.\n<\/p>\n<p>\n            Sur le terrain, le soldat et son fr\u00e8re ont \u00e9t\u00e9 tu\u00e9s pr\u00e8s de la localit\u00e9 de Bint Jbeil (sud), alors qu'ils rentraient chez eux \"en moto du poste\" du militaire, selon un communiqu\u00e9 de l'arm\u00e9e.\n<\/p>\n<p>\n            Une s\u00e9rie de frappes isra\u00e9liennes ont aussi de nouveau vis\u00e9 plusieurs localit\u00e9s du sud du Liban, a rapport\u00e9 l'Agence nationale d'information (Ani, officielle).\n<\/p>\n<p>\n            Et l'arm\u00e9e isra\u00e9lienne a annonc\u00e9 avoir d\u00e9mantel\u00e9 en 48 heures \"plus de 30 d\u00e9p\u00f4ts d'armes, centres de commandement et infrastructures\" du Hezbollah.\n<\/p>\n<p>\n            Selon les termes de l'accord de cessez-le-feu, Isra\u00ebl se r\u00e9serve \"le droit de prendre, \u00e0 tout moment, toutes les mesures n\u00e9cessaires en l\u00e9gitime d\u00e9fense\".\n<\/p>\n<p>\n            - Stopper \"les d\u00e9molitions\" -\n<\/p>\n<p>\n            M. Aoun a aussi indiqu\u00e9 poursuivre ses contacts pour \"mettre fin \u00e0 la d\u00e9molition des maisons dans les villages occup\u00e9s du sud\".\n<\/p>\n<p>\n            L'arm\u00e9e isra\u00e9lienne a \u00e9tabli dans le sud du Liban une zone de 10 km de profondeur d\u00e9limit\u00e9e par une \"ligne jaune\" - interdite d'acc\u00e8s \u00e0 la presse et aux habitants - dans laquelle elle m\u00e8ne des op\u00e9rations de d\u00e9molition.\n<\/p>\n<p>\n            Isra\u00ebl affirme vouloir ainsi prot\u00e9ger sa r\u00e9gion nord des attaques.\n<\/p>\n<p>\n            Apr\u00e8s une visite aupr\u00e8s de ses troupes dans le sud du Liban, le chef d'\u00e9tat-major isra\u00e9lien, Eyal Zamir, a affirm\u00e9 qu'elles pourraient \u00eatre \"tenues de rester\" dans certains secteurs.\n<\/p>\n<p>\n            \"Toute menace (...) m\u00eame au-del\u00e0 de la ligne jaune et du nord du fleuve Litani (\u00e0 30 km au nord de la fronti\u00e8re, ndlr) sera \u00e9limin\u00e9e\", avait-il auparavant averti depuis le sud du Liban.\n<\/p>\n<p>\n            Le Hezbollah fera \"\u00e9chouer\" la tentative isra\u00e9lienne \"d'\u00e9tablir une zone de s\u00e9curit\u00e9\", a de son c\u00f4t\u00e9 affirm\u00e9 mercredi l'un de ses d\u00e9put\u00e9s, Hassan Fadlallah.\n<\/p>\n<p>\n            Il a r\u00e9it\u00e9r\u00e9 le refus du mouvement - qui continue de revendiquer des attaques contre Isra\u00ebl et ses forces - de n\u00e9gociations directes avec le pays voisin.\n<\/p>\n<p>\n            Chercheur au centre de r\u00e9flexion International Crisis Group, Heiko Wimmen juge que malgr\u00e9 leur volont\u00e9 de n\u00e9gocier, les dirigeants libanais \"ne sont pas en mesure de tenir leurs engagements\" notamment de d\u00e9sarmer le Hezbollah, m\u00eame si ce dernier est affaibli.\n<\/p>\n<p>\n            Les op\u00e9rations isra\u00e9liennes ont fait plus de 60 morts au Liban depuis la tr\u00eave, selon des chiffres du minist\u00e8re de la Sant\u00e9 et de l'arm\u00e9e rassembl\u00e9s par l'AFP.\n<\/p>\n<p>\n            C\u00f4t\u00e9 isra\u00e9lien, 16 soldats ont \u00e9t\u00e9 tu\u00e9s au Liban sur la p\u00e9riode, d'apr\u00e8s les autorit\u00e9s.<\/p>\n","protected":false},"excerpt":{"rendered":"<p>Le pr\u00e9sident libanais Joseph Aoun a appel\u00e9 mercredi Isra\u00ebl \u00e0 mettre \"pleinement en oeuvre le cessez-le feu\", avant toute n\u00e9gociation directe de paix entre les deux pays, dont il a dit attendre que les Etats-Unis fixent une date. Il s'est exprim\u00e9 apr\u00e8s qu'une nouvelle frappe isra\u00e9lienne a tu\u00e9 un soldat et son fr\u00e8re dans le [&hellip;]<\/p>\n","protected":false},"author":60,"featured_media":0,"comment_status":"open","ping_status":"closed","sticky":false,"template":"","format":"standard","meta":{"_acf_changed":false,"footnotes":""},"categories":[2576],"tags":[],"ji_location":[],"class_list":["post-158578","post","type-post","status-publish","format-standard","hentry","category-fil-d-actualite"],"acf":[],"yoast_head":"<!-- This site is optimized with the Yoast SEO Premium plugin v25.3.1 (Yoast SEO v25.3.1) - https:\/\/yoast.com\/wordpress\/plugins\/seo\/ -->\n<title>Liban: le pr\u00e9sident appelle Isra\u00ebl \u00e0 mettre &quot;pleinement en oeuvre&quot; le cessez-le-feu avant toute n\u00e9gociation - JusticeInfo.net<\/title>\n<meta name=\"robots\" content=\"index, follow, max-snippet:-1, max-image-preview:large, max-video-preview:-1\" \/>\n<link rel=\"canonical\" href=\"https:\/\/www.justiceinfo.net\/fr\/158578-liban-le-president-appelle-israel-a-mettre-pleinement-en-oeuvre-le-cessez-le-feu-avant-toute-negociation.html\" \/>\n<meta property=\"og:locale\" content=\"fr_FR\" \/>\n<meta property=\"og:type\" content=\"article\" \/>\n<meta property=\"og:title\" content=\"Liban: le pr\u00e9sident appelle Isra\u00ebl \u00e0 mettre &quot;pleinement en oeuvre&quot; le cessez-le-feu avant toute n\u00e9gociation\" \/>\n<meta property=\"og:description\" content=\"Le pr\u00e9sident libanais Joseph Aoun a appel\u00e9 mercredi Isra\u00ebl \u00e0 mettre &quot;pleinement en oeuvre le cessez-le feu&quot;, avant toute n\u00e9gociation directe de paix entre les deux pays, dont il a dit attendre que les Etats-Unis fixent une date. Il s&#039;est exprim\u00e9 apr\u00e8s qu&#039;une nouvelle frappe isra\u00e9lienne a tu\u00e9 un soldat et son fr\u00e8re dans le [&hellip;]\" \/>\n<meta property=\"og:url\" content=\"https:\/\/www.justiceinfo.net\/fr\/158578-liban-le-president-appelle-israel-a-mettre-pleinement-en-oeuvre-le-cessez-le-feu-avant-toute-negociation.html\" \/>\n<meta property=\"og:site_name\" content=\"JusticeInfo.net\" \/>\n<meta property=\"article:publisher\" content=\"https:\/\/www.facebook.com\/JusticeInfo\/\" \/>\n<meta property=\"article:published_time\" content=\"2026-04-29T11:33:03+00:00\" \/>\n<meta property=\"article:modified_time\" content=\"2026-04-29T20:15:02+00:00\" \/>\n<meta property=\"og:image\" content=\"https:\/\/www.justiceinfo.net\/wp-content\/uploads\/JusticeInfoNet_logo_1200x630px.jpg\" \/>\n\t<meta property=\"og:image:width\" content=\"1200\" \/>\n\t<meta property=\"og:image:height\" content=\"630\" \/>\n\t<meta property=\"og:image:type\" content=\"image\/jpeg\" \/>\n<meta name=\"author\" content=\"afp\" \/>\n<meta name=\"twitter:card\" content=\"summary_large_image\" \/>\n<meta name=\"twitter:creator\" content=\"@justiceinfonet\" \/>\n<meta name=\"twitter:site\" content=\"@justiceinfonet\" \/>\n<meta name=\"twitter:label1\" content=\"\u00c9crit par\" \/>\n\t<meta name=\"twitter:data1\" content=\"afp\" \/>\n\t<meta name=\"twitter:label2\" content=\"Dur\u00e9e de lecture estim\u00e9e\" \/>\n\t<meta name=\"twitter:data2\" content=\"4 minutes\" \/>\n<script type=\"application\/ld+json\" class=\"yoast-schema-graph\">{\"@context\":\"https:\/\/schema.org\",\"@graph\":[{\"@type\":\"NewsArticle\",\"@id\":\"https:\/\/www.justiceinfo.net\/fr\/158578-liban-le-president-appelle-israel-a-mettre-pleinement-en-oeuvre-le-cessez-le-feu-avant-toute-negociation.html#article\",\"isPartOf\":{\"@id\":\"https:\/\/www.justiceinfo.net\/fr\/158578-liban-le-president-appelle-israel-a-mettre-pleinement-en-oeuvre-le-cessez-le-feu-avant-toute-negociation.html\"},\"author\":{\"name\":\"afp\",\"@id\":\"https:\/\/www.justiceinfo.net\/fr#\/schema\/person\/713d340ef5f218fc36ce9b4244364a7f\"},\"headline\":\"Liban: le pr\u00e9sident appelle Isra\u00ebl \u00e0 mettre \\\"pleinement en oeuvre\\\" le cessez-le-feu avant toute n\u00e9gociation\",\"datePublished\":\"2026-04-29T11:33:03+00:00\",\"dateModified\":\"2026-04-29T20:15:02+00:00\",\"mainEntityOfPage\":{\"@id\":\"https:\/\/www.justiceinfo.net\/fr\/158578-liban-le-president-appelle-israel-a-mettre-pleinement-en-oeuvre-le-cessez-le-feu-avant-toute-negociation.html\"},\"wordCount\":738,\"commentCount\":0,\"publisher\":{\"@id\":\"https:\/\/www.justiceinfo.net\/fr#organization\"},\"articleSection\":[\"Fil d'info AFP\"],\"inLanguage\":\"fr-FR\",\"potentialAction\":[{\"@type\":\"CommentAction\",\"name\":\"Comment\",\"target\":[\"https:\/\/www.justiceinfo.net\/fr\/158578-liban-le-president-appelle-israel-a-mettre-pleinement-en-oeuvre-le-cessez-le-feu-avant-toute-negociation.html#respond\"]}]},{\"@type\":\"WebPage\",\"@id\":\"https:\/\/www.justiceinfo.net\/fr\/158578-liban-le-president-appelle-israel-a-mettre-pleinement-en-oeuvre-le-cessez-le-feu-avant-toute-negociation.html\",\"url\":\"https:\/\/www.justiceinfo.net\/fr\/158578-liban-le-president-appelle-israel-a-mettre-pleinement-en-oeuvre-le-cessez-le-feu-avant-toute-negociation.html\",\"name\":\"Liban: le pr\u00e9sident appelle Isra\u00ebl \u00e0 mettre \\\"pleinement en oeuvre\\\" le cessez-le-feu avant toute n\u00e9gociation - JusticeInfo.net\",\"isPartOf\":{\"@id\":\"https:\/\/www.justiceinfo.net\/fr#website\"},\"datePublished\":\"2026-04-29T11:33:03+00:00\",\"dateModified\":\"2026-04-29T20:15:02+00:00\",\"breadcrumb\":{\"@id\":\"https:\/\/www.justiceinfo.net\/fr\/158578-liban-le-president-appelle-israel-a-mettre-pleinement-en-oeuvre-le-cessez-le-feu-avant-toute-negociation.html#breadcrumb\"},\"inLanguage\":\"fr-FR\",\"potentialAction\":[{\"@type\":\"ReadAction\",\"target\":[\"https:\/\/www.justiceinfo.net\/fr\/158578-liban-le-president-appelle-israel-a-mettre-pleinement-en-oeuvre-le-cessez-le-feu-avant-toute-negociation.html\"]}]},{\"@type\":\"BreadcrumbList\",\"@id\":\"https:\/\/www.justiceinfo.net\/fr\/158578-liban-le-president-appelle-israel-a-mettre-pleinement-en-oeuvre-le-cessez-le-feu-avant-toute-negociation.html#breadcrumb\",\"itemListElement\":[{\"@type\":\"ListItem\",\"position\":1,\"name\":\"Home\",\"item\":\"https:\/\/www.justiceinfo.net\/fr\"},{\"@type\":\"ListItem\",\"position\":2,\"name\":\"Liban: le pr\u00e9sident appelle Isra\u00ebl \u00e0 mettre \\\"pleinement en oeuvre\\\" le cessez-le-feu avant toute n\u00e9gociation\"}]},{\"@type\":\"WebSite\",\"@id\":\"https:\/\/www.justiceinfo.net\/fr#website\",\"url\":\"https:\/\/www.justiceinfo.net\/fr\",\"name\":\"JusticeInfo.net\",\"description\":\"La justice doit \u00eatre vue pour \u00eatre rendue\",\"publisher\":{\"@id\":\"https:\/\/www.justiceinfo.net\/fr#organization\"},\"potentialAction\":[{\"@type\":\"SearchAction\",\"target\":{\"@type\":\"EntryPoint\",\"urlTemplate\":\"https:\/\/www.justiceinfo.net\/fr?s={search_term_string}\"},\"query-input\":{\"@type\":\"PropertyValueSpecification\",\"valueRequired\":true,\"valueName\":\"search_term_string\"}}],\"inLanguage\":\"fr-FR\"},{\"@type\":\"Organization\",\"@id\":\"https:\/\/www.justiceinfo.net\/fr#organization\",\"name\":\"Justice Info\",\"url\":\"https:\/\/www.justiceinfo.net\/fr\",\"logo\":{\"@type\":\"ImageObject\",\"inLanguage\":\"fr-FR\",\"@id\":\"https:\/\/www.justiceinfo.net\/fr#\/schema\/logo\/image\/\",\"url\":\"https:\/\/www.justiceinfo.net\/wp-content\/uploads\/justiceinfo_logo-trans_1200x1200px.png\",\"contentUrl\":\"https:\/\/www.justiceinfo.net\/wp-content\/uploads\/justiceinfo_logo-trans_1200x1200px.png\",\"width\":1199,\"height\":1200,\"caption\":\"Justice Info\"},\"image\":{\"@id\":\"https:\/\/www.justiceinfo.net\/fr#\/schema\/logo\/image\/\"},\"sameAs\":[\"https:\/\/www.facebook.com\/JusticeInfo\/\",\"https:\/\/x.com\/justiceinfonet\",\"https:\/\/www.linkedin.com\/company\/justice-info\",\"https:\/\/www.youtube.com\/channel\/UCyCEsARodyuWtkWyhn-e7pA\"]},{\"@type\":\"Person\",\"name\":\"afp\",\"url\":\"\/fr\/?s=afp\"}]}<\/script>\n<!-- \/ Yoast SEO Premium plugin. -->","yoast_head_json":{"title":"Liban: le pr\u00e9sident appelle Isra\u00ebl \u00e0 mettre \"pleinement en oeuvre\" le cessez-le-feu avant toute n\u00e9gociation - JusticeInfo.net","robots":{"index":"index","follow":"follow","max-snippet":"max-snippet:-1","max-image-preview":"max-image-preview:large","max-video-preview":"max-video-preview:-1"},"canonical":"https:\/\/www.justiceinfo.net\/fr\/158578-liban-le-president-appelle-israel-a-mettre-pleinement-en-oeuvre-le-cessez-le-feu-avant-toute-negociation.html","og_locale":"fr_FR","og_type":"article","og_title":"Liban: le pr\u00e9sident appelle Isra\u00ebl \u00e0 mettre \"pleinement en oeuvre\" le cessez-le-feu avant toute n\u00e9gociation","og_description":"Le pr\u00e9sident libanais Joseph Aoun a appel\u00e9 mercredi Isra\u00ebl \u00e0 mettre \"pleinement en oeuvre le cessez-le feu\", avant toute n\u00e9gociation directe de paix entre les deux pays, dont il a dit attendre que les Etats-Unis fixent une date. Il s'est exprim\u00e9 apr\u00e8s qu'une nouvelle frappe isra\u00e9lienne a tu\u00e9 un soldat et son fr\u00e8re dans le [&hellip;]","og_url":"https:\/\/www.justiceinfo.net\/fr\/158578-liban-le-president-appelle-israel-a-mettre-pleinement-en-oeuvre-le-cessez-le-feu-avant-toute-negociation.html","og_site_name":"JusticeInfo.net","article_publisher":"https:\/\/www.facebook.com\/JusticeInfo\/","article_published_time":"2026-04-29T11:33:03+00:00","article_modified_time":"2026-04-29T20:15:02+00:00","og_image":[{"width":1200,"height":630,"url":"https:\/\/www.justiceinfo.net\/wp-content\/uploads\/JusticeInfoNet_logo_1200x630px.jpg","type":"image\/jpeg"}],"author":"afp","twitter_card":"summary_large_image","twitter_creator":"@justiceinfonet","twitter_site":"@justiceinfonet","twitter_misc":{"\u00c9crit par":"afp","Dur\u00e9e de lecture estim\u00e9e":"4 minutes"},"schema":{"@context":"https:\/\/schema.org","@graph":[{"@type":"NewsArticle","@id":"https:\/\/www.justiceinfo.net\/fr\/158578-liban-le-president-appelle-israel-a-mettre-pleinement-en-oeuvre-le-cessez-le-feu-avant-toute-negociation.html#article","isPartOf":{"@id":"https:\/\/www.justiceinfo.net\/fr\/158578-liban-le-president-appelle-israel-a-mettre-pleinement-en-oeuvre-le-cessez-le-feu-avant-toute-negociation.html"},"author":{"name":"afp","@id":"https:\/\/www.justiceinfo.net\/fr#\/schema\/person\/713d340ef5f218fc36ce9b4244364a7f"},"headline":"Liban: le pr\u00e9sident appelle Isra\u00ebl \u00e0 mettre \"pleinement en oeuvre\" le cessez-le-feu avant toute n\u00e9gociation","datePublished":"2026-04-29T11:33:03+00:00","dateModified":"2026-04-29T20:15:02+00:00","mainEntityOfPage":{"@id":"https:\/\/www.justiceinfo.net\/fr\/158578-liban-le-president-appelle-israel-a-mettre-pleinement-en-oeuvre-le-cessez-le-feu-avant-toute-negociation.html"},"wordCount":738,"commentCount":0,"publisher":{"@id":"https:\/\/www.justiceinfo.net\/fr#organization"},"articleSection":["Fil d'info AFP"],"inLanguage":"fr-FR","potentialAction":[{"@type":"CommentAction","name":"Comment","target":["https:\/\/www.justiceinfo.net\/fr\/158578-liban-le-president-appelle-israel-a-mettre-pleinement-en-oeuvre-le-cessez-le-feu-avant-toute-negociation.html#respond"]}]},{"@type":"WebPage","@id":"https:\/\/www.justiceinfo.net\/fr\/158578-liban-le-president-appelle-israel-a-mettre-pleinement-en-oeuvre-le-cessez-le-feu-avant-toute-negociation.html","url":"https:\/\/www.justiceinfo.net\/fr\/158578-liban-le-president-appelle-israel-a-mettre-pleinement-en-oeuvre-le-cessez-le-feu-avant-toute-negociation.html","name":"Liban: le pr\u00e9sident appelle Isra\u00ebl \u00e0 mettre \"pleinement en oeuvre\" le cessez-le-feu avant toute n\u00e9gociation - JusticeInfo.net","isPartOf":{"@id":"https:\/\/www.justiceinfo.net\/fr#website"},"datePublished":"2026-04-29T11:33:03+00:00","dateModified":"2026-04-29T20:15:02+00:00","breadcrumb":{"@id":"https:\/\/www.justiceinfo.net\/fr\/158578-liban-le-president-appelle-israel-a-mettre-pleinement-en-oeuvre-le-cessez-le-feu-avant-toute-negociation.html#breadcrumb"},"inLanguage":"fr-FR","potentialAction":[{"@type":"ReadAction","target":["https:\/\/www.justiceinfo.net\/fr\/158578-liban-le-president-appelle-israel-a-mettre-pleinement-en-oeuvre-le-cessez-le-feu-avant-toute-negociation.html"]}]},{"@type":"BreadcrumbList","@id":"https:\/\/www.justiceinfo.net\/fr\/158578-liban-le-president-appelle-israel-a-mettre-pleinement-en-oeuvre-le-cessez-le-feu-avant-toute-negociation.html#breadcrumb","itemListElement":[{"@type":"ListItem","position":1,"name":"Home","item":"https:\/\/www.justiceinfo.net\/fr"},{"@type":"ListItem","position":2,"name":"Liban: le pr\u00e9sident appelle Isra\u00ebl \u00e0 mettre \"pleinement en oeuvre\" le cessez-le-feu avant toute n\u00e9gociation"}]},{"@type":"WebSite","@id":"https:\/\/www.justiceinfo.net\/fr#website","url":"https:\/\/www.justiceinfo.net\/fr","name":"JusticeInfo.net","description":"La justice doit \u00eatre vue pour \u00eatre rendue","publisher":{"@id":"https:\/\/www.justiceinfo.net\/fr#organization"},"potentialAction":[{"@type":"SearchAction","target":{"@type":"EntryPoint","urlTemplate":"https:\/\/www.justiceinfo.net\/fr?s={search_term_string}"},"query-input":{"@type":"PropertyValueSpecification","valueRequired":true,"valueName":"search_term_string"}}],"inLanguage":"fr-FR"},{"@type":"Organization","@id":"https:\/\/www.justiceinfo.net\/fr#organization","name":"Justice Info","url":"https:\/\/www.justiceinfo.net\/fr","logo":{"@type":"ImageObject","inLanguage":"fr-FR","@id":"https:\/\/www.justiceinfo.net\/fr#\/schema\/logo\/image\/","url":"https:\/\/www.justiceinfo.net\/wp-content\/uploads\/justiceinfo_logo-trans_1200x1200px.png","contentUrl":"https:\/\/www.justiceinfo.net\/wp-content\/uploads\/justiceinfo_logo-trans_1200x1200px.png","width":1199,"height":1200,"caption":"Justice Info"},"image":{"@id":"https:\/\/www.justiceinfo.net\/fr#\/schema\/logo\/image\/"},"sameAs":["https:\/\/www.facebook.com\/JusticeInfo\/","https:\/\/x.com\/justiceinfonet","https:\/\/www.linkedin.com\/company\/justice-info","https:\/\/www.youtube.com\/channel\/UCyCEsARodyuWtkWyhn-e7pA"]},{"@type":"Person","name":"afp","url":"\/fr\/?s=afp"}]}},"_links":{"self":[{"href":"https:\/\/www.justiceinfo.net\/fr\/wp-json\/wp\/v2\/posts\/158578","targetHints":{"allow":["GET"]}}],"collection":[{"href":"https:\/\/www.justiceinfo.net\/fr\/wp-json\/wp\/v2\/posts"}],"about":[{"href":"https:\/\/www.justiceinfo.net\/fr\/wp-json\/wp\/v2\/types\/post"}],"author":[{"embeddable":true,"href":"https:\/\/www.justiceinfo.net\/fr\/wp-json\/wp\/v2\/users\/60"}],"replies":[{"embeddable":true,"href":"https:\/\/www.justiceinfo.net\/fr\/wp-json\/wp\/v2\/comments?post=158578"}],"version-history":[{"count":1,"href":"https:\/\/www.justiceinfo.net\/fr\/wp-json\/wp\/v2\/posts\/158578\/revisions"}],"predecessor-version":[{"id":158588,"href":"https:\/\/www.justiceinfo.net\/fr\/wp-json\/wp\/v2\/posts\/158578\/revisions\/158588"}],"wp:attachment":[{"href":"https:\/\/www.justiceinfo.net\/fr\/wp-json\/wp\/v2\/media?parent=158578"}],"wp:term":[{"taxonomy":"category","embeddable":true,"href":"https:\/\/www.justiceinfo.net\/fr\/wp-json\/wp\/v2\/categories?post=158578"},{"taxonomy":"post_tag","embeddable":true,"href":"https:\/\/www.justiceinfo.net\/fr\/wp-json\/wp\/v2\/tags?post=158578"},{"taxonomy":"ji_location","embeddable":true,"href":"https:\/\/www.justiceinfo.net\/fr\/wp-json\/wp\/v2\/ji_location?post=158578"}],"curies":[{"name":"wp","href":"https:\/\/api.w.org\/{rel}","templated":true}]}}