{"id":158595,"date":"2026-04-30T10:57:03","date_gmt":"2026-04-30T08:57:03","guid":{"rendered":"https:\/\/www.justiceinfo.net\/?p=158595"},"modified":"2026-04-30T10:57:05","modified_gmt":"2026-04-30T08:57:05","slug":"comment-traiter-des-presumes-responsables-qui-ont-change-de-camp","status":"publish","type":"post","link":"https:\/\/www.justiceinfo.net\/fr\/158595-comment-traiter-des-presumes-responsables-qui-ont-change-de-camp.html","title":{"rendered":"Comment traiter des pr\u00e9sum\u00e9s responsables qui ont chang\u00e9 de camp ?"},"content":{"rendered":"\n<p>Le proc\u00e8s de l\u2019ancien gardien de prison syrien Fahd Al-Hamid s\u2019est ouvert en Allemagne, le 27 avril. Comme dans d\u2019autres dossiers, il soul\u00e8ve la question des poursuites contre ceux qui ont fait d\u00e9fection et r\u00e9v\u00e9l\u00e9 des informations cruciales.<\/p>\n\n\n\n<!--more-->\n\n\n\n<p>Il y a quinze ans, deux hommes d\u2019une trentaine d\u2019ann\u00e9es sont assis ensemble \u00e0 la caf\u00e9t\u00e9ria de la branche 251 des services secrets \u00e0 Damas. Ce sont de vieux amis, qui se connaissent depuis leur enfance dans une petite ville de la province de Deir az-Zor, dans l\u2019est de la Syrie. Tous deux sont issus de familles d\u2019agriculteurs pauvres et se sont engag\u00e9s dans l\u2019appareil de s\u00e9curit\u00e9 de l\u2019\u00c9tat apr\u00e8s le coll\u00e8ge, faute de moyens pour poursuivre leurs \u00e9tudes. Ils sont rest\u00e9s en contact au fil des ans, alors qu\u2019ils se mariaient, avaient des enfants et construisaient leur carri\u00e8re. Pendant dix ans, ils ont tous deux travaill\u00e9 comme entra\u00eeneurs sportifs pour les nouvelles recrues. En 2006, ils ont \u00e9t\u00e9 mut\u00e9s dans l\u2019un des d\u00e9partements d\u2019enqu\u00eate les plus tristement c\u00e9l\u00e8bres de Damas : la branche 251, \u00e9galement connue sous le nom de <a href=\"https:\/\/www.justiceinfo.net\/fr\/tag\/al-khatib\">Al-Khatib<\/a>. Ils ne voulaient pas de ce poste, d\u00e9clareront-ils plus tard, mais ont \u00e9t\u00e9 contraints de l\u2019accepter.<\/p>\n\n\n\n<p>Apr\u00e8s le d\u00e9but de la r\u00e9volution en 2011, l\u2019un d\u2019eux est affect\u00e9 \u00e0 une sorte de patrouille anti-\u00e9meute, charg\u00e9e de disperser les manifestations et d\u2019arr\u00eater les manifestants. L\u2019autre est gardien \u00e0 la prison de Al-Khatib. Des milliers de prisonniers politiques y seront tortur\u00e9s et beaucoup tu\u00e9s. Pendant cette p\u00e9riode, les deux amis restent en contact. De temps \u00e0 autre, ils se retrouvent \u00e0 la caf\u00e9t\u00e9ria du service, o\u00f9 ils prennent probablement une tasse de th\u00e9 ou de caf\u00e9 ensemble et discutent, tout en essayant d\u2019ignorer les cris qui proviennent des cellules souterraines et que l\u2019on pouvait entendre dans toute la cour, selon le t\u00e9moignage ult\u00e9rieur de l\u2019un d\u2019eux. Lorsqu\u2019on lui demandera s\u2019ils ont jamais parl\u00e9 de ces cris, il r\u00e9pondra : \u00ab Non, ce n\u2019\u00e9tait rien d\u2019inhabituel. \u00bb<\/p>\n\n\n\n<p>Les deux hommes n\u2019ont aucune id\u00e9e que, des ann\u00e9es plus tard, ils se retrouveront eux-m\u00eames en prison \u2013 non pas en Syrie, mais \u00e0 des milliers de kilom\u00e8tres de l\u00e0, dans l\u2019ouest de Allemagne. Tous deux seront accus\u00e9s d\u2019avoir commis ou aid\u00e9 \u00e0 commettre des crimes contre l\u2019humanit\u00e9 pendant qu\u2019ils \u00e9taient employ\u00e9s par le r\u00e9gime d\u2019Assad. L'un d'eux s'appelle <a href=\"https:\/\/www.justiceinfo.net\/fr\/44637-syrie-homme-ombre-raslan-suivre-ordres.html\">Eyad Al-Gharib<\/a>. En 2021, la Cour d'appel de Coblence <a href=\"https:\/\/www.justiceinfo.net\/fr\/74362-syrie-allemagne-retenir-premiere-condamnation-agent-regime-syrien.html\">l'a condamn\u00e9 \u00e0 quatre ans et demi de prison<\/a> pour complicit\u00e9 de crimes contre l'humanit\u00e9, dont la torture et la privation grave de libert\u00e9. Il avait arr\u00eat\u00e9 des manifestants et les avait emmen\u00e9s \u00e0 la section 251, sachant qu'ils y seraient tortur\u00e9s. Il a \u00e9t\u00e9 lib\u00e9r\u00e9 en 2025 apr\u00e8s avoir purg\u00e9 sa peine.<\/p>\n\n\n\n<p>L'autre est l'ancien gardien de prison Fahd Al-Hamid, dont le proc\u00e8s a d\u00e9but\u00e9 le lundi 27 avril 2026 devant le m\u00eame tribunal. Il risque une peine bien plus lourde, car le minist\u00e8re public l'a inculp\u00e9 de soixante-dix cas de meurtre, ainsi que de crimes contre l'humanit\u00e9 impliquant des homicides, des actes de torture et des d\u00e9tentions ill\u00e9gales. Ces deux proc\u00e8s s\u2019appuient sur le principe de la <a href=\"https:\/\/www.justiceinfo.net\/fr\/tribunaux\/competence-universelle\">comp\u00e9tence universelle<\/a>, qui permet aux \u00c9tats de poursuivre les crimes les plus graves contre le droit international, m\u00eame en l\u2019absence de lien direct avec le pays.<\/p>\n\n\n\n<h2 class=\"wp-block-heading\" id=\"h-l-histoire-d-un-transfuge\">L\u2019histoire d\u2019un transfuge<\/h2>\n\n\n\n<p>L'Allemagne a \u00e9t\u00e9 le pays le plus actif dans la poursuite des crimes de l'ancien r\u00e9gime d'Assad, et le proc\u00e8s de Fahd Al-Hamid n'est que le dernier d'une <a href=\"https:\/\/www.justiceinfo.net\/fr\/153339-justice-pour-la-syrie-qui-fait-quoi.html\">longue s\u00e9rie<\/a>. Son cas soul\u00e8ve des questions qui ont \u00e9t\u00e9 soulev\u00e9es dans bon nombre de ces dossiers au cours des derni\u00e8res ann\u00e9es : comment traiter les transfuges qui ont travaill\u00e9 pour un r\u00e9gime oppressif, mais qui ont chang\u00e9 de camp et soutenu l'opposition\u00a0?<\/p>\n\n\n\n<p>Al-Hamid a fait d\u00e9fection en 2012 et s'est enfui en Turquie avec sa famille. Les officiers qui ont fait d\u00e9fection au d\u00e9but de la r\u00e9volution l\u2019ont g\u00e9n\u00e9ralement fait par opposition au r\u00e9gime et par refus de participer \u00e0 la torture et aux meurtres massifs de civils. Lorsqu\u2019il a fait d\u00e9fection, Al-Hamid a fait sortir clandestinement des documents internes qu\u2019il a ensuite transmis au <a href=\"https:\/\/www.justiceinfo.net\/fr\/129438-catherine-marchi-uhel-resultats-mecanisme-syrie-deviennent-plus-visibles.html\">M\u00e9canisme international, impartial et ind\u00e9pendant (IIIM)<\/a>, un organe de l\u2019Onu cr\u00e9\u00e9 en 2016 pour recueillir et analyser les preuves des crimes commis en Syrie depuis 2011.<\/p>\n\n\n\n<p>L'ancien gardien de prison s'est \u00e9galement exprim\u00e9 publiquement <a href=\"https:\/\/www.aljazeera.net\/video\/revolutionrhetoric\/2015\/3\/22\/%D8%B4%D9%87%D8%A7%D8%AF%D8%A7%D8%AA-%D9%85%D8%B1%D9%88%D8%B9%D8%A9-%D8%B9%D9%84%D9%89-%D8%AA%D8%B9%D8%B0%D9%8A%D8%A8-%D9%85%D8%B9%D8%A7%D8%B1%D8%B6%D9%8A-%D8%A7%D9%84%D9%86%D8%B8%D8%A7%D9%85\">dans une interview accord\u00e9e \u00e0 Al Jazeera<\/a> en 2016, o\u00f9 il a \u00e9voqu\u00e9 ce qu'il a qualifi\u00e9 de \u00ab crimes du r\u00e9gime \u00bb. Il a d\u00e9crit des m\u00e9thodes de torture et r\u00e9v\u00e9l\u00e9 que les cadavres des d\u00e9tenus de la branche 251 \u00e9taient d'abord transport\u00e9s \u00e0 l'h\u00f4pital militaire de Harasta, puis enterr\u00e9s dans des fosses communes. Il a expliqu\u00e9 comment les m\u00e9decins l\u00e9gistes falsifiaient les certificats de d\u00e9c\u00e8s en indiquant une crise cardiaque comme cause du d\u00e9c\u00e8s et en affirmant que des tentatives de r\u00e9animation avaient \u00e9t\u00e9 men\u00e9es, sans succ\u00e8s. Ce type de certificat a depuis \u00e9t\u00e9 trouv\u00e9 gr\u00e2ce \u00e0 de nombreuses fuites et enqu\u00eates. Dans le m\u00eame temps, il s\u2019est av\u00e9r\u00e9 qu\u2019en r\u00e9alit\u00e9, des milliers de d\u00e9tenus sont morts des suites de la torture, de la famine et de maladies dues aux conditions de d\u00e9tention inhumaines.<\/p>\n\n\n\n<p>Au cours de l\u2019interview, le journaliste d\u2019Al Jazeera a demand\u00e9 directement \u00e0 Al-Hamid s\u2019il avait particip\u00e9 \u00e0 la torture des d\u00e9tenus. Al-Hamid a r\u00e9pondu qu\u2019en tant que sunnite, on ne lui faisait pas enti\u00e8rement confiance, et que seuls des officiers sp\u00e9cialis\u00e9s \u00e9taient charg\u00e9s de torturer et de tuer les d\u00e9tenus. Bien qu\u2019il soit exact que les officiers alaouites \u00e9taient souvent consid\u00e9r\u00e9s comme plus loyaux par le r\u00e9gime, il est bien document\u00e9 que des officiers sunnites ont particip\u00e9 aux mauvais traitements inflig\u00e9s aux d\u00e9tenus. Lorsqu\u2019on lui a demand\u00e9 pourquoi il n\u2019avait pas essay\u00e9 de mettre fin \u00e0 ces abus, Al-Hamid a r\u00e9pondu : \u00ab&nbsp;Si vous prononcez un seul mot, vous finirez vous-m\u00eame en prison.&nbsp;\u00bb Et, en effet, il a \u00e9t\u00e9 emprisonn\u00e9 une fois pendant deux mois, en guise de punition pour avoir fait preuve d\u2019empathie envers les prisonniers, a-t-il d\u00e9clar\u00e9.<\/p>\n\n\n\t<div class=\"ArticleNewsletterCTA\">\r\n\t\t<div class=\"ArticleNewsletterCTATitle\">Vous trouvez cet article int\u00e9ressant ?<\/div>\r\n\t\t<div class=\"ArticleNewsletterCTAText\">\r\n\t\t\t<a href=\"\/fr\/newsletter\">Inscrivez-vous maintenant \u00e0 notre newsletter<\/a> (gratuite) pour \u00eatre certain de ne pas passer \u00e0 c\u00f4t\u00e9 d'autres publications de ce type.\t\t<\/div>\r\n\t<\/div>\r\n\t\n\n\n<h2 class=\"wp-block-heading\" id=\"h-lorsque-vous-faites-defection-vous-mettez-votre-vie-en-danger\">\u00ab\u00a0Lorsque vous faites d\u00e9fection, vous mettez votre vie en danger\u00a0\u00bb<\/h2>\n\n\n\n<p>Al-Hamid a v\u00e9cu en Turquie avec sa femme et ses six enfants jusqu\u2019en 2023. Mais il est connu des autorit\u00e9s allemandes depuis de nombreuses ann\u00e9es. Lors du proc\u00e8s dit d\u2019Al-Khatib contre son ami Al-Gharib et leur sup\u00e9rieur commun <a href=\"https:\/\/www.justiceinfo.net\/fr\/tag\/anwar-raslan\">Anwar Raslan<\/a>, son nom a \u00e9t\u00e9 mentionn\u00e9 \u00e0 plusieurs reprises. Al-Gharib avait parl\u00e9 \u00e0 la police de leurs rencontres \u00e0 la caf\u00e9t\u00e9ria, et les autorit\u00e9s allemandes avaient re\u00e7u des informations sur Al-Hamid de la part de l\u2019IIIM.<\/p>\n\n\n\n<p>De plus, le t\u00e9moin et co-plaignant Hassan Mahmoud a d\u00e9clar\u00e9, lors du proc\u00e8s Al-Khatib en octobre 2020, qu\u2019il avait contact\u00e9 Al-Hamid en 2016 apr\u00e8s avoir vu son interview sur Al Jazeera. \u00ab&nbsp;\u00c0 la t\u00e9l\u00e9vision, il a dit qu\u2019il avait les noms des personnes d\u00e9c\u00e9d\u00e9es dans la branche 251. Je l\u2019ai contact\u00e9 et lui ai demand\u00e9 de rechercher mon fr\u00e8re.&nbsp;\u00bb Le fr\u00e8re de Mahmoud, Hayan, \u00e9tait port\u00e9 disparu depuis 2012. Il fait partie des milliers de personnes qui ont disparu dans les cellules du r\u00e9gime et ne sont jamais revenues. Al-Hamid avait emport\u00e9 des documents avec lui lorsqu\u2019il a fait d\u00e9fection. \u00c0 la demande de Mahmoud, il a parcouru une liste de d\u00e9tenus d\u00e9c\u00e9d\u00e9s et a pu confirmer la mort de son fr\u00e8re. La liste a \u00e9t\u00e9 pr\u00e9sent\u00e9e comme preuve dans la salle d\u2019audience de Coblence.<\/p>\n\n\n\n<p>Selon le t\u00e9moin, Al-Hamid lui a dit au cours de leur conversation qu\u2019\u00ab&nbsp;apr\u00e8s qu\u2019une personne a fait d\u00e9fection, tout ce qu\u2019elle a fait auparavant doit \u00eatre oubli\u00e9&nbsp;\u00bb. Quelques ann\u00e9es plus tard, il nous a fait une remarque similaire, lors d\u2019un entretien apr\u00e8s la condamnation de son ami Al-Gharib, d\u00e9but 2021. Il a d\u00e9clar\u00e9 que \u00ab&nbsp;ce jugement criminalise toute personne qui fait d\u00e9fection et t\u00e9moigne contre le r\u00e9gime&nbsp;\u00bb.<\/p>\n\n\n\n<p>Al-Hamid a \u00e9galement \u00e9t\u00e9 interview\u00e9 <a href=\"https:\/\/75podcasts.org\/episode\/2\/9\/\">dans un podcast<\/a> sur la couverture du proc\u00e8s d\u2019Al-Khatib. Il y a d\u00e9clar\u00e9 : \u00ab Il s\u2019agit d\u2019une injustice \u00e0 l\u2019encontre d\u2019Eyad Al-Gharib. Il a \u00e9t\u00e9 l\u2019un des premiers \u00e0 faire d\u00e9fection, et il a aid\u00e9 des gens. Il n\u2019a pas accept\u00e9 de faire partie de cette machine \u00e0 tuer, et il en a souffert. S\u2019il avait \u00e9t\u00e9 captur\u00e9 pendant sa d\u00e9fection ou avant d\u2019atteindre un lieu s\u00fbr, il aurait \u00e9t\u00e9 ex\u00e9cut\u00e9. Lorsque vous faites d\u00e9fection, vous mettez votre vie en danger, celle de vos enfants et de votre famille.&nbsp;\u00bb<\/p>\n\n\n\n<h2 class=\"wp-block-heading\" id=\"h-heros-ou-auteurs-de-crimes-qui-s-incriminent-eux-memes\">H\u00e9ros ou auteurs de crimes qui s\u2019incriminent eux-m\u00eames ?<\/h2>\n\n\n\n<p>Ce qu\u2019il a dit \u00e0 l\u2019\u00e9poque pour d\u00e9fendre son ami appara\u00eet plus personnel maintenant qu\u2019il se trouve lui-m\u00eame dans le box. Lors des premiers jours de son proc\u00e8s, il est rest\u00e9 silencieux. Mais d\u2019apr\u00e8s toutes les d\u00e9clarations qu\u2019il a faites ces derni\u00e8res ann\u00e9es, il est clair qu\u2019il se consid\u00e8re, ainsi que les autres transfuges, comme \u00e9tant du bon c\u00f4t\u00e9 de l\u2019histoire.<\/p>\n\n\n\n<p>Et en effet, les transfuges ont \u00e9t\u00e9 c\u00e9l\u00e9br\u00e9s comme des h\u00e9ros au d\u00e9but de la r\u00e9volution syrienne. Leur changement de camp \u00e9tait important \u00e0 l\u2019\u00e9poque pour affaiblir le pouvoir du r\u00e9gime et pour fournir des informations de l\u2019int\u00e9rieur du syst\u00e8me\u00a0: des documents, des noms de d\u00e9tenus, des d\u00e9tails sur les crimes du r\u00e9gime. Les t\u00e9moignages et les documents des transfuges ont jou\u00e9 un r\u00f4le dans tous les proc\u00e8s relevant de la comp\u00e9tence universelle. Mais dans plusieurs cas, les transfuges se sont \u00e9galement incrimin\u00e9s en partageant ces informations, notamment <a href=\"https:\/\/www.justiceinfo.net\/fr\/44206-ils-se-sentaient-trop-en-securite-comment-deux-agents-syriens-se-retrouvent-en-proces-en-allemagne.html\">Al-Gharib et Raslan<\/a>.<\/p>\n\n\n\n<p>La m\u00eame chose s\u2019est produite en 2023 lors d\u2019un proc\u00e8s relevant de la comp\u00e9tence universelle qui traitait <a href=\"https:\/\/www.justiceinfo.net\/fr\/125130-bai-lowe-reparer-irreparable.html\">de l\u2019ancien r\u00e9gime gambien<\/a> et du membre d\u2019une milice devenu lanceur d\u2019alerte. Ces proc\u00e8s <a href=\"https:\/\/www.spiegel.de\/international\/world\/witness-defendant-deserter-case-in-germany-raises-questions-about-how-to-try-assad-s-atrocities-a-43d2817e-d85b-4378-b158-0c5001c345eb\">ont soulev\u00e9 la question<\/a> de savoir si les membres de l\u2019arm\u00e9e ou des services secrets seraient dissuad\u00e9s de faire d\u00e9fection et de partager des informations cruciales s\u2019ils risquaient des poursuites. Simultan\u00e9ment, de nombreux Syriens ont fait valoir que les crimes du pass\u00e9 ne peuvent \u00eatre pardonn\u00e9s simplement parce qu\u2019une personne a chang\u00e9 de camp.<\/p>\n\n\n\n<p>Ce qui reste obscur, c\u2019est la raison pour laquelle Al-Hamid a d\u00e9cid\u00e9 de s\u2019installer en Allemagne avec sa famille en 2023, rejoignant son fils a\u00een\u00e9 dans le cadre du regroupement familial. Apr\u00e8s tout, il avait vu ce qui \u00e9tait arriv\u00e9 \u00e0 son ami Al-Gharib et savait qu\u2019il avait un pass\u00e9 similaire dont il avait parl\u00e9 ouvertement \u00e0 plusieurs reprises. Bien qu\u2019il ait ni\u00e9 avoir particip\u00e9 \u00e0 des actes de torture lors d\u2019entretiens publics ou devant l\u2019IIIM, il a d\u00fb r\u00e9v\u00e9ler son r\u00f4le \u00e0 un moment donn\u00e9 \u2013 probablement apr\u00e8s 2023, car il est peu probable que les autorit\u00e9s allemandes aient approuv\u00e9 sa demande de regroupement familial si elles avaient d\u00e9j\u00e0 ouvert une enqu\u00eate \u00e0 son encontre. Des jours d\u2019audience ont \u00e9t\u00e9 fix\u00e9s chaque semaine jusqu\u2019en juillet.<\/p>\n\n\n<div class=\"articleLink articleLink--editorRecommanded articleLink--textInImage articleLink--textTop\" style=\"\">\r\n\t\t\t\t\t\r\n\t\t\t<div class=\"articleLinkSurTitle\">Recommand\u00e9 par la r\u00e9daction<\/div>\r\n\t\t\t<a class=\"articleLinkImageLink\" href=\"https:\/\/www.justiceinfo.net\/fr\/158507-aujourdhui-debut-premier-proces-justice-transitionnelle-syrie.html\"><div class=\"articleLinkImageContainer \"><img loading=\"lazy\" decoding=\"async\" width=\"540\" height=\"360\" src=\"https:\/\/www.justiceinfo.net\/wp-content\/uploads\/Syria_Atif-Najib-trial-transitional-justice_big_@Karam-Amer-Justice-Info-540x360.jpg\" class=\"articleLinkImage backgroundImageTag w-100 wp-post-image\" alt=\"Premier proc\u00e8s de justice transitionnelle en Syrie. Photo : Atef Najib (ancien haut dignitaire du r\u00e9gime de Bachar al-Assad), en habits ray\u00e9s de prisonnier et cr\u00e2ne ras\u00e9, se tient debout dans son box, derri\u00e8re des barreaux.\" srcset=\"https:\/\/www.justiceinfo.net\/wp-content\/uploads\/Syria_Atif-Najib-trial-transitional-justice_big_@Karam-Amer-Justice-Info-540x360.jpg 540w, https:\/\/www.justiceinfo.net\/wp-content\/uploads\/Syria_Atif-Najib-trial-transitional-justice_big_@Karam-Amer-Justice-Info-1536x1022.jpg 1536w, https:\/\/www.justiceinfo.net\/wp-content\/uploads\/Syria_Atif-Najib-trial-transitional-justice_big_@Karam-Amer-Justice-Info-1000x666.jpg 1000w, https:\/\/www.justiceinfo.net\/wp-content\/uploads\/Syria_Atif-Najib-trial-transitional-justice_big_@Karam-Amer-Justice-Info-1110x739.jpg 1110w, https:\/\/www.justiceinfo.net\/wp-content\/uploads\/Syria_Atif-Najib-trial-transitional-justice_big_@Karam-Amer-Justice-Info.jpg 1920w\" sizes=\"auto, (max-width: 540px) 100vw, 540px\" \/><\/div><\/a>\r\n\t\t\t<a href=\"https:\/\/www.justiceinfo.net\/fr\/158507-aujourdhui-debut-premier-proces-justice-transitionnelle-syrie.html\" class=\"articleLinkTitle articleLinkTitle--default\">\r\n\t\t\t\u00ab\u00a0Aujourd\u2019hui marque le d\u00e9but du premier proc\u00e8s de justice transitionnelle en Syrie\u00a0\u00bb\r\n\t\t<\/a>\r\n\t\t\r\n\t\t\t\t<\/div>","protected":false},"excerpt":{"rendered":"<p>Le proc\u00e8s de l\u2019ancien gardien de prison syrien Fahd Al-Hamid s\u2019est ouvert en Allemagne, le 27 avril. Comme dans d\u2019autres dossiers, il soul\u00e8ve la question des poursuites contre ceux qui ont fait d\u00e9fection et r\u00e9v\u00e9l\u00e9 des informations cruciales.<\/p>\n","protected":false},"author":83,"featured_media":158600,"comment_status":"open","ping_status":"closed","sticky":false,"template":"","format":"standard","meta":{"_acf_changed":false,"footnotes":""},"categories":[2800],"tags":[2686,2638],"ji_location":[2238,2498],"class_list":["post-158595","post","type-post","status-publish","format-standard","has-post-thumbnail","hentry","category-competence-universelle","tag-al-khatib","tag-torture","ji_location-allemagne","ji_location-syrie"],"acf":[],"yoast_head":"<!-- This site is optimized with the Yoast SEO Premium plugin v25.3.1 (Yoast SEO v25.3.1) - https:\/\/yoast.com\/wordpress\/plugins\/seo\/ -->\n<title>Syrie : comment traiter des pr\u00e9sum\u00e9s responsables qui ont chang\u00e9 de camp ?<\/title>\n<meta name=\"description\" content=\"Le proc\u00e8s de l\u2019ancien gardien de prison syrien Fahd Al-Hamid s\u2019est ouvert en Allemagne, le 27 avril. Comme dans d\u2019autres dossiers, il soul\u00e8ve la question des poursuites contre ceux qui ont fait d\u00e9fection et r\u00e9v\u00e9l\u00e9 des informations cruciales.\" \/>\n<meta name=\"robots\" content=\"index, follow, max-snippet:-1, max-image-preview:large, max-video-preview:-1\" \/>\n<link rel=\"canonical\" href=\"https:\/\/www.justiceinfo.net\/fr\/158595-comment-traiter-des-presumes-responsables-qui-ont-change-de-camp.html\" \/>\n<meta property=\"og:locale\" content=\"fr_FR\" \/>\n<meta property=\"og:type\" content=\"article\" \/>\n<meta property=\"og:title\" content=\"Syrie : comment traiter des pr\u00e9sum\u00e9s responsables qui ont chang\u00e9 de camp ?\" \/>\n<meta property=\"og:description\" content=\"Le proc\u00e8s de l\u2019ancien gardien de prison syrien Fahd Al-Hamid s\u2019est ouvert en Allemagne, le 27 avril. Comme dans d\u2019autres dossiers, il soul\u00e8ve la question des poursuites contre ceux qui ont fait d\u00e9fection et r\u00e9v\u00e9l\u00e9 des informations cruciales.\" \/>\n<meta property=\"og:url\" content=\"https:\/\/www.justiceinfo.net\/fr\/158595-comment-traiter-des-presumes-responsables-qui-ont-change-de-camp.html\" \/>\n<meta property=\"og:site_name\" content=\"JusticeInfo.net\" \/>\n<meta property=\"article:publisher\" content=\"https:\/\/www.facebook.com\/JusticeInfo\/\" \/>\n<meta property=\"article:published_time\" content=\"2026-04-30T08:57:03+00:00\" \/>\n<meta property=\"article:modified_time\" content=\"2026-04-30T08:57:05+00:00\" \/>\n<meta property=\"og:image\" content=\"https:\/\/www.justiceinfo.net\/wp-content\/uploads\/Syria_Branch-251-Al-Khatib-prison-cell_@Louai-Beshara-AFP.jpg\" \/>\n\t<meta property=\"og:image:width\" content=\"1200\" \/>\n\t<meta property=\"og:image:height\" content=\"800\" \/>\n\t<meta property=\"og:image:type\" content=\"image\/jpeg\" \/>\n<meta name=\"author\" content=\"Hannah El-Hitami\" \/>\n<meta name=\"twitter:card\" content=\"summary_large_image\" \/>\n<meta name=\"twitter:title\" content=\"Comment traiter des pr\u00e9sum\u00e9s responsables qui ont chang\u00e9 de camp ?\" \/>\n<meta name=\"twitter:creator\" content=\"@justiceinfonet\" \/>\n<meta name=\"twitter:site\" content=\"@justiceinfonet\" \/>\n<meta name=\"twitter:label1\" content=\"\u00c9crit par\" \/>\n\t<meta name=\"twitter:data1\" content=\"Hannah El-Hitami\" \/>\n\t<meta name=\"twitter:label2\" content=\"Dur\u00e9e de lecture estim\u00e9e\" \/>\n\t<meta name=\"twitter:data2\" content=\"10 minutes\" \/>\n<script type=\"application\/ld+json\" class=\"yoast-schema-graph\">{\"@context\":\"https:\/\/schema.org\",\"@graph\":[{\"@type\":\"NewsArticle\",\"@id\":\"https:\/\/www.justiceinfo.net\/fr\/158595-comment-traiter-des-presumes-responsables-qui-ont-change-de-camp.html#article\",\"isPartOf\":{\"@id\":\"https:\/\/www.justiceinfo.net\/fr\/158595-comment-traiter-des-presumes-responsables-qui-ont-change-de-camp.html\"},\"author\":{\"name\":\"Hannah El-Hitami\",\"@id\":\"https:\/\/www.justiceinfo.net\/fr#\/schema\/person\/7e6d6d2f1c00766f198a636dfe98837c\"},\"headline\":\"Comment traiter des pr\u00e9sum\u00e9s responsables qui ont chang\u00e9 de camp ?\",\"datePublished\":\"2026-04-30T08:57:03+00:00\",\"dateModified\":\"2026-04-30T08:57:05+00:00\",\"mainEntityOfPage\":{\"@id\":\"https:\/\/www.justiceinfo.net\/fr\/158595-comment-traiter-des-presumes-responsables-qui-ont-change-de-camp.html\"},\"wordCount\":2020,\"commentCount\":0,\"publisher\":{\"@id\":\"https:\/\/www.justiceinfo.net\/fr#organization\"},\"image\":{\"@id\":\"https:\/\/www.justiceinfo.net\/fr\/158595-comment-traiter-des-presumes-responsables-qui-ont-change-de-camp.html#primaryimage\"},\"thumbnailUrl\":\"https:\/\/www.justiceinfo.net\/wp-content\/uploads\/Syria_Branch-251-Al-Khatib-prison-cell_@Louai-Beshara-AFP.jpg\",\"keywords\":[\"Al-Khatib\",\"torture\"],\"articleSection\":[\"Comp\u00e9tence universelle\"],\"inLanguage\":\"fr-FR\",\"potentialAction\":[{\"@type\":\"CommentAction\",\"name\":\"Comment\",\"target\":[\"https:\/\/www.justiceinfo.net\/fr\/158595-comment-traiter-des-presumes-responsables-qui-ont-change-de-camp.html#respond\"]}]},{\"@type\":\"WebPage\",\"@id\":\"https:\/\/www.justiceinfo.net\/fr\/158595-comment-traiter-des-presumes-responsables-qui-ont-change-de-camp.html\",\"url\":\"https:\/\/www.justiceinfo.net\/fr\/158595-comment-traiter-des-presumes-responsables-qui-ont-change-de-camp.html\",\"name\":\"Syrie : comment traiter des pr\u00e9sum\u00e9s responsables qui ont chang\u00e9 de camp ?\",\"isPartOf\":{\"@id\":\"https:\/\/www.justiceinfo.net\/fr#website\"},\"primaryImageOfPage\":{\"@id\":\"https:\/\/www.justiceinfo.net\/fr\/158595-comment-traiter-des-presumes-responsables-qui-ont-change-de-camp.html#primaryimage\"},\"image\":{\"@id\":\"https:\/\/www.justiceinfo.net\/fr\/158595-comment-traiter-des-presumes-responsables-qui-ont-change-de-camp.html#primaryimage\"},\"thumbnailUrl\":\"https:\/\/www.justiceinfo.net\/wp-content\/uploads\/Syria_Branch-251-Al-Khatib-prison-cell_@Louai-Beshara-AFP.jpg\",\"datePublished\":\"2026-04-30T08:57:03+00:00\",\"dateModified\":\"2026-04-30T08:57:05+00:00\",\"description\":\"Le proc\u00e8s de l\u2019ancien gardien de prison syrien Fahd Al-Hamid s\u2019est ouvert en Allemagne, le 27 avril. Comme dans d\u2019autres dossiers, il soul\u00e8ve la question des poursuites contre ceux qui ont fait d\u00e9fection et r\u00e9v\u00e9l\u00e9 des informations cruciales.\",\"breadcrumb\":{\"@id\":\"https:\/\/www.justiceinfo.net\/fr\/158595-comment-traiter-des-presumes-responsables-qui-ont-change-de-camp.html#breadcrumb\"},\"inLanguage\":\"fr-FR\",\"potentialAction\":[{\"@type\":\"ReadAction\",\"target\":[\"https:\/\/www.justiceinfo.net\/fr\/158595-comment-traiter-des-presumes-responsables-qui-ont-change-de-camp.html\"]}]},{\"@type\":\"ImageObject\",\"inLanguage\":\"fr-FR\",\"@id\":\"https:\/\/www.justiceinfo.net\/fr\/158595-comment-traiter-des-presumes-responsables-qui-ont-change-de-camp.html#primaryimage\",\"url\":\"https:\/\/www.justiceinfo.net\/wp-content\/uploads\/Syria_Branch-251-Al-Khatib-prison-cell_@Louai-Beshara-AFP.jpg\",\"contentUrl\":\"https:\/\/www.justiceinfo.net\/wp-content\/uploads\/Syria_Branch-251-Al-Khatib-prison-cell_@Louai-Beshara-AFP.jpg\",\"width\":1200,\"height\":800,\"caption\":\"Des inscriptions sur les murs d'une cellule de la section 251 de la Direction g\u00e9n\u00e9rale des renseignements syriens, \u00e9galement connue sous le nom de branche Al-Khatib, \u00e0 Damas, la capitale, le 25 d\u00e9cembre 2024. Photo : \u00a9 Louai Beshara \/ AFP\"},{\"@type\":\"BreadcrumbList\",\"@id\":\"https:\/\/www.justiceinfo.net\/fr\/158595-comment-traiter-des-presumes-responsables-qui-ont-change-de-camp.html#breadcrumb\",\"itemListElement\":[{\"@type\":\"ListItem\",\"position\":1,\"name\":\"Home\",\"item\":\"https:\/\/www.justiceinfo.net\/fr\"},{\"@type\":\"ListItem\",\"position\":2,\"name\":\"Comment traiter des pr\u00e9sum\u00e9s responsables qui ont chang\u00e9 de camp ?\"}]},{\"@type\":\"WebSite\",\"@id\":\"https:\/\/www.justiceinfo.net\/fr#website\",\"url\":\"https:\/\/www.justiceinfo.net\/fr\",\"name\":\"JusticeInfo.net\",\"description\":\"La justice doit \u00eatre vue pour \u00eatre rendue\",\"publisher\":{\"@id\":\"https:\/\/www.justiceinfo.net\/fr#organization\"},\"potentialAction\":[{\"@type\":\"SearchAction\",\"target\":{\"@type\":\"EntryPoint\",\"urlTemplate\":\"https:\/\/www.justiceinfo.net\/fr?s={search_term_string}\"},\"query-input\":{\"@type\":\"PropertyValueSpecification\",\"valueRequired\":true,\"valueName\":\"search_term_string\"}}],\"inLanguage\":\"fr-FR\"},{\"@type\":\"Organization\",\"@id\":\"https:\/\/www.justiceinfo.net\/fr#organization\",\"name\":\"Justice Info\",\"url\":\"https:\/\/www.justiceinfo.net\/fr\",\"logo\":{\"@type\":\"ImageObject\",\"inLanguage\":\"fr-FR\",\"@id\":\"https:\/\/www.justiceinfo.net\/fr#\/schema\/logo\/image\/\",\"url\":\"https:\/\/www.justiceinfo.net\/wp-content\/uploads\/justiceinfo_logo-trans_1200x1200px.png\",\"contentUrl\":\"https:\/\/www.justiceinfo.net\/wp-content\/uploads\/justiceinfo_logo-trans_1200x1200px.png\",\"width\":1199,\"height\":1200,\"caption\":\"Justice Info\"},\"image\":{\"@id\":\"https:\/\/www.justiceinfo.net\/fr#\/schema\/logo\/image\/\"},\"sameAs\":[\"https:\/\/www.facebook.com\/JusticeInfo\/\",\"https:\/\/x.com\/justiceinfonet\",\"https:\/\/www.linkedin.com\/company\/justice-info\",\"https:\/\/www.youtube.com\/channel\/UCyCEsARodyuWtkWyhn-e7pA\"]},{\"@type\":\"Person\",\"name\":\"Hannah El-Hitami\",\"sameAs\":[\"https:\/\/www.linkedin.com\/in\/hannah-el-hitami-0604662a9\/\"],\"url\":\"https:\/\/www.justiceinfo.net\/fr\/auteur\/helhitami\"}]}<\/script>\n<!-- \/ Yoast SEO Premium plugin. -->","yoast_head_json":{"title":"Syrie : comment traiter des pr\u00e9sum\u00e9s responsables qui ont chang\u00e9 de camp ?","description":"Le proc\u00e8s de l\u2019ancien gardien de prison syrien Fahd Al-Hamid s\u2019est ouvert en Allemagne, le 27 avril. Comme dans d\u2019autres dossiers, il soul\u00e8ve la question des poursuites contre ceux qui ont fait d\u00e9fection et r\u00e9v\u00e9l\u00e9 des informations cruciales.","robots":{"index":"index","follow":"follow","max-snippet":"max-snippet:-1","max-image-preview":"max-image-preview:large","max-video-preview":"max-video-preview:-1"},"canonical":"https:\/\/www.justiceinfo.net\/fr\/158595-comment-traiter-des-presumes-responsables-qui-ont-change-de-camp.html","og_locale":"fr_FR","og_type":"article","og_title":"Syrie : comment traiter des pr\u00e9sum\u00e9s responsables qui ont chang\u00e9 de camp ?","og_description":"Le proc\u00e8s de l\u2019ancien gardien de prison syrien Fahd Al-Hamid s\u2019est ouvert en Allemagne, le 27 avril. Comme dans d\u2019autres dossiers, il soul\u00e8ve la question des poursuites contre ceux qui ont fait d\u00e9fection et r\u00e9v\u00e9l\u00e9 des informations cruciales.","og_url":"https:\/\/www.justiceinfo.net\/fr\/158595-comment-traiter-des-presumes-responsables-qui-ont-change-de-camp.html","og_site_name":"JusticeInfo.net","article_publisher":"https:\/\/www.facebook.com\/JusticeInfo\/","article_published_time":"2026-04-30T08:57:03+00:00","article_modified_time":"2026-04-30T08:57:05+00:00","og_image":[{"width":1200,"height":800,"url":"https:\/\/www.justiceinfo.net\/wp-content\/uploads\/Syria_Branch-251-Al-Khatib-prison-cell_@Louai-Beshara-AFP.jpg","type":"image\/jpeg"}],"author":"Hannah El-Hitami","twitter_card":"summary_large_image","twitter_title":"Comment traiter des pr\u00e9sum\u00e9s responsables qui ont chang\u00e9 de camp ?","twitter_creator":"@justiceinfonet","twitter_site":"@justiceinfonet","twitter_misc":{"\u00c9crit par":"Hannah El-Hitami","Dur\u00e9e de lecture estim\u00e9e":"10 minutes"},"schema":{"@context":"https:\/\/schema.org","@graph":[{"@type":"NewsArticle","@id":"https:\/\/www.justiceinfo.net\/fr\/158595-comment-traiter-des-presumes-responsables-qui-ont-change-de-camp.html#article","isPartOf":{"@id":"https:\/\/www.justiceinfo.net\/fr\/158595-comment-traiter-des-presumes-responsables-qui-ont-change-de-camp.html"},"author":{"name":"Hannah El-Hitami","@id":"https:\/\/www.justiceinfo.net\/fr#\/schema\/person\/7e6d6d2f1c00766f198a636dfe98837c"},"headline":"Comment traiter des pr\u00e9sum\u00e9s responsables qui ont chang\u00e9 de camp ?","datePublished":"2026-04-30T08:57:03+00:00","dateModified":"2026-04-30T08:57:05+00:00","mainEntityOfPage":{"@id":"https:\/\/www.justiceinfo.net\/fr\/158595-comment-traiter-des-presumes-responsables-qui-ont-change-de-camp.html"},"wordCount":2020,"commentCount":0,"publisher":{"@id":"https:\/\/www.justiceinfo.net\/fr#organization"},"image":{"@id":"https:\/\/www.justiceinfo.net\/fr\/158595-comment-traiter-des-presumes-responsables-qui-ont-change-de-camp.html#primaryimage"},"thumbnailUrl":"https:\/\/www.justiceinfo.net\/wp-content\/uploads\/Syria_Branch-251-Al-Khatib-prison-cell_@Louai-Beshara-AFP.jpg","keywords":["Al-Khatib","torture"],"articleSection":["Comp\u00e9tence universelle"],"inLanguage":"fr-FR","potentialAction":[{"@type":"CommentAction","name":"Comment","target":["https:\/\/www.justiceinfo.net\/fr\/158595-comment-traiter-des-presumes-responsables-qui-ont-change-de-camp.html#respond"]}]},{"@type":"WebPage","@id":"https:\/\/www.justiceinfo.net\/fr\/158595-comment-traiter-des-presumes-responsables-qui-ont-change-de-camp.html","url":"https:\/\/www.justiceinfo.net\/fr\/158595-comment-traiter-des-presumes-responsables-qui-ont-change-de-camp.html","name":"Syrie : comment traiter des pr\u00e9sum\u00e9s responsables qui ont chang\u00e9 de camp ?","isPartOf":{"@id":"https:\/\/www.justiceinfo.net\/fr#website"},"primaryImageOfPage":{"@id":"https:\/\/www.justiceinfo.net\/fr\/158595-comment-traiter-des-presumes-responsables-qui-ont-change-de-camp.html#primaryimage"},"image":{"@id":"https:\/\/www.justiceinfo.net\/fr\/158595-comment-traiter-des-presumes-responsables-qui-ont-change-de-camp.html#primaryimage"},"thumbnailUrl":"https:\/\/www.justiceinfo.net\/wp-content\/uploads\/Syria_Branch-251-Al-Khatib-prison-cell_@Louai-Beshara-AFP.jpg","datePublished":"2026-04-30T08:57:03+00:00","dateModified":"2026-04-30T08:57:05+00:00","description":"Le proc\u00e8s de l\u2019ancien gardien de prison syrien Fahd Al-Hamid s\u2019est ouvert en Allemagne, le 27 avril. Comme dans d\u2019autres dossiers, il soul\u00e8ve la question des poursuites contre ceux qui ont fait d\u00e9fection et r\u00e9v\u00e9l\u00e9 des informations cruciales.","breadcrumb":{"@id":"https:\/\/www.justiceinfo.net\/fr\/158595-comment-traiter-des-presumes-responsables-qui-ont-change-de-camp.html#breadcrumb"},"inLanguage":"fr-FR","potentialAction":[{"@type":"ReadAction","target":["https:\/\/www.justiceinfo.net\/fr\/158595-comment-traiter-des-presumes-responsables-qui-ont-change-de-camp.html"]}]},{"@type":"ImageObject","inLanguage":"fr-FR","@id":"https:\/\/www.justiceinfo.net\/fr\/158595-comment-traiter-des-presumes-responsables-qui-ont-change-de-camp.html#primaryimage","url":"https:\/\/www.justiceinfo.net\/wp-content\/uploads\/Syria_Branch-251-Al-Khatib-prison-cell_@Louai-Beshara-AFP.jpg","contentUrl":"https:\/\/www.justiceinfo.net\/wp-content\/uploads\/Syria_Branch-251-Al-Khatib-prison-cell_@Louai-Beshara-AFP.jpg","width":1200,"height":800,"caption":"Des inscriptions sur les murs d'une cellule de la section 251 de la Direction g\u00e9n\u00e9rale des renseignements syriens, \u00e9galement connue sous le nom de branche Al-Khatib, \u00e0 Damas, la capitale, le 25 d\u00e9cembre 2024. Photo : \u00a9 Louai Beshara \/ AFP"},{"@type":"BreadcrumbList","@id":"https:\/\/www.justiceinfo.net\/fr\/158595-comment-traiter-des-presumes-responsables-qui-ont-change-de-camp.html#breadcrumb","itemListElement":[{"@type":"ListItem","position":1,"name":"Home","item":"https:\/\/www.justiceinfo.net\/fr"},{"@type":"ListItem","position":2,"name":"Comment traiter des pr\u00e9sum\u00e9s responsables qui ont chang\u00e9 de camp ?"}]},{"@type":"WebSite","@id":"https:\/\/www.justiceinfo.net\/fr#website","url":"https:\/\/www.justiceinfo.net\/fr","name":"JusticeInfo.net","description":"La justice doit \u00eatre vue pour \u00eatre rendue","publisher":{"@id":"https:\/\/www.justiceinfo.net\/fr#organization"},"potentialAction":[{"@type":"SearchAction","target":{"@type":"EntryPoint","urlTemplate":"https:\/\/www.justiceinfo.net\/fr?s={search_term_string}"},"query-input":{"@type":"PropertyValueSpecification","valueRequired":true,"valueName":"search_term_string"}}],"inLanguage":"fr-FR"},{"@type":"Organization","@id":"https:\/\/www.justiceinfo.net\/fr#organization","name":"Justice Info","url":"https:\/\/www.justiceinfo.net\/fr","logo":{"@type":"ImageObject","inLanguage":"fr-FR","@id":"https:\/\/www.justiceinfo.net\/fr#\/schema\/logo\/image\/","url":"https:\/\/www.justiceinfo.net\/wp-content\/uploads\/justiceinfo_logo-trans_1200x1200px.png","contentUrl":"https:\/\/www.justiceinfo.net\/wp-content\/uploads\/justiceinfo_logo-trans_1200x1200px.png","width":1199,"height":1200,"caption":"Justice Info"},"image":{"@id":"https:\/\/www.justiceinfo.net\/fr#\/schema\/logo\/image\/"},"sameAs":["https:\/\/www.facebook.com\/JusticeInfo\/","https:\/\/x.com\/justiceinfonet","https:\/\/www.linkedin.com\/company\/justice-info","https:\/\/www.youtube.com\/channel\/UCyCEsARodyuWtkWyhn-e7pA"]},{"@type":"Person","name":"Hannah El-Hitami","sameAs":["https:\/\/www.linkedin.com\/in\/hannah-el-hitami-0604662a9\/"],"url":"https:\/\/www.justiceinfo.net\/fr\/auteur\/helhitami"}]}},"_links":{"self":[{"href":"https:\/\/www.justiceinfo.net\/fr\/wp-json\/wp\/v2\/posts\/158595","targetHints":{"allow":["GET"]}}],"collection":[{"href":"https:\/\/www.justiceinfo.net\/fr\/wp-json\/wp\/v2\/posts"}],"about":[{"href":"https:\/\/www.justiceinfo.net\/fr\/wp-json\/wp\/v2\/types\/post"}],"author":[{"embeddable":true,"href":"https:\/\/www.justiceinfo.net\/fr\/wp-json\/wp\/v2\/users\/83"}],"replies":[{"embeddable":true,"href":"https:\/\/www.justiceinfo.net\/fr\/wp-json\/wp\/v2\/comments?post=158595"}],"version-history":[{"count":2,"href":"https:\/\/www.justiceinfo.net\/fr\/wp-json\/wp\/v2\/posts\/158595\/revisions"}],"predecessor-version":[{"id":158599,"href":"https:\/\/www.justiceinfo.net\/fr\/wp-json\/wp\/v2\/posts\/158595\/revisions\/158599"}],"wp:featuredmedia":[{"embeddable":true,"href":"https:\/\/www.justiceinfo.net\/fr\/wp-json\/wp\/v2\/media\/158600"}],"wp:attachment":[{"href":"https:\/\/www.justiceinfo.net\/fr\/wp-json\/wp\/v2\/media?parent=158595"}],"wp:term":[{"taxonomy":"category","embeddable":true,"href":"https:\/\/www.justiceinfo.net\/fr\/wp-json\/wp\/v2\/categories?post=158595"},{"taxonomy":"post_tag","embeddable":true,"href":"https:\/\/www.justiceinfo.net\/fr\/wp-json\/wp\/v2\/tags?post=158595"},{"taxonomy":"ji_location","embeddable":true,"href":"https:\/\/www.justiceinfo.net\/fr\/wp-json\/wp\/v2\/ji_location?post=158595"}],"curies":[{"name":"wp","href":"https:\/\/api.w.org\/{rel}","templated":true}]}}