{"id":158616,"date":"2026-04-30T07:58:02","date_gmt":"2026-04-30T05:58:02","guid":{"rendered":"https:\/\/www.justiceinfo.net\/158616-cpi-la-defense-de-rodrigo-duterte-veut-faire-appel-de-la-confirmation-des-accusations-le-visant.html"},"modified":"2026-04-30T07:58:02","modified_gmt":"2026-04-30T05:58:02","slug":"cpi-la-defense-de-rodrigo-duterte-veut-faire-appel-de-la-confirmation-des-accusations-le-visant","status":"publish","type":"post","link":"https:\/\/www.justiceinfo.net\/fr\/158616-cpi-la-defense-de-rodrigo-duterte-veut-faire-appel-de-la-confirmation-des-accusations-le-visant.html","title":{"rendered":"CPI: la d\u00e9fense de Rodrigo Duterte veut faire appel de la confirmation des accusations le visant"},"content":{"rendered":"<p>\n             La d\u00e9fense de Rodrigo Duterte a plac\u00e9 une demande aupr\u00e8s de la Cour p\u00e9nale internationale (CPI) pour faire appel de la d\u00e9cision de confirmation des chefs d'accusations qui ouvre la voie \u00e0 un proc\u00e8s visant l'ancien pr\u00e9sident philippin, a annonc\u00e9 jeudi la CPI.\n<\/p>\n<p>\n            La CPI, qui si\u00e8ge \u00e0 La Haye, a confirm\u00e9 la semaine derni\u00e8re les chefs d'accusations de crimes contre l'humanit\u00e9 \u00e0 l'encontre de l'ex-dirigeant philippin, pr\u00e9sum\u00e9ment commis pendant sa \"guerre contre la drogue\".\n<\/p>\n<p>\n            Les procureurs ont inculp\u00e9 l'ancien homme fort de Manille, \u00e2g\u00e9 de 81 ans, de trois chefs d'accusation pour crimes contre l'humanit\u00e9, lui reprochant d'\u00eatre impliqu\u00e9 dans au moins 76 meurtres li\u00e9s \u00e0 sa \"guerre contre la drogue\" qui aurait fait plusieurs milliers de victimes.\n<\/p>\n<p>\n            A la suite d'une semaine d'audience en f\u00e9vrier, les juges de la phase pr\u00e9liminaire ont conclu qu'il existait \"des motifs s\u00e9rieux de croire\" que M. Duterte est responsable de ces crimes.\n<\/p>\n<p>\n            La d\u00e9fense reproche \u00e0 la chambre pr\u00e9liminaire de la Cour d'avoir adopt\u00e9 \"une approche +flexible+ inadmissible dans la formulation des chefs d'accusation\" et de ne pas avoir expos\u00e9 de preuves justifiant dans le fond la confirmation des charges.\n<\/p>\n<p>\n            M. Duterte sera le premier ancien chef d'Etat asiatique \u00e0 compara\u00eetre devant la CPI, qui juge les individus pour les crimes les plus graves au monde, tels que les crimes de guerre et les crimes contre l'humanit\u00e9.\n<\/p>\n<p>\n            Si la CPI a d\u00e9j\u00e0 annonc\u00e9 avoir constitu\u00e9 un coll\u00e8ge de trois juges, il faudra cependant probablement attendre plusieurs mois avant que le proc\u00e8s ne d\u00e9bute.<\/p>\n","protected":false},"excerpt":{"rendered":"<p>La d\u00e9fense de Rodrigo Duterte a plac\u00e9 une demande aupr\u00e8s de la Cour p\u00e9nale internationale (CPI) pour faire appel de la d\u00e9cision de confirmation des chefs d'accusations qui ouvre la voie \u00e0 un proc\u00e8s visant l'ancien pr\u00e9sident philippin, a annonc\u00e9 jeudi la CPI. La CPI, qui si\u00e8ge \u00e0 La Haye, a confirm\u00e9 la semaine derni\u00e8re [&hellip;]<\/p>\n","protected":false},"author":60,"featured_media":0,"comment_status":"open","ping_status":"closed","sticky":false,"template":"","format":"standard","meta":{"_acf_changed":false,"footnotes":""},"categories":[2576],"tags":[],"ji_location":[],"class_list":["post-158616","post","type-post","status-publish","format-standard","hentry","category-fil-d-actualite"],"acf":[],"yoast_head":"<!-- This site is optimized with the Yoast SEO Premium plugin v25.3.1 (Yoast SEO v25.3.1) - https:\/\/yoast.com\/wordpress\/plugins\/seo\/ -->\n<title>CPI: la d\u00e9fense de Rodrigo Duterte veut faire appel de la confirmation des accusations le visant - JusticeInfo.net<\/title>\n<meta name=\"robots\" content=\"index, follow, max-snippet:-1, max-image-preview:large, max-video-preview:-1\" \/>\n<link rel=\"canonical\" href=\"https:\/\/www.justiceinfo.net\/fr\/158616-cpi-la-defense-de-rodrigo-duterte-veut-faire-appel-de-la-confirmation-des-accusations-le-visant.html\" \/>\n<meta property=\"og:locale\" content=\"fr_FR\" \/>\n<meta property=\"og:type\" content=\"article\" \/>\n<meta property=\"og:title\" content=\"CPI: la d\u00e9fense de Rodrigo Duterte veut faire appel de la confirmation des accusations le visant\" \/>\n<meta property=\"og:description\" content=\"La d\u00e9fense de Rodrigo Duterte a plac\u00e9 une demande aupr\u00e8s de la Cour p\u00e9nale internationale (CPI) pour faire appel de la d\u00e9cision de confirmation des chefs d&#039;accusations qui ouvre la voie \u00e0 un proc\u00e8s visant l&#039;ancien pr\u00e9sident philippin, a annonc\u00e9 jeudi la CPI. La CPI, qui si\u00e8ge \u00e0 La Haye, a confirm\u00e9 la semaine derni\u00e8re [&hellip;]\" \/>\n<meta property=\"og:url\" content=\"https:\/\/www.justiceinfo.net\/fr\/158616-cpi-la-defense-de-rodrigo-duterte-veut-faire-appel-de-la-confirmation-des-accusations-le-visant.html\" \/>\n<meta property=\"og:site_name\" content=\"JusticeInfo.net\" \/>\n<meta property=\"article:publisher\" content=\"https:\/\/www.facebook.com\/JusticeInfo\/\" \/>\n<meta property=\"article:published_time\" content=\"2026-04-30T05:58:02+00:00\" \/>\n<meta property=\"og:image\" content=\"https:\/\/www.justiceinfo.net\/wp-content\/uploads\/JusticeInfoNet_logo_1200x630px.jpg\" \/>\n\t<meta property=\"og:image:width\" content=\"1200\" \/>\n\t<meta property=\"og:image:height\" content=\"630\" \/>\n\t<meta property=\"og:image:type\" content=\"image\/jpeg\" \/>\n<meta name=\"author\" content=\"afp\" \/>\n<meta name=\"twitter:card\" content=\"summary_large_image\" \/>\n<meta name=\"twitter:creator\" content=\"@justiceinfonet\" \/>\n<meta name=\"twitter:site\" content=\"@justiceinfonet\" \/>\n<meta name=\"twitter:label1\" content=\"\u00c9crit par\" \/>\n\t<meta name=\"twitter:data1\" content=\"afp\" \/>\n\t<meta name=\"twitter:label2\" content=\"Dur\u00e9e de lecture estim\u00e9e\" \/>\n\t<meta name=\"twitter:data2\" content=\"1 minute\" \/>\n<script type=\"application\/ld+json\" class=\"yoast-schema-graph\">{\"@context\":\"https:\/\/schema.org\",\"@graph\":[{\"@type\":\"NewsArticle\",\"@id\":\"https:\/\/www.justiceinfo.net\/fr\/158616-cpi-la-defense-de-rodrigo-duterte-veut-faire-appel-de-la-confirmation-des-accusations-le-visant.html#article\",\"isPartOf\":{\"@id\":\"https:\/\/www.justiceinfo.net\/fr\/158616-cpi-la-defense-de-rodrigo-duterte-veut-faire-appel-de-la-confirmation-des-accusations-le-visant.html\"},\"author\":{\"name\":\"afp\",\"@id\":\"https:\/\/www.justiceinfo.net\/fr#\/schema\/person\/713d340ef5f218fc36ce9b4244364a7f\"},\"headline\":\"CPI: la d\u00e9fense de Rodrigo Duterte veut faire appel de la confirmation des accusations le visant\",\"datePublished\":\"2026-04-30T05:58:02+00:00\",\"mainEntityOfPage\":{\"@id\":\"https:\/\/www.justiceinfo.net\/fr\/158616-cpi-la-defense-de-rodrigo-duterte-veut-faire-appel-de-la-confirmation-des-accusations-le-visant.html\"},\"wordCount\":298,\"commentCount\":0,\"publisher\":{\"@id\":\"https:\/\/www.justiceinfo.net\/fr#organization\"},\"articleSection\":[\"Fil d'info AFP\"],\"inLanguage\":\"fr-FR\",\"potentialAction\":[{\"@type\":\"CommentAction\",\"name\":\"Comment\",\"target\":[\"https:\/\/www.justiceinfo.net\/fr\/158616-cpi-la-defense-de-rodrigo-duterte-veut-faire-appel-de-la-confirmation-des-accusations-le-visant.html#respond\"]}]},{\"@type\":\"WebPage\",\"@id\":\"https:\/\/www.justiceinfo.net\/fr\/158616-cpi-la-defense-de-rodrigo-duterte-veut-faire-appel-de-la-confirmation-des-accusations-le-visant.html\",\"url\":\"https:\/\/www.justiceinfo.net\/fr\/158616-cpi-la-defense-de-rodrigo-duterte-veut-faire-appel-de-la-confirmation-des-accusations-le-visant.html\",\"name\":\"CPI: la d\u00e9fense de Rodrigo Duterte veut faire appel de la confirmation des accusations le visant - JusticeInfo.net\",\"isPartOf\":{\"@id\":\"https:\/\/www.justiceinfo.net\/fr#website\"},\"datePublished\":\"2026-04-30T05:58:02+00:00\",\"breadcrumb\":{\"@id\":\"https:\/\/www.justiceinfo.net\/fr\/158616-cpi-la-defense-de-rodrigo-duterte-veut-faire-appel-de-la-confirmation-des-accusations-le-visant.html#breadcrumb\"},\"inLanguage\":\"fr-FR\",\"potentialAction\":[{\"@type\":\"ReadAction\",\"target\":[\"https:\/\/www.justiceinfo.net\/fr\/158616-cpi-la-defense-de-rodrigo-duterte-veut-faire-appel-de-la-confirmation-des-accusations-le-visant.html\"]}]},{\"@type\":\"BreadcrumbList\",\"@id\":\"https:\/\/www.justiceinfo.net\/fr\/158616-cpi-la-defense-de-rodrigo-duterte-veut-faire-appel-de-la-confirmation-des-accusations-le-visant.html#breadcrumb\",\"itemListElement\":[{\"@type\":\"ListItem\",\"position\":1,\"name\":\"Home\",\"item\":\"https:\/\/www.justiceinfo.net\/fr\"},{\"@type\":\"ListItem\",\"position\":2,\"name\":\"CPI: la d\u00e9fense de Rodrigo Duterte veut faire appel de la confirmation des accusations le visant\"}]},{\"@type\":\"WebSite\",\"@id\":\"https:\/\/www.justiceinfo.net\/fr#website\",\"url\":\"https:\/\/www.justiceinfo.net\/fr\",\"name\":\"JusticeInfo.net\",\"description\":\"La justice doit \u00eatre vue pour \u00eatre rendue\",\"publisher\":{\"@id\":\"https:\/\/www.justiceinfo.net\/fr#organization\"},\"potentialAction\":[{\"@type\":\"SearchAction\",\"target\":{\"@type\":\"EntryPoint\",\"urlTemplate\":\"https:\/\/www.justiceinfo.net\/fr?s={search_term_string}\"},\"query-input\":{\"@type\":\"PropertyValueSpecification\",\"valueRequired\":true,\"valueName\":\"search_term_string\"}}],\"inLanguage\":\"fr-FR\"},{\"@type\":\"Organization\",\"@id\":\"https:\/\/www.justiceinfo.net\/fr#organization\",\"name\":\"Justice Info\",\"url\":\"https:\/\/www.justiceinfo.net\/fr\",\"logo\":{\"@type\":\"ImageObject\",\"inLanguage\":\"fr-FR\",\"@id\":\"https:\/\/www.justiceinfo.net\/fr#\/schema\/logo\/image\/\",\"url\":\"https:\/\/www.justiceinfo.net\/wp-content\/uploads\/justiceinfo_logo-trans_1200x1200px.png\",\"contentUrl\":\"https:\/\/www.justiceinfo.net\/wp-content\/uploads\/justiceinfo_logo-trans_1200x1200px.png\",\"width\":1199,\"height\":1200,\"caption\":\"Justice Info\"},\"image\":{\"@id\":\"https:\/\/www.justiceinfo.net\/fr#\/schema\/logo\/image\/\"},\"sameAs\":[\"https:\/\/www.facebook.com\/JusticeInfo\/\",\"https:\/\/x.com\/justiceinfonet\",\"https:\/\/www.linkedin.com\/company\/justice-info\",\"https:\/\/www.youtube.com\/channel\/UCyCEsARodyuWtkWyhn-e7pA\"]},{\"@type\":\"Person\",\"name\":\"afp\",\"url\":\"\/fr\/?s=afp\"}]}<\/script>\n<!-- \/ Yoast SEO Premium plugin. -->","yoast_head_json":{"title":"CPI: la d\u00e9fense de Rodrigo Duterte veut faire appel de la confirmation des accusations le visant - JusticeInfo.net","robots":{"index":"index","follow":"follow","max-snippet":"max-snippet:-1","max-image-preview":"max-image-preview:large","max-video-preview":"max-video-preview:-1"},"canonical":"https:\/\/www.justiceinfo.net\/fr\/158616-cpi-la-defense-de-rodrigo-duterte-veut-faire-appel-de-la-confirmation-des-accusations-le-visant.html","og_locale":"fr_FR","og_type":"article","og_title":"CPI: la d\u00e9fense de Rodrigo Duterte veut faire appel de la confirmation des accusations le visant","og_description":"La d\u00e9fense de Rodrigo Duterte a plac\u00e9 une demande aupr\u00e8s de la Cour p\u00e9nale internationale (CPI) pour faire appel de la d\u00e9cision de confirmation des chefs d'accusations qui ouvre la voie \u00e0 un proc\u00e8s visant l'ancien pr\u00e9sident philippin, a annonc\u00e9 jeudi la CPI. La CPI, qui si\u00e8ge \u00e0 La Haye, a confirm\u00e9 la semaine derni\u00e8re [&hellip;]","og_url":"https:\/\/www.justiceinfo.net\/fr\/158616-cpi-la-defense-de-rodrigo-duterte-veut-faire-appel-de-la-confirmation-des-accusations-le-visant.html","og_site_name":"JusticeInfo.net","article_publisher":"https:\/\/www.facebook.com\/JusticeInfo\/","article_published_time":"2026-04-30T05:58:02+00:00","og_image":[{"width":1200,"height":630,"url":"https:\/\/www.justiceinfo.net\/wp-content\/uploads\/JusticeInfoNet_logo_1200x630px.jpg","type":"image\/jpeg"}],"author":"afp","twitter_card":"summary_large_image","twitter_creator":"@justiceinfonet","twitter_site":"@justiceinfonet","twitter_misc":{"\u00c9crit par":"afp","Dur\u00e9e de lecture estim\u00e9e":"1 minute"},"schema":{"@context":"https:\/\/schema.org","@graph":[{"@type":"NewsArticle","@id":"https:\/\/www.justiceinfo.net\/fr\/158616-cpi-la-defense-de-rodrigo-duterte-veut-faire-appel-de-la-confirmation-des-accusations-le-visant.html#article","isPartOf":{"@id":"https:\/\/www.justiceinfo.net\/fr\/158616-cpi-la-defense-de-rodrigo-duterte-veut-faire-appel-de-la-confirmation-des-accusations-le-visant.html"},"author":{"name":"afp","@id":"https:\/\/www.justiceinfo.net\/fr#\/schema\/person\/713d340ef5f218fc36ce9b4244364a7f"},"headline":"CPI: la d\u00e9fense de Rodrigo Duterte veut faire appel de la confirmation des accusations le visant","datePublished":"2026-04-30T05:58:02+00:00","mainEntityOfPage":{"@id":"https:\/\/www.justiceinfo.net\/fr\/158616-cpi-la-defense-de-rodrigo-duterte-veut-faire-appel-de-la-confirmation-des-accusations-le-visant.html"},"wordCount":298,"commentCount":0,"publisher":{"@id":"https:\/\/www.justiceinfo.net\/fr#organization"},"articleSection":["Fil d'info AFP"],"inLanguage":"fr-FR","potentialAction":[{"@type":"CommentAction","name":"Comment","target":["https:\/\/www.justiceinfo.net\/fr\/158616-cpi-la-defense-de-rodrigo-duterte-veut-faire-appel-de-la-confirmation-des-accusations-le-visant.html#respond"]}]},{"@type":"WebPage","@id":"https:\/\/www.justiceinfo.net\/fr\/158616-cpi-la-defense-de-rodrigo-duterte-veut-faire-appel-de-la-confirmation-des-accusations-le-visant.html","url":"https:\/\/www.justiceinfo.net\/fr\/158616-cpi-la-defense-de-rodrigo-duterte-veut-faire-appel-de-la-confirmation-des-accusations-le-visant.html","name":"CPI: la d\u00e9fense de Rodrigo Duterte veut faire appel de la confirmation des accusations le visant - JusticeInfo.net","isPartOf":{"@id":"https:\/\/www.justiceinfo.net\/fr#website"},"datePublished":"2026-04-30T05:58:02+00:00","breadcrumb":{"@id":"https:\/\/www.justiceinfo.net\/fr\/158616-cpi-la-defense-de-rodrigo-duterte-veut-faire-appel-de-la-confirmation-des-accusations-le-visant.html#breadcrumb"},"inLanguage":"fr-FR","potentialAction":[{"@type":"ReadAction","target":["https:\/\/www.justiceinfo.net\/fr\/158616-cpi-la-defense-de-rodrigo-duterte-veut-faire-appel-de-la-confirmation-des-accusations-le-visant.html"]}]},{"@type":"BreadcrumbList","@id":"https:\/\/www.justiceinfo.net\/fr\/158616-cpi-la-defense-de-rodrigo-duterte-veut-faire-appel-de-la-confirmation-des-accusations-le-visant.html#breadcrumb","itemListElement":[{"@type":"ListItem","position":1,"name":"Home","item":"https:\/\/www.justiceinfo.net\/fr"},{"@type":"ListItem","position":2,"name":"CPI: la d\u00e9fense de Rodrigo Duterte veut faire appel de la confirmation des accusations le visant"}]},{"@type":"WebSite","@id":"https:\/\/www.justiceinfo.net\/fr#website","url":"https:\/\/www.justiceinfo.net\/fr","name":"JusticeInfo.net","description":"La justice doit \u00eatre vue pour \u00eatre rendue","publisher":{"@id":"https:\/\/www.justiceinfo.net\/fr#organization"},"potentialAction":[{"@type":"SearchAction","target":{"@type":"EntryPoint","urlTemplate":"https:\/\/www.justiceinfo.net\/fr?s={search_term_string}"},"query-input":{"@type":"PropertyValueSpecification","valueRequired":true,"valueName":"search_term_string"}}],"inLanguage":"fr-FR"},{"@type":"Organization","@id":"https:\/\/www.justiceinfo.net\/fr#organization","name":"Justice Info","url":"https:\/\/www.justiceinfo.net\/fr","logo":{"@type":"ImageObject","inLanguage":"fr-FR","@id":"https:\/\/www.justiceinfo.net\/fr#\/schema\/logo\/image\/","url":"https:\/\/www.justiceinfo.net\/wp-content\/uploads\/justiceinfo_logo-trans_1200x1200px.png","contentUrl":"https:\/\/www.justiceinfo.net\/wp-content\/uploads\/justiceinfo_logo-trans_1200x1200px.png","width":1199,"height":1200,"caption":"Justice Info"},"image":{"@id":"https:\/\/www.justiceinfo.net\/fr#\/schema\/logo\/image\/"},"sameAs":["https:\/\/www.facebook.com\/JusticeInfo\/","https:\/\/x.com\/justiceinfonet","https:\/\/www.linkedin.com\/company\/justice-info","https:\/\/www.youtube.com\/channel\/UCyCEsARodyuWtkWyhn-e7pA"]},{"@type":"Person","name":"afp","url":"\/fr\/?s=afp"}]}},"_links":{"self":[{"href":"https:\/\/www.justiceinfo.net\/fr\/wp-json\/wp\/v2\/posts\/158616","targetHints":{"allow":["GET"]}}],"collection":[{"href":"https:\/\/www.justiceinfo.net\/fr\/wp-json\/wp\/v2\/posts"}],"about":[{"href":"https:\/\/www.justiceinfo.net\/fr\/wp-json\/wp\/v2\/types\/post"}],"author":[{"embeddable":true,"href":"https:\/\/www.justiceinfo.net\/fr\/wp-json\/wp\/v2\/users\/60"}],"replies":[{"embeddable":true,"href":"https:\/\/www.justiceinfo.net\/fr\/wp-json\/wp\/v2\/comments?post=158616"}],"version-history":[{"count":0,"href":"https:\/\/www.justiceinfo.net\/fr\/wp-json\/wp\/v2\/posts\/158616\/revisions"}],"wp:attachment":[{"href":"https:\/\/www.justiceinfo.net\/fr\/wp-json\/wp\/v2\/media?parent=158616"}],"wp:term":[{"taxonomy":"category","embeddable":true,"href":"https:\/\/www.justiceinfo.net\/fr\/wp-json\/wp\/v2\/categories?post=158616"},{"taxonomy":"post_tag","embeddable":true,"href":"https:\/\/www.justiceinfo.net\/fr\/wp-json\/wp\/v2\/tags?post=158616"},{"taxonomy":"ji_location","embeddable":true,"href":"https:\/\/www.justiceinfo.net\/fr\/wp-json\/wp\/v2\/ji_location?post=158616"}],"curies":[{"name":"wp","href":"https:\/\/api.w.org\/{rel}","templated":true}]}}