{"id":158620,"date":"2026-04-30T08:58:03","date_gmt":"2026-04-30T06:58:03","guid":{"rendered":"https:\/\/www.justiceinfo.net\/158620-la-chroniqueuse-barbara-lefebvre-devant-la-justice-en-septembre-pour-des-propos-sur-gaza.html"},"modified":"2026-04-30T08:58:03","modified_gmt":"2026-04-30T06:58:03","slug":"la-chroniqueuse-barbara-lefebvre-devant-la-justice-en-septembre-pour-des-propos-sur-gaza","status":"publish","type":"post","link":"https:\/\/www.justiceinfo.net\/fr\/158620-la-chroniqueuse-barbara-lefebvre-devant-la-justice-en-septembre-pour-des-propos-sur-gaza.html","title":{"rendered":"La chroniqueuse Barbara Lefebvre devant la justice en septembre pour des propos sur Gaza"},"content":{"rendered":"<p>\n             Barbara Lefebvre, chroniqueuse notamment pour RMC, est convoqu\u00e9e en septembre devant la justice pour apologie de crime contre l'humanit\u00e9, apr\u00e8s avoir appel\u00e9 \u00e0 \"vider la bande de Gaza\" sur la cha\u00eene i24 News, a-t-on appris jeudi aupr\u00e8s de son avocat, quelques semaines apr\u00e8s une premi\u00e8re condamnation pour injure publique.\n<\/p>\n<p>\n            L'enseignante et essayiste \"conteste cette qualification\", a d\u00e9clar\u00e9 Me Michel Laval, confirmant une information du Parisien.\n<\/p>\n<p>\n            Barbara Lefebvre doit compara\u00eetre le 23 septembre devant la 17e chambre correctionnelle de Paris \u00e9galement pour provocation \u00e0 la haine raciale pour ces m\u00eames propos.\n<\/p>\n<p>\n            Sur le r\u00e9seau social LinkedIn, l'int\u00e9ress\u00e9e s'est d\u00e9fendue mercredi: \"\u00eatre +renvoy\u00e9e+ devant une cour ne fait de vous ni un coupable, ni un condamn\u00e9, ni un d\u00e9linquant (de la parole)\".\n<\/p>\n<p>\n            En f\u00e9vrier 2025, elle avait affirm\u00e9 sur la cha\u00eene d'information bas\u00e9e en Isra\u00ebl i24 News qu'il fallait \"vider Gaza\", comme le proposait le pr\u00e9sident am\u00e9ricain Donald Trump.\n<\/p>\n<p>\n            \"Il faut que ces gens-l\u00e0 aillent vivre ailleurs\", avait-elle ajout\u00e9.\n<\/p>\n<p>\n            Dans une \"mise au point\" publi\u00e9e sur le site de la cha\u00eene internationale, Barbara Lefebvre avait assur\u00e9 peu apr\u00e8s que \"vider Gaza\" ne \"signifie en rien exterminer les Palestiniens\".\n<\/p>\n<p>\n            Mi-avril, la chroniqueuse a \u00e9t\u00e9 condamn\u00e9e \u00e0 une amende de 1.000 euros pour injure publique par le tribunal correctionnel de Paris, pour des propos sur les gens du voyage tenus sur la radio RMC et la cha\u00eene RMC Story en 2024. Elle a fait appel de ce jugement.\n<\/p>\n<p>\n            \"Non, ils n'ont pas les codes d'une soci\u00e9t\u00e9 civilis\u00e9e. Alors ils vivent selon leurs r\u00e8gles. Les gens du voyage, les machins\", avait-elle d\u00e9clar\u00e9 dans l'\u00e9mission \"Les Grandes gueules\".\n<\/p>\n<p>\n            Partie civile, l'association SOS Racisme s'est f\u00e9licit\u00e9e du rappel par le tribunal que \"ces d\u00e9clarations contribuent \u00e0 nourrir des pr\u00e9jug\u00e9s profond\u00e9ment ancr\u00e9s et donc un racisme qui ne doit pas avoir de place dans le d\u00e9bat public\".\n<\/p>\n<p>\n            Comme apr\u00e8s la s\u00e9quence sur i24 News, les syndicats SNJ et CGT de RMC BFM ont demand\u00e9 son retrait de l'antenne. \"Le caract\u00e8re haineux de ses propos ainsi que la d\u00e9sinformation\" ne font \"aucun doute\", selon eux.\n<\/p>\n<p>\n            RMC avait alors indiqu\u00e9 que \"d'un commun accord\", Barbara Lefebvre suspendait \"temporairement sa participation\" aux \"Grandes gueules\". Elle doit y revenir en mai.\n<\/p>\n<p>\n            A cette occasion, le groupe RMC BFM avait r\u00e9affirm\u00e9 \"son engagement dans la lutte contre toutes les formes de discriminations\", et rappel\u00e9 \u00e9galement \"son attachement au respect\" de \"la pr\u00e9somption d'innocence\".\n<\/p>\n<p>\n            reb\/jlo\/fio\n<\/p>\n<p>\n            LINKEDIN CORPORATION<\/p>\n","protected":false},"excerpt":{"rendered":"<p>Barbara Lefebvre, chroniqueuse notamment pour RMC, est convoqu\u00e9e en septembre devant la justice pour apologie de crime contre l'humanit\u00e9, apr\u00e8s avoir appel\u00e9 \u00e0 \"vider la bande de Gaza\" sur la cha\u00eene i24 News, a-t-on appris jeudi aupr\u00e8s de son avocat, quelques semaines apr\u00e8s une premi\u00e8re condamnation pour injure publique. L'enseignante et essayiste \"conteste cette qualification\", [&hellip;]<\/p>\n","protected":false},"author":60,"featured_media":0,"comment_status":"open","ping_status":"closed","sticky":false,"template":"","format":"standard","meta":{"_acf_changed":false,"footnotes":""},"categories":[2576],"tags":[],"ji_location":[],"class_list":["post-158620","post","type-post","status-publish","format-standard","hentry","category-fil-d-actualite"],"acf":[],"yoast_head":"<!-- This site is optimized with the Yoast SEO Premium plugin v25.3.1 (Yoast SEO v25.3.1) - https:\/\/yoast.com\/wordpress\/plugins\/seo\/ -->\n<title>La chroniqueuse Barbara Lefebvre devant la justice en septembre pour des propos sur Gaza - JusticeInfo.net<\/title>\n<meta name=\"robots\" content=\"index, follow, max-snippet:-1, max-image-preview:large, max-video-preview:-1\" \/>\n<link rel=\"canonical\" href=\"https:\/\/www.justiceinfo.net\/fr\/158620-la-chroniqueuse-barbara-lefebvre-devant-la-justice-en-septembre-pour-des-propos-sur-gaza.html\" \/>\n<meta property=\"og:locale\" content=\"fr_FR\" \/>\n<meta property=\"og:type\" content=\"article\" \/>\n<meta property=\"og:title\" content=\"La chroniqueuse Barbara Lefebvre devant la justice en septembre pour des propos sur Gaza\" \/>\n<meta property=\"og:description\" content=\"Barbara Lefebvre, chroniqueuse notamment pour RMC, est convoqu\u00e9e en septembre devant la justice pour apologie de crime contre l&#039;humanit\u00e9, apr\u00e8s avoir appel\u00e9 \u00e0 &quot;vider la bande de Gaza&quot; sur la cha\u00eene i24 News, a-t-on appris jeudi aupr\u00e8s de son avocat, quelques semaines apr\u00e8s une premi\u00e8re condamnation pour injure publique. L&#039;enseignante et essayiste &quot;conteste cette qualification&quot;, [&hellip;]\" \/>\n<meta property=\"og:url\" content=\"https:\/\/www.justiceinfo.net\/fr\/158620-la-chroniqueuse-barbara-lefebvre-devant-la-justice-en-septembre-pour-des-propos-sur-gaza.html\" \/>\n<meta property=\"og:site_name\" content=\"JusticeInfo.net\" \/>\n<meta property=\"article:publisher\" content=\"https:\/\/www.facebook.com\/JusticeInfo\/\" \/>\n<meta property=\"article:published_time\" content=\"2026-04-30T06:58:03+00:00\" \/>\n<meta property=\"og:image\" content=\"https:\/\/www.justiceinfo.net\/wp-content\/uploads\/JusticeInfoNet_logo_1200x630px.jpg\" \/>\n\t<meta property=\"og:image:width\" content=\"1200\" \/>\n\t<meta property=\"og:image:height\" content=\"630\" \/>\n\t<meta property=\"og:image:type\" content=\"image\/jpeg\" \/>\n<meta name=\"author\" content=\"afp\" \/>\n<meta name=\"twitter:card\" content=\"summary_large_image\" \/>\n<meta name=\"twitter:creator\" content=\"@justiceinfonet\" \/>\n<meta name=\"twitter:site\" content=\"@justiceinfonet\" \/>\n<meta name=\"twitter:label1\" content=\"\u00c9crit par\" \/>\n\t<meta name=\"twitter:data1\" content=\"afp\" \/>\n\t<meta name=\"twitter:label2\" content=\"Dur\u00e9e de lecture estim\u00e9e\" \/>\n\t<meta name=\"twitter:data2\" content=\"2 minutes\" \/>\n<script type=\"application\/ld+json\" class=\"yoast-schema-graph\">{\"@context\":\"https:\/\/schema.org\",\"@graph\":[{\"@type\":\"NewsArticle\",\"@id\":\"https:\/\/www.justiceinfo.net\/fr\/158620-la-chroniqueuse-barbara-lefebvre-devant-la-justice-en-septembre-pour-des-propos-sur-gaza.html#article\",\"isPartOf\":{\"@id\":\"https:\/\/www.justiceinfo.net\/fr\/158620-la-chroniqueuse-barbara-lefebvre-devant-la-justice-en-septembre-pour-des-propos-sur-gaza.html\"},\"author\":{\"name\":\"afp\",\"@id\":\"https:\/\/www.justiceinfo.net\/fr#\/schema\/person\/713d340ef5f218fc36ce9b4244364a7f\"},\"headline\":\"La chroniqueuse Barbara Lefebvre devant la justice en septembre pour des propos sur Gaza\",\"datePublished\":\"2026-04-30T06:58:03+00:00\",\"mainEntityOfPage\":{\"@id\":\"https:\/\/www.justiceinfo.net\/fr\/158620-la-chroniqueuse-barbara-lefebvre-devant-la-justice-en-septembre-pour-des-propos-sur-gaza.html\"},\"wordCount\":459,\"commentCount\":0,\"publisher\":{\"@id\":\"https:\/\/www.justiceinfo.net\/fr#organization\"},\"articleSection\":[\"Fil d'info AFP\"],\"inLanguage\":\"fr-FR\",\"potentialAction\":[{\"@type\":\"CommentAction\",\"name\":\"Comment\",\"target\":[\"https:\/\/www.justiceinfo.net\/fr\/158620-la-chroniqueuse-barbara-lefebvre-devant-la-justice-en-septembre-pour-des-propos-sur-gaza.html#respond\"]}]},{\"@type\":\"WebPage\",\"@id\":\"https:\/\/www.justiceinfo.net\/fr\/158620-la-chroniqueuse-barbara-lefebvre-devant-la-justice-en-septembre-pour-des-propos-sur-gaza.html\",\"url\":\"https:\/\/www.justiceinfo.net\/fr\/158620-la-chroniqueuse-barbara-lefebvre-devant-la-justice-en-septembre-pour-des-propos-sur-gaza.html\",\"name\":\"La chroniqueuse Barbara Lefebvre devant la justice en septembre pour des propos sur Gaza - JusticeInfo.net\",\"isPartOf\":{\"@id\":\"https:\/\/www.justiceinfo.net\/fr#website\"},\"datePublished\":\"2026-04-30T06:58:03+00:00\",\"breadcrumb\":{\"@id\":\"https:\/\/www.justiceinfo.net\/fr\/158620-la-chroniqueuse-barbara-lefebvre-devant-la-justice-en-septembre-pour-des-propos-sur-gaza.html#breadcrumb\"},\"inLanguage\":\"fr-FR\",\"potentialAction\":[{\"@type\":\"ReadAction\",\"target\":[\"https:\/\/www.justiceinfo.net\/fr\/158620-la-chroniqueuse-barbara-lefebvre-devant-la-justice-en-septembre-pour-des-propos-sur-gaza.html\"]}]},{\"@type\":\"BreadcrumbList\",\"@id\":\"https:\/\/www.justiceinfo.net\/fr\/158620-la-chroniqueuse-barbara-lefebvre-devant-la-justice-en-septembre-pour-des-propos-sur-gaza.html#breadcrumb\",\"itemListElement\":[{\"@type\":\"ListItem\",\"position\":1,\"name\":\"Home\",\"item\":\"https:\/\/www.justiceinfo.net\/fr\"},{\"@type\":\"ListItem\",\"position\":2,\"name\":\"La chroniqueuse Barbara Lefebvre devant la justice en septembre pour des propos sur Gaza\"}]},{\"@type\":\"WebSite\",\"@id\":\"https:\/\/www.justiceinfo.net\/fr#website\",\"url\":\"https:\/\/www.justiceinfo.net\/fr\",\"name\":\"JusticeInfo.net\",\"description\":\"La justice doit \u00eatre vue pour \u00eatre rendue\",\"publisher\":{\"@id\":\"https:\/\/www.justiceinfo.net\/fr#organization\"},\"potentialAction\":[{\"@type\":\"SearchAction\",\"target\":{\"@type\":\"EntryPoint\",\"urlTemplate\":\"https:\/\/www.justiceinfo.net\/fr?s={search_term_string}\"},\"query-input\":{\"@type\":\"PropertyValueSpecification\",\"valueRequired\":true,\"valueName\":\"search_term_string\"}}],\"inLanguage\":\"fr-FR\"},{\"@type\":\"Organization\",\"@id\":\"https:\/\/www.justiceinfo.net\/fr#organization\",\"name\":\"Justice Info\",\"url\":\"https:\/\/www.justiceinfo.net\/fr\",\"logo\":{\"@type\":\"ImageObject\",\"inLanguage\":\"fr-FR\",\"@id\":\"https:\/\/www.justiceinfo.net\/fr#\/schema\/logo\/image\/\",\"url\":\"https:\/\/www.justiceinfo.net\/wp-content\/uploads\/justiceinfo_logo-trans_1200x1200px.png\",\"contentUrl\":\"https:\/\/www.justiceinfo.net\/wp-content\/uploads\/justiceinfo_logo-trans_1200x1200px.png\",\"width\":1199,\"height\":1200,\"caption\":\"Justice Info\"},\"image\":{\"@id\":\"https:\/\/www.justiceinfo.net\/fr#\/schema\/logo\/image\/\"},\"sameAs\":[\"https:\/\/www.facebook.com\/JusticeInfo\/\",\"https:\/\/x.com\/justiceinfonet\",\"https:\/\/www.linkedin.com\/company\/justice-info\",\"https:\/\/www.youtube.com\/channel\/UCyCEsARodyuWtkWyhn-e7pA\"]},{\"@type\":\"Person\",\"name\":\"afp\",\"url\":\"\/fr\/?s=afp\"}]}<\/script>\n<!-- \/ Yoast SEO Premium plugin. -->","yoast_head_json":{"title":"La chroniqueuse Barbara Lefebvre devant la justice en septembre pour des propos sur Gaza - JusticeInfo.net","robots":{"index":"index","follow":"follow","max-snippet":"max-snippet:-1","max-image-preview":"max-image-preview:large","max-video-preview":"max-video-preview:-1"},"canonical":"https:\/\/www.justiceinfo.net\/fr\/158620-la-chroniqueuse-barbara-lefebvre-devant-la-justice-en-septembre-pour-des-propos-sur-gaza.html","og_locale":"fr_FR","og_type":"article","og_title":"La chroniqueuse Barbara Lefebvre devant la justice en septembre pour des propos sur Gaza","og_description":"Barbara Lefebvre, chroniqueuse notamment pour RMC, est convoqu\u00e9e en septembre devant la justice pour apologie de crime contre l'humanit\u00e9, apr\u00e8s avoir appel\u00e9 \u00e0 \"vider la bande de Gaza\" sur la cha\u00eene i24 News, a-t-on appris jeudi aupr\u00e8s de son avocat, quelques semaines apr\u00e8s une premi\u00e8re condamnation pour injure publique. L'enseignante et essayiste \"conteste cette qualification\", [&hellip;]","og_url":"https:\/\/www.justiceinfo.net\/fr\/158620-la-chroniqueuse-barbara-lefebvre-devant-la-justice-en-septembre-pour-des-propos-sur-gaza.html","og_site_name":"JusticeInfo.net","article_publisher":"https:\/\/www.facebook.com\/JusticeInfo\/","article_published_time":"2026-04-30T06:58:03+00:00","og_image":[{"width":1200,"height":630,"url":"https:\/\/www.justiceinfo.net\/wp-content\/uploads\/JusticeInfoNet_logo_1200x630px.jpg","type":"image\/jpeg"}],"author":"afp","twitter_card":"summary_large_image","twitter_creator":"@justiceinfonet","twitter_site":"@justiceinfonet","twitter_misc":{"\u00c9crit par":"afp","Dur\u00e9e de lecture estim\u00e9e":"2 minutes"},"schema":{"@context":"https:\/\/schema.org","@graph":[{"@type":"NewsArticle","@id":"https:\/\/www.justiceinfo.net\/fr\/158620-la-chroniqueuse-barbara-lefebvre-devant-la-justice-en-septembre-pour-des-propos-sur-gaza.html#article","isPartOf":{"@id":"https:\/\/www.justiceinfo.net\/fr\/158620-la-chroniqueuse-barbara-lefebvre-devant-la-justice-en-septembre-pour-des-propos-sur-gaza.html"},"author":{"name":"afp","@id":"https:\/\/www.justiceinfo.net\/fr#\/schema\/person\/713d340ef5f218fc36ce9b4244364a7f"},"headline":"La chroniqueuse Barbara Lefebvre devant la justice en septembre pour des propos sur Gaza","datePublished":"2026-04-30T06:58:03+00:00","mainEntityOfPage":{"@id":"https:\/\/www.justiceinfo.net\/fr\/158620-la-chroniqueuse-barbara-lefebvre-devant-la-justice-en-septembre-pour-des-propos-sur-gaza.html"},"wordCount":459,"commentCount":0,"publisher":{"@id":"https:\/\/www.justiceinfo.net\/fr#organization"},"articleSection":["Fil d'info AFP"],"inLanguage":"fr-FR","potentialAction":[{"@type":"CommentAction","name":"Comment","target":["https:\/\/www.justiceinfo.net\/fr\/158620-la-chroniqueuse-barbara-lefebvre-devant-la-justice-en-septembre-pour-des-propos-sur-gaza.html#respond"]}]},{"@type":"WebPage","@id":"https:\/\/www.justiceinfo.net\/fr\/158620-la-chroniqueuse-barbara-lefebvre-devant-la-justice-en-septembre-pour-des-propos-sur-gaza.html","url":"https:\/\/www.justiceinfo.net\/fr\/158620-la-chroniqueuse-barbara-lefebvre-devant-la-justice-en-septembre-pour-des-propos-sur-gaza.html","name":"La chroniqueuse Barbara Lefebvre devant la justice en septembre pour des propos sur Gaza - JusticeInfo.net","isPartOf":{"@id":"https:\/\/www.justiceinfo.net\/fr#website"},"datePublished":"2026-04-30T06:58:03+00:00","breadcrumb":{"@id":"https:\/\/www.justiceinfo.net\/fr\/158620-la-chroniqueuse-barbara-lefebvre-devant-la-justice-en-septembre-pour-des-propos-sur-gaza.html#breadcrumb"},"inLanguage":"fr-FR","potentialAction":[{"@type":"ReadAction","target":["https:\/\/www.justiceinfo.net\/fr\/158620-la-chroniqueuse-barbara-lefebvre-devant-la-justice-en-septembre-pour-des-propos-sur-gaza.html"]}]},{"@type":"BreadcrumbList","@id":"https:\/\/www.justiceinfo.net\/fr\/158620-la-chroniqueuse-barbara-lefebvre-devant-la-justice-en-septembre-pour-des-propos-sur-gaza.html#breadcrumb","itemListElement":[{"@type":"ListItem","position":1,"name":"Home","item":"https:\/\/www.justiceinfo.net\/fr"},{"@type":"ListItem","position":2,"name":"La chroniqueuse Barbara Lefebvre devant la justice en septembre pour des propos sur Gaza"}]},{"@type":"WebSite","@id":"https:\/\/www.justiceinfo.net\/fr#website","url":"https:\/\/www.justiceinfo.net\/fr","name":"JusticeInfo.net","description":"La justice doit \u00eatre vue pour \u00eatre rendue","publisher":{"@id":"https:\/\/www.justiceinfo.net\/fr#organization"},"potentialAction":[{"@type":"SearchAction","target":{"@type":"EntryPoint","urlTemplate":"https:\/\/www.justiceinfo.net\/fr?s={search_term_string}"},"query-input":{"@type":"PropertyValueSpecification","valueRequired":true,"valueName":"search_term_string"}}],"inLanguage":"fr-FR"},{"@type":"Organization","@id":"https:\/\/www.justiceinfo.net\/fr#organization","name":"Justice Info","url":"https:\/\/www.justiceinfo.net\/fr","logo":{"@type":"ImageObject","inLanguage":"fr-FR","@id":"https:\/\/www.justiceinfo.net\/fr#\/schema\/logo\/image\/","url":"https:\/\/www.justiceinfo.net\/wp-content\/uploads\/justiceinfo_logo-trans_1200x1200px.png","contentUrl":"https:\/\/www.justiceinfo.net\/wp-content\/uploads\/justiceinfo_logo-trans_1200x1200px.png","width":1199,"height":1200,"caption":"Justice Info"},"image":{"@id":"https:\/\/www.justiceinfo.net\/fr#\/schema\/logo\/image\/"},"sameAs":["https:\/\/www.facebook.com\/JusticeInfo\/","https:\/\/x.com\/justiceinfonet","https:\/\/www.linkedin.com\/company\/justice-info","https:\/\/www.youtube.com\/channel\/UCyCEsARodyuWtkWyhn-e7pA"]},{"@type":"Person","name":"afp","url":"\/fr\/?s=afp"}]}},"_links":{"self":[{"href":"https:\/\/www.justiceinfo.net\/fr\/wp-json\/wp\/v2\/posts\/158620","targetHints":{"allow":["GET"]}}],"collection":[{"href":"https:\/\/www.justiceinfo.net\/fr\/wp-json\/wp\/v2\/posts"}],"about":[{"href":"https:\/\/www.justiceinfo.net\/fr\/wp-json\/wp\/v2\/types\/post"}],"author":[{"embeddable":true,"href":"https:\/\/www.justiceinfo.net\/fr\/wp-json\/wp\/v2\/users\/60"}],"replies":[{"embeddable":true,"href":"https:\/\/www.justiceinfo.net\/fr\/wp-json\/wp\/v2\/comments?post=158620"}],"version-history":[{"count":0,"href":"https:\/\/www.justiceinfo.net\/fr\/wp-json\/wp\/v2\/posts\/158620\/revisions"}],"wp:attachment":[{"href":"https:\/\/www.justiceinfo.net\/fr\/wp-json\/wp\/v2\/media?parent=158620"}],"wp:term":[{"taxonomy":"category","embeddable":true,"href":"https:\/\/www.justiceinfo.net\/fr\/wp-json\/wp\/v2\/categories?post=158620"},{"taxonomy":"post_tag","embeddable":true,"href":"https:\/\/www.justiceinfo.net\/fr\/wp-json\/wp\/v2\/tags?post=158620"},{"taxonomy":"ji_location","embeddable":true,"href":"https:\/\/www.justiceinfo.net\/fr\/wp-json\/wp\/v2\/ji_location?post=158620"}],"curies":[{"name":"wp","href":"https:\/\/api.w.org\/{rel}","templated":true}]}}