{"id":158624,"date":"2026-04-30T09:53:03","date_gmt":"2026-04-30T07:53:03","guid":{"rendered":"https:\/\/www.justiceinfo.net\/158624-nobel-de-la-paix-287-candidats-en-lice-cette-annee.html"},"modified":"2026-04-30T09:53:03","modified_gmt":"2026-04-30T07:53:03","slug":"nobel-de-la-paix-287-candidats-en-lice-cette-annee","status":"publish","type":"post","link":"https:\/\/www.justiceinfo.net\/fr\/158624-nobel-de-la-paix-287-candidats-en-lice-cette-annee.html","title":{"rendered":"Nobel de la paix: 287 candidats en lice cette ann\u00e9e"},"content":{"rendered":"<p>\n             Un total de 287 candidatures sont recens\u00e9es cette ann\u00e9e pour le prix Nobel de la paix, a annonc\u00e9 jeudi l'Institut Nobel norv\u00e9gien, sans lever le voile sur le nom des candidats.\n<\/p>\n<p>\n            La liste comprend 208 personnes et 79 organisations. Conform\u00e9ment aux statuts Nobel, leur nom reste secret pendant 50 ans.\n<\/p>\n<p>\n            Ce chiffre est inf\u00e9rieur au record de 376 candidatures enregistr\u00e9es en 2016, mais reste \"toujours \u00e9lev\u00e9\", pr\u00e9cise l'institut dans son communiqu\u00e9.\n<\/p>\n<p>\n            \"Dans un monde de plus en plus marqu\u00e9 par les conflits, les candidats ne manquent pas : leur engagement de principe et leurs actions innovantes ouvrent la voie \u00e0 un avenir meilleur\", estime-t-il dans son communiqu\u00e9.\n<\/p>\n<p>\n            Les personnes habilit\u00e9es \u00e0 proposer des candidatures - notamment les anciens laur\u00e9ats, les parlementaires et les ministres de tous les pays du monde, ainsi que certains professeurs d'universit\u00e9 - sont libres de r\u00e9v\u00e9ler le nom de la personne ou de l'organisation qu'elles ont propos\u00e9e.\n<\/p>\n<p>\n            Parmi les noms d\u00e9voil\u00e9s pour le prix de cette ann\u00e9e, qui sera annonc\u00e9 le 9 octobre, figurent le pr\u00e9sident ukrainien Volodymyr Zelensky, la militante su\u00e9doise pour le climat Greta Thunberg et des institutions internationales telles que la Cour p\u00e9nale internationale (CPI).\n<\/p>\n<p>\n            Plusieurs personnes ont \u00e9galement d\u00e9clar\u00e9 avoir propos\u00e9 la candidature de Donald Trump, qui avait men\u00e9 une campagne pour remporter le prix l'ann\u00e9e derni\u00e8re, invoquant ses efforts pour mettre fin \u00e0 huit guerres.\n<\/p>\n<p>\n            Le pr\u00e9sident am\u00e9ricain avait exprim\u00e9 sa frustration d'avoir \u00e9t\u00e9 \u00e9cart\u00e9, le comit\u00e9 ayant pr\u00e9f\u00e9r\u00e9 honorer la cheffe de l'opposition v\u00e9n\u00e9zu\u00e9lienne Maria Corina Machado.\n<\/p>\n<p>\n            Machado a toutefois d\u00e9di\u00e9 son prix \u00e0 Trump et, dans un geste inhabituel, lui a remis sa m\u00e9daille en janvier.\n<\/p>\n<p>\n            Le comit\u00e9 du prix Nobel de la paix a cependant soulign\u00e9 que la m\u00e9daille en elle-m\u00eame ne constituait pas le prix, et que cet honneur \u00e9tait indissociable de la personne qui l'avait remport\u00e9.\n<\/p>\n<p>\n            Les nominations doivent \u00eatre soumises avant le 31 janvier de chaque ann\u00e9e, mais les membres du comit\u00e9 peuvent ajouter des noms \u00e0 la liste des candidats lors de leur premi\u00e8re r\u00e9union apr\u00e8s la date limite, qui s'est tenue le 26 f\u00e9vrier, a pr\u00e9cis\u00e9 le comit\u00e9.<\/p>\n","protected":false},"excerpt":{"rendered":"<p>Un total de 287 candidatures sont recens\u00e9es cette ann\u00e9e pour le prix Nobel de la paix, a annonc\u00e9 jeudi l'Institut Nobel norv\u00e9gien, sans lever le voile sur le nom des candidats. La liste comprend 208 personnes et 79 organisations. Conform\u00e9ment aux statuts Nobel, leur nom reste secret pendant 50 ans. Ce chiffre est inf\u00e9rieur au [&hellip;]<\/p>\n","protected":false},"author":60,"featured_media":0,"comment_status":"open","ping_status":"closed","sticky":false,"template":"","format":"standard","meta":{"_acf_changed":false,"footnotes":""},"categories":[2576],"tags":[],"ji_location":[],"class_list":["post-158624","post","type-post","status-publish","format-standard","hentry","category-fil-d-actualite"],"acf":[],"yoast_head":"<!-- This site is optimized with the Yoast SEO Premium plugin v25.3.1 (Yoast SEO v25.3.1) - https:\/\/yoast.com\/wordpress\/plugins\/seo\/ -->\n<title>Nobel de la paix: 287 candidats en lice cette ann\u00e9e - JusticeInfo.net<\/title>\n<meta name=\"robots\" content=\"index, follow, max-snippet:-1, max-image-preview:large, max-video-preview:-1\" \/>\n<link rel=\"canonical\" href=\"https:\/\/www.justiceinfo.net\/fr\/158624-nobel-de-la-paix-287-candidats-en-lice-cette-annee.html\" \/>\n<meta property=\"og:locale\" content=\"fr_FR\" \/>\n<meta property=\"og:type\" content=\"article\" \/>\n<meta property=\"og:title\" content=\"Nobel de la paix: 287 candidats en lice cette ann\u00e9e\" \/>\n<meta property=\"og:description\" content=\"Un total de 287 candidatures sont recens\u00e9es cette ann\u00e9e pour le prix Nobel de la paix, a annonc\u00e9 jeudi l&#039;Institut Nobel norv\u00e9gien, sans lever le voile sur le nom des candidats. La liste comprend 208 personnes et 79 organisations. Conform\u00e9ment aux statuts Nobel, leur nom reste secret pendant 50 ans. Ce chiffre est inf\u00e9rieur au [&hellip;]\" \/>\n<meta property=\"og:url\" content=\"https:\/\/www.justiceinfo.net\/fr\/158624-nobel-de-la-paix-287-candidats-en-lice-cette-annee.html\" \/>\n<meta property=\"og:site_name\" content=\"JusticeInfo.net\" \/>\n<meta property=\"article:publisher\" content=\"https:\/\/www.facebook.com\/JusticeInfo\/\" \/>\n<meta property=\"article:published_time\" content=\"2026-04-30T07:53:03+00:00\" \/>\n<meta property=\"og:image\" content=\"https:\/\/www.justiceinfo.net\/wp-content\/uploads\/JusticeInfoNet_logo_1200x630px.jpg\" \/>\n\t<meta property=\"og:image:width\" content=\"1200\" \/>\n\t<meta property=\"og:image:height\" content=\"630\" \/>\n\t<meta property=\"og:image:type\" content=\"image\/jpeg\" \/>\n<meta name=\"author\" content=\"afp\" \/>\n<meta name=\"twitter:card\" content=\"summary_large_image\" \/>\n<meta name=\"twitter:creator\" content=\"@justiceinfonet\" \/>\n<meta name=\"twitter:site\" content=\"@justiceinfonet\" \/>\n<meta name=\"twitter:label1\" content=\"\u00c9crit par\" \/>\n\t<meta name=\"twitter:data1\" content=\"afp\" \/>\n\t<meta name=\"twitter:label2\" content=\"Dur\u00e9e de lecture estim\u00e9e\" \/>\n\t<meta name=\"twitter:data2\" content=\"2 minutes\" \/>\n<script type=\"application\/ld+json\" class=\"yoast-schema-graph\">{\"@context\":\"https:\/\/schema.org\",\"@graph\":[{\"@type\":\"NewsArticle\",\"@id\":\"https:\/\/www.justiceinfo.net\/fr\/158624-nobel-de-la-paix-287-candidats-en-lice-cette-annee.html#article\",\"isPartOf\":{\"@id\":\"https:\/\/www.justiceinfo.net\/fr\/158624-nobel-de-la-paix-287-candidats-en-lice-cette-annee.html\"},\"author\":{\"name\":\"afp\",\"@id\":\"https:\/\/www.justiceinfo.net\/fr#\/schema\/person\/713d340ef5f218fc36ce9b4244364a7f\"},\"headline\":\"Nobel de la paix: 287 candidats en lice cette ann\u00e9e\",\"datePublished\":\"2026-04-30T07:53:03+00:00\",\"mainEntityOfPage\":{\"@id\":\"https:\/\/www.justiceinfo.net\/fr\/158624-nobel-de-la-paix-287-candidats-en-lice-cette-annee.html\"},\"wordCount\":388,\"commentCount\":0,\"publisher\":{\"@id\":\"https:\/\/www.justiceinfo.net\/fr#organization\"},\"articleSection\":[\"Fil d'info AFP\"],\"inLanguage\":\"fr-FR\",\"potentialAction\":[{\"@type\":\"CommentAction\",\"name\":\"Comment\",\"target\":[\"https:\/\/www.justiceinfo.net\/fr\/158624-nobel-de-la-paix-287-candidats-en-lice-cette-annee.html#respond\"]}]},{\"@type\":\"WebPage\",\"@id\":\"https:\/\/www.justiceinfo.net\/fr\/158624-nobel-de-la-paix-287-candidats-en-lice-cette-annee.html\",\"url\":\"https:\/\/www.justiceinfo.net\/fr\/158624-nobel-de-la-paix-287-candidats-en-lice-cette-annee.html\",\"name\":\"Nobel de la paix: 287 candidats en lice cette ann\u00e9e - JusticeInfo.net\",\"isPartOf\":{\"@id\":\"https:\/\/www.justiceinfo.net\/fr#website\"},\"datePublished\":\"2026-04-30T07:53:03+00:00\",\"breadcrumb\":{\"@id\":\"https:\/\/www.justiceinfo.net\/fr\/158624-nobel-de-la-paix-287-candidats-en-lice-cette-annee.html#breadcrumb\"},\"inLanguage\":\"fr-FR\",\"potentialAction\":[{\"@type\":\"ReadAction\",\"target\":[\"https:\/\/www.justiceinfo.net\/fr\/158624-nobel-de-la-paix-287-candidats-en-lice-cette-annee.html\"]}]},{\"@type\":\"BreadcrumbList\",\"@id\":\"https:\/\/www.justiceinfo.net\/fr\/158624-nobel-de-la-paix-287-candidats-en-lice-cette-annee.html#breadcrumb\",\"itemListElement\":[{\"@type\":\"ListItem\",\"position\":1,\"name\":\"Home\",\"item\":\"https:\/\/www.justiceinfo.net\/fr\"},{\"@type\":\"ListItem\",\"position\":2,\"name\":\"Nobel de la paix: 287 candidats en lice cette ann\u00e9e\"}]},{\"@type\":\"WebSite\",\"@id\":\"https:\/\/www.justiceinfo.net\/fr#website\",\"url\":\"https:\/\/www.justiceinfo.net\/fr\",\"name\":\"JusticeInfo.net\",\"description\":\"La justice doit \u00eatre vue pour \u00eatre rendue\",\"publisher\":{\"@id\":\"https:\/\/www.justiceinfo.net\/fr#organization\"},\"potentialAction\":[{\"@type\":\"SearchAction\",\"target\":{\"@type\":\"EntryPoint\",\"urlTemplate\":\"https:\/\/www.justiceinfo.net\/fr?s={search_term_string}\"},\"query-input\":{\"@type\":\"PropertyValueSpecification\",\"valueRequired\":true,\"valueName\":\"search_term_string\"}}],\"inLanguage\":\"fr-FR\"},{\"@type\":\"Organization\",\"@id\":\"https:\/\/www.justiceinfo.net\/fr#organization\",\"name\":\"Justice Info\",\"url\":\"https:\/\/www.justiceinfo.net\/fr\",\"logo\":{\"@type\":\"ImageObject\",\"inLanguage\":\"fr-FR\",\"@id\":\"https:\/\/www.justiceinfo.net\/fr#\/schema\/logo\/image\/\",\"url\":\"https:\/\/www.justiceinfo.net\/wp-content\/uploads\/justiceinfo_logo-trans_1200x1200px.png\",\"contentUrl\":\"https:\/\/www.justiceinfo.net\/wp-content\/uploads\/justiceinfo_logo-trans_1200x1200px.png\",\"width\":1199,\"height\":1200,\"caption\":\"Justice Info\"},\"image\":{\"@id\":\"https:\/\/www.justiceinfo.net\/fr#\/schema\/logo\/image\/\"},\"sameAs\":[\"https:\/\/www.facebook.com\/JusticeInfo\/\",\"https:\/\/x.com\/justiceinfonet\",\"https:\/\/www.linkedin.com\/company\/justice-info\",\"https:\/\/www.youtube.com\/channel\/UCyCEsARodyuWtkWyhn-e7pA\"]},{\"@type\":\"Person\",\"name\":\"afp\",\"url\":\"\/fr\/?s=afp\"}]}<\/script>\n<!-- \/ Yoast SEO Premium plugin. -->","yoast_head_json":{"title":"Nobel de la paix: 287 candidats en lice cette ann\u00e9e - JusticeInfo.net","robots":{"index":"index","follow":"follow","max-snippet":"max-snippet:-1","max-image-preview":"max-image-preview:large","max-video-preview":"max-video-preview:-1"},"canonical":"https:\/\/www.justiceinfo.net\/fr\/158624-nobel-de-la-paix-287-candidats-en-lice-cette-annee.html","og_locale":"fr_FR","og_type":"article","og_title":"Nobel de la paix: 287 candidats en lice cette ann\u00e9e","og_description":"Un total de 287 candidatures sont recens\u00e9es cette ann\u00e9e pour le prix Nobel de la paix, a annonc\u00e9 jeudi l'Institut Nobel norv\u00e9gien, sans lever le voile sur le nom des candidats. La liste comprend 208 personnes et 79 organisations. Conform\u00e9ment aux statuts Nobel, leur nom reste secret pendant 50 ans. Ce chiffre est inf\u00e9rieur au [&hellip;]","og_url":"https:\/\/www.justiceinfo.net\/fr\/158624-nobel-de-la-paix-287-candidats-en-lice-cette-annee.html","og_site_name":"JusticeInfo.net","article_publisher":"https:\/\/www.facebook.com\/JusticeInfo\/","article_published_time":"2026-04-30T07:53:03+00:00","og_image":[{"width":1200,"height":630,"url":"https:\/\/www.justiceinfo.net\/wp-content\/uploads\/JusticeInfoNet_logo_1200x630px.jpg","type":"image\/jpeg"}],"author":"afp","twitter_card":"summary_large_image","twitter_creator":"@justiceinfonet","twitter_site":"@justiceinfonet","twitter_misc":{"\u00c9crit par":"afp","Dur\u00e9e de lecture estim\u00e9e":"2 minutes"},"schema":{"@context":"https:\/\/schema.org","@graph":[{"@type":"NewsArticle","@id":"https:\/\/www.justiceinfo.net\/fr\/158624-nobel-de-la-paix-287-candidats-en-lice-cette-annee.html#article","isPartOf":{"@id":"https:\/\/www.justiceinfo.net\/fr\/158624-nobel-de-la-paix-287-candidats-en-lice-cette-annee.html"},"author":{"name":"afp","@id":"https:\/\/www.justiceinfo.net\/fr#\/schema\/person\/713d340ef5f218fc36ce9b4244364a7f"},"headline":"Nobel de la paix: 287 candidats en lice cette ann\u00e9e","datePublished":"2026-04-30T07:53:03+00:00","mainEntityOfPage":{"@id":"https:\/\/www.justiceinfo.net\/fr\/158624-nobel-de-la-paix-287-candidats-en-lice-cette-annee.html"},"wordCount":388,"commentCount":0,"publisher":{"@id":"https:\/\/www.justiceinfo.net\/fr#organization"},"articleSection":["Fil d'info AFP"],"inLanguage":"fr-FR","potentialAction":[{"@type":"CommentAction","name":"Comment","target":["https:\/\/www.justiceinfo.net\/fr\/158624-nobel-de-la-paix-287-candidats-en-lice-cette-annee.html#respond"]}]},{"@type":"WebPage","@id":"https:\/\/www.justiceinfo.net\/fr\/158624-nobel-de-la-paix-287-candidats-en-lice-cette-annee.html","url":"https:\/\/www.justiceinfo.net\/fr\/158624-nobel-de-la-paix-287-candidats-en-lice-cette-annee.html","name":"Nobel de la paix: 287 candidats en lice cette ann\u00e9e - JusticeInfo.net","isPartOf":{"@id":"https:\/\/www.justiceinfo.net\/fr#website"},"datePublished":"2026-04-30T07:53:03+00:00","breadcrumb":{"@id":"https:\/\/www.justiceinfo.net\/fr\/158624-nobel-de-la-paix-287-candidats-en-lice-cette-annee.html#breadcrumb"},"inLanguage":"fr-FR","potentialAction":[{"@type":"ReadAction","target":["https:\/\/www.justiceinfo.net\/fr\/158624-nobel-de-la-paix-287-candidats-en-lice-cette-annee.html"]}]},{"@type":"BreadcrumbList","@id":"https:\/\/www.justiceinfo.net\/fr\/158624-nobel-de-la-paix-287-candidats-en-lice-cette-annee.html#breadcrumb","itemListElement":[{"@type":"ListItem","position":1,"name":"Home","item":"https:\/\/www.justiceinfo.net\/fr"},{"@type":"ListItem","position":2,"name":"Nobel de la paix: 287 candidats en lice cette ann\u00e9e"}]},{"@type":"WebSite","@id":"https:\/\/www.justiceinfo.net\/fr#website","url":"https:\/\/www.justiceinfo.net\/fr","name":"JusticeInfo.net","description":"La justice doit \u00eatre vue pour \u00eatre rendue","publisher":{"@id":"https:\/\/www.justiceinfo.net\/fr#organization"},"potentialAction":[{"@type":"SearchAction","target":{"@type":"EntryPoint","urlTemplate":"https:\/\/www.justiceinfo.net\/fr?s={search_term_string}"},"query-input":{"@type":"PropertyValueSpecification","valueRequired":true,"valueName":"search_term_string"}}],"inLanguage":"fr-FR"},{"@type":"Organization","@id":"https:\/\/www.justiceinfo.net\/fr#organization","name":"Justice Info","url":"https:\/\/www.justiceinfo.net\/fr","logo":{"@type":"ImageObject","inLanguage":"fr-FR","@id":"https:\/\/www.justiceinfo.net\/fr#\/schema\/logo\/image\/","url":"https:\/\/www.justiceinfo.net\/wp-content\/uploads\/justiceinfo_logo-trans_1200x1200px.png","contentUrl":"https:\/\/www.justiceinfo.net\/wp-content\/uploads\/justiceinfo_logo-trans_1200x1200px.png","width":1199,"height":1200,"caption":"Justice Info"},"image":{"@id":"https:\/\/www.justiceinfo.net\/fr#\/schema\/logo\/image\/"},"sameAs":["https:\/\/www.facebook.com\/JusticeInfo\/","https:\/\/x.com\/justiceinfonet","https:\/\/www.linkedin.com\/company\/justice-info","https:\/\/www.youtube.com\/channel\/UCyCEsARodyuWtkWyhn-e7pA"]},{"@type":"Person","name":"afp","url":"\/fr\/?s=afp"}]}},"_links":{"self":[{"href":"https:\/\/www.justiceinfo.net\/fr\/wp-json\/wp\/v2\/posts\/158624","targetHints":{"allow":["GET"]}}],"collection":[{"href":"https:\/\/www.justiceinfo.net\/fr\/wp-json\/wp\/v2\/posts"}],"about":[{"href":"https:\/\/www.justiceinfo.net\/fr\/wp-json\/wp\/v2\/types\/post"}],"author":[{"embeddable":true,"href":"https:\/\/www.justiceinfo.net\/fr\/wp-json\/wp\/v2\/users\/60"}],"replies":[{"embeddable":true,"href":"https:\/\/www.justiceinfo.net\/fr\/wp-json\/wp\/v2\/comments?post=158624"}],"version-history":[{"count":0,"href":"https:\/\/www.justiceinfo.net\/fr\/wp-json\/wp\/v2\/posts\/158624\/revisions"}],"wp:attachment":[{"href":"https:\/\/www.justiceinfo.net\/fr\/wp-json\/wp\/v2\/media?parent=158624"}],"wp:term":[{"taxonomy":"category","embeddable":true,"href":"https:\/\/www.justiceinfo.net\/fr\/wp-json\/wp\/v2\/categories?post=158624"},{"taxonomy":"post_tag","embeddable":true,"href":"https:\/\/www.justiceinfo.net\/fr\/wp-json\/wp\/v2\/tags?post=158624"},{"taxonomy":"ji_location","embeddable":true,"href":"https:\/\/www.justiceinfo.net\/fr\/wp-json\/wp\/v2\/ji_location?post=158624"}],"curies":[{"name":"wp","href":"https:\/\/api.w.org\/{rel}","templated":true}]}}