{"id":158646,"date":"2026-04-30T16:43:03","date_gmt":"2026-04-30T14:43:03","guid":{"rendered":"https:\/\/www.justiceinfo.net\/158646-la-biennale-de-venise-se-dechire-face-a-la-participation-de-la-russie.html"},"modified":"2026-04-30T16:43:03","modified_gmt":"2026-04-30T14:43:03","slug":"la-biennale-de-venise-se-dechire-face-a-la-participation-de-la-russie","status":"publish","type":"post","link":"https:\/\/www.justiceinfo.net\/fr\/158646-la-biennale-de-venise-se-dechire-face-a-la-participation-de-la-russie.html","title":{"rendered":"La Biennale de Venise se d\u00e9chire face \u00e0 la participation de la Russie"},"content":{"rendered":"<p>\n             Le jury international de la prochaine Biennale d'art contemporain de Venise, qui se tiendra du 9 mai au 22 novembre, a d\u00e9missionn\u00e9 jeudi apr\u00e8s la d\u00e9cision des organisateurs, critiqu\u00e9e par l'Union europ\u00e9enne, d'autoriser la participation de la Russie, a affirm\u00e9 l'instance italienne.\n<\/p>\n<p>\n            Cette d\u00e9mission globale intervient une semaine apr\u00e8s que ce m\u00eame jury eut annonc\u00e9 qu'il exclurait la Russie et Isra\u00ebl du palmar\u00e8s, en raison de l'\u00e9mission par la Cour p\u00e9nale internationale (CPI) de mandats d'arr\u00eat pour crimes de guerre \u00e0 l'encontre de leurs dirigeants.\n<\/p>\n<p>\n            Le pr\u00e9sident russe Vladimir Poutine est poursuivi par la CPI pour le crime de guerre pr\u00e9sum\u00e9 de \"d\u00e9portation ill\u00e9gale\" d'enfants ukrainiens. Le Premier ministre isra\u00e9lien Benjamin Netanyahu est sous le coup d'un mandat d'arr\u00eat \u00e9mis en 2024 pour crimes de guerre et crimes contre l'humanit\u00e9 dans la bande de Gaza.\n<\/p>\n<p>\n            La Biennale - la plus grande exposition d'art internationale au monde -, avait affirm\u00e9 la semaine derni\u00e8re que le \"jury (s'abstiendrait) d'\u00e9valuer (les oeuvres des) pays dont les dirigeants sont actuellement inculp\u00e9s de crimes contre l'humanit\u00e9 par la Cour p\u00e9nale internationale\".\n<\/p>\n<p>\n            Apr\u00e8s l'annonce de cette d\u00e9mission, les organisateurs de l'\u00e9v\u00e9nement ont affirm\u00e9 avoir \"d\u00e9cid\u00e9\" que la c\u00e9r\u00e9monie de remise des r\u00e9compenses aurait lieu le 22 novembre et non le 9 mai comme initialement pr\u00e9vu, et que deux prix seraient attribu\u00e9s.\n<\/p>\n<p>\n            Selon eux, l'un des deux prix pourra \u00eatre remport\u00e9 par toutes les \"participations nationales incluses dans la liste officielle de la 61e Exposition\", \"suivant le principe d'inclusion et d'\u00e9galit\u00e9 de traitement\", ce qui inclut la Russie.\n<\/p>\n<p>\n            - Opposition du gouvernement -\n<\/p>\n<p>\n            \"C'est coh\u00e9rent avec l'esprit fondateur de la Biennale, bas\u00e9e sur l'ouverture, le dialogue et le refus de toute forme de fermeture ou de censure\", d\u00e9clarent les organisateurs dans un communiqu\u00e9. \"La Biennale entend \u00eatre, et doit rester, un lieu de tr\u00eave au nom de l'art, de la culture et de la libert\u00e9 artistique\", soulignent-ils.\n<\/p>\n<p>\n            L'annonce d\u00e9but mars de la participation de la Russie avait \u00e9t\u00e9 vivement critiqu\u00e9e par l'Ukraine et l'Union europ\u00e9enne. Bruxelles avait m\u00eame menac\u00e9 de couper les financements.\n<\/p>\n<p>\n            Le gouvernement italien, via son minist\u00e8re de la Culture, avait lui affirm\u00e9 que cette d\u00e9cision avait \u00e9t\u00e9 prise \"en toute ind\u00e9pendance par la Fondation de la Biennale, malgr\u00e9 l'opposition du gouvernement italien\".\n<\/p>\n<p>\n            La Premi\u00e8re ministre Giorgia Meloni a r\u00e9p\u00e9t\u00e9 jeudi que son gouvernement n'\u00e9tait \"pas d'accord avec la d\u00e9cision\" prise par le pr\u00e9sident de la Biennale, Pietrangelo Buttafuoco.\n<\/p>\n<p>\n            \"Je n'aurais pas fait ce choix moi-m\u00eame\", a-t-elle insist\u00e9 lors d'une conf\u00e9rence de presse, tout en rappelant que la Biennale \u00e9tait \"un organisme ind\u00e9pendant\".\n<\/p>\n<p>\n            Pr\u00e8s de 40 artistes russes doivent participer \u00e0 l'exposition \"The tree is rooted in the sky\" (\"L'arbre est enracin\u00e9 dans le ciel\", ndlr) qui sera accueillie au sein du pavillon russe, situ\u00e9 dans les jardins de la Biennale.\n<\/p>\n<p>\n            Des artistes ukrainiens et b\u00e9larusses - Minsk \u00e9tant un proche alli\u00e9 de Moscou - seront \u00e9galement pr\u00e9sents \u00e0 Venise, de m\u00eame que des artistes iraniens, isra\u00e9liens et am\u00e9ricains.\n<\/p>\n<p>\n            La Biennale avait interdit la participation de toute personne li\u00e9e au gouvernement russe en 2022, en signe de protestation contre l'invasion de l'Ukraine par Moscou. La Russie \u00e9tait \u00e9galement absente de l'\u00e9dition suivante en 2024.\n<\/p>\n<p>\n            La Biennale de Venise est aujourd'hui un rendez-vous majeur de l'art contemporain avec la Documenta de Cassel en Allemagne. Durant six mois, elle attire plus de 600.000 visiteurs.<\/p>\n","protected":false},"excerpt":{"rendered":"<p>Le jury international de la prochaine Biennale d'art contemporain de Venise, qui se tiendra du 9 mai au 22 novembre, a d\u00e9missionn\u00e9 jeudi apr\u00e8s la d\u00e9cision des organisateurs, critiqu\u00e9e par l'Union europ\u00e9enne, d'autoriser la participation de la Russie, a affirm\u00e9 l'instance italienne. Cette d\u00e9mission globale intervient une semaine apr\u00e8s que ce m\u00eame jury eut annonc\u00e9 [&hellip;]<\/p>\n","protected":false},"author":60,"featured_media":0,"comment_status":"open","ping_status":"closed","sticky":false,"template":"","format":"standard","meta":{"_acf_changed":false,"footnotes":""},"categories":[2576],"tags":[],"ji_location":[],"class_list":["post-158646","post","type-post","status-publish","format-standard","hentry","category-fil-d-actualite"],"acf":[],"yoast_head":"<!-- This site is optimized with the Yoast SEO Premium plugin v25.3.1 (Yoast SEO v25.3.1) - https:\/\/yoast.com\/wordpress\/plugins\/seo\/ -->\n<title>La Biennale de Venise se d\u00e9chire face \u00e0 la participation de la Russie - JusticeInfo.net<\/title>\n<meta name=\"robots\" content=\"index, follow, max-snippet:-1, max-image-preview:large, max-video-preview:-1\" \/>\n<link rel=\"canonical\" href=\"https:\/\/www.justiceinfo.net\/fr\/158646-la-biennale-de-venise-se-dechire-face-a-la-participation-de-la-russie.html\" \/>\n<meta property=\"og:locale\" content=\"fr_FR\" \/>\n<meta property=\"og:type\" content=\"article\" \/>\n<meta property=\"og:title\" content=\"La Biennale de Venise se d\u00e9chire face \u00e0 la participation de la Russie\" \/>\n<meta property=\"og:description\" content=\"Le jury international de la prochaine Biennale d&#039;art contemporain de Venise, qui se tiendra du 9 mai au 22 novembre, a d\u00e9missionn\u00e9 jeudi apr\u00e8s la d\u00e9cision des organisateurs, critiqu\u00e9e par l&#039;Union europ\u00e9enne, d&#039;autoriser la participation de la Russie, a affirm\u00e9 l&#039;instance italienne. Cette d\u00e9mission globale intervient une semaine apr\u00e8s que ce m\u00eame jury eut annonc\u00e9 [&hellip;]\" \/>\n<meta property=\"og:url\" content=\"https:\/\/www.justiceinfo.net\/fr\/158646-la-biennale-de-venise-se-dechire-face-a-la-participation-de-la-russie.html\" \/>\n<meta property=\"og:site_name\" content=\"JusticeInfo.net\" \/>\n<meta property=\"article:publisher\" content=\"https:\/\/www.facebook.com\/JusticeInfo\/\" \/>\n<meta property=\"article:published_time\" content=\"2026-04-30T14:43:03+00:00\" \/>\n<meta property=\"og:image\" content=\"https:\/\/www.justiceinfo.net\/wp-content\/uploads\/JusticeInfoNet_logo_1200x630px.jpg\" \/>\n\t<meta property=\"og:image:width\" content=\"1200\" \/>\n\t<meta property=\"og:image:height\" content=\"630\" \/>\n\t<meta property=\"og:image:type\" content=\"image\/jpeg\" \/>\n<meta name=\"author\" content=\"afp\" \/>\n<meta name=\"twitter:card\" content=\"summary_large_image\" \/>\n<meta name=\"twitter:creator\" content=\"@justiceinfonet\" \/>\n<meta name=\"twitter:site\" content=\"@justiceinfonet\" \/>\n<meta name=\"twitter:label1\" content=\"\u00c9crit par\" \/>\n\t<meta name=\"twitter:data1\" content=\"afp\" \/>\n\t<meta name=\"twitter:label2\" content=\"Dur\u00e9e de lecture estim\u00e9e\" \/>\n\t<meta name=\"twitter:data2\" content=\"3 minutes\" \/>\n<script type=\"application\/ld+json\" class=\"yoast-schema-graph\">{\"@context\":\"https:\/\/schema.org\",\"@graph\":[{\"@type\":\"NewsArticle\",\"@id\":\"https:\/\/www.justiceinfo.net\/fr\/158646-la-biennale-de-venise-se-dechire-face-a-la-participation-de-la-russie.html#article\",\"isPartOf\":{\"@id\":\"https:\/\/www.justiceinfo.net\/fr\/158646-la-biennale-de-venise-se-dechire-face-a-la-participation-de-la-russie.html\"},\"author\":{\"name\":\"afp\",\"@id\":\"https:\/\/www.justiceinfo.net\/fr#\/schema\/person\/713d340ef5f218fc36ce9b4244364a7f\"},\"headline\":\"La Biennale de Venise se d\u00e9chire face \u00e0 la participation de la Russie\",\"datePublished\":\"2026-04-30T14:43:03+00:00\",\"mainEntityOfPage\":{\"@id\":\"https:\/\/www.justiceinfo.net\/fr\/158646-la-biennale-de-venise-se-dechire-face-a-la-participation-de-la-russie.html\"},\"wordCount\":644,\"commentCount\":0,\"publisher\":{\"@id\":\"https:\/\/www.justiceinfo.net\/fr#organization\"},\"articleSection\":[\"Fil d'info AFP\"],\"inLanguage\":\"fr-FR\",\"potentialAction\":[{\"@type\":\"CommentAction\",\"name\":\"Comment\",\"target\":[\"https:\/\/www.justiceinfo.net\/fr\/158646-la-biennale-de-venise-se-dechire-face-a-la-participation-de-la-russie.html#respond\"]}]},{\"@type\":\"WebPage\",\"@id\":\"https:\/\/www.justiceinfo.net\/fr\/158646-la-biennale-de-venise-se-dechire-face-a-la-participation-de-la-russie.html\",\"url\":\"https:\/\/www.justiceinfo.net\/fr\/158646-la-biennale-de-venise-se-dechire-face-a-la-participation-de-la-russie.html\",\"name\":\"La Biennale de Venise se d\u00e9chire face \u00e0 la participation de la Russie - JusticeInfo.net\",\"isPartOf\":{\"@id\":\"https:\/\/www.justiceinfo.net\/fr#website\"},\"datePublished\":\"2026-04-30T14:43:03+00:00\",\"breadcrumb\":{\"@id\":\"https:\/\/www.justiceinfo.net\/fr\/158646-la-biennale-de-venise-se-dechire-face-a-la-participation-de-la-russie.html#breadcrumb\"},\"inLanguage\":\"fr-FR\",\"potentialAction\":[{\"@type\":\"ReadAction\",\"target\":[\"https:\/\/www.justiceinfo.net\/fr\/158646-la-biennale-de-venise-se-dechire-face-a-la-participation-de-la-russie.html\"]}]},{\"@type\":\"BreadcrumbList\",\"@id\":\"https:\/\/www.justiceinfo.net\/fr\/158646-la-biennale-de-venise-se-dechire-face-a-la-participation-de-la-russie.html#breadcrumb\",\"itemListElement\":[{\"@type\":\"ListItem\",\"position\":1,\"name\":\"Home\",\"item\":\"https:\/\/www.justiceinfo.net\/fr\"},{\"@type\":\"ListItem\",\"position\":2,\"name\":\"La Biennale de Venise se d\u00e9chire face \u00e0 la participation de la Russie\"}]},{\"@type\":\"WebSite\",\"@id\":\"https:\/\/www.justiceinfo.net\/fr#website\",\"url\":\"https:\/\/www.justiceinfo.net\/fr\",\"name\":\"JusticeInfo.net\",\"description\":\"La justice doit \u00eatre vue pour \u00eatre rendue\",\"publisher\":{\"@id\":\"https:\/\/www.justiceinfo.net\/fr#organization\"},\"potentialAction\":[{\"@type\":\"SearchAction\",\"target\":{\"@type\":\"EntryPoint\",\"urlTemplate\":\"https:\/\/www.justiceinfo.net\/fr?s={search_term_string}\"},\"query-input\":{\"@type\":\"PropertyValueSpecification\",\"valueRequired\":true,\"valueName\":\"search_term_string\"}}],\"inLanguage\":\"fr-FR\"},{\"@type\":\"Organization\",\"@id\":\"https:\/\/www.justiceinfo.net\/fr#organization\",\"name\":\"Justice Info\",\"url\":\"https:\/\/www.justiceinfo.net\/fr\",\"logo\":{\"@type\":\"ImageObject\",\"inLanguage\":\"fr-FR\",\"@id\":\"https:\/\/www.justiceinfo.net\/fr#\/schema\/logo\/image\/\",\"url\":\"https:\/\/www.justiceinfo.net\/wp-content\/uploads\/justiceinfo_logo-trans_1200x1200px.png\",\"contentUrl\":\"https:\/\/www.justiceinfo.net\/wp-content\/uploads\/justiceinfo_logo-trans_1200x1200px.png\",\"width\":1199,\"height\":1200,\"caption\":\"Justice Info\"},\"image\":{\"@id\":\"https:\/\/www.justiceinfo.net\/fr#\/schema\/logo\/image\/\"},\"sameAs\":[\"https:\/\/www.facebook.com\/JusticeInfo\/\",\"https:\/\/x.com\/justiceinfonet\",\"https:\/\/www.linkedin.com\/company\/justice-info\",\"https:\/\/www.youtube.com\/channel\/UCyCEsARodyuWtkWyhn-e7pA\"]},{\"@type\":\"Person\",\"name\":\"afp\",\"url\":\"\/fr\/?s=afp\"}]}<\/script>\n<!-- \/ Yoast SEO Premium plugin. -->","yoast_head_json":{"title":"La Biennale de Venise se d\u00e9chire face \u00e0 la participation de la Russie - JusticeInfo.net","robots":{"index":"index","follow":"follow","max-snippet":"max-snippet:-1","max-image-preview":"max-image-preview:large","max-video-preview":"max-video-preview:-1"},"canonical":"https:\/\/www.justiceinfo.net\/fr\/158646-la-biennale-de-venise-se-dechire-face-a-la-participation-de-la-russie.html","og_locale":"fr_FR","og_type":"article","og_title":"La Biennale de Venise se d\u00e9chire face \u00e0 la participation de la Russie","og_description":"Le jury international de la prochaine Biennale d'art contemporain de Venise, qui se tiendra du 9 mai au 22 novembre, a d\u00e9missionn\u00e9 jeudi apr\u00e8s la d\u00e9cision des organisateurs, critiqu\u00e9e par l'Union europ\u00e9enne, d'autoriser la participation de la Russie, a affirm\u00e9 l'instance italienne. Cette d\u00e9mission globale intervient une semaine apr\u00e8s que ce m\u00eame jury eut annonc\u00e9 [&hellip;]","og_url":"https:\/\/www.justiceinfo.net\/fr\/158646-la-biennale-de-venise-se-dechire-face-a-la-participation-de-la-russie.html","og_site_name":"JusticeInfo.net","article_publisher":"https:\/\/www.facebook.com\/JusticeInfo\/","article_published_time":"2026-04-30T14:43:03+00:00","og_image":[{"width":1200,"height":630,"url":"https:\/\/www.justiceinfo.net\/wp-content\/uploads\/JusticeInfoNet_logo_1200x630px.jpg","type":"image\/jpeg"}],"author":"afp","twitter_card":"summary_large_image","twitter_creator":"@justiceinfonet","twitter_site":"@justiceinfonet","twitter_misc":{"\u00c9crit par":"afp","Dur\u00e9e de lecture estim\u00e9e":"3 minutes"},"schema":{"@context":"https:\/\/schema.org","@graph":[{"@type":"NewsArticle","@id":"https:\/\/www.justiceinfo.net\/fr\/158646-la-biennale-de-venise-se-dechire-face-a-la-participation-de-la-russie.html#article","isPartOf":{"@id":"https:\/\/www.justiceinfo.net\/fr\/158646-la-biennale-de-venise-se-dechire-face-a-la-participation-de-la-russie.html"},"author":{"name":"afp","@id":"https:\/\/www.justiceinfo.net\/fr#\/schema\/person\/713d340ef5f218fc36ce9b4244364a7f"},"headline":"La Biennale de Venise se d\u00e9chire face \u00e0 la participation de la Russie","datePublished":"2026-04-30T14:43:03+00:00","mainEntityOfPage":{"@id":"https:\/\/www.justiceinfo.net\/fr\/158646-la-biennale-de-venise-se-dechire-face-a-la-participation-de-la-russie.html"},"wordCount":644,"commentCount":0,"publisher":{"@id":"https:\/\/www.justiceinfo.net\/fr#organization"},"articleSection":["Fil d'info AFP"],"inLanguage":"fr-FR","potentialAction":[{"@type":"CommentAction","name":"Comment","target":["https:\/\/www.justiceinfo.net\/fr\/158646-la-biennale-de-venise-se-dechire-face-a-la-participation-de-la-russie.html#respond"]}]},{"@type":"WebPage","@id":"https:\/\/www.justiceinfo.net\/fr\/158646-la-biennale-de-venise-se-dechire-face-a-la-participation-de-la-russie.html","url":"https:\/\/www.justiceinfo.net\/fr\/158646-la-biennale-de-venise-se-dechire-face-a-la-participation-de-la-russie.html","name":"La Biennale de Venise se d\u00e9chire face \u00e0 la participation de la Russie - JusticeInfo.net","isPartOf":{"@id":"https:\/\/www.justiceinfo.net\/fr#website"},"datePublished":"2026-04-30T14:43:03+00:00","breadcrumb":{"@id":"https:\/\/www.justiceinfo.net\/fr\/158646-la-biennale-de-venise-se-dechire-face-a-la-participation-de-la-russie.html#breadcrumb"},"inLanguage":"fr-FR","potentialAction":[{"@type":"ReadAction","target":["https:\/\/www.justiceinfo.net\/fr\/158646-la-biennale-de-venise-se-dechire-face-a-la-participation-de-la-russie.html"]}]},{"@type":"BreadcrumbList","@id":"https:\/\/www.justiceinfo.net\/fr\/158646-la-biennale-de-venise-se-dechire-face-a-la-participation-de-la-russie.html#breadcrumb","itemListElement":[{"@type":"ListItem","position":1,"name":"Home","item":"https:\/\/www.justiceinfo.net\/fr"},{"@type":"ListItem","position":2,"name":"La Biennale de Venise se d\u00e9chire face \u00e0 la participation de la Russie"}]},{"@type":"WebSite","@id":"https:\/\/www.justiceinfo.net\/fr#website","url":"https:\/\/www.justiceinfo.net\/fr","name":"JusticeInfo.net","description":"La justice doit \u00eatre vue pour \u00eatre rendue","publisher":{"@id":"https:\/\/www.justiceinfo.net\/fr#organization"},"potentialAction":[{"@type":"SearchAction","target":{"@type":"EntryPoint","urlTemplate":"https:\/\/www.justiceinfo.net\/fr?s={search_term_string}"},"query-input":{"@type":"PropertyValueSpecification","valueRequired":true,"valueName":"search_term_string"}}],"inLanguage":"fr-FR"},{"@type":"Organization","@id":"https:\/\/www.justiceinfo.net\/fr#organization","name":"Justice Info","url":"https:\/\/www.justiceinfo.net\/fr","logo":{"@type":"ImageObject","inLanguage":"fr-FR","@id":"https:\/\/www.justiceinfo.net\/fr#\/schema\/logo\/image\/","url":"https:\/\/www.justiceinfo.net\/wp-content\/uploads\/justiceinfo_logo-trans_1200x1200px.png","contentUrl":"https:\/\/www.justiceinfo.net\/wp-content\/uploads\/justiceinfo_logo-trans_1200x1200px.png","width":1199,"height":1200,"caption":"Justice Info"},"image":{"@id":"https:\/\/www.justiceinfo.net\/fr#\/schema\/logo\/image\/"},"sameAs":["https:\/\/www.facebook.com\/JusticeInfo\/","https:\/\/x.com\/justiceinfonet","https:\/\/www.linkedin.com\/company\/justice-info","https:\/\/www.youtube.com\/channel\/UCyCEsARodyuWtkWyhn-e7pA"]},{"@type":"Person","name":"afp","url":"\/fr\/?s=afp"}]}},"_links":{"self":[{"href":"https:\/\/www.justiceinfo.net\/fr\/wp-json\/wp\/v2\/posts\/158646","targetHints":{"allow":["GET"]}}],"collection":[{"href":"https:\/\/www.justiceinfo.net\/fr\/wp-json\/wp\/v2\/posts"}],"about":[{"href":"https:\/\/www.justiceinfo.net\/fr\/wp-json\/wp\/v2\/types\/post"}],"author":[{"embeddable":true,"href":"https:\/\/www.justiceinfo.net\/fr\/wp-json\/wp\/v2\/users\/60"}],"replies":[{"embeddable":true,"href":"https:\/\/www.justiceinfo.net\/fr\/wp-json\/wp\/v2\/comments?post=158646"}],"version-history":[{"count":0,"href":"https:\/\/www.justiceinfo.net\/fr\/wp-json\/wp\/v2\/posts\/158646\/revisions"}],"wp:attachment":[{"href":"https:\/\/www.justiceinfo.net\/fr\/wp-json\/wp\/v2\/media?parent=158646"}],"wp:term":[{"taxonomy":"category","embeddable":true,"href":"https:\/\/www.justiceinfo.net\/fr\/wp-json\/wp\/v2\/categories?post=158646"},{"taxonomy":"post_tag","embeddable":true,"href":"https:\/\/www.justiceinfo.net\/fr\/wp-json\/wp\/v2\/tags?post=158646"},{"taxonomy":"ji_location","embeddable":true,"href":"https:\/\/www.justiceinfo.net\/fr\/wp-json\/wp\/v2\/ji_location?post=158646"}],"curies":[{"name":"wp","href":"https:\/\/api.w.org\/{rel}","templated":true}]}}