{"id":163773,"date":"2026-08-31T11:24:12","date_gmt":"2026-08-31T09:24:12","guid":{"rendered":"https:\/\/www.justiceinfo.net\/?p=163773"},"modified":"2026-08-31T13:10:14","modified_gmt":"2026-08-31T11:10:14","slug":"cps-le-proces-guen-reprend-avec-les-plaidoiries-finales","status":"publish","type":"post","link":"https:\/\/www.justiceinfo.net\/fr\/163773-cps-le-proces-guen-reprend-avec-les-plaidoiries-finales.html","title":{"rendered":"CPS\u00a0: le proc\u00e8s Guen reprend, avec les plaidoiries finales"},"content":{"rendered":"\n<p>Le quatri\u00e8me proc\u00e8s de la Cour p\u00e9nale sp\u00e9ciale entame les plaidoiries finales, ce lundi 31 ao\u00fbt. Avant la cl\u00f4ture des d\u00e9bats, le 11 juin, Edmond Beina et Dieudonn\u00e9 Gomitoua se sont renvoy\u00e9 la balle concernant le massacre d\u2019une quarantaine de musulmans.<\/p>\n\n\n\n<!--more-->\n\n\n\n<p>\u00ab&nbsp;Apr\u00e8s la d\u00e9mission du pr\u00e9sident Djotodja en 2014, les Anti-Balaka [groupe de milices \u00e0 pr\u00e9dominance chr\u00e9tienne] se sont jet\u00e9s sur la population musulmane, dans les rues de Guen, et ont commis des massacres sur des personnes civiles, sur des femmes, sur des enfants&nbsp;\u00bb, <a href=\"https:\/\/www.justiceinfo.net\/fr\/148578-centrafrique-cps-plaide-sursis.html\">confiait<\/a> le procureur Alain Ouaby-B\u00e9ka\u00ef \u00e0 Justice Info avant l\u2019ouverture du quatri\u00e8me proc\u00e8s de la <a href=\"https:\/\/www.justiceinfo.net\/fr\/tag\/cour-penale-speciale\">Cour p\u00e9nale sp\u00e9ciale (CPS)<\/a>, \u00e0 la fin de l\u2019ann\u00e9e 2025.<\/p>\n\n\n\n<p>Dans ce proc\u00e8s dit de Guen, pour des crimes de guerre et crimes contre l\u2019humanit\u00e9 ayant eu lieu entre f\u00e9vrier et mars 2014 dans les villes de Gadzi, Guen et Djomo, \u00e0 l\u2019ouest de la R\u00e9publique centrafricaine (RCA), les d\u00e9bats se sont clos le 11 juin dernier avec une s\u00e9rie de confrontations des accus\u00e9s par les juges, aux faits pr\u00e9sent\u00e9s durant les 7 semaines d\u2019audience.<\/p>\n\n\n\n<p>Initialement ils devaient \u00eatre six accus\u00e9s. L\u2019un \u00e9tant en fuite et l\u2019autre d\u00e9c\u00e9d\u00e9, ils sont quatre. Trois en tenues orange de prisonniers \u2013&nbsp;Edmond Beina, Phil\u00e9mon Kahena alias CB, Fran\u00e7ois Boybanda alias Bal\u00e8re&nbsp;\u2013 tandis que Dieudonn\u00e9 Gomitoua compara\u00eet libre, en tenue de ville. Tour \u00e0 tour, les juges de la CPS les ont interrog\u00e9s pendant plusieurs jours sur les crimes de pillage, de meurtre, de d\u00e9placement forc\u00e9, de viol, d\u2019esclavage sexuel, d\u2019extermination, de pers\u00e9cutions, et de traitements inhumains et d\u00e9gradants, qui leur sont reproch\u00e9s. Tous les accus\u00e9s pr\u00e9sents ont plaid\u00e9 non coupable. Pour \u00e9tablir leur culpabilit\u00e9, le parquet a convoqu\u00e9 \u00e0 Bangui une vingtaine de t\u00e9moins, qui, au fil du proc\u00e8s, ont \u00e9t\u00e9 port\u00e9s \u00e0 une quarantaine.<\/p>\n\n\n\n<h2 class=\"wp-block-heading\" id=\"h-boybanda-nbsp-nbsp-moi-j-etais-dans-mon-champ-je-ne-sais-rien-nbsp\">Boybanda&nbsp;: \u00ab&nbsp;Moi j\u2019\u00e9tais dans mon champ, je ne sais rien&nbsp;\u00bb<\/h2>\n\n\n\n<p>Boybanda, chef de groupement au village Gba\u00efna dans les environs de Guen, explique le 11 juin dernier devant la cour qu\u2019il a \u00e9t\u00e9 \u00ab&nbsp;chass\u00e9&nbsp;\u00bb de Guen jusque dans son champ par les rebelles la S\u00e9l\u00e9ka [une coalition \u00e0 dominante religieuse musulmane], qui l\u2019ont dit-il frapp\u00e9 jusqu\u2019\u00e0 ce qu\u2019il ait une cote bris\u00e9e en 2013.<\/p>\n\n\n\n<p>\u2013 Est-ce pour vous venger que vous avez constitu\u00e9 un groupe d\u2019Anti-Balaka ? l\u2019interroge le juge Aim\u00e9 Pascal D\u00e9limo, pr\u00e9sident de la cour. &nbsp;<\/p>\n\n\n\n<p><strong>\u2013 <\/strong>Non, monsieur le juge, il n\u2019y a jamais eu un groupe Anti-Balaka dans la r\u00e9gion.<\/p>\n\n\n\n<p><strong>\u2013 <\/strong>Mais pourquoi les d\u00e9clarations de vos coaccus\u00e9s vous taxent d\u2019Anti-Balaka ?<\/p>\n\n\n\n<p>A cette question, l\u2019accus\u00e9 reste muet. Le juge lui demande alors s\u2019il conna\u00eet ses co-accus\u00e9s.<\/p>\n\n\n\n<p><strong>\u2013 <\/strong>Oui, Phil\u00e9mon Kahena est le pr\u00e9sident de la jeunesse de Guen&nbsp;; Edmond Beina est connu comme un chef Anti-Balaka venu de la r\u00e9gion de T\u00e9doua dans l\u2019Ombella Mpoko pour combattre les \u00e9l\u00e9ments de la S\u00e9l\u00e9ka qui commettaient des exactions dans la r\u00e9gion.<\/p>\n\n\n\n<p>\u2013 Que faisaient Beina et ses \u00e9l\u00e9ments dans la ville&nbsp;?<\/p>\n\n\n\n<p>\u2013&nbsp;Moi j\u2019\u00e9tais dans mon champ, je ne sais rien.<\/p>\n\n\n\n<figure class=\"wp-block-image size-full\"><img loading=\"lazy\" decoding=\"async\" width=\"1080\" height=\"810\" src=\"https:\/\/www.justiceinfo.net\/wp-content\/uploads\/Centrafrique_proces-Guen-juges_@Cour-Penale-Speciale.jpg\" alt=\"3 juges de la Cour p\u00e9nale sp\u00e9ciale (CPS) en Centrafrique\" class=\"wp-image-164276\" srcset=\"https:\/\/www.justiceinfo.net\/wp-content\/uploads\/Centrafrique_proces-Guen-juges_@Cour-Penale-Speciale.jpg 1080w, https:\/\/www.justiceinfo.net\/wp-content\/uploads\/Centrafrique_proces-Guen-juges_@Cour-Penale-Speciale-1000x750.jpg 1000w\" sizes=\"auto, (max-width: 1080px) 100vw, 1080px\" \/><figcaption class=\"wp-element-caption\">De gauche \u00e0 droite : les juges Herizo Rado Andriamanantena, Aim\u00e9 Pascal Delimo (pr\u00e9sident) et Emile Ndjapou forment l\u2019unique section d\u2019assises de la Cour p\u00e9nale sp\u00e9ciale (CPS) en R\u00e9publique centrafricaine. Photo : \u00a9 Cour p\u00e9nale sp\u00e9ciale<\/figcaption><\/figure>\n\n\n\n<h2 class=\"wp-block-heading\" id=\"h-kahena-nbsp-nbsp-je-travaillais-avec-les-anti-balaka-pour-faire-la-paix-nbsp\">Kahena&nbsp;: \u00ab&nbsp;Je travaillais avec les Anti-Balaka pour faire la paix&nbsp;\u00bb<\/h2>\n\n\n\n<p>Kahena<strong>,<\/strong> lui aussi est accus\u00e9 d\u2019avoir dirig\u00e9 un groupe Anti-Balaka. Interrog\u00e9 par la cour, il indique qu\u2019il travaillait pour le compte de l\u2019ONG Finn Church Protection avec qui il recensait des cas de violation de droits humains tout en \u00ab&nbsp;conseillant&nbsp;\u00bb dit-il des groupes d\u2019autod\u00e9fense.<\/p>\n\n\n\n<p><strong>\u2013 <\/strong>O\u00f9 \u00e9tiez-vous au moment des faits ?, l\u2019interroge le pr\u00e9sident. &nbsp;<\/p>\n\n\n\n<p><strong>\u2013 <\/strong>J\u2019\u00e9tais dans mon champ \u00e0 quatre kilom\u00e8tres de Guen o\u00f9 j\u2019ai demeur\u00e9 plusieurs mois aux c\u00f4t\u00e9s de feue ma belle-m\u00e8re qui \u00e9tait malade.<\/p>\n\n\n\n<p><strong>\u2013 <\/strong>Pourquoi \u00eates-vous sorti [pour retourner \u00e0 Guen]&nbsp;?<\/p>\n\n\n\n<p><strong>\u2013 <\/strong>J\u2019avais appris la nouvelle du d\u00e9c\u00e8s de mon petit fr\u00e8re, j\u2019\u00e9tais sorti pour les fun\u00e9railles.&nbsp;<\/p>\n\n\n\n<p><strong>\u2013 <\/strong>Qui l\u2019avait tu\u00e9&nbsp;?<\/p>\n\n\n\n<p><strong>\u2013 <\/strong>Ce sont les \u00e9l\u00e9ments de la S\u00e9l\u00e9ka. C\u2019est ce qu\u2019on m\u2019a rapport\u00e9.<\/p>\n\n\n\n<p><strong>\u2013 <\/strong>Vous avez constitu\u00e9 votre groupe pour vous venger&nbsp;?<\/p>\n\n\n\n<p><strong>\u2013 <\/strong>Non, monsieur le juge. Ce sont des accusations injustement port\u00e9es contre moi. Je travaillais avec les \u00e9l\u00e9ments Anti-Balaka pour faire la paix.<\/p>\n\n\n\n<p><strong>\u2013 <\/strong>Pourquoi on vous appelle CB&nbsp;?<\/p>\n\n\n\n<p><strong>\u2013 <\/strong>C\u2019est le sobriquet que ma tante paternelle m\u2019avait donn\u00e9, vu ma ressemblance avec un chef de brigade [CB]&nbsp;affect\u00e9 \u00e0 Guen \u00e0 l\u2019\u00e9poque o\u00f9 j\u2019\u00e9tais petit. A Guen, il y a plus de trois CB\u2026<\/p>\n\n\n\n<h2 class=\"wp-block-heading\" id=\"h-gomitoua-nbsp-nbsp-beina-je-l-ai-vu-tuer-froidement-des-gens-nbsp\">Gomitoua&nbsp;: \u00ab&nbsp;Beina, je l\u2019ai vu tuer froidement des gens&nbsp;\u00bb<\/h2>\n\n\n\n<p>Gomitoua, qui comparait libre, est accus\u00e9 d\u2019avoir pris part \u00e0 une tuerie de plus d\u2019une quarantaine de personnes au domicile d\u2019un chef local, AliGarba, qui h\u00e9bergeait des musulmans. Durant les audiences, cet \u00e9pisode de violences commises dans sa concession, pr\u00e9sent\u00e9e par plusieurs t\u00e9moins comme un lieu de refuge devenu sc\u00e8ne de mise \u00e0 mort, est devenu un pivot du proc\u00e8s. Autour de ce noyau se sont greff\u00e9s d\u2019autres \u00e9v\u00e9nements&nbsp;: des attaques contre des lieux de culte, assassinats et violences \u00e0 Djomo et \u00e0 Gadzi.<\/p>\n\n\n\n<p>Gomitoua, ancien d\u00e9put\u00e9 de Guen, est pr\u00e9sent\u00e9 par sa d\u00e9fense comme une autorit\u00e9 prise en otage, impuissante face aux Anti-Balaka et notamment face \u00e0 Beina.&nbsp;<\/p>\n\n\n\n<p>\u2013 Selon un t\u00e9moin, vous avez dit \u00e0 Beina&nbsp;\u2018sara koua ti mon\u2019 (en fran\u00e7ais, fais ton travail). Que vouliez-vous dire&nbsp;?<\/p>\n\n\n\n<p>\u2013 Monsieur le pr\u00e9sident, je l\u2019avais suppli\u00e9 pour qu\u2019il ne commette pas ce massacre, il ne m\u2019a pas compris. Etant lass\u00e9, je lui ai donc dit de faire ce qu\u2019il voulait, tout en sachant qu\u2019un jour, la justice sera faite. Tel est le sens de mes mots.<\/p>\n\n\n\n<p>\u2013 Aviez-vous une arme en main&nbsp;?<\/p>\n\n\n\n<p>\u2013&nbsp;Non, monsieur le juge. On m\u2019a transport\u00e9 en moto alors que j\u2019\u00e9tais malade, c\u2019est le maire Trixi qui a envoy\u00e9 me chercher pour intervenir en tant que notable.<\/p>\n\n\n\n<p>\u2013 Qui a tu\u00e9 toutes ces personnes&nbsp;? C\u2019est Beina et ses \u00e9l\u00e9ments. Il est bel et bien un chef Anti-Balaka. Je l\u2019ai vu plusieurs fois arm\u00e9.&nbsp;Je l\u2019ai aussi vu tuer froidement des gens.<\/p>\n\n\n\t<div class=\"ArticleNewsletterCTA\">\r\n\t\t<div class=\"ArticleNewsletterCTATitle\">Vous trouvez cet article int\u00e9ressant ?<\/div>\r\n\t\t<div class=\"ArticleNewsletterCTAText\">\r\n\t\t\t<a href=\"\/fr\/newsletter\">Inscrivez-vous maintenant \u00e0 notre newsletter<\/a> (gratuite) pour \u00eatre certain de ne pas passer \u00e0 c\u00f4t\u00e9 d'autres publications de ce type.\t\t<\/div>\r\n\t<\/div>\r\n\t\n\n\n<h2 class=\"wp-block-heading\" id=\"h-beina-nbsp-nbsp-la-communaute-musulmane-preparait-une-attaque-nbsp\">Beina&nbsp;: \u00ab&nbsp;La communaut\u00e9 musulmane pr\u00e9parait une attaque&nbsp;\u00bb<\/h2>\n\n\n\n<p>Plusieurs t\u00e9moins ont affirm\u00e9 au cours du proc\u00e8s avoir vu Beina donner des ordres, regrouper des hommes et ordonner leur ex\u00e9cution. A la question de savoir s\u2019il existait une hi\u00e9rarchie au sein des Anti-Balaka, un commer\u00e7ant musulman a notamment r\u00e9pondu par l\u2019affirmative, citant Beina, Jean Bahara [jug\u00e9 par contumace] et Mathurin Kombo [accus\u00e9 d\u00e9c\u00e9d\u00e9] comme influents, affirmant qu\u2019ils se d\u00e9pla\u00e7aient ensemble et que Beina se faisait appeler \u00ab Delta Force \u00bb.<\/p>\n\n\n\n<p>Pr\u00e9sent\u00e9 par l\u2019accusation comme le chef de file des Anti-Balaka \u00e0 Guen, Beina n\u2019a pas ni\u00e9 les faits all\u00e9gu\u00e9s par les t\u00e9moins, le 11 juin lors de sa confrontation. Mais il a aussi tenu \u00e0 charger son co-accus\u00e9 et \u00e0 d\u00e9clarer que, contrairement \u00e0 ses d\u00e9clarations, \u00ab&nbsp;Gomitoua qui a l\u2019\u00e2ge de mon p\u00e8re \u00e9tait venu avec une arme \u00e0 feu pour \u00e9liminer Ali Garba, que je me suis charg\u00e9 de prot\u00e9ger.&nbsp;\u00bb<\/p>\n\n\n\n<p>\u2013 Pourquoi selon vous Gomitoua se serait impliqu\u00e9 dans ce massacre&nbsp;?, le questionne le pr\u00e9sident.<\/p>\n\n\n\n<p>\u2013 Une affaire politique, certainement. Aussi, la communaut\u00e9 musulmane de la r\u00e9gion pr\u00e9parait une attaque&nbsp;: une bassine de munitions avait \u00e9t\u00e9 retrouv\u00e9e au domicile de Ali Garba. Ayant pris connaissance de cette pr\u00e9paration, on a d\u00e9cid\u00e9 de r\u00e9agir.<\/p>\n\n\n\n<p>\u2013 Qui est derri\u00e8re ce \u00ab&nbsp;on&nbsp;\u00bb&nbsp;?<\/p>\n\n\n\n<p>\u2013 Nous et certains notables qui disaient que cette r\u00e9gion est leur patrimoine, qu\u2019ils ne pourront rester regarder des \u00e9trangers martyriser les habitants.<\/p>\n\n\n\n<p>Les audiences dans le proc\u00e8s Guen doivent reprendre lundi 31 ao\u00fbt, avec les plaidoiries finales des parties civiles, de l\u2019accusation et de la d\u00e9fense, pr\u00e9vues pour se conclure le 11 septembre.<\/p>\n\n\n<div class=\"content-encadre\">\r\n\t<p><strong>\u00ab PI\u00c8CES A CONVICTION \u00bb<\/strong><\/p>\n<p>Le 2 mars 2026, le parquet a pr\u00e9sent\u00e9 aux juges de la Cour p\u00e9nale sp\u00e9ciale (CPS) des \u00ab\u00a0pi\u00e8ces \u00e0 conviction\u00a0\u00bb dans le proc\u00e8s Guen. Ces pi\u00e8ces comprennent des t\u00e9l\u00e9phones portables de diff\u00e9rentes marques appartenant aux accus\u00e9s. Pour l\u2019accus\u00e9 Edmond Beina, la cour a pr\u00e9sent\u00e9 un mini-radio transistor et un couteau de jet. Un cahier de 50 pages vers\u00e9 au dossier a aussi \u00e9t\u00e9 apport\u00e9 devant la cour, par un t\u00e9moin \u00e0 charge, leader de la communaut\u00e9 musulmane, contient 89 noms de musulmans qui auraient perdu la vie au cours des \u00e9v\u00e9nements.<\/p>\n<p>La cour a par ailleurs projet\u00e9 trois vid\u00e9os. La premi\u00e8re montre des tombes ou fosses communes de personnes qui ont perdu la vie lors des \u00e9v\u00e8nements \u00e0 Guen. \u00a0La seconde montre un entretien t\u00e9l\u00e9phonique dans lequel une voix d\u2019homme \u2013 qui serait celle de Beina \u2013\u00a0qui confirme le massacre de plus de 40 musulmans \u00e0 Guen. La troisi\u00e8me vid\u00e9o pr\u00e9sente le t\u00e9moignage d\u2019une jeune fille musulmane \u00e2g\u00e9e de 12 ans au moment des faits. Cette derni\u00e8re affirme que son p\u00e8re et son fr\u00e8re ont \u00e9t\u00e9 tu\u00e9s devant elle \u00e0 Guen.<\/p>\n<\/div>\n\n<div class=\"articleLink articleLink--editorRecommanded articleLink--textInImage articleLink--textTop\" style=\"\">\r\n\t\t\t\t\t\r\n\t\t\t<div class=\"articleLinkSurTitle\">Recommand\u00e9 par la r\u00e9daction<\/div>\r\n\t\t\t<a class=\"articleLinkImageLink\" href=\"https:\/\/www.justiceinfo.net\/fr\/158070-cps-autre-tribunal-sans-tete.html\"><div class=\"articleLinkImageContainer \"><img loading=\"lazy\" decoding=\"async\" width=\"540\" height=\"360\" src=\"https:\/\/www.justiceinfo.net\/wp-content\/uploads\/Republique-Centrafricaine_Toussaint-Muntazini-Mukimapa-CPS-2017-540x360.jpg\" class=\"articleLinkImage backgroundImageTag w-100 wp-post-image\" alt=\"Toussaint Muntazini Mukimapa pr\u00eate serment en tant que procureur de la Cour p\u00e9nale sp\u00e9ciale (CPS) en Centrafrique.\" srcset=\"https:\/\/www.justiceinfo.net\/wp-content\/uploads\/Republique-Centrafricaine_Toussaint-Muntazini-Mukimapa-CPS-2017-540x360.jpg 540w, https:\/\/www.justiceinfo.net\/wp-content\/uploads\/Republique-Centrafricaine_Toussaint-Muntazini-Mukimapa-CPS-2017-1000x667.jpg 1000w, https:\/\/www.justiceinfo.net\/wp-content\/uploads\/Republique-Centrafricaine_Toussaint-Muntazini-Mukimapa-CPS-2017-1110x740.jpg 1110w, https:\/\/www.justiceinfo.net\/wp-content\/uploads\/Republique-Centrafricaine_Toussaint-Muntazini-Mukimapa-CPS-2017.jpg 1200w\" sizes=\"auto, (max-width: 540px) 100vw, 540px\" \/><\/div><\/a>\r\n\t\t\t<a href=\"https:\/\/www.justiceinfo.net\/fr\/158070-cps-autre-tribunal-sans-tete.html\" class=\"articleLinkTitle articleLinkTitle--default\">\r\n\t\t\tLa CPS, l\u2019autre tribunal \u00ab\u00a0sans t\u00eate\u00a0\u00bb\r\n\t\t<\/a>\r\n\t\t\r\n\t\t\t\t<\/div>","protected":false},"excerpt":{"rendered":"<p>Le quatri\u00e8me proc\u00e8s de la Cour p\u00e9nale sp\u00e9ciale entame les plaidoiries finales, ce lundi 31 ao\u00fbt. Avant la cl\u00f4ture des d\u00e9bats, le 11 juin, Edmond Beina et Dieudonn\u00e9 Gomitoua se sont renvoy\u00e9 la balle concernant le massacre d\u2019une quarantaine de musulmans.<\/p>\n","protected":false},"author":64,"featured_media":164282,"comment_status":"open","ping_status":"closed","sticky":false,"template":"","format":"standard","meta":{"_acf_changed":false,"footnotes":""},"categories":[573],"tags":[3074],"ji_location":[2164],"class_list":["post-163773","post","type-post","status-publish","format-standard","has-post-thumbnail","hentry","category-tribunaux-mixtes","tag-cour-penale-speciale","ji_location-republique-centrafricaine"],"acf":[],"yoast_head":"<!-- This site is optimized with the Yoast SEO Premium plugin v25.3.1 (Yoast SEO v25.3.1) - https:\/\/yoast.com\/wordpress\/plugins\/seo\/ -->\n<title>CPS : le proc\u00e8s Guen reprend, avec les plaidoiries finales<\/title>\n<meta name=\"description\" content=\"Le quatri\u00e8me proc\u00e8s de la Cour p\u00e9nale sp\u00e9ciale entame les plaidoiries finales, ce lundi 31 ao\u00fbt. Avant la cl\u00f4ture des d\u00e9bats, le 11 juin, Edmond Beina et Dieudonn\u00e9 Gomitoua se sont renvoy\u00e9 la balle concernant le massacre d\u2019une quarantaine de musulmans.\" \/>\n<meta name=\"robots\" content=\"index, follow, max-snippet:-1, max-image-preview:large, max-video-preview:-1\" \/>\n<link rel=\"canonical\" href=\"https:\/\/www.justiceinfo.net\/fr\/163773-cps-le-proces-guen-reprend-avec-les-plaidoiries-finales.html\" \/>\n<meta property=\"og:locale\" content=\"fr_FR\" \/>\n<meta property=\"og:type\" content=\"article\" \/>\n<meta property=\"og:title\" content=\"CPS : le proc\u00e8s Guen reprend, avec les plaidoiries finales\" \/>\n<meta property=\"og:description\" content=\"Le quatri\u00e8me proc\u00e8s de la Cour p\u00e9nale sp\u00e9ciale entame les plaidoiries finales, ce lundi 31 ao\u00fbt. Avant la cl\u00f4ture des d\u00e9bats, le 11 juin, Edmond Beina et Dieudonn\u00e9 Gomitoua se sont renvoy\u00e9 la balle concernant le massacre d\u2019une quarantaine de musulmans.\" \/>\n<meta property=\"og:url\" content=\"https:\/\/www.justiceinfo.net\/fr\/163773-cps-le-proces-guen-reprend-avec-les-plaidoiries-finales.html\" \/>\n<meta property=\"og:site_name\" content=\"JusticeInfo.net\" \/>\n<meta property=\"article:publisher\" content=\"https:\/\/www.facebook.com\/JusticeInfo\/\" \/>\n<meta property=\"article:published_time\" content=\"2026-08-31T09:24:12+00:00\" \/>\n<meta property=\"article:modified_time\" content=\"2026-08-31T11:10:14+00:00\" \/>\n<meta property=\"og:image\" content=\"https:\/\/www.justiceinfo.net\/wp-content\/uploads\/Centrafrique_proces-Guen-1_@Cour-Penale-Speciale.jpg\" \/>\n\t<meta property=\"og:image:width\" content=\"1080\" \/>\n\t<meta property=\"og:image:height\" content=\"810\" \/>\n\t<meta property=\"og:image:type\" content=\"image\/jpeg\" \/>\n<meta name=\"author\" content=\"Andy Avila Bissayo\" \/>\n<meta name=\"twitter:card\" content=\"summary_large_image\" \/>\n<meta name=\"twitter:title\" content=\"CPS\u00a0: le proc\u00e8s Guen reprend, avec les plaidoiries finales\" \/>\n<meta name=\"twitter:creator\" content=\"@justiceinfonet\" \/>\n<meta name=\"twitter:site\" content=\"@justiceinfonet\" \/>\n<meta name=\"twitter:label1\" content=\"\u00c9crit par\" \/>\n\t<meta name=\"twitter:data1\" content=\"Andy Avila Bissayo\" \/>\n\t<meta name=\"twitter:label2\" content=\"Dur\u00e9e de lecture estim\u00e9e\" \/>\n\t<meta name=\"twitter:data2\" content=\"7 minutes\" \/>\n<script type=\"application\/ld+json\" class=\"yoast-schema-graph\">{\"@context\":\"https:\/\/schema.org\",\"@graph\":[{\"@type\":\"NewsArticle\",\"@id\":\"https:\/\/www.justiceinfo.net\/fr\/163773-cps-le-proces-guen-reprend-avec-les-plaidoiries-finales.html#article\",\"isPartOf\":{\"@id\":\"https:\/\/www.justiceinfo.net\/fr\/163773-cps-le-proces-guen-reprend-avec-les-plaidoiries-finales.html\"},\"author\":{\"name\":\"solivri\",\"@id\":\"https:\/\/www.justiceinfo.net\/fr#\/schema\/person\/6e53cba1629e2e66f3fc1821d3091865\"},\"headline\":\"CPS\u00a0: le proc\u00e8s Guen reprend, avec les plaidoiries finales\",\"datePublished\":\"2026-08-31T09:24:12+00:00\",\"dateModified\":\"2026-08-31T11:10:14+00:00\",\"mainEntityOfPage\":{\"@id\":\"https:\/\/www.justiceinfo.net\/fr\/163773-cps-le-proces-guen-reprend-avec-les-plaidoiries-finales.html\"},\"wordCount\":1424,\"commentCount\":0,\"publisher\":{\"@id\":\"https:\/\/www.justiceinfo.net\/fr#organization\"},\"image\":{\"@id\":\"https:\/\/www.justiceinfo.net\/fr\/163773-cps-le-proces-guen-reprend-avec-les-plaidoiries-finales.html#primaryimage\"},\"thumbnailUrl\":\"https:\/\/www.justiceinfo.net\/wp-content\/uploads\/Centrafrique_proces-Guen-1_@Cour-Penale-Speciale.jpg\",\"keywords\":[\"Cour p\u00e9nale sp\u00e9ciale\"],\"articleSection\":[\"Tribunaux mixtes\"],\"inLanguage\":\"fr-FR\",\"potentialAction\":[{\"@type\":\"CommentAction\",\"name\":\"Comment\",\"target\":[\"https:\/\/www.justiceinfo.net\/fr\/163773-cps-le-proces-guen-reprend-avec-les-plaidoiries-finales.html#respond\"]}]},{\"@type\":\"WebPage\",\"@id\":\"https:\/\/www.justiceinfo.net\/fr\/163773-cps-le-proces-guen-reprend-avec-les-plaidoiries-finales.html\",\"url\":\"https:\/\/www.justiceinfo.net\/fr\/163773-cps-le-proces-guen-reprend-avec-les-plaidoiries-finales.html\",\"name\":\"CPS : le proc\u00e8s Guen reprend, avec les plaidoiries finales\",\"isPartOf\":{\"@id\":\"https:\/\/www.justiceinfo.net\/fr#website\"},\"primaryImageOfPage\":{\"@id\":\"https:\/\/www.justiceinfo.net\/fr\/163773-cps-le-proces-guen-reprend-avec-les-plaidoiries-finales.html#primaryimage\"},\"image\":{\"@id\":\"https:\/\/www.justiceinfo.net\/fr\/163773-cps-le-proces-guen-reprend-avec-les-plaidoiries-finales.html#primaryimage\"},\"thumbnailUrl\":\"https:\/\/www.justiceinfo.net\/wp-content\/uploads\/Centrafrique_proces-Guen-1_@Cour-Penale-Speciale.jpg\",\"datePublished\":\"2026-08-31T09:24:12+00:00\",\"dateModified\":\"2026-08-31T11:10:14+00:00\",\"description\":\"Le quatri\u00e8me proc\u00e8s de la Cour p\u00e9nale sp\u00e9ciale entame les plaidoiries finales, ce lundi 31 ao\u00fbt. Avant la cl\u00f4ture des d\u00e9bats, le 11 juin, Edmond Beina et Dieudonn\u00e9 Gomitoua se sont renvoy\u00e9 la balle concernant le massacre d\u2019une quarantaine de musulmans.\",\"breadcrumb\":{\"@id\":\"https:\/\/www.justiceinfo.net\/fr\/163773-cps-le-proces-guen-reprend-avec-les-plaidoiries-finales.html#breadcrumb\"},\"inLanguage\":\"fr-FR\",\"potentialAction\":[{\"@type\":\"ReadAction\",\"target\":[\"https:\/\/www.justiceinfo.net\/fr\/163773-cps-le-proces-guen-reprend-avec-les-plaidoiries-finales.html\"]}]},{\"@type\":\"ImageObject\",\"inLanguage\":\"fr-FR\",\"@id\":\"https:\/\/www.justiceinfo.net\/fr\/163773-cps-le-proces-guen-reprend-avec-les-plaidoiries-finales.html#primaryimage\",\"url\":\"https:\/\/www.justiceinfo.net\/wp-content\/uploads\/Centrafrique_proces-Guen-1_@Cour-Penale-Speciale.jpg\",\"contentUrl\":\"https:\/\/www.justiceinfo.net\/wp-content\/uploads\/Centrafrique_proces-Guen-1_@Cour-Penale-Speciale.jpg\",\"width\":1080,\"height\":810,\"caption\":\"De gauche \u00e0 droite : Dieudonn\u00e9 Gomitoua (qui compara\u00eet libre), Fran\u00e7ois Boybanda, Edmond Beina, et Phil\u00e9mon Kahena. Un cinqui\u00e8me accus\u00e9, Jean Bahara, est jug\u00e9 par contumace. Pr\u00e9sum\u00e9s avoir \u00e9t\u00e9 membres ou soutiens des milices anti-balakas, ils sont jug\u00e9s pour des crimes de guerre et crimes contre l\u2019humanit\u00e9 perp\u00e9tr\u00e9s entre f\u00e9vrier et mars 2014 dans les villes de Gadzi, Guen et Djomo, \u00e0 l\u2019ouest de la R\u00e9publique centrafricaine (RCA). Photo : \u00a9 Cour p\u00e9nale sp\u00e9ciale\"},{\"@type\":\"BreadcrumbList\",\"@id\":\"https:\/\/www.justiceinfo.net\/fr\/163773-cps-le-proces-guen-reprend-avec-les-plaidoiries-finales.html#breadcrumb\",\"itemListElement\":[{\"@type\":\"ListItem\",\"position\":1,\"name\":\"Home\",\"item\":\"https:\/\/www.justiceinfo.net\/fr\"},{\"@type\":\"ListItem\",\"position\":2,\"name\":\"CPS\u00a0: le proc\u00e8s Guen reprend, avec les plaidoiries finales\"}]},{\"@type\":\"WebSite\",\"@id\":\"https:\/\/www.justiceinfo.net\/fr#website\",\"url\":\"https:\/\/www.justiceinfo.net\/fr\",\"name\":\"JusticeInfo.net\",\"description\":\"La justice doit \u00eatre vue pour \u00eatre rendue\",\"publisher\":{\"@id\":\"https:\/\/www.justiceinfo.net\/fr#organization\"},\"potentialAction\":[{\"@type\":\"SearchAction\",\"target\":{\"@type\":\"EntryPoint\",\"urlTemplate\":\"https:\/\/www.justiceinfo.net\/fr?s={search_term_string}\"},\"query-input\":{\"@type\":\"PropertyValueSpecification\",\"valueRequired\":true,\"valueName\":\"search_term_string\"}}],\"inLanguage\":\"fr-FR\"},{\"@type\":\"Organization\",\"@id\":\"https:\/\/www.justiceinfo.net\/fr#organization\",\"name\":\"Justice Info\",\"url\":\"https:\/\/www.justiceinfo.net\/fr\",\"logo\":{\"@type\":\"ImageObject\",\"inLanguage\":\"fr-FR\",\"@id\":\"https:\/\/www.justiceinfo.net\/fr#\/schema\/logo\/image\/\",\"url\":\"https:\/\/www.justiceinfo.net\/wp-content\/uploads\/justiceinfo_logo-trans_1200x1200px.png\",\"contentUrl\":\"https:\/\/www.justiceinfo.net\/wp-content\/uploads\/justiceinfo_logo-trans_1200x1200px.png\",\"width\":1199,\"height\":1200,\"caption\":\"Justice Info\"},\"image\":{\"@id\":\"https:\/\/www.justiceinfo.net\/fr#\/schema\/logo\/image\/\"},\"sameAs\":[\"https:\/\/www.facebook.com\/JusticeInfo\/\",\"https:\/\/x.com\/justiceinfonet\",\"https:\/\/www.linkedin.com\/company\/justice-info\",\"https:\/\/www.youtube.com\/channel\/UCyCEsARodyuWtkWyhn-e7pA\"]},{\"@type\":\"Person\",\"name\":\"Andy Avila Bissayo\",\"url\":\"\/fr\/?s=Andy Avila Bissayo\"}]}<\/script>\n<!-- \/ Yoast SEO Premium plugin. -->","yoast_head_json":{"title":"CPS : le proc\u00e8s Guen reprend, avec les plaidoiries finales","description":"Le quatri\u00e8me proc\u00e8s de la Cour p\u00e9nale sp\u00e9ciale entame les plaidoiries finales, ce lundi 31 ao\u00fbt. Avant la cl\u00f4ture des d\u00e9bats, le 11 juin, Edmond Beina et Dieudonn\u00e9 Gomitoua se sont renvoy\u00e9 la balle concernant le massacre d\u2019une quarantaine de musulmans.","robots":{"index":"index","follow":"follow","max-snippet":"max-snippet:-1","max-image-preview":"max-image-preview:large","max-video-preview":"max-video-preview:-1"},"canonical":"https:\/\/www.justiceinfo.net\/fr\/163773-cps-le-proces-guen-reprend-avec-les-plaidoiries-finales.html","og_locale":"fr_FR","og_type":"article","og_title":"CPS : le proc\u00e8s Guen reprend, avec les plaidoiries finales","og_description":"Le quatri\u00e8me proc\u00e8s de la Cour p\u00e9nale sp\u00e9ciale entame les plaidoiries finales, ce lundi 31 ao\u00fbt. Avant la cl\u00f4ture des d\u00e9bats, le 11 juin, Edmond Beina et Dieudonn\u00e9 Gomitoua se sont renvoy\u00e9 la balle concernant le massacre d\u2019une quarantaine de musulmans.","og_url":"https:\/\/www.justiceinfo.net\/fr\/163773-cps-le-proces-guen-reprend-avec-les-plaidoiries-finales.html","og_site_name":"JusticeInfo.net","article_publisher":"https:\/\/www.facebook.com\/JusticeInfo\/","article_published_time":"2026-08-31T09:24:12+00:00","article_modified_time":"2026-08-31T11:10:14+00:00","og_image":[{"width":1080,"height":810,"url":"https:\/\/www.justiceinfo.net\/wp-content\/uploads\/Centrafrique_proces-Guen-1_@Cour-Penale-Speciale.jpg","type":"image\/jpeg"}],"author":"Andy Avila Bissayo","twitter_card":"summary_large_image","twitter_title":"CPS\u00a0: le proc\u00e8s Guen reprend, avec les plaidoiries finales","twitter_creator":"@justiceinfonet","twitter_site":"@justiceinfonet","twitter_misc":{"\u00c9crit par":"Andy Avila Bissayo","Dur\u00e9e de lecture estim\u00e9e":"7 minutes"},"schema":{"@context":"https:\/\/schema.org","@graph":[{"@type":"NewsArticle","@id":"https:\/\/www.justiceinfo.net\/fr\/163773-cps-le-proces-guen-reprend-avec-les-plaidoiries-finales.html#article","isPartOf":{"@id":"https:\/\/www.justiceinfo.net\/fr\/163773-cps-le-proces-guen-reprend-avec-les-plaidoiries-finales.html"},"author":{"name":"solivri","@id":"https:\/\/www.justiceinfo.net\/fr#\/schema\/person\/6e53cba1629e2e66f3fc1821d3091865"},"headline":"CPS\u00a0: le proc\u00e8s Guen reprend, avec les plaidoiries finales","datePublished":"2026-08-31T09:24:12+00:00","dateModified":"2026-08-31T11:10:14+00:00","mainEntityOfPage":{"@id":"https:\/\/www.justiceinfo.net\/fr\/163773-cps-le-proces-guen-reprend-avec-les-plaidoiries-finales.html"},"wordCount":1424,"commentCount":0,"publisher":{"@id":"https:\/\/www.justiceinfo.net\/fr#organization"},"image":{"@id":"https:\/\/www.justiceinfo.net\/fr\/163773-cps-le-proces-guen-reprend-avec-les-plaidoiries-finales.html#primaryimage"},"thumbnailUrl":"https:\/\/www.justiceinfo.net\/wp-content\/uploads\/Centrafrique_proces-Guen-1_@Cour-Penale-Speciale.jpg","keywords":["Cour p\u00e9nale sp\u00e9ciale"],"articleSection":["Tribunaux mixtes"],"inLanguage":"fr-FR","potentialAction":[{"@type":"CommentAction","name":"Comment","target":["https:\/\/www.justiceinfo.net\/fr\/163773-cps-le-proces-guen-reprend-avec-les-plaidoiries-finales.html#respond"]}]},{"@type":"WebPage","@id":"https:\/\/www.justiceinfo.net\/fr\/163773-cps-le-proces-guen-reprend-avec-les-plaidoiries-finales.html","url":"https:\/\/www.justiceinfo.net\/fr\/163773-cps-le-proces-guen-reprend-avec-les-plaidoiries-finales.html","name":"CPS : le proc\u00e8s Guen reprend, avec les plaidoiries finales","isPartOf":{"@id":"https:\/\/www.justiceinfo.net\/fr#website"},"primaryImageOfPage":{"@id":"https:\/\/www.justiceinfo.net\/fr\/163773-cps-le-proces-guen-reprend-avec-les-plaidoiries-finales.html#primaryimage"},"image":{"@id":"https:\/\/www.justiceinfo.net\/fr\/163773-cps-le-proces-guen-reprend-avec-les-plaidoiries-finales.html#primaryimage"},"thumbnailUrl":"https:\/\/www.justiceinfo.net\/wp-content\/uploads\/Centrafrique_proces-Guen-1_@Cour-Penale-Speciale.jpg","datePublished":"2026-08-31T09:24:12+00:00","dateModified":"2026-08-31T11:10:14+00:00","description":"Le quatri\u00e8me proc\u00e8s de la Cour p\u00e9nale sp\u00e9ciale entame les plaidoiries finales, ce lundi 31 ao\u00fbt. Avant la cl\u00f4ture des d\u00e9bats, le 11 juin, Edmond Beina et Dieudonn\u00e9 Gomitoua se sont renvoy\u00e9 la balle concernant le massacre d\u2019une quarantaine de musulmans.","breadcrumb":{"@id":"https:\/\/www.justiceinfo.net\/fr\/163773-cps-le-proces-guen-reprend-avec-les-plaidoiries-finales.html#breadcrumb"},"inLanguage":"fr-FR","potentialAction":[{"@type":"ReadAction","target":["https:\/\/www.justiceinfo.net\/fr\/163773-cps-le-proces-guen-reprend-avec-les-plaidoiries-finales.html"]}]},{"@type":"ImageObject","inLanguage":"fr-FR","@id":"https:\/\/www.justiceinfo.net\/fr\/163773-cps-le-proces-guen-reprend-avec-les-plaidoiries-finales.html#primaryimage","url":"https:\/\/www.justiceinfo.net\/wp-content\/uploads\/Centrafrique_proces-Guen-1_@Cour-Penale-Speciale.jpg","contentUrl":"https:\/\/www.justiceinfo.net\/wp-content\/uploads\/Centrafrique_proces-Guen-1_@Cour-Penale-Speciale.jpg","width":1080,"height":810,"caption":"De gauche \u00e0 droite : Dieudonn\u00e9 Gomitoua (qui compara\u00eet libre), Fran\u00e7ois Boybanda, Edmond Beina, et Phil\u00e9mon Kahena. Un cinqui\u00e8me accus\u00e9, Jean Bahara, est jug\u00e9 par contumace. Pr\u00e9sum\u00e9s avoir \u00e9t\u00e9 membres ou soutiens des milices anti-balakas, ils sont jug\u00e9s pour des crimes de guerre et crimes contre l\u2019humanit\u00e9 perp\u00e9tr\u00e9s entre f\u00e9vrier et mars 2014 dans les villes de Gadzi, Guen et Djomo, \u00e0 l\u2019ouest de la R\u00e9publique centrafricaine (RCA). Photo : \u00a9 Cour p\u00e9nale sp\u00e9ciale"},{"@type":"BreadcrumbList","@id":"https:\/\/www.justiceinfo.net\/fr\/163773-cps-le-proces-guen-reprend-avec-les-plaidoiries-finales.html#breadcrumb","itemListElement":[{"@type":"ListItem","position":1,"name":"Home","item":"https:\/\/www.justiceinfo.net\/fr"},{"@type":"ListItem","position":2,"name":"CPS\u00a0: le proc\u00e8s Guen reprend, avec les plaidoiries finales"}]},{"@type":"WebSite","@id":"https:\/\/www.justiceinfo.net\/fr#website","url":"https:\/\/www.justiceinfo.net\/fr","name":"JusticeInfo.net","description":"La justice doit \u00eatre vue pour \u00eatre rendue","publisher":{"@id":"https:\/\/www.justiceinfo.net\/fr#organization"},"potentialAction":[{"@type":"SearchAction","target":{"@type":"EntryPoint","urlTemplate":"https:\/\/www.justiceinfo.net\/fr?s={search_term_string}"},"query-input":{"@type":"PropertyValueSpecification","valueRequired":true,"valueName":"search_term_string"}}],"inLanguage":"fr-FR"},{"@type":"Organization","@id":"https:\/\/www.justiceinfo.net\/fr#organization","name":"Justice Info","url":"https:\/\/www.justiceinfo.net\/fr","logo":{"@type":"ImageObject","inLanguage":"fr-FR","@id":"https:\/\/www.justiceinfo.net\/fr#\/schema\/logo\/image\/","url":"https:\/\/www.justiceinfo.net\/wp-content\/uploads\/justiceinfo_logo-trans_1200x1200px.png","contentUrl":"https:\/\/www.justiceinfo.net\/wp-content\/uploads\/justiceinfo_logo-trans_1200x1200px.png","width":1199,"height":1200,"caption":"Justice Info"},"image":{"@id":"https:\/\/www.justiceinfo.net\/fr#\/schema\/logo\/image\/"},"sameAs":["https:\/\/www.facebook.com\/JusticeInfo\/","https:\/\/x.com\/justiceinfonet","https:\/\/www.linkedin.com\/company\/justice-info","https:\/\/www.youtube.com\/channel\/UCyCEsARodyuWtkWyhn-e7pA"]},{"@type":"Person","name":"Andy Avila Bissayo","url":"\/fr\/?s=Andy Avila Bissayo"}]}},"_links":{"self":[{"href":"https:\/\/www.justiceinfo.net\/fr\/wp-json\/wp\/v2\/posts\/163773","targetHints":{"allow":["GET"]}}],"collection":[{"href":"https:\/\/www.justiceinfo.net\/fr\/wp-json\/wp\/v2\/posts"}],"about":[{"href":"https:\/\/www.justiceinfo.net\/fr\/wp-json\/wp\/v2\/types\/post"}],"author":[{"embeddable":true,"href":"https:\/\/www.justiceinfo.net\/fr\/wp-json\/wp\/v2\/users\/64"}],"replies":[{"embeddable":true,"href":"https:\/\/www.justiceinfo.net\/fr\/wp-json\/wp\/v2\/comments?post=163773"}],"version-history":[{"count":12,"href":"https:\/\/www.justiceinfo.net\/fr\/wp-json\/wp\/v2\/posts\/163773\/revisions"}],"predecessor-version":[{"id":164299,"href":"https:\/\/www.justiceinfo.net\/fr\/wp-json\/wp\/v2\/posts\/163773\/revisions\/164299"}],"wp:featuredmedia":[{"embeddable":true,"href":"https:\/\/www.justiceinfo.net\/fr\/wp-json\/wp\/v2\/media\/164282"}],"wp:attachment":[{"href":"https:\/\/www.justiceinfo.net\/fr\/wp-json\/wp\/v2\/media?parent=163773"}],"wp:term":[{"taxonomy":"category","embeddable":true,"href":"https:\/\/www.justiceinfo.net\/fr\/wp-json\/wp\/v2\/categories?post=163773"},{"taxonomy":"post_tag","embeddable":true,"href":"https:\/\/www.justiceinfo.net\/fr\/wp-json\/wp\/v2\/tags?post=163773"},{"taxonomy":"ji_location","embeddable":true,"href":"https:\/\/www.justiceinfo.net\/fr\/wp-json\/wp\/v2\/ji_location?post=163773"}],"curies":[{"name":"wp","href":"https:\/\/api.w.org\/{rel}","templated":true}]}}