{"id":164275,"date":"2026-08-31T05:33:02","date_gmt":"2026-08-31T03:33:02","guid":{"rendered":"https:\/\/www.justiceinfo.net\/164275-esclavage-un-comite-de-lonu-prone-des-reparations-generalisees.html"},"modified":"2026-08-31T05:33:02","modified_gmt":"2026-08-31T03:33:02","slug":"esclavage-un-comite-de-lonu-prone-des-reparations-generalisees","status":"publish","type":"post","link":"https:\/\/www.justiceinfo.net\/fr\/164275-esclavage-un-comite-de-lonu-prone-des-reparations-generalisees.html","title":{"rendered":"Esclavage: un comit\u00e9 de l'ONU pr\u00f4ne des r\u00e9parations g\u00e9n\u00e9ralis\u00e9es"},"content":{"rendered":"<p>\n             Les \u00c9tats ont l'obligation juridique de fournir des r\u00e9parations g\u00e9n\u00e9ralis\u00e9es pour les pr\u00e9judices r\u00e9sultant de leur implication directe ou indirecte dans la traite transatlantique des Africains r\u00e9duits en esclavage, a estim\u00e9 lundi le Comit\u00e9 de l'ONU pour l'\u00e9limination de la discrimination raciale (Cerd) dans une recommandation.\n<\/p>\n<p>\n            En proposant une nouvelle interpr\u00e9tation de la Convention internationale sur l'\u00e9limination de toutes les formes de discrimination raciale de 1969, l'organe de surveillance du trait\u00e9 a conclu que \"les \u00c9tats parties doivent mettre en oeuvre des mesures r\u00e9paratrices globales pour les personnes d'ascendance africaine, tous types de recours confondus\".\n<\/p>\n<p>\n            Ce document, approuv\u00e9 la semaine derni\u00e8re et publi\u00e9 seulement lundi, pourrait constituer un nouvel outil au soutien des demandes de r\u00e9parations. Il s'agit \"d'un moment charni\u00e8re\", a assur\u00e9 \u00e0 l'AFP Pela Boker-Wilson, membre du comit\u00e9.\n<\/p>\n<p>\n            Charg\u00e9s de surveiller la mise en oeuvre de la Convention sur la discrimination raciale par les 182 Etats parties, les 18 experts ind\u00e9pendants du Cerd ont propos\u00e9 une nouvelle interpr\u00e9tation de ce trait\u00e9.\n<\/p>\n<p>\n            La convention compte parmi ses signataires les \u00c9tats-Unis, le Royaume-Uni, la France, le Portugal et d'autres pays impliqu\u00e9s dans la traite qui a vu, du XVIe au XIXe si\u00e8cle, des millions d'hommes, de femmes et d'enfants emmen\u00e9s de force vers les Am\u00e9riques pour travailler dans des conditions brutales et souvent mortelles.\n<\/p>\n<p>\n            Dans nombre de ces pays, les personnes noires continuent d'affronter des discriminations et la pauvret\u00e9. \"La confrontation avec la justice historique ne peut \u00eatre dissoci\u00e9e de la lutte contre la discrimination raciale contemporaine\", a estim\u00e9 Mme Boker-Wilson.\n<\/p>\n<p>\n            - \"Changement de paradigme\" -\n<\/p>\n<p>\n            Cette avocate lib\u00e9rienne sp\u00e9cialis\u00e9e en droits humains estime que cette nouvelle interpr\u00e9tation introduit \"un changement de paradigme\" dans la mani\u00e8re de concevoir la justice r\u00e9paratrice, la faisant passer d'une simple responsabilit\u00e9 historique \u00e0 une obligation juridique.\n<\/p>\n<p>\n            Il pr\u00e9cise que les \u00c9tats sont ainsi d\u00e9sormais tenus de prendre \"des mesures actives destin\u00e9es \u00e0 restaurer la dignit\u00e9, la justice et l'\u00e9galit\u00e9 que m\u00e9ritent les personnes d'ascendance africaine\".\n<\/p>\n<p>\n            Si cette \"recommandation g\u00e9n\u00e9rale n\u00b040\" ne constitue pas un document juridiquement contraignant, Mme Boker-Wilson a estim\u00e9 qu'elle rec\u00e8le \"un poids normatif consid\u00e9rable\", pouvant \u00eatre utilis\u00e9e par des responsables pour \u00e9clairer le contr\u00f4le juridictionnel, par les tribunaux comme outil d'interpr\u00e9tation, ainsi qu'au soutien de contentieux.\n<\/p>\n<p>\n            Cette nouvelle analyse intervient apr\u00e8s l'adoption en mars par l'Assembl\u00e9e g\u00e9n\u00e9rale de l'ONU d'une r\u00e9solution historique reconnaissant la traite transatlantique des esclaves comme \"le crime contre l'humanit\u00e9 le plus grave\", malgr\u00e9 l'opposition des \u00c9tats-Unis et de certains pays europ\u00e9ens.\n<\/p>\n<p>\n            Interrog\u00e9e sur la mani\u00e8re dont elle s'attend \u00e0 ce que Washington r\u00e9agisse \u00e0 la nouvelle d\u00e9cision du comit\u00e9, Mme Boker-Wilson a dit s'attendre \u00e0 ce que les \u00c9tats-Unis et d'autres pays \"accueillent favorablement\" le document.\n<\/p>\n<p>\n            Elle a rappel\u00e9 que le dernier examen du respect par les \u00c9tats-Unis de la convention, en 2022, avait mis en \u00e9vidence \"des difficult\u00e9s persistantes dans la mise en oeuvre de leurs obligations\", notamment des disparit\u00e9s raciales dans le syst\u00e8me de justice p\u00e9nale et le profilage racial.\n<\/p>\n<p>\n            Ce document, a-t-elle expliqu\u00e9, \"offrirait de pr\u00e9cieuses orientations sur la mani\u00e8re dont les \u00c9tats-Unis pourraient r\u00e9pondre \u00e0 ces pr\u00e9occupations gr\u00e2ce \u00e0 des mesures concr\u00e8tes, coordonn\u00e9es et mesurables visant \u00e0 d\u00e9manteler les in\u00e9galit\u00e9s structurelles, les hi\u00e9rarchies raciales et les pratiques institutionnelles enracin\u00e9es dans les legs de l'esclavage et du colonialisme\".\n<\/p>\n<p>\n            Bien que la campagne en faveur de la justice r\u00e9paratrice se soit largement concentr\u00e9e aux \u00c9tats-Unis, Mme Boker-Wilson a soulign\u00e9 qu'il s'agissait d'une \"initiative mondiale\".\n<\/p>\n<p>\n            La traite transatlantique des esclaves \"a d\u00e9form\u00e9 les relations \u00e9conomiques mondiales en r\u00e9partissant une richesse injustement accumul\u00e9e \u00e0 travers les soci\u00e9t\u00e9s et les fronti\u00e8res, cr\u00e9ant une responsabilit\u00e9 partag\u00e9e quant \u00e0 ses effets durables\", souligne le document.\n<\/p>\n<p>\n            Les \u00c9tats sont tenus par la convention de \"prendre des mesures sp\u00e9ciales pour \u00e9liminer le racisme structurel et les in\u00e9galit\u00e9s r\u00e9sultant de l'esclavage de traite transatlantique\", rappelle le document.\n<\/p>\n<p>\n            Il insiste \u00e9galement sur l'obligation pour les \u00c9tats de s'assurer que \"les tribunaux nationaux comp\u00e9tents et les autres institutions \u00e9tatiques (puissent) accorder et faire ex\u00e9cuter des formes appropri\u00e9es de r\u00e9paration, et que les personnes d'ascendance africaine aient un acc\u00e8s effectif aux proc\u00e9dures pertinentes\".\n<\/p>\n<p>\n            De l'\u00e9cole \u00e0 l'universit\u00e9, le document recommande d'\"enqu\u00eater sur la traite transatlantique des esclaves de traite et en r\u00e9v\u00e9ler toute la v\u00e9rit\u00e9\".<\/p>\n","protected":false},"excerpt":{"rendered":"<p>Les \u00c9tats ont l'obligation juridique de fournir des r\u00e9parations g\u00e9n\u00e9ralis\u00e9es pour les pr\u00e9judices r\u00e9sultant de leur implication directe ou indirecte dans la traite transatlantique des Africains r\u00e9duits en esclavage, a estim\u00e9 lundi le Comit\u00e9 de l'ONU pour l'\u00e9limination de la discrimination raciale (Cerd) dans une recommandation. En proposant une nouvelle interpr\u00e9tation de la Convention internationale [&hellip;]<\/p>\n","protected":false},"author":60,"featured_media":0,"comment_status":"open","ping_status":"closed","sticky":false,"template":"","format":"standard","meta":{"_acf_changed":false,"footnotes":""},"categories":[2576],"tags":[],"ji_location":[],"class_list":["post-164275","post","type-post","status-publish","format-standard","hentry","category-fil-d-actualite"],"acf":[],"yoast_head":"<!-- This site is optimized with the Yoast SEO Premium plugin v25.3.1 (Yoast SEO v25.3.1) - https:\/\/yoast.com\/wordpress\/plugins\/seo\/ -->\n<title>Esclavage: un comit\u00e9 de l&#039;ONU pr\u00f4ne des r\u00e9parations g\u00e9n\u00e9ralis\u00e9es - JusticeInfo.net<\/title>\n<meta name=\"robots\" content=\"index, follow, max-snippet:-1, max-image-preview:large, max-video-preview:-1\" \/>\n<link rel=\"canonical\" href=\"https:\/\/www.justiceinfo.net\/fr\/164275-esclavage-un-comite-de-lonu-prone-des-reparations-generalisees.html\" \/>\n<meta property=\"og:locale\" content=\"fr_FR\" \/>\n<meta property=\"og:type\" content=\"article\" \/>\n<meta property=\"og:title\" content=\"Esclavage: un comit\u00e9 de l&#039;ONU pr\u00f4ne des r\u00e9parations g\u00e9n\u00e9ralis\u00e9es\" \/>\n<meta property=\"og:description\" content=\"Les \u00c9tats ont l&#039;obligation juridique de fournir des r\u00e9parations g\u00e9n\u00e9ralis\u00e9es pour les pr\u00e9judices r\u00e9sultant de leur implication directe ou indirecte dans la traite transatlantique des Africains r\u00e9duits en esclavage, a estim\u00e9 lundi le Comit\u00e9 de l&#039;ONU pour l&#039;\u00e9limination de la discrimination raciale (Cerd) dans une recommandation. En proposant une nouvelle interpr\u00e9tation de la Convention internationale [&hellip;]\" \/>\n<meta property=\"og:url\" content=\"https:\/\/www.justiceinfo.net\/fr\/164275-esclavage-un-comite-de-lonu-prone-des-reparations-generalisees.html\" \/>\n<meta property=\"og:site_name\" content=\"JusticeInfo.net\" \/>\n<meta property=\"article:publisher\" content=\"https:\/\/www.facebook.com\/JusticeInfo\/\" \/>\n<meta property=\"article:published_time\" content=\"2026-08-31T03:33:02+00:00\" \/>\n<meta property=\"og:image\" content=\"https:\/\/www.justiceinfo.net\/wp-content\/uploads\/JusticeInfoNet_logo_1200x630px.jpg\" \/>\n\t<meta property=\"og:image:width\" content=\"1200\" \/>\n\t<meta property=\"og:image:height\" content=\"630\" \/>\n\t<meta property=\"og:image:type\" content=\"image\/jpeg\" \/>\n<meta name=\"author\" content=\"afp\" \/>\n<meta name=\"twitter:card\" content=\"summary_large_image\" \/>\n<meta name=\"twitter:creator\" content=\"@justiceinfonet\" \/>\n<meta name=\"twitter:site\" content=\"@justiceinfonet\" \/>\n<meta name=\"twitter:label1\" content=\"\u00c9crit par\" \/>\n\t<meta name=\"twitter:data1\" content=\"afp\" \/>\n\t<meta name=\"twitter:label2\" content=\"Dur\u00e9e de lecture estim\u00e9e\" \/>\n\t<meta name=\"twitter:data2\" content=\"4 minutes\" \/>\n<script type=\"application\/ld+json\" class=\"yoast-schema-graph\">{\"@context\":\"https:\/\/schema.org\",\"@graph\":[{\"@type\":\"NewsArticle\",\"@id\":\"https:\/\/www.justiceinfo.net\/fr\/164275-esclavage-un-comite-de-lonu-prone-des-reparations-generalisees.html#article\",\"isPartOf\":{\"@id\":\"https:\/\/www.justiceinfo.net\/fr\/164275-esclavage-un-comite-de-lonu-prone-des-reparations-generalisees.html\"},\"author\":{\"name\":\"afp\",\"@id\":\"https:\/\/www.justiceinfo.net\/fr#\/schema\/person\/713d340ef5f218fc36ce9b4244364a7f\"},\"headline\":\"Esclavage: un comit\u00e9 de l'ONU pr\u00f4ne des r\u00e9parations g\u00e9n\u00e9ralis\u00e9es\",\"datePublished\":\"2026-08-31T03:33:02+00:00\",\"mainEntityOfPage\":{\"@id\":\"https:\/\/www.justiceinfo.net\/fr\/164275-esclavage-un-comite-de-lonu-prone-des-reparations-generalisees.html\"},\"wordCount\":814,\"commentCount\":0,\"publisher\":{\"@id\":\"https:\/\/www.justiceinfo.net\/fr#organization\"},\"articleSection\":[\"Fil d'info AFP\"],\"inLanguage\":\"fr-FR\",\"potentialAction\":[{\"@type\":\"CommentAction\",\"name\":\"Comment\",\"target\":[\"https:\/\/www.justiceinfo.net\/fr\/164275-esclavage-un-comite-de-lonu-prone-des-reparations-generalisees.html#respond\"]}]},{\"@type\":\"WebPage\",\"@id\":\"https:\/\/www.justiceinfo.net\/fr\/164275-esclavage-un-comite-de-lonu-prone-des-reparations-generalisees.html\",\"url\":\"https:\/\/www.justiceinfo.net\/fr\/164275-esclavage-un-comite-de-lonu-prone-des-reparations-generalisees.html\",\"name\":\"Esclavage: un comit\u00e9 de l'ONU pr\u00f4ne des r\u00e9parations g\u00e9n\u00e9ralis\u00e9es - JusticeInfo.net\",\"isPartOf\":{\"@id\":\"https:\/\/www.justiceinfo.net\/fr#website\"},\"datePublished\":\"2026-08-31T03:33:02+00:00\",\"breadcrumb\":{\"@id\":\"https:\/\/www.justiceinfo.net\/fr\/164275-esclavage-un-comite-de-lonu-prone-des-reparations-generalisees.html#breadcrumb\"},\"inLanguage\":\"fr-FR\",\"potentialAction\":[{\"@type\":\"ReadAction\",\"target\":[\"https:\/\/www.justiceinfo.net\/fr\/164275-esclavage-un-comite-de-lonu-prone-des-reparations-generalisees.html\"]}]},{\"@type\":\"BreadcrumbList\",\"@id\":\"https:\/\/www.justiceinfo.net\/fr\/164275-esclavage-un-comite-de-lonu-prone-des-reparations-generalisees.html#breadcrumb\",\"itemListElement\":[{\"@type\":\"ListItem\",\"position\":1,\"name\":\"Home\",\"item\":\"https:\/\/www.justiceinfo.net\/fr\"},{\"@type\":\"ListItem\",\"position\":2,\"name\":\"Esclavage: un comit\u00e9 de l'ONU pr\u00f4ne des r\u00e9parations g\u00e9n\u00e9ralis\u00e9es\"}]},{\"@type\":\"WebSite\",\"@id\":\"https:\/\/www.justiceinfo.net\/fr#website\",\"url\":\"https:\/\/www.justiceinfo.net\/fr\",\"name\":\"JusticeInfo.net\",\"description\":\"La justice doit \u00eatre vue pour \u00eatre rendue\",\"publisher\":{\"@id\":\"https:\/\/www.justiceinfo.net\/fr#organization\"},\"potentialAction\":[{\"@type\":\"SearchAction\",\"target\":{\"@type\":\"EntryPoint\",\"urlTemplate\":\"https:\/\/www.justiceinfo.net\/fr?s={search_term_string}\"},\"query-input\":{\"@type\":\"PropertyValueSpecification\",\"valueRequired\":true,\"valueName\":\"search_term_string\"}}],\"inLanguage\":\"fr-FR\"},{\"@type\":\"Organization\",\"@id\":\"https:\/\/www.justiceinfo.net\/fr#organization\",\"name\":\"Justice Info\",\"url\":\"https:\/\/www.justiceinfo.net\/fr\",\"logo\":{\"@type\":\"ImageObject\",\"inLanguage\":\"fr-FR\",\"@id\":\"https:\/\/www.justiceinfo.net\/fr#\/schema\/logo\/image\/\",\"url\":\"https:\/\/www.justiceinfo.net\/wp-content\/uploads\/justiceinfo_logo-trans_1200x1200px.png\",\"contentUrl\":\"https:\/\/www.justiceinfo.net\/wp-content\/uploads\/justiceinfo_logo-trans_1200x1200px.png\",\"width\":1199,\"height\":1200,\"caption\":\"Justice Info\"},\"image\":{\"@id\":\"https:\/\/www.justiceinfo.net\/fr#\/schema\/logo\/image\/\"},\"sameAs\":[\"https:\/\/www.facebook.com\/JusticeInfo\/\",\"https:\/\/x.com\/justiceinfonet\",\"https:\/\/www.linkedin.com\/company\/justice-info\",\"https:\/\/www.youtube.com\/channel\/UCyCEsARodyuWtkWyhn-e7pA\"]},{\"@type\":\"Person\",\"name\":\"afp\",\"url\":\"\/fr\/?s=afp\"}]}<\/script>\n<!-- \/ Yoast SEO Premium plugin. -->","yoast_head_json":{"title":"Esclavage: un comit\u00e9 de l'ONU pr\u00f4ne des r\u00e9parations g\u00e9n\u00e9ralis\u00e9es - JusticeInfo.net","robots":{"index":"index","follow":"follow","max-snippet":"max-snippet:-1","max-image-preview":"max-image-preview:large","max-video-preview":"max-video-preview:-1"},"canonical":"https:\/\/www.justiceinfo.net\/fr\/164275-esclavage-un-comite-de-lonu-prone-des-reparations-generalisees.html","og_locale":"fr_FR","og_type":"article","og_title":"Esclavage: un comit\u00e9 de l'ONU pr\u00f4ne des r\u00e9parations g\u00e9n\u00e9ralis\u00e9es","og_description":"Les \u00c9tats ont l'obligation juridique de fournir des r\u00e9parations g\u00e9n\u00e9ralis\u00e9es pour les pr\u00e9judices r\u00e9sultant de leur implication directe ou indirecte dans la traite transatlantique des Africains r\u00e9duits en esclavage, a estim\u00e9 lundi le Comit\u00e9 de l'ONU pour l'\u00e9limination de la discrimination raciale (Cerd) dans une recommandation. En proposant une nouvelle interpr\u00e9tation de la Convention internationale [&hellip;]","og_url":"https:\/\/www.justiceinfo.net\/fr\/164275-esclavage-un-comite-de-lonu-prone-des-reparations-generalisees.html","og_site_name":"JusticeInfo.net","article_publisher":"https:\/\/www.facebook.com\/JusticeInfo\/","article_published_time":"2026-08-31T03:33:02+00:00","og_image":[{"width":1200,"height":630,"url":"https:\/\/www.justiceinfo.net\/wp-content\/uploads\/JusticeInfoNet_logo_1200x630px.jpg","type":"image\/jpeg"}],"author":"afp","twitter_card":"summary_large_image","twitter_creator":"@justiceinfonet","twitter_site":"@justiceinfonet","twitter_misc":{"\u00c9crit par":"afp","Dur\u00e9e de lecture estim\u00e9e":"4 minutes"},"schema":{"@context":"https:\/\/schema.org","@graph":[{"@type":"NewsArticle","@id":"https:\/\/www.justiceinfo.net\/fr\/164275-esclavage-un-comite-de-lonu-prone-des-reparations-generalisees.html#article","isPartOf":{"@id":"https:\/\/www.justiceinfo.net\/fr\/164275-esclavage-un-comite-de-lonu-prone-des-reparations-generalisees.html"},"author":{"name":"afp","@id":"https:\/\/www.justiceinfo.net\/fr#\/schema\/person\/713d340ef5f218fc36ce9b4244364a7f"},"headline":"Esclavage: un comit\u00e9 de l'ONU pr\u00f4ne des r\u00e9parations g\u00e9n\u00e9ralis\u00e9es","datePublished":"2026-08-31T03:33:02+00:00","mainEntityOfPage":{"@id":"https:\/\/www.justiceinfo.net\/fr\/164275-esclavage-un-comite-de-lonu-prone-des-reparations-generalisees.html"},"wordCount":814,"commentCount":0,"publisher":{"@id":"https:\/\/www.justiceinfo.net\/fr#organization"},"articleSection":["Fil d'info AFP"],"inLanguage":"fr-FR","potentialAction":[{"@type":"CommentAction","name":"Comment","target":["https:\/\/www.justiceinfo.net\/fr\/164275-esclavage-un-comite-de-lonu-prone-des-reparations-generalisees.html#respond"]}]},{"@type":"WebPage","@id":"https:\/\/www.justiceinfo.net\/fr\/164275-esclavage-un-comite-de-lonu-prone-des-reparations-generalisees.html","url":"https:\/\/www.justiceinfo.net\/fr\/164275-esclavage-un-comite-de-lonu-prone-des-reparations-generalisees.html","name":"Esclavage: un comit\u00e9 de l'ONU pr\u00f4ne des r\u00e9parations g\u00e9n\u00e9ralis\u00e9es - JusticeInfo.net","isPartOf":{"@id":"https:\/\/www.justiceinfo.net\/fr#website"},"datePublished":"2026-08-31T03:33:02+00:00","breadcrumb":{"@id":"https:\/\/www.justiceinfo.net\/fr\/164275-esclavage-un-comite-de-lonu-prone-des-reparations-generalisees.html#breadcrumb"},"inLanguage":"fr-FR","potentialAction":[{"@type":"ReadAction","target":["https:\/\/www.justiceinfo.net\/fr\/164275-esclavage-un-comite-de-lonu-prone-des-reparations-generalisees.html"]}]},{"@type":"BreadcrumbList","@id":"https:\/\/www.justiceinfo.net\/fr\/164275-esclavage-un-comite-de-lonu-prone-des-reparations-generalisees.html#breadcrumb","itemListElement":[{"@type":"ListItem","position":1,"name":"Home","item":"https:\/\/www.justiceinfo.net\/fr"},{"@type":"ListItem","position":2,"name":"Esclavage: un comit\u00e9 de l'ONU pr\u00f4ne des r\u00e9parations g\u00e9n\u00e9ralis\u00e9es"}]},{"@type":"WebSite","@id":"https:\/\/www.justiceinfo.net\/fr#website","url":"https:\/\/www.justiceinfo.net\/fr","name":"JusticeInfo.net","description":"La justice doit \u00eatre vue pour \u00eatre rendue","publisher":{"@id":"https:\/\/www.justiceinfo.net\/fr#organization"},"potentialAction":[{"@type":"SearchAction","target":{"@type":"EntryPoint","urlTemplate":"https:\/\/www.justiceinfo.net\/fr?s={search_term_string}"},"query-input":{"@type":"PropertyValueSpecification","valueRequired":true,"valueName":"search_term_string"}}],"inLanguage":"fr-FR"},{"@type":"Organization","@id":"https:\/\/www.justiceinfo.net\/fr#organization","name":"Justice Info","url":"https:\/\/www.justiceinfo.net\/fr","logo":{"@type":"ImageObject","inLanguage":"fr-FR","@id":"https:\/\/www.justiceinfo.net\/fr#\/schema\/logo\/image\/","url":"https:\/\/www.justiceinfo.net\/wp-content\/uploads\/justiceinfo_logo-trans_1200x1200px.png","contentUrl":"https:\/\/www.justiceinfo.net\/wp-content\/uploads\/justiceinfo_logo-trans_1200x1200px.png","width":1199,"height":1200,"caption":"Justice Info"},"image":{"@id":"https:\/\/www.justiceinfo.net\/fr#\/schema\/logo\/image\/"},"sameAs":["https:\/\/www.facebook.com\/JusticeInfo\/","https:\/\/x.com\/justiceinfonet","https:\/\/www.linkedin.com\/company\/justice-info","https:\/\/www.youtube.com\/channel\/UCyCEsARodyuWtkWyhn-e7pA"]},{"@type":"Person","name":"afp","url":"\/fr\/?s=afp"}]}},"_links":{"self":[{"href":"https:\/\/www.justiceinfo.net\/fr\/wp-json\/wp\/v2\/posts\/164275","targetHints":{"allow":["GET"]}}],"collection":[{"href":"https:\/\/www.justiceinfo.net\/fr\/wp-json\/wp\/v2\/posts"}],"about":[{"href":"https:\/\/www.justiceinfo.net\/fr\/wp-json\/wp\/v2\/types\/post"}],"author":[{"embeddable":true,"href":"https:\/\/www.justiceinfo.net\/fr\/wp-json\/wp\/v2\/users\/60"}],"replies":[{"embeddable":true,"href":"https:\/\/www.justiceinfo.net\/fr\/wp-json\/wp\/v2\/comments?post=164275"}],"version-history":[{"count":0,"href":"https:\/\/www.justiceinfo.net\/fr\/wp-json\/wp\/v2\/posts\/164275\/revisions"}],"wp:attachment":[{"href":"https:\/\/www.justiceinfo.net\/fr\/wp-json\/wp\/v2\/media?parent=164275"}],"wp:term":[{"taxonomy":"category","embeddable":true,"href":"https:\/\/www.justiceinfo.net\/fr\/wp-json\/wp\/v2\/categories?post=164275"},{"taxonomy":"post_tag","embeddable":true,"href":"https:\/\/www.justiceinfo.net\/fr\/wp-json\/wp\/v2\/tags?post=164275"},{"taxonomy":"ji_location","embeddable":true,"href":"https:\/\/www.justiceinfo.net\/fr\/wp-json\/wp\/v2\/ji_location?post=164275"}],"curies":[{"name":"wp","href":"https:\/\/api.w.org\/{rel}","templated":true}]}}