{"id":164297,"date":"2026-08-31T07:33:03","date_gmt":"2026-08-31T05:33:03","guid":{"rendered":"https:\/\/www.justiceinfo.net\/164297-esclavage-le-dossier-sensible-des-reparations-financieres.html"},"modified":"2026-08-31T07:33:03","modified_gmt":"2026-08-31T05:33:03","slug":"esclavage-le-dossier-sensible-des-reparations-financieres","status":"publish","type":"post","link":"https:\/\/www.justiceinfo.net\/fr\/164297-esclavage-le-dossier-sensible-des-reparations-financieres.html","title":{"rendered":"Esclavage: le dossier sensible des r\u00e9parations financi\u00e8res"},"content":{"rendered":"<p>\n             Comment r\u00e9parer les torts de l'esclavage? Si la plupart des Etats concern\u00e9s sont d'accord pour des mesures symboliques ou m\u00e9morielles, ils rechignent plut\u00f4t \u00e0 ouvrir le dossier sensible des d\u00e9dommagements financiers ou mat\u00e9riels, r\u00e9clam\u00e9s de longue date.\n<\/p>\n<p>\n            Entre le XVIe si\u00e8cle et la fin du XIXe si\u00e8cle, quelque 15 millions d'hommes, de femmes et d'enfants d'Afrique ont \u00e9t\u00e9 victimes de la traite transatlantique, selon l'ONU.\n<\/p>\n<p>\n            Le comit\u00e9 de l'Organisation pour l'\u00e9limination de la discrimination raciale (Cerd) a estim\u00e9 lundi dans une recommandation que les Etats avaient l'obligation juridique de fournir des r\u00e9parations g\u00e9n\u00e9ralis\u00e9es pour les pr\u00e9judices r\u00e9sultant de leur implication.\n<\/p>\n<p>\n            - Des compensations... pour les anciens propri\u00e9taires\n<\/p>\n<p>\n            Ni pensions, ni terres: \"aucune soci\u00e9t\u00e9 autrefois esclavagiste ne versa de r\u00e9parations aux anciens esclaves dans les d\u00e9cennies qui suivirent l'\u00e9mancipation\", \u00e9crit l'historienne am\u00e9ricaine Ana Lucia Araujo dans \"R\u00e9parations: Combats pour la m\u00e9moire de l'esclavage (XVIIIe-XXIe si\u00e8cle)\". \"Presque toutes, au contraire, vers\u00e8rent des indemnit\u00e9s aux anciens propri\u00e9taires d'esclaves\".\n<\/p>\n<p>\n            Cette main d'oeuvre non r\u00e9mun\u00e9r\u00e9e, acquise au m\u00eame titre qu'un bien, fut utilis\u00e9e dans les colonies fran\u00e7aises, britanniques, n\u00e9erlandaises, espagnoles ou portugaises, et encore apr\u00e8s l'ind\u00e9pendance aux Etats-Unis, au Br\u00e9sil et dans d'autres pays d'Am\u00e9rique latine.\n<\/p>\n<p>\n            - Le cas d'Ha\u00efti\n<\/p>\n<p>\n            Un cas notable est celui d'Ha\u00efti: en \u00e9change de la reconnaissance de son ind\u00e9pendance par le roi Charles X, l'ancienne colonie fran\u00e7aise accepte en 1825 de payer 150 millions de francs-or d'indemnit\u00e9 aux anciens propri\u00e9taires de terres et d'esclaves, somme finalement ramen\u00e9e \u00e0 90 millions.\n<\/p>\n<p>\n            Pour s'en acquitter, la jeune r\u00e9publique carib\u00e9enne, fond\u00e9e par d'anciens esclaves, doit s'endetter aupr\u00e8s de banques fran\u00e7aises et le r\u00e8glement de cette \"double dette\" prendra plusieurs d\u00e9cennies.\n<\/p>\n<p>\n            Le pr\u00e9sident fran\u00e7ais Emmanuel Macron a lanc\u00e9 en 2025 un travail de m\u00e9moire sur ce sujet, sans toutefois \u00e9voquer clairement d'\u00e9ventuelles r\u00e9parations financi\u00e8res.\n<\/p>\n<p>\n            - Des terres \u00e0 Cuba\n<\/p>\n<p>\n            Apr\u00e8s la r\u00e9volution de 1959 \u00e0 Cuba, la r\u00e9forme agraire profita largement aux populations rurales noires, m\u00eame si elle n'\u00e9tait pas con\u00e7ue pour r\u00e9parer sp\u00e9cifiquement l'h\u00e9ritage de l'esclavage.\n<\/p>\n<p>\n            Cette r\u00e9forme \"et d'autres programmes tels que l'acc\u00e8s total et gratuit aux services de sant\u00e9 et \u00e0 l'\u00e9ducation permirent aux Afro-Cubains de b\u00e9n\u00e9ficier d'une restitution symbolique et mat\u00e9rielle qui ne fut pas offerte \u00e0 la plupart des descendants d'esclaves dans d'autres r\u00e9gions des Am\u00e9riques\", estime Ana Lucia Araujo.\n<\/p>\n<p>\n            - Excuses des Pays-Bas\n<\/p>\n<p>\n            Le Premier ministre des Pays-Bas Mark Rutte fin 2022, puis le roi Willem-Alexander, ont pr\u00e9sent\u00e9 des excuses pour le r\u00f4le de leur pays dans l'esclavage. Un fonds pluriannuel de 200 millions d'euros pour des initiatives sociales a \u00e9t\u00e9 annonc\u00e9.\n<\/p>\n<p>\n            - Plus grave crime contre l'humanit\u00e9\n<\/p>\n<p>\n            En mars 2026, l'Assembl\u00e9e g\u00e9n\u00e9rale de l'ONU a proclam\u00e9 la traite et l'esclavage des Africains comme \"les plus graves crimes contre l'humanit\u00e9\" un combat port\u00e9 par le Ghana qui a organis\u00e9 deux mois plus tard \u00e0 Accra la premi\u00e8re conf\u00e9rence mondiale sur les r\u00e9parations.\n<\/p>\n<p>\n            Comme le Royaume-Uni et les Etats membres de l'Union europ\u00e9enne, la France - premier pays au monde en 2001 \u00e0 reconna\u00eetre la traite et l'esclavage comme crimes contre l'humanit\u00e9 - s'est abstenue, disant ne pas vouloir \u00e9tablir de hi\u00e9rarchie entre crimes.\n<\/p>\n<p>\n            Mesure symbolique, les d\u00e9put\u00e9s fran\u00e7ais ont abrog\u00e9 en mai le \"Code noir\" et autres textes ayant r\u00e9glement\u00e9 l'esclavage dans les colonies fran\u00e7aises.\n<\/p>\n<p>\n            - Engagement de l'Eglise anglicane\n<\/p>\n<p>\n            A d\u00e9faut d'engagement concret des Etats, des institutions ou collectivit\u00e9s prennent des initiatives.\n<\/p>\n<p>\n            L'Eglise d'Angleterre a pr\u00e9sent\u00e9 ses excuses pour ses liens pass\u00e9s avec l'esclavage et s'est engag\u00e9e en 2023 \u00e0 cr\u00e9er un fonds pluriannuel de 100 millions de livres (environ 116 millions d'euros) pour des investissements dans des communaut\u00e9s affect\u00e9es par l'h\u00e9ritage de l'esclavage, projet encore en phase de construction.\n<\/p>\n<p>\n            Apr\u00e8s des recherches universitaires pointant son \"r\u00f4le important\" dans la traite, le march\u00e9 de l'assurance Lloyd's of London a de son c\u00f4t\u00e9 promis en 2023 d'investir 52 millions de livres (60 millions d'euros) sur au moins dix ans dans la lutte contre les in\u00e9galit\u00e9s raciales.\n<\/p>\n<p>\n            - Initiative d'une ville am\u00e9ricaine\n<\/p>\n<p>\n            Aux Etats-Unis, une proposition de loi pour cr\u00e9er une commission d'\u00e9tude sur l'esclavage et ses cons\u00e9quences est d\u00e9pos\u00e9e r\u00e9guli\u00e8rement au Congr\u00e8s depuis 1989 mais n'a jamais \u00e9t\u00e9 adopt\u00e9e.\n<\/p>\n<p>\n            Une ville de l'Illinois, Evanston, a choisi d'aborder les r\u00e9parations via la lutte contre les discriminations au logement pour sa population noire. Plus de 6 millions de dollars (5,3 millions d'euros) ont \u00e9t\u00e9 distribu\u00e9s depuis 2021 \u00e0 la population \u00e9ligible selon la presse locale, dans le cadre de ce projet contest\u00e9 en justice mais toujours en cours.<\/p>\n","protected":false},"excerpt":{"rendered":"<p>Comment r\u00e9parer les torts de l'esclavage? Si la plupart des Etats concern\u00e9s sont d'accord pour des mesures symboliques ou m\u00e9morielles, ils rechignent plut\u00f4t \u00e0 ouvrir le dossier sensible des d\u00e9dommagements financiers ou mat\u00e9riels, r\u00e9clam\u00e9s de longue date. Entre le XVIe si\u00e8cle et la fin du XIXe si\u00e8cle, quelque 15 millions d'hommes, de femmes et d'enfants [&hellip;]<\/p>\n","protected":false},"author":60,"featured_media":0,"comment_status":"open","ping_status":"closed","sticky":false,"template":"","format":"standard","meta":{"_acf_changed":false,"footnotes":""},"categories":[2576],"tags":[],"ji_location":[],"class_list":["post-164297","post","type-post","status-publish","format-standard","hentry","category-fil-d-actualite"],"acf":[],"yoast_head":"<!-- This site is optimized with the Yoast SEO Premium plugin v25.3.1 (Yoast SEO v25.3.1) - https:\/\/yoast.com\/wordpress\/plugins\/seo\/ -->\n<title>Esclavage: le dossier sensible des r\u00e9parations financi\u00e8res - JusticeInfo.net<\/title>\n<meta name=\"robots\" content=\"index, follow, max-snippet:-1, max-image-preview:large, max-video-preview:-1\" \/>\n<link rel=\"canonical\" href=\"https:\/\/www.justiceinfo.net\/fr\/164297-esclavage-le-dossier-sensible-des-reparations-financieres.html\" \/>\n<meta property=\"og:locale\" content=\"fr_FR\" \/>\n<meta property=\"og:type\" content=\"article\" \/>\n<meta property=\"og:title\" content=\"Esclavage: le dossier sensible des r\u00e9parations financi\u00e8res\" \/>\n<meta property=\"og:description\" content=\"Comment r\u00e9parer les torts de l&#039;esclavage? Si la plupart des Etats concern\u00e9s sont d&#039;accord pour des mesures symboliques ou m\u00e9morielles, ils rechignent plut\u00f4t \u00e0 ouvrir le dossier sensible des d\u00e9dommagements financiers ou mat\u00e9riels, r\u00e9clam\u00e9s de longue date. Entre le XVIe si\u00e8cle et la fin du XIXe si\u00e8cle, quelque 15 millions d&#039;hommes, de femmes et d&#039;enfants [&hellip;]\" \/>\n<meta property=\"og:url\" content=\"https:\/\/www.justiceinfo.net\/fr\/164297-esclavage-le-dossier-sensible-des-reparations-financieres.html\" \/>\n<meta property=\"og:site_name\" content=\"JusticeInfo.net\" \/>\n<meta property=\"article:publisher\" content=\"https:\/\/www.facebook.com\/JusticeInfo\/\" \/>\n<meta property=\"article:published_time\" content=\"2026-08-31T05:33:03+00:00\" \/>\n<meta property=\"og:image\" content=\"https:\/\/www.justiceinfo.net\/wp-content\/uploads\/JusticeInfoNet_logo_1200x630px.jpg\" \/>\n\t<meta property=\"og:image:width\" content=\"1200\" \/>\n\t<meta property=\"og:image:height\" content=\"630\" \/>\n\t<meta property=\"og:image:type\" content=\"image\/jpeg\" \/>\n<meta name=\"author\" content=\"afp\" \/>\n<meta name=\"twitter:card\" content=\"summary_large_image\" \/>\n<meta name=\"twitter:creator\" content=\"@justiceinfonet\" \/>\n<meta name=\"twitter:site\" content=\"@justiceinfonet\" \/>\n<meta name=\"twitter:label1\" content=\"\u00c9crit par\" \/>\n\t<meta name=\"twitter:data1\" content=\"afp\" \/>\n\t<meta name=\"twitter:label2\" content=\"Dur\u00e9e de lecture estim\u00e9e\" \/>\n\t<meta name=\"twitter:data2\" content=\"4 minutes\" \/>\n<script type=\"application\/ld+json\" class=\"yoast-schema-graph\">{\"@context\":\"https:\/\/schema.org\",\"@graph\":[{\"@type\":\"NewsArticle\",\"@id\":\"https:\/\/www.justiceinfo.net\/fr\/164297-esclavage-le-dossier-sensible-des-reparations-financieres.html#article\",\"isPartOf\":{\"@id\":\"https:\/\/www.justiceinfo.net\/fr\/164297-esclavage-le-dossier-sensible-des-reparations-financieres.html\"},\"author\":{\"name\":\"afp\",\"@id\":\"https:\/\/www.justiceinfo.net\/fr#\/schema\/person\/713d340ef5f218fc36ce9b4244364a7f\"},\"headline\":\"Esclavage: le dossier sensible des r\u00e9parations financi\u00e8res\",\"datePublished\":\"2026-08-31T05:33:03+00:00\",\"mainEntityOfPage\":{\"@id\":\"https:\/\/www.justiceinfo.net\/fr\/164297-esclavage-le-dossier-sensible-des-reparations-financieres.html\"},\"wordCount\":887,\"commentCount\":0,\"publisher\":{\"@id\":\"https:\/\/www.justiceinfo.net\/fr#organization\"},\"articleSection\":[\"Fil d'info AFP\"],\"inLanguage\":\"fr-FR\",\"potentialAction\":[{\"@type\":\"CommentAction\",\"name\":\"Comment\",\"target\":[\"https:\/\/www.justiceinfo.net\/fr\/164297-esclavage-le-dossier-sensible-des-reparations-financieres.html#respond\"]}]},{\"@type\":\"WebPage\",\"@id\":\"https:\/\/www.justiceinfo.net\/fr\/164297-esclavage-le-dossier-sensible-des-reparations-financieres.html\",\"url\":\"https:\/\/www.justiceinfo.net\/fr\/164297-esclavage-le-dossier-sensible-des-reparations-financieres.html\",\"name\":\"Esclavage: le dossier sensible des r\u00e9parations financi\u00e8res - JusticeInfo.net\",\"isPartOf\":{\"@id\":\"https:\/\/www.justiceinfo.net\/fr#website\"},\"datePublished\":\"2026-08-31T05:33:03+00:00\",\"breadcrumb\":{\"@id\":\"https:\/\/www.justiceinfo.net\/fr\/164297-esclavage-le-dossier-sensible-des-reparations-financieres.html#breadcrumb\"},\"inLanguage\":\"fr-FR\",\"potentialAction\":[{\"@type\":\"ReadAction\",\"target\":[\"https:\/\/www.justiceinfo.net\/fr\/164297-esclavage-le-dossier-sensible-des-reparations-financieres.html\"]}]},{\"@type\":\"BreadcrumbList\",\"@id\":\"https:\/\/www.justiceinfo.net\/fr\/164297-esclavage-le-dossier-sensible-des-reparations-financieres.html#breadcrumb\",\"itemListElement\":[{\"@type\":\"ListItem\",\"position\":1,\"name\":\"Home\",\"item\":\"https:\/\/www.justiceinfo.net\/fr\"},{\"@type\":\"ListItem\",\"position\":2,\"name\":\"Esclavage: le dossier sensible des r\u00e9parations financi\u00e8res\"}]},{\"@type\":\"WebSite\",\"@id\":\"https:\/\/www.justiceinfo.net\/fr#website\",\"url\":\"https:\/\/www.justiceinfo.net\/fr\",\"name\":\"JusticeInfo.net\",\"description\":\"La justice doit \u00eatre vue pour \u00eatre rendue\",\"publisher\":{\"@id\":\"https:\/\/www.justiceinfo.net\/fr#organization\"},\"potentialAction\":[{\"@type\":\"SearchAction\",\"target\":{\"@type\":\"EntryPoint\",\"urlTemplate\":\"https:\/\/www.justiceinfo.net\/fr?s={search_term_string}\"},\"query-input\":{\"@type\":\"PropertyValueSpecification\",\"valueRequired\":true,\"valueName\":\"search_term_string\"}}],\"inLanguage\":\"fr-FR\"},{\"@type\":\"Organization\",\"@id\":\"https:\/\/www.justiceinfo.net\/fr#organization\",\"name\":\"Justice Info\",\"url\":\"https:\/\/www.justiceinfo.net\/fr\",\"logo\":{\"@type\":\"ImageObject\",\"inLanguage\":\"fr-FR\",\"@id\":\"https:\/\/www.justiceinfo.net\/fr#\/schema\/logo\/image\/\",\"url\":\"https:\/\/www.justiceinfo.net\/wp-content\/uploads\/justiceinfo_logo-trans_1200x1200px.png\",\"contentUrl\":\"https:\/\/www.justiceinfo.net\/wp-content\/uploads\/justiceinfo_logo-trans_1200x1200px.png\",\"width\":1199,\"height\":1200,\"caption\":\"Justice Info\"},\"image\":{\"@id\":\"https:\/\/www.justiceinfo.net\/fr#\/schema\/logo\/image\/\"},\"sameAs\":[\"https:\/\/www.facebook.com\/JusticeInfo\/\",\"https:\/\/x.com\/justiceinfonet\",\"https:\/\/www.linkedin.com\/company\/justice-info\",\"https:\/\/www.youtube.com\/channel\/UCyCEsARodyuWtkWyhn-e7pA\"]},{\"@type\":\"Person\",\"name\":\"afp\",\"url\":\"\/fr\/?s=afp\"}]}<\/script>\n<!-- \/ Yoast SEO Premium plugin. -->","yoast_head_json":{"title":"Esclavage: le dossier sensible des r\u00e9parations financi\u00e8res - JusticeInfo.net","robots":{"index":"index","follow":"follow","max-snippet":"max-snippet:-1","max-image-preview":"max-image-preview:large","max-video-preview":"max-video-preview:-1"},"canonical":"https:\/\/www.justiceinfo.net\/fr\/164297-esclavage-le-dossier-sensible-des-reparations-financieres.html","og_locale":"fr_FR","og_type":"article","og_title":"Esclavage: le dossier sensible des r\u00e9parations financi\u00e8res","og_description":"Comment r\u00e9parer les torts de l'esclavage? Si la plupart des Etats concern\u00e9s sont d'accord pour des mesures symboliques ou m\u00e9morielles, ils rechignent plut\u00f4t \u00e0 ouvrir le dossier sensible des d\u00e9dommagements financiers ou mat\u00e9riels, r\u00e9clam\u00e9s de longue date. Entre le XVIe si\u00e8cle et la fin du XIXe si\u00e8cle, quelque 15 millions d'hommes, de femmes et d'enfants [&hellip;]","og_url":"https:\/\/www.justiceinfo.net\/fr\/164297-esclavage-le-dossier-sensible-des-reparations-financieres.html","og_site_name":"JusticeInfo.net","article_publisher":"https:\/\/www.facebook.com\/JusticeInfo\/","article_published_time":"2026-08-31T05:33:03+00:00","og_image":[{"width":1200,"height":630,"url":"https:\/\/www.justiceinfo.net\/wp-content\/uploads\/JusticeInfoNet_logo_1200x630px.jpg","type":"image\/jpeg"}],"author":"afp","twitter_card":"summary_large_image","twitter_creator":"@justiceinfonet","twitter_site":"@justiceinfonet","twitter_misc":{"\u00c9crit par":"afp","Dur\u00e9e de lecture estim\u00e9e":"4 minutes"},"schema":{"@context":"https:\/\/schema.org","@graph":[{"@type":"NewsArticle","@id":"https:\/\/www.justiceinfo.net\/fr\/164297-esclavage-le-dossier-sensible-des-reparations-financieres.html#article","isPartOf":{"@id":"https:\/\/www.justiceinfo.net\/fr\/164297-esclavage-le-dossier-sensible-des-reparations-financieres.html"},"author":{"name":"afp","@id":"https:\/\/www.justiceinfo.net\/fr#\/schema\/person\/713d340ef5f218fc36ce9b4244364a7f"},"headline":"Esclavage: le dossier sensible des r\u00e9parations financi\u00e8res","datePublished":"2026-08-31T05:33:03+00:00","mainEntityOfPage":{"@id":"https:\/\/www.justiceinfo.net\/fr\/164297-esclavage-le-dossier-sensible-des-reparations-financieres.html"},"wordCount":887,"commentCount":0,"publisher":{"@id":"https:\/\/www.justiceinfo.net\/fr#organization"},"articleSection":["Fil d'info AFP"],"inLanguage":"fr-FR","potentialAction":[{"@type":"CommentAction","name":"Comment","target":["https:\/\/www.justiceinfo.net\/fr\/164297-esclavage-le-dossier-sensible-des-reparations-financieres.html#respond"]}]},{"@type":"WebPage","@id":"https:\/\/www.justiceinfo.net\/fr\/164297-esclavage-le-dossier-sensible-des-reparations-financieres.html","url":"https:\/\/www.justiceinfo.net\/fr\/164297-esclavage-le-dossier-sensible-des-reparations-financieres.html","name":"Esclavage: le dossier sensible des r\u00e9parations financi\u00e8res - JusticeInfo.net","isPartOf":{"@id":"https:\/\/www.justiceinfo.net\/fr#website"},"datePublished":"2026-08-31T05:33:03+00:00","breadcrumb":{"@id":"https:\/\/www.justiceinfo.net\/fr\/164297-esclavage-le-dossier-sensible-des-reparations-financieres.html#breadcrumb"},"inLanguage":"fr-FR","potentialAction":[{"@type":"ReadAction","target":["https:\/\/www.justiceinfo.net\/fr\/164297-esclavage-le-dossier-sensible-des-reparations-financieres.html"]}]},{"@type":"BreadcrumbList","@id":"https:\/\/www.justiceinfo.net\/fr\/164297-esclavage-le-dossier-sensible-des-reparations-financieres.html#breadcrumb","itemListElement":[{"@type":"ListItem","position":1,"name":"Home","item":"https:\/\/www.justiceinfo.net\/fr"},{"@type":"ListItem","position":2,"name":"Esclavage: le dossier sensible des r\u00e9parations financi\u00e8res"}]},{"@type":"WebSite","@id":"https:\/\/www.justiceinfo.net\/fr#website","url":"https:\/\/www.justiceinfo.net\/fr","name":"JusticeInfo.net","description":"La justice doit \u00eatre vue pour \u00eatre rendue","publisher":{"@id":"https:\/\/www.justiceinfo.net\/fr#organization"},"potentialAction":[{"@type":"SearchAction","target":{"@type":"EntryPoint","urlTemplate":"https:\/\/www.justiceinfo.net\/fr?s={search_term_string}"},"query-input":{"@type":"PropertyValueSpecification","valueRequired":true,"valueName":"search_term_string"}}],"inLanguage":"fr-FR"},{"@type":"Organization","@id":"https:\/\/www.justiceinfo.net\/fr#organization","name":"Justice Info","url":"https:\/\/www.justiceinfo.net\/fr","logo":{"@type":"ImageObject","inLanguage":"fr-FR","@id":"https:\/\/www.justiceinfo.net\/fr#\/schema\/logo\/image\/","url":"https:\/\/www.justiceinfo.net\/wp-content\/uploads\/justiceinfo_logo-trans_1200x1200px.png","contentUrl":"https:\/\/www.justiceinfo.net\/wp-content\/uploads\/justiceinfo_logo-trans_1200x1200px.png","width":1199,"height":1200,"caption":"Justice Info"},"image":{"@id":"https:\/\/www.justiceinfo.net\/fr#\/schema\/logo\/image\/"},"sameAs":["https:\/\/www.facebook.com\/JusticeInfo\/","https:\/\/x.com\/justiceinfonet","https:\/\/www.linkedin.com\/company\/justice-info","https:\/\/www.youtube.com\/channel\/UCyCEsARodyuWtkWyhn-e7pA"]},{"@type":"Person","name":"afp","url":"\/fr\/?s=afp"}]}},"_links":{"self":[{"href":"https:\/\/www.justiceinfo.net\/fr\/wp-json\/wp\/v2\/posts\/164297","targetHints":{"allow":["GET"]}}],"collection":[{"href":"https:\/\/www.justiceinfo.net\/fr\/wp-json\/wp\/v2\/posts"}],"about":[{"href":"https:\/\/www.justiceinfo.net\/fr\/wp-json\/wp\/v2\/types\/post"}],"author":[{"embeddable":true,"href":"https:\/\/www.justiceinfo.net\/fr\/wp-json\/wp\/v2\/users\/60"}],"replies":[{"embeddable":true,"href":"https:\/\/www.justiceinfo.net\/fr\/wp-json\/wp\/v2\/comments?post=164297"}],"version-history":[{"count":0,"href":"https:\/\/www.justiceinfo.net\/fr\/wp-json\/wp\/v2\/posts\/164297\/revisions"}],"wp:attachment":[{"href":"https:\/\/www.justiceinfo.net\/fr\/wp-json\/wp\/v2\/media?parent=164297"}],"wp:term":[{"taxonomy":"category","embeddable":true,"href":"https:\/\/www.justiceinfo.net\/fr\/wp-json\/wp\/v2\/categories?post=164297"},{"taxonomy":"post_tag","embeddable":true,"href":"https:\/\/www.justiceinfo.net\/fr\/wp-json\/wp\/v2\/tags?post=164297"},{"taxonomy":"ji_location","embeddable":true,"href":"https:\/\/www.justiceinfo.net\/fr\/wp-json\/wp\/v2\/ji_location?post=164297"}],"curies":[{"name":"wp","href":"https:\/\/api.w.org\/{rel}","templated":true}]}}