{"id":164302,"date":"2026-08-31T10:18:03","date_gmt":"2026-08-31T08:18:03","guid":{"rendered":"https:\/\/www.justiceinfo.net\/164302-finlande-condamnation-reduite-pour-un-neonazi-russe-accuse-de-crimes-de-guerre.html"},"modified":"2026-08-31T10:18:03","modified_gmt":"2026-08-31T08:18:03","slug":"finlande-condamnation-reduite-pour-un-neonazi-russe-accuse-de-crimes-de-guerre","status":"publish","type":"post","link":"https:\/\/www.justiceinfo.net\/fr\/164302-finlande-condamnation-reduite-pour-un-neonazi-russe-accuse-de-crimes-de-guerre.html","title":{"rendered":"Finlande: condamnation r\u00e9duite pour un n\u00e9onazi russe accus\u00e9 de crimes de guerre"},"content":{"rendered":"<p>\n             Un tribunal finlandais a r\u00e9duit lundi \u00e0 12 ans et six mois de prison la peine inflig\u00e9e \u00e0 un leader d'un groupe paramilitaire russe n\u00e9nonazi, condamn\u00e9 en premi\u00e8re instance en 2025 \u00e0 la perp\u00e9tuit\u00e9 pour des crimes de guerre commis en Ukraine en 2014.\n<\/p>\n<p>\n            La cour d'appel d'Helsinki a reconnu coupable Vojislav Torden, un ancien leader du groupe paramilitaire n\u00e9onazi russe Rusich, de \"trois crimes de guerre\" commis dans l'est de l'Ukraine.\n<\/p>\n<p>\n            Elle a r\u00e9duit la sentence prononc\u00e9e en mars 2025 par le tribunal de district d'Helsinki, qui avait reconnu Torden coupable de quatre crimes de guerre et l'avait condamn\u00e9 \u00e0 la r\u00e9clusion \u00e0 perp\u00e9tuit\u00e9.\n<\/p>\n<p>\n            La cour d'appel a estim\u00e9 qu'il n'y avait pas de preuves suffisantes d\u00e9montrant que Vojislav Torden avait personnellement abattu des soldats bless\u00e9s ou qu'il avait directement donn\u00e9 l'ordre de le faire.\n<\/p>\n<p>\n            Les faits concernent une embuscade organis\u00e9e le 5 septembre 2014 apr\u00e8s le d\u00e9but du conflit arm\u00e9, dans la r\u00e9gion s\u00e9paratiste prorusse de Louhansk.\n<\/p>\n<p>\n            Une embuscade avait alors \u00e9t\u00e9 organis\u00e9e contre un convoi des forces ukrainiennes par Rusich et d'autres groupes, en utilisant d'une mani\u00e8re trompeuse le drapeau ukrainien, ce qui constitue un crime de guerre. Vingt-deux soldats ukrainiens avaient \u00e9t\u00e9 tu\u00e9s et quatre bless\u00e9s dans cette embuscade.\n<\/p>\n<p>\n            Lors du jugement en premi\u00e8re instance, Torden avait \u00e9t\u00e9 reconnu coupable d'avoir autoris\u00e9 ses hommes \u00e0 mutiler un soldat ukrainien, mort \u00e0 la suite de ses blessures, en lui incisant sur la joue le symbole utilis\u00e9 par le groupe. Ce chef d'accusation a \u00e9t\u00e9 rejet\u00e9 par la cour d'appel, qui l'a toutefois reconnu coupable d'avoir pris des photos humiliantes d'un soldat mort sur les lieux et de les avoir diffus\u00e9es sur les r\u00e9seaux sociaux.\n<\/p>\n<p>\n            Le jugement de la cour d'appel peut \u00eatre contest\u00e9 devant la Cour supr\u00eame.\n<\/p>\n<p>\n            Vojislav Torden est d\u00e9tenu en Finlande depuis juillet 2023, date \u00e0 laquelle il avait \u00e9t\u00e9 arr\u00eat\u00e9 \u00e0 l'a\u00e9roport de Helsinki.\n<\/p>\n<p>\n            La Finlande applique le principe de comp\u00e9tence universelle pour ce type de crime, ce qui signifie qu'elle peut engager des poursuites pour certains crimes graves ind\u00e9pendamment du lieu o\u00f9 ils ont \u00e9t\u00e9 commis.<\/p>\n","protected":false},"excerpt":{"rendered":"<p>Un tribunal finlandais a r\u00e9duit lundi \u00e0 12 ans et six mois de prison la peine inflig\u00e9e \u00e0 un leader d'un groupe paramilitaire russe n\u00e9nonazi, condamn\u00e9 en premi\u00e8re instance en 2025 \u00e0 la perp\u00e9tuit\u00e9 pour des crimes de guerre commis en Ukraine en 2014. La cour d'appel d'Helsinki a reconnu coupable Vojislav Torden, un ancien [&hellip;]<\/p>\n","protected":false},"author":60,"featured_media":0,"comment_status":"open","ping_status":"closed","sticky":false,"template":"","format":"standard","meta":{"_acf_changed":false,"footnotes":""},"categories":[2576],"tags":[],"ji_location":[],"class_list":["post-164302","post","type-post","status-publish","format-standard","hentry","category-fil-d-actualite"],"acf":[],"yoast_head":"<!-- This site is optimized with the Yoast SEO Premium plugin v25.3.1 (Yoast SEO v25.3.1) - https:\/\/yoast.com\/wordpress\/plugins\/seo\/ -->\n<title>Finlande: condamnation r\u00e9duite pour un n\u00e9onazi russe accus\u00e9 de crimes de guerre - JusticeInfo.net<\/title>\n<meta name=\"robots\" content=\"index, follow, max-snippet:-1, max-image-preview:large, max-video-preview:-1\" \/>\n<link rel=\"canonical\" href=\"https:\/\/www.justiceinfo.net\/fr\/164302-finlande-condamnation-reduite-pour-un-neonazi-russe-accuse-de-crimes-de-guerre.html\" \/>\n<meta property=\"og:locale\" content=\"fr_FR\" \/>\n<meta property=\"og:type\" content=\"article\" \/>\n<meta property=\"og:title\" content=\"Finlande: condamnation r\u00e9duite pour un n\u00e9onazi russe accus\u00e9 de crimes de guerre\" \/>\n<meta property=\"og:description\" content=\"Un tribunal finlandais a r\u00e9duit lundi \u00e0 12 ans et six mois de prison la peine inflig\u00e9e \u00e0 un leader d&#039;un groupe paramilitaire russe n\u00e9nonazi, condamn\u00e9 en premi\u00e8re instance en 2025 \u00e0 la perp\u00e9tuit\u00e9 pour des crimes de guerre commis en Ukraine en 2014. La cour d&#039;appel d&#039;Helsinki a reconnu coupable Vojislav Torden, un ancien [&hellip;]\" \/>\n<meta property=\"og:url\" content=\"https:\/\/www.justiceinfo.net\/fr\/164302-finlande-condamnation-reduite-pour-un-neonazi-russe-accuse-de-crimes-de-guerre.html\" \/>\n<meta property=\"og:site_name\" content=\"JusticeInfo.net\" \/>\n<meta property=\"article:publisher\" content=\"https:\/\/www.facebook.com\/JusticeInfo\/\" \/>\n<meta property=\"article:published_time\" content=\"2026-08-31T08:18:03+00:00\" \/>\n<meta property=\"og:image\" content=\"https:\/\/www.justiceinfo.net\/wp-content\/uploads\/JusticeInfoNet_logo_1200x630px.jpg\" \/>\n\t<meta property=\"og:image:width\" content=\"1200\" \/>\n\t<meta property=\"og:image:height\" content=\"630\" \/>\n\t<meta property=\"og:image:type\" content=\"image\/jpeg\" \/>\n<meta name=\"author\" content=\"afp\" \/>\n<meta name=\"twitter:card\" content=\"summary_large_image\" \/>\n<meta name=\"twitter:creator\" content=\"@justiceinfonet\" \/>\n<meta name=\"twitter:site\" content=\"@justiceinfonet\" \/>\n<meta name=\"twitter:label1\" content=\"\u00c9crit par\" \/>\n\t<meta name=\"twitter:data1\" content=\"afp\" \/>\n\t<meta name=\"twitter:label2\" content=\"Dur\u00e9e de lecture estim\u00e9e\" \/>\n\t<meta name=\"twitter:data2\" content=\"2 minutes\" \/>\n<script type=\"application\/ld+json\" class=\"yoast-schema-graph\">{\"@context\":\"https:\/\/schema.org\",\"@graph\":[{\"@type\":\"NewsArticle\",\"@id\":\"https:\/\/www.justiceinfo.net\/fr\/164302-finlande-condamnation-reduite-pour-un-neonazi-russe-accuse-de-crimes-de-guerre.html#article\",\"isPartOf\":{\"@id\":\"https:\/\/www.justiceinfo.net\/fr\/164302-finlande-condamnation-reduite-pour-un-neonazi-russe-accuse-de-crimes-de-guerre.html\"},\"author\":{\"name\":\"afp\",\"@id\":\"https:\/\/www.justiceinfo.net\/fr#\/schema\/person\/713d340ef5f218fc36ce9b4244364a7f\"},\"headline\":\"Finlande: condamnation r\u00e9duite pour un n\u00e9onazi russe accus\u00e9 de crimes de guerre\",\"datePublished\":\"2026-08-31T08:18:03+00:00\",\"mainEntityOfPage\":{\"@id\":\"https:\/\/www.justiceinfo.net\/fr\/164302-finlande-condamnation-reduite-pour-un-neonazi-russe-accuse-de-crimes-de-guerre.html\"},\"wordCount\":394,\"commentCount\":0,\"publisher\":{\"@id\":\"https:\/\/www.justiceinfo.net\/fr#organization\"},\"articleSection\":[\"Fil d'info AFP\"],\"inLanguage\":\"fr-FR\",\"potentialAction\":[{\"@type\":\"CommentAction\",\"name\":\"Comment\",\"target\":[\"https:\/\/www.justiceinfo.net\/fr\/164302-finlande-condamnation-reduite-pour-un-neonazi-russe-accuse-de-crimes-de-guerre.html#respond\"]}]},{\"@type\":\"WebPage\",\"@id\":\"https:\/\/www.justiceinfo.net\/fr\/164302-finlande-condamnation-reduite-pour-un-neonazi-russe-accuse-de-crimes-de-guerre.html\",\"url\":\"https:\/\/www.justiceinfo.net\/fr\/164302-finlande-condamnation-reduite-pour-un-neonazi-russe-accuse-de-crimes-de-guerre.html\",\"name\":\"Finlande: condamnation r\u00e9duite pour un n\u00e9onazi russe accus\u00e9 de crimes de guerre - JusticeInfo.net\",\"isPartOf\":{\"@id\":\"https:\/\/www.justiceinfo.net\/fr#website\"},\"datePublished\":\"2026-08-31T08:18:03+00:00\",\"breadcrumb\":{\"@id\":\"https:\/\/www.justiceinfo.net\/fr\/164302-finlande-condamnation-reduite-pour-un-neonazi-russe-accuse-de-crimes-de-guerre.html#breadcrumb\"},\"inLanguage\":\"fr-FR\",\"potentialAction\":[{\"@type\":\"ReadAction\",\"target\":[\"https:\/\/www.justiceinfo.net\/fr\/164302-finlande-condamnation-reduite-pour-un-neonazi-russe-accuse-de-crimes-de-guerre.html\"]}]},{\"@type\":\"BreadcrumbList\",\"@id\":\"https:\/\/www.justiceinfo.net\/fr\/164302-finlande-condamnation-reduite-pour-un-neonazi-russe-accuse-de-crimes-de-guerre.html#breadcrumb\",\"itemListElement\":[{\"@type\":\"ListItem\",\"position\":1,\"name\":\"Home\",\"item\":\"https:\/\/www.justiceinfo.net\/fr\"},{\"@type\":\"ListItem\",\"position\":2,\"name\":\"Finlande: condamnation r\u00e9duite pour un n\u00e9onazi russe accus\u00e9 de crimes de guerre\"}]},{\"@type\":\"WebSite\",\"@id\":\"https:\/\/www.justiceinfo.net\/fr#website\",\"url\":\"https:\/\/www.justiceinfo.net\/fr\",\"name\":\"JusticeInfo.net\",\"description\":\"La justice doit \u00eatre vue pour \u00eatre rendue\",\"publisher\":{\"@id\":\"https:\/\/www.justiceinfo.net\/fr#organization\"},\"potentialAction\":[{\"@type\":\"SearchAction\",\"target\":{\"@type\":\"EntryPoint\",\"urlTemplate\":\"https:\/\/www.justiceinfo.net\/fr?s={search_term_string}\"},\"query-input\":{\"@type\":\"PropertyValueSpecification\",\"valueRequired\":true,\"valueName\":\"search_term_string\"}}],\"inLanguage\":\"fr-FR\"},{\"@type\":\"Organization\",\"@id\":\"https:\/\/www.justiceinfo.net\/fr#organization\",\"name\":\"Justice Info\",\"url\":\"https:\/\/www.justiceinfo.net\/fr\",\"logo\":{\"@type\":\"ImageObject\",\"inLanguage\":\"fr-FR\",\"@id\":\"https:\/\/www.justiceinfo.net\/fr#\/schema\/logo\/image\/\",\"url\":\"https:\/\/www.justiceinfo.net\/wp-content\/uploads\/justiceinfo_logo-trans_1200x1200px.png\",\"contentUrl\":\"https:\/\/www.justiceinfo.net\/wp-content\/uploads\/justiceinfo_logo-trans_1200x1200px.png\",\"width\":1199,\"height\":1200,\"caption\":\"Justice Info\"},\"image\":{\"@id\":\"https:\/\/www.justiceinfo.net\/fr#\/schema\/logo\/image\/\"},\"sameAs\":[\"https:\/\/www.facebook.com\/JusticeInfo\/\",\"https:\/\/x.com\/justiceinfonet\",\"https:\/\/www.linkedin.com\/company\/justice-info\",\"https:\/\/www.youtube.com\/channel\/UCyCEsARodyuWtkWyhn-e7pA\"]},{\"@type\":\"Person\",\"name\":\"afp\",\"url\":\"\/fr\/?s=afp\"}]}<\/script>\n<!-- \/ Yoast SEO Premium plugin. -->","yoast_head_json":{"title":"Finlande: condamnation r\u00e9duite pour un n\u00e9onazi russe accus\u00e9 de crimes de guerre - JusticeInfo.net","robots":{"index":"index","follow":"follow","max-snippet":"max-snippet:-1","max-image-preview":"max-image-preview:large","max-video-preview":"max-video-preview:-1"},"canonical":"https:\/\/www.justiceinfo.net\/fr\/164302-finlande-condamnation-reduite-pour-un-neonazi-russe-accuse-de-crimes-de-guerre.html","og_locale":"fr_FR","og_type":"article","og_title":"Finlande: condamnation r\u00e9duite pour un n\u00e9onazi russe accus\u00e9 de crimes de guerre","og_description":"Un tribunal finlandais a r\u00e9duit lundi \u00e0 12 ans et six mois de prison la peine inflig\u00e9e \u00e0 un leader d'un groupe paramilitaire russe n\u00e9nonazi, condamn\u00e9 en premi\u00e8re instance en 2025 \u00e0 la perp\u00e9tuit\u00e9 pour des crimes de guerre commis en Ukraine en 2014. La cour d'appel d'Helsinki a reconnu coupable Vojislav Torden, un ancien [&hellip;]","og_url":"https:\/\/www.justiceinfo.net\/fr\/164302-finlande-condamnation-reduite-pour-un-neonazi-russe-accuse-de-crimes-de-guerre.html","og_site_name":"JusticeInfo.net","article_publisher":"https:\/\/www.facebook.com\/JusticeInfo\/","article_published_time":"2026-08-31T08:18:03+00:00","og_image":[{"width":1200,"height":630,"url":"https:\/\/www.justiceinfo.net\/wp-content\/uploads\/JusticeInfoNet_logo_1200x630px.jpg","type":"image\/jpeg"}],"author":"afp","twitter_card":"summary_large_image","twitter_creator":"@justiceinfonet","twitter_site":"@justiceinfonet","twitter_misc":{"\u00c9crit par":"afp","Dur\u00e9e de lecture estim\u00e9e":"2 minutes"},"schema":{"@context":"https:\/\/schema.org","@graph":[{"@type":"NewsArticle","@id":"https:\/\/www.justiceinfo.net\/fr\/164302-finlande-condamnation-reduite-pour-un-neonazi-russe-accuse-de-crimes-de-guerre.html#article","isPartOf":{"@id":"https:\/\/www.justiceinfo.net\/fr\/164302-finlande-condamnation-reduite-pour-un-neonazi-russe-accuse-de-crimes-de-guerre.html"},"author":{"name":"afp","@id":"https:\/\/www.justiceinfo.net\/fr#\/schema\/person\/713d340ef5f218fc36ce9b4244364a7f"},"headline":"Finlande: condamnation r\u00e9duite pour un n\u00e9onazi russe accus\u00e9 de crimes de guerre","datePublished":"2026-08-31T08:18:03+00:00","mainEntityOfPage":{"@id":"https:\/\/www.justiceinfo.net\/fr\/164302-finlande-condamnation-reduite-pour-un-neonazi-russe-accuse-de-crimes-de-guerre.html"},"wordCount":394,"commentCount":0,"publisher":{"@id":"https:\/\/www.justiceinfo.net\/fr#organization"},"articleSection":["Fil d'info AFP"],"inLanguage":"fr-FR","potentialAction":[{"@type":"CommentAction","name":"Comment","target":["https:\/\/www.justiceinfo.net\/fr\/164302-finlande-condamnation-reduite-pour-un-neonazi-russe-accuse-de-crimes-de-guerre.html#respond"]}]},{"@type":"WebPage","@id":"https:\/\/www.justiceinfo.net\/fr\/164302-finlande-condamnation-reduite-pour-un-neonazi-russe-accuse-de-crimes-de-guerre.html","url":"https:\/\/www.justiceinfo.net\/fr\/164302-finlande-condamnation-reduite-pour-un-neonazi-russe-accuse-de-crimes-de-guerre.html","name":"Finlande: condamnation r\u00e9duite pour un n\u00e9onazi russe accus\u00e9 de crimes de guerre - JusticeInfo.net","isPartOf":{"@id":"https:\/\/www.justiceinfo.net\/fr#website"},"datePublished":"2026-08-31T08:18:03+00:00","breadcrumb":{"@id":"https:\/\/www.justiceinfo.net\/fr\/164302-finlande-condamnation-reduite-pour-un-neonazi-russe-accuse-de-crimes-de-guerre.html#breadcrumb"},"inLanguage":"fr-FR","potentialAction":[{"@type":"ReadAction","target":["https:\/\/www.justiceinfo.net\/fr\/164302-finlande-condamnation-reduite-pour-un-neonazi-russe-accuse-de-crimes-de-guerre.html"]}]},{"@type":"BreadcrumbList","@id":"https:\/\/www.justiceinfo.net\/fr\/164302-finlande-condamnation-reduite-pour-un-neonazi-russe-accuse-de-crimes-de-guerre.html#breadcrumb","itemListElement":[{"@type":"ListItem","position":1,"name":"Home","item":"https:\/\/www.justiceinfo.net\/fr"},{"@type":"ListItem","position":2,"name":"Finlande: condamnation r\u00e9duite pour un n\u00e9onazi russe accus\u00e9 de crimes de guerre"}]},{"@type":"WebSite","@id":"https:\/\/www.justiceinfo.net\/fr#website","url":"https:\/\/www.justiceinfo.net\/fr","name":"JusticeInfo.net","description":"La justice doit \u00eatre vue pour \u00eatre rendue","publisher":{"@id":"https:\/\/www.justiceinfo.net\/fr#organization"},"potentialAction":[{"@type":"SearchAction","target":{"@type":"EntryPoint","urlTemplate":"https:\/\/www.justiceinfo.net\/fr?s={search_term_string}"},"query-input":{"@type":"PropertyValueSpecification","valueRequired":true,"valueName":"search_term_string"}}],"inLanguage":"fr-FR"},{"@type":"Organization","@id":"https:\/\/www.justiceinfo.net\/fr#organization","name":"Justice Info","url":"https:\/\/www.justiceinfo.net\/fr","logo":{"@type":"ImageObject","inLanguage":"fr-FR","@id":"https:\/\/www.justiceinfo.net\/fr#\/schema\/logo\/image\/","url":"https:\/\/www.justiceinfo.net\/wp-content\/uploads\/justiceinfo_logo-trans_1200x1200px.png","contentUrl":"https:\/\/www.justiceinfo.net\/wp-content\/uploads\/justiceinfo_logo-trans_1200x1200px.png","width":1199,"height":1200,"caption":"Justice Info"},"image":{"@id":"https:\/\/www.justiceinfo.net\/fr#\/schema\/logo\/image\/"},"sameAs":["https:\/\/www.facebook.com\/JusticeInfo\/","https:\/\/x.com\/justiceinfonet","https:\/\/www.linkedin.com\/company\/justice-info","https:\/\/www.youtube.com\/channel\/UCyCEsARodyuWtkWyhn-e7pA"]},{"@type":"Person","name":"afp","url":"\/fr\/?s=afp"}]}},"_links":{"self":[{"href":"https:\/\/www.justiceinfo.net\/fr\/wp-json\/wp\/v2\/posts\/164302","targetHints":{"allow":["GET"]}}],"collection":[{"href":"https:\/\/www.justiceinfo.net\/fr\/wp-json\/wp\/v2\/posts"}],"about":[{"href":"https:\/\/www.justiceinfo.net\/fr\/wp-json\/wp\/v2\/types\/post"}],"author":[{"embeddable":true,"href":"https:\/\/www.justiceinfo.net\/fr\/wp-json\/wp\/v2\/users\/60"}],"replies":[{"embeddable":true,"href":"https:\/\/www.justiceinfo.net\/fr\/wp-json\/wp\/v2\/comments?post=164302"}],"version-history":[{"count":0,"href":"https:\/\/www.justiceinfo.net\/fr\/wp-json\/wp\/v2\/posts\/164302\/revisions"}],"wp:attachment":[{"href":"https:\/\/www.justiceinfo.net\/fr\/wp-json\/wp\/v2\/media?parent=164302"}],"wp:term":[{"taxonomy":"category","embeddable":true,"href":"https:\/\/www.justiceinfo.net\/fr\/wp-json\/wp\/v2\/categories?post=164302"},{"taxonomy":"post_tag","embeddable":true,"href":"https:\/\/www.justiceinfo.net\/fr\/wp-json\/wp\/v2\/tags?post=164302"},{"taxonomy":"ji_location","embeddable":true,"href":"https:\/\/www.justiceinfo.net\/fr\/wp-json\/wp\/v2\/ji_location?post=164302"}],"curies":[{"name":"wp","href":"https:\/\/api.w.org\/{rel}","templated":true}]}}