{"id":164306,"date":"2026-08-31T12:38:03","date_gmt":"2026-08-31T10:38:03","guid":{"rendered":"https:\/\/www.justiceinfo.net\/164306-serbie-la-glorification-de-ratko-mladic-na-pas-sa-place-dans-lue-selon-la-commissaire-kos.html"},"modified":"2026-08-31T12:38:03","modified_gmt":"2026-08-31T10:38:03","slug":"serbie-la-glorification-de-ratko-mladic-na-pas-sa-place-dans-lue-selon-la-commissaire-kos","status":"publish","type":"post","link":"https:\/\/www.justiceinfo.net\/fr\/164306-serbie-la-glorification-de-ratko-mladic-na-pas-sa-place-dans-lue-selon-la-commissaire-kos.html","title":{"rendered":"Serbie : la glorification de Ratko Mladic n'a pas sa place dans l'UE, selon la commissaire Kos"},"content":{"rendered":"<p>\n             La glorification des criminels de guerre \"est contraire aux valeurs fondamentales europ\u00e9ennes et n'a sa place ni dans l'Union europ\u00e9enne, ni dans les pays qui aspirent \u00e0 en devenir membres\", a d\u00e9clar\u00e9 lundi la commissaire \u00e0 l'Elargissement Marta Kos.\n<\/p>\n<p>\n            Mme Kos s'exprimait en marge du forum strat\u00e9gique annuel de Bled, en Slov\u00e9nie, devant quelques journalistes, au sujet de Ratko Mladic, l'ancien chef militaire des Serbes de Bosnie, mort jeudi \u00e0 La Haye, o\u00f9 il purgeait une peine de prison \u00e0 vie.\n<\/p>\n<p>\n            Vendredi, le ministre serbe de la Justice Nenad Vujic avait annonc\u00e9 qu'il aurait des obs\u00e8ques \"nationales\", avec \"les honneurs militaires auxquels il a droit\".\n<\/p>\n<p>\n            Or il s'agit, a dit la commissaire, d'\"un criminel de guerre condamn\u00e9, purgeant une peine de r\u00e9clusion \u00e0 perp\u00e9tuit\u00e9 pour le g\u00e9nocide de Srebrenica et pour des crimes contre l'humanit\u00e9\".\n<\/p>\n<p>\n            \"C'est sur cette base que nous \u00e9valuerons l'\u00e9volution de la situation\", a ajout\u00e9 Mme Kos, qui a affirm\u00e9 qu'elle se rendrait \"en mission\" en Serbie le 9 septembre.\n<\/p>\n<p>\n            La Serbie a pr\u00e9sent\u00e9 une demande d'adh\u00e9sion \u00e0 l'UE en 2009 et s'est vu accorder le statut de pays candidat \u00e0 l'adh\u00e9sion en mars 2012, mais les discussions pi\u00e9tinent en raison de r\u00e9formes jug\u00e9es insuffisantes en mati\u00e8re d'Etat de droit ainsi que des tensions persistantes avec le Kosovo.\n<\/p>\n<p>\n            M. Mladic \u00e9tait surnomm\u00e9 \"Le boucher des Balkans\" pour son r\u00f4le dans le massacre de Srebrenica en 1995, la pire tuerie en Europe depuis la Seconde Guerre mondiale.\n<\/p>\n<p>\n            Il s'est \u00e9teint quelques jours apr\u00e8s le dernier rejet de la demande du gouvernement serbe de le transf\u00e9rer dans un h\u00f4pital militaire de Belgrade pour y \u00eatre soign\u00e9.<\/p>\n","protected":false},"excerpt":{"rendered":"<p>La glorification des criminels de guerre \"est contraire aux valeurs fondamentales europ\u00e9ennes et n'a sa place ni dans l'Union europ\u00e9enne, ni dans les pays qui aspirent \u00e0 en devenir membres\", a d\u00e9clar\u00e9 lundi la commissaire \u00e0 l'Elargissement Marta Kos. Mme Kos s'exprimait en marge du forum strat\u00e9gique annuel de Bled, en Slov\u00e9nie, devant quelques journalistes, [&hellip;]<\/p>\n","protected":false},"author":60,"featured_media":0,"comment_status":"open","ping_status":"closed","sticky":false,"template":"","format":"standard","meta":{"_acf_changed":false,"footnotes":""},"categories":[2576],"tags":[],"ji_location":[],"class_list":["post-164306","post","type-post","status-publish","format-standard","hentry","category-fil-d-actualite"],"acf":[],"yoast_head":"<!-- This site is optimized with the Yoast SEO Premium plugin v25.3.1 (Yoast SEO v25.3.1) - https:\/\/yoast.com\/wordpress\/plugins\/seo\/ -->\n<title>Serbie : la glorification de Ratko Mladic n&#039;a pas sa place dans l&#039;UE, selon la commissaire Kos - JusticeInfo.net<\/title>\n<meta name=\"robots\" content=\"index, follow, max-snippet:-1, max-image-preview:large, max-video-preview:-1\" \/>\n<link rel=\"canonical\" href=\"https:\/\/www.justiceinfo.net\/fr\/164306-serbie-la-glorification-de-ratko-mladic-na-pas-sa-place-dans-lue-selon-la-commissaire-kos.html\" \/>\n<meta property=\"og:locale\" content=\"fr_FR\" \/>\n<meta property=\"og:type\" content=\"article\" \/>\n<meta property=\"og:title\" content=\"Serbie : la glorification de Ratko Mladic n&#039;a pas sa place dans l&#039;UE, selon la commissaire Kos\" \/>\n<meta property=\"og:description\" content=\"La glorification des criminels de guerre &quot;est contraire aux valeurs fondamentales europ\u00e9ennes et n&#039;a sa place ni dans l&#039;Union europ\u00e9enne, ni dans les pays qui aspirent \u00e0 en devenir membres&quot;, a d\u00e9clar\u00e9 lundi la commissaire \u00e0 l&#039;Elargissement Marta Kos. Mme Kos s&#039;exprimait en marge du forum strat\u00e9gique annuel de Bled, en Slov\u00e9nie, devant quelques journalistes, [&hellip;]\" \/>\n<meta property=\"og:url\" content=\"https:\/\/www.justiceinfo.net\/fr\/164306-serbie-la-glorification-de-ratko-mladic-na-pas-sa-place-dans-lue-selon-la-commissaire-kos.html\" \/>\n<meta property=\"og:site_name\" content=\"JusticeInfo.net\" \/>\n<meta property=\"article:publisher\" content=\"https:\/\/www.facebook.com\/JusticeInfo\/\" \/>\n<meta property=\"article:published_time\" content=\"2026-08-31T10:38:03+00:00\" \/>\n<meta property=\"og:image\" content=\"https:\/\/www.justiceinfo.net\/wp-content\/uploads\/JusticeInfoNet_logo_1200x630px.jpg\" \/>\n\t<meta property=\"og:image:width\" content=\"1200\" \/>\n\t<meta property=\"og:image:height\" content=\"630\" \/>\n\t<meta property=\"og:image:type\" content=\"image\/jpeg\" \/>\n<meta name=\"author\" content=\"afp\" \/>\n<meta name=\"twitter:card\" content=\"summary_large_image\" \/>\n<meta name=\"twitter:creator\" content=\"@justiceinfonet\" \/>\n<meta name=\"twitter:site\" content=\"@justiceinfonet\" \/>\n<meta name=\"twitter:label1\" content=\"\u00c9crit par\" \/>\n\t<meta name=\"twitter:data1\" content=\"afp\" \/>\n\t<meta name=\"twitter:label2\" content=\"Dur\u00e9e de lecture estim\u00e9e\" \/>\n\t<meta name=\"twitter:data2\" content=\"1 minute\" \/>\n<script type=\"application\/ld+json\" class=\"yoast-schema-graph\">{\"@context\":\"https:\/\/schema.org\",\"@graph\":[{\"@type\":\"NewsArticle\",\"@id\":\"https:\/\/www.justiceinfo.net\/fr\/164306-serbie-la-glorification-de-ratko-mladic-na-pas-sa-place-dans-lue-selon-la-commissaire-kos.html#article\",\"isPartOf\":{\"@id\":\"https:\/\/www.justiceinfo.net\/fr\/164306-serbie-la-glorification-de-ratko-mladic-na-pas-sa-place-dans-lue-selon-la-commissaire-kos.html\"},\"author\":{\"name\":\"afp\",\"@id\":\"https:\/\/www.justiceinfo.net\/fr#\/schema\/person\/713d340ef5f218fc36ce9b4244364a7f\"},\"headline\":\"Serbie : la glorification de Ratko Mladic n'a pas sa place dans l'UE, selon la commissaire Kos\",\"datePublished\":\"2026-08-31T10:38:03+00:00\",\"mainEntityOfPage\":{\"@id\":\"https:\/\/www.justiceinfo.net\/fr\/164306-serbie-la-glorification-de-ratko-mladic-na-pas-sa-place-dans-lue-selon-la-commissaire-kos.html\"},\"wordCount\":312,\"commentCount\":0,\"publisher\":{\"@id\":\"https:\/\/www.justiceinfo.net\/fr#organization\"},\"articleSection\":[\"Fil d'info AFP\"],\"inLanguage\":\"fr-FR\",\"potentialAction\":[{\"@type\":\"CommentAction\",\"name\":\"Comment\",\"target\":[\"https:\/\/www.justiceinfo.net\/fr\/164306-serbie-la-glorification-de-ratko-mladic-na-pas-sa-place-dans-lue-selon-la-commissaire-kos.html#respond\"]}]},{\"@type\":\"WebPage\",\"@id\":\"https:\/\/www.justiceinfo.net\/fr\/164306-serbie-la-glorification-de-ratko-mladic-na-pas-sa-place-dans-lue-selon-la-commissaire-kos.html\",\"url\":\"https:\/\/www.justiceinfo.net\/fr\/164306-serbie-la-glorification-de-ratko-mladic-na-pas-sa-place-dans-lue-selon-la-commissaire-kos.html\",\"name\":\"Serbie : la glorification de Ratko Mladic n'a pas sa place dans l'UE, selon la commissaire Kos - JusticeInfo.net\",\"isPartOf\":{\"@id\":\"https:\/\/www.justiceinfo.net\/fr#website\"},\"datePublished\":\"2026-08-31T10:38:03+00:00\",\"breadcrumb\":{\"@id\":\"https:\/\/www.justiceinfo.net\/fr\/164306-serbie-la-glorification-de-ratko-mladic-na-pas-sa-place-dans-lue-selon-la-commissaire-kos.html#breadcrumb\"},\"inLanguage\":\"fr-FR\",\"potentialAction\":[{\"@type\":\"ReadAction\",\"target\":[\"https:\/\/www.justiceinfo.net\/fr\/164306-serbie-la-glorification-de-ratko-mladic-na-pas-sa-place-dans-lue-selon-la-commissaire-kos.html\"]}]},{\"@type\":\"BreadcrumbList\",\"@id\":\"https:\/\/www.justiceinfo.net\/fr\/164306-serbie-la-glorification-de-ratko-mladic-na-pas-sa-place-dans-lue-selon-la-commissaire-kos.html#breadcrumb\",\"itemListElement\":[{\"@type\":\"ListItem\",\"position\":1,\"name\":\"Home\",\"item\":\"https:\/\/www.justiceinfo.net\/fr\"},{\"@type\":\"ListItem\",\"position\":2,\"name\":\"Serbie : la glorification de Ratko Mladic n'a pas sa place dans l'UE, selon la commissaire Kos\"}]},{\"@type\":\"WebSite\",\"@id\":\"https:\/\/www.justiceinfo.net\/fr#website\",\"url\":\"https:\/\/www.justiceinfo.net\/fr\",\"name\":\"JusticeInfo.net\",\"description\":\"La justice doit \u00eatre vue pour \u00eatre rendue\",\"publisher\":{\"@id\":\"https:\/\/www.justiceinfo.net\/fr#organization\"},\"potentialAction\":[{\"@type\":\"SearchAction\",\"target\":{\"@type\":\"EntryPoint\",\"urlTemplate\":\"https:\/\/www.justiceinfo.net\/fr?s={search_term_string}\"},\"query-input\":{\"@type\":\"PropertyValueSpecification\",\"valueRequired\":true,\"valueName\":\"search_term_string\"}}],\"inLanguage\":\"fr-FR\"},{\"@type\":\"Organization\",\"@id\":\"https:\/\/www.justiceinfo.net\/fr#organization\",\"name\":\"Justice Info\",\"url\":\"https:\/\/www.justiceinfo.net\/fr\",\"logo\":{\"@type\":\"ImageObject\",\"inLanguage\":\"fr-FR\",\"@id\":\"https:\/\/www.justiceinfo.net\/fr#\/schema\/logo\/image\/\",\"url\":\"https:\/\/www.justiceinfo.net\/wp-content\/uploads\/justiceinfo_logo-trans_1200x1200px.png\",\"contentUrl\":\"https:\/\/www.justiceinfo.net\/wp-content\/uploads\/justiceinfo_logo-trans_1200x1200px.png\",\"width\":1199,\"height\":1200,\"caption\":\"Justice Info\"},\"image\":{\"@id\":\"https:\/\/www.justiceinfo.net\/fr#\/schema\/logo\/image\/\"},\"sameAs\":[\"https:\/\/www.facebook.com\/JusticeInfo\/\",\"https:\/\/x.com\/justiceinfonet\",\"https:\/\/www.linkedin.com\/company\/justice-info\",\"https:\/\/www.youtube.com\/channel\/UCyCEsARodyuWtkWyhn-e7pA\"]},{\"@type\":\"Person\",\"name\":\"afp\",\"url\":\"\/fr\/?s=afp\"}]}<\/script>\n<!-- \/ Yoast SEO Premium plugin. -->","yoast_head_json":{"title":"Serbie : la glorification de Ratko Mladic n'a pas sa place dans l'UE, selon la commissaire Kos - JusticeInfo.net","robots":{"index":"index","follow":"follow","max-snippet":"max-snippet:-1","max-image-preview":"max-image-preview:large","max-video-preview":"max-video-preview:-1"},"canonical":"https:\/\/www.justiceinfo.net\/fr\/164306-serbie-la-glorification-de-ratko-mladic-na-pas-sa-place-dans-lue-selon-la-commissaire-kos.html","og_locale":"fr_FR","og_type":"article","og_title":"Serbie : la glorification de Ratko Mladic n'a pas sa place dans l'UE, selon la commissaire Kos","og_description":"La glorification des criminels de guerre \"est contraire aux valeurs fondamentales europ\u00e9ennes et n'a sa place ni dans l'Union europ\u00e9enne, ni dans les pays qui aspirent \u00e0 en devenir membres\", a d\u00e9clar\u00e9 lundi la commissaire \u00e0 l'Elargissement Marta Kos. Mme Kos s'exprimait en marge du forum strat\u00e9gique annuel de Bled, en Slov\u00e9nie, devant quelques journalistes, [&hellip;]","og_url":"https:\/\/www.justiceinfo.net\/fr\/164306-serbie-la-glorification-de-ratko-mladic-na-pas-sa-place-dans-lue-selon-la-commissaire-kos.html","og_site_name":"JusticeInfo.net","article_publisher":"https:\/\/www.facebook.com\/JusticeInfo\/","article_published_time":"2026-08-31T10:38:03+00:00","og_image":[{"width":1200,"height":630,"url":"https:\/\/www.justiceinfo.net\/wp-content\/uploads\/JusticeInfoNet_logo_1200x630px.jpg","type":"image\/jpeg"}],"author":"afp","twitter_card":"summary_large_image","twitter_creator":"@justiceinfonet","twitter_site":"@justiceinfonet","twitter_misc":{"\u00c9crit par":"afp","Dur\u00e9e de lecture estim\u00e9e":"1 minute"},"schema":{"@context":"https:\/\/schema.org","@graph":[{"@type":"NewsArticle","@id":"https:\/\/www.justiceinfo.net\/fr\/164306-serbie-la-glorification-de-ratko-mladic-na-pas-sa-place-dans-lue-selon-la-commissaire-kos.html#article","isPartOf":{"@id":"https:\/\/www.justiceinfo.net\/fr\/164306-serbie-la-glorification-de-ratko-mladic-na-pas-sa-place-dans-lue-selon-la-commissaire-kos.html"},"author":{"name":"afp","@id":"https:\/\/www.justiceinfo.net\/fr#\/schema\/person\/713d340ef5f218fc36ce9b4244364a7f"},"headline":"Serbie : la glorification de Ratko Mladic n'a pas sa place dans l'UE, selon la commissaire Kos","datePublished":"2026-08-31T10:38:03+00:00","mainEntityOfPage":{"@id":"https:\/\/www.justiceinfo.net\/fr\/164306-serbie-la-glorification-de-ratko-mladic-na-pas-sa-place-dans-lue-selon-la-commissaire-kos.html"},"wordCount":312,"commentCount":0,"publisher":{"@id":"https:\/\/www.justiceinfo.net\/fr#organization"},"articleSection":["Fil d'info AFP"],"inLanguage":"fr-FR","potentialAction":[{"@type":"CommentAction","name":"Comment","target":["https:\/\/www.justiceinfo.net\/fr\/164306-serbie-la-glorification-de-ratko-mladic-na-pas-sa-place-dans-lue-selon-la-commissaire-kos.html#respond"]}]},{"@type":"WebPage","@id":"https:\/\/www.justiceinfo.net\/fr\/164306-serbie-la-glorification-de-ratko-mladic-na-pas-sa-place-dans-lue-selon-la-commissaire-kos.html","url":"https:\/\/www.justiceinfo.net\/fr\/164306-serbie-la-glorification-de-ratko-mladic-na-pas-sa-place-dans-lue-selon-la-commissaire-kos.html","name":"Serbie : la glorification de Ratko Mladic n'a pas sa place dans l'UE, selon la commissaire Kos - JusticeInfo.net","isPartOf":{"@id":"https:\/\/www.justiceinfo.net\/fr#website"},"datePublished":"2026-08-31T10:38:03+00:00","breadcrumb":{"@id":"https:\/\/www.justiceinfo.net\/fr\/164306-serbie-la-glorification-de-ratko-mladic-na-pas-sa-place-dans-lue-selon-la-commissaire-kos.html#breadcrumb"},"inLanguage":"fr-FR","potentialAction":[{"@type":"ReadAction","target":["https:\/\/www.justiceinfo.net\/fr\/164306-serbie-la-glorification-de-ratko-mladic-na-pas-sa-place-dans-lue-selon-la-commissaire-kos.html"]}]},{"@type":"BreadcrumbList","@id":"https:\/\/www.justiceinfo.net\/fr\/164306-serbie-la-glorification-de-ratko-mladic-na-pas-sa-place-dans-lue-selon-la-commissaire-kos.html#breadcrumb","itemListElement":[{"@type":"ListItem","position":1,"name":"Home","item":"https:\/\/www.justiceinfo.net\/fr"},{"@type":"ListItem","position":2,"name":"Serbie : la glorification de Ratko Mladic n'a pas sa place dans l'UE, selon la commissaire Kos"}]},{"@type":"WebSite","@id":"https:\/\/www.justiceinfo.net\/fr#website","url":"https:\/\/www.justiceinfo.net\/fr","name":"JusticeInfo.net","description":"La justice doit \u00eatre vue pour \u00eatre rendue","publisher":{"@id":"https:\/\/www.justiceinfo.net\/fr#organization"},"potentialAction":[{"@type":"SearchAction","target":{"@type":"EntryPoint","urlTemplate":"https:\/\/www.justiceinfo.net\/fr?s={search_term_string}"},"query-input":{"@type":"PropertyValueSpecification","valueRequired":true,"valueName":"search_term_string"}}],"inLanguage":"fr-FR"},{"@type":"Organization","@id":"https:\/\/www.justiceinfo.net\/fr#organization","name":"Justice Info","url":"https:\/\/www.justiceinfo.net\/fr","logo":{"@type":"ImageObject","inLanguage":"fr-FR","@id":"https:\/\/www.justiceinfo.net\/fr#\/schema\/logo\/image\/","url":"https:\/\/www.justiceinfo.net\/wp-content\/uploads\/justiceinfo_logo-trans_1200x1200px.png","contentUrl":"https:\/\/www.justiceinfo.net\/wp-content\/uploads\/justiceinfo_logo-trans_1200x1200px.png","width":1199,"height":1200,"caption":"Justice Info"},"image":{"@id":"https:\/\/www.justiceinfo.net\/fr#\/schema\/logo\/image\/"},"sameAs":["https:\/\/www.facebook.com\/JusticeInfo\/","https:\/\/x.com\/justiceinfonet","https:\/\/www.linkedin.com\/company\/justice-info","https:\/\/www.youtube.com\/channel\/UCyCEsARodyuWtkWyhn-e7pA"]},{"@type":"Person","name":"afp","url":"\/fr\/?s=afp"}]}},"_links":{"self":[{"href":"https:\/\/www.justiceinfo.net\/fr\/wp-json\/wp\/v2\/posts\/164306","targetHints":{"allow":["GET"]}}],"collection":[{"href":"https:\/\/www.justiceinfo.net\/fr\/wp-json\/wp\/v2\/posts"}],"about":[{"href":"https:\/\/www.justiceinfo.net\/fr\/wp-json\/wp\/v2\/types\/post"}],"author":[{"embeddable":true,"href":"https:\/\/www.justiceinfo.net\/fr\/wp-json\/wp\/v2\/users\/60"}],"replies":[{"embeddable":true,"href":"https:\/\/www.justiceinfo.net\/fr\/wp-json\/wp\/v2\/comments?post=164306"}],"version-history":[{"count":0,"href":"https:\/\/www.justiceinfo.net\/fr\/wp-json\/wp\/v2\/posts\/164306\/revisions"}],"wp:attachment":[{"href":"https:\/\/www.justiceinfo.net\/fr\/wp-json\/wp\/v2\/media?parent=164306"}],"wp:term":[{"taxonomy":"category","embeddable":true,"href":"https:\/\/www.justiceinfo.net\/fr\/wp-json\/wp\/v2\/categories?post=164306"},{"taxonomy":"post_tag","embeddable":true,"href":"https:\/\/www.justiceinfo.net\/fr\/wp-json\/wp\/v2\/tags?post=164306"},{"taxonomy":"ji_location","embeddable":true,"href":"https:\/\/www.justiceinfo.net\/fr\/wp-json\/wp\/v2\/ji_location?post=164306"}],"curies":[{"name":"wp","href":"https:\/\/api.w.org\/{rel}","templated":true}]}}