{"id":164309,"date":"2026-08-31T16:43:03","date_gmt":"2026-08-31T14:43:03","guid":{"rendered":"https:\/\/www.justiceinfo.net\/164309-fosse-commune-en-guinee-20-ong-africaines-exigent-une-enquete-independante.html"},"modified":"2026-08-31T16:43:03","modified_gmt":"2026-08-31T14:43:03","slug":"fosse-commune-en-guinee-20-ong-africaines-exigent-une-enquete-independante","status":"publish","type":"post","link":"https:\/\/www.justiceinfo.net\/fr\/164309-fosse-commune-en-guinee-20-ong-africaines-exigent-une-enquete-independante.html","title":{"rendered":"Fosse commune en Guin\u00e9e : 20 ONG africaines \"exigent\" une enqu\u00eate ind\u00e9pendante"},"content":{"rendered":"<p>\n             Vingt organisations de la soci\u00e9t\u00e9 civile africaine \"exigent une enqu\u00eate ind\u00e9pendante et transparente\" de la justice guin\u00e9enne sur les six corps, retrouv\u00e9s il y a une semaine ligot\u00e9s et les yeux band\u00e9s dans une fosse commune dans le sud-ouest du pays.\n<\/p>\n<p>\n            Ces 20 ONG - dont \"Afrikajom center\" de la figure de la soci\u00e9t\u00e9 civile s\u00e9n\u00e9galaise Alioune Tine et plusieurs sections de l'Organisation Tournons La Page (TPL) qui r\u00e9unit les mouvements citoyens \u00e9ponymes d'une dizaine de pays d'Afrique - ont publi\u00e9 un communiqu\u00e9 apr\u00e8s la d\u00e9couverte, le 24 ao\u00fbt, des six d\u00e9pouilles, tous des hommes, dans une for\u00eat.\n<\/p>\n<p>\n            La d\u00e9couverte a \u00e9t\u00e9 faite par des jeunes qui ramassaient du bois de chauffe dans la sous-pr\u00e9fecture d'Allassoyah (pr\u00e9fecture de For\u00e9cariah), en Basse-Guin\u00e9e.\n<\/p>\n<p>\n            Lors de l'exhumation, il a \u00e9t\u00e9 constat\u00e9 que les mains des six personnes avaient \u00e9t\u00e9 ligot\u00e9es et leurs yeux band\u00e9s, selon les m\u00eames sources. Une enqu\u00eate a \u00e9t\u00e9 ouverte.\n<\/p>\n<p>\n            Les vingt ONG \"exigent que toutes les hypoth\u00e8ses soient examin\u00e9es dans le cadre d'une enqu\u00eate ind\u00e9pendante, impartiale et transparente\", dans un communiqu\u00e9 transmis lundi \u00e0 l'AFP.\n<\/p>\n<p>\n            Elles r\u00e9clament \"la reddition de compte imm\u00e9diate\" de cette enqu\u00eate qui doit \u00eatre men\u00e9e \"avec l'appui d'experts m\u00e9dico-l\u00e9gaux nationaux et internationaux, afin d'identifier formellement les victimes\".\n<\/p>\n<p>\n            La d\u00e9couverte de cette fosse commune s'ajoute, selon elles, \u00e0 \"au moins 35 cas de disparitions forc\u00e9es document\u00e9s par TLP-Guin\u00e9e depuis le 5 septembre 2021\".\n<\/p>\n<p>\n            Pour elles, \"les conditions dans lesquelles les corps ont \u00e9t\u00e9 retrouv\u00e9s font craindre que les victimes aient pu faire l'objet d'ex\u00e9cutions extrajudiciaires, sommaires ou arbitraires\".\n<\/p>\n<p>\n            De son c\u00f4t\u00e9, dans un communiqu\u00e9 publi\u00e9 dimanche, la Direction des relations publiques des arm\u00e9es (Dirpa) a affirm\u00e9 qu'apr\u00e8s leur d\u00e9couverte, \"les six corps (avaient) \u00e9t\u00e9 transport\u00e9s\" \u00e0 l'h\u00f4pital de la ville de For\u00e9cariah, \"en vue de poursuivre les op\u00e9rations d'identification et \u00e9ventuellement de d\u00e9terminer les circonstances\" des d\u00e9c\u00e8s.\n<\/p>\n<p>\n            Elle a ajout\u00e9 que \"toutes les mesures (\u00e9taient) prises pour faire la lumi\u00e8re\" sur cette d\u00e9couverte dont \"les r\u00e9sultats des enqu\u00eates seront communiqu\u00e9s au public\". Il s'agit de la premi\u00e8re r\u00e9action officielle depuis le d\u00e9clenchement de cette affaire.\n<\/p>\n<p>\n            Depuis la prise de pouvoir du g\u00e9n\u00e9ral Mamadi Doumbouya - arriv\u00e9 au pouvoir par un coup d'\u00c9tat en 2021 avant de se faire \u00e9lire pr\u00e9sident du pays fin 2025 -, plusieurs partis politiques ont \u00e9t\u00e9 suspendus, les manifestations sont r\u00e9prim\u00e9es et de nombreux dirigeants de l'opposition et de la soci\u00e9t\u00e9 civile ont \u00e9t\u00e9 arr\u00eat\u00e9s, condamn\u00e9s ou pouss\u00e9s \u00e0 l'exil.\n<\/p>\n<p>\n            Les cas d'enl\u00e8vements et de disparitions forc\u00e9es de voix dissidentes et de leurs proches se sont multipli\u00e9s ces derni\u00e8res ann\u00e9es en Guin\u00e9e. Les autorit\u00e9s ont toujours ni\u00e9 \u00eatre au courant de ces disparitions.<\/p>\n","protected":false},"excerpt":{"rendered":"<p>Vingt organisations de la soci\u00e9t\u00e9 civile africaine \"exigent une enqu\u00eate ind\u00e9pendante et transparente\" de la justice guin\u00e9enne sur les six corps, retrouv\u00e9s il y a une semaine ligot\u00e9s et les yeux band\u00e9s dans une fosse commune dans le sud-ouest du pays. Ces 20 ONG - dont \"Afrikajom center\" de la figure de la soci\u00e9t\u00e9 civile [&hellip;]<\/p>\n","protected":false},"author":60,"featured_media":0,"comment_status":"open","ping_status":"closed","sticky":false,"template":"","format":"standard","meta":{"_acf_changed":false,"footnotes":""},"categories":[2576],"tags":[],"ji_location":[],"class_list":["post-164309","post","type-post","status-publish","format-standard","hentry","category-fil-d-actualite"],"acf":[],"yoast_head":"<!-- This site is optimized with the Yoast SEO Premium plugin v25.3.1 (Yoast SEO v25.3.1) - https:\/\/yoast.com\/wordpress\/plugins\/seo\/ -->\n<title>Fosse commune en Guin\u00e9e : 20 ONG africaines &quot;exigent&quot; une enqu\u00eate ind\u00e9pendante - JusticeInfo.net<\/title>\n<meta name=\"robots\" content=\"index, follow, max-snippet:-1, max-image-preview:large, max-video-preview:-1\" \/>\n<link rel=\"canonical\" href=\"https:\/\/www.justiceinfo.net\/fr\/164309-fosse-commune-en-guinee-20-ong-africaines-exigent-une-enquete-independante.html\" \/>\n<meta property=\"og:locale\" content=\"fr_FR\" \/>\n<meta property=\"og:type\" content=\"article\" \/>\n<meta property=\"og:title\" content=\"Fosse commune en Guin\u00e9e : 20 ONG africaines &quot;exigent&quot; une enqu\u00eate ind\u00e9pendante\" \/>\n<meta property=\"og:description\" content=\"Vingt organisations de la soci\u00e9t\u00e9 civile africaine &quot;exigent une enqu\u00eate ind\u00e9pendante et transparente&quot; de la justice guin\u00e9enne sur les six corps, retrouv\u00e9s il y a une semaine ligot\u00e9s et les yeux band\u00e9s dans une fosse commune dans le sud-ouest du pays. Ces 20 ONG - dont &quot;Afrikajom center&quot; de la figure de la soci\u00e9t\u00e9 civile [&hellip;]\" \/>\n<meta property=\"og:url\" content=\"https:\/\/www.justiceinfo.net\/fr\/164309-fosse-commune-en-guinee-20-ong-africaines-exigent-une-enquete-independante.html\" \/>\n<meta property=\"og:site_name\" content=\"JusticeInfo.net\" \/>\n<meta property=\"article:publisher\" content=\"https:\/\/www.facebook.com\/JusticeInfo\/\" \/>\n<meta property=\"article:published_time\" content=\"2026-08-31T14:43:03+00:00\" \/>\n<meta property=\"og:image\" content=\"https:\/\/www.justiceinfo.net\/wp-content\/uploads\/JusticeInfoNet_logo_1200x630px.jpg\" \/>\n\t<meta property=\"og:image:width\" content=\"1200\" \/>\n\t<meta property=\"og:image:height\" content=\"630\" \/>\n\t<meta property=\"og:image:type\" content=\"image\/jpeg\" \/>\n<meta name=\"author\" content=\"afp\" \/>\n<meta name=\"twitter:card\" content=\"summary_large_image\" \/>\n<meta name=\"twitter:creator\" content=\"@justiceinfonet\" \/>\n<meta name=\"twitter:site\" content=\"@justiceinfonet\" \/>\n<meta name=\"twitter:label1\" content=\"\u00c9crit par\" \/>\n\t<meta name=\"twitter:data1\" content=\"afp\" \/>\n\t<meta name=\"twitter:label2\" content=\"Dur\u00e9e de lecture estim\u00e9e\" \/>\n\t<meta name=\"twitter:data2\" content=\"2 minutes\" \/>\n<script type=\"application\/ld+json\" class=\"yoast-schema-graph\">{\"@context\":\"https:\/\/schema.org\",\"@graph\":[{\"@type\":\"NewsArticle\",\"@id\":\"https:\/\/www.justiceinfo.net\/fr\/164309-fosse-commune-en-guinee-20-ong-africaines-exigent-une-enquete-independante.html#article\",\"isPartOf\":{\"@id\":\"https:\/\/www.justiceinfo.net\/fr\/164309-fosse-commune-en-guinee-20-ong-africaines-exigent-une-enquete-independante.html\"},\"author\":{\"name\":\"afp\",\"@id\":\"https:\/\/www.justiceinfo.net\/fr#\/schema\/person\/713d340ef5f218fc36ce9b4244364a7f\"},\"headline\":\"Fosse commune en Guin\u00e9e : 20 ONG africaines \\\"exigent\\\" une enqu\u00eate ind\u00e9pendante\",\"datePublished\":\"2026-08-31T14:43:03+00:00\",\"mainEntityOfPage\":{\"@id\":\"https:\/\/www.justiceinfo.net\/fr\/164309-fosse-commune-en-guinee-20-ong-africaines-exigent-une-enquete-independante.html\"},\"wordCount\":531,\"commentCount\":0,\"publisher\":{\"@id\":\"https:\/\/www.justiceinfo.net\/fr#organization\"},\"articleSection\":[\"Fil d'info AFP\"],\"inLanguage\":\"fr-FR\",\"potentialAction\":[{\"@type\":\"CommentAction\",\"name\":\"Comment\",\"target\":[\"https:\/\/www.justiceinfo.net\/fr\/164309-fosse-commune-en-guinee-20-ong-africaines-exigent-une-enquete-independante.html#respond\"]}]},{\"@type\":\"WebPage\",\"@id\":\"https:\/\/www.justiceinfo.net\/fr\/164309-fosse-commune-en-guinee-20-ong-africaines-exigent-une-enquete-independante.html\",\"url\":\"https:\/\/www.justiceinfo.net\/fr\/164309-fosse-commune-en-guinee-20-ong-africaines-exigent-une-enquete-independante.html\",\"name\":\"Fosse commune en Guin\u00e9e : 20 ONG africaines \\\"exigent\\\" une enqu\u00eate ind\u00e9pendante - JusticeInfo.net\",\"isPartOf\":{\"@id\":\"https:\/\/www.justiceinfo.net\/fr#website\"},\"datePublished\":\"2026-08-31T14:43:03+00:00\",\"breadcrumb\":{\"@id\":\"https:\/\/www.justiceinfo.net\/fr\/164309-fosse-commune-en-guinee-20-ong-africaines-exigent-une-enquete-independante.html#breadcrumb\"},\"inLanguage\":\"fr-FR\",\"potentialAction\":[{\"@type\":\"ReadAction\",\"target\":[\"https:\/\/www.justiceinfo.net\/fr\/164309-fosse-commune-en-guinee-20-ong-africaines-exigent-une-enquete-independante.html\"]}]},{\"@type\":\"BreadcrumbList\",\"@id\":\"https:\/\/www.justiceinfo.net\/fr\/164309-fosse-commune-en-guinee-20-ong-africaines-exigent-une-enquete-independante.html#breadcrumb\",\"itemListElement\":[{\"@type\":\"ListItem\",\"position\":1,\"name\":\"Home\",\"item\":\"https:\/\/www.justiceinfo.net\/fr\"},{\"@type\":\"ListItem\",\"position\":2,\"name\":\"Fosse commune en Guin\u00e9e : 20 ONG africaines \\\"exigent\\\" une enqu\u00eate ind\u00e9pendante\"}]},{\"@type\":\"WebSite\",\"@id\":\"https:\/\/www.justiceinfo.net\/fr#website\",\"url\":\"https:\/\/www.justiceinfo.net\/fr\",\"name\":\"JusticeInfo.net\",\"description\":\"La justice doit \u00eatre vue pour \u00eatre rendue\",\"publisher\":{\"@id\":\"https:\/\/www.justiceinfo.net\/fr#organization\"},\"potentialAction\":[{\"@type\":\"SearchAction\",\"target\":{\"@type\":\"EntryPoint\",\"urlTemplate\":\"https:\/\/www.justiceinfo.net\/fr?s={search_term_string}\"},\"query-input\":{\"@type\":\"PropertyValueSpecification\",\"valueRequired\":true,\"valueName\":\"search_term_string\"}}],\"inLanguage\":\"fr-FR\"},{\"@type\":\"Organization\",\"@id\":\"https:\/\/www.justiceinfo.net\/fr#organization\",\"name\":\"Justice Info\",\"url\":\"https:\/\/www.justiceinfo.net\/fr\",\"logo\":{\"@type\":\"ImageObject\",\"inLanguage\":\"fr-FR\",\"@id\":\"https:\/\/www.justiceinfo.net\/fr#\/schema\/logo\/image\/\",\"url\":\"https:\/\/www.justiceinfo.net\/wp-content\/uploads\/justiceinfo_logo-trans_1200x1200px.png\",\"contentUrl\":\"https:\/\/www.justiceinfo.net\/wp-content\/uploads\/justiceinfo_logo-trans_1200x1200px.png\",\"width\":1199,\"height\":1200,\"caption\":\"Justice Info\"},\"image\":{\"@id\":\"https:\/\/www.justiceinfo.net\/fr#\/schema\/logo\/image\/\"},\"sameAs\":[\"https:\/\/www.facebook.com\/JusticeInfo\/\",\"https:\/\/x.com\/justiceinfonet\",\"https:\/\/www.linkedin.com\/company\/justice-info\",\"https:\/\/www.youtube.com\/channel\/UCyCEsARodyuWtkWyhn-e7pA\"]},{\"@type\":\"Person\",\"name\":\"afp\",\"url\":\"\/fr\/?s=afp\"}]}<\/script>\n<!-- \/ Yoast SEO Premium plugin. -->","yoast_head_json":{"title":"Fosse commune en Guin\u00e9e : 20 ONG africaines \"exigent\" une enqu\u00eate ind\u00e9pendante - JusticeInfo.net","robots":{"index":"index","follow":"follow","max-snippet":"max-snippet:-1","max-image-preview":"max-image-preview:large","max-video-preview":"max-video-preview:-1"},"canonical":"https:\/\/www.justiceinfo.net\/fr\/164309-fosse-commune-en-guinee-20-ong-africaines-exigent-une-enquete-independante.html","og_locale":"fr_FR","og_type":"article","og_title":"Fosse commune en Guin\u00e9e : 20 ONG africaines \"exigent\" une enqu\u00eate ind\u00e9pendante","og_description":"Vingt organisations de la soci\u00e9t\u00e9 civile africaine \"exigent une enqu\u00eate ind\u00e9pendante et transparente\" de la justice guin\u00e9enne sur les six corps, retrouv\u00e9s il y a une semaine ligot\u00e9s et les yeux band\u00e9s dans une fosse commune dans le sud-ouest du pays. Ces 20 ONG - dont \"Afrikajom center\" de la figure de la soci\u00e9t\u00e9 civile [&hellip;]","og_url":"https:\/\/www.justiceinfo.net\/fr\/164309-fosse-commune-en-guinee-20-ong-africaines-exigent-une-enquete-independante.html","og_site_name":"JusticeInfo.net","article_publisher":"https:\/\/www.facebook.com\/JusticeInfo\/","article_published_time":"2026-08-31T14:43:03+00:00","og_image":[{"width":1200,"height":630,"url":"https:\/\/www.justiceinfo.net\/wp-content\/uploads\/JusticeInfoNet_logo_1200x630px.jpg","type":"image\/jpeg"}],"author":"afp","twitter_card":"summary_large_image","twitter_creator":"@justiceinfonet","twitter_site":"@justiceinfonet","twitter_misc":{"\u00c9crit par":"afp","Dur\u00e9e de lecture estim\u00e9e":"2 minutes"},"schema":{"@context":"https:\/\/schema.org","@graph":[{"@type":"NewsArticle","@id":"https:\/\/www.justiceinfo.net\/fr\/164309-fosse-commune-en-guinee-20-ong-africaines-exigent-une-enquete-independante.html#article","isPartOf":{"@id":"https:\/\/www.justiceinfo.net\/fr\/164309-fosse-commune-en-guinee-20-ong-africaines-exigent-une-enquete-independante.html"},"author":{"name":"afp","@id":"https:\/\/www.justiceinfo.net\/fr#\/schema\/person\/713d340ef5f218fc36ce9b4244364a7f"},"headline":"Fosse commune en Guin\u00e9e : 20 ONG africaines \"exigent\" une enqu\u00eate ind\u00e9pendante","datePublished":"2026-08-31T14:43:03+00:00","mainEntityOfPage":{"@id":"https:\/\/www.justiceinfo.net\/fr\/164309-fosse-commune-en-guinee-20-ong-africaines-exigent-une-enquete-independante.html"},"wordCount":531,"commentCount":0,"publisher":{"@id":"https:\/\/www.justiceinfo.net\/fr#organization"},"articleSection":["Fil d'info AFP"],"inLanguage":"fr-FR","potentialAction":[{"@type":"CommentAction","name":"Comment","target":["https:\/\/www.justiceinfo.net\/fr\/164309-fosse-commune-en-guinee-20-ong-africaines-exigent-une-enquete-independante.html#respond"]}]},{"@type":"WebPage","@id":"https:\/\/www.justiceinfo.net\/fr\/164309-fosse-commune-en-guinee-20-ong-africaines-exigent-une-enquete-independante.html","url":"https:\/\/www.justiceinfo.net\/fr\/164309-fosse-commune-en-guinee-20-ong-africaines-exigent-une-enquete-independante.html","name":"Fosse commune en Guin\u00e9e : 20 ONG africaines \"exigent\" une enqu\u00eate ind\u00e9pendante - JusticeInfo.net","isPartOf":{"@id":"https:\/\/www.justiceinfo.net\/fr#website"},"datePublished":"2026-08-31T14:43:03+00:00","breadcrumb":{"@id":"https:\/\/www.justiceinfo.net\/fr\/164309-fosse-commune-en-guinee-20-ong-africaines-exigent-une-enquete-independante.html#breadcrumb"},"inLanguage":"fr-FR","potentialAction":[{"@type":"ReadAction","target":["https:\/\/www.justiceinfo.net\/fr\/164309-fosse-commune-en-guinee-20-ong-africaines-exigent-une-enquete-independante.html"]}]},{"@type":"BreadcrumbList","@id":"https:\/\/www.justiceinfo.net\/fr\/164309-fosse-commune-en-guinee-20-ong-africaines-exigent-une-enquete-independante.html#breadcrumb","itemListElement":[{"@type":"ListItem","position":1,"name":"Home","item":"https:\/\/www.justiceinfo.net\/fr"},{"@type":"ListItem","position":2,"name":"Fosse commune en Guin\u00e9e : 20 ONG africaines \"exigent\" une enqu\u00eate ind\u00e9pendante"}]},{"@type":"WebSite","@id":"https:\/\/www.justiceinfo.net\/fr#website","url":"https:\/\/www.justiceinfo.net\/fr","name":"JusticeInfo.net","description":"La justice doit \u00eatre vue pour \u00eatre rendue","publisher":{"@id":"https:\/\/www.justiceinfo.net\/fr#organization"},"potentialAction":[{"@type":"SearchAction","target":{"@type":"EntryPoint","urlTemplate":"https:\/\/www.justiceinfo.net\/fr?s={search_term_string}"},"query-input":{"@type":"PropertyValueSpecification","valueRequired":true,"valueName":"search_term_string"}}],"inLanguage":"fr-FR"},{"@type":"Organization","@id":"https:\/\/www.justiceinfo.net\/fr#organization","name":"Justice Info","url":"https:\/\/www.justiceinfo.net\/fr","logo":{"@type":"ImageObject","inLanguage":"fr-FR","@id":"https:\/\/www.justiceinfo.net\/fr#\/schema\/logo\/image\/","url":"https:\/\/www.justiceinfo.net\/wp-content\/uploads\/justiceinfo_logo-trans_1200x1200px.png","contentUrl":"https:\/\/www.justiceinfo.net\/wp-content\/uploads\/justiceinfo_logo-trans_1200x1200px.png","width":1199,"height":1200,"caption":"Justice Info"},"image":{"@id":"https:\/\/www.justiceinfo.net\/fr#\/schema\/logo\/image\/"},"sameAs":["https:\/\/www.facebook.com\/JusticeInfo\/","https:\/\/x.com\/justiceinfonet","https:\/\/www.linkedin.com\/company\/justice-info","https:\/\/www.youtube.com\/channel\/UCyCEsARodyuWtkWyhn-e7pA"]},{"@type":"Person","name":"afp","url":"\/fr\/?s=afp"}]}},"_links":{"self":[{"href":"https:\/\/www.justiceinfo.net\/fr\/wp-json\/wp\/v2\/posts\/164309","targetHints":{"allow":["GET"]}}],"collection":[{"href":"https:\/\/www.justiceinfo.net\/fr\/wp-json\/wp\/v2\/posts"}],"about":[{"href":"https:\/\/www.justiceinfo.net\/fr\/wp-json\/wp\/v2\/types\/post"}],"author":[{"embeddable":true,"href":"https:\/\/www.justiceinfo.net\/fr\/wp-json\/wp\/v2\/users\/60"}],"replies":[{"embeddable":true,"href":"https:\/\/www.justiceinfo.net\/fr\/wp-json\/wp\/v2\/comments?post=164309"}],"version-history":[{"count":0,"href":"https:\/\/www.justiceinfo.net\/fr\/wp-json\/wp\/v2\/posts\/164309\/revisions"}],"wp:attachment":[{"href":"https:\/\/www.justiceinfo.net\/fr\/wp-json\/wp\/v2\/media?parent=164309"}],"wp:term":[{"taxonomy":"category","embeddable":true,"href":"https:\/\/www.justiceinfo.net\/fr\/wp-json\/wp\/v2\/categories?post=164309"},{"taxonomy":"post_tag","embeddable":true,"href":"https:\/\/www.justiceinfo.net\/fr\/wp-json\/wp\/v2\/tags?post=164309"},{"taxonomy":"ji_location","embeddable":true,"href":"https:\/\/www.justiceinfo.net\/fr\/wp-json\/wp\/v2\/ji_location?post=164309"}],"curies":[{"name":"wp","href":"https:\/\/api.w.org\/{rel}","templated":true}]}}