{"id":164317,"date":"2026-09-01T11:18:07","date_gmt":"2026-09-01T09:18:07","guid":{"rendered":"https:\/\/www.justiceinfo.net\/?p=164317"},"modified":"2026-09-01T11:23:57","modified_gmt":"2026-09-01T09:23:57","slug":"reparations-pour-les-ukrainiens-un-processus-lent-mais-en-cours","status":"publish","type":"post","link":"https:\/\/www.justiceinfo.net\/fr\/164317-reparations-pour-les-ukrainiens-un-processus-lent-mais-en-cours.html","title":{"rendered":"R\u00e9parations pour les Ukrainiens : un processus lent mais en cours"},"content":{"rendered":"\n<p>Apr\u00e8s plus de quatre ans de guerre, les Ukrainiens touch\u00e9s par la guerre n\u2019ont toujours pas re\u00e7u d\u2019indemnisation. Cependant, un m\u00e9canisme de r\u00e9paration se met lentement en place gr\u00e2ce au Registre des dommages, tandis que certaines victimes intentent des actions civiles.<\/p>\n\n\n\n<!--more-->\n\n\n\n<p>Le fr\u00e8re de Svitlana Voiteshenko a \u00e9t\u00e9 tu\u00e9 le 5 mars 2022 lors d\u2019une attaque attribu\u00e9e au <a href=\"https:\/\/www.justiceinfo.net\/fr\/124439-un-an-apres-sechange-pilote-russe-condamne-tchernihiv.html\">pilote russe Oleksandr Krasnoyartsev<\/a>. Ce dernier a \u00e9t\u00e9 captur\u00e9, <a href=\"https:\/\/www.gp.gov.ua\/ua\/posts\/povidomlennya-pro-pidozru-krasnoyarcevu-ov-original-ta-pereklad?fbclid=IwAR0xITXkyENYkcNa2TlT3wsIeQQHph5J43yXLCbHZSwIJQLuB8JxFPOrjdU\">inculp\u00e9<\/a>, puis <a href=\"https:\/\/suspilne.media\/chernihiv\/287476-rosijskogo-lotcika-krasnoarceva-akij-bombiv-cernigiv-obminali-na-5-ukrainskih-pilotiv\/\">\u00e9chang\u00e9<\/a>. Un proc\u00e8s s\u2019est tenu par contumace devant un <a href=\"https:\/\/reyestr.court.gov.ua\/Review\/114511607\">tribunal de Tchernihiv<\/a>.<\/p>\n\n\n\n<p>Au cours de l\u2019audience, voyant qu\u2019elle semblait d\u00e9sorient\u00e9e, l\u2019avocat de l\u2019accus\u00e9 lui a conseill\u00e9 de solliciter l\u2019aide d\u2019un avocat commis d\u2019office. \u00ab&nbsp;C\u2019est ainsi que j\u2019ai obtenu un avocat. Il nous a recommand\u00e9 d\u2019intenter une action civile contre Krasnoyartsev afin de r\u00e9clamer deux millions de hryvnias [38.500 euros] \u00e0 titre de dommages-int\u00e9r\u00eats pour pr\u00e9judice moral. Les enqu\u00eateurs nous ont dit que cela ne m\u00e8nerait \u00e0 rien, mais nous avons d\u00e9cid\u00e9 d\u2019essayer quand m\u00eame&nbsp;\u00bb, se souvient Voiteshenko.<\/p>\n\n\n\n<p>En octobre 2023, Krasnoyartsev a \u00e9t\u00e9 reconnu coupable de meurtre, condamn\u00e9 \u00e0 14 ans de prison et contraint par le tribunal de verser deux millions de hryvnias. La condamnation est entr\u00e9e en vigueur en janvier 2024. Mais deux ans et demi plus tard, Voiteshenko n\u2019avait toujours pas contact\u00e9 les autorit\u00e9s pour demander l\u2019indemnisation \u00e0 la suite du d\u00e9c\u00e8s de son fr\u00e8re, car elle ne savait pas quelles d\u00e9marches entreprendre pour obtenir cette indemnisation.<\/p>\n\n\n\n<p>\u00c0 l\u2019heure actuelle, aucun Ukrainien touch\u00e9 par la guerre n\u2019a re\u00e7u d\u2019indemnisation de la part de la Russie ou de ses repr\u00e9sentants, que ce soit pour un pr\u00e9judice moral ou mat\u00e9riel. Mais l\u2019Ukraine et ses partenaires internationaux s\u2019efforcent de mettre en place des m\u00e9canismes de r\u00e9paration. Les victimes d\u00e9posent des demandes aupr\u00e8s du <a href=\"https:\/\/www.justiceinfo.net\/fr\/133204-registre-dommages-ukraine-plus-grand-programme-reparation-histoire.html\">Registre des dommages pour l\u2019Ukraine<\/a>, et certaines d\u2019entre elles intentent des actions civiles contre des militaires russes accus\u00e9s de crimes de guerre, tandis que d\u2019autres engagent des poursuites judiciaires contre les commanditaires de la guerre.<\/p>\n\n\n\n<p>Que doivent faire les victimes aujourd\u2019hui pour s\u2019assurer d\u2019avoir droit \u00e0 des r\u00e9parations \u00e0 l\u2019avenir ? D\u2019o\u00f9 proviendront les fonds destin\u00e9s \u00e0 ces versements, et devront-elles attendre la fin de la guerre pour les recevoir ?<\/p>\n\n\n\n<h2 class=\"wp-block-heading\" id=\"h-une-commission-d-indemnisation-en-cours-de-creation\">Une commission d\u2019indemnisation en cours de cr\u00e9ation<\/h2>\n\n\n\n<p>Le 14 novembre 2022, l\u2019Assembl\u00e9e g\u00e9n\u00e9rale des Nations unies <a href=\"https:\/\/docs.un.org\/en\/A\/RES\/ES-11\/5\">a adopt\u00e9<\/a> une r\u00e9solution confirmant que la Russie doit \u00eatre tenue l\u00e9galement responsable de la guerre en Ukraine et doit indemniser les dommages caus\u00e9s. En mai 2023, le Conseil de l\u2019Europe <a href=\"https:\/\/rd4u.coe.int\/en\/-\/council-of-europe-summit-creates-register-of-damage-for-ukraine-as-a-first-step-towards-an-international-compensation-mechanism-for-victims-of-russian-aggression\">a cr\u00e9\u00e9<\/a> le Registre des dommages pour l\u2019Ukraine. \u00c0 ce jour, l\u2019Union europ\u00e9enne (UE) et 44 \u00c9tats y <a href=\"https:\/\/www.rd4u.coe.int\/en\/membership\">ont adh\u00e9r\u00e9<\/a>.<\/p>\n\n\n\n<p>Ce registre est une base de donn\u00e9es \u00e9lectronique \u00e0 laquelle, depuis <a href=\"https:\/\/rd4u.coe.int\/en\/home\/-\/asset_publisher\/Su3og9ViDT37\/content\/register-of-damage-for-ukraine-opens-for-claims\">avril 2024<\/a>, les victimes soumettent leurs demandes d\u2019indemnisation concernant aussi bien des dommages mat\u00e9riels ou des pertes de biens que des d\u00e9c\u00e8s, des blessures, des actes de torture ou des d\u00e9tentions. Depuis le printemps de cette ann\u00e9e, les entreprises et l\u2019\u00c9tat peuvent \u00e9galement <a href=\"https:\/\/www.president.gov.ua\/en\/news\/mizhnarodnij-reyestr-zbitkiv-zavdanih-agresiyeyu-rf-proti-uk-104157\">d\u00e9poser<\/a> de telles demandes.<\/p>\n\n\n\n<p>En juin 2026, l\u2019Union europ\u00e9enne et 39 \u00c9tats ont \u00e9galement <a href=\"https:\/\/www.coe.int\/en\/web\/portal\/-\/unprecedented-support-for-new-convention-launching-an-international-claims-commission\">sign\u00e9<\/a> une convention visant \u00e0 cr\u00e9er une commission internationale d\u2019indemnisation charg\u00e9e d\u2019examiner les demandes soumises au Registre et de fixer le montant des r\u00e9parations. Toutefois, pour entrer en vigueur, cette convention doit encore \u00eatre ratifi\u00e9e par au moins 25 parties. \u00c0 ce jour, seuls l\u2019Union europ\u00e9enne et six \u00c9tats l\u2019ont ratifi\u00e9e.<\/p>\n\n\n\n<p>Le directeur g\u00e9n\u00e9ral du Registre, Markiyan Kliuchkovskyi, estime que le nombre requis de ratifications pourrait \u00eatre atteint cette ann\u00e9e, afin que la Commission puisse commencer ses travaux en 2027. Ensuite, une fois la Commission mise en place, un fonds d\u2019indemnisation devra \u00eatre cr\u00e9\u00e9 pour indemniser les victimes.<\/p>\n\n\n\n<h2 class=\"wp-block-heading\" id=\"h-166-000-demandes-deposees-aupres-du-registre\">166 000 demandes d\u00e9pos\u00e9es aupr\u00e8s du Registre<\/h2>\n\n\n\n<p>Les victimes peuvent d\u00e9poser leur demande via une application appel\u00e9e \u00ab&nbsp;Diia&nbsp;\u00bb, en joignant des preuves du crime, telles que des photographies, des dossiers m\u00e9dicaux, des certificats, des extraits de registres ou des d\u00e9cisions de justice. \u00ab&nbsp;Vous pouvez d\u00e9poser une demande aupr\u00e8s du Registre m\u00eame si vous n\u2019avez pas signal\u00e9 les faits \u00e0 la police et que vous n\u2019avez pas le statut de victime dans le cadre d\u2019une proc\u00e9dure p\u00e9nale, et m\u00eame si vous ne disposez pas de tous les documents ou \u00e9l\u00e9ments de preuve. Les documents n\u00e9cessaires peuvent \u00eatre ajout\u00e9s ult\u00e9rieurement&nbsp;\u00bb, explique Kliuchkovskyi.<\/p>\n\n\n\n<p>Dmytro Dzhyma, avocat et directeur de l\u2019ONG ukrainienne <a href=\"https:\/\/www.dapeople.com.ua\/\">Dynamic Association of People<\/a>, a d\u00e9j\u00e0 aid\u00e9 plus de 200 personnes \u00e0 d\u00e9poser leur demande. \u00ab&nbsp;D\u00e9poser une demande n\u2019est pas difficile quand on le fait r\u00e9guli\u00e8rement. Mais pour quelqu\u2019un qui s\u2019y essaie pour la premi\u00e8re fois, cela peut pr\u00e9senter des difficult\u00e9s : les documents ne s\u2019importent pas et le syst\u00e8me peut afficher des erreurs&nbsp;\u00bb, explique Dzhyma.<\/p>\n\n\n\n<p>Une fois la demande soumise et v\u00e9rifi\u00e9e, elle est officiellement enregistr\u00e9e et attend d\u2019\u00eatre examin\u00e9e par la future commission d\u2019indemnisation. \u00c0 ce jour, environ 166.000 demandes ont \u00e9t\u00e9 d\u00e9pos\u00e9es, pr\u00e9cise Kliuchkovskyi. Plus de 58.000 ont d\u00e9j\u00e0 \u00e9t\u00e9 v\u00e9rifi\u00e9es et enregistr\u00e9es. Les autres sont encore en cours de traitement et d\u2019autres pourraient encore arriver.<\/p>\n\n\n\n<p>\u00ab&nbsp;Au cours des 6 \u00e0 12 prochains mois, nous allons automatiser partiellement notre travail. Nous utiliserons l\u2019IA lors de la phase de v\u00e9rification technique&nbsp;\u00bb, pr\u00e9cise Kliuchkovskyi, ajoutant que de nouvelles cat\u00e9gories de demandes sont \u00e9galement en cours de cr\u00e9ation, telles que la perte d\u2019un emploi r\u00e9mun\u00e9r\u00e9, l\u2019acc\u00e8s \u00e0 l\u2019\u00e9ducation et aux soins de sant\u00e9, ainsi que la perte d\u2019acc\u00e8s aux actifs commerciaux dans les territoires temporairement occup\u00e9s, les dommages caus\u00e9s au patrimoine culturel, historique et religieux et \u00e0 l\u2019environnement, les co\u00fbts du d\u00e9minage et de l\u2019aide humanitaire.<\/p>\n\n\n\n<p>Le Registre esp\u00e8re \u00e9galement diffuser des informations et lancer une campagne m\u00e9diatique de plus grande envergure, notamment \u00e0 l\u2019intention des personnes qui se trouvent actuellement \u00e0 l\u2019\u00e9tranger, et mettre en place une proc\u00e9dure de demande hors ligne pour recueillir les demandes des personnes \u00e2g\u00e9es.<\/p>\n\n\n\n<h2 class=\"wp-block-heading\" id=\"h-qui-financera-les-reparations\">Qui financera les r\u00e9parations ?<\/h2>\n\n\n\n<p>Le m\u00e9canisme de financement d\u2019un fonds d\u2019indemnisation n\u2019a pas encore \u00e9t\u00e9 enti\u00e8rement d\u00e9fini. L\u2019une des sources potentielles de financement les plus souvent \u00e9voqu\u00e9es est celle des avoirs russes gel\u00e9s dans d\u2019autres pays. Mais y acc\u00e9der reste complexe, tant d\u2019un point de vue juridique que politique.<\/p>\n\n\n\n<p>Pour Liudmyla Suhak, vice-ministre charg\u00e9e de l\u2019int\u00e9gration europ\u00e9enne au minist\u00e8re ukrainien de la Justice, il n\u2019est m\u00eame pas possible de d\u00e9terminer leur montant total, car les \u00c9tats ne divulguent g\u00e9n\u00e9ralement pas les chiffres exacts. La Commission europ\u00e9enne <a href=\"https:\/\/ec.europa.eu\/commission\/presscorner\/api\/files\/document\/print\/en\/statement_24_2732\/STATEMENT_24_2732_EN.pdf\">a estim\u00e9<\/a> la valeur des avoirs \u00ab&nbsp;immobilis\u00e9s&nbsp;\u00bb de la Banque centrale russe \u00e0 pr\u00e8s de 260 milliards d\u2019euros, dont 210 milliards d\u2019euros situ\u00e9s dans les pays de l\u2019UE.<\/p>\n\n\n\n<p>Parmi d\u2019autres sources de financement hypoth\u00e9tiques, Kliuchkovskyi \u00e9voque un \u00ab&nbsp;pr\u00eat de r\u00e9parations&nbsp;\u00bb, dans le cadre duquel l\u2019UE et d\u2019autres partenaires avanceraient des fonds. Un syst\u00e8me similaire \u00e0 celui utilis\u00e9 au Kowe\u00eft est par ailleurs envisag\u00e9 : \u00e0 la suite de l\u2019invasion du Kowe\u00eft par l\u2019Irak en 1990, l\u2019Onu avait mis en place une commission d\u2019indemnisation financ\u00e9e par des pr\u00e9l\u00e8vements sur les exportations irakiennes de p\u00e9trole. Mais cela n\u00e9cessiterait une coop\u00e9ration internationale complexe et, surtout, le consentement de la Russie.<\/p>\n\n\n\t<div class=\"ArticleNewsletterCTA\">\r\n\t\t<div class=\"ArticleNewsletterCTATitle\">Vous trouvez cet article int\u00e9ressant ?<\/div>\r\n\t\t<div class=\"ArticleNewsletterCTAText\">\r\n\t\t\t<a href=\"\/fr\/newsletter\">Inscrivez-vous maintenant \u00e0 notre newsletter<\/a> (gratuite) pour \u00eatre certain de ne pas passer \u00e0 c\u00f4t\u00e9 d'autres publications de ce type.\t\t<\/div>\r\n\t<\/div>\r\n\t\n\n\n<h2 class=\"wp-block-heading\" id=\"h-seule-une-poignee-de-poursuites-civiles\">Seule une poign\u00e9e de poursuites civiles<\/h2>\n\n\n\n<p>En attendant, certaines victimes tentent de faire valoir leur droit \u00e0 une indemnisation par le biais de poursuites civiles. Soit il existe d\u00e9j\u00e0 un pr\u00e9venu dans une affaire p\u00e9nale relative \u00e0 un crime de guerre, auquel cas la victime dans la proc\u00e9dure peut intenter une action civile contre ce pr\u00e9venu et r\u00e9clamer une indemnisation pour les pr\u00e9judices mat\u00e9riels et moraux subis. Soit la victime peut intenter une action civile distincte contre la Russie et ceux qu'on appelle les \u00ab&nbsp;commanditaires de la guerre&nbsp;\u00bb, c\u2019est-\u00e0-dire les personnes physiques ou morales qui auraient contribu\u00e9 \u00e0 l\u2019agression russe.<\/p>\n\n\n\n<p>Jusqu\u2019\u00e0 pr\u00e9sent, de telles actions en justice sont rares. Selon Anna Stakhanova, du projet europ\u00e9en \u00ab&nbsp;Pravo \u2013 Justice&nbsp;\u00bb, qui suit les proc\u00e9dures judiciaires li\u00e9es aux crimes de guerre, seuls 2,4 % des affaires p\u00e9nales concernent des victimes r\u00e9clamant une indemnisation pour pr\u00e9judice mat\u00e9riel ou moral.<\/p>\n\n\n\n<p>Pour Andrii Yakovlev, avocat et expert en droit international humanitaire au sein de l\u2019ONG <a href=\"https:\/\/mipl.org.ua\/en\/\">Media Initiative for Human Rights<\/a>, les actions civiles dans le cadre de crimes de guerre sont rares en raison du manque d\u2019information des victimes et de leur scepticisme quant \u00e0 la possibilit\u00e9 d\u2019obtenir une indemnisation. \u00ab&nbsp;Il n\u2019y a tout simplement pas encore eu de pr\u00e9c\u00e9dent. Une fois que le premier plaignant aura effectivement re\u00e7u l\u2019argent, ce type d\u2019actions pourrait se g\u00e9n\u00e9raliser&nbsp;\u00bb, note-t-il.<\/p>\n\n\n\n<p>Pour Yakovlev, les actions civiles \u00e0 l\u2019encontre d\u2019individus sp\u00e9cifiques \u2013 auteurs, commandants et responsables \u2013 constituent l\u2019un des moyens de d\u00e9fense juridique les plus efficaces actuellement disponibles. Certains militaires ou responsables russes peuvent poss\u00e9der des biens en Ukraine, dans les territoires lib\u00e9r\u00e9s ou \u00e0 l\u2019\u00e9tranger. Si de tels biens sont identifi\u00e9s, il est th\u00e9oriquement possible d\u2019obtenir un titre ex\u00e9cutoire \u00e0 l\u2019issue de la d\u00e9cision de justice. Si des avoirs sont d\u00e9couverts dans un autre pays, il faudrait engager une proc\u00e9dure visant \u00e0 faire reconna\u00eetre et ex\u00e9cuter la d\u00e9cision de justice \u00e0 l\u2019\u00e9tranger. Yakovlev souligne que cette proc\u00e9dure est complexe et souvent difficile \u00e0 mener sans assistance juridique.<\/p>\n\n\n\n<p>Yakovlev rappelle les tentatives visant \u00e0 faire ex\u00e9cuter aux Pays-Bas des d\u00e9cisions de justice ukrainiennes visant \u00e0 recouvrer des fonds aupr\u00e8s de la Russie. Dans un cas, la d\u00e9cision n\u2019a pas \u00e9t\u00e9 ex\u00e9cut\u00e9e en raison du principe d\u2019immunit\u00e9 juridictionnelle, selon lequel un \u00c9tat \u00e9tranger ne peut \u00eatre poursuivi devant les tribunaux d\u2019un autre \u00c9tat sans son consentement. Tant qu\u2019il n\u2019y aura pas de d\u00e9cision internationale d\u00e9finitive sur l\u2019immunit\u00e9 juridictionnelle de la Russie, il sera difficile de demander une indemnisation sur ses avoirs, m\u00eame s\u2019ils sont situ\u00e9s \u00e0 l\u2019\u00e9tranger.<\/p>\n\n\n\n<h2 class=\"wp-block-heading\" id=\"h-actions-en-justice-contre-les-sponsors-de-la-guerre\">Actions en justice contre les \u00ab\u00a0sponsors de la guerre\u00a0\u00bb<\/h2>\n\n\n\n<p>Les avocats ukrainiens explorent donc d\u2019autres moyens d\u2019aider les victimes \u00e0 obtenir r\u00e9paration \u2013 notamment par le biais d\u2019actions en justice contre la Russie et les&nbsp; \u00ab&nbsp;sponsors de la guerre&nbsp;\u00bb, c\u2019est-\u00e0-dire les personnes physiques et morales soup\u00e7onn\u00e9es d\u2019\u00eatre impliqu\u00e9es dans le financement ou le soutien de la guerre. De telles actions peuvent \u00eatre intent\u00e9es devant les tribunaux nationaux par des particuliers, ainsi que par des entreprises et des collectivit\u00e9s locales repr\u00e9sent\u00e9es par les autorit\u00e9s locales.<\/p>\n\n\n\n<p>Dans une affaire actuellement examin\u00e9e par un tribunal de Tchernihiv, un couple d\u2019agriculteurs demande r\u00e9paration pour le pr\u00e9judice financier (36,1 millions de hryvnias soit 700.000 euros) et le pr\u00e9judice moral (600.000 euros) r\u00e9sultant de la destruction de leur exploitation agricole. Les parties d\u00e9fenderesses sont la Russie, repr\u00e9sent\u00e9e par le minist\u00e8re de la Justice de la F\u00e9d\u00e9ration de Russie, le pr\u00e9sident en fuite Viktor Ianoukovitch, l\u2019homme d\u2019affaires Yevgen Giner, son \u00e9pouse Marina Yaroslavskaya, ainsi que des entreprises russes appartenant au groupe Gazprom.<\/p>\n\n\n\n<p>Selon l\u2019avocate du couple, Natalia Tselovalnichenko \u2013 pr\u00e9sidente de la fondation caritative Mouvement international pour les droits des victimes de l\u2019agression russe et du projet\u00a0Forces juridiques d\u2019Ukraine \u2013, l\u2019objectif de ces proc\u00e9dures est de cr\u00e9er un pr\u00e9c\u00e9dent juridique permettant de demander des comptes \u00e0 ceux qui ont contribu\u00e9 \u00e0 l\u2019agression, et de prouver l\u2019existence d\u2019un lien de causalit\u00e9 entre leurs actes et les pr\u00e9judices caus\u00e9s par la guerre. \u00ab\u00a0Nous estimons que l\u2019Ukraine les a d\u00e9j\u00e0 identifi\u00e9s comme des individus faisant l\u2019objet de sanctions \u2013 c\u2019est-\u00e0-dire impliqu\u00e9s dans le soutien \u00e0 l\u2019agression \u2013 et nous les consid\u00e9rons comme solidairement responsables dans ce type d\u2019affaires\u00a0\u00bb, d\u00e9clare Tselovalnichenko.<\/p>\n\n\n\n<p>Selon l\u2019avocate, cette approche augmente les chances d\u2019obtenir une indemnisation de la part des cod\u00e9fendeurs que la Russie ne pourra pas prot\u00e9ger en vertu de son immunit\u00e9 juridictionnelle internationale. L\u2019indemnisation peut \u00eatre recouvr\u00e9e directement sur leurs biens. Toute personne ayant subi les cons\u00e9quences de l\u2019agression arm\u00e9e de la Russie depuis 2014 peut se constituer partie civile dans ces proc\u00e9dures.<\/p>\n\n\n\n<p>En 2023, le tribunal d\u2019arrondissement d\u2019Obolon \u00e0 Kyiv a <a href=\"https:\/\/dialogueparty.site\/article\/view\/z-yanukovicha-ta-rf-styagnut-vid-35-do-350-tisyach-moralnih-zbitkiv-na-korist-ukrajinciv\/?fbclid=IwY2xjawS4Vi5leHRuA2FlbQIxMABicmlkETFrNGtiQWtCU0Jzc1RUYVJ2c3J0YwZhcHBfaWQQMjIyMDM5MTc4ODIwMDg5MgABHsipNcHsvIsptAoSML5qEiR7tQiWKAY1w7QZiSfx3XK78P8pRgjm_xvE5Qkt_aem_x50gTRQkNCauarcNxD7YsQ\">donn\u00e9 suite<\/a> \u00e0 une action en justice intent\u00e9e par 12 plaignants contre Viktor Ianoukovitch et la F\u00e9d\u00e9ration de Russie. Le tribunal a donn\u00e9 raison aux plaignants et a condamn\u00e9 les d\u00e9fendeurs \u00e0 <a href=\"https:\/\/reyestr.court.gov.ua\/Review\/113928219\">verser conjointement<\/a> un montant total de 2 millions d\u2019euros \u00e0 titre de r\u00e9paration du pr\u00e9judice moral subi \u00e0 la suite de la guerre men\u00e9e par la Russie contre l\u2019Ukraine en 2014. Les avocats s\u2019emploient d\u00e9sormais \u00e0 faire ex\u00e9cuter cette d\u00e9cision dans les pays de l\u2019Union europ\u00e9enne et en Suisse, o\u00f9 pourraient se trouver les avoirs de Ianoukovitch.<\/p>\n\n\n\n<p>Parmi les autres instruments d\u2019ex\u00e9cution possibles, Tselovalnichenko mentionne \u00e9galement la cession du droit de cr\u00e9ance, telle que d\u00e9cid\u00e9e par un tribunal, \u00e0 des agences internationales de recouvrement sp\u00e9cialis\u00e9es dans la recherche d\u2019actifs et le recouvrement de cr\u00e9ances. \u00ab&nbsp;Nous voulons mettre en place ce m\u00e9canisme afin qu\u2019il devienne financi\u00e8rement avantageux de poursuivre les actifs russes. Les entreprises internationales seront alors en mesure d\u2019avoir un int\u00e9r\u00eat direct \u00e0 l\u2019ex\u00e9cution de ces d\u00e9cisions de justice&nbsp;\u00bb, explique l\u2019avocat.<\/p>\n\n\n\n<h2 class=\"wp-block-heading\" id=\"h-actions-judiciaires-simultanees-pour-obtenir-reparation\">Actions judiciaires simultan\u00e9es pour obtenir r\u00e9paration<\/h2>\n\n\n\n<p>Les particuliers, les entreprises et l\u2019\u00c9tat ukrainien lui-m\u00eame utilisent tous les moyens \u00e0 leur disposition pour prot\u00e9ger leurs droits, puisque la Constitution ukrainienne n\u2019interdit pas le recours simultan\u00e9 \u00e0 diff\u00e9rents m\u00e9canismes de protection juridique.<\/p>\n\n\n\n<p>\u00ab\u00a0Le d\u00e9p\u00f4t d\u2019une demande aupr\u00e8s du Registre des dommages ne prive pas une personne du droit de recourir \u00e0 d\u2019autres voies de recours. Elle peut se voir accorder le statut de victime dans le cadre d\u2019une proc\u00e9dure p\u00e9nale et intenter une action civile. Cela rev\u00eat une importance particuli\u00e8re \u00e0 l\u2019heure actuelle, car le m\u00e9canisme international d\u2019indemnisation n\u2019est pas encore pleinement op\u00e9rationnel. Une victime peut \u00e9galement intenter simultan\u00e9ment des actions contre plusieurs d\u00e9fendeurs si tous sont susceptibles d\u2019\u00eatre tenus pour responsables du pr\u00e9judice caus\u00e9\u00a0\u00bb, explique Tselovalnichenko.<\/p>\n\n\n\n<p>\u00ab\u00a0Le fait de d\u00e9poser des demandes aupr\u00e8s d\u2019autres organismes ou programmes n\u2019emp\u00eache pas une personne ou une organisation de s\u2019adresser au Registre des dommages\u00a0\u00bb, ajoute Kliuchkovskyi. Quant \u00e0 l\u2019incidence que cela aura sur les futures indemnit\u00e9s, elle sera d\u00e9termin\u00e9e par la commission d\u2019indemnisation, dont le r\u00e8glement est encore en cours d\u2019\u00e9laboration.<\/p>\n\n\n\n<div style=\"height:5px\" aria-hidden=\"true\" class=\"wp-block-spacer\"><\/div>\n\n\n\n<hr class=\"wp-block-separator has-alpha-channel-opacity\"\/>\n\n\n\n<div style=\"height:15px\" aria-hidden=\"true\" class=\"wp-block-spacer\"><\/div>\n\n\n\n<p><em>Cet article a \u00e9t\u00e9 r\u00e9alis\u00e9 gr\u00e2ce \u00e0 un appui financier de la Fondation Hirondelle \/ Justice Info.<\/em> <em>Il s\u2019agit d\u2019une version abr\u00e9g\u00e9e d\u2019un article plus long publi\u00e9 sur <a href=\"https:\/\/pechera.info\/news\/1506-rejestr-zbitkiv-ta-civilni-pozovi-iak-v-ukrayini-formuiut-mexanizmi-kompensacii-dlia-poterpilix-vid-viini.html\" target=\"_blank\" rel=\"noreferrer noopener\">Pechera.info<\/a><\/em>.<\/p>\n\n\n<div class=\"articleLink articleLink--editorRecommanded articleLink--textInImage articleLink--textTop\" style=\"\">\r\n\t\t\t\t\t\r\n\t\t\t<div class=\"articleLinkSurTitle\">Recommand\u00e9 par la r\u00e9daction<\/div>\r\n\t\t\t<a class=\"articleLinkImageLink\" href=\"https:\/\/www.justiceinfo.net\/fr\/133204-registre-dommages-ukraine-plus-grand-programme-reparation-histoire.html\"><div class=\"articleLinkImageContainer \"><img loading=\"lazy\" decoding=\"async\" width=\"540\" height=\"360\" src=\"https:\/\/www.justiceinfo.net\/wp-content\/uploads\/Ukraine_register-damages-reparation-claim_mosaic-color-540x360.jpg\" class=\"articleLinkImage backgroundImageTag w-100 wp-post-image\" alt=\"En Ukraine, un appel \u00e0 r\u00e9parations (compensations financi\u00e8res) pour dommages et destructions a \u00e9t\u00e9 \u00e9mis. Photos : plusieurs images de civils devant des b\u00e2timents civils (souvent des habitations) d\u00e9truites par des missiles russes.\" srcset=\"https:\/\/www.justiceinfo.net\/wp-content\/uploads\/Ukraine_register-damages-reparation-claim_mosaic-color-540x360.jpg 540w, https:\/\/www.justiceinfo.net\/wp-content\/uploads\/Ukraine_register-damages-reparation-claim_mosaic-color-1000x667.jpg 1000w, https:\/\/www.justiceinfo.net\/wp-content\/uploads\/Ukraine_register-damages-reparation-claim_mosaic-color-1110x740.jpg 1110w, https:\/\/www.justiceinfo.net\/wp-content\/uploads\/Ukraine_register-damages-reparation-claim_mosaic-color.jpg 1500w\" sizes=\"auto, (max-width: 540px) 100vw, 540px\" \/><\/div><\/a>\r\n\t\t\t<a href=\"https:\/\/www.justiceinfo.net\/fr\/133204-registre-dommages-ukraine-plus-grand-programme-reparation-histoire.html\" class=\"articleLinkTitle articleLinkTitle--default\">\r\n\t\t\tRegistre des dommages pour l\u2019Ukraine : \u00ab\u00a0Le plus grand programme de r\u00e9paration de l\u2019Histoire\u00a0\u00bb\r\n\t\t<\/a>\r\n\t\t\r\n\t\t\t\t<\/div>","protected":false},"excerpt":{"rendered":"<p>Apr\u00e8s plus de quatre ans de guerre, les Ukrainiens touch\u00e9s par la guerre n\u2019ont toujours pas re\u00e7u d\u2019indemnisation. Cependant, un m\u00e9canisme de r\u00e9paration se met lentement en place gr\u00e2ce au Registre des dommages, tandis que certaines victimes intentent des actions civiles.<\/p>\n","protected":false},"author":64,"featured_media":164329,"comment_status":"open","ping_status":"closed","sticky":false,"template":"","format":"standard","meta":{"_acf_changed":false,"footnotes":""},"categories":[550],"tags":[],"ji_location":[2532],"class_list":["post-164317","post","type-post","status-publish","format-standard","has-post-thumbnail","hentry","category-reparations","ji_location-ukraine"],"acf":[],"yoast_head":"<!-- This site is optimized with the Yoast SEO Premium plugin v25.3.1 (Yoast SEO v25.3.1) - https:\/\/yoast.com\/wordpress\/plugins\/seo\/ -->\n<title>R\u00e9parations pour les Ukrainiens : un processus lent mais en cours<\/title>\n<meta name=\"description\" content=\"Apr\u00e8s plus de quatre ans de guerre, les Ukrainiens touch\u00e9s par la guerre n\u2019ont toujours pas re\u00e7u d\u2019indemnisation. Cependant, un m\u00e9canisme de r\u00e9paration se met lentement en place gr\u00e2ce au Registre des dommages, tandis que certaines victimes intentent des actions civiles.\" \/>\n<meta name=\"robots\" content=\"index, follow, max-snippet:-1, max-image-preview:large, max-video-preview:-1\" \/>\n<link rel=\"canonical\" href=\"https:\/\/www.justiceinfo.net\/fr\/164317-reparations-pour-les-ukrainiens-un-processus-lent-mais-en-cours.html\" \/>\n<meta property=\"og:locale\" content=\"fr_FR\" \/>\n<meta property=\"og:type\" content=\"article\" \/>\n<meta property=\"og:title\" content=\"R\u00e9parations pour les Ukrainiens : un processus lent mais en cours\" \/>\n<meta property=\"og:description\" content=\"Apr\u00e8s plus de quatre ans de guerre, les Ukrainiens touch\u00e9s par la guerre n\u2019ont toujours pas re\u00e7u d\u2019indemnisation. Cependant, un m\u00e9canisme de r\u00e9paration se met lentement en place gr\u00e2ce au Registre des dommages, tandis que certaines victimes intentent des actions civiles.\" \/>\n<meta property=\"og:url\" content=\"https:\/\/www.justiceinfo.net\/fr\/164317-reparations-pour-les-ukrainiens-un-processus-lent-mais-en-cours.html\" \/>\n<meta property=\"og:site_name\" content=\"JusticeInfo.net\" \/>\n<meta property=\"article:publisher\" content=\"https:\/\/www.facebook.com\/JusticeInfo\/\" \/>\n<meta property=\"article:published_time\" content=\"2026-09-01T09:18:07+00:00\" \/>\n<meta property=\"article:modified_time\" content=\"2026-09-01T09:23:57+00:00\" \/>\n<meta property=\"og:image\" content=\"https:\/\/www.justiceinfo.net\/wp-content\/uploads\/Ukraine_building-destruction-victims_@Yuriy-Dyachyshyn-AFP.jpg\" \/>\n\t<meta property=\"og:image:width\" content=\"1200\" \/>\n\t<meta property=\"og:image:height\" content=\"800\" \/>\n\t<meta property=\"og:image:type\" content=\"image\/jpeg\" \/>\n<meta name=\"author\" content=\"Natalia Naiduk\" \/>\n<meta name=\"twitter:card\" content=\"summary_large_image\" \/>\n<meta name=\"twitter:title\" content=\"R\u00e9parations pour les Ukrainiens : un processus lent mais en cours\" \/>\n<meta name=\"twitter:creator\" content=\"@justiceinfonet\" \/>\n<meta name=\"twitter:site\" content=\"@justiceinfonet\" \/>\n<meta name=\"twitter:label1\" content=\"\u00c9crit par\" \/>\n\t<meta name=\"twitter:data1\" content=\"Natalia Naiduk\" \/>\n\t<meta name=\"twitter:label2\" content=\"Dur\u00e9e de lecture estim\u00e9e\" \/>\n\t<meta name=\"twitter:data2\" content=\"12 minutes\" \/>\n<script type=\"application\/ld+json\" class=\"yoast-schema-graph\">{\"@context\":\"https:\/\/schema.org\",\"@graph\":[{\"@type\":\"AnalysisNewsArticle\",\"@id\":\"https:\/\/www.justiceinfo.net\/fr\/164317-reparations-pour-les-ukrainiens-un-processus-lent-mais-en-cours.html#article\",\"isPartOf\":{\"@id\":\"https:\/\/www.justiceinfo.net\/fr\/164317-reparations-pour-les-ukrainiens-un-processus-lent-mais-en-cours.html\"},\"author\":{\"name\":\"solivri\",\"@id\":\"https:\/\/www.justiceinfo.net\/fr#\/schema\/person\/6e53cba1629e2e66f3fc1821d3091865\"},\"headline\":\"R\u00e9parations pour les Ukrainiens : un processus lent mais en cours\",\"datePublished\":\"2026-09-01T09:18:07+00:00\",\"dateModified\":\"2026-09-01T09:23:57+00:00\",\"mainEntityOfPage\":{\"@id\":\"https:\/\/www.justiceinfo.net\/fr\/164317-reparations-pour-les-ukrainiens-un-processus-lent-mais-en-cours.html\"},\"wordCount\":2632,\"commentCount\":0,\"publisher\":{\"@id\":\"https:\/\/www.justiceinfo.net\/fr#organization\"},\"image\":{\"@id\":\"https:\/\/www.justiceinfo.net\/fr\/164317-reparations-pour-les-ukrainiens-un-processus-lent-mais-en-cours.html#primaryimage\"},\"thumbnailUrl\":\"https:\/\/www.justiceinfo.net\/wp-content\/uploads\/Ukraine_building-destruction-victims_@Yuriy-Dyachyshyn-AFP.jpg\",\"articleSection\":[\"R\u00e9parations\"],\"inLanguage\":\"fr-FR\",\"potentialAction\":[{\"@type\":\"CommentAction\",\"name\":\"Comment\",\"target\":[\"https:\/\/www.justiceinfo.net\/fr\/164317-reparations-pour-les-ukrainiens-un-processus-lent-mais-en-cours.html#respond\"]}]},{\"@type\":\"WebPage\",\"@id\":\"https:\/\/www.justiceinfo.net\/fr\/164317-reparations-pour-les-ukrainiens-un-processus-lent-mais-en-cours.html\",\"url\":\"https:\/\/www.justiceinfo.net\/fr\/164317-reparations-pour-les-ukrainiens-un-processus-lent-mais-en-cours.html\",\"name\":\"R\u00e9parations pour les Ukrainiens : un processus lent mais en cours\",\"isPartOf\":{\"@id\":\"https:\/\/www.justiceinfo.net\/fr#website\"},\"primaryImageOfPage\":{\"@id\":\"https:\/\/www.justiceinfo.net\/fr\/164317-reparations-pour-les-ukrainiens-un-processus-lent-mais-en-cours.html#primaryimage\"},\"image\":{\"@id\":\"https:\/\/www.justiceinfo.net\/fr\/164317-reparations-pour-les-ukrainiens-un-processus-lent-mais-en-cours.html#primaryimage\"},\"thumbnailUrl\":\"https:\/\/www.justiceinfo.net\/wp-content\/uploads\/Ukraine_building-destruction-victims_@Yuriy-Dyachyshyn-AFP.jpg\",\"datePublished\":\"2026-09-01T09:18:07+00:00\",\"dateModified\":\"2026-09-01T09:23:57+00:00\",\"description\":\"Apr\u00e8s plus de quatre ans de guerre, les Ukrainiens touch\u00e9s par la guerre n\u2019ont toujours pas re\u00e7u d\u2019indemnisation. Cependant, un m\u00e9canisme de r\u00e9paration se met lentement en place gr\u00e2ce au Registre des dommages, tandis que certaines victimes intentent des actions civiles.\",\"breadcrumb\":{\"@id\":\"https:\/\/www.justiceinfo.net\/fr\/164317-reparations-pour-les-ukrainiens-un-processus-lent-mais-en-cours.html#breadcrumb\"},\"inLanguage\":\"fr-FR\",\"potentialAction\":[{\"@type\":\"ReadAction\",\"target\":[\"https:\/\/www.justiceinfo.net\/fr\/164317-reparations-pour-les-ukrainiens-un-processus-lent-mais-en-cours.html\"]}]},{\"@type\":\"ImageObject\",\"inLanguage\":\"fr-FR\",\"@id\":\"https:\/\/www.justiceinfo.net\/fr\/164317-reparations-pour-les-ukrainiens-un-processus-lent-mais-en-cours.html#primaryimage\",\"url\":\"https:\/\/www.justiceinfo.net\/wp-content\/uploads\/Ukraine_building-destruction-victims_@Yuriy-Dyachyshyn-AFP.jpg\",\"contentUrl\":\"https:\/\/www.justiceinfo.net\/wp-content\/uploads\/Ukraine_building-destruction-victims_@Yuriy-Dyachyshyn-AFP.jpg\",\"width\":1200,\"height\":800,\"caption\":\"Des habitants de Lviv, \u00e0 l\u2019ouest de l\u2019Ukraine, devant leur immeuble partiellement d\u00e9truit \u00e0 la suite de frappes de missiles russes, le 30 juillet 2026. Photo : \u00a9 Yuriy Dyachyshyn \/ AFP\"},{\"@type\":\"BreadcrumbList\",\"@id\":\"https:\/\/www.justiceinfo.net\/fr\/164317-reparations-pour-les-ukrainiens-un-processus-lent-mais-en-cours.html#breadcrumb\",\"itemListElement\":[{\"@type\":\"ListItem\",\"position\":1,\"name\":\"Home\",\"item\":\"https:\/\/www.justiceinfo.net\/fr\"},{\"@type\":\"ListItem\",\"position\":2,\"name\":\"R\u00e9parations pour les Ukrainiens : un processus lent mais en cours\"}]},{\"@type\":\"WebSite\",\"@id\":\"https:\/\/www.justiceinfo.net\/fr#website\",\"url\":\"https:\/\/www.justiceinfo.net\/fr\",\"name\":\"JusticeInfo.net\",\"description\":\"La justice doit \u00eatre vue pour \u00eatre rendue\",\"publisher\":{\"@id\":\"https:\/\/www.justiceinfo.net\/fr#organization\"},\"potentialAction\":[{\"@type\":\"SearchAction\",\"target\":{\"@type\":\"EntryPoint\",\"urlTemplate\":\"https:\/\/www.justiceinfo.net\/fr?s={search_term_string}\"},\"query-input\":{\"@type\":\"PropertyValueSpecification\",\"valueRequired\":true,\"valueName\":\"search_term_string\"}}],\"inLanguage\":\"fr-FR\"},{\"@type\":\"Organization\",\"@id\":\"https:\/\/www.justiceinfo.net\/fr#organization\",\"name\":\"Justice Info\",\"url\":\"https:\/\/www.justiceinfo.net\/fr\",\"logo\":{\"@type\":\"ImageObject\",\"inLanguage\":\"fr-FR\",\"@id\":\"https:\/\/www.justiceinfo.net\/fr#\/schema\/logo\/image\/\",\"url\":\"https:\/\/www.justiceinfo.net\/wp-content\/uploads\/justiceinfo_logo-trans_1200x1200px.png\",\"contentUrl\":\"https:\/\/www.justiceinfo.net\/wp-content\/uploads\/justiceinfo_logo-trans_1200x1200px.png\",\"width\":1199,\"height\":1200,\"caption\":\"Justice Info\"},\"image\":{\"@id\":\"https:\/\/www.justiceinfo.net\/fr#\/schema\/logo\/image\/\"},\"sameAs\":[\"https:\/\/www.facebook.com\/JusticeInfo\/\",\"https:\/\/x.com\/justiceinfonet\",\"https:\/\/www.linkedin.com\/company\/justice-info\",\"https:\/\/www.youtube.com\/channel\/UCyCEsARodyuWtkWyhn-e7pA\"]},{\"@type\":\"Person\",\"name\":\"Natalia Naiduk\",\"url\":\"\/fr\/?s=Natalia Naiduk\"}]}<\/script>\n<!-- \/ Yoast SEO Premium plugin. -->","yoast_head_json":{"title":"R\u00e9parations pour les Ukrainiens : un processus lent mais en cours","description":"Apr\u00e8s plus de quatre ans de guerre, les Ukrainiens touch\u00e9s par la guerre n\u2019ont toujours pas re\u00e7u d\u2019indemnisation. Cependant, un m\u00e9canisme de r\u00e9paration se met lentement en place gr\u00e2ce au Registre des dommages, tandis que certaines victimes intentent des actions civiles.","robots":{"index":"index","follow":"follow","max-snippet":"max-snippet:-1","max-image-preview":"max-image-preview:large","max-video-preview":"max-video-preview:-1"},"canonical":"https:\/\/www.justiceinfo.net\/fr\/164317-reparations-pour-les-ukrainiens-un-processus-lent-mais-en-cours.html","og_locale":"fr_FR","og_type":"article","og_title":"R\u00e9parations pour les Ukrainiens : un processus lent mais en cours","og_description":"Apr\u00e8s plus de quatre ans de guerre, les Ukrainiens touch\u00e9s par la guerre n\u2019ont toujours pas re\u00e7u d\u2019indemnisation. Cependant, un m\u00e9canisme de r\u00e9paration se met lentement en place gr\u00e2ce au Registre des dommages, tandis que certaines victimes intentent des actions civiles.","og_url":"https:\/\/www.justiceinfo.net\/fr\/164317-reparations-pour-les-ukrainiens-un-processus-lent-mais-en-cours.html","og_site_name":"JusticeInfo.net","article_publisher":"https:\/\/www.facebook.com\/JusticeInfo\/","article_published_time":"2026-09-01T09:18:07+00:00","article_modified_time":"2026-09-01T09:23:57+00:00","og_image":[{"width":1200,"height":800,"url":"https:\/\/www.justiceinfo.net\/wp-content\/uploads\/Ukraine_building-destruction-victims_@Yuriy-Dyachyshyn-AFP.jpg","type":"image\/jpeg"}],"author":"Natalia Naiduk","twitter_card":"summary_large_image","twitter_title":"R\u00e9parations pour les Ukrainiens : un processus lent mais en cours","twitter_creator":"@justiceinfonet","twitter_site":"@justiceinfonet","twitter_misc":{"\u00c9crit par":"Natalia Naiduk","Dur\u00e9e de lecture estim\u00e9e":"12 minutes"},"schema":{"@context":"https:\/\/schema.org","@graph":[{"@type":"AnalysisNewsArticle","@id":"https:\/\/www.justiceinfo.net\/fr\/164317-reparations-pour-les-ukrainiens-un-processus-lent-mais-en-cours.html#article","isPartOf":{"@id":"https:\/\/www.justiceinfo.net\/fr\/164317-reparations-pour-les-ukrainiens-un-processus-lent-mais-en-cours.html"},"author":{"name":"solivri","@id":"https:\/\/www.justiceinfo.net\/fr#\/schema\/person\/6e53cba1629e2e66f3fc1821d3091865"},"headline":"R\u00e9parations pour les Ukrainiens : un processus lent mais en cours","datePublished":"2026-09-01T09:18:07+00:00","dateModified":"2026-09-01T09:23:57+00:00","mainEntityOfPage":{"@id":"https:\/\/www.justiceinfo.net\/fr\/164317-reparations-pour-les-ukrainiens-un-processus-lent-mais-en-cours.html"},"wordCount":2632,"commentCount":0,"publisher":{"@id":"https:\/\/www.justiceinfo.net\/fr#organization"},"image":{"@id":"https:\/\/www.justiceinfo.net\/fr\/164317-reparations-pour-les-ukrainiens-un-processus-lent-mais-en-cours.html#primaryimage"},"thumbnailUrl":"https:\/\/www.justiceinfo.net\/wp-content\/uploads\/Ukraine_building-destruction-victims_@Yuriy-Dyachyshyn-AFP.jpg","articleSection":["R\u00e9parations"],"inLanguage":"fr-FR","potentialAction":[{"@type":"CommentAction","name":"Comment","target":["https:\/\/www.justiceinfo.net\/fr\/164317-reparations-pour-les-ukrainiens-un-processus-lent-mais-en-cours.html#respond"]}]},{"@type":"WebPage","@id":"https:\/\/www.justiceinfo.net\/fr\/164317-reparations-pour-les-ukrainiens-un-processus-lent-mais-en-cours.html","url":"https:\/\/www.justiceinfo.net\/fr\/164317-reparations-pour-les-ukrainiens-un-processus-lent-mais-en-cours.html","name":"R\u00e9parations pour les Ukrainiens : un processus lent mais en cours","isPartOf":{"@id":"https:\/\/www.justiceinfo.net\/fr#website"},"primaryImageOfPage":{"@id":"https:\/\/www.justiceinfo.net\/fr\/164317-reparations-pour-les-ukrainiens-un-processus-lent-mais-en-cours.html#primaryimage"},"image":{"@id":"https:\/\/www.justiceinfo.net\/fr\/164317-reparations-pour-les-ukrainiens-un-processus-lent-mais-en-cours.html#primaryimage"},"thumbnailUrl":"https:\/\/www.justiceinfo.net\/wp-content\/uploads\/Ukraine_building-destruction-victims_@Yuriy-Dyachyshyn-AFP.jpg","datePublished":"2026-09-01T09:18:07+00:00","dateModified":"2026-09-01T09:23:57+00:00","description":"Apr\u00e8s plus de quatre ans de guerre, les Ukrainiens touch\u00e9s par la guerre n\u2019ont toujours pas re\u00e7u d\u2019indemnisation. Cependant, un m\u00e9canisme de r\u00e9paration se met lentement en place gr\u00e2ce au Registre des dommages, tandis que certaines victimes intentent des actions civiles.","breadcrumb":{"@id":"https:\/\/www.justiceinfo.net\/fr\/164317-reparations-pour-les-ukrainiens-un-processus-lent-mais-en-cours.html#breadcrumb"},"inLanguage":"fr-FR","potentialAction":[{"@type":"ReadAction","target":["https:\/\/www.justiceinfo.net\/fr\/164317-reparations-pour-les-ukrainiens-un-processus-lent-mais-en-cours.html"]}]},{"@type":"ImageObject","inLanguage":"fr-FR","@id":"https:\/\/www.justiceinfo.net\/fr\/164317-reparations-pour-les-ukrainiens-un-processus-lent-mais-en-cours.html#primaryimage","url":"https:\/\/www.justiceinfo.net\/wp-content\/uploads\/Ukraine_building-destruction-victims_@Yuriy-Dyachyshyn-AFP.jpg","contentUrl":"https:\/\/www.justiceinfo.net\/wp-content\/uploads\/Ukraine_building-destruction-victims_@Yuriy-Dyachyshyn-AFP.jpg","width":1200,"height":800,"caption":"Des habitants de Lviv, \u00e0 l\u2019ouest de l\u2019Ukraine, devant leur immeuble partiellement d\u00e9truit \u00e0 la suite de frappes de missiles russes, le 30 juillet 2026. Photo : \u00a9 Yuriy Dyachyshyn \/ AFP"},{"@type":"BreadcrumbList","@id":"https:\/\/www.justiceinfo.net\/fr\/164317-reparations-pour-les-ukrainiens-un-processus-lent-mais-en-cours.html#breadcrumb","itemListElement":[{"@type":"ListItem","position":1,"name":"Home","item":"https:\/\/www.justiceinfo.net\/fr"},{"@type":"ListItem","position":2,"name":"R\u00e9parations pour les Ukrainiens : un processus lent mais en cours"}]},{"@type":"WebSite","@id":"https:\/\/www.justiceinfo.net\/fr#website","url":"https:\/\/www.justiceinfo.net\/fr","name":"JusticeInfo.net","description":"La justice doit \u00eatre vue pour \u00eatre rendue","publisher":{"@id":"https:\/\/www.justiceinfo.net\/fr#organization"},"potentialAction":[{"@type":"SearchAction","target":{"@type":"EntryPoint","urlTemplate":"https:\/\/www.justiceinfo.net\/fr?s={search_term_string}"},"query-input":{"@type":"PropertyValueSpecification","valueRequired":true,"valueName":"search_term_string"}}],"inLanguage":"fr-FR"},{"@type":"Organization","@id":"https:\/\/www.justiceinfo.net\/fr#organization","name":"Justice Info","url":"https:\/\/www.justiceinfo.net\/fr","logo":{"@type":"ImageObject","inLanguage":"fr-FR","@id":"https:\/\/www.justiceinfo.net\/fr#\/schema\/logo\/image\/","url":"https:\/\/www.justiceinfo.net\/wp-content\/uploads\/justiceinfo_logo-trans_1200x1200px.png","contentUrl":"https:\/\/www.justiceinfo.net\/wp-content\/uploads\/justiceinfo_logo-trans_1200x1200px.png","width":1199,"height":1200,"caption":"Justice Info"},"image":{"@id":"https:\/\/www.justiceinfo.net\/fr#\/schema\/logo\/image\/"},"sameAs":["https:\/\/www.facebook.com\/JusticeInfo\/","https:\/\/x.com\/justiceinfonet","https:\/\/www.linkedin.com\/company\/justice-info","https:\/\/www.youtube.com\/channel\/UCyCEsARodyuWtkWyhn-e7pA"]},{"@type":"Person","name":"Natalia Naiduk","url":"\/fr\/?s=Natalia Naiduk"}]}},"_links":{"self":[{"href":"https:\/\/www.justiceinfo.net\/fr\/wp-json\/wp\/v2\/posts\/164317","targetHints":{"allow":["GET"]}}],"collection":[{"href":"https:\/\/www.justiceinfo.net\/fr\/wp-json\/wp\/v2\/posts"}],"about":[{"href":"https:\/\/www.justiceinfo.net\/fr\/wp-json\/wp\/v2\/types\/post"}],"author":[{"embeddable":true,"href":"https:\/\/www.justiceinfo.net\/fr\/wp-json\/wp\/v2\/users\/64"}],"replies":[{"embeddable":true,"href":"https:\/\/www.justiceinfo.net\/fr\/wp-json\/wp\/v2\/comments?post=164317"}],"version-history":[{"count":7,"href":"https:\/\/www.justiceinfo.net\/fr\/wp-json\/wp\/v2\/posts\/164317\/revisions"}],"predecessor-version":[{"id":164344,"href":"https:\/\/www.justiceinfo.net\/fr\/wp-json\/wp\/v2\/posts\/164317\/revisions\/164344"}],"wp:featuredmedia":[{"embeddable":true,"href":"https:\/\/www.justiceinfo.net\/fr\/wp-json\/wp\/v2\/media\/164329"}],"wp:attachment":[{"href":"https:\/\/www.justiceinfo.net\/fr\/wp-json\/wp\/v2\/media?parent=164317"}],"wp:term":[{"taxonomy":"category","embeddable":true,"href":"https:\/\/www.justiceinfo.net\/fr\/wp-json\/wp\/v2\/categories?post=164317"},{"taxonomy":"post_tag","embeddable":true,"href":"https:\/\/www.justiceinfo.net\/fr\/wp-json\/wp\/v2\/tags?post=164317"},{"taxonomy":"ji_location","embeddable":true,"href":"https:\/\/www.justiceinfo.net\/fr\/wp-json\/wp\/v2\/ji_location?post=164317"}],"curies":[{"name":"wp","href":"https:\/\/api.w.org\/{rel}","templated":true}]}}