{"id":164320,"date":"2026-09-01T05:43:03","date_gmt":"2026-09-01T03:43:03","guid":{"rendered":"https:\/\/www.justiceinfo.net\/164320-les-victimes-de-la-guerre-en-afghanistan-laissees-pour-compte-selon-lonu.html"},"modified":"2026-09-01T05:43:03","modified_gmt":"2026-09-01T03:43:03","slug":"les-victimes-de-la-guerre-en-afghanistan-laissees-pour-compte-selon-lonu","status":"publish","type":"post","link":"https:\/\/www.justiceinfo.net\/fr\/164320-les-victimes-de-la-guerre-en-afghanistan-laissees-pour-compte-selon-lonu.html","title":{"rendered":"Les victimes de la guerre en Afghanistan \"laiss\u00e9es pour compte\", selon l'ONU"},"content":{"rendered":"<p>\n             La plupart des victimes civiles du conflit en Afghanistan (2001-2021) sont abandonn\u00e9es \"sans justice, r\u00e9parations ni reconnaissance\" de leurs souffrances, a d\u00e9plor\u00e9 l'ONU mardi dans une vaste enqu\u00eate. \"Le monde nous a oubli\u00e9s\", confie l'une d'elles \u00e0 l'\u00e9quipe de l'AFP \u00e0 Kaboul.\n<\/p>\n<p>\n            Il y a pr\u00e8s de 25 ans, les Etats-Unis intervenaient en Afghanistan en r\u00e9action aux attentats du 11-Septembre \u00e0 New York. S'ensuivirent 20 ann\u00e9es de conflit marqu\u00e9es par des exactions contre la population.\n<\/p>\n<p>\n            Plus de 40.000 civils ont \u00e9t\u00e9 tu\u00e9s et 77.000 bless\u00e9s dans des attaques des insurg\u00e9s talibans, du groupe jihadiste Etat islamique (EI), mais aussi lors d'op\u00e9rations des forces arm\u00e9es de la R\u00e9publique afghane ou de la coalition internationale men\u00e9e par les Etats-Unis, a pr\u00e9cis\u00e9 la Mission des Nations unies en Afghanistan (Unama) qui recense les victimes civiles depuis 2009.\n<\/p>\n<p>\n            La colline Tapa-e-Shuhada \u00e0 Kaboul t\u00e9moigne d'une partie de la trag\u00e9die. Les tombes de personnes tu\u00e9es, principalement de la communaut\u00e9 hazara r\u00e9guli\u00e8rement vis\u00e9e par des attaques talibanes ou de l'EI dans le pass\u00e9, couvrent un de ses flancs.\n<\/p>\n<p>\n            Suhaila, 21 ans, lunettes rondes, fut fauch\u00e9e \u00e0 l'Universit\u00e9 de Kaboul, Muhammad Hadi, 17 ans, dans un attentat revendiqu\u00e9 par l'EI contre une \u00e9cole pr\u00e9parant aux examens d'entr\u00e9e universitaires, le 24 octobre 2020.\n<\/p>\n<p>\n            Mohammad, 25 ans, fut bless\u00e9 dans l'attaque. Il tait son patronyme car la \"peur est encore l\u00e0\". Issu d'une famille modeste, il voulait devenir ing\u00e9nieur informatique pour \"changer sa vie\".\n<\/p>\n<p>\n            Il travaille aujourd'hui par intermittence comme tailleur: \"J'ai perdu ma concentration. Je n'ai pas pu continuer mes \u00e9tudes \u00e0 cause des probl\u00e8mes psychologiques (...). Le monde nous a oubli\u00e9s.\"\n<\/p>\n<p>\n            Dans leur salon aux murs blancs, sa m\u00e8re soupire: \"Il fait toujours des cauchemars la nuit, et moi, je m'affaiblis de jour en jour\".\n<\/p>\n<p>\n            Pertes de m\u00e9moire, d\u00e9pression, pens\u00e9es suicidaires: 95% des pr\u00e8s de 200 victimes interrog\u00e9es par l'Unama font part de cons\u00e9quences psychologiques.\n<\/p>\n<p>\n            - \"Personne ne nous a \u00e9cout\u00e9s\" -\n<\/p>\n<p>\n            Dans la province de Logar, au sud de Kaboul, Khan Yousufi, paysan de 46 ans, raconte comment son fils de huit ans jouait devant la maison quand un char de la police de la R\u00e9publique afghane a tir\u00e9, le tuant sur le coup.\n<\/p>\n<p>\n            \"Ma femme s'est pr\u00e9cipit\u00e9e vers son enfant, ils lui ont tir\u00e9 dessus aussi\", la blessant gri\u00e8vement, ajoute-t-il. Les larmes roulent sur ses joues.\n<\/p>\n<p>\n            Il a port\u00e9 plainte \u00e0 la police, chez le gouverneur, \u00e0 la direction de la S\u00e9curit\u00e9 du temps de la R\u00e9publique. \"On a tellement essay\u00e9, on a tant couru (...) mais personne ne nous a \u00e9cout\u00e9s.\" Il n'a pas eu plus de succ\u00e8s apr\u00e8s l'arriv\u00e9e au pouvoir des autorit\u00e9s talibanes.\n<\/p>\n<p>\n            \"Si celui qui a fait \u00e7a avait \u00e9t\u00e9 remis \u00e0 la justice, cela \u00e9viterait qu'un autre inflige la m\u00eame douleur \u00e0 d'autres (...) car les gens sauraient qu'il y a une justice\", dit cet homme qui ne veut pas de vengeance mais \u00e9viter la r\u00e9p\u00e9tition des crimes.\n<\/p>\n<p>\n            La majorit\u00e9 des victimes qui ont tent\u00e9 d'obtenir justice \"ont \u00e9chou\u00e9\", selon l'Unama.\n<\/p>\n<p>\n            Durant la R\u00e9publique, des \"seigneurs\" des guerres pass\u00e9es \u00e9taient pr\u00e9sents au gouvernement. Un plan d'action pour la \"Paix, R\u00e9conciliation et Justice\" n'a \"jamais \u00e9t\u00e9 enti\u00e8rement appliqu\u00e9\", rappelle l'Unama.\n<\/p>\n<p>\n            Quand les Etats-Unis ont sign\u00e9 avec les responsables talibans un accord en 2020, il n'incluait aucune disposition \"sur le droit des victimes ou la justice\", poursuit-elle.\n<\/p>\n<p>\n            - \"Efforts limit\u00e9s\" -\n<\/p>\n<p>\n            Arriv\u00e9s au pouvoir, ces derniers, r\u00e9guli\u00e8rement critiqu\u00e9s pour leur non-respect des droits humains, ont pass\u00e9 une loi d'amnistie et n'ont jamais indiqu\u00e9 publiquement vouloir juger les violations du droit humanitaire pendant la guerre, \u00e9crit l'Unama.\n<\/p>\n<p>\n            \"Les efforts dans le pays et \u00e0 l'international pour demander des comptes \u00e0 ceux qui ont commis ces actes ont \u00e9t\u00e9 limit\u00e9s\", conclut-elle.\n<\/p>\n<p>\n            Cette ann\u00e9e, un ex-officier australien des forces sp\u00e9ciales a \u00e9t\u00e9 inculp\u00e9 pour crimes de guerre en Afghanistan, mais le proc\u00e8s semble lointain.\n<\/p>\n<p>\n            Un tribunal n\u00e9erlandais a ordonn\u00e9 en 2022 aux Pays-Bas d'indemniser les proches des victimes d'un bombardement a\u00e9rien meurtrier jug\u00e9 ill\u00e9gal en 2007 en Afghanistan.\n<\/p>\n<p>\n            Une enqu\u00eate ind\u00e9pendante en Grande-Bretagne ouverte en 2022 sur des accusations d'ex\u00e9cutions extrajudiciaires est toujours en cours, mais pas de poursuites aux Etats-Unis, selon le rapport.\n<\/p>\n<p>\n            La Cour p\u00e9nale internationale (CPI) avait ouvert une enqu\u00eate sur les exactions en Afghanistan, mais le procureur l'a restreinte aux crimes reproch\u00e9s aux membres talibans et \u00e0 l'EI, invoquant \"leur gravit\u00e9 et leur continuation\", mais aussi \"des ressources limit\u00e9es\".\n<\/p>\n<p>\n            \"Qu'est-ce qui rend les victimes des talibans et de l'EI plus dignes d'obtenir justice que celles des forces internationales et am\u00e9ricaines?\", s'interroge Refik Hodzic, conseiller justice transitionnelle pour l'Institut europ\u00e9en de la paix.\n<\/p>\n<p>\n            Faute de justice, Khan Yousufi aimerait une aide pour que sa femme soit mieux soign\u00e9e. Mohammad r\u00eave, lui, d'une bourse et d'un accompagnement pour les ex-\u00e9tudiants comme lui: \"Pour que nous puissions retrouver nos espoirs\".<\/p>\n","protected":false},"excerpt":{"rendered":"<p>La plupart des victimes civiles du conflit en Afghanistan (2001-2021) sont abandonn\u00e9es \"sans justice, r\u00e9parations ni reconnaissance\" de leurs souffrances, a d\u00e9plor\u00e9 l'ONU mardi dans une vaste enqu\u00eate. \"Le monde nous a oubli\u00e9s\", confie l'une d'elles \u00e0 l'\u00e9quipe de l'AFP \u00e0 Kaboul. Il y a pr\u00e8s de 25 ans, les Etats-Unis intervenaient en Afghanistan en [&hellip;]<\/p>\n","protected":false},"author":60,"featured_media":0,"comment_status":"open","ping_status":"closed","sticky":false,"template":"","format":"standard","meta":{"_acf_changed":false,"footnotes":""},"categories":[2576],"tags":[],"ji_location":[],"class_list":["post-164320","post","type-post","status-publish","format-standard","hentry","category-fil-d-actualite"],"acf":[],"yoast_head":"<!-- This site is optimized with the Yoast SEO Premium plugin v25.3.1 (Yoast SEO v25.3.1) - https:\/\/yoast.com\/wordpress\/plugins\/seo\/ -->\n<title>Les victimes de la guerre en Afghanistan &quot;laiss\u00e9es pour compte&quot;, selon l&#039;ONU - JusticeInfo.net<\/title>\n<meta name=\"robots\" content=\"index, follow, max-snippet:-1, max-image-preview:large, max-video-preview:-1\" \/>\n<link rel=\"canonical\" href=\"https:\/\/www.justiceinfo.net\/fr\/164320-les-victimes-de-la-guerre-en-afghanistan-laissees-pour-compte-selon-lonu.html\" \/>\n<meta property=\"og:locale\" content=\"fr_FR\" \/>\n<meta property=\"og:type\" content=\"article\" \/>\n<meta property=\"og:title\" content=\"Les victimes de la guerre en Afghanistan &quot;laiss\u00e9es pour compte&quot;, selon l&#039;ONU\" \/>\n<meta property=\"og:description\" content=\"La plupart des victimes civiles du conflit en Afghanistan (2001-2021) sont abandonn\u00e9es &quot;sans justice, r\u00e9parations ni reconnaissance&quot; de leurs souffrances, a d\u00e9plor\u00e9 l&#039;ONU mardi dans une vaste enqu\u00eate. &quot;Le monde nous a oubli\u00e9s&quot;, confie l&#039;une d&#039;elles \u00e0 l&#039;\u00e9quipe de l&#039;AFP \u00e0 Kaboul. Il y a pr\u00e8s de 25 ans, les Etats-Unis intervenaient en Afghanistan en [&hellip;]\" \/>\n<meta property=\"og:url\" content=\"https:\/\/www.justiceinfo.net\/fr\/164320-les-victimes-de-la-guerre-en-afghanistan-laissees-pour-compte-selon-lonu.html\" \/>\n<meta property=\"og:site_name\" content=\"JusticeInfo.net\" \/>\n<meta property=\"article:publisher\" content=\"https:\/\/www.facebook.com\/JusticeInfo\/\" \/>\n<meta property=\"article:published_time\" content=\"2026-09-01T03:43:03+00:00\" \/>\n<meta property=\"og:image\" content=\"https:\/\/www.justiceinfo.net\/wp-content\/uploads\/JusticeInfoNet_logo_1200x630px.jpg\" \/>\n\t<meta property=\"og:image:width\" content=\"1200\" \/>\n\t<meta property=\"og:image:height\" content=\"630\" \/>\n\t<meta property=\"og:image:type\" content=\"image\/jpeg\" \/>\n<meta name=\"author\" content=\"afp\" \/>\n<meta name=\"twitter:card\" content=\"summary_large_image\" \/>\n<meta name=\"twitter:creator\" content=\"@justiceinfonet\" \/>\n<meta name=\"twitter:site\" content=\"@justiceinfonet\" \/>\n<meta name=\"twitter:label1\" content=\"\u00c9crit par\" \/>\n\t<meta name=\"twitter:data1\" content=\"afp\" \/>\n\t<meta name=\"twitter:label2\" content=\"Dur\u00e9e de lecture estim\u00e9e\" \/>\n\t<meta name=\"twitter:data2\" content=\"4 minutes\" \/>\n<script type=\"application\/ld+json\" class=\"yoast-schema-graph\">{\"@context\":\"https:\/\/schema.org\",\"@graph\":[{\"@type\":\"NewsArticle\",\"@id\":\"https:\/\/www.justiceinfo.net\/fr\/164320-les-victimes-de-la-guerre-en-afghanistan-laissees-pour-compte-selon-lonu.html#article\",\"isPartOf\":{\"@id\":\"https:\/\/www.justiceinfo.net\/fr\/164320-les-victimes-de-la-guerre-en-afghanistan-laissees-pour-compte-selon-lonu.html\"},\"author\":{\"name\":\"afp\",\"@id\":\"https:\/\/www.justiceinfo.net\/fr#\/schema\/person\/713d340ef5f218fc36ce9b4244364a7f\"},\"headline\":\"Les victimes de la guerre en Afghanistan \\\"laiss\u00e9es pour compte\\\", selon l'ONU\",\"datePublished\":\"2026-09-01T03:43:03+00:00\",\"mainEntityOfPage\":{\"@id\":\"https:\/\/www.justiceinfo.net\/fr\/164320-les-victimes-de-la-guerre-en-afghanistan-laissees-pour-compte-selon-lonu.html\"},\"wordCount\":894,\"commentCount\":0,\"publisher\":{\"@id\":\"https:\/\/www.justiceinfo.net\/fr#organization\"},\"articleSection\":[\"Fil d'info AFP\"],\"inLanguage\":\"fr-FR\",\"potentialAction\":[{\"@type\":\"CommentAction\",\"name\":\"Comment\",\"target\":[\"https:\/\/www.justiceinfo.net\/fr\/164320-les-victimes-de-la-guerre-en-afghanistan-laissees-pour-compte-selon-lonu.html#respond\"]}]},{\"@type\":\"WebPage\",\"@id\":\"https:\/\/www.justiceinfo.net\/fr\/164320-les-victimes-de-la-guerre-en-afghanistan-laissees-pour-compte-selon-lonu.html\",\"url\":\"https:\/\/www.justiceinfo.net\/fr\/164320-les-victimes-de-la-guerre-en-afghanistan-laissees-pour-compte-selon-lonu.html\",\"name\":\"Les victimes de la guerre en Afghanistan \\\"laiss\u00e9es pour compte\\\", selon l'ONU - JusticeInfo.net\",\"isPartOf\":{\"@id\":\"https:\/\/www.justiceinfo.net\/fr#website\"},\"datePublished\":\"2026-09-01T03:43:03+00:00\",\"breadcrumb\":{\"@id\":\"https:\/\/www.justiceinfo.net\/fr\/164320-les-victimes-de-la-guerre-en-afghanistan-laissees-pour-compte-selon-lonu.html#breadcrumb\"},\"inLanguage\":\"fr-FR\",\"potentialAction\":[{\"@type\":\"ReadAction\",\"target\":[\"https:\/\/www.justiceinfo.net\/fr\/164320-les-victimes-de-la-guerre-en-afghanistan-laissees-pour-compte-selon-lonu.html\"]}]},{\"@type\":\"BreadcrumbList\",\"@id\":\"https:\/\/www.justiceinfo.net\/fr\/164320-les-victimes-de-la-guerre-en-afghanistan-laissees-pour-compte-selon-lonu.html#breadcrumb\",\"itemListElement\":[{\"@type\":\"ListItem\",\"position\":1,\"name\":\"Home\",\"item\":\"https:\/\/www.justiceinfo.net\/fr\"},{\"@type\":\"ListItem\",\"position\":2,\"name\":\"Les victimes de la guerre en Afghanistan \\\"laiss\u00e9es pour compte\\\", selon l'ONU\"}]},{\"@type\":\"WebSite\",\"@id\":\"https:\/\/www.justiceinfo.net\/fr#website\",\"url\":\"https:\/\/www.justiceinfo.net\/fr\",\"name\":\"JusticeInfo.net\",\"description\":\"La justice doit \u00eatre vue pour \u00eatre rendue\",\"publisher\":{\"@id\":\"https:\/\/www.justiceinfo.net\/fr#organization\"},\"potentialAction\":[{\"@type\":\"SearchAction\",\"target\":{\"@type\":\"EntryPoint\",\"urlTemplate\":\"https:\/\/www.justiceinfo.net\/fr?s={search_term_string}\"},\"query-input\":{\"@type\":\"PropertyValueSpecification\",\"valueRequired\":true,\"valueName\":\"search_term_string\"}}],\"inLanguage\":\"fr-FR\"},{\"@type\":\"Organization\",\"@id\":\"https:\/\/www.justiceinfo.net\/fr#organization\",\"name\":\"Justice Info\",\"url\":\"https:\/\/www.justiceinfo.net\/fr\",\"logo\":{\"@type\":\"ImageObject\",\"inLanguage\":\"fr-FR\",\"@id\":\"https:\/\/www.justiceinfo.net\/fr#\/schema\/logo\/image\/\",\"url\":\"https:\/\/www.justiceinfo.net\/wp-content\/uploads\/justiceinfo_logo-trans_1200x1200px.png\",\"contentUrl\":\"https:\/\/www.justiceinfo.net\/wp-content\/uploads\/justiceinfo_logo-trans_1200x1200px.png\",\"width\":1199,\"height\":1200,\"caption\":\"Justice Info\"},\"image\":{\"@id\":\"https:\/\/www.justiceinfo.net\/fr#\/schema\/logo\/image\/\"},\"sameAs\":[\"https:\/\/www.facebook.com\/JusticeInfo\/\",\"https:\/\/x.com\/justiceinfonet\",\"https:\/\/www.linkedin.com\/company\/justice-info\",\"https:\/\/www.youtube.com\/channel\/UCyCEsARodyuWtkWyhn-e7pA\"]},{\"@type\":\"Person\",\"name\":\"afp\",\"url\":\"\/fr\/?s=afp\"}]}<\/script>\n<!-- \/ Yoast SEO Premium plugin. -->","yoast_head_json":{"title":"Les victimes de la guerre en Afghanistan \"laiss\u00e9es pour compte\", selon l'ONU - JusticeInfo.net","robots":{"index":"index","follow":"follow","max-snippet":"max-snippet:-1","max-image-preview":"max-image-preview:large","max-video-preview":"max-video-preview:-1"},"canonical":"https:\/\/www.justiceinfo.net\/fr\/164320-les-victimes-de-la-guerre-en-afghanistan-laissees-pour-compte-selon-lonu.html","og_locale":"fr_FR","og_type":"article","og_title":"Les victimes de la guerre en Afghanistan \"laiss\u00e9es pour compte\", selon l'ONU","og_description":"La plupart des victimes civiles du conflit en Afghanistan (2001-2021) sont abandonn\u00e9es \"sans justice, r\u00e9parations ni reconnaissance\" de leurs souffrances, a d\u00e9plor\u00e9 l'ONU mardi dans une vaste enqu\u00eate. \"Le monde nous a oubli\u00e9s\", confie l'une d'elles \u00e0 l'\u00e9quipe de l'AFP \u00e0 Kaboul. Il y a pr\u00e8s de 25 ans, les Etats-Unis intervenaient en Afghanistan en [&hellip;]","og_url":"https:\/\/www.justiceinfo.net\/fr\/164320-les-victimes-de-la-guerre-en-afghanistan-laissees-pour-compte-selon-lonu.html","og_site_name":"JusticeInfo.net","article_publisher":"https:\/\/www.facebook.com\/JusticeInfo\/","article_published_time":"2026-09-01T03:43:03+00:00","og_image":[{"width":1200,"height":630,"url":"https:\/\/www.justiceinfo.net\/wp-content\/uploads\/JusticeInfoNet_logo_1200x630px.jpg","type":"image\/jpeg"}],"author":"afp","twitter_card":"summary_large_image","twitter_creator":"@justiceinfonet","twitter_site":"@justiceinfonet","twitter_misc":{"\u00c9crit par":"afp","Dur\u00e9e de lecture estim\u00e9e":"4 minutes"},"schema":{"@context":"https:\/\/schema.org","@graph":[{"@type":"NewsArticle","@id":"https:\/\/www.justiceinfo.net\/fr\/164320-les-victimes-de-la-guerre-en-afghanistan-laissees-pour-compte-selon-lonu.html#article","isPartOf":{"@id":"https:\/\/www.justiceinfo.net\/fr\/164320-les-victimes-de-la-guerre-en-afghanistan-laissees-pour-compte-selon-lonu.html"},"author":{"name":"afp","@id":"https:\/\/www.justiceinfo.net\/fr#\/schema\/person\/713d340ef5f218fc36ce9b4244364a7f"},"headline":"Les victimes de la guerre en Afghanistan \"laiss\u00e9es pour compte\", selon l'ONU","datePublished":"2026-09-01T03:43:03+00:00","mainEntityOfPage":{"@id":"https:\/\/www.justiceinfo.net\/fr\/164320-les-victimes-de-la-guerre-en-afghanistan-laissees-pour-compte-selon-lonu.html"},"wordCount":894,"commentCount":0,"publisher":{"@id":"https:\/\/www.justiceinfo.net\/fr#organization"},"articleSection":["Fil d'info AFP"],"inLanguage":"fr-FR","potentialAction":[{"@type":"CommentAction","name":"Comment","target":["https:\/\/www.justiceinfo.net\/fr\/164320-les-victimes-de-la-guerre-en-afghanistan-laissees-pour-compte-selon-lonu.html#respond"]}]},{"@type":"WebPage","@id":"https:\/\/www.justiceinfo.net\/fr\/164320-les-victimes-de-la-guerre-en-afghanistan-laissees-pour-compte-selon-lonu.html","url":"https:\/\/www.justiceinfo.net\/fr\/164320-les-victimes-de-la-guerre-en-afghanistan-laissees-pour-compte-selon-lonu.html","name":"Les victimes de la guerre en Afghanistan \"laiss\u00e9es pour compte\", selon l'ONU - JusticeInfo.net","isPartOf":{"@id":"https:\/\/www.justiceinfo.net\/fr#website"},"datePublished":"2026-09-01T03:43:03+00:00","breadcrumb":{"@id":"https:\/\/www.justiceinfo.net\/fr\/164320-les-victimes-de-la-guerre-en-afghanistan-laissees-pour-compte-selon-lonu.html#breadcrumb"},"inLanguage":"fr-FR","potentialAction":[{"@type":"ReadAction","target":["https:\/\/www.justiceinfo.net\/fr\/164320-les-victimes-de-la-guerre-en-afghanistan-laissees-pour-compte-selon-lonu.html"]}]},{"@type":"BreadcrumbList","@id":"https:\/\/www.justiceinfo.net\/fr\/164320-les-victimes-de-la-guerre-en-afghanistan-laissees-pour-compte-selon-lonu.html#breadcrumb","itemListElement":[{"@type":"ListItem","position":1,"name":"Home","item":"https:\/\/www.justiceinfo.net\/fr"},{"@type":"ListItem","position":2,"name":"Les victimes de la guerre en Afghanistan \"laiss\u00e9es pour compte\", selon l'ONU"}]},{"@type":"WebSite","@id":"https:\/\/www.justiceinfo.net\/fr#website","url":"https:\/\/www.justiceinfo.net\/fr","name":"JusticeInfo.net","description":"La justice doit \u00eatre vue pour \u00eatre rendue","publisher":{"@id":"https:\/\/www.justiceinfo.net\/fr#organization"},"potentialAction":[{"@type":"SearchAction","target":{"@type":"EntryPoint","urlTemplate":"https:\/\/www.justiceinfo.net\/fr?s={search_term_string}"},"query-input":{"@type":"PropertyValueSpecification","valueRequired":true,"valueName":"search_term_string"}}],"inLanguage":"fr-FR"},{"@type":"Organization","@id":"https:\/\/www.justiceinfo.net\/fr#organization","name":"Justice Info","url":"https:\/\/www.justiceinfo.net\/fr","logo":{"@type":"ImageObject","inLanguage":"fr-FR","@id":"https:\/\/www.justiceinfo.net\/fr#\/schema\/logo\/image\/","url":"https:\/\/www.justiceinfo.net\/wp-content\/uploads\/justiceinfo_logo-trans_1200x1200px.png","contentUrl":"https:\/\/www.justiceinfo.net\/wp-content\/uploads\/justiceinfo_logo-trans_1200x1200px.png","width":1199,"height":1200,"caption":"Justice Info"},"image":{"@id":"https:\/\/www.justiceinfo.net\/fr#\/schema\/logo\/image\/"},"sameAs":["https:\/\/www.facebook.com\/JusticeInfo\/","https:\/\/x.com\/justiceinfonet","https:\/\/www.linkedin.com\/company\/justice-info","https:\/\/www.youtube.com\/channel\/UCyCEsARodyuWtkWyhn-e7pA"]},{"@type":"Person","name":"afp","url":"\/fr\/?s=afp"}]}},"_links":{"self":[{"href":"https:\/\/www.justiceinfo.net\/fr\/wp-json\/wp\/v2\/posts\/164320","targetHints":{"allow":["GET"]}}],"collection":[{"href":"https:\/\/www.justiceinfo.net\/fr\/wp-json\/wp\/v2\/posts"}],"about":[{"href":"https:\/\/www.justiceinfo.net\/fr\/wp-json\/wp\/v2\/types\/post"}],"author":[{"embeddable":true,"href":"https:\/\/www.justiceinfo.net\/fr\/wp-json\/wp\/v2\/users\/60"}],"replies":[{"embeddable":true,"href":"https:\/\/www.justiceinfo.net\/fr\/wp-json\/wp\/v2\/comments?post=164320"}],"version-history":[{"count":0,"href":"https:\/\/www.justiceinfo.net\/fr\/wp-json\/wp\/v2\/posts\/164320\/revisions"}],"wp:attachment":[{"href":"https:\/\/www.justiceinfo.net\/fr\/wp-json\/wp\/v2\/media?parent=164320"}],"wp:term":[{"taxonomy":"category","embeddable":true,"href":"https:\/\/www.justiceinfo.net\/fr\/wp-json\/wp\/v2\/categories?post=164320"},{"taxonomy":"post_tag","embeddable":true,"href":"https:\/\/www.justiceinfo.net\/fr\/wp-json\/wp\/v2\/tags?post=164320"},{"taxonomy":"ji_location","embeddable":true,"href":"https:\/\/www.justiceinfo.net\/fr\/wp-json\/wp\/v2\/ji_location?post=164320"}],"curies":[{"name":"wp","href":"https:\/\/api.w.org\/{rel}","templated":true}]}}