{"id":164321,"date":"2026-09-01T05:43:03","date_gmt":"2026-09-01T03:43:03","guid":{"rendered":"https:\/\/www.justiceinfo.net\/164321-des-solutions-pour-que-les-crimes-passes-ne-nourrissent-pas-la-violence-future.html"},"modified":"2026-09-01T05:43:03","modified_gmt":"2026-09-01T03:43:03","slug":"des-solutions-pour-que-les-crimes-passes-ne-nourrissent-pas-la-violence-future","status":"publish","type":"post","link":"https:\/\/www.justiceinfo.net\/fr\/164321-des-solutions-pour-que-les-crimes-passes-ne-nourrissent-pas-la-violence-future.html","title":{"rendered":"Des solutions pour que les crimes pass\u00e9s ne \"nourrissent pas la violence future\""},"content":{"rendered":"<p>\n             En Afghanistan, ignorer les crimes de guerre contre les civils \"nourrira la violence dans le futur\", pr\u00e9vient Refik Hodzic, sp\u00e9cialiste de justice transitionnelle, soulignant, comme l'ONU, que des solutions existent pour r\u00e9pondre aux attentes des victimes.\n<\/p>\n<p>\n            Dans une vaste \u00e9tude de la Mission de l'ONU en Afghanistan (Unama) publi\u00e9e mardi sur les civils impact\u00e9s par le conflit entre 2001 et 2021, certains responsables talibans interrog\u00e9s plaident pour que les communaut\u00e9s \"oublient le pass\u00e9\", estimant que \"la vengeance\" cr\u00e9erait de nouveaux probl\u00e8mes.\n<\/p>\n<p>\n            \"Les victimes de tels crimes ne peuvent pas simplement oublier et tourner la page. La justice transitionnelle n'a rien \u00e0 voir avec la vengeance\", insiste M. Hodzic dans un entretien en ligne avec l'AFP Kaboul.\n<\/p>\n<p>\n            \"Elle envoie au contraire des messages pour dire que, comme soci\u00e9t\u00e9, nous voulons nous distancier de ce qui \u00e9tait normal \u00e0 un moment, tuer ses voisins, les torturer...\", ajoute ce conseiller pour l'Institut europ\u00e9en de la paix qui a travaill\u00e9 avec des victimes de crimes de masse en Bosnie-Herz\u00e9govine, Syrie, Ukraine, Afghanistan...\n<\/p>\n<p>\n            Des solutions diff\u00e9rentes existent selon la culture et les capacit\u00e9s de chaque pays, poursuit-il: \"Nous ne pouvons pas attendre que chaque soci\u00e9t\u00e9 organise des proc\u00e8s de Nuremberg\" (o\u00f9 furent jug\u00e9s les responsables nazis).\n<\/p>\n<p>\n            Apr\u00e8s le g\u00e9nocide au Rwanda, des responsables ont \u00e9t\u00e9 jug\u00e9s par un tribunal international mais d'autres ont comparu dans des assembl\u00e9es villageoises, les \"Gacaca\", pour rapprocher la justice des communaut\u00e9s.\n<\/p>\n<p>\n            En Afrique du Sud, une Commission v\u00e9rit\u00e9 et r\u00e9conciliation encourageait \u00e0 parler les auteurs de crimes durant l'apartheid pour que les familles sachent enfin ce qui \u00e9tait arriv\u00e9 \u00e0 leurs proches, en \u00e9change d'un abandon des poursuites, rappelle-t-il.\n<\/p>\n<p>\n            Pour l'Afghanistan, o\u00f9 des familles recherchent encore des proches disparus, l'Unama recommande aux autorit\u00e9s talibanes la cr\u00e9ation \"d'un m\u00e9canisme permettant de trouver des informations et d'apprendre la v\u00e9rit\u00e9\".\n<\/p>\n<p>\n            Toutes les parties, dont les ex-responsables de la R\u00e9publique afghane ou les forces \u00e9trang\u00e8res, \"doivent fournir les informations sur les disparus\", ajoute-t-elle.\n<\/p>\n<p>\n            \"Les autorit\u00e9s de facto devraient aussi, en respectant le droit international, examiner le pass\u00e9 des fonctionnaires pour exclure des forces de l'ordre ceux qui ont commis des violations du droit humanitaire\", un sujet sensible alors que des responsables talibans sont accus\u00e9s d'avoir organis\u00e9 des attentats ayant tu\u00e9 des civils entre 2001 et 2021.\n<\/p>\n<p>\n            L'ONU enjoint aussi \"tous les Etats qui avaient des forces militaires en Afghanistan \u00e0 enqu\u00eater de mani\u00e8re ind\u00e9pendante sur d'\u00e9ventuelles violations du droit humanitaire\".\n<\/p>\n<p>\n            Le gouvernement taliban a indiqu\u00e9 \u00e0 l'Unama avoir distribu\u00e9 depuis 2021 l'\u00e9quivalent de 600 millions d'euros \u00e0 des veuves, orphelins ou personnes handicap\u00e9s. L'ONU demande un effort suppl\u00e9mentaire, y compris aux autres acteurs du conflit pour des r\u00e9parations.\n<\/p>\n<p>\n            Car de nombreuses victimes n'ont pas assez d'argent pour se soigner, ont perdu leur emploi. Pour elles, l'impact de ces crimes ne se vit pas au pass\u00e9 mais au pr\u00e9sent.<\/p>\n","protected":false},"excerpt":{"rendered":"<p>En Afghanistan, ignorer les crimes de guerre contre les civils \"nourrira la violence dans le futur\", pr\u00e9vient Refik Hodzic, sp\u00e9cialiste de justice transitionnelle, soulignant, comme l'ONU, que des solutions existent pour r\u00e9pondre aux attentes des victimes. Dans une vaste \u00e9tude de la Mission de l'ONU en Afghanistan (Unama) publi\u00e9e mardi sur les civils impact\u00e9s par [&hellip;]<\/p>\n","protected":false},"author":60,"featured_media":0,"comment_status":"open","ping_status":"closed","sticky":false,"template":"","format":"standard","meta":{"_acf_changed":false,"footnotes":""},"categories":[2576],"tags":[],"ji_location":[],"class_list":["post-164321","post","type-post","status-publish","format-standard","hentry","category-fil-d-actualite"],"acf":[],"yoast_head":"<!-- This site is optimized with the Yoast SEO Premium plugin v25.3.1 (Yoast SEO v25.3.1) - https:\/\/yoast.com\/wordpress\/plugins\/seo\/ -->\n<title>Des solutions pour que les crimes pass\u00e9s ne &quot;nourrissent pas la violence future&quot; - JusticeInfo.net<\/title>\n<meta name=\"robots\" content=\"index, follow, max-snippet:-1, max-image-preview:large, max-video-preview:-1\" \/>\n<link rel=\"canonical\" href=\"https:\/\/www.justiceinfo.net\/fr\/164321-des-solutions-pour-que-les-crimes-passes-ne-nourrissent-pas-la-violence-future.html\" \/>\n<meta property=\"og:locale\" content=\"fr_FR\" \/>\n<meta property=\"og:type\" content=\"article\" \/>\n<meta property=\"og:title\" content=\"Des solutions pour que les crimes pass\u00e9s ne &quot;nourrissent pas la violence future&quot;\" \/>\n<meta property=\"og:description\" content=\"En Afghanistan, ignorer les crimes de guerre contre les civils &quot;nourrira la violence dans le futur&quot;, pr\u00e9vient Refik Hodzic, sp\u00e9cialiste de justice transitionnelle, soulignant, comme l&#039;ONU, que des solutions existent pour r\u00e9pondre aux attentes des victimes. Dans une vaste \u00e9tude de la Mission de l&#039;ONU en Afghanistan (Unama) publi\u00e9e mardi sur les civils impact\u00e9s par [&hellip;]\" \/>\n<meta property=\"og:url\" content=\"https:\/\/www.justiceinfo.net\/fr\/164321-des-solutions-pour-que-les-crimes-passes-ne-nourrissent-pas-la-violence-future.html\" \/>\n<meta property=\"og:site_name\" content=\"JusticeInfo.net\" \/>\n<meta property=\"article:publisher\" content=\"https:\/\/www.facebook.com\/JusticeInfo\/\" \/>\n<meta property=\"article:published_time\" content=\"2026-09-01T03:43:03+00:00\" \/>\n<meta property=\"og:image\" content=\"https:\/\/www.justiceinfo.net\/wp-content\/uploads\/JusticeInfoNet_logo_1200x630px.jpg\" \/>\n\t<meta property=\"og:image:width\" content=\"1200\" \/>\n\t<meta property=\"og:image:height\" content=\"630\" \/>\n\t<meta property=\"og:image:type\" content=\"image\/jpeg\" \/>\n<meta name=\"author\" content=\"afp\" \/>\n<meta name=\"twitter:card\" content=\"summary_large_image\" \/>\n<meta name=\"twitter:creator\" content=\"@justiceinfonet\" \/>\n<meta name=\"twitter:site\" content=\"@justiceinfonet\" \/>\n<meta name=\"twitter:label1\" content=\"\u00c9crit par\" \/>\n\t<meta name=\"twitter:data1\" content=\"afp\" \/>\n\t<meta name=\"twitter:label2\" content=\"Dur\u00e9e de lecture estim\u00e9e\" \/>\n\t<meta name=\"twitter:data2\" content=\"2 minutes\" \/>\n<script type=\"application\/ld+json\" class=\"yoast-schema-graph\">{\"@context\":\"https:\/\/schema.org\",\"@graph\":[{\"@type\":\"NewsArticle\",\"@id\":\"https:\/\/www.justiceinfo.net\/fr\/164321-des-solutions-pour-que-les-crimes-passes-ne-nourrissent-pas-la-violence-future.html#article\",\"isPartOf\":{\"@id\":\"https:\/\/www.justiceinfo.net\/fr\/164321-des-solutions-pour-que-les-crimes-passes-ne-nourrissent-pas-la-violence-future.html\"},\"author\":{\"name\":\"afp\",\"@id\":\"https:\/\/www.justiceinfo.net\/fr#\/schema\/person\/713d340ef5f218fc36ce9b4244364a7f\"},\"headline\":\"Des solutions pour que les crimes pass\u00e9s ne \\\"nourrissent pas la violence future\\\"\",\"datePublished\":\"2026-09-01T03:43:03+00:00\",\"mainEntityOfPage\":{\"@id\":\"https:\/\/www.justiceinfo.net\/fr\/164321-des-solutions-pour-que-les-crimes-passes-ne-nourrissent-pas-la-violence-future.html\"},\"wordCount\":527,\"commentCount\":0,\"publisher\":{\"@id\":\"https:\/\/www.justiceinfo.net\/fr#organization\"},\"articleSection\":[\"Fil d'info AFP\"],\"inLanguage\":\"fr-FR\",\"potentialAction\":[{\"@type\":\"CommentAction\",\"name\":\"Comment\",\"target\":[\"https:\/\/www.justiceinfo.net\/fr\/164321-des-solutions-pour-que-les-crimes-passes-ne-nourrissent-pas-la-violence-future.html#respond\"]}]},{\"@type\":\"WebPage\",\"@id\":\"https:\/\/www.justiceinfo.net\/fr\/164321-des-solutions-pour-que-les-crimes-passes-ne-nourrissent-pas-la-violence-future.html\",\"url\":\"https:\/\/www.justiceinfo.net\/fr\/164321-des-solutions-pour-que-les-crimes-passes-ne-nourrissent-pas-la-violence-future.html\",\"name\":\"Des solutions pour que les crimes pass\u00e9s ne \\\"nourrissent pas la violence future\\\" - JusticeInfo.net\",\"isPartOf\":{\"@id\":\"https:\/\/www.justiceinfo.net\/fr#website\"},\"datePublished\":\"2026-09-01T03:43:03+00:00\",\"breadcrumb\":{\"@id\":\"https:\/\/www.justiceinfo.net\/fr\/164321-des-solutions-pour-que-les-crimes-passes-ne-nourrissent-pas-la-violence-future.html#breadcrumb\"},\"inLanguage\":\"fr-FR\",\"potentialAction\":[{\"@type\":\"ReadAction\",\"target\":[\"https:\/\/www.justiceinfo.net\/fr\/164321-des-solutions-pour-que-les-crimes-passes-ne-nourrissent-pas-la-violence-future.html\"]}]},{\"@type\":\"BreadcrumbList\",\"@id\":\"https:\/\/www.justiceinfo.net\/fr\/164321-des-solutions-pour-que-les-crimes-passes-ne-nourrissent-pas-la-violence-future.html#breadcrumb\",\"itemListElement\":[{\"@type\":\"ListItem\",\"position\":1,\"name\":\"Home\",\"item\":\"https:\/\/www.justiceinfo.net\/fr\"},{\"@type\":\"ListItem\",\"position\":2,\"name\":\"Des solutions pour que les crimes pass\u00e9s ne \\\"nourrissent pas la violence future\\\"\"}]},{\"@type\":\"WebSite\",\"@id\":\"https:\/\/www.justiceinfo.net\/fr#website\",\"url\":\"https:\/\/www.justiceinfo.net\/fr\",\"name\":\"JusticeInfo.net\",\"description\":\"La justice doit \u00eatre vue pour \u00eatre rendue\",\"publisher\":{\"@id\":\"https:\/\/www.justiceinfo.net\/fr#organization\"},\"potentialAction\":[{\"@type\":\"SearchAction\",\"target\":{\"@type\":\"EntryPoint\",\"urlTemplate\":\"https:\/\/www.justiceinfo.net\/fr?s={search_term_string}\"},\"query-input\":{\"@type\":\"PropertyValueSpecification\",\"valueRequired\":true,\"valueName\":\"search_term_string\"}}],\"inLanguage\":\"fr-FR\"},{\"@type\":\"Organization\",\"@id\":\"https:\/\/www.justiceinfo.net\/fr#organization\",\"name\":\"Justice Info\",\"url\":\"https:\/\/www.justiceinfo.net\/fr\",\"logo\":{\"@type\":\"ImageObject\",\"inLanguage\":\"fr-FR\",\"@id\":\"https:\/\/www.justiceinfo.net\/fr#\/schema\/logo\/image\/\",\"url\":\"https:\/\/www.justiceinfo.net\/wp-content\/uploads\/justiceinfo_logo-trans_1200x1200px.png\",\"contentUrl\":\"https:\/\/www.justiceinfo.net\/wp-content\/uploads\/justiceinfo_logo-trans_1200x1200px.png\",\"width\":1199,\"height\":1200,\"caption\":\"Justice Info\"},\"image\":{\"@id\":\"https:\/\/www.justiceinfo.net\/fr#\/schema\/logo\/image\/\"},\"sameAs\":[\"https:\/\/www.facebook.com\/JusticeInfo\/\",\"https:\/\/x.com\/justiceinfonet\",\"https:\/\/www.linkedin.com\/company\/justice-info\",\"https:\/\/www.youtube.com\/channel\/UCyCEsARodyuWtkWyhn-e7pA\"]},{\"@type\":\"Person\",\"name\":\"afp\",\"url\":\"\/fr\/?s=afp\"}]}<\/script>\n<!-- \/ Yoast SEO Premium plugin. -->","yoast_head_json":{"title":"Des solutions pour que les crimes pass\u00e9s ne \"nourrissent pas la violence future\" - JusticeInfo.net","robots":{"index":"index","follow":"follow","max-snippet":"max-snippet:-1","max-image-preview":"max-image-preview:large","max-video-preview":"max-video-preview:-1"},"canonical":"https:\/\/www.justiceinfo.net\/fr\/164321-des-solutions-pour-que-les-crimes-passes-ne-nourrissent-pas-la-violence-future.html","og_locale":"fr_FR","og_type":"article","og_title":"Des solutions pour que les crimes pass\u00e9s ne \"nourrissent pas la violence future\"","og_description":"En Afghanistan, ignorer les crimes de guerre contre les civils \"nourrira la violence dans le futur\", pr\u00e9vient Refik Hodzic, sp\u00e9cialiste de justice transitionnelle, soulignant, comme l'ONU, que des solutions existent pour r\u00e9pondre aux attentes des victimes. Dans une vaste \u00e9tude de la Mission de l'ONU en Afghanistan (Unama) publi\u00e9e mardi sur les civils impact\u00e9s par [&hellip;]","og_url":"https:\/\/www.justiceinfo.net\/fr\/164321-des-solutions-pour-que-les-crimes-passes-ne-nourrissent-pas-la-violence-future.html","og_site_name":"JusticeInfo.net","article_publisher":"https:\/\/www.facebook.com\/JusticeInfo\/","article_published_time":"2026-09-01T03:43:03+00:00","og_image":[{"width":1200,"height":630,"url":"https:\/\/www.justiceinfo.net\/wp-content\/uploads\/JusticeInfoNet_logo_1200x630px.jpg","type":"image\/jpeg"}],"author":"afp","twitter_card":"summary_large_image","twitter_creator":"@justiceinfonet","twitter_site":"@justiceinfonet","twitter_misc":{"\u00c9crit par":"afp","Dur\u00e9e de lecture estim\u00e9e":"2 minutes"},"schema":{"@context":"https:\/\/schema.org","@graph":[{"@type":"NewsArticle","@id":"https:\/\/www.justiceinfo.net\/fr\/164321-des-solutions-pour-que-les-crimes-passes-ne-nourrissent-pas-la-violence-future.html#article","isPartOf":{"@id":"https:\/\/www.justiceinfo.net\/fr\/164321-des-solutions-pour-que-les-crimes-passes-ne-nourrissent-pas-la-violence-future.html"},"author":{"name":"afp","@id":"https:\/\/www.justiceinfo.net\/fr#\/schema\/person\/713d340ef5f218fc36ce9b4244364a7f"},"headline":"Des solutions pour que les crimes pass\u00e9s ne \"nourrissent pas la violence future\"","datePublished":"2026-09-01T03:43:03+00:00","mainEntityOfPage":{"@id":"https:\/\/www.justiceinfo.net\/fr\/164321-des-solutions-pour-que-les-crimes-passes-ne-nourrissent-pas-la-violence-future.html"},"wordCount":527,"commentCount":0,"publisher":{"@id":"https:\/\/www.justiceinfo.net\/fr#organization"},"articleSection":["Fil d'info AFP"],"inLanguage":"fr-FR","potentialAction":[{"@type":"CommentAction","name":"Comment","target":["https:\/\/www.justiceinfo.net\/fr\/164321-des-solutions-pour-que-les-crimes-passes-ne-nourrissent-pas-la-violence-future.html#respond"]}]},{"@type":"WebPage","@id":"https:\/\/www.justiceinfo.net\/fr\/164321-des-solutions-pour-que-les-crimes-passes-ne-nourrissent-pas-la-violence-future.html","url":"https:\/\/www.justiceinfo.net\/fr\/164321-des-solutions-pour-que-les-crimes-passes-ne-nourrissent-pas-la-violence-future.html","name":"Des solutions pour que les crimes pass\u00e9s ne \"nourrissent pas la violence future\" - JusticeInfo.net","isPartOf":{"@id":"https:\/\/www.justiceinfo.net\/fr#website"},"datePublished":"2026-09-01T03:43:03+00:00","breadcrumb":{"@id":"https:\/\/www.justiceinfo.net\/fr\/164321-des-solutions-pour-que-les-crimes-passes-ne-nourrissent-pas-la-violence-future.html#breadcrumb"},"inLanguage":"fr-FR","potentialAction":[{"@type":"ReadAction","target":["https:\/\/www.justiceinfo.net\/fr\/164321-des-solutions-pour-que-les-crimes-passes-ne-nourrissent-pas-la-violence-future.html"]}]},{"@type":"BreadcrumbList","@id":"https:\/\/www.justiceinfo.net\/fr\/164321-des-solutions-pour-que-les-crimes-passes-ne-nourrissent-pas-la-violence-future.html#breadcrumb","itemListElement":[{"@type":"ListItem","position":1,"name":"Home","item":"https:\/\/www.justiceinfo.net\/fr"},{"@type":"ListItem","position":2,"name":"Des solutions pour que les crimes pass\u00e9s ne \"nourrissent pas la violence future\""}]},{"@type":"WebSite","@id":"https:\/\/www.justiceinfo.net\/fr#website","url":"https:\/\/www.justiceinfo.net\/fr","name":"JusticeInfo.net","description":"La justice doit \u00eatre vue pour \u00eatre rendue","publisher":{"@id":"https:\/\/www.justiceinfo.net\/fr#organization"},"potentialAction":[{"@type":"SearchAction","target":{"@type":"EntryPoint","urlTemplate":"https:\/\/www.justiceinfo.net\/fr?s={search_term_string}"},"query-input":{"@type":"PropertyValueSpecification","valueRequired":true,"valueName":"search_term_string"}}],"inLanguage":"fr-FR"},{"@type":"Organization","@id":"https:\/\/www.justiceinfo.net\/fr#organization","name":"Justice Info","url":"https:\/\/www.justiceinfo.net\/fr","logo":{"@type":"ImageObject","inLanguage":"fr-FR","@id":"https:\/\/www.justiceinfo.net\/fr#\/schema\/logo\/image\/","url":"https:\/\/www.justiceinfo.net\/wp-content\/uploads\/justiceinfo_logo-trans_1200x1200px.png","contentUrl":"https:\/\/www.justiceinfo.net\/wp-content\/uploads\/justiceinfo_logo-trans_1200x1200px.png","width":1199,"height":1200,"caption":"Justice Info"},"image":{"@id":"https:\/\/www.justiceinfo.net\/fr#\/schema\/logo\/image\/"},"sameAs":["https:\/\/www.facebook.com\/JusticeInfo\/","https:\/\/x.com\/justiceinfonet","https:\/\/www.linkedin.com\/company\/justice-info","https:\/\/www.youtube.com\/channel\/UCyCEsARodyuWtkWyhn-e7pA"]},{"@type":"Person","name":"afp","url":"\/fr\/?s=afp"}]}},"_links":{"self":[{"href":"https:\/\/www.justiceinfo.net\/fr\/wp-json\/wp\/v2\/posts\/164321","targetHints":{"allow":["GET"]}}],"collection":[{"href":"https:\/\/www.justiceinfo.net\/fr\/wp-json\/wp\/v2\/posts"}],"about":[{"href":"https:\/\/www.justiceinfo.net\/fr\/wp-json\/wp\/v2\/types\/post"}],"author":[{"embeddable":true,"href":"https:\/\/www.justiceinfo.net\/fr\/wp-json\/wp\/v2\/users\/60"}],"replies":[{"embeddable":true,"href":"https:\/\/www.justiceinfo.net\/fr\/wp-json\/wp\/v2\/comments?post=164321"}],"version-history":[{"count":0,"href":"https:\/\/www.justiceinfo.net\/fr\/wp-json\/wp\/v2\/posts\/164321\/revisions"}],"wp:attachment":[{"href":"https:\/\/www.justiceinfo.net\/fr\/wp-json\/wp\/v2\/media?parent=164321"}],"wp:term":[{"taxonomy":"category","embeddable":true,"href":"https:\/\/www.justiceinfo.net\/fr\/wp-json\/wp\/v2\/categories?post=164321"},{"taxonomy":"post_tag","embeddable":true,"href":"https:\/\/www.justiceinfo.net\/fr\/wp-json\/wp\/v2\/tags?post=164321"},{"taxonomy":"ji_location","embeddable":true,"href":"https:\/\/www.justiceinfo.net\/fr\/wp-json\/wp\/v2\/ji_location?post=164321"}],"curies":[{"name":"wp","href":"https:\/\/api.w.org\/{rel}","templated":true}]}}