{"id":164381,"date":"2026-09-01T16:58:02","date_gmt":"2026-09-01T14:58:02","guid":{"rendered":"https:\/\/www.justiceinfo.net\/164381-france-le-parquet-veut-que-lavocat-franco-espagnol-juan-branco-soit-juge-pour-viol.html"},"modified":"2026-09-01T16:58:02","modified_gmt":"2026-09-01T14:58:02","slug":"france-le-parquet-veut-que-lavocat-franco-espagnol-juan-branco-soit-juge-pour-viol","status":"publish","type":"post","link":"https:\/\/www.justiceinfo.net\/fr\/164381-france-le-parquet-veut-que-lavocat-franco-espagnol-juan-branco-soit-juge-pour-viol.html","title":{"rendered":"France: le parquet veut que l'avocat franco-espagnol Juan Branco soit jug\u00e9 pour viol"},"content":{"rendered":"<p>\n             Le parquet de Paris a requis le renvoi en proc\u00e8s pour un viol en France de l'avocat et militant franco-espagnol Juan Branco, connu pour sa d\u00e9fense d'opposants en Afrique.\n<\/p>\n<p>\n            Dans son r\u00e9quisitoire, le parquet demande que l'avocat de 37 ans soit jug\u00e9 pour ce viol commis sur une femme \u00e2g\u00e9e de 20 ans en 2021. Le juge d'instruction doit d\u00e9sormais se prononcer sur la tenue d'un proc\u00e8s.\n<\/p>\n<p>\n            L'avocat s'est notamment fait un nom au S\u00e9n\u00e9gal en prenant part \u00e0 la d\u00e9fense de l'opposant Ousmane Sonko. Il a \u00e9t\u00e9 vis\u00e9 par un mandat d'arr\u00eat \u00e9mis par le S\u00e9n\u00e9gal et arr\u00eat\u00e9 \u00e0 ce titre en Mauritanie.\n<\/p>\n<p>\n            L'avocat avait aussi suscit\u00e9 l'attention en annon\u00e7ant une plainte en France et une saisine de la Cour p\u00e9nale internationale (CPI) de La Haye contre le pr\u00e9sident Macky Sall pour \"crimes contre l'humanit\u00e9\".\n<\/p>\n<p>\n            Concernant ses poursuites pour viol en France, il nie. Et r\u00e9clame un non-lieu pour d'autres faits d'agression sexuelle et de viol sur deux autres femmes.\n<\/p>\n<p>\n            La d\u00e9cision du parquet de poursuivre l'avocat \"est un immense soulagement pour notre cliente, apr\u00e8s cinq ann\u00e9es d'une proc\u00e9dure judiciaire harassante\", ont r\u00e9agi aupr\u00e8s de l'AFP Nicolas Paganelli et Charlie-Elie Martin, les avocats de la femme de 20 ans.\n<\/p>\n<p>\n            \"Nous esp\u00e9rons tr\u00e8s sinc\u00e8rement qu'elle mettra un terme au comportement de toute puissance compl\u00e8tement hors de contr\u00f4le\" de cet avocat m\u00e9diatique, ont-ils ajout\u00e9.\n<\/p>\n<p>\n            Leur cliente, alors \u00e9tudiante en sciences politiques \u00e2g\u00e9e de 20 ans, \u00e9tait all\u00e9e voir la police apr\u00e8s une nuit pass\u00e9e au domicile de Juan Branco, expliquant qu'il lui avait fait consommer un m\u00e9dicament \u00e0 base d'opium, puis l'avait forc\u00e9e \u00e0 un rapport sexuel sans son consentement, alors qu'ils regardaient un film sur son lit.\n<\/p>\n<p>\n            Le parquet a not\u00e9 ses d\u00e9clarations \"constantes\" malgr\u00e9 \"les diff\u00e9rentes pressions subies\" par l'interm\u00e9diaire des r\u00e9seaux sociaux de Juan Branco.\n<\/p>\n<p>\n            Juan Branco, qui a ni\u00e9 tout viol, d\u00e9nonce un r\u00e9quisitoire qui aurait \u00e9t\u00e9 sign\u00e9 \"apr\u00e8s cinq ans de fr\u00e9n\u00e9tiques recherches d'autres plaignantes demeur\u00e9es vaines, afin de sauver un dossier vide\", dans un communiqu\u00e9 transmis par son avocat, Luc Brossollet.\n<\/p>\n<p>\n            Connu pour son pamphlet anti-Emmanuel Macron \"Cr\u00e9puscule\" en 2018, il met \u00e9galement en cause nomm\u00e9ment le procureur qui a demand\u00e9 son renvoi. Il accuse aussi le parquet d'avoir pratiqu\u00e9 de la \"r\u00e9tention\" en tardant \u00e0 rendre ses r\u00e9quisitions, \"\u00e0 neuf mois de la pr\u00e9sidentielle\".\n<\/p>\n<p>\n            Le comportement de Juan Branco pendant l'instruction lui a valu, en octobre 2025, une suspension de neuf mois du barreau, notamment pour avoir publi\u00e9 sur internet des proc\u00e8s-verbaux d'auditions de plusieurs femmes ou d'extraits de la proc\u00e9dure.\n<\/p>\n<p>\n            Il peut aujourd'hui \u00e0 nouveau exercer, mais attend une d\u00e9cision disciplinaire dans une autre proc\u00e9dure contre lui.<\/p>\n","protected":false},"excerpt":{"rendered":"<p>Le parquet de Paris a requis le renvoi en proc\u00e8s pour un viol en France de l'avocat et militant franco-espagnol Juan Branco, connu pour sa d\u00e9fense d'opposants en Afrique. Dans son r\u00e9quisitoire, le parquet demande que l'avocat de 37 ans soit jug\u00e9 pour ce viol commis sur une femme \u00e2g\u00e9e de 20 ans en 2021. [&hellip;]<\/p>\n","protected":false},"author":60,"featured_media":0,"comment_status":"open","ping_status":"closed","sticky":false,"template":"","format":"standard","meta":{"_acf_changed":false,"footnotes":""},"categories":[2576],"tags":[],"ji_location":[],"class_list":["post-164381","post","type-post","status-publish","format-standard","hentry","category-fil-d-actualite"],"acf":[],"yoast_head":"<!-- This site is optimized with the Yoast SEO Premium plugin v25.3.1 (Yoast SEO v25.3.1) - https:\/\/yoast.com\/wordpress\/plugins\/seo\/ -->\n<title>France: le parquet veut que l&#039;avocat franco-espagnol Juan Branco soit jug\u00e9 pour viol - JusticeInfo.net<\/title>\n<meta name=\"robots\" content=\"index, follow, max-snippet:-1, max-image-preview:large, max-video-preview:-1\" \/>\n<link rel=\"canonical\" href=\"https:\/\/www.justiceinfo.net\/fr\/164381-france-le-parquet-veut-que-lavocat-franco-espagnol-juan-branco-soit-juge-pour-viol.html\" \/>\n<meta property=\"og:locale\" content=\"fr_FR\" \/>\n<meta property=\"og:type\" content=\"article\" \/>\n<meta property=\"og:title\" content=\"France: le parquet veut que l&#039;avocat franco-espagnol Juan Branco soit jug\u00e9 pour viol\" \/>\n<meta property=\"og:description\" content=\"Le parquet de Paris a requis le renvoi en proc\u00e8s pour un viol en France de l&#039;avocat et militant franco-espagnol Juan Branco, connu pour sa d\u00e9fense d&#039;opposants en Afrique. Dans son r\u00e9quisitoire, le parquet demande que l&#039;avocat de 37 ans soit jug\u00e9 pour ce viol commis sur une femme \u00e2g\u00e9e de 20 ans en 2021. [&hellip;]\" \/>\n<meta property=\"og:url\" content=\"https:\/\/www.justiceinfo.net\/fr\/164381-france-le-parquet-veut-que-lavocat-franco-espagnol-juan-branco-soit-juge-pour-viol.html\" \/>\n<meta property=\"og:site_name\" content=\"JusticeInfo.net\" \/>\n<meta property=\"article:publisher\" content=\"https:\/\/www.facebook.com\/JusticeInfo\/\" \/>\n<meta property=\"article:published_time\" content=\"2026-09-01T14:58:02+00:00\" \/>\n<meta property=\"og:image\" content=\"https:\/\/www.justiceinfo.net\/wp-content\/uploads\/JusticeInfoNet_logo_1200x630px.jpg\" \/>\n\t<meta property=\"og:image:width\" content=\"1200\" \/>\n\t<meta property=\"og:image:height\" content=\"630\" \/>\n\t<meta property=\"og:image:type\" content=\"image\/jpeg\" \/>\n<meta name=\"author\" content=\"afp\" \/>\n<meta name=\"twitter:card\" content=\"summary_large_image\" \/>\n<meta name=\"twitter:creator\" content=\"@justiceinfonet\" \/>\n<meta name=\"twitter:site\" content=\"@justiceinfonet\" \/>\n<meta name=\"twitter:label1\" content=\"\u00c9crit par\" \/>\n\t<meta name=\"twitter:data1\" content=\"afp\" \/>\n\t<meta name=\"twitter:label2\" content=\"Dur\u00e9e de lecture estim\u00e9e\" \/>\n\t<meta name=\"twitter:data2\" content=\"2 minutes\" \/>\n<script type=\"application\/ld+json\" class=\"yoast-schema-graph\">{\"@context\":\"https:\/\/schema.org\",\"@graph\":[{\"@type\":\"NewsArticle\",\"@id\":\"https:\/\/www.justiceinfo.net\/fr\/164381-france-le-parquet-veut-que-lavocat-franco-espagnol-juan-branco-soit-juge-pour-viol.html#article\",\"isPartOf\":{\"@id\":\"https:\/\/www.justiceinfo.net\/fr\/164381-france-le-parquet-veut-que-lavocat-franco-espagnol-juan-branco-soit-juge-pour-viol.html\"},\"author\":{\"name\":\"afp\",\"@id\":\"https:\/\/www.justiceinfo.net\/fr#\/schema\/person\/713d340ef5f218fc36ce9b4244364a7f\"},\"headline\":\"France: le parquet veut que l'avocat franco-espagnol Juan Branco soit jug\u00e9 pour viol\",\"datePublished\":\"2026-09-01T14:58:02+00:00\",\"mainEntityOfPage\":{\"@id\":\"https:\/\/www.justiceinfo.net\/fr\/164381-france-le-parquet-veut-que-lavocat-franco-espagnol-juan-branco-soit-juge-pour-viol.html\"},\"wordCount\":517,\"commentCount\":0,\"publisher\":{\"@id\":\"https:\/\/www.justiceinfo.net\/fr#organization\"},\"articleSection\":[\"Fil d'info AFP\"],\"inLanguage\":\"fr-FR\",\"potentialAction\":[{\"@type\":\"CommentAction\",\"name\":\"Comment\",\"target\":[\"https:\/\/www.justiceinfo.net\/fr\/164381-france-le-parquet-veut-que-lavocat-franco-espagnol-juan-branco-soit-juge-pour-viol.html#respond\"]}]},{\"@type\":\"WebPage\",\"@id\":\"https:\/\/www.justiceinfo.net\/fr\/164381-france-le-parquet-veut-que-lavocat-franco-espagnol-juan-branco-soit-juge-pour-viol.html\",\"url\":\"https:\/\/www.justiceinfo.net\/fr\/164381-france-le-parquet-veut-que-lavocat-franco-espagnol-juan-branco-soit-juge-pour-viol.html\",\"name\":\"France: le parquet veut que l'avocat franco-espagnol Juan Branco soit jug\u00e9 pour viol - JusticeInfo.net\",\"isPartOf\":{\"@id\":\"https:\/\/www.justiceinfo.net\/fr#website\"},\"datePublished\":\"2026-09-01T14:58:02+00:00\",\"breadcrumb\":{\"@id\":\"https:\/\/www.justiceinfo.net\/fr\/164381-france-le-parquet-veut-que-lavocat-franco-espagnol-juan-branco-soit-juge-pour-viol.html#breadcrumb\"},\"inLanguage\":\"fr-FR\",\"potentialAction\":[{\"@type\":\"ReadAction\",\"target\":[\"https:\/\/www.justiceinfo.net\/fr\/164381-france-le-parquet-veut-que-lavocat-franco-espagnol-juan-branco-soit-juge-pour-viol.html\"]}]},{\"@type\":\"BreadcrumbList\",\"@id\":\"https:\/\/www.justiceinfo.net\/fr\/164381-france-le-parquet-veut-que-lavocat-franco-espagnol-juan-branco-soit-juge-pour-viol.html#breadcrumb\",\"itemListElement\":[{\"@type\":\"ListItem\",\"position\":1,\"name\":\"Home\",\"item\":\"https:\/\/www.justiceinfo.net\/fr\"},{\"@type\":\"ListItem\",\"position\":2,\"name\":\"France: le parquet veut que l'avocat franco-espagnol Juan Branco soit jug\u00e9 pour viol\"}]},{\"@type\":\"WebSite\",\"@id\":\"https:\/\/www.justiceinfo.net\/fr#website\",\"url\":\"https:\/\/www.justiceinfo.net\/fr\",\"name\":\"JusticeInfo.net\",\"description\":\"La justice doit \u00eatre vue pour \u00eatre rendue\",\"publisher\":{\"@id\":\"https:\/\/www.justiceinfo.net\/fr#organization\"},\"potentialAction\":[{\"@type\":\"SearchAction\",\"target\":{\"@type\":\"EntryPoint\",\"urlTemplate\":\"https:\/\/www.justiceinfo.net\/fr?s={search_term_string}\"},\"query-input\":{\"@type\":\"PropertyValueSpecification\",\"valueRequired\":true,\"valueName\":\"search_term_string\"}}],\"inLanguage\":\"fr-FR\"},{\"@type\":\"Organization\",\"@id\":\"https:\/\/www.justiceinfo.net\/fr#organization\",\"name\":\"Justice Info\",\"url\":\"https:\/\/www.justiceinfo.net\/fr\",\"logo\":{\"@type\":\"ImageObject\",\"inLanguage\":\"fr-FR\",\"@id\":\"https:\/\/www.justiceinfo.net\/fr#\/schema\/logo\/image\/\",\"url\":\"https:\/\/www.justiceinfo.net\/wp-content\/uploads\/justiceinfo_logo-trans_1200x1200px.png\",\"contentUrl\":\"https:\/\/www.justiceinfo.net\/wp-content\/uploads\/justiceinfo_logo-trans_1200x1200px.png\",\"width\":1199,\"height\":1200,\"caption\":\"Justice Info\"},\"image\":{\"@id\":\"https:\/\/www.justiceinfo.net\/fr#\/schema\/logo\/image\/\"},\"sameAs\":[\"https:\/\/www.facebook.com\/JusticeInfo\/\",\"https:\/\/x.com\/justiceinfonet\",\"https:\/\/www.linkedin.com\/company\/justice-info\",\"https:\/\/www.youtube.com\/channel\/UCyCEsARodyuWtkWyhn-e7pA\"]},{\"@type\":\"Person\",\"name\":\"afp\",\"url\":\"\/fr\/?s=afp\"}]}<\/script>\n<!-- \/ Yoast SEO Premium plugin. -->","yoast_head_json":{"title":"France: le parquet veut que l'avocat franco-espagnol Juan Branco soit jug\u00e9 pour viol - JusticeInfo.net","robots":{"index":"index","follow":"follow","max-snippet":"max-snippet:-1","max-image-preview":"max-image-preview:large","max-video-preview":"max-video-preview:-1"},"canonical":"https:\/\/www.justiceinfo.net\/fr\/164381-france-le-parquet-veut-que-lavocat-franco-espagnol-juan-branco-soit-juge-pour-viol.html","og_locale":"fr_FR","og_type":"article","og_title":"France: le parquet veut que l'avocat franco-espagnol Juan Branco soit jug\u00e9 pour viol","og_description":"Le parquet de Paris a requis le renvoi en proc\u00e8s pour un viol en France de l'avocat et militant franco-espagnol Juan Branco, connu pour sa d\u00e9fense d'opposants en Afrique. Dans son r\u00e9quisitoire, le parquet demande que l'avocat de 37 ans soit jug\u00e9 pour ce viol commis sur une femme \u00e2g\u00e9e de 20 ans en 2021. [&hellip;]","og_url":"https:\/\/www.justiceinfo.net\/fr\/164381-france-le-parquet-veut-que-lavocat-franco-espagnol-juan-branco-soit-juge-pour-viol.html","og_site_name":"JusticeInfo.net","article_publisher":"https:\/\/www.facebook.com\/JusticeInfo\/","article_published_time":"2026-09-01T14:58:02+00:00","og_image":[{"width":1200,"height":630,"url":"https:\/\/www.justiceinfo.net\/wp-content\/uploads\/JusticeInfoNet_logo_1200x630px.jpg","type":"image\/jpeg"}],"author":"afp","twitter_card":"summary_large_image","twitter_creator":"@justiceinfonet","twitter_site":"@justiceinfonet","twitter_misc":{"\u00c9crit par":"afp","Dur\u00e9e de lecture estim\u00e9e":"2 minutes"},"schema":{"@context":"https:\/\/schema.org","@graph":[{"@type":"NewsArticle","@id":"https:\/\/www.justiceinfo.net\/fr\/164381-france-le-parquet-veut-que-lavocat-franco-espagnol-juan-branco-soit-juge-pour-viol.html#article","isPartOf":{"@id":"https:\/\/www.justiceinfo.net\/fr\/164381-france-le-parquet-veut-que-lavocat-franco-espagnol-juan-branco-soit-juge-pour-viol.html"},"author":{"name":"afp","@id":"https:\/\/www.justiceinfo.net\/fr#\/schema\/person\/713d340ef5f218fc36ce9b4244364a7f"},"headline":"France: le parquet veut que l'avocat franco-espagnol Juan Branco soit jug\u00e9 pour viol","datePublished":"2026-09-01T14:58:02+00:00","mainEntityOfPage":{"@id":"https:\/\/www.justiceinfo.net\/fr\/164381-france-le-parquet-veut-que-lavocat-franco-espagnol-juan-branco-soit-juge-pour-viol.html"},"wordCount":517,"commentCount":0,"publisher":{"@id":"https:\/\/www.justiceinfo.net\/fr#organization"},"articleSection":["Fil d'info AFP"],"inLanguage":"fr-FR","potentialAction":[{"@type":"CommentAction","name":"Comment","target":["https:\/\/www.justiceinfo.net\/fr\/164381-france-le-parquet-veut-que-lavocat-franco-espagnol-juan-branco-soit-juge-pour-viol.html#respond"]}]},{"@type":"WebPage","@id":"https:\/\/www.justiceinfo.net\/fr\/164381-france-le-parquet-veut-que-lavocat-franco-espagnol-juan-branco-soit-juge-pour-viol.html","url":"https:\/\/www.justiceinfo.net\/fr\/164381-france-le-parquet-veut-que-lavocat-franco-espagnol-juan-branco-soit-juge-pour-viol.html","name":"France: le parquet veut que l'avocat franco-espagnol Juan Branco soit jug\u00e9 pour viol - JusticeInfo.net","isPartOf":{"@id":"https:\/\/www.justiceinfo.net\/fr#website"},"datePublished":"2026-09-01T14:58:02+00:00","breadcrumb":{"@id":"https:\/\/www.justiceinfo.net\/fr\/164381-france-le-parquet-veut-que-lavocat-franco-espagnol-juan-branco-soit-juge-pour-viol.html#breadcrumb"},"inLanguage":"fr-FR","potentialAction":[{"@type":"ReadAction","target":["https:\/\/www.justiceinfo.net\/fr\/164381-france-le-parquet-veut-que-lavocat-franco-espagnol-juan-branco-soit-juge-pour-viol.html"]}]},{"@type":"BreadcrumbList","@id":"https:\/\/www.justiceinfo.net\/fr\/164381-france-le-parquet-veut-que-lavocat-franco-espagnol-juan-branco-soit-juge-pour-viol.html#breadcrumb","itemListElement":[{"@type":"ListItem","position":1,"name":"Home","item":"https:\/\/www.justiceinfo.net\/fr"},{"@type":"ListItem","position":2,"name":"France: le parquet veut que l'avocat franco-espagnol Juan Branco soit jug\u00e9 pour viol"}]},{"@type":"WebSite","@id":"https:\/\/www.justiceinfo.net\/fr#website","url":"https:\/\/www.justiceinfo.net\/fr","name":"JusticeInfo.net","description":"La justice doit \u00eatre vue pour \u00eatre rendue","publisher":{"@id":"https:\/\/www.justiceinfo.net\/fr#organization"},"potentialAction":[{"@type":"SearchAction","target":{"@type":"EntryPoint","urlTemplate":"https:\/\/www.justiceinfo.net\/fr?s={search_term_string}"},"query-input":{"@type":"PropertyValueSpecification","valueRequired":true,"valueName":"search_term_string"}}],"inLanguage":"fr-FR"},{"@type":"Organization","@id":"https:\/\/www.justiceinfo.net\/fr#organization","name":"Justice Info","url":"https:\/\/www.justiceinfo.net\/fr","logo":{"@type":"ImageObject","inLanguage":"fr-FR","@id":"https:\/\/www.justiceinfo.net\/fr#\/schema\/logo\/image\/","url":"https:\/\/www.justiceinfo.net\/wp-content\/uploads\/justiceinfo_logo-trans_1200x1200px.png","contentUrl":"https:\/\/www.justiceinfo.net\/wp-content\/uploads\/justiceinfo_logo-trans_1200x1200px.png","width":1199,"height":1200,"caption":"Justice Info"},"image":{"@id":"https:\/\/www.justiceinfo.net\/fr#\/schema\/logo\/image\/"},"sameAs":["https:\/\/www.facebook.com\/JusticeInfo\/","https:\/\/x.com\/justiceinfonet","https:\/\/www.linkedin.com\/company\/justice-info","https:\/\/www.youtube.com\/channel\/UCyCEsARodyuWtkWyhn-e7pA"]},{"@type":"Person","name":"afp","url":"\/fr\/?s=afp"}]}},"_links":{"self":[{"href":"https:\/\/www.justiceinfo.net\/fr\/wp-json\/wp\/v2\/posts\/164381","targetHints":{"allow":["GET"]}}],"collection":[{"href":"https:\/\/www.justiceinfo.net\/fr\/wp-json\/wp\/v2\/posts"}],"about":[{"href":"https:\/\/www.justiceinfo.net\/fr\/wp-json\/wp\/v2\/types\/post"}],"author":[{"embeddable":true,"href":"https:\/\/www.justiceinfo.net\/fr\/wp-json\/wp\/v2\/users\/60"}],"replies":[{"embeddable":true,"href":"https:\/\/www.justiceinfo.net\/fr\/wp-json\/wp\/v2\/comments?post=164381"}],"version-history":[{"count":0,"href":"https:\/\/www.justiceinfo.net\/fr\/wp-json\/wp\/v2\/posts\/164381\/revisions"}],"wp:attachment":[{"href":"https:\/\/www.justiceinfo.net\/fr\/wp-json\/wp\/v2\/media?parent=164381"}],"wp:term":[{"taxonomy":"category","embeddable":true,"href":"https:\/\/www.justiceinfo.net\/fr\/wp-json\/wp\/v2\/categories?post=164381"},{"taxonomy":"post_tag","embeddable":true,"href":"https:\/\/www.justiceinfo.net\/fr\/wp-json\/wp\/v2\/tags?post=164381"},{"taxonomy":"ji_location","embeddable":true,"href":"https:\/\/www.justiceinfo.net\/fr\/wp-json\/wp\/v2\/ji_location?post=164381"}],"curies":[{"name":"wp","href":"https:\/\/api.w.org\/{rel}","templated":true}]}}