{"id":164388,"date":"2026-09-01T18:33:02","date_gmt":"2026-09-01T16:33:02","guid":{"rendered":"https:\/\/www.justiceinfo.net\/164388-bosnie-un-hommage-rendu-a-mladic-par-plusieurs-milliers-de-personnes-a-banja-luka.html"},"modified":"2026-09-01T18:33:02","modified_gmt":"2026-09-01T16:33:02","slug":"bosnie-un-hommage-rendu-a-mladic-par-plusieurs-milliers-de-personnes-a-banja-luka","status":"publish","type":"post","link":"https:\/\/www.justiceinfo.net\/fr\/164388-bosnie-un-hommage-rendu-a-mladic-par-plusieurs-milliers-de-personnes-a-banja-luka.html","title":{"rendered":"Bosnie : un hommage rendu \u00e0 Mladic par plusieurs milliers de personnes \u00e0 Banja Luka"},"content":{"rendered":"<p>\n             Plusieurs milliers de personnes ont rendu hommage mardi soir \u00e0 Banja Luka, capitale de l'entit\u00e9 serbe de Bosnie, \u00e0 l'ex-chef militaire serbe bosnien Ratko Mladic, mort fin ao\u00fbt alors qu'il purgeait une peine de prison \u00e0 vie, notamment pour g\u00e9nocide, a rapport\u00e9 la t\u00e9l\u00e9vision publique.\n<\/p>\n<p>\n            Ratko Mladic est d\u00e9c\u00e9d\u00e9 jeudi, \u00e0 l'\u00e2ge de 84 ans, \u00e0 la Haye (Pays-Bas), o\u00f9 il purgeait sa peine dans un centre p\u00e9nitencier de l'ONU.\n<\/p>\n<p>\n            Il avait \u00e9t\u00e9 condamn\u00e9 en 2017 \u00e0 la perp\u00e9tuit\u00e9 par le Tribunal p\u00e9nal international pour l'ex-Yougoslavie (TPIY), pour g\u00e9nocide, crimes de guerre et crimes contre l'humanit\u00e9 pendant la guerre de Bosnie, un verdict confirm\u00e9 en appel en 2021. Ce conflit a fait pr\u00e8s de 100.000 morts de 1992 \u00e0 1995.\n<\/p>\n<p>\n            Des personnes qui ont r\u00e9pondu \u00e0 l'appel de l'association d'anciens combattants serbes de Banja Luka (nord) se sont d'abord rassembl\u00e9es sur la place principale du centre-ville, a rapport\u00e9 la cha\u00eene publique de l'entit\u00e9 serbe de Bosnie (RTRS).\n<\/p>\n<p>\n            Elles ont ensuite d\u00e9fil\u00e9 sur le principal boulevard, derri\u00e8re une banderole sur laquelle \u00e9tait \u00e9crit \"Commandant, merci pour tout !\" et un drapeau long de plusieurs dizaines de m\u00e8tres d'une ancienne unit\u00e9 d'\u00e9lite au sein de l'\u00e9tat-major de l'arm\u00e9e serbe de Bosnie \u00e0 l'\u00e9poque du conflit.\n<\/p>\n<p>\n            Certains ont allum\u00e9 des torches fumig\u00e8nes et ont agit\u00e9 les drapeaux de l'entit\u00e9 serbe, selon les images diffus\u00e9es.\n<\/p>\n<p>\n            Arriv\u00e9s au pied d'un monument d\u00e9di\u00e9 aux militaires serbes morts pendant la guerre, dans le centre de Banja Luka, les participants \u00e0 cet hommage ont allum\u00e9 les bougies et ont patient\u00e9 dans une longue queue pour \u00e9crire un message dans un livre de condol\u00e9ances pos\u00e9 devant une photo encadr\u00e9e de Ratko Mladic en uniforme et une gerbe de fleurs.\n<\/p>\n<p>\n            Officier de l'arm\u00e9e yougoslave avant l'\u00e9clatement de la f\u00e9d\u00e9ration au d\u00e9but des ann\u00e9es 1990, le g\u00e9n\u00e9ral Ratko Mladic a \u00e9t\u00e9 pendant la guerre de Bosnie le chef de l'\u00e9tat-major des forces serbes.\n<\/p>\n<p>\n            Il a \u00e9t\u00e9 reconnu coupable par le TPIY notamment pour le massacre de Srebrenica (est) dans lequel ses forces ont tu\u00e9 en juillet 1995 environ 8.000 hommes et adolescents bosniaques, crime qualifi\u00e9 de g\u00e9nocide par la justice internationale.\n<\/p>\n<p>\n            Des hommages similaires ont \u00e9t\u00e9 organis\u00e9s ces derniers jours dans plusieurs localit\u00e9s de l'entit\u00e9 serbe de Bosnie, et les tensions sont mont\u00e9es d'un cran dans ce pays des Balkans o\u00f9 la lecture de la guerre diverge selon l'appartenance aux communaut\u00e9s serbe, bosniaque et croate.\n<\/p>\n<p>\n            Des associations de victimes bosniaques ont d\u00e9nonc\u00e9 la \"glorification d'un criminel de guerre\".\n<\/p>\n<p>\n            Le lieu et la date des fun\u00e9railles de Ratko Mladic n'ont pas encore \u00e9t\u00e9 annonc\u00e9s. Selon certains m\u00e9dias, il devrait \u00eatre enterr\u00e9 \u00e0 Belgrade.<\/p>\n","protected":false},"excerpt":{"rendered":"<p>Plusieurs milliers de personnes ont rendu hommage mardi soir \u00e0 Banja Luka, capitale de l'entit\u00e9 serbe de Bosnie, \u00e0 l'ex-chef militaire serbe bosnien Ratko Mladic, mort fin ao\u00fbt alors qu'il purgeait une peine de prison \u00e0 vie, notamment pour g\u00e9nocide, a rapport\u00e9 la t\u00e9l\u00e9vision publique. Ratko Mladic est d\u00e9c\u00e9d\u00e9 jeudi, \u00e0 l'\u00e2ge de 84 ans, [&hellip;]<\/p>\n","protected":false},"author":60,"featured_media":0,"comment_status":"open","ping_status":"closed","sticky":false,"template":"","format":"standard","meta":{"_acf_changed":false,"footnotes":""},"categories":[2576],"tags":[],"ji_location":[],"class_list":["post-164388","post","type-post","status-publish","format-standard","hentry","category-fil-d-actualite"],"acf":[],"yoast_head":"<!-- This site is optimized with the Yoast SEO Premium plugin v25.3.1 (Yoast SEO v25.3.1) - https:\/\/yoast.com\/wordpress\/plugins\/seo\/ -->\n<title>Bosnie : un hommage rendu \u00e0 Mladic par plusieurs milliers de personnes \u00e0 Banja Luka - JusticeInfo.net<\/title>\n<meta name=\"robots\" content=\"index, follow, max-snippet:-1, max-image-preview:large, max-video-preview:-1\" \/>\n<link rel=\"canonical\" href=\"https:\/\/www.justiceinfo.net\/fr\/164388-bosnie-un-hommage-rendu-a-mladic-par-plusieurs-milliers-de-personnes-a-banja-luka.html\" \/>\n<meta property=\"og:locale\" content=\"fr_FR\" \/>\n<meta property=\"og:type\" content=\"article\" \/>\n<meta property=\"og:title\" content=\"Bosnie : un hommage rendu \u00e0 Mladic par plusieurs milliers de personnes \u00e0 Banja Luka\" \/>\n<meta property=\"og:description\" content=\"Plusieurs milliers de personnes ont rendu hommage mardi soir \u00e0 Banja Luka, capitale de l&#039;entit\u00e9 serbe de Bosnie, \u00e0 l&#039;ex-chef militaire serbe bosnien Ratko Mladic, mort fin ao\u00fbt alors qu&#039;il purgeait une peine de prison \u00e0 vie, notamment pour g\u00e9nocide, a rapport\u00e9 la t\u00e9l\u00e9vision publique. Ratko Mladic est d\u00e9c\u00e9d\u00e9 jeudi, \u00e0 l&#039;\u00e2ge de 84 ans, [&hellip;]\" \/>\n<meta property=\"og:url\" content=\"https:\/\/www.justiceinfo.net\/fr\/164388-bosnie-un-hommage-rendu-a-mladic-par-plusieurs-milliers-de-personnes-a-banja-luka.html\" \/>\n<meta property=\"og:site_name\" content=\"JusticeInfo.net\" \/>\n<meta property=\"article:publisher\" content=\"https:\/\/www.facebook.com\/JusticeInfo\/\" \/>\n<meta property=\"article:published_time\" content=\"2026-09-01T16:33:02+00:00\" \/>\n<meta property=\"og:image\" content=\"https:\/\/www.justiceinfo.net\/wp-content\/uploads\/JusticeInfoNet_logo_1200x630px.jpg\" \/>\n\t<meta property=\"og:image:width\" content=\"1200\" \/>\n\t<meta property=\"og:image:height\" content=\"630\" \/>\n\t<meta property=\"og:image:type\" content=\"image\/jpeg\" \/>\n<meta name=\"author\" content=\"afp\" \/>\n<meta name=\"twitter:card\" content=\"summary_large_image\" \/>\n<meta name=\"twitter:creator\" content=\"@justiceinfonet\" \/>\n<meta name=\"twitter:site\" content=\"@justiceinfonet\" \/>\n<meta name=\"twitter:label1\" content=\"\u00c9crit par\" \/>\n\t<meta name=\"twitter:data1\" content=\"afp\" \/>\n\t<meta name=\"twitter:label2\" content=\"Dur\u00e9e de lecture estim\u00e9e\" \/>\n\t<meta name=\"twitter:data2\" content=\"2 minutes\" \/>\n<script type=\"application\/ld+json\" class=\"yoast-schema-graph\">{\"@context\":\"https:\/\/schema.org\",\"@graph\":[{\"@type\":\"NewsArticle\",\"@id\":\"https:\/\/www.justiceinfo.net\/fr\/164388-bosnie-un-hommage-rendu-a-mladic-par-plusieurs-milliers-de-personnes-a-banja-luka.html#article\",\"isPartOf\":{\"@id\":\"https:\/\/www.justiceinfo.net\/fr\/164388-bosnie-un-hommage-rendu-a-mladic-par-plusieurs-milliers-de-personnes-a-banja-luka.html\"},\"author\":{\"name\":\"afp\",\"@id\":\"https:\/\/www.justiceinfo.net\/fr#\/schema\/person\/713d340ef5f218fc36ce9b4244364a7f\"},\"headline\":\"Bosnie : un hommage rendu \u00e0 Mladic par plusieurs milliers de personnes \u00e0 Banja Luka\",\"datePublished\":\"2026-09-01T16:33:02+00:00\",\"mainEntityOfPage\":{\"@id\":\"https:\/\/www.justiceinfo.net\/fr\/164388-bosnie-un-hommage-rendu-a-mladic-par-plusieurs-milliers-de-personnes-a-banja-luka.html\"},\"wordCount\":489,\"commentCount\":0,\"publisher\":{\"@id\":\"https:\/\/www.justiceinfo.net\/fr#organization\"},\"articleSection\":[\"Fil d'info AFP\"],\"inLanguage\":\"fr-FR\",\"potentialAction\":[{\"@type\":\"CommentAction\",\"name\":\"Comment\",\"target\":[\"https:\/\/www.justiceinfo.net\/fr\/164388-bosnie-un-hommage-rendu-a-mladic-par-plusieurs-milliers-de-personnes-a-banja-luka.html#respond\"]}]},{\"@type\":\"WebPage\",\"@id\":\"https:\/\/www.justiceinfo.net\/fr\/164388-bosnie-un-hommage-rendu-a-mladic-par-plusieurs-milliers-de-personnes-a-banja-luka.html\",\"url\":\"https:\/\/www.justiceinfo.net\/fr\/164388-bosnie-un-hommage-rendu-a-mladic-par-plusieurs-milliers-de-personnes-a-banja-luka.html\",\"name\":\"Bosnie : un hommage rendu \u00e0 Mladic par plusieurs milliers de personnes \u00e0 Banja Luka - JusticeInfo.net\",\"isPartOf\":{\"@id\":\"https:\/\/www.justiceinfo.net\/fr#website\"},\"datePublished\":\"2026-09-01T16:33:02+00:00\",\"breadcrumb\":{\"@id\":\"https:\/\/www.justiceinfo.net\/fr\/164388-bosnie-un-hommage-rendu-a-mladic-par-plusieurs-milliers-de-personnes-a-banja-luka.html#breadcrumb\"},\"inLanguage\":\"fr-FR\",\"potentialAction\":[{\"@type\":\"ReadAction\",\"target\":[\"https:\/\/www.justiceinfo.net\/fr\/164388-bosnie-un-hommage-rendu-a-mladic-par-plusieurs-milliers-de-personnes-a-banja-luka.html\"]}]},{\"@type\":\"BreadcrumbList\",\"@id\":\"https:\/\/www.justiceinfo.net\/fr\/164388-bosnie-un-hommage-rendu-a-mladic-par-plusieurs-milliers-de-personnes-a-banja-luka.html#breadcrumb\",\"itemListElement\":[{\"@type\":\"ListItem\",\"position\":1,\"name\":\"Home\",\"item\":\"https:\/\/www.justiceinfo.net\/fr\"},{\"@type\":\"ListItem\",\"position\":2,\"name\":\"Bosnie : un hommage rendu \u00e0 Mladic par plusieurs milliers de personnes \u00e0 Banja Luka\"}]},{\"@type\":\"WebSite\",\"@id\":\"https:\/\/www.justiceinfo.net\/fr#website\",\"url\":\"https:\/\/www.justiceinfo.net\/fr\",\"name\":\"JusticeInfo.net\",\"description\":\"La justice doit \u00eatre vue pour \u00eatre rendue\",\"publisher\":{\"@id\":\"https:\/\/www.justiceinfo.net\/fr#organization\"},\"potentialAction\":[{\"@type\":\"SearchAction\",\"target\":{\"@type\":\"EntryPoint\",\"urlTemplate\":\"https:\/\/www.justiceinfo.net\/fr?s={search_term_string}\"},\"query-input\":{\"@type\":\"PropertyValueSpecification\",\"valueRequired\":true,\"valueName\":\"search_term_string\"}}],\"inLanguage\":\"fr-FR\"},{\"@type\":\"Organization\",\"@id\":\"https:\/\/www.justiceinfo.net\/fr#organization\",\"name\":\"Justice Info\",\"url\":\"https:\/\/www.justiceinfo.net\/fr\",\"logo\":{\"@type\":\"ImageObject\",\"inLanguage\":\"fr-FR\",\"@id\":\"https:\/\/www.justiceinfo.net\/fr#\/schema\/logo\/image\/\",\"url\":\"https:\/\/www.justiceinfo.net\/wp-content\/uploads\/justiceinfo_logo-trans_1200x1200px.png\",\"contentUrl\":\"https:\/\/www.justiceinfo.net\/wp-content\/uploads\/justiceinfo_logo-trans_1200x1200px.png\",\"width\":1199,\"height\":1200,\"caption\":\"Justice Info\"},\"image\":{\"@id\":\"https:\/\/www.justiceinfo.net\/fr#\/schema\/logo\/image\/\"},\"sameAs\":[\"https:\/\/www.facebook.com\/JusticeInfo\/\",\"https:\/\/x.com\/justiceinfonet\",\"https:\/\/www.linkedin.com\/company\/justice-info\",\"https:\/\/www.youtube.com\/channel\/UCyCEsARodyuWtkWyhn-e7pA\"]},{\"@type\":\"Person\",\"name\":\"afp\",\"url\":\"\/fr\/?s=afp\"}]}<\/script>\n<!-- \/ Yoast SEO Premium plugin. -->","yoast_head_json":{"title":"Bosnie : un hommage rendu \u00e0 Mladic par plusieurs milliers de personnes \u00e0 Banja Luka - JusticeInfo.net","robots":{"index":"index","follow":"follow","max-snippet":"max-snippet:-1","max-image-preview":"max-image-preview:large","max-video-preview":"max-video-preview:-1"},"canonical":"https:\/\/www.justiceinfo.net\/fr\/164388-bosnie-un-hommage-rendu-a-mladic-par-plusieurs-milliers-de-personnes-a-banja-luka.html","og_locale":"fr_FR","og_type":"article","og_title":"Bosnie : un hommage rendu \u00e0 Mladic par plusieurs milliers de personnes \u00e0 Banja Luka","og_description":"Plusieurs milliers de personnes ont rendu hommage mardi soir \u00e0 Banja Luka, capitale de l'entit\u00e9 serbe de Bosnie, \u00e0 l'ex-chef militaire serbe bosnien Ratko Mladic, mort fin ao\u00fbt alors qu'il purgeait une peine de prison \u00e0 vie, notamment pour g\u00e9nocide, a rapport\u00e9 la t\u00e9l\u00e9vision publique. Ratko Mladic est d\u00e9c\u00e9d\u00e9 jeudi, \u00e0 l'\u00e2ge de 84 ans, [&hellip;]","og_url":"https:\/\/www.justiceinfo.net\/fr\/164388-bosnie-un-hommage-rendu-a-mladic-par-plusieurs-milliers-de-personnes-a-banja-luka.html","og_site_name":"JusticeInfo.net","article_publisher":"https:\/\/www.facebook.com\/JusticeInfo\/","article_published_time":"2026-09-01T16:33:02+00:00","og_image":[{"width":1200,"height":630,"url":"https:\/\/www.justiceinfo.net\/wp-content\/uploads\/JusticeInfoNet_logo_1200x630px.jpg","type":"image\/jpeg"}],"author":"afp","twitter_card":"summary_large_image","twitter_creator":"@justiceinfonet","twitter_site":"@justiceinfonet","twitter_misc":{"\u00c9crit par":"afp","Dur\u00e9e de lecture estim\u00e9e":"2 minutes"},"schema":{"@context":"https:\/\/schema.org","@graph":[{"@type":"NewsArticle","@id":"https:\/\/www.justiceinfo.net\/fr\/164388-bosnie-un-hommage-rendu-a-mladic-par-plusieurs-milliers-de-personnes-a-banja-luka.html#article","isPartOf":{"@id":"https:\/\/www.justiceinfo.net\/fr\/164388-bosnie-un-hommage-rendu-a-mladic-par-plusieurs-milliers-de-personnes-a-banja-luka.html"},"author":{"name":"afp","@id":"https:\/\/www.justiceinfo.net\/fr#\/schema\/person\/713d340ef5f218fc36ce9b4244364a7f"},"headline":"Bosnie : un hommage rendu \u00e0 Mladic par plusieurs milliers de personnes \u00e0 Banja Luka","datePublished":"2026-09-01T16:33:02+00:00","mainEntityOfPage":{"@id":"https:\/\/www.justiceinfo.net\/fr\/164388-bosnie-un-hommage-rendu-a-mladic-par-plusieurs-milliers-de-personnes-a-banja-luka.html"},"wordCount":489,"commentCount":0,"publisher":{"@id":"https:\/\/www.justiceinfo.net\/fr#organization"},"articleSection":["Fil d'info AFP"],"inLanguage":"fr-FR","potentialAction":[{"@type":"CommentAction","name":"Comment","target":["https:\/\/www.justiceinfo.net\/fr\/164388-bosnie-un-hommage-rendu-a-mladic-par-plusieurs-milliers-de-personnes-a-banja-luka.html#respond"]}]},{"@type":"WebPage","@id":"https:\/\/www.justiceinfo.net\/fr\/164388-bosnie-un-hommage-rendu-a-mladic-par-plusieurs-milliers-de-personnes-a-banja-luka.html","url":"https:\/\/www.justiceinfo.net\/fr\/164388-bosnie-un-hommage-rendu-a-mladic-par-plusieurs-milliers-de-personnes-a-banja-luka.html","name":"Bosnie : un hommage rendu \u00e0 Mladic par plusieurs milliers de personnes \u00e0 Banja Luka - JusticeInfo.net","isPartOf":{"@id":"https:\/\/www.justiceinfo.net\/fr#website"},"datePublished":"2026-09-01T16:33:02+00:00","breadcrumb":{"@id":"https:\/\/www.justiceinfo.net\/fr\/164388-bosnie-un-hommage-rendu-a-mladic-par-plusieurs-milliers-de-personnes-a-banja-luka.html#breadcrumb"},"inLanguage":"fr-FR","potentialAction":[{"@type":"ReadAction","target":["https:\/\/www.justiceinfo.net\/fr\/164388-bosnie-un-hommage-rendu-a-mladic-par-plusieurs-milliers-de-personnes-a-banja-luka.html"]}]},{"@type":"BreadcrumbList","@id":"https:\/\/www.justiceinfo.net\/fr\/164388-bosnie-un-hommage-rendu-a-mladic-par-plusieurs-milliers-de-personnes-a-banja-luka.html#breadcrumb","itemListElement":[{"@type":"ListItem","position":1,"name":"Home","item":"https:\/\/www.justiceinfo.net\/fr"},{"@type":"ListItem","position":2,"name":"Bosnie : un hommage rendu \u00e0 Mladic par plusieurs milliers de personnes \u00e0 Banja Luka"}]},{"@type":"WebSite","@id":"https:\/\/www.justiceinfo.net\/fr#website","url":"https:\/\/www.justiceinfo.net\/fr","name":"JusticeInfo.net","description":"La justice doit \u00eatre vue pour \u00eatre rendue","publisher":{"@id":"https:\/\/www.justiceinfo.net\/fr#organization"},"potentialAction":[{"@type":"SearchAction","target":{"@type":"EntryPoint","urlTemplate":"https:\/\/www.justiceinfo.net\/fr?s={search_term_string}"},"query-input":{"@type":"PropertyValueSpecification","valueRequired":true,"valueName":"search_term_string"}}],"inLanguage":"fr-FR"},{"@type":"Organization","@id":"https:\/\/www.justiceinfo.net\/fr#organization","name":"Justice Info","url":"https:\/\/www.justiceinfo.net\/fr","logo":{"@type":"ImageObject","inLanguage":"fr-FR","@id":"https:\/\/www.justiceinfo.net\/fr#\/schema\/logo\/image\/","url":"https:\/\/www.justiceinfo.net\/wp-content\/uploads\/justiceinfo_logo-trans_1200x1200px.png","contentUrl":"https:\/\/www.justiceinfo.net\/wp-content\/uploads\/justiceinfo_logo-trans_1200x1200px.png","width":1199,"height":1200,"caption":"Justice Info"},"image":{"@id":"https:\/\/www.justiceinfo.net\/fr#\/schema\/logo\/image\/"},"sameAs":["https:\/\/www.facebook.com\/JusticeInfo\/","https:\/\/x.com\/justiceinfonet","https:\/\/www.linkedin.com\/company\/justice-info","https:\/\/www.youtube.com\/channel\/UCyCEsARodyuWtkWyhn-e7pA"]},{"@type":"Person","name":"afp","url":"\/fr\/?s=afp"}]}},"_links":{"self":[{"href":"https:\/\/www.justiceinfo.net\/fr\/wp-json\/wp\/v2\/posts\/164388","targetHints":{"allow":["GET"]}}],"collection":[{"href":"https:\/\/www.justiceinfo.net\/fr\/wp-json\/wp\/v2\/posts"}],"about":[{"href":"https:\/\/www.justiceinfo.net\/fr\/wp-json\/wp\/v2\/types\/post"}],"author":[{"embeddable":true,"href":"https:\/\/www.justiceinfo.net\/fr\/wp-json\/wp\/v2\/users\/60"}],"replies":[{"embeddable":true,"href":"https:\/\/www.justiceinfo.net\/fr\/wp-json\/wp\/v2\/comments?post=164388"}],"version-history":[{"count":0,"href":"https:\/\/www.justiceinfo.net\/fr\/wp-json\/wp\/v2\/posts\/164388\/revisions"}],"wp:attachment":[{"href":"https:\/\/www.justiceinfo.net\/fr\/wp-json\/wp\/v2\/media?parent=164388"}],"wp:term":[{"taxonomy":"category","embeddable":true,"href":"https:\/\/www.justiceinfo.net\/fr\/wp-json\/wp\/v2\/categories?post=164388"},{"taxonomy":"post_tag","embeddable":true,"href":"https:\/\/www.justiceinfo.net\/fr\/wp-json\/wp\/v2\/tags?post=164388"},{"taxonomy":"ji_location","embeddable":true,"href":"https:\/\/www.justiceinfo.net\/fr\/wp-json\/wp\/v2\/ji_location?post=164388"}],"curies":[{"name":"wp","href":"https:\/\/api.w.org\/{rel}","templated":true}]}}