{"id":164441,"date":"2026-09-02T12:18:03","date_gmt":"2026-09-02T10:18:03","guid":{"rendered":"https:\/\/www.justiceinfo.net\/164441-israel-veut-deplacer-les-palestiniens-hors-de-gaza-dit-son-ministre-de-la-defense.html"},"modified":"2026-09-02T12:18:03","modified_gmt":"2026-09-02T10:18:03","slug":"israel-veut-deplacer-les-palestiniens-hors-de-gaza-dit-son-ministre-de-la-defense","status":"publish","type":"post","link":"https:\/\/www.justiceinfo.net\/fr\/164441-israel-veut-deplacer-les-palestiniens-hors-de-gaza-dit-son-ministre-de-la-defense.html","title":{"rendered":"Isra\u00ebl veut d\u00e9placer les Palestiniens hors de Gaza, dit son ministre de la D\u00e9fense"},"content":{"rendered":"<p>\n             Isra\u00ebl est pr\u00eat \u00e0 d\u00e9placer les habitants de Gaza hors du territoire ravag\u00e9 par la guerre si les Etats-Unis donnent leur feu vert, a d\u00e9clar\u00e9 mercredi son ministre de la D\u00e9fense, \u00e9voquant des transferts \"par la mer et par les airs\".\n<\/p>\n<p>\n            \"En d\u00e9finitive, il n'existe pas de v\u00e9ritable solution pour Gaza sans cette migration\" de sa population, a d\u00e9clar\u00e9 le ministre Isra\u00ebl Katz lors d'une conf\u00e9rence organis\u00e9e par le site d'information isra\u00e9lien Ynet.\n<\/p>\n<p>\n            L'an dernier, le pr\u00e9sident am\u00e9ricain Donald Trump avait propos\u00e9 de \"faire le m\u00e9nage\" en transf\u00e9rant les quelque deux millions d'habitants de Gaza vers des pays comme l'Egypte et la Jordanie, avant de r\u00e9trop\u00e9daler face au toll\u00e9.\n<\/p>\n<p>\n            Selon M. Katz, M. Trump \"n'a pas renonc\u00e9 \u00e0 son id\u00e9e, il l'a seulement suspendue\" face \u00e0 la pression de pays arabes. \"Mais le plan n'est pas remis\u00e9, il fait l'objet de discussions en permanence, m\u00eame en ce moment\", a assur\u00e9 le ministre isra\u00e9lien.\n<\/p>\n<p>\n            Sans dire d'o\u00f9 il tenait ce chiffre, M. Katz a aussi assur\u00e9 que \"80% (des Gazaouis) veulent partir\", mais que le Hamas \"les en emp\u00eache\".\n<\/p>\n<p>\n            Le gouvernement isra\u00e9lien est \"organis\u00e9, et pr\u00eat \u00e0 les faire sortir par la mer, par les airs, par toutes les voies possibles\", a-t-il ajout\u00e9.\n<\/p>\n<p>\n            \"Mais pour que cela se produise, nous avons besoin des Etats-Unis. Quand donneront-ils leur accord ? Lorsqu'il deviendra clair que le Hamas ne remplit pas ses obligations\" dans le cadre des n\u00e9gociations autour du plan de paix d\u00e9fendu par les Etats-Unis, a-t-il poursuivi.\n<\/p>\n<p>\n            M. Katz d\u00e9fend depuis plusieurs mois une telle mesure pr\u00e9sent\u00e9e comme une \u00e9migration volontaire des habitants de la bande de Gaza.\n<\/p>\n<p>\n            Son coll\u00e8gue Bezalel Smotrich, ministre des Finances issu d'un parti d'extr\u00eame droite, a m\u00eame propos\u00e9 en f\u00e9vrier d'\u00e9largir cette mesure aux Palestiniens de Cisjordanie.\n<\/p>\n<p>\n            Le d\u00e9placement forc\u00e9 d'une population civile est un crime de guerre, au regard du droit international.\n<\/p>\n<p>\n            A Gaza, la plupart des habitants ont \u00e9t\u00e9 d\u00e9plac\u00e9s par la guerre destructrice lanc\u00e9e par Isra\u00ebl apr\u00e8s les attaques sans pr\u00e9c\u00e9dent du 7-Octobre men\u00e9es par le Hamas qui ont fait plus de 1.200 morts sur le sol isra\u00e9lien.\n<\/p>\n<p>\n            Depuis trois ans, plus de 73.000 personnes ont \u00e9t\u00e9 tu\u00e9es par l'arm\u00e9e isra\u00e9lienne \u00e0 Gaza, selon le minist\u00e8re de la Sant\u00e9 de Gaza, plac\u00e9 sous l'autorit\u00e9 du Hamas et dont les chiffres sont jug\u00e9s fiables par les Nations unies.<\/p>\n","protected":false},"excerpt":{"rendered":"<p>Isra\u00ebl est pr\u00eat \u00e0 d\u00e9placer les habitants de Gaza hors du territoire ravag\u00e9 par la guerre si les Etats-Unis donnent leur feu vert, a d\u00e9clar\u00e9 mercredi son ministre de la D\u00e9fense, \u00e9voquant des transferts \"par la mer et par les airs\". \"En d\u00e9finitive, il n'existe pas de v\u00e9ritable solution pour Gaza sans cette migration\" de [&hellip;]<\/p>\n","protected":false},"author":60,"featured_media":0,"comment_status":"open","ping_status":"closed","sticky":false,"template":"","format":"standard","meta":{"_acf_changed":false,"footnotes":""},"categories":[2576],"tags":[],"ji_location":[],"class_list":["post-164441","post","type-post","status-publish","format-standard","hentry","category-fil-d-actualite"],"acf":[],"yoast_head":"<!-- This site is optimized with the Yoast SEO Premium plugin v25.3.1 (Yoast SEO v25.3.1) - https:\/\/yoast.com\/wordpress\/plugins\/seo\/ -->\n<title>Isra\u00ebl veut d\u00e9placer les Palestiniens hors de Gaza, dit son ministre de la D\u00e9fense - JusticeInfo.net<\/title>\n<meta name=\"robots\" content=\"index, follow, max-snippet:-1, max-image-preview:large, max-video-preview:-1\" \/>\n<link rel=\"canonical\" href=\"https:\/\/www.justiceinfo.net\/fr\/164441-israel-veut-deplacer-les-palestiniens-hors-de-gaza-dit-son-ministre-de-la-defense.html\" \/>\n<meta property=\"og:locale\" content=\"fr_FR\" \/>\n<meta property=\"og:type\" content=\"article\" \/>\n<meta property=\"og:title\" content=\"Isra\u00ebl veut d\u00e9placer les Palestiniens hors de Gaza, dit son ministre de la D\u00e9fense\" \/>\n<meta property=\"og:description\" content=\"Isra\u00ebl est pr\u00eat \u00e0 d\u00e9placer les habitants de Gaza hors du territoire ravag\u00e9 par la guerre si les Etats-Unis donnent leur feu vert, a d\u00e9clar\u00e9 mercredi son ministre de la D\u00e9fense, \u00e9voquant des transferts &quot;par la mer et par les airs&quot;. &quot;En d\u00e9finitive, il n&#039;existe pas de v\u00e9ritable solution pour Gaza sans cette migration&quot; de [&hellip;]\" \/>\n<meta property=\"og:url\" content=\"https:\/\/www.justiceinfo.net\/fr\/164441-israel-veut-deplacer-les-palestiniens-hors-de-gaza-dit-son-ministre-de-la-defense.html\" \/>\n<meta property=\"og:site_name\" content=\"JusticeInfo.net\" \/>\n<meta property=\"article:publisher\" content=\"https:\/\/www.facebook.com\/JusticeInfo\/\" \/>\n<meta property=\"article:published_time\" content=\"2026-09-02T10:18:03+00:00\" \/>\n<meta property=\"og:image\" content=\"https:\/\/www.justiceinfo.net\/wp-content\/uploads\/JusticeInfoNet_logo_1200x630px.jpg\" \/>\n\t<meta property=\"og:image:width\" content=\"1200\" \/>\n\t<meta property=\"og:image:height\" content=\"630\" \/>\n\t<meta property=\"og:image:type\" content=\"image\/jpeg\" \/>\n<meta name=\"author\" content=\"afp\" \/>\n<meta name=\"twitter:card\" content=\"summary_large_image\" \/>\n<meta name=\"twitter:creator\" content=\"@justiceinfonet\" \/>\n<meta name=\"twitter:site\" content=\"@justiceinfonet\" \/>\n<meta name=\"twitter:label1\" content=\"\u00c9crit par\" \/>\n\t<meta name=\"twitter:data1\" content=\"afp\" \/>\n\t<meta name=\"twitter:label2\" content=\"Dur\u00e9e de lecture estim\u00e9e\" \/>\n\t<meta name=\"twitter:data2\" content=\"2 minutes\" \/>\n<script type=\"application\/ld+json\" class=\"yoast-schema-graph\">{\"@context\":\"https:\/\/schema.org\",\"@graph\":[{\"@type\":\"NewsArticle\",\"@id\":\"https:\/\/www.justiceinfo.net\/fr\/164441-israel-veut-deplacer-les-palestiniens-hors-de-gaza-dit-son-ministre-de-la-defense.html#article\",\"isPartOf\":{\"@id\":\"https:\/\/www.justiceinfo.net\/fr\/164441-israel-veut-deplacer-les-palestiniens-hors-de-gaza-dit-son-ministre-de-la-defense.html\"},\"author\":{\"name\":\"afp\",\"@id\":\"https:\/\/www.justiceinfo.net\/fr#\/schema\/person\/713d340ef5f218fc36ce9b4244364a7f\"},\"headline\":\"Isra\u00ebl veut d\u00e9placer les Palestiniens hors de Gaza, dit son ministre de la D\u00e9fense\",\"datePublished\":\"2026-09-02T10:18:03+00:00\",\"mainEntityOfPage\":{\"@id\":\"https:\/\/www.justiceinfo.net\/fr\/164441-israel-veut-deplacer-les-palestiniens-hors-de-gaza-dit-son-ministre-de-la-defense.html\"},\"wordCount\":457,\"commentCount\":0,\"publisher\":{\"@id\":\"https:\/\/www.justiceinfo.net\/fr#organization\"},\"articleSection\":[\"Fil d'info AFP\"],\"inLanguage\":\"fr-FR\",\"potentialAction\":[{\"@type\":\"CommentAction\",\"name\":\"Comment\",\"target\":[\"https:\/\/www.justiceinfo.net\/fr\/164441-israel-veut-deplacer-les-palestiniens-hors-de-gaza-dit-son-ministre-de-la-defense.html#respond\"]}]},{\"@type\":\"WebPage\",\"@id\":\"https:\/\/www.justiceinfo.net\/fr\/164441-israel-veut-deplacer-les-palestiniens-hors-de-gaza-dit-son-ministre-de-la-defense.html\",\"url\":\"https:\/\/www.justiceinfo.net\/fr\/164441-israel-veut-deplacer-les-palestiniens-hors-de-gaza-dit-son-ministre-de-la-defense.html\",\"name\":\"Isra\u00ebl veut d\u00e9placer les Palestiniens hors de Gaza, dit son ministre de la D\u00e9fense - JusticeInfo.net\",\"isPartOf\":{\"@id\":\"https:\/\/www.justiceinfo.net\/fr#website\"},\"datePublished\":\"2026-09-02T10:18:03+00:00\",\"breadcrumb\":{\"@id\":\"https:\/\/www.justiceinfo.net\/fr\/164441-israel-veut-deplacer-les-palestiniens-hors-de-gaza-dit-son-ministre-de-la-defense.html#breadcrumb\"},\"inLanguage\":\"fr-FR\",\"potentialAction\":[{\"@type\":\"ReadAction\",\"target\":[\"https:\/\/www.justiceinfo.net\/fr\/164441-israel-veut-deplacer-les-palestiniens-hors-de-gaza-dit-son-ministre-de-la-defense.html\"]}]},{\"@type\":\"BreadcrumbList\",\"@id\":\"https:\/\/www.justiceinfo.net\/fr\/164441-israel-veut-deplacer-les-palestiniens-hors-de-gaza-dit-son-ministre-de-la-defense.html#breadcrumb\",\"itemListElement\":[{\"@type\":\"ListItem\",\"position\":1,\"name\":\"Home\",\"item\":\"https:\/\/www.justiceinfo.net\/fr\"},{\"@type\":\"ListItem\",\"position\":2,\"name\":\"Isra\u00ebl veut d\u00e9placer les Palestiniens hors de Gaza, dit son ministre de la D\u00e9fense\"}]},{\"@type\":\"WebSite\",\"@id\":\"https:\/\/www.justiceinfo.net\/fr#website\",\"url\":\"https:\/\/www.justiceinfo.net\/fr\",\"name\":\"JusticeInfo.net\",\"description\":\"La justice doit \u00eatre vue pour \u00eatre rendue\",\"publisher\":{\"@id\":\"https:\/\/www.justiceinfo.net\/fr#organization\"},\"potentialAction\":[{\"@type\":\"SearchAction\",\"target\":{\"@type\":\"EntryPoint\",\"urlTemplate\":\"https:\/\/www.justiceinfo.net\/fr?s={search_term_string}\"},\"query-input\":{\"@type\":\"PropertyValueSpecification\",\"valueRequired\":true,\"valueName\":\"search_term_string\"}}],\"inLanguage\":\"fr-FR\"},{\"@type\":\"Organization\",\"@id\":\"https:\/\/www.justiceinfo.net\/fr#organization\",\"name\":\"Justice Info\",\"url\":\"https:\/\/www.justiceinfo.net\/fr\",\"logo\":{\"@type\":\"ImageObject\",\"inLanguage\":\"fr-FR\",\"@id\":\"https:\/\/www.justiceinfo.net\/fr#\/schema\/logo\/image\/\",\"url\":\"https:\/\/www.justiceinfo.net\/wp-content\/uploads\/justiceinfo_logo-trans_1200x1200px.png\",\"contentUrl\":\"https:\/\/www.justiceinfo.net\/wp-content\/uploads\/justiceinfo_logo-trans_1200x1200px.png\",\"width\":1199,\"height\":1200,\"caption\":\"Justice Info\"},\"image\":{\"@id\":\"https:\/\/www.justiceinfo.net\/fr#\/schema\/logo\/image\/\"},\"sameAs\":[\"https:\/\/www.facebook.com\/JusticeInfo\/\",\"https:\/\/x.com\/justiceinfonet\",\"https:\/\/www.linkedin.com\/company\/justice-info\",\"https:\/\/www.youtube.com\/channel\/UCyCEsARodyuWtkWyhn-e7pA\"]},{\"@type\":\"Person\",\"name\":\"afp\",\"url\":\"\/fr\/?s=afp\"}]}<\/script>\n<!-- \/ Yoast SEO Premium plugin. -->","yoast_head_json":{"title":"Isra\u00ebl veut d\u00e9placer les Palestiniens hors de Gaza, dit son ministre de la D\u00e9fense - JusticeInfo.net","robots":{"index":"index","follow":"follow","max-snippet":"max-snippet:-1","max-image-preview":"max-image-preview:large","max-video-preview":"max-video-preview:-1"},"canonical":"https:\/\/www.justiceinfo.net\/fr\/164441-israel-veut-deplacer-les-palestiniens-hors-de-gaza-dit-son-ministre-de-la-defense.html","og_locale":"fr_FR","og_type":"article","og_title":"Isra\u00ebl veut d\u00e9placer les Palestiniens hors de Gaza, dit son ministre de la D\u00e9fense","og_description":"Isra\u00ebl est pr\u00eat \u00e0 d\u00e9placer les habitants de Gaza hors du territoire ravag\u00e9 par la guerre si les Etats-Unis donnent leur feu vert, a d\u00e9clar\u00e9 mercredi son ministre de la D\u00e9fense, \u00e9voquant des transferts \"par la mer et par les airs\". \"En d\u00e9finitive, il n'existe pas de v\u00e9ritable solution pour Gaza sans cette migration\" de [&hellip;]","og_url":"https:\/\/www.justiceinfo.net\/fr\/164441-israel-veut-deplacer-les-palestiniens-hors-de-gaza-dit-son-ministre-de-la-defense.html","og_site_name":"JusticeInfo.net","article_publisher":"https:\/\/www.facebook.com\/JusticeInfo\/","article_published_time":"2026-09-02T10:18:03+00:00","og_image":[{"width":1200,"height":630,"url":"https:\/\/www.justiceinfo.net\/wp-content\/uploads\/JusticeInfoNet_logo_1200x630px.jpg","type":"image\/jpeg"}],"author":"afp","twitter_card":"summary_large_image","twitter_creator":"@justiceinfonet","twitter_site":"@justiceinfonet","twitter_misc":{"\u00c9crit par":"afp","Dur\u00e9e de lecture estim\u00e9e":"2 minutes"},"schema":{"@context":"https:\/\/schema.org","@graph":[{"@type":"NewsArticle","@id":"https:\/\/www.justiceinfo.net\/fr\/164441-israel-veut-deplacer-les-palestiniens-hors-de-gaza-dit-son-ministre-de-la-defense.html#article","isPartOf":{"@id":"https:\/\/www.justiceinfo.net\/fr\/164441-israel-veut-deplacer-les-palestiniens-hors-de-gaza-dit-son-ministre-de-la-defense.html"},"author":{"name":"afp","@id":"https:\/\/www.justiceinfo.net\/fr#\/schema\/person\/713d340ef5f218fc36ce9b4244364a7f"},"headline":"Isra\u00ebl veut d\u00e9placer les Palestiniens hors de Gaza, dit son ministre de la D\u00e9fense","datePublished":"2026-09-02T10:18:03+00:00","mainEntityOfPage":{"@id":"https:\/\/www.justiceinfo.net\/fr\/164441-israel-veut-deplacer-les-palestiniens-hors-de-gaza-dit-son-ministre-de-la-defense.html"},"wordCount":457,"commentCount":0,"publisher":{"@id":"https:\/\/www.justiceinfo.net\/fr#organization"},"articleSection":["Fil d'info AFP"],"inLanguage":"fr-FR","potentialAction":[{"@type":"CommentAction","name":"Comment","target":["https:\/\/www.justiceinfo.net\/fr\/164441-israel-veut-deplacer-les-palestiniens-hors-de-gaza-dit-son-ministre-de-la-defense.html#respond"]}]},{"@type":"WebPage","@id":"https:\/\/www.justiceinfo.net\/fr\/164441-israel-veut-deplacer-les-palestiniens-hors-de-gaza-dit-son-ministre-de-la-defense.html","url":"https:\/\/www.justiceinfo.net\/fr\/164441-israel-veut-deplacer-les-palestiniens-hors-de-gaza-dit-son-ministre-de-la-defense.html","name":"Isra\u00ebl veut d\u00e9placer les Palestiniens hors de Gaza, dit son ministre de la D\u00e9fense - JusticeInfo.net","isPartOf":{"@id":"https:\/\/www.justiceinfo.net\/fr#website"},"datePublished":"2026-09-02T10:18:03+00:00","breadcrumb":{"@id":"https:\/\/www.justiceinfo.net\/fr\/164441-israel-veut-deplacer-les-palestiniens-hors-de-gaza-dit-son-ministre-de-la-defense.html#breadcrumb"},"inLanguage":"fr-FR","potentialAction":[{"@type":"ReadAction","target":["https:\/\/www.justiceinfo.net\/fr\/164441-israel-veut-deplacer-les-palestiniens-hors-de-gaza-dit-son-ministre-de-la-defense.html"]}]},{"@type":"BreadcrumbList","@id":"https:\/\/www.justiceinfo.net\/fr\/164441-israel-veut-deplacer-les-palestiniens-hors-de-gaza-dit-son-ministre-de-la-defense.html#breadcrumb","itemListElement":[{"@type":"ListItem","position":1,"name":"Home","item":"https:\/\/www.justiceinfo.net\/fr"},{"@type":"ListItem","position":2,"name":"Isra\u00ebl veut d\u00e9placer les Palestiniens hors de Gaza, dit son ministre de la D\u00e9fense"}]},{"@type":"WebSite","@id":"https:\/\/www.justiceinfo.net\/fr#website","url":"https:\/\/www.justiceinfo.net\/fr","name":"JusticeInfo.net","description":"La justice doit \u00eatre vue pour \u00eatre rendue","publisher":{"@id":"https:\/\/www.justiceinfo.net\/fr#organization"},"potentialAction":[{"@type":"SearchAction","target":{"@type":"EntryPoint","urlTemplate":"https:\/\/www.justiceinfo.net\/fr?s={search_term_string}"},"query-input":{"@type":"PropertyValueSpecification","valueRequired":true,"valueName":"search_term_string"}}],"inLanguage":"fr-FR"},{"@type":"Organization","@id":"https:\/\/www.justiceinfo.net\/fr#organization","name":"Justice Info","url":"https:\/\/www.justiceinfo.net\/fr","logo":{"@type":"ImageObject","inLanguage":"fr-FR","@id":"https:\/\/www.justiceinfo.net\/fr#\/schema\/logo\/image\/","url":"https:\/\/www.justiceinfo.net\/wp-content\/uploads\/justiceinfo_logo-trans_1200x1200px.png","contentUrl":"https:\/\/www.justiceinfo.net\/wp-content\/uploads\/justiceinfo_logo-trans_1200x1200px.png","width":1199,"height":1200,"caption":"Justice Info"},"image":{"@id":"https:\/\/www.justiceinfo.net\/fr#\/schema\/logo\/image\/"},"sameAs":["https:\/\/www.facebook.com\/JusticeInfo\/","https:\/\/x.com\/justiceinfonet","https:\/\/www.linkedin.com\/company\/justice-info","https:\/\/www.youtube.com\/channel\/UCyCEsARodyuWtkWyhn-e7pA"]},{"@type":"Person","name":"afp","url":"\/fr\/?s=afp"}]}},"_links":{"self":[{"href":"https:\/\/www.justiceinfo.net\/fr\/wp-json\/wp\/v2\/posts\/164441","targetHints":{"allow":["GET"]}}],"collection":[{"href":"https:\/\/www.justiceinfo.net\/fr\/wp-json\/wp\/v2\/posts"}],"about":[{"href":"https:\/\/www.justiceinfo.net\/fr\/wp-json\/wp\/v2\/types\/post"}],"author":[{"embeddable":true,"href":"https:\/\/www.justiceinfo.net\/fr\/wp-json\/wp\/v2\/users\/60"}],"replies":[{"embeddable":true,"href":"https:\/\/www.justiceinfo.net\/fr\/wp-json\/wp\/v2\/comments?post=164441"}],"version-history":[{"count":0,"href":"https:\/\/www.justiceinfo.net\/fr\/wp-json\/wp\/v2\/posts\/164441\/revisions"}],"wp:attachment":[{"href":"https:\/\/www.justiceinfo.net\/fr\/wp-json\/wp\/v2\/media?parent=164441"}],"wp:term":[{"taxonomy":"category","embeddable":true,"href":"https:\/\/www.justiceinfo.net\/fr\/wp-json\/wp\/v2\/categories?post=164441"},{"taxonomy":"post_tag","embeddable":true,"href":"https:\/\/www.justiceinfo.net\/fr\/wp-json\/wp\/v2\/tags?post=164441"},{"taxonomy":"ji_location","embeddable":true,"href":"https:\/\/www.justiceinfo.net\/fr\/wp-json\/wp\/v2\/ji_location?post=164441"}],"curies":[{"name":"wp","href":"https:\/\/api.w.org\/{rel}","templated":true}]}}