{"id":164480,"date":"2026-09-02T21:18:03","date_gmt":"2026-09-02T19:18:03","guid":{"rendered":"https:\/\/www.justiceinfo.net\/164480-guinee-un-ex-magistrat-poursuivi-pour-collusion-presumee-avec-un-opposant.html"},"modified":"2026-09-02T21:18:03","modified_gmt":"2026-09-02T19:18:03","slug":"guinee-un-ex-magistrat-poursuivi-pour-collusion-presumee-avec-un-opposant","status":"publish","type":"post","link":"https:\/\/www.justiceinfo.net\/fr\/164480-guinee-un-ex-magistrat-poursuivi-pour-collusion-presumee-avec-un-opposant.html","title":{"rendered":"Guin\u00e9e: un ex-magistrat poursuivi pour collusion pr\u00e9sum\u00e9e avec un opposant"},"content":{"rendered":"<p>\n             Un magistrat r\u00e9put\u00e9 en Guin\u00e9e, r\u00e9cemment r\u00e9voqu\u00e9 puis plac\u00e9 en d\u00e9tention pr\u00e8s de la capitale Conakry, a \u00e9t\u00e9 auditionn\u00e9 mercredi par la Cour supr\u00eame apr\u00e8s des soup\u00e7ons de collusion avec un opposant, a appris l'AFP d'une source proche du dossier.\n<\/p>\n<p>\n            Algassimou Diallo s'\u00e9tait fait remarquer l'an dernier comme chef du parquet lors du proc\u00e8s du massacre du 28 septembre 2009 dans un stade de Conakry.\n<\/p>\n<p>\n            Plusieurs hauts responsables guin\u00e9ens avaient \u00e9t\u00e9 d\u00e9clar\u00e9s coupables pour leur responsabilit\u00e9 et implication dans les crimes contre l'humanit\u00e9 commis lors de cette tuerie d'au moins 156 personnes lors d'un rassemblement d'opposants.\n<\/p>\n<p>\n            M. Diallo qui a ensuite occup\u00e9 d'autres fonctions comme juge, a \u00e9t\u00e9 inculp\u00e9 et plac\u00e9 en d\u00e9tention le 27 ao\u00fbt \u00e0 Coyah, pr\u00e8s de Conakry, pour \"incitation \u00e0 la haine, provocation \u00e0 la haine et association de malfaiteurs\", a affirm\u00e9 mercredi \u00e0 l'AFP cette source proche du dossier.\n<\/p>\n<p>\n            Il avait \u00e9t\u00e9 r\u00e9voqu\u00e9 le 18 ao\u00fbt de ses fonctions de magistrat par le Conseil sup\u00e9rieur de la magistrature qui lui a reproch\u00e9 des \"manquements graves\" \u00e0 ses devoirs. Un d\u00e9cret pr\u00e9sidentiel a confirm\u00e9 cette d\u00e9cision le 21 ao\u00fbt. Il est depuis vis\u00e9 par une proc\u00e9dure judiciaire.\n<\/p>\n<p>\n            Il lui est reproch\u00e9 notamment un enregistrement audio dans lequel il aurait \u00e9chang\u00e9 avec l'ancien Premier ministre et opposant Cellou Dalein Diallo, en exil \u00e0 l'\u00e9tranger, des messages pr\u00e9sent\u00e9s comme hostiles au pouvoir, a indiqu\u00e9 \u00e0 l'AFP une autre source proche du dossier.\n<\/p>\n<p>\n            L'authenticit\u00e9 de cet enregistrement n'est pas \u00e9tablie, ont indiqu\u00e9 plusieurs sources.\n<\/p>\n<p>\n            L'ex-magistrat \"est arriv\u00e9 (mercredi) sous escorte polici\u00e8re\" \u00e0 la Cour supr\u00eame \u00e0 Conakry qu'il a quitt\u00e9e apr\u00e8s une longue audition, a dit l'une des sources, sans plus de d\u00e9tail.\n<\/p>\n<p>\n            Depuis l'arriv\u00e9e au pouvoir du g\u00e9n\u00e9ral Mamadi Doumbouya -- par un coup d'\u00c9tat en 2021, puis \u00e9lu pr\u00e9sident fin 2025 -- des partis politiques ont \u00e9t\u00e9 suspendus, les manifestations sont r\u00e9prim\u00e9es et de nombreux dirigeants de l'opposition ainsi que de la soci\u00e9t\u00e9 civile ont \u00e9t\u00e9 arr\u00eat\u00e9s, condamn\u00e9s ou pouss\u00e9s \u00e0 l'exil.\n<\/p>\n<p>\n            Les cas d'enl\u00e8vements et de disparitions forc\u00e9es de voix dissidentes et de leurs proches se sont multipli\u00e9s ces derni\u00e8res ann\u00e9es en Guin\u00e9e. Les autorit\u00e9s ont toujours ni\u00e9 \u00eatre au courant.<\/p>\n","protected":false},"excerpt":{"rendered":"<p>Un magistrat r\u00e9put\u00e9 en Guin\u00e9e, r\u00e9cemment r\u00e9voqu\u00e9 puis plac\u00e9 en d\u00e9tention pr\u00e8s de la capitale Conakry, a \u00e9t\u00e9 auditionn\u00e9 mercredi par la Cour supr\u00eame apr\u00e8s des soup\u00e7ons de collusion avec un opposant, a appris l'AFP d'une source proche du dossier. Algassimou Diallo s'\u00e9tait fait remarquer l'an dernier comme chef du parquet lors du proc\u00e8s du [&hellip;]<\/p>\n","protected":false},"author":60,"featured_media":0,"comment_status":"open","ping_status":"closed","sticky":false,"template":"","format":"standard","meta":{"_acf_changed":false,"footnotes":""},"categories":[2576],"tags":[],"ji_location":[],"class_list":["post-164480","post","type-post","status-publish","format-standard","hentry","category-fil-d-actualite"],"acf":[],"yoast_head":"<!-- This site is optimized with the Yoast SEO Premium plugin v25.3.1 (Yoast SEO v25.3.1) - https:\/\/yoast.com\/wordpress\/plugins\/seo\/ -->\n<title>Guin\u00e9e: un ex-magistrat poursuivi pour collusion pr\u00e9sum\u00e9e avec un opposant - JusticeInfo.net<\/title>\n<meta name=\"robots\" content=\"index, follow, max-snippet:-1, max-image-preview:large, max-video-preview:-1\" \/>\n<link rel=\"canonical\" href=\"https:\/\/www.justiceinfo.net\/fr\/164480-guinee-un-ex-magistrat-poursuivi-pour-collusion-presumee-avec-un-opposant.html\" \/>\n<meta property=\"og:locale\" content=\"fr_FR\" \/>\n<meta property=\"og:type\" content=\"article\" \/>\n<meta property=\"og:title\" content=\"Guin\u00e9e: un ex-magistrat poursuivi pour collusion pr\u00e9sum\u00e9e avec un opposant\" \/>\n<meta property=\"og:description\" content=\"Un magistrat r\u00e9put\u00e9 en Guin\u00e9e, r\u00e9cemment r\u00e9voqu\u00e9 puis plac\u00e9 en d\u00e9tention pr\u00e8s de la capitale Conakry, a \u00e9t\u00e9 auditionn\u00e9 mercredi par la Cour supr\u00eame apr\u00e8s des soup\u00e7ons de collusion avec un opposant, a appris l&#039;AFP d&#039;une source proche du dossier. Algassimou Diallo s&#039;\u00e9tait fait remarquer l&#039;an dernier comme chef du parquet lors du proc\u00e8s du [&hellip;]\" \/>\n<meta property=\"og:url\" content=\"https:\/\/www.justiceinfo.net\/fr\/164480-guinee-un-ex-magistrat-poursuivi-pour-collusion-presumee-avec-un-opposant.html\" \/>\n<meta property=\"og:site_name\" content=\"JusticeInfo.net\" \/>\n<meta property=\"article:publisher\" content=\"https:\/\/www.facebook.com\/JusticeInfo\/\" \/>\n<meta property=\"article:published_time\" content=\"2026-09-02T19:18:03+00:00\" \/>\n<meta property=\"og:image\" content=\"https:\/\/www.justiceinfo.net\/wp-content\/uploads\/JusticeInfoNet_logo_1200x630px.jpg\" \/>\n\t<meta property=\"og:image:width\" content=\"1200\" \/>\n\t<meta property=\"og:image:height\" content=\"630\" \/>\n\t<meta property=\"og:image:type\" content=\"image\/jpeg\" \/>\n<meta name=\"author\" content=\"afp\" \/>\n<meta name=\"twitter:card\" content=\"summary_large_image\" \/>\n<meta name=\"twitter:creator\" content=\"@justiceinfonet\" \/>\n<meta name=\"twitter:site\" content=\"@justiceinfonet\" \/>\n<meta name=\"twitter:label1\" content=\"\u00c9crit par\" \/>\n\t<meta name=\"twitter:data1\" content=\"afp\" \/>\n\t<meta name=\"twitter:label2\" content=\"Dur\u00e9e de lecture estim\u00e9e\" \/>\n\t<meta name=\"twitter:data2\" content=\"2 minutes\" \/>\n<script type=\"application\/ld+json\" class=\"yoast-schema-graph\">{\"@context\":\"https:\/\/schema.org\",\"@graph\":[{\"@type\":\"NewsArticle\",\"@id\":\"https:\/\/www.justiceinfo.net\/fr\/164480-guinee-un-ex-magistrat-poursuivi-pour-collusion-presumee-avec-un-opposant.html#article\",\"isPartOf\":{\"@id\":\"https:\/\/www.justiceinfo.net\/fr\/164480-guinee-un-ex-magistrat-poursuivi-pour-collusion-presumee-avec-un-opposant.html\"},\"author\":{\"name\":\"afp\",\"@id\":\"https:\/\/www.justiceinfo.net\/fr#\/schema\/person\/713d340ef5f218fc36ce9b4244364a7f\"},\"headline\":\"Guin\u00e9e: un ex-magistrat poursuivi pour collusion pr\u00e9sum\u00e9e avec un opposant\",\"datePublished\":\"2026-09-02T19:18:03+00:00\",\"mainEntityOfPage\":{\"@id\":\"https:\/\/www.justiceinfo.net\/fr\/164480-guinee-un-ex-magistrat-poursuivi-pour-collusion-presumee-avec-un-opposant.html\"},\"wordCount\":422,\"commentCount\":0,\"publisher\":{\"@id\":\"https:\/\/www.justiceinfo.net\/fr#organization\"},\"articleSection\":[\"Fil d'info AFP\"],\"inLanguage\":\"fr-FR\",\"potentialAction\":[{\"@type\":\"CommentAction\",\"name\":\"Comment\",\"target\":[\"https:\/\/www.justiceinfo.net\/fr\/164480-guinee-un-ex-magistrat-poursuivi-pour-collusion-presumee-avec-un-opposant.html#respond\"]}]},{\"@type\":\"WebPage\",\"@id\":\"https:\/\/www.justiceinfo.net\/fr\/164480-guinee-un-ex-magistrat-poursuivi-pour-collusion-presumee-avec-un-opposant.html\",\"url\":\"https:\/\/www.justiceinfo.net\/fr\/164480-guinee-un-ex-magistrat-poursuivi-pour-collusion-presumee-avec-un-opposant.html\",\"name\":\"Guin\u00e9e: un ex-magistrat poursuivi pour collusion pr\u00e9sum\u00e9e avec un opposant - JusticeInfo.net\",\"isPartOf\":{\"@id\":\"https:\/\/www.justiceinfo.net\/fr#website\"},\"datePublished\":\"2026-09-02T19:18:03+00:00\",\"breadcrumb\":{\"@id\":\"https:\/\/www.justiceinfo.net\/fr\/164480-guinee-un-ex-magistrat-poursuivi-pour-collusion-presumee-avec-un-opposant.html#breadcrumb\"},\"inLanguage\":\"fr-FR\",\"potentialAction\":[{\"@type\":\"ReadAction\",\"target\":[\"https:\/\/www.justiceinfo.net\/fr\/164480-guinee-un-ex-magistrat-poursuivi-pour-collusion-presumee-avec-un-opposant.html\"]}]},{\"@type\":\"BreadcrumbList\",\"@id\":\"https:\/\/www.justiceinfo.net\/fr\/164480-guinee-un-ex-magistrat-poursuivi-pour-collusion-presumee-avec-un-opposant.html#breadcrumb\",\"itemListElement\":[{\"@type\":\"ListItem\",\"position\":1,\"name\":\"Home\",\"item\":\"https:\/\/www.justiceinfo.net\/fr\"},{\"@type\":\"ListItem\",\"position\":2,\"name\":\"Guin\u00e9e: un ex-magistrat poursuivi pour collusion pr\u00e9sum\u00e9e avec un opposant\"}]},{\"@type\":\"WebSite\",\"@id\":\"https:\/\/www.justiceinfo.net\/fr#website\",\"url\":\"https:\/\/www.justiceinfo.net\/fr\",\"name\":\"JusticeInfo.net\",\"description\":\"La justice doit \u00eatre vue pour \u00eatre rendue\",\"publisher\":{\"@id\":\"https:\/\/www.justiceinfo.net\/fr#organization\"},\"potentialAction\":[{\"@type\":\"SearchAction\",\"target\":{\"@type\":\"EntryPoint\",\"urlTemplate\":\"https:\/\/www.justiceinfo.net\/fr?s={search_term_string}\"},\"query-input\":{\"@type\":\"PropertyValueSpecification\",\"valueRequired\":true,\"valueName\":\"search_term_string\"}}],\"inLanguage\":\"fr-FR\"},{\"@type\":\"Organization\",\"@id\":\"https:\/\/www.justiceinfo.net\/fr#organization\",\"name\":\"Justice Info\",\"url\":\"https:\/\/www.justiceinfo.net\/fr\",\"logo\":{\"@type\":\"ImageObject\",\"inLanguage\":\"fr-FR\",\"@id\":\"https:\/\/www.justiceinfo.net\/fr#\/schema\/logo\/image\/\",\"url\":\"https:\/\/www.justiceinfo.net\/wp-content\/uploads\/justiceinfo_logo-trans_1200x1200px.png\",\"contentUrl\":\"https:\/\/www.justiceinfo.net\/wp-content\/uploads\/justiceinfo_logo-trans_1200x1200px.png\",\"width\":1199,\"height\":1200,\"caption\":\"Justice Info\"},\"image\":{\"@id\":\"https:\/\/www.justiceinfo.net\/fr#\/schema\/logo\/image\/\"},\"sameAs\":[\"https:\/\/www.facebook.com\/JusticeInfo\/\",\"https:\/\/x.com\/justiceinfonet\",\"https:\/\/www.linkedin.com\/company\/justice-info\",\"https:\/\/www.youtube.com\/channel\/UCyCEsARodyuWtkWyhn-e7pA\"]},{\"@type\":\"Person\",\"name\":\"afp\",\"url\":\"\/fr\/?s=afp\"}]}<\/script>\n<!-- \/ Yoast SEO Premium plugin. -->","yoast_head_json":{"title":"Guin\u00e9e: un ex-magistrat poursuivi pour collusion pr\u00e9sum\u00e9e avec un opposant - JusticeInfo.net","robots":{"index":"index","follow":"follow","max-snippet":"max-snippet:-1","max-image-preview":"max-image-preview:large","max-video-preview":"max-video-preview:-1"},"canonical":"https:\/\/www.justiceinfo.net\/fr\/164480-guinee-un-ex-magistrat-poursuivi-pour-collusion-presumee-avec-un-opposant.html","og_locale":"fr_FR","og_type":"article","og_title":"Guin\u00e9e: un ex-magistrat poursuivi pour collusion pr\u00e9sum\u00e9e avec un opposant","og_description":"Un magistrat r\u00e9put\u00e9 en Guin\u00e9e, r\u00e9cemment r\u00e9voqu\u00e9 puis plac\u00e9 en d\u00e9tention pr\u00e8s de la capitale Conakry, a \u00e9t\u00e9 auditionn\u00e9 mercredi par la Cour supr\u00eame apr\u00e8s des soup\u00e7ons de collusion avec un opposant, a appris l'AFP d'une source proche du dossier. Algassimou Diallo s'\u00e9tait fait remarquer l'an dernier comme chef du parquet lors du proc\u00e8s du [&hellip;]","og_url":"https:\/\/www.justiceinfo.net\/fr\/164480-guinee-un-ex-magistrat-poursuivi-pour-collusion-presumee-avec-un-opposant.html","og_site_name":"JusticeInfo.net","article_publisher":"https:\/\/www.facebook.com\/JusticeInfo\/","article_published_time":"2026-09-02T19:18:03+00:00","og_image":[{"width":1200,"height":630,"url":"https:\/\/www.justiceinfo.net\/wp-content\/uploads\/JusticeInfoNet_logo_1200x630px.jpg","type":"image\/jpeg"}],"author":"afp","twitter_card":"summary_large_image","twitter_creator":"@justiceinfonet","twitter_site":"@justiceinfonet","twitter_misc":{"\u00c9crit par":"afp","Dur\u00e9e de lecture estim\u00e9e":"2 minutes"},"schema":{"@context":"https:\/\/schema.org","@graph":[{"@type":"NewsArticle","@id":"https:\/\/www.justiceinfo.net\/fr\/164480-guinee-un-ex-magistrat-poursuivi-pour-collusion-presumee-avec-un-opposant.html#article","isPartOf":{"@id":"https:\/\/www.justiceinfo.net\/fr\/164480-guinee-un-ex-magistrat-poursuivi-pour-collusion-presumee-avec-un-opposant.html"},"author":{"name":"afp","@id":"https:\/\/www.justiceinfo.net\/fr#\/schema\/person\/713d340ef5f218fc36ce9b4244364a7f"},"headline":"Guin\u00e9e: un ex-magistrat poursuivi pour collusion pr\u00e9sum\u00e9e avec un opposant","datePublished":"2026-09-02T19:18:03+00:00","mainEntityOfPage":{"@id":"https:\/\/www.justiceinfo.net\/fr\/164480-guinee-un-ex-magistrat-poursuivi-pour-collusion-presumee-avec-un-opposant.html"},"wordCount":422,"commentCount":0,"publisher":{"@id":"https:\/\/www.justiceinfo.net\/fr#organization"},"articleSection":["Fil d'info AFP"],"inLanguage":"fr-FR","potentialAction":[{"@type":"CommentAction","name":"Comment","target":["https:\/\/www.justiceinfo.net\/fr\/164480-guinee-un-ex-magistrat-poursuivi-pour-collusion-presumee-avec-un-opposant.html#respond"]}]},{"@type":"WebPage","@id":"https:\/\/www.justiceinfo.net\/fr\/164480-guinee-un-ex-magistrat-poursuivi-pour-collusion-presumee-avec-un-opposant.html","url":"https:\/\/www.justiceinfo.net\/fr\/164480-guinee-un-ex-magistrat-poursuivi-pour-collusion-presumee-avec-un-opposant.html","name":"Guin\u00e9e: un ex-magistrat poursuivi pour collusion pr\u00e9sum\u00e9e avec un opposant - JusticeInfo.net","isPartOf":{"@id":"https:\/\/www.justiceinfo.net\/fr#website"},"datePublished":"2026-09-02T19:18:03+00:00","breadcrumb":{"@id":"https:\/\/www.justiceinfo.net\/fr\/164480-guinee-un-ex-magistrat-poursuivi-pour-collusion-presumee-avec-un-opposant.html#breadcrumb"},"inLanguage":"fr-FR","potentialAction":[{"@type":"ReadAction","target":["https:\/\/www.justiceinfo.net\/fr\/164480-guinee-un-ex-magistrat-poursuivi-pour-collusion-presumee-avec-un-opposant.html"]}]},{"@type":"BreadcrumbList","@id":"https:\/\/www.justiceinfo.net\/fr\/164480-guinee-un-ex-magistrat-poursuivi-pour-collusion-presumee-avec-un-opposant.html#breadcrumb","itemListElement":[{"@type":"ListItem","position":1,"name":"Home","item":"https:\/\/www.justiceinfo.net\/fr"},{"@type":"ListItem","position":2,"name":"Guin\u00e9e: un ex-magistrat poursuivi pour collusion pr\u00e9sum\u00e9e avec un opposant"}]},{"@type":"WebSite","@id":"https:\/\/www.justiceinfo.net\/fr#website","url":"https:\/\/www.justiceinfo.net\/fr","name":"JusticeInfo.net","description":"La justice doit \u00eatre vue pour \u00eatre rendue","publisher":{"@id":"https:\/\/www.justiceinfo.net\/fr#organization"},"potentialAction":[{"@type":"SearchAction","target":{"@type":"EntryPoint","urlTemplate":"https:\/\/www.justiceinfo.net\/fr?s={search_term_string}"},"query-input":{"@type":"PropertyValueSpecification","valueRequired":true,"valueName":"search_term_string"}}],"inLanguage":"fr-FR"},{"@type":"Organization","@id":"https:\/\/www.justiceinfo.net\/fr#organization","name":"Justice Info","url":"https:\/\/www.justiceinfo.net\/fr","logo":{"@type":"ImageObject","inLanguage":"fr-FR","@id":"https:\/\/www.justiceinfo.net\/fr#\/schema\/logo\/image\/","url":"https:\/\/www.justiceinfo.net\/wp-content\/uploads\/justiceinfo_logo-trans_1200x1200px.png","contentUrl":"https:\/\/www.justiceinfo.net\/wp-content\/uploads\/justiceinfo_logo-trans_1200x1200px.png","width":1199,"height":1200,"caption":"Justice Info"},"image":{"@id":"https:\/\/www.justiceinfo.net\/fr#\/schema\/logo\/image\/"},"sameAs":["https:\/\/www.facebook.com\/JusticeInfo\/","https:\/\/x.com\/justiceinfonet","https:\/\/www.linkedin.com\/company\/justice-info","https:\/\/www.youtube.com\/channel\/UCyCEsARodyuWtkWyhn-e7pA"]},{"@type":"Person","name":"afp","url":"\/fr\/?s=afp"}]}},"_links":{"self":[{"href":"https:\/\/www.justiceinfo.net\/fr\/wp-json\/wp\/v2\/posts\/164480","targetHints":{"allow":["GET"]}}],"collection":[{"href":"https:\/\/www.justiceinfo.net\/fr\/wp-json\/wp\/v2\/posts"}],"about":[{"href":"https:\/\/www.justiceinfo.net\/fr\/wp-json\/wp\/v2\/types\/post"}],"author":[{"embeddable":true,"href":"https:\/\/www.justiceinfo.net\/fr\/wp-json\/wp\/v2\/users\/60"}],"replies":[{"embeddable":true,"href":"https:\/\/www.justiceinfo.net\/fr\/wp-json\/wp\/v2\/comments?post=164480"}],"version-history":[{"count":0,"href":"https:\/\/www.justiceinfo.net\/fr\/wp-json\/wp\/v2\/posts\/164480\/revisions"}],"wp:attachment":[{"href":"https:\/\/www.justiceinfo.net\/fr\/wp-json\/wp\/v2\/media?parent=164480"}],"wp:term":[{"taxonomy":"category","embeddable":true,"href":"https:\/\/www.justiceinfo.net\/fr\/wp-json\/wp\/v2\/categories?post=164480"},{"taxonomy":"post_tag","embeddable":true,"href":"https:\/\/www.justiceinfo.net\/fr\/wp-json\/wp\/v2\/tags?post=164480"},{"taxonomy":"ji_location","embeddable":true,"href":"https:\/\/www.justiceinfo.net\/fr\/wp-json\/wp\/v2\/ji_location?post=164480"}],"curies":[{"name":"wp","href":"https:\/\/api.w.org\/{rel}","templated":true}]}}