{"id":164482,"date":"2026-09-03T00:28:03","date_gmt":"2026-09-02T22:28:03","guid":{"rendered":"https:\/\/www.justiceinfo.net\/164482-le-koweit-vise-par-une-attaque-iranienne-de-missiles-et-drones.html"},"modified":"2026-09-03T00:28:03","modified_gmt":"2026-09-02T22:28:03","slug":"le-koweit-vise-par-une-attaque-iranienne-de-missiles-et-drones","status":"publish","type":"post","link":"https:\/\/www.justiceinfo.net\/fr\/164482-le-koweit-vise-par-une-attaque-iranienne-de-missiles-et-drones.html","title":{"rendered":"Le Kowe\u00eft vis\u00e9 par une attaque iranienne de missiles et drones"},"content":{"rendered":"<p>\n             Le Kowe\u00eft est vis\u00e9 jeudi matin par une attaque de l'Iran men\u00e9e \u00e0 l'aide de missiles et drones, apr\u00e8s plusieurs \u00e9changes de frappes ces derniers jours entre les Etats-Unis et la R\u00e9publique islamique.\n<\/p>\n<p>\n            \"La d\u00e9fense anti-a\u00e9rienne du Kowe\u00eft est actuellement confront\u00e9e \u00e0 des attaques hostiles de missiles et de drones \u00e0 la suite de l'ignoble agression iranienne\", a \u00e9crit l'arm\u00e9e du Kowe\u00eft sur X.\n<\/p>\n<p>\n            \"En r\u00e9ponse aux crimes commis par l'Am\u00e9rique contre le peuple iranien, des attaques de missiles et de drones sont en cours contre des bases am\u00e9ricaines au Kowe\u00eft\", a confirm\u00e9 peu apr\u00e8s la t\u00e9l\u00e9vision d'Etat iranienne sur le m\u00eame r\u00e9seau social.\n<\/p>\n<p>\n            Les hostilit\u00e9s ont repris dimanche au Moyen-Orient, mettant fin \u00e0 un mois d'accalmie, dans un sc\u00e9nario qui se r\u00e9p\u00e8te depuis le d\u00e9but de la guerre d\u00e9clench\u00e9e fin f\u00e9vrier et toujours sans issue diplomatique.\n<\/p>\n<p>\n            Mercredi, les Gardiens de la R\u00e9volution iraniens avaient attaqu\u00e9 plusieurs bases du Moyen-Orient utilis\u00e9es par l'arm\u00e9e am\u00e9ricaine, y compris au Kowe\u00eft.\n<\/p>\n<p>\n            Les forces iraniennes r\u00e9pondaient alors \u00e0 une deuxi\u00e8me nuit de bombardements am\u00e9ricains visant la R\u00e9publique islamique en trois jours.\n<\/p>\n<p>\n            Les frappes de mardi soir en Iran ont fait au total 19 morts, dont quatre morts dans un mariage.\n<\/p>\n<p>\n            Le porte-parole de la diplomatie iranienne, Esma\u00efl Bagha\u00ef, a fustig\u00e9 un \"crime de guerre\", d\u00e9plorant qu'une \"c\u00e9r\u00e9monie de mariage ait \u00e9t\u00e9 sauvagement bombard\u00e9e dans le cadre de la lutte d\u00e9sesp\u00e9r\u00e9e des Etats-Unis pour dissimuler leur \u00e9chec\".\n<\/p>\n<p>\n            D\u00e9termin\u00e9 \u00e0 riposter, l'Iran a pr\u00e9venu les Etats-Unis qu'ils devaient d\u00e9sormais s'attendre \u00e0 une \"nouvelle strat\u00e9gie\" destin\u00e9e \u00e0 \"briser les fondements\" de l'ennemi, sans en d\u00e9tailler les contours.\n<\/p>\n<p>\n            Donald Trump, de son c\u00f4t\u00e9, a averti T\u00e9h\u00e9ran mercredi que les Etats-Unis restaient pr\u00eats \u00e0 frapper l'Iran \"\u00e0 tout moment\".<\/p>\n","protected":false},"excerpt":{"rendered":"<p>Le Kowe\u00eft est vis\u00e9 jeudi matin par une attaque de l'Iran men\u00e9e \u00e0 l'aide de missiles et drones, apr\u00e8s plusieurs \u00e9changes de frappes ces derniers jours entre les Etats-Unis et la R\u00e9publique islamique. \"La d\u00e9fense anti-a\u00e9rienne du Kowe\u00eft est actuellement confront\u00e9e \u00e0 des attaques hostiles de missiles et de drones \u00e0 la suite de l'ignoble [&hellip;]<\/p>\n","protected":false},"author":60,"featured_media":0,"comment_status":"open","ping_status":"closed","sticky":false,"template":"","format":"standard","meta":{"_acf_changed":false,"footnotes":""},"categories":[2576],"tags":[],"ji_location":[],"class_list":["post-164482","post","type-post","status-publish","format-standard","hentry","category-fil-d-actualite"],"acf":[],"yoast_head":"<!-- This site is optimized with the Yoast SEO Premium plugin v25.3.1 (Yoast SEO v25.3.1) - https:\/\/yoast.com\/wordpress\/plugins\/seo\/ -->\n<title>Le Kowe\u00eft vis\u00e9 par une attaque iranienne de missiles et drones - JusticeInfo.net<\/title>\n<meta name=\"robots\" content=\"index, follow, max-snippet:-1, max-image-preview:large, max-video-preview:-1\" \/>\n<link rel=\"canonical\" href=\"https:\/\/www.justiceinfo.net\/fr\/164482-le-koweit-vise-par-une-attaque-iranienne-de-missiles-et-drones.html\" \/>\n<meta property=\"og:locale\" content=\"fr_FR\" \/>\n<meta property=\"og:type\" content=\"article\" \/>\n<meta property=\"og:title\" content=\"Le Kowe\u00eft vis\u00e9 par une attaque iranienne de missiles et drones\" \/>\n<meta property=\"og:description\" content=\"Le Kowe\u00eft est vis\u00e9 jeudi matin par une attaque de l&#039;Iran men\u00e9e \u00e0 l&#039;aide de missiles et drones, apr\u00e8s plusieurs \u00e9changes de frappes ces derniers jours entre les Etats-Unis et la R\u00e9publique islamique. &quot;La d\u00e9fense anti-a\u00e9rienne du Kowe\u00eft est actuellement confront\u00e9e \u00e0 des attaques hostiles de missiles et de drones \u00e0 la suite de l&#039;ignoble [&hellip;]\" \/>\n<meta property=\"og:url\" content=\"https:\/\/www.justiceinfo.net\/fr\/164482-le-koweit-vise-par-une-attaque-iranienne-de-missiles-et-drones.html\" \/>\n<meta property=\"og:site_name\" content=\"JusticeInfo.net\" \/>\n<meta property=\"article:publisher\" content=\"https:\/\/www.facebook.com\/JusticeInfo\/\" \/>\n<meta property=\"article:published_time\" content=\"2026-09-02T22:28:03+00:00\" \/>\n<meta property=\"og:image\" content=\"https:\/\/www.justiceinfo.net\/wp-content\/uploads\/JusticeInfoNet_logo_1200x630px.jpg\" \/>\n\t<meta property=\"og:image:width\" content=\"1200\" \/>\n\t<meta property=\"og:image:height\" content=\"630\" \/>\n\t<meta property=\"og:image:type\" content=\"image\/jpeg\" \/>\n<meta name=\"author\" content=\"afp\" \/>\n<meta name=\"twitter:card\" content=\"summary_large_image\" \/>\n<meta name=\"twitter:creator\" content=\"@justiceinfonet\" \/>\n<meta name=\"twitter:site\" content=\"@justiceinfonet\" \/>\n<meta name=\"twitter:label1\" content=\"\u00c9crit par\" \/>\n\t<meta name=\"twitter:data1\" content=\"afp\" \/>\n\t<meta name=\"twitter:label2\" content=\"Dur\u00e9e de lecture estim\u00e9e\" \/>\n\t<meta name=\"twitter:data2\" content=\"2 minutes\" \/>\n<script type=\"application\/ld+json\" class=\"yoast-schema-graph\">{\"@context\":\"https:\/\/schema.org\",\"@graph\":[{\"@type\":\"NewsArticle\",\"@id\":\"https:\/\/www.justiceinfo.net\/fr\/164482-le-koweit-vise-par-une-attaque-iranienne-de-missiles-et-drones.html#article\",\"isPartOf\":{\"@id\":\"https:\/\/www.justiceinfo.net\/fr\/164482-le-koweit-vise-par-une-attaque-iranienne-de-missiles-et-drones.html\"},\"author\":{\"name\":\"afp\",\"@id\":\"https:\/\/www.justiceinfo.net\/fr#\/schema\/person\/713d340ef5f218fc36ce9b4244364a7f\"},\"headline\":\"Le Kowe\u00eft vis\u00e9 par une attaque iranienne de missiles et drones\",\"datePublished\":\"2026-09-02T22:28:03+00:00\",\"mainEntityOfPage\":{\"@id\":\"https:\/\/www.justiceinfo.net\/fr\/164482-le-koweit-vise-par-une-attaque-iranienne-de-missiles-et-drones.html\"},\"wordCount\":349,\"commentCount\":0,\"publisher\":{\"@id\":\"https:\/\/www.justiceinfo.net\/fr#organization\"},\"articleSection\":[\"Fil d'info AFP\"],\"inLanguage\":\"fr-FR\",\"potentialAction\":[{\"@type\":\"CommentAction\",\"name\":\"Comment\",\"target\":[\"https:\/\/www.justiceinfo.net\/fr\/164482-le-koweit-vise-par-une-attaque-iranienne-de-missiles-et-drones.html#respond\"]}]},{\"@type\":\"WebPage\",\"@id\":\"https:\/\/www.justiceinfo.net\/fr\/164482-le-koweit-vise-par-une-attaque-iranienne-de-missiles-et-drones.html\",\"url\":\"https:\/\/www.justiceinfo.net\/fr\/164482-le-koweit-vise-par-une-attaque-iranienne-de-missiles-et-drones.html\",\"name\":\"Le Kowe\u00eft vis\u00e9 par une attaque iranienne de missiles et drones - JusticeInfo.net\",\"isPartOf\":{\"@id\":\"https:\/\/www.justiceinfo.net\/fr#website\"},\"datePublished\":\"2026-09-02T22:28:03+00:00\",\"breadcrumb\":{\"@id\":\"https:\/\/www.justiceinfo.net\/fr\/164482-le-koweit-vise-par-une-attaque-iranienne-de-missiles-et-drones.html#breadcrumb\"},\"inLanguage\":\"fr-FR\",\"potentialAction\":[{\"@type\":\"ReadAction\",\"target\":[\"https:\/\/www.justiceinfo.net\/fr\/164482-le-koweit-vise-par-une-attaque-iranienne-de-missiles-et-drones.html\"]}]},{\"@type\":\"BreadcrumbList\",\"@id\":\"https:\/\/www.justiceinfo.net\/fr\/164482-le-koweit-vise-par-une-attaque-iranienne-de-missiles-et-drones.html#breadcrumb\",\"itemListElement\":[{\"@type\":\"ListItem\",\"position\":1,\"name\":\"Home\",\"item\":\"https:\/\/www.justiceinfo.net\/fr\"},{\"@type\":\"ListItem\",\"position\":2,\"name\":\"Le Kowe\u00eft vis\u00e9 par une attaque iranienne de missiles et drones\"}]},{\"@type\":\"WebSite\",\"@id\":\"https:\/\/www.justiceinfo.net\/fr#website\",\"url\":\"https:\/\/www.justiceinfo.net\/fr\",\"name\":\"JusticeInfo.net\",\"description\":\"La justice doit \u00eatre vue pour \u00eatre rendue\",\"publisher\":{\"@id\":\"https:\/\/www.justiceinfo.net\/fr#organization\"},\"potentialAction\":[{\"@type\":\"SearchAction\",\"target\":{\"@type\":\"EntryPoint\",\"urlTemplate\":\"https:\/\/www.justiceinfo.net\/fr?s={search_term_string}\"},\"query-input\":{\"@type\":\"PropertyValueSpecification\",\"valueRequired\":true,\"valueName\":\"search_term_string\"}}],\"inLanguage\":\"fr-FR\"},{\"@type\":\"Organization\",\"@id\":\"https:\/\/www.justiceinfo.net\/fr#organization\",\"name\":\"Justice Info\",\"url\":\"https:\/\/www.justiceinfo.net\/fr\",\"logo\":{\"@type\":\"ImageObject\",\"inLanguage\":\"fr-FR\",\"@id\":\"https:\/\/www.justiceinfo.net\/fr#\/schema\/logo\/image\/\",\"url\":\"https:\/\/www.justiceinfo.net\/wp-content\/uploads\/justiceinfo_logo-trans_1200x1200px.png\",\"contentUrl\":\"https:\/\/www.justiceinfo.net\/wp-content\/uploads\/justiceinfo_logo-trans_1200x1200px.png\",\"width\":1199,\"height\":1200,\"caption\":\"Justice Info\"},\"image\":{\"@id\":\"https:\/\/www.justiceinfo.net\/fr#\/schema\/logo\/image\/\"},\"sameAs\":[\"https:\/\/www.facebook.com\/JusticeInfo\/\",\"https:\/\/x.com\/justiceinfonet\",\"https:\/\/www.linkedin.com\/company\/justice-info\",\"https:\/\/www.youtube.com\/channel\/UCyCEsARodyuWtkWyhn-e7pA\"]},{\"@type\":\"Person\",\"name\":\"afp\",\"url\":\"\/fr\/?s=afp\"}]}<\/script>\n<!-- \/ Yoast SEO Premium plugin. -->","yoast_head_json":{"title":"Le Kowe\u00eft vis\u00e9 par une attaque iranienne de missiles et drones - JusticeInfo.net","robots":{"index":"index","follow":"follow","max-snippet":"max-snippet:-1","max-image-preview":"max-image-preview:large","max-video-preview":"max-video-preview:-1"},"canonical":"https:\/\/www.justiceinfo.net\/fr\/164482-le-koweit-vise-par-une-attaque-iranienne-de-missiles-et-drones.html","og_locale":"fr_FR","og_type":"article","og_title":"Le Kowe\u00eft vis\u00e9 par une attaque iranienne de missiles et drones","og_description":"Le Kowe\u00eft est vis\u00e9 jeudi matin par une attaque de l'Iran men\u00e9e \u00e0 l'aide de missiles et drones, apr\u00e8s plusieurs \u00e9changes de frappes ces derniers jours entre les Etats-Unis et la R\u00e9publique islamique. \"La d\u00e9fense anti-a\u00e9rienne du Kowe\u00eft est actuellement confront\u00e9e \u00e0 des attaques hostiles de missiles et de drones \u00e0 la suite de l'ignoble [&hellip;]","og_url":"https:\/\/www.justiceinfo.net\/fr\/164482-le-koweit-vise-par-une-attaque-iranienne-de-missiles-et-drones.html","og_site_name":"JusticeInfo.net","article_publisher":"https:\/\/www.facebook.com\/JusticeInfo\/","article_published_time":"2026-09-02T22:28:03+00:00","og_image":[{"width":1200,"height":630,"url":"https:\/\/www.justiceinfo.net\/wp-content\/uploads\/JusticeInfoNet_logo_1200x630px.jpg","type":"image\/jpeg"}],"author":"afp","twitter_card":"summary_large_image","twitter_creator":"@justiceinfonet","twitter_site":"@justiceinfonet","twitter_misc":{"\u00c9crit par":"afp","Dur\u00e9e de lecture estim\u00e9e":"2 minutes"},"schema":{"@context":"https:\/\/schema.org","@graph":[{"@type":"NewsArticle","@id":"https:\/\/www.justiceinfo.net\/fr\/164482-le-koweit-vise-par-une-attaque-iranienne-de-missiles-et-drones.html#article","isPartOf":{"@id":"https:\/\/www.justiceinfo.net\/fr\/164482-le-koweit-vise-par-une-attaque-iranienne-de-missiles-et-drones.html"},"author":{"name":"afp","@id":"https:\/\/www.justiceinfo.net\/fr#\/schema\/person\/713d340ef5f218fc36ce9b4244364a7f"},"headline":"Le Kowe\u00eft vis\u00e9 par une attaque iranienne de missiles et drones","datePublished":"2026-09-02T22:28:03+00:00","mainEntityOfPage":{"@id":"https:\/\/www.justiceinfo.net\/fr\/164482-le-koweit-vise-par-une-attaque-iranienne-de-missiles-et-drones.html"},"wordCount":349,"commentCount":0,"publisher":{"@id":"https:\/\/www.justiceinfo.net\/fr#organization"},"articleSection":["Fil d'info AFP"],"inLanguage":"fr-FR","potentialAction":[{"@type":"CommentAction","name":"Comment","target":["https:\/\/www.justiceinfo.net\/fr\/164482-le-koweit-vise-par-une-attaque-iranienne-de-missiles-et-drones.html#respond"]}]},{"@type":"WebPage","@id":"https:\/\/www.justiceinfo.net\/fr\/164482-le-koweit-vise-par-une-attaque-iranienne-de-missiles-et-drones.html","url":"https:\/\/www.justiceinfo.net\/fr\/164482-le-koweit-vise-par-une-attaque-iranienne-de-missiles-et-drones.html","name":"Le Kowe\u00eft vis\u00e9 par une attaque iranienne de missiles et drones - JusticeInfo.net","isPartOf":{"@id":"https:\/\/www.justiceinfo.net\/fr#website"},"datePublished":"2026-09-02T22:28:03+00:00","breadcrumb":{"@id":"https:\/\/www.justiceinfo.net\/fr\/164482-le-koweit-vise-par-une-attaque-iranienne-de-missiles-et-drones.html#breadcrumb"},"inLanguage":"fr-FR","potentialAction":[{"@type":"ReadAction","target":["https:\/\/www.justiceinfo.net\/fr\/164482-le-koweit-vise-par-une-attaque-iranienne-de-missiles-et-drones.html"]}]},{"@type":"BreadcrumbList","@id":"https:\/\/www.justiceinfo.net\/fr\/164482-le-koweit-vise-par-une-attaque-iranienne-de-missiles-et-drones.html#breadcrumb","itemListElement":[{"@type":"ListItem","position":1,"name":"Home","item":"https:\/\/www.justiceinfo.net\/fr"},{"@type":"ListItem","position":2,"name":"Le Kowe\u00eft vis\u00e9 par une attaque iranienne de missiles et drones"}]},{"@type":"WebSite","@id":"https:\/\/www.justiceinfo.net\/fr#website","url":"https:\/\/www.justiceinfo.net\/fr","name":"JusticeInfo.net","description":"La justice doit \u00eatre vue pour \u00eatre rendue","publisher":{"@id":"https:\/\/www.justiceinfo.net\/fr#organization"},"potentialAction":[{"@type":"SearchAction","target":{"@type":"EntryPoint","urlTemplate":"https:\/\/www.justiceinfo.net\/fr?s={search_term_string}"},"query-input":{"@type":"PropertyValueSpecification","valueRequired":true,"valueName":"search_term_string"}}],"inLanguage":"fr-FR"},{"@type":"Organization","@id":"https:\/\/www.justiceinfo.net\/fr#organization","name":"Justice Info","url":"https:\/\/www.justiceinfo.net\/fr","logo":{"@type":"ImageObject","inLanguage":"fr-FR","@id":"https:\/\/www.justiceinfo.net\/fr#\/schema\/logo\/image\/","url":"https:\/\/www.justiceinfo.net\/wp-content\/uploads\/justiceinfo_logo-trans_1200x1200px.png","contentUrl":"https:\/\/www.justiceinfo.net\/wp-content\/uploads\/justiceinfo_logo-trans_1200x1200px.png","width":1199,"height":1200,"caption":"Justice Info"},"image":{"@id":"https:\/\/www.justiceinfo.net\/fr#\/schema\/logo\/image\/"},"sameAs":["https:\/\/www.facebook.com\/JusticeInfo\/","https:\/\/x.com\/justiceinfonet","https:\/\/www.linkedin.com\/company\/justice-info","https:\/\/www.youtube.com\/channel\/UCyCEsARodyuWtkWyhn-e7pA"]},{"@type":"Person","name":"afp","url":"\/fr\/?s=afp"}]}},"_links":{"self":[{"href":"https:\/\/www.justiceinfo.net\/fr\/wp-json\/wp\/v2\/posts\/164482","targetHints":{"allow":["GET"]}}],"collection":[{"href":"https:\/\/www.justiceinfo.net\/fr\/wp-json\/wp\/v2\/posts"}],"about":[{"href":"https:\/\/www.justiceinfo.net\/fr\/wp-json\/wp\/v2\/types\/post"}],"author":[{"embeddable":true,"href":"https:\/\/www.justiceinfo.net\/fr\/wp-json\/wp\/v2\/users\/60"}],"replies":[{"embeddable":true,"href":"https:\/\/www.justiceinfo.net\/fr\/wp-json\/wp\/v2\/comments?post=164482"}],"version-history":[{"count":0,"href":"https:\/\/www.justiceinfo.net\/fr\/wp-json\/wp\/v2\/posts\/164482\/revisions"}],"wp:attachment":[{"href":"https:\/\/www.justiceinfo.net\/fr\/wp-json\/wp\/v2\/media?parent=164482"}],"wp:term":[{"taxonomy":"category","embeddable":true,"href":"https:\/\/www.justiceinfo.net\/fr\/wp-json\/wp\/v2\/categories?post=164482"},{"taxonomy":"post_tag","embeddable":true,"href":"https:\/\/www.justiceinfo.net\/fr\/wp-json\/wp\/v2\/tags?post=164482"},{"taxonomy":"ji_location","embeddable":true,"href":"https:\/\/www.justiceinfo.net\/fr\/wp-json\/wp\/v2\/ji_location?post=164482"}],"curies":[{"name":"wp","href":"https:\/\/api.w.org\/{rel}","templated":true}]}}