{"id":164521,"date":"2026-09-03T08:28:03","date_gmt":"2026-09-03T06:28:03","guid":{"rendered":"https:\/\/www.justiceinfo.net\/164521-liran-vise-a-nouveau-le-golfe-malgre-les-menaces-de-trump.html"},"modified":"2026-09-03T08:28:03","modified_gmt":"2026-09-03T06:28:03","slug":"liran-vise-a-nouveau-le-golfe-malgre-les-menaces-de-trump","status":"publish","type":"post","link":"https:\/\/www.justiceinfo.net\/fr\/164521-liran-vise-a-nouveau-le-golfe-malgre-les-menaces-de-trump.html","title":{"rendered":"L'Iran vise \u00e0 nouveau le Golfe malgr\u00e9 les menaces de Trump"},"content":{"rendered":"<p>\n             L'Iran a de nouveau vis\u00e9 jeudi des cibles militaires am\u00e9ricaines au Kowe\u00eft et aux Emirats arabes unis, faisant fi de menaces de Donald Trump, dans un \u00e9ni\u00e8me regain d'hostilit\u00e9s au Moyen-Orient.\n<\/p>\n<p>\n            Apr\u00e8s un mois d'accalmie, les affrontements entre Washington et T\u00e9h\u00e9ran ont repris dimanche \u00e0 l'initiative de l'arm\u00e9e am\u00e9ricaine, qui a dit vouloir emp\u00eacher des roquettes charg\u00e9es de mines marines d'\u00eatre tir\u00e9es dans le d\u00e9troit d'Ormuz.\n<\/p>\n<p>\n            Verrouill\u00e9e par T\u00e9h\u00e9ran, cette voie maritime strat\u00e9gique pour le commerce mondial d'hydrocarbures est au coeur de la guerre, d\u00e9clench\u00e9e par une offensive isra\u00e9lo-am\u00e9ricaine le 28 f\u00e9vrier.\n<\/p>\n<p>\n            Jurant de \"briser\" l'ennemi am\u00e9ricain, l'Iran a ripost\u00e9 en ciblant, comme depuis le d\u00e9but du conflit, les alli\u00e9s de Washington dans la r\u00e9gion.\n<\/p>\n<p>\n            Son arm\u00e9e a vis\u00e9 \"au moyen de missiles et de drones les syst\u00e8mes de communication par satellite, les d\u00e9p\u00f4ts d'\u00e9quipement et les hangars d'avions de combat de l'arm\u00e9e terroriste am\u00e9ricaine dans la base a\u00e9rienne Ahmad al-Jaber\", selon un communiqu\u00e9 militaire.\n<\/p>\n<p>\n            Aux Emirats arabes unis, ce sont les syst\u00e8mes radar am\u00e9ricains qui ont \u00e9t\u00e9 vis\u00e9s sur la base a\u00e9rienne al-Minhad, a ajout\u00e9 cette source.\n<\/p>\n<p>\n            Le Kowe\u00eft s'est inqui\u00e9t\u00e9 \"d'une menace directe\" \u00e0 la s\u00e9curit\u00e9 et la stabilit\u00e9 du pays, d\u00e9non\u00e7ant une \"ignoble agression iranienne\".\n<\/p>\n<p>\n            La t\u00e9l\u00e9vision d'Etat iranienne a indiqu\u00e9 que ces attaques avaient \u00e9t\u00e9 men\u00e9es \"en r\u00e9ponse aux crimes commis par l'Am\u00e9rique contre le peuple iranien\".\n<\/p>\n<p>\n            Au moins 19 personnes, dont sept membres des forces arm\u00e9es, ont \u00e9t\u00e9 tu\u00e9es en Iran dans la nuit de mardi \u00e0 mercredi dans des bombardements am\u00e9ricains. Quatre d'entre elles ont p\u00e9ri dans une attaque au cours d'un mariage dans le district de Sirik (sud-est), o\u00f9 pr\u00e8s de 70 personnes ont \u00e9t\u00e9 bless\u00e9es.\n<\/p>\n<p>\n            - March\u00e9s sceptiques -\n<\/p>\n<p>\n            Si les Etats-Unis n'ont pas bombard\u00e9 l'Iran ces derni\u00e8res heures, Donald Trump a averti qu'ils restaient pr\u00eats \u00e0 frapper \"\u00e0 tout moment\", alors que les n\u00e9gociations pour mettre fin au conflit sont dans l'impasse.\n<\/p>\n<p>\n            Selon l'opposition d\u00e9mocrate toutefois, les combats ont ass\u00e9ch\u00e9 les stocks am\u00e9ricains de munitions, ce que l'administration r\u00e9fute.\n<\/p>\n<p>\n            D\u00e9non\u00e7ant un \"crime de guerre\" apr\u00e8s l'attaque ayant endeuill\u00e9 le mariage, l'Iran avait men\u00e9 mercredi une vaste riposte, ciblant outre le Kowe\u00eft et les Emirats, la Jordanie, Bahre\u00efn et l'Irak.\n<\/p>\n<p>\n            Et il a pr\u00e9venu les Etats-Unis qu'ils devaient d\u00e9sormais s'attendre \u00e0 une \"nouvelle strat\u00e9gie\" destin\u00e9e \u00e0 \"briser les fondements\" de l'ennemi, sans en d\u00e9tailler les contours.\n<\/p>\n<p>\n            Il a aussi adress\u00e9 une nouvelle mise en garde \u00e0 \"tout pays coop\u00e9rant avec l'arm\u00e9e am\u00e9ricaine agressive\".\n<\/p>\n<p>\n            Alors que Donald Trump peine \u00e0 trouver une issue \u00e0 ce conflit impopulaire et co\u00fbteux, l'administration am\u00e9ricaine mise aussi sur la pression \u00e9conomique, avec par exemple l'annonce d'un nouveau train de sanctions secondaires contre les partenaires commerciaux de T\u00e9h\u00e9ran.\n<\/p>\n<p>\n            Ces derni\u00e8res mesures vont permettre d'exercer \"une pression \u00e9conomique maximale\" sur le pays, a insist\u00e9 mercredi Chris Wright, le ministre am\u00e9ricain de l'Energie, lors d'un d\u00e9placement au Venezuela.\n<\/p>\n<p>\n            Les cours du p\u00e9trole, repartis \u00e0 la hausse ces derniers jours du fait du regain de violences, refluaient jeudi, le Brent, r\u00e9f\u00e9rence mondiale, repassant sous la barre des 95 dollars.\n<\/p>\n<p>\n            Les investisseurs restent tout de m\u00eame sceptiques \"quant \u00e0 une normalisation prochaine des flux \u00e9nerg\u00e9tiques transitant par le d\u00e9troit d'Ormuz\", observe Jim Reid, \u00e9conomiste pour la Deutsche Bank.\n<\/p>\n<p>\n            burs-cgo\/anb\n<\/p>\n<p>\n            DEUTSCHE BANK<\/p>\n","protected":false},"excerpt":{"rendered":"<p>L'Iran a de nouveau vis\u00e9 jeudi des cibles militaires am\u00e9ricaines au Kowe\u00eft et aux Emirats arabes unis, faisant fi de menaces de Donald Trump, dans un \u00e9ni\u00e8me regain d'hostilit\u00e9s au Moyen-Orient. Apr\u00e8s un mois d'accalmie, les affrontements entre Washington et T\u00e9h\u00e9ran ont repris dimanche \u00e0 l'initiative de l'arm\u00e9e am\u00e9ricaine, qui a dit vouloir emp\u00eacher des [&hellip;]<\/p>\n","protected":false},"author":60,"featured_media":0,"comment_status":"open","ping_status":"closed","sticky":false,"template":"","format":"standard","meta":{"_acf_changed":false,"footnotes":""},"categories":[2576],"tags":[],"ji_location":[],"class_list":["post-164521","post","type-post","status-publish","format-standard","hentry","category-fil-d-actualite"],"acf":[],"yoast_head":"<!-- This site is optimized with the Yoast SEO Premium plugin v25.3.1 (Yoast SEO v25.3.1) - https:\/\/yoast.com\/wordpress\/plugins\/seo\/ -->\n<title>L&#039;Iran vise \u00e0 nouveau le Golfe malgr\u00e9 les menaces de Trump - JusticeInfo.net<\/title>\n<meta name=\"robots\" content=\"index, follow, max-snippet:-1, max-image-preview:large, max-video-preview:-1\" \/>\n<link rel=\"canonical\" href=\"https:\/\/www.justiceinfo.net\/fr\/164521-liran-vise-a-nouveau-le-golfe-malgre-les-menaces-de-trump.html\" \/>\n<meta property=\"og:locale\" content=\"fr_FR\" \/>\n<meta property=\"og:type\" content=\"article\" \/>\n<meta property=\"og:title\" content=\"L&#039;Iran vise \u00e0 nouveau le Golfe malgr\u00e9 les menaces de Trump\" \/>\n<meta property=\"og:description\" content=\"L&#039;Iran a de nouveau vis\u00e9 jeudi des cibles militaires am\u00e9ricaines au Kowe\u00eft et aux Emirats arabes unis, faisant fi de menaces de Donald Trump, dans un \u00e9ni\u00e8me regain d&#039;hostilit\u00e9s au Moyen-Orient. Apr\u00e8s un mois d&#039;accalmie, les affrontements entre Washington et T\u00e9h\u00e9ran ont repris dimanche \u00e0 l&#039;initiative de l&#039;arm\u00e9e am\u00e9ricaine, qui a dit vouloir emp\u00eacher des [&hellip;]\" \/>\n<meta property=\"og:url\" content=\"https:\/\/www.justiceinfo.net\/fr\/164521-liran-vise-a-nouveau-le-golfe-malgre-les-menaces-de-trump.html\" \/>\n<meta property=\"og:site_name\" content=\"JusticeInfo.net\" \/>\n<meta property=\"article:publisher\" content=\"https:\/\/www.facebook.com\/JusticeInfo\/\" \/>\n<meta property=\"article:published_time\" content=\"2026-09-03T06:28:03+00:00\" \/>\n<meta property=\"og:image\" content=\"https:\/\/www.justiceinfo.net\/wp-content\/uploads\/JusticeInfoNet_logo_1200x630px.jpg\" \/>\n\t<meta property=\"og:image:width\" content=\"1200\" \/>\n\t<meta property=\"og:image:height\" content=\"630\" \/>\n\t<meta property=\"og:image:type\" content=\"image\/jpeg\" \/>\n<meta name=\"author\" content=\"afp\" \/>\n<meta name=\"twitter:card\" content=\"summary_large_image\" \/>\n<meta name=\"twitter:creator\" content=\"@justiceinfonet\" \/>\n<meta name=\"twitter:site\" content=\"@justiceinfonet\" \/>\n<meta name=\"twitter:label1\" content=\"\u00c9crit par\" \/>\n\t<meta name=\"twitter:data1\" content=\"afp\" \/>\n\t<meta name=\"twitter:label2\" content=\"Dur\u00e9e de lecture estim\u00e9e\" \/>\n\t<meta name=\"twitter:data2\" content=\"3 minutes\" \/>\n<script type=\"application\/ld+json\" class=\"yoast-schema-graph\">{\"@context\":\"https:\/\/schema.org\",\"@graph\":[{\"@type\":\"NewsArticle\",\"@id\":\"https:\/\/www.justiceinfo.net\/fr\/164521-liran-vise-a-nouveau-le-golfe-malgre-les-menaces-de-trump.html#article\",\"isPartOf\":{\"@id\":\"https:\/\/www.justiceinfo.net\/fr\/164521-liran-vise-a-nouveau-le-golfe-malgre-les-menaces-de-trump.html\"},\"author\":{\"name\":\"afp\",\"@id\":\"https:\/\/www.justiceinfo.net\/fr#\/schema\/person\/713d340ef5f218fc36ce9b4244364a7f\"},\"headline\":\"L'Iran vise \u00e0 nouveau le Golfe malgr\u00e9 les menaces de Trump\",\"datePublished\":\"2026-09-03T06:28:03+00:00\",\"mainEntityOfPage\":{\"@id\":\"https:\/\/www.justiceinfo.net\/fr\/164521-liran-vise-a-nouveau-le-golfe-malgre-les-menaces-de-trump.html\"},\"wordCount\":651,\"commentCount\":0,\"publisher\":{\"@id\":\"https:\/\/www.justiceinfo.net\/fr#organization\"},\"articleSection\":[\"Fil d'info AFP\"],\"inLanguage\":\"fr-FR\",\"potentialAction\":[{\"@type\":\"CommentAction\",\"name\":\"Comment\",\"target\":[\"https:\/\/www.justiceinfo.net\/fr\/164521-liran-vise-a-nouveau-le-golfe-malgre-les-menaces-de-trump.html#respond\"]}]},{\"@type\":\"WebPage\",\"@id\":\"https:\/\/www.justiceinfo.net\/fr\/164521-liran-vise-a-nouveau-le-golfe-malgre-les-menaces-de-trump.html\",\"url\":\"https:\/\/www.justiceinfo.net\/fr\/164521-liran-vise-a-nouveau-le-golfe-malgre-les-menaces-de-trump.html\",\"name\":\"L'Iran vise \u00e0 nouveau le Golfe malgr\u00e9 les menaces de Trump - JusticeInfo.net\",\"isPartOf\":{\"@id\":\"https:\/\/www.justiceinfo.net\/fr#website\"},\"datePublished\":\"2026-09-03T06:28:03+00:00\",\"breadcrumb\":{\"@id\":\"https:\/\/www.justiceinfo.net\/fr\/164521-liran-vise-a-nouveau-le-golfe-malgre-les-menaces-de-trump.html#breadcrumb\"},\"inLanguage\":\"fr-FR\",\"potentialAction\":[{\"@type\":\"ReadAction\",\"target\":[\"https:\/\/www.justiceinfo.net\/fr\/164521-liran-vise-a-nouveau-le-golfe-malgre-les-menaces-de-trump.html\"]}]},{\"@type\":\"BreadcrumbList\",\"@id\":\"https:\/\/www.justiceinfo.net\/fr\/164521-liran-vise-a-nouveau-le-golfe-malgre-les-menaces-de-trump.html#breadcrumb\",\"itemListElement\":[{\"@type\":\"ListItem\",\"position\":1,\"name\":\"Home\",\"item\":\"https:\/\/www.justiceinfo.net\/fr\"},{\"@type\":\"ListItem\",\"position\":2,\"name\":\"L'Iran vise \u00e0 nouveau le Golfe malgr\u00e9 les menaces de Trump\"}]},{\"@type\":\"WebSite\",\"@id\":\"https:\/\/www.justiceinfo.net\/fr#website\",\"url\":\"https:\/\/www.justiceinfo.net\/fr\",\"name\":\"JusticeInfo.net\",\"description\":\"La justice doit \u00eatre vue pour \u00eatre rendue\",\"publisher\":{\"@id\":\"https:\/\/www.justiceinfo.net\/fr#organization\"},\"potentialAction\":[{\"@type\":\"SearchAction\",\"target\":{\"@type\":\"EntryPoint\",\"urlTemplate\":\"https:\/\/www.justiceinfo.net\/fr?s={search_term_string}\"},\"query-input\":{\"@type\":\"PropertyValueSpecification\",\"valueRequired\":true,\"valueName\":\"search_term_string\"}}],\"inLanguage\":\"fr-FR\"},{\"@type\":\"Organization\",\"@id\":\"https:\/\/www.justiceinfo.net\/fr#organization\",\"name\":\"Justice Info\",\"url\":\"https:\/\/www.justiceinfo.net\/fr\",\"logo\":{\"@type\":\"ImageObject\",\"inLanguage\":\"fr-FR\",\"@id\":\"https:\/\/www.justiceinfo.net\/fr#\/schema\/logo\/image\/\",\"url\":\"https:\/\/www.justiceinfo.net\/wp-content\/uploads\/justiceinfo_logo-trans_1200x1200px.png\",\"contentUrl\":\"https:\/\/www.justiceinfo.net\/wp-content\/uploads\/justiceinfo_logo-trans_1200x1200px.png\",\"width\":1199,\"height\":1200,\"caption\":\"Justice Info\"},\"image\":{\"@id\":\"https:\/\/www.justiceinfo.net\/fr#\/schema\/logo\/image\/\"},\"sameAs\":[\"https:\/\/www.facebook.com\/JusticeInfo\/\",\"https:\/\/x.com\/justiceinfonet\",\"https:\/\/www.linkedin.com\/company\/justice-info\",\"https:\/\/www.youtube.com\/channel\/UCyCEsARodyuWtkWyhn-e7pA\"]},{\"@type\":\"Person\",\"name\":\"afp\",\"url\":\"\/fr\/?s=afp\"}]}<\/script>\n<!-- \/ Yoast SEO Premium plugin. -->","yoast_head_json":{"title":"L'Iran vise \u00e0 nouveau le Golfe malgr\u00e9 les menaces de Trump - JusticeInfo.net","robots":{"index":"index","follow":"follow","max-snippet":"max-snippet:-1","max-image-preview":"max-image-preview:large","max-video-preview":"max-video-preview:-1"},"canonical":"https:\/\/www.justiceinfo.net\/fr\/164521-liran-vise-a-nouveau-le-golfe-malgre-les-menaces-de-trump.html","og_locale":"fr_FR","og_type":"article","og_title":"L'Iran vise \u00e0 nouveau le Golfe malgr\u00e9 les menaces de Trump","og_description":"L'Iran a de nouveau vis\u00e9 jeudi des cibles militaires am\u00e9ricaines au Kowe\u00eft et aux Emirats arabes unis, faisant fi de menaces de Donald Trump, dans un \u00e9ni\u00e8me regain d'hostilit\u00e9s au Moyen-Orient. Apr\u00e8s un mois d'accalmie, les affrontements entre Washington et T\u00e9h\u00e9ran ont repris dimanche \u00e0 l'initiative de l'arm\u00e9e am\u00e9ricaine, qui a dit vouloir emp\u00eacher des [&hellip;]","og_url":"https:\/\/www.justiceinfo.net\/fr\/164521-liran-vise-a-nouveau-le-golfe-malgre-les-menaces-de-trump.html","og_site_name":"JusticeInfo.net","article_publisher":"https:\/\/www.facebook.com\/JusticeInfo\/","article_published_time":"2026-09-03T06:28:03+00:00","og_image":[{"width":1200,"height":630,"url":"https:\/\/www.justiceinfo.net\/wp-content\/uploads\/JusticeInfoNet_logo_1200x630px.jpg","type":"image\/jpeg"}],"author":"afp","twitter_card":"summary_large_image","twitter_creator":"@justiceinfonet","twitter_site":"@justiceinfonet","twitter_misc":{"\u00c9crit par":"afp","Dur\u00e9e de lecture estim\u00e9e":"3 minutes"},"schema":{"@context":"https:\/\/schema.org","@graph":[{"@type":"NewsArticle","@id":"https:\/\/www.justiceinfo.net\/fr\/164521-liran-vise-a-nouveau-le-golfe-malgre-les-menaces-de-trump.html#article","isPartOf":{"@id":"https:\/\/www.justiceinfo.net\/fr\/164521-liran-vise-a-nouveau-le-golfe-malgre-les-menaces-de-trump.html"},"author":{"name":"afp","@id":"https:\/\/www.justiceinfo.net\/fr#\/schema\/person\/713d340ef5f218fc36ce9b4244364a7f"},"headline":"L'Iran vise \u00e0 nouveau le Golfe malgr\u00e9 les menaces de Trump","datePublished":"2026-09-03T06:28:03+00:00","mainEntityOfPage":{"@id":"https:\/\/www.justiceinfo.net\/fr\/164521-liran-vise-a-nouveau-le-golfe-malgre-les-menaces-de-trump.html"},"wordCount":651,"commentCount":0,"publisher":{"@id":"https:\/\/www.justiceinfo.net\/fr#organization"},"articleSection":["Fil d'info AFP"],"inLanguage":"fr-FR","potentialAction":[{"@type":"CommentAction","name":"Comment","target":["https:\/\/www.justiceinfo.net\/fr\/164521-liran-vise-a-nouveau-le-golfe-malgre-les-menaces-de-trump.html#respond"]}]},{"@type":"WebPage","@id":"https:\/\/www.justiceinfo.net\/fr\/164521-liran-vise-a-nouveau-le-golfe-malgre-les-menaces-de-trump.html","url":"https:\/\/www.justiceinfo.net\/fr\/164521-liran-vise-a-nouveau-le-golfe-malgre-les-menaces-de-trump.html","name":"L'Iran vise \u00e0 nouveau le Golfe malgr\u00e9 les menaces de Trump - JusticeInfo.net","isPartOf":{"@id":"https:\/\/www.justiceinfo.net\/fr#website"},"datePublished":"2026-09-03T06:28:03+00:00","breadcrumb":{"@id":"https:\/\/www.justiceinfo.net\/fr\/164521-liran-vise-a-nouveau-le-golfe-malgre-les-menaces-de-trump.html#breadcrumb"},"inLanguage":"fr-FR","potentialAction":[{"@type":"ReadAction","target":["https:\/\/www.justiceinfo.net\/fr\/164521-liran-vise-a-nouveau-le-golfe-malgre-les-menaces-de-trump.html"]}]},{"@type":"BreadcrumbList","@id":"https:\/\/www.justiceinfo.net\/fr\/164521-liran-vise-a-nouveau-le-golfe-malgre-les-menaces-de-trump.html#breadcrumb","itemListElement":[{"@type":"ListItem","position":1,"name":"Home","item":"https:\/\/www.justiceinfo.net\/fr"},{"@type":"ListItem","position":2,"name":"L'Iran vise \u00e0 nouveau le Golfe malgr\u00e9 les menaces de Trump"}]},{"@type":"WebSite","@id":"https:\/\/www.justiceinfo.net\/fr#website","url":"https:\/\/www.justiceinfo.net\/fr","name":"JusticeInfo.net","description":"La justice doit \u00eatre vue pour \u00eatre rendue","publisher":{"@id":"https:\/\/www.justiceinfo.net\/fr#organization"},"potentialAction":[{"@type":"SearchAction","target":{"@type":"EntryPoint","urlTemplate":"https:\/\/www.justiceinfo.net\/fr?s={search_term_string}"},"query-input":{"@type":"PropertyValueSpecification","valueRequired":true,"valueName":"search_term_string"}}],"inLanguage":"fr-FR"},{"@type":"Organization","@id":"https:\/\/www.justiceinfo.net\/fr#organization","name":"Justice Info","url":"https:\/\/www.justiceinfo.net\/fr","logo":{"@type":"ImageObject","inLanguage":"fr-FR","@id":"https:\/\/www.justiceinfo.net\/fr#\/schema\/logo\/image\/","url":"https:\/\/www.justiceinfo.net\/wp-content\/uploads\/justiceinfo_logo-trans_1200x1200px.png","contentUrl":"https:\/\/www.justiceinfo.net\/wp-content\/uploads\/justiceinfo_logo-trans_1200x1200px.png","width":1199,"height":1200,"caption":"Justice Info"},"image":{"@id":"https:\/\/www.justiceinfo.net\/fr#\/schema\/logo\/image\/"},"sameAs":["https:\/\/www.facebook.com\/JusticeInfo\/","https:\/\/x.com\/justiceinfonet","https:\/\/www.linkedin.com\/company\/justice-info","https:\/\/www.youtube.com\/channel\/UCyCEsARodyuWtkWyhn-e7pA"]},{"@type":"Person","name":"afp","url":"\/fr\/?s=afp"}]}},"_links":{"self":[{"href":"https:\/\/www.justiceinfo.net\/fr\/wp-json\/wp\/v2\/posts\/164521","targetHints":{"allow":["GET"]}}],"collection":[{"href":"https:\/\/www.justiceinfo.net\/fr\/wp-json\/wp\/v2\/posts"}],"about":[{"href":"https:\/\/www.justiceinfo.net\/fr\/wp-json\/wp\/v2\/types\/post"}],"author":[{"embeddable":true,"href":"https:\/\/www.justiceinfo.net\/fr\/wp-json\/wp\/v2\/users\/60"}],"replies":[{"embeddable":true,"href":"https:\/\/www.justiceinfo.net\/fr\/wp-json\/wp\/v2\/comments?post=164521"}],"version-history":[{"count":0,"href":"https:\/\/www.justiceinfo.net\/fr\/wp-json\/wp\/v2\/posts\/164521\/revisions"}],"wp:attachment":[{"href":"https:\/\/www.justiceinfo.net\/fr\/wp-json\/wp\/v2\/media?parent=164521"}],"wp:term":[{"taxonomy":"category","embeddable":true,"href":"https:\/\/www.justiceinfo.net\/fr\/wp-json\/wp\/v2\/categories?post=164521"},{"taxonomy":"post_tag","embeddable":true,"href":"https:\/\/www.justiceinfo.net\/fr\/wp-json\/wp\/v2\/tags?post=164521"},{"taxonomy":"ji_location","embeddable":true,"href":"https:\/\/www.justiceinfo.net\/fr\/wp-json\/wp\/v2\/ji_location?post=164521"}],"curies":[{"name":"wp","href":"https:\/\/api.w.org\/{rel}","templated":true}]}}