{"id":164529,"date":"2026-09-03T11:28:02","date_gmt":"2026-09-03T09:28:02","guid":{"rendered":"https:\/\/www.justiceinfo.net\/164529-sabotage-du-gazoduc-nord-stream-un-premier-suspect-ukrainien-juge-des-octobre-en-allemagne.html"},"modified":"2026-09-03T11:28:02","modified_gmt":"2026-09-03T09:28:02","slug":"sabotage-du-gazoduc-nord-stream-un-premier-suspect-ukrainien-juge-des-octobre-en-allemagne","status":"publish","type":"post","link":"https:\/\/www.justiceinfo.net\/fr\/164529-sabotage-du-gazoduc-nord-stream-un-premier-suspect-ukrainien-juge-des-octobre-en-allemagne.html","title":{"rendered":"Sabotage du gazoduc Nord Stream : un premier suspect ukrainien jug\u00e9 d\u00e8s octobre en Allemagne"},"content":{"rendered":"<p>\n             Un suspect ukrainien arr\u00eat\u00e9 en Italie puis extrad\u00e9 vers l'Allemagne sera jug\u00e9 \u00e0 partir du 14 octobre \u00e0 Hambourg pour le sabotage du gazoduc germano-russe Nord Stream en 2022, que le parquet allemand impute \u00e0 Kiev.\n<\/p>\n<p>\n            Un deuxi\u00e8me suspect arr\u00eat\u00e9 puis lib\u00e9r\u00e9 en Pologne \u00e0 l'automne 2025, et de nouveau arr\u00eat\u00e9 en Croatie en ao\u00fbt, se trouve en d\u00e9tention provisoire dans ce dernier pays dans l'attente d'une \u00e9ventuelle extradition vers l'Allemagne.\n<\/p>\n<p>\n            Dans un communiqu\u00e9 publi\u00e9 jeudi, le tribunal r\u00e9gional sup\u00e9rieur de Hambourg a annonc\u00e9 le renvoi en proc\u00e8s d'un ancien officier ukrainien, identifi\u00e9 comme Sergui\u00ef Kuznietsov au moment de son extradition.\n<\/p>\n<p>\n            Le proc\u00e8s de celui que la justice allemande consid\u00e8re comme le \"co-auteur\" de cet \"attentat\" sera le premier dans cette affaire, quatre ans apr\u00e8s le sabotage \u00e0 l'explosif de ces conduites sous-marines.\n<\/p>\n<p>\n            Le tribunal estime \"suffisants\" les soup\u00e7ons \u00e0 l'encontre du pr\u00e9venu, \u00e0 qui le parquet reproche en premier lieu un \"crime de guerre\" consistant en une \"attaque contre des biens civils\".\n<\/p>\n<p>\n            Une trentaine de jours d'audience sont pour l'heure pr\u00e9vus jusqu'en f\u00e9vrier 2027.\n<\/p>\n<p>\n            Le 26 septembre 2022, sept mois apr\u00e8s l'invasion russe de l'Ukraine, quatre \u00e9normes fuites de gaz pr\u00e9c\u00e9d\u00e9es d'explosions sous-marines avaient eu lieu \u00e0 quelques heures d'intervalle sur Nord Stream 1 et 2, des conduites acheminant l'essentiel du gaz russe vers l'Europe.\n<\/p>\n<p>\n            D\u00e9but juillet, le parquet allemand avait accus\u00e9 les autorit\u00e9s ukrainiennes d'avoir ordonn\u00e9 au suspect et \u00e0 \"d'autres militaires\" le sabotage.\n<\/p>\n<p>\n            Une accusation susceptible de compliquer les relations entre Kiev et l'Allemagne, un de ses principaux soutiens militaires.\n<\/p>\n<p>\n            L'Ukraine d\u00e9ment avoir orchestr\u00e9 le sabotage, mais n'a pas non plus cach\u00e9 sa satisfaction, jugeant l\u00e9gitime toute attaque pouvant affaiblir la capacit\u00e9 du Kremlin \u00e0 financer sa guerre.\n<\/p>\n<p>\n            Mi-ao\u00fbt, un deuxi\u00e8me Ukrainien, plongeur de formation, a \u00e9t\u00e9 arr\u00eat\u00e9 en Croatie alors que, selon des m\u00e9dias allemands, il participait au tournage d'un film hollywoodien sur l'explosion des conduites.\n<\/p>\n<p>\n            Selon le parquet f\u00e9d\u00e9ral allemand, Vladimir Z. faisait partie du commando dirig\u00e9 par Sergui\u00ef Kuznietsov.\n<\/p>\n<p>\n            Vladimir Z. avait d\u00e9j\u00e0 \u00e9t\u00e9 arr\u00eat\u00e9 en Pologne mais un juge polonais avait refus\u00e9 de l'extrader, arguant qu'il avait commis un acte juste, et ordonn\u00e9 sa lib\u00e9ration.<\/p>\n","protected":false},"excerpt":{"rendered":"<p>Un suspect ukrainien arr\u00eat\u00e9 en Italie puis extrad\u00e9 vers l'Allemagne sera jug\u00e9 \u00e0 partir du 14 octobre \u00e0 Hambourg pour le sabotage du gazoduc germano-russe Nord Stream en 2022, que le parquet allemand impute \u00e0 Kiev. Un deuxi\u00e8me suspect arr\u00eat\u00e9 puis lib\u00e9r\u00e9 en Pologne \u00e0 l'automne 2025, et de nouveau arr\u00eat\u00e9 en Croatie en ao\u00fbt, [&hellip;]<\/p>\n","protected":false},"author":60,"featured_media":0,"comment_status":"open","ping_status":"closed","sticky":false,"template":"","format":"standard","meta":{"_acf_changed":false,"footnotes":""},"categories":[2576],"tags":[],"ji_location":[],"class_list":["post-164529","post","type-post","status-publish","format-standard","hentry","category-fil-d-actualite"],"acf":[],"yoast_head":"<!-- This site is optimized with the Yoast SEO Premium plugin v25.3.1 (Yoast SEO v25.3.1) - https:\/\/yoast.com\/wordpress\/plugins\/seo\/ -->\n<title>Sabotage du gazoduc Nord Stream : un premier suspect ukrainien jug\u00e9 d\u00e8s octobre en Allemagne - JusticeInfo.net<\/title>\n<meta name=\"robots\" content=\"index, follow, max-snippet:-1, max-image-preview:large, max-video-preview:-1\" \/>\n<link rel=\"canonical\" href=\"https:\/\/www.justiceinfo.net\/fr\/164529-sabotage-du-gazoduc-nord-stream-un-premier-suspect-ukrainien-juge-des-octobre-en-allemagne.html\" \/>\n<meta property=\"og:locale\" content=\"fr_FR\" \/>\n<meta property=\"og:type\" content=\"article\" \/>\n<meta property=\"og:title\" content=\"Sabotage du gazoduc Nord Stream : un premier suspect ukrainien jug\u00e9 d\u00e8s octobre en Allemagne\" \/>\n<meta property=\"og:description\" content=\"Un suspect ukrainien arr\u00eat\u00e9 en Italie puis extrad\u00e9 vers l&#039;Allemagne sera jug\u00e9 \u00e0 partir du 14 octobre \u00e0 Hambourg pour le sabotage du gazoduc germano-russe Nord Stream en 2022, que le parquet allemand impute \u00e0 Kiev. Un deuxi\u00e8me suspect arr\u00eat\u00e9 puis lib\u00e9r\u00e9 en Pologne \u00e0 l&#039;automne 2025, et de nouveau arr\u00eat\u00e9 en Croatie en ao\u00fbt, [&hellip;]\" \/>\n<meta property=\"og:url\" content=\"https:\/\/www.justiceinfo.net\/fr\/164529-sabotage-du-gazoduc-nord-stream-un-premier-suspect-ukrainien-juge-des-octobre-en-allemagne.html\" \/>\n<meta property=\"og:site_name\" content=\"JusticeInfo.net\" \/>\n<meta property=\"article:publisher\" content=\"https:\/\/www.facebook.com\/JusticeInfo\/\" \/>\n<meta property=\"article:published_time\" content=\"2026-09-03T09:28:02+00:00\" \/>\n<meta property=\"og:image\" content=\"https:\/\/www.justiceinfo.net\/wp-content\/uploads\/JusticeInfoNet_logo_1200x630px.jpg\" \/>\n\t<meta property=\"og:image:width\" content=\"1200\" \/>\n\t<meta property=\"og:image:height\" content=\"630\" \/>\n\t<meta property=\"og:image:type\" content=\"image\/jpeg\" \/>\n<meta name=\"author\" content=\"afp\" \/>\n<meta name=\"twitter:card\" content=\"summary_large_image\" \/>\n<meta name=\"twitter:creator\" content=\"@justiceinfonet\" \/>\n<meta name=\"twitter:site\" content=\"@justiceinfonet\" \/>\n<meta name=\"twitter:label1\" content=\"\u00c9crit par\" \/>\n\t<meta name=\"twitter:data1\" content=\"afp\" \/>\n\t<meta name=\"twitter:label2\" content=\"Dur\u00e9e de lecture estim\u00e9e\" \/>\n\t<meta name=\"twitter:data2\" content=\"2 minutes\" \/>\n<script type=\"application\/ld+json\" class=\"yoast-schema-graph\">{\"@context\":\"https:\/\/schema.org\",\"@graph\":[{\"@type\":\"NewsArticle\",\"@id\":\"https:\/\/www.justiceinfo.net\/fr\/164529-sabotage-du-gazoduc-nord-stream-un-premier-suspect-ukrainien-juge-des-octobre-en-allemagne.html#article\",\"isPartOf\":{\"@id\":\"https:\/\/www.justiceinfo.net\/fr\/164529-sabotage-du-gazoduc-nord-stream-un-premier-suspect-ukrainien-juge-des-octobre-en-allemagne.html\"},\"author\":{\"name\":\"afp\",\"@id\":\"https:\/\/www.justiceinfo.net\/fr#\/schema\/person\/713d340ef5f218fc36ce9b4244364a7f\"},\"headline\":\"Sabotage du gazoduc Nord Stream : un premier suspect ukrainien jug\u00e9 d\u00e8s octobre en Allemagne\",\"datePublished\":\"2026-09-03T09:28:02+00:00\",\"mainEntityOfPage\":{\"@id\":\"https:\/\/www.justiceinfo.net\/fr\/164529-sabotage-du-gazoduc-nord-stream-un-premier-suspect-ukrainien-juge-des-octobre-en-allemagne.html\"},\"wordCount\":409,\"commentCount\":0,\"publisher\":{\"@id\":\"https:\/\/www.justiceinfo.net\/fr#organization\"},\"articleSection\":[\"Fil d'info AFP\"],\"inLanguage\":\"fr-FR\",\"potentialAction\":[{\"@type\":\"CommentAction\",\"name\":\"Comment\",\"target\":[\"https:\/\/www.justiceinfo.net\/fr\/164529-sabotage-du-gazoduc-nord-stream-un-premier-suspect-ukrainien-juge-des-octobre-en-allemagne.html#respond\"]}]},{\"@type\":\"WebPage\",\"@id\":\"https:\/\/www.justiceinfo.net\/fr\/164529-sabotage-du-gazoduc-nord-stream-un-premier-suspect-ukrainien-juge-des-octobre-en-allemagne.html\",\"url\":\"https:\/\/www.justiceinfo.net\/fr\/164529-sabotage-du-gazoduc-nord-stream-un-premier-suspect-ukrainien-juge-des-octobre-en-allemagne.html\",\"name\":\"Sabotage du gazoduc Nord Stream : un premier suspect ukrainien jug\u00e9 d\u00e8s octobre en Allemagne - JusticeInfo.net\",\"isPartOf\":{\"@id\":\"https:\/\/www.justiceinfo.net\/fr#website\"},\"datePublished\":\"2026-09-03T09:28:02+00:00\",\"breadcrumb\":{\"@id\":\"https:\/\/www.justiceinfo.net\/fr\/164529-sabotage-du-gazoduc-nord-stream-un-premier-suspect-ukrainien-juge-des-octobre-en-allemagne.html#breadcrumb\"},\"inLanguage\":\"fr-FR\",\"potentialAction\":[{\"@type\":\"ReadAction\",\"target\":[\"https:\/\/www.justiceinfo.net\/fr\/164529-sabotage-du-gazoduc-nord-stream-un-premier-suspect-ukrainien-juge-des-octobre-en-allemagne.html\"]}]},{\"@type\":\"BreadcrumbList\",\"@id\":\"https:\/\/www.justiceinfo.net\/fr\/164529-sabotage-du-gazoduc-nord-stream-un-premier-suspect-ukrainien-juge-des-octobre-en-allemagne.html#breadcrumb\",\"itemListElement\":[{\"@type\":\"ListItem\",\"position\":1,\"name\":\"Home\",\"item\":\"https:\/\/www.justiceinfo.net\/fr\"},{\"@type\":\"ListItem\",\"position\":2,\"name\":\"Sabotage du gazoduc Nord Stream : un premier suspect ukrainien jug\u00e9 d\u00e8s octobre en Allemagne\"}]},{\"@type\":\"WebSite\",\"@id\":\"https:\/\/www.justiceinfo.net\/fr#website\",\"url\":\"https:\/\/www.justiceinfo.net\/fr\",\"name\":\"JusticeInfo.net\",\"description\":\"La justice doit \u00eatre vue pour \u00eatre rendue\",\"publisher\":{\"@id\":\"https:\/\/www.justiceinfo.net\/fr#organization\"},\"potentialAction\":[{\"@type\":\"SearchAction\",\"target\":{\"@type\":\"EntryPoint\",\"urlTemplate\":\"https:\/\/www.justiceinfo.net\/fr?s={search_term_string}\"},\"query-input\":{\"@type\":\"PropertyValueSpecification\",\"valueRequired\":true,\"valueName\":\"search_term_string\"}}],\"inLanguage\":\"fr-FR\"},{\"@type\":\"Organization\",\"@id\":\"https:\/\/www.justiceinfo.net\/fr#organization\",\"name\":\"Justice Info\",\"url\":\"https:\/\/www.justiceinfo.net\/fr\",\"logo\":{\"@type\":\"ImageObject\",\"inLanguage\":\"fr-FR\",\"@id\":\"https:\/\/www.justiceinfo.net\/fr#\/schema\/logo\/image\/\",\"url\":\"https:\/\/www.justiceinfo.net\/wp-content\/uploads\/justiceinfo_logo-trans_1200x1200px.png\",\"contentUrl\":\"https:\/\/www.justiceinfo.net\/wp-content\/uploads\/justiceinfo_logo-trans_1200x1200px.png\",\"width\":1199,\"height\":1200,\"caption\":\"Justice Info\"},\"image\":{\"@id\":\"https:\/\/www.justiceinfo.net\/fr#\/schema\/logo\/image\/\"},\"sameAs\":[\"https:\/\/www.facebook.com\/JusticeInfo\/\",\"https:\/\/x.com\/justiceinfonet\",\"https:\/\/www.linkedin.com\/company\/justice-info\",\"https:\/\/www.youtube.com\/channel\/UCyCEsARodyuWtkWyhn-e7pA\"]},{\"@type\":\"Person\",\"name\":\"afp\",\"url\":\"\/fr\/?s=afp\"}]}<\/script>\n<!-- \/ Yoast SEO Premium plugin. -->","yoast_head_json":{"title":"Sabotage du gazoduc Nord Stream : un premier suspect ukrainien jug\u00e9 d\u00e8s octobre en Allemagne - JusticeInfo.net","robots":{"index":"index","follow":"follow","max-snippet":"max-snippet:-1","max-image-preview":"max-image-preview:large","max-video-preview":"max-video-preview:-1"},"canonical":"https:\/\/www.justiceinfo.net\/fr\/164529-sabotage-du-gazoduc-nord-stream-un-premier-suspect-ukrainien-juge-des-octobre-en-allemagne.html","og_locale":"fr_FR","og_type":"article","og_title":"Sabotage du gazoduc Nord Stream : un premier suspect ukrainien jug\u00e9 d\u00e8s octobre en Allemagne","og_description":"Un suspect ukrainien arr\u00eat\u00e9 en Italie puis extrad\u00e9 vers l'Allemagne sera jug\u00e9 \u00e0 partir du 14 octobre \u00e0 Hambourg pour le sabotage du gazoduc germano-russe Nord Stream en 2022, que le parquet allemand impute \u00e0 Kiev. Un deuxi\u00e8me suspect arr\u00eat\u00e9 puis lib\u00e9r\u00e9 en Pologne \u00e0 l'automne 2025, et de nouveau arr\u00eat\u00e9 en Croatie en ao\u00fbt, [&hellip;]","og_url":"https:\/\/www.justiceinfo.net\/fr\/164529-sabotage-du-gazoduc-nord-stream-un-premier-suspect-ukrainien-juge-des-octobre-en-allemagne.html","og_site_name":"JusticeInfo.net","article_publisher":"https:\/\/www.facebook.com\/JusticeInfo\/","article_published_time":"2026-09-03T09:28:02+00:00","og_image":[{"width":1200,"height":630,"url":"https:\/\/www.justiceinfo.net\/wp-content\/uploads\/JusticeInfoNet_logo_1200x630px.jpg","type":"image\/jpeg"}],"author":"afp","twitter_card":"summary_large_image","twitter_creator":"@justiceinfonet","twitter_site":"@justiceinfonet","twitter_misc":{"\u00c9crit par":"afp","Dur\u00e9e de lecture estim\u00e9e":"2 minutes"},"schema":{"@context":"https:\/\/schema.org","@graph":[{"@type":"NewsArticle","@id":"https:\/\/www.justiceinfo.net\/fr\/164529-sabotage-du-gazoduc-nord-stream-un-premier-suspect-ukrainien-juge-des-octobre-en-allemagne.html#article","isPartOf":{"@id":"https:\/\/www.justiceinfo.net\/fr\/164529-sabotage-du-gazoduc-nord-stream-un-premier-suspect-ukrainien-juge-des-octobre-en-allemagne.html"},"author":{"name":"afp","@id":"https:\/\/www.justiceinfo.net\/fr#\/schema\/person\/713d340ef5f218fc36ce9b4244364a7f"},"headline":"Sabotage du gazoduc Nord Stream : un premier suspect ukrainien jug\u00e9 d\u00e8s octobre en Allemagne","datePublished":"2026-09-03T09:28:02+00:00","mainEntityOfPage":{"@id":"https:\/\/www.justiceinfo.net\/fr\/164529-sabotage-du-gazoduc-nord-stream-un-premier-suspect-ukrainien-juge-des-octobre-en-allemagne.html"},"wordCount":409,"commentCount":0,"publisher":{"@id":"https:\/\/www.justiceinfo.net\/fr#organization"},"articleSection":["Fil d'info AFP"],"inLanguage":"fr-FR","potentialAction":[{"@type":"CommentAction","name":"Comment","target":["https:\/\/www.justiceinfo.net\/fr\/164529-sabotage-du-gazoduc-nord-stream-un-premier-suspect-ukrainien-juge-des-octobre-en-allemagne.html#respond"]}]},{"@type":"WebPage","@id":"https:\/\/www.justiceinfo.net\/fr\/164529-sabotage-du-gazoduc-nord-stream-un-premier-suspect-ukrainien-juge-des-octobre-en-allemagne.html","url":"https:\/\/www.justiceinfo.net\/fr\/164529-sabotage-du-gazoduc-nord-stream-un-premier-suspect-ukrainien-juge-des-octobre-en-allemagne.html","name":"Sabotage du gazoduc Nord Stream : un premier suspect ukrainien jug\u00e9 d\u00e8s octobre en Allemagne - JusticeInfo.net","isPartOf":{"@id":"https:\/\/www.justiceinfo.net\/fr#website"},"datePublished":"2026-09-03T09:28:02+00:00","breadcrumb":{"@id":"https:\/\/www.justiceinfo.net\/fr\/164529-sabotage-du-gazoduc-nord-stream-un-premier-suspect-ukrainien-juge-des-octobre-en-allemagne.html#breadcrumb"},"inLanguage":"fr-FR","potentialAction":[{"@type":"ReadAction","target":["https:\/\/www.justiceinfo.net\/fr\/164529-sabotage-du-gazoduc-nord-stream-un-premier-suspect-ukrainien-juge-des-octobre-en-allemagne.html"]}]},{"@type":"BreadcrumbList","@id":"https:\/\/www.justiceinfo.net\/fr\/164529-sabotage-du-gazoduc-nord-stream-un-premier-suspect-ukrainien-juge-des-octobre-en-allemagne.html#breadcrumb","itemListElement":[{"@type":"ListItem","position":1,"name":"Home","item":"https:\/\/www.justiceinfo.net\/fr"},{"@type":"ListItem","position":2,"name":"Sabotage du gazoduc Nord Stream : un premier suspect ukrainien jug\u00e9 d\u00e8s octobre en Allemagne"}]},{"@type":"WebSite","@id":"https:\/\/www.justiceinfo.net\/fr#website","url":"https:\/\/www.justiceinfo.net\/fr","name":"JusticeInfo.net","description":"La justice doit \u00eatre vue pour \u00eatre rendue","publisher":{"@id":"https:\/\/www.justiceinfo.net\/fr#organization"},"potentialAction":[{"@type":"SearchAction","target":{"@type":"EntryPoint","urlTemplate":"https:\/\/www.justiceinfo.net\/fr?s={search_term_string}"},"query-input":{"@type":"PropertyValueSpecification","valueRequired":true,"valueName":"search_term_string"}}],"inLanguage":"fr-FR"},{"@type":"Organization","@id":"https:\/\/www.justiceinfo.net\/fr#organization","name":"Justice Info","url":"https:\/\/www.justiceinfo.net\/fr","logo":{"@type":"ImageObject","inLanguage":"fr-FR","@id":"https:\/\/www.justiceinfo.net\/fr#\/schema\/logo\/image\/","url":"https:\/\/www.justiceinfo.net\/wp-content\/uploads\/justiceinfo_logo-trans_1200x1200px.png","contentUrl":"https:\/\/www.justiceinfo.net\/wp-content\/uploads\/justiceinfo_logo-trans_1200x1200px.png","width":1199,"height":1200,"caption":"Justice Info"},"image":{"@id":"https:\/\/www.justiceinfo.net\/fr#\/schema\/logo\/image\/"},"sameAs":["https:\/\/www.facebook.com\/JusticeInfo\/","https:\/\/x.com\/justiceinfonet","https:\/\/www.linkedin.com\/company\/justice-info","https:\/\/www.youtube.com\/channel\/UCyCEsARodyuWtkWyhn-e7pA"]},{"@type":"Person","name":"afp","url":"\/fr\/?s=afp"}]}},"_links":{"self":[{"href":"https:\/\/www.justiceinfo.net\/fr\/wp-json\/wp\/v2\/posts\/164529","targetHints":{"allow":["GET"]}}],"collection":[{"href":"https:\/\/www.justiceinfo.net\/fr\/wp-json\/wp\/v2\/posts"}],"about":[{"href":"https:\/\/www.justiceinfo.net\/fr\/wp-json\/wp\/v2\/types\/post"}],"author":[{"embeddable":true,"href":"https:\/\/www.justiceinfo.net\/fr\/wp-json\/wp\/v2\/users\/60"}],"replies":[{"embeddable":true,"href":"https:\/\/www.justiceinfo.net\/fr\/wp-json\/wp\/v2\/comments?post=164529"}],"version-history":[{"count":0,"href":"https:\/\/www.justiceinfo.net\/fr\/wp-json\/wp\/v2\/posts\/164529\/revisions"}],"wp:attachment":[{"href":"https:\/\/www.justiceinfo.net\/fr\/wp-json\/wp\/v2\/media?parent=164529"}],"wp:term":[{"taxonomy":"category","embeddable":true,"href":"https:\/\/www.justiceinfo.net\/fr\/wp-json\/wp\/v2\/categories?post=164529"},{"taxonomy":"post_tag","embeddable":true,"href":"https:\/\/www.justiceinfo.net\/fr\/wp-json\/wp\/v2\/tags?post=164529"},{"taxonomy":"ji_location","embeddable":true,"href":"https:\/\/www.justiceinfo.net\/fr\/wp-json\/wp\/v2\/ji_location?post=164529"}],"curies":[{"name":"wp","href":"https:\/\/api.w.org\/{rel}","templated":true}]}}