{"id":164541,"date":"2026-09-03T14:43:02","date_gmt":"2026-09-03T12:43:02","guid":{"rendered":"https:\/\/www.justiceinfo.net\/164541-en-campagne-un-ministre-israelien-presente-une-brochure-pour-vider-gaza-de-ses-habitants.html"},"modified":"2026-09-03T14:43:02","modified_gmt":"2026-09-03T12:43:02","slug":"en-campagne-un-ministre-israelien-presente-une-brochure-pour-vider-gaza-de-ses-habitants","status":"publish","type":"post","link":"https:\/\/www.justiceinfo.net\/fr\/164541-en-campagne-un-ministre-israelien-presente-une-brochure-pour-vider-gaza-de-ses-habitants.html","title":{"rendered":"En campagne, un ministre isra\u00e9lien pr\u00e9sente une brochure pour vider Gaza de ses habitants"},"content":{"rendered":"<p>\n             Le ministre isra\u00e9lien d'extr\u00eame droite Itamar Ben Gvir a pr\u00e9sent\u00e9 jeudi une proposition de campagne pour vider la bande de Gaza de sa population palestinienne qui serait envoy\u00e9e \u00e0 l'\u00e9tranger, \u00e0 quelques semaines d'\u00e9lections qui s'annoncent tr\u00e8s disput\u00e9es.\n<\/p>\n<p>\n            Ce pilier de la coalition au pouvoir dit souhaiter le d\u00e9part de 250.000 Palestiniens de Gaza en un an, puis du reste des quelque deux millions d'habitants de ce territoire ravag\u00e9 par la guerre entre Isra\u00ebl et le Hamas au cours des six ann\u00e9es suivantes.\n<\/p>\n<p>\n            Il a publi\u00e9 une brochure de 20 pages, intitul\u00e9e \"programme de travail national pour le transfert volontaire de la bande de Gaza\" et que l'AFP a pu consulter.\n<\/p>\n<p>\n            Si M. Ben Gvir et d'autres membres de la coalition de droite et d'extr\u00eame droite au pouvoir multiplient ce type de d\u00e9clarations, le gouvernement n'a pour l'heure annonc\u00e9 aucune mesure concr\u00e8te en ce sens.\n<\/p>\n<p>\n            \"C'est r\u00e9aliste\", a toutefois assur\u00e9 dans une allocution t\u00e9l\u00e9vis\u00e9e le ministre de la S\u00e9curit\u00e9 nationale, dont les d\u00e9clarations sont r\u00e9guli\u00e8rement condamn\u00e9es \u00e0 l'\u00e9tranger. Il a \u00e9galement affirm\u00e9 que plusieurs pays \u00e9taient \"pr\u00eats\" \u00e0 accueillir les Gazaouis, sans pr\u00e9ciser lesquels.\n<\/p>\n<p>\n            \"On doit pousser \u00e0 l'\u00e9migration des habitants de Gaza\", a assur\u00e9 M. Ben Gvir, tout en assurant qu'il ne s'agissait pas de \"forcer\" les Palestiniens \u00e0 quitter leurs terres.\n<\/p>\n<p>\n            Le ministre a ajout\u00e9 que son parti \"Force juive\" allait exiger \"un minist\u00e8re charg\u00e9 de l'\u00e9migration\" lors de la formation du prochain gouvernement, soulignant que son plan \u00e9tait \"concret\" et \"le fruit d'un an et demi de travail\".\n<\/p>\n<p>\n            La question du devenir de la bande de Gaza est centrale dans la campagne pour les \u00e9lections l\u00e9gislatives qui se tiendront en Isra\u00ebl le 27 octobre.\n<\/p>\n<p>\n            Mercredi, le ministre de la D\u00e9fense Isra\u00ebl Katz avait lui aussi dit que son pays \u00e9tait pr\u00eat \u00e0 transf\u00e9rer les Palestiniens hors de Gaza, \u00e0 condition que les Etats-Unis donnent leur feu vert, une mesure qu'il d\u00e9fend depuis plusieurs mois.\n<\/p>\n<p>\n            Son coll\u00e8gue Bezalel Smotrich, ministre des Finances, \u00e0 la t\u00eate d'un parti d'extr\u00eame droite, a m\u00eame propos\u00e9 en f\u00e9vrier d'\u00e9largir cette mesure aux Palestiniens de Cisjordanie.\n<\/p>\n<p>\n            Le d\u00e9placement forc\u00e9 d'une population civile est un crime de guerre, au regard du droit international.\n<\/p>\n<p>\n            A Gaza, la plupart des habitants ont \u00e9t\u00e9 d\u00e9plac\u00e9s par la guerre destructrice lanc\u00e9e par Isra\u00ebl apr\u00e8s les attaques sans pr\u00e9c\u00e9dent du 7 Octobre 2023 men\u00e9es par le Hamas qui ont fait plus de 1.200 morts sur le sol isra\u00e9lien.\n<\/p>\n<p>\n            Depuis trois ans, plus de 73.000 personnes ont \u00e9t\u00e9 tu\u00e9es par l'arm\u00e9e isra\u00e9lienne \u00e0 Gaza, selon le minist\u00e8re de la Sant\u00e9 de Gaza, plac\u00e9 sous l'autorit\u00e9 du Hamas et dont les chiffres sont jug\u00e9s fiables par les Nations unies.<\/p>\n","protected":false},"excerpt":{"rendered":"<p>Le ministre isra\u00e9lien d'extr\u00eame droite Itamar Ben Gvir a pr\u00e9sent\u00e9 jeudi une proposition de campagne pour vider la bande de Gaza de sa population palestinienne qui serait envoy\u00e9e \u00e0 l'\u00e9tranger, \u00e0 quelques semaines d'\u00e9lections qui s'annoncent tr\u00e8s disput\u00e9es. Ce pilier de la coalition au pouvoir dit souhaiter le d\u00e9part de 250.000 Palestiniens de Gaza en [&hellip;]<\/p>\n","protected":false},"author":60,"featured_media":0,"comment_status":"open","ping_status":"closed","sticky":false,"template":"","format":"standard","meta":{"_acf_changed":false,"footnotes":""},"categories":[2576],"tags":[],"ji_location":[],"class_list":["post-164541","post","type-post","status-publish","format-standard","hentry","category-fil-d-actualite"],"acf":[],"yoast_head":"<!-- This site is optimized with the Yoast SEO Premium plugin v25.3.1 (Yoast SEO v25.3.1) - https:\/\/yoast.com\/wordpress\/plugins\/seo\/ -->\n<title>En campagne, un ministre isra\u00e9lien pr\u00e9sente une brochure pour vider Gaza de ses habitants - JusticeInfo.net<\/title>\n<meta name=\"robots\" content=\"index, follow, max-snippet:-1, max-image-preview:large, max-video-preview:-1\" \/>\n<link rel=\"canonical\" href=\"https:\/\/www.justiceinfo.net\/fr\/164541-en-campagne-un-ministre-israelien-presente-une-brochure-pour-vider-gaza-de-ses-habitants.html\" \/>\n<meta property=\"og:locale\" content=\"fr_FR\" \/>\n<meta property=\"og:type\" content=\"article\" \/>\n<meta property=\"og:title\" content=\"En campagne, un ministre isra\u00e9lien pr\u00e9sente une brochure pour vider Gaza de ses habitants\" \/>\n<meta property=\"og:description\" content=\"Le ministre isra\u00e9lien d&#039;extr\u00eame droite Itamar Ben Gvir a pr\u00e9sent\u00e9 jeudi une proposition de campagne pour vider la bande de Gaza de sa population palestinienne qui serait envoy\u00e9e \u00e0 l&#039;\u00e9tranger, \u00e0 quelques semaines d&#039;\u00e9lections qui s&#039;annoncent tr\u00e8s disput\u00e9es. Ce pilier de la coalition au pouvoir dit souhaiter le d\u00e9part de 250.000 Palestiniens de Gaza en [&hellip;]\" \/>\n<meta property=\"og:url\" content=\"https:\/\/www.justiceinfo.net\/fr\/164541-en-campagne-un-ministre-israelien-presente-une-brochure-pour-vider-gaza-de-ses-habitants.html\" \/>\n<meta property=\"og:site_name\" content=\"JusticeInfo.net\" \/>\n<meta property=\"article:publisher\" content=\"https:\/\/www.facebook.com\/JusticeInfo\/\" \/>\n<meta property=\"article:published_time\" content=\"2026-09-03T12:43:02+00:00\" \/>\n<meta property=\"og:image\" content=\"https:\/\/www.justiceinfo.net\/wp-content\/uploads\/JusticeInfoNet_logo_1200x630px.jpg\" \/>\n\t<meta property=\"og:image:width\" content=\"1200\" \/>\n\t<meta property=\"og:image:height\" content=\"630\" \/>\n\t<meta property=\"og:image:type\" content=\"image\/jpeg\" \/>\n<meta name=\"author\" content=\"afp\" \/>\n<meta name=\"twitter:card\" content=\"summary_large_image\" \/>\n<meta name=\"twitter:creator\" content=\"@justiceinfonet\" \/>\n<meta name=\"twitter:site\" content=\"@justiceinfonet\" \/>\n<meta name=\"twitter:label1\" content=\"\u00c9crit par\" \/>\n\t<meta name=\"twitter:data1\" content=\"afp\" \/>\n\t<meta name=\"twitter:label2\" content=\"Dur\u00e9e de lecture estim\u00e9e\" \/>\n\t<meta name=\"twitter:data2\" content=\"2 minutes\" \/>\n<script type=\"application\/ld+json\" class=\"yoast-schema-graph\">{\"@context\":\"https:\/\/schema.org\",\"@graph\":[{\"@type\":\"NewsArticle\",\"@id\":\"https:\/\/www.justiceinfo.net\/fr\/164541-en-campagne-un-ministre-israelien-presente-une-brochure-pour-vider-gaza-de-ses-habitants.html#article\",\"isPartOf\":{\"@id\":\"https:\/\/www.justiceinfo.net\/fr\/164541-en-campagne-un-ministre-israelien-presente-une-brochure-pour-vider-gaza-de-ses-habitants.html\"},\"author\":{\"name\":\"afp\",\"@id\":\"https:\/\/www.justiceinfo.net\/fr#\/schema\/person\/713d340ef5f218fc36ce9b4244364a7f\"},\"headline\":\"En campagne, un ministre isra\u00e9lien pr\u00e9sente une brochure pour vider Gaza de ses habitants\",\"datePublished\":\"2026-09-03T12:43:02+00:00\",\"mainEntityOfPage\":{\"@id\":\"https:\/\/www.justiceinfo.net\/fr\/164541-en-campagne-un-ministre-israelien-presente-une-brochure-pour-vider-gaza-de-ses-habitants.html\"},\"wordCount\":513,\"commentCount\":0,\"publisher\":{\"@id\":\"https:\/\/www.justiceinfo.net\/fr#organization\"},\"articleSection\":[\"Fil d'info AFP\"],\"inLanguage\":\"fr-FR\",\"potentialAction\":[{\"@type\":\"CommentAction\",\"name\":\"Comment\",\"target\":[\"https:\/\/www.justiceinfo.net\/fr\/164541-en-campagne-un-ministre-israelien-presente-une-brochure-pour-vider-gaza-de-ses-habitants.html#respond\"]}]},{\"@type\":\"WebPage\",\"@id\":\"https:\/\/www.justiceinfo.net\/fr\/164541-en-campagne-un-ministre-israelien-presente-une-brochure-pour-vider-gaza-de-ses-habitants.html\",\"url\":\"https:\/\/www.justiceinfo.net\/fr\/164541-en-campagne-un-ministre-israelien-presente-une-brochure-pour-vider-gaza-de-ses-habitants.html\",\"name\":\"En campagne, un ministre isra\u00e9lien pr\u00e9sente une brochure pour vider Gaza de ses habitants - JusticeInfo.net\",\"isPartOf\":{\"@id\":\"https:\/\/www.justiceinfo.net\/fr#website\"},\"datePublished\":\"2026-09-03T12:43:02+00:00\",\"breadcrumb\":{\"@id\":\"https:\/\/www.justiceinfo.net\/fr\/164541-en-campagne-un-ministre-israelien-presente-une-brochure-pour-vider-gaza-de-ses-habitants.html#breadcrumb\"},\"inLanguage\":\"fr-FR\",\"potentialAction\":[{\"@type\":\"ReadAction\",\"target\":[\"https:\/\/www.justiceinfo.net\/fr\/164541-en-campagne-un-ministre-israelien-presente-une-brochure-pour-vider-gaza-de-ses-habitants.html\"]}]},{\"@type\":\"BreadcrumbList\",\"@id\":\"https:\/\/www.justiceinfo.net\/fr\/164541-en-campagne-un-ministre-israelien-presente-une-brochure-pour-vider-gaza-de-ses-habitants.html#breadcrumb\",\"itemListElement\":[{\"@type\":\"ListItem\",\"position\":1,\"name\":\"Home\",\"item\":\"https:\/\/www.justiceinfo.net\/fr\"},{\"@type\":\"ListItem\",\"position\":2,\"name\":\"En campagne, un ministre isra\u00e9lien pr\u00e9sente une brochure pour vider Gaza de ses habitants\"}]},{\"@type\":\"WebSite\",\"@id\":\"https:\/\/www.justiceinfo.net\/fr#website\",\"url\":\"https:\/\/www.justiceinfo.net\/fr\",\"name\":\"JusticeInfo.net\",\"description\":\"La justice doit \u00eatre vue pour \u00eatre rendue\",\"publisher\":{\"@id\":\"https:\/\/www.justiceinfo.net\/fr#organization\"},\"potentialAction\":[{\"@type\":\"SearchAction\",\"target\":{\"@type\":\"EntryPoint\",\"urlTemplate\":\"https:\/\/www.justiceinfo.net\/fr?s={search_term_string}\"},\"query-input\":{\"@type\":\"PropertyValueSpecification\",\"valueRequired\":true,\"valueName\":\"search_term_string\"}}],\"inLanguage\":\"fr-FR\"},{\"@type\":\"Organization\",\"@id\":\"https:\/\/www.justiceinfo.net\/fr#organization\",\"name\":\"Justice Info\",\"url\":\"https:\/\/www.justiceinfo.net\/fr\",\"logo\":{\"@type\":\"ImageObject\",\"inLanguage\":\"fr-FR\",\"@id\":\"https:\/\/www.justiceinfo.net\/fr#\/schema\/logo\/image\/\",\"url\":\"https:\/\/www.justiceinfo.net\/wp-content\/uploads\/justiceinfo_logo-trans_1200x1200px.png\",\"contentUrl\":\"https:\/\/www.justiceinfo.net\/wp-content\/uploads\/justiceinfo_logo-trans_1200x1200px.png\",\"width\":1199,\"height\":1200,\"caption\":\"Justice Info\"},\"image\":{\"@id\":\"https:\/\/www.justiceinfo.net\/fr#\/schema\/logo\/image\/\"},\"sameAs\":[\"https:\/\/www.facebook.com\/JusticeInfo\/\",\"https:\/\/x.com\/justiceinfonet\",\"https:\/\/www.linkedin.com\/company\/justice-info\",\"https:\/\/www.youtube.com\/channel\/UCyCEsARodyuWtkWyhn-e7pA\"]},{\"@type\":\"Person\",\"name\":\"afp\",\"url\":\"\/fr\/?s=afp\"}]}<\/script>\n<!-- \/ Yoast SEO Premium plugin. -->","yoast_head_json":{"title":"En campagne, un ministre isra\u00e9lien pr\u00e9sente une brochure pour vider Gaza de ses habitants - JusticeInfo.net","robots":{"index":"index","follow":"follow","max-snippet":"max-snippet:-1","max-image-preview":"max-image-preview:large","max-video-preview":"max-video-preview:-1"},"canonical":"https:\/\/www.justiceinfo.net\/fr\/164541-en-campagne-un-ministre-israelien-presente-une-brochure-pour-vider-gaza-de-ses-habitants.html","og_locale":"fr_FR","og_type":"article","og_title":"En campagne, un ministre isra\u00e9lien pr\u00e9sente une brochure pour vider Gaza de ses habitants","og_description":"Le ministre isra\u00e9lien d'extr\u00eame droite Itamar Ben Gvir a pr\u00e9sent\u00e9 jeudi une proposition de campagne pour vider la bande de Gaza de sa population palestinienne qui serait envoy\u00e9e \u00e0 l'\u00e9tranger, \u00e0 quelques semaines d'\u00e9lections qui s'annoncent tr\u00e8s disput\u00e9es. Ce pilier de la coalition au pouvoir dit souhaiter le d\u00e9part de 250.000 Palestiniens de Gaza en [&hellip;]","og_url":"https:\/\/www.justiceinfo.net\/fr\/164541-en-campagne-un-ministre-israelien-presente-une-brochure-pour-vider-gaza-de-ses-habitants.html","og_site_name":"JusticeInfo.net","article_publisher":"https:\/\/www.facebook.com\/JusticeInfo\/","article_published_time":"2026-09-03T12:43:02+00:00","og_image":[{"width":1200,"height":630,"url":"https:\/\/www.justiceinfo.net\/wp-content\/uploads\/JusticeInfoNet_logo_1200x630px.jpg","type":"image\/jpeg"}],"author":"afp","twitter_card":"summary_large_image","twitter_creator":"@justiceinfonet","twitter_site":"@justiceinfonet","twitter_misc":{"\u00c9crit par":"afp","Dur\u00e9e de lecture estim\u00e9e":"2 minutes"},"schema":{"@context":"https:\/\/schema.org","@graph":[{"@type":"NewsArticle","@id":"https:\/\/www.justiceinfo.net\/fr\/164541-en-campagne-un-ministre-israelien-presente-une-brochure-pour-vider-gaza-de-ses-habitants.html#article","isPartOf":{"@id":"https:\/\/www.justiceinfo.net\/fr\/164541-en-campagne-un-ministre-israelien-presente-une-brochure-pour-vider-gaza-de-ses-habitants.html"},"author":{"name":"afp","@id":"https:\/\/www.justiceinfo.net\/fr#\/schema\/person\/713d340ef5f218fc36ce9b4244364a7f"},"headline":"En campagne, un ministre isra\u00e9lien pr\u00e9sente une brochure pour vider Gaza de ses habitants","datePublished":"2026-09-03T12:43:02+00:00","mainEntityOfPage":{"@id":"https:\/\/www.justiceinfo.net\/fr\/164541-en-campagne-un-ministre-israelien-presente-une-brochure-pour-vider-gaza-de-ses-habitants.html"},"wordCount":513,"commentCount":0,"publisher":{"@id":"https:\/\/www.justiceinfo.net\/fr#organization"},"articleSection":["Fil d'info AFP"],"inLanguage":"fr-FR","potentialAction":[{"@type":"CommentAction","name":"Comment","target":["https:\/\/www.justiceinfo.net\/fr\/164541-en-campagne-un-ministre-israelien-presente-une-brochure-pour-vider-gaza-de-ses-habitants.html#respond"]}]},{"@type":"WebPage","@id":"https:\/\/www.justiceinfo.net\/fr\/164541-en-campagne-un-ministre-israelien-presente-une-brochure-pour-vider-gaza-de-ses-habitants.html","url":"https:\/\/www.justiceinfo.net\/fr\/164541-en-campagne-un-ministre-israelien-presente-une-brochure-pour-vider-gaza-de-ses-habitants.html","name":"En campagne, un ministre isra\u00e9lien pr\u00e9sente une brochure pour vider Gaza de ses habitants - JusticeInfo.net","isPartOf":{"@id":"https:\/\/www.justiceinfo.net\/fr#website"},"datePublished":"2026-09-03T12:43:02+00:00","breadcrumb":{"@id":"https:\/\/www.justiceinfo.net\/fr\/164541-en-campagne-un-ministre-israelien-presente-une-brochure-pour-vider-gaza-de-ses-habitants.html#breadcrumb"},"inLanguage":"fr-FR","potentialAction":[{"@type":"ReadAction","target":["https:\/\/www.justiceinfo.net\/fr\/164541-en-campagne-un-ministre-israelien-presente-une-brochure-pour-vider-gaza-de-ses-habitants.html"]}]},{"@type":"BreadcrumbList","@id":"https:\/\/www.justiceinfo.net\/fr\/164541-en-campagne-un-ministre-israelien-presente-une-brochure-pour-vider-gaza-de-ses-habitants.html#breadcrumb","itemListElement":[{"@type":"ListItem","position":1,"name":"Home","item":"https:\/\/www.justiceinfo.net\/fr"},{"@type":"ListItem","position":2,"name":"En campagne, un ministre isra\u00e9lien pr\u00e9sente une brochure pour vider Gaza de ses habitants"}]},{"@type":"WebSite","@id":"https:\/\/www.justiceinfo.net\/fr#website","url":"https:\/\/www.justiceinfo.net\/fr","name":"JusticeInfo.net","description":"La justice doit \u00eatre vue pour \u00eatre rendue","publisher":{"@id":"https:\/\/www.justiceinfo.net\/fr#organization"},"potentialAction":[{"@type":"SearchAction","target":{"@type":"EntryPoint","urlTemplate":"https:\/\/www.justiceinfo.net\/fr?s={search_term_string}"},"query-input":{"@type":"PropertyValueSpecification","valueRequired":true,"valueName":"search_term_string"}}],"inLanguage":"fr-FR"},{"@type":"Organization","@id":"https:\/\/www.justiceinfo.net\/fr#organization","name":"Justice Info","url":"https:\/\/www.justiceinfo.net\/fr","logo":{"@type":"ImageObject","inLanguage":"fr-FR","@id":"https:\/\/www.justiceinfo.net\/fr#\/schema\/logo\/image\/","url":"https:\/\/www.justiceinfo.net\/wp-content\/uploads\/justiceinfo_logo-trans_1200x1200px.png","contentUrl":"https:\/\/www.justiceinfo.net\/wp-content\/uploads\/justiceinfo_logo-trans_1200x1200px.png","width":1199,"height":1200,"caption":"Justice Info"},"image":{"@id":"https:\/\/www.justiceinfo.net\/fr#\/schema\/logo\/image\/"},"sameAs":["https:\/\/www.facebook.com\/JusticeInfo\/","https:\/\/x.com\/justiceinfonet","https:\/\/www.linkedin.com\/company\/justice-info","https:\/\/www.youtube.com\/channel\/UCyCEsARodyuWtkWyhn-e7pA"]},{"@type":"Person","name":"afp","url":"\/fr\/?s=afp"}]}},"_links":{"self":[{"href":"https:\/\/www.justiceinfo.net\/fr\/wp-json\/wp\/v2\/posts\/164541","targetHints":{"allow":["GET"]}}],"collection":[{"href":"https:\/\/www.justiceinfo.net\/fr\/wp-json\/wp\/v2\/posts"}],"about":[{"href":"https:\/\/www.justiceinfo.net\/fr\/wp-json\/wp\/v2\/types\/post"}],"author":[{"embeddable":true,"href":"https:\/\/www.justiceinfo.net\/fr\/wp-json\/wp\/v2\/users\/60"}],"replies":[{"embeddable":true,"href":"https:\/\/www.justiceinfo.net\/fr\/wp-json\/wp\/v2\/comments?post=164541"}],"version-history":[{"count":0,"href":"https:\/\/www.justiceinfo.net\/fr\/wp-json\/wp\/v2\/posts\/164541\/revisions"}],"wp:attachment":[{"href":"https:\/\/www.justiceinfo.net\/fr\/wp-json\/wp\/v2\/media?parent=164541"}],"wp:term":[{"taxonomy":"category","embeddable":true,"href":"https:\/\/www.justiceinfo.net\/fr\/wp-json\/wp\/v2\/categories?post=164541"},{"taxonomy":"post_tag","embeddable":true,"href":"https:\/\/www.justiceinfo.net\/fr\/wp-json\/wp\/v2\/tags?post=164541"},{"taxonomy":"ji_location","embeddable":true,"href":"https:\/\/www.justiceinfo.net\/fr\/wp-json\/wp\/v2\/ji_location?post=164541"}],"curies":[{"name":"wp","href":"https:\/\/api.w.org\/{rel}","templated":true}]}}