{"id":164544,"date":"2026-09-03T15:28:03","date_gmt":"2026-09-03T13:28:03","guid":{"rendered":"https:\/\/www.justiceinfo.net\/164544-la-depouille-du-criminel-de-guerre-ratko-mladic-accueillie-a-belgrade-avec-les-honneurs-militaires.html"},"modified":"2026-09-03T15:28:03","modified_gmt":"2026-09-03T13:28:03","slug":"la-depouille-du-criminel-de-guerre-ratko-mladic-accueillie-a-belgrade-avec-les-honneurs-militaires","status":"publish","type":"post","link":"https:\/\/www.justiceinfo.net\/fr\/164544-la-depouille-du-criminel-de-guerre-ratko-mladic-accueillie-a-belgrade-avec-les-honneurs-militaires.html","title":{"rendered":"La d\u00e9pouille du criminel de guerre Ratko Mladic accueillie \u00e0 Belgrade avec les honneurs militaires"},"content":{"rendered":"<p>\n             La d\u00e9pouille de l'ex-chef militaire des Serbes de Bosnie, Ratko Mladic, d\u00e9c\u00e9d\u00e9 la semaine derni\u00e8re \u00e0 la Haye o\u00f9 il purgeait sa peine de prison, notamment pour le g\u00e9nocide de Srebrenica en 1995, est arriv\u00e9e jeudi \u00e0 Belgrade o\u00f9 elle a \u00e9t\u00e9 accueillie avec les honneurs militaires, selon les images diffus\u00e9es.\n<\/p>\n<p>\n            Le cercueil, recouvert d'un drapeau serbe, a \u00e9t\u00e9 port\u00e9 par six militaires d'un avion gouvernemental vers un fourgon, avant d'\u00eatre transport\u00e9 en cort\u00e8ge sous escorte polici\u00e8re vers un h\u00f4pital militaire de Belgrade, a rapport\u00e9 la t\u00e9l\u00e9vision nationale RTS.\n<\/p>\n<p>\n            Durant le vol, le cercueil \u00e9tait accompagn\u00e9 par le fils de Ratko Mladic, Darko, et par le ministre serbe de la Justice, Nenad Vujic.\n<\/p>\n<p>\n            Sur son trajet, le convoi a \u00e9t\u00e9 salu\u00e9 par des dizaines de jeunes hommes, rassembl\u00e9s sur des passerelles surplombant l'autoroute. Ils arboraient des banderoles rendant hommage \u00e0 Mladic et allumaient des fumig\u00e8nes, selon des images diffus\u00e9es par des m\u00e9dias proches du gouvernement.\n<\/p>\n<p>\n            Selon ces m\u00eames m\u00e9dias, un hommage public \u00e0 Ratko Mladic sera rendu lundi dans une \u00e9glise de Belgrade, avant les fun\u00e9railles le m\u00eame jour, mais aucune annonce officielle n'a encore \u00e9t\u00e9 publi\u00e9e.\n<\/p>\n<p>\n            Plus t\u00f4t dans la journ\u00e9e, le pr\u00e9sident serbe Aleksandar Vucic a laiss\u00e9 entendre que le d\u00e9funt g\u00e9n\u00e9ral de l'arm\u00e9e des Serbes de Bosnie serait enterr\u00e9 en Serbie. Il a \u00e9voqu\u00e9 une op\u00e9ration \"difficile\" pour \"garantir la s\u00e9curit\u00e9\" de \"dizaines de milliers de personnes\" attendues \u00e0 l'enterrement.\n<\/p>\n<p>\n            \"C'est une t\u00e2che extr\u00eamement exigeante pour nos services. Nous mobiliserons toutes les forces disponibles afin de garantir la s\u00e9curit\u00e9 de tous les citoyens\", a poursuivi M. Vucic.\n<\/p>\n<p>\n            Ratko Mladic a \u00e9t\u00e9 condamn\u00e9 en 2017 \u00e0 la prison \u00e0 perp\u00e9tuit\u00e9 par le Tribunal p\u00e9nal international pour l'ex-Yougoslavie (TPIY), pour g\u00e9nocide, crimes de guerre et crimes contre l'humanit\u00e9 pendant la guerre de Bosnie, un verdict confirm\u00e9 en appel en 2021. Ce conflit a fait pr\u00e8s de 100.000 morts entre 1992 et 1995.\n<\/p>\n<p>\n            - Appel des v\u00e9t\u00e9rans -\n<\/p>\n<p>\n            Il a \u00e9t\u00e9 reconnu coupable notamment pour le massacre de Srebrenica (est) lors duquel ses forces ont tu\u00e9, en juillet 1995, environ 8.000 hommes et adolescents bosniaques, crime qualifi\u00e9 de g\u00e9nocide par la justice internationale.\n<\/p>\n<p>\n            Gravement malade depuis des mois, Mladic est d\u00e9c\u00e9d\u00e9 le 27 ao\u00fbt, \u00e0 l'\u00e2ge de 84 ans, \u00e0 la Haye (Pays-Bas), o\u00f9 il purgeait sa peine dans un centre p\u00e9nitentiaire de l'ONU.\n<\/p>\n<p>\n            Au lendemain de son d\u00e9c\u00e8s, le ministre serbe de la Justice avait d\u00e9clar\u00e9 que Mladic recevrait \"tous les honneurs militaires et d'Etat auxquels il a droit\" lors de ses fun\u00e9railles.\n<\/p>\n<p>\n            Quelques jours plus tard, la commissaire europ\u00e9enne \u00e0 l'Elargissement, Marta Kos, a soulign\u00e9 que la glorification des criminels de guerre \"est contraire aux valeurs fondamentales europ\u00e9ennes et n'a sa place ni dans l'Union europ\u00e9enne, ni dans les pays qui aspirent \u00e0 en devenir membres\".\n<\/p>\n<p>\n            Aleksandar Vucic a expliqu\u00e9 jeudi que la famille de Mladic allait dire \"ce qu'elle pr\u00e9voit et ce qu'elle souhaite\" pour les fun\u00e9railles, et que les autorit\u00e9s allaient \"fournir tout le soutien logistique, de transport et (...) pr\u00e9server l'ordre public et la s\u00e9curit\u00e9\".\n<\/p>\n<p>\n            A Banja Luka, capitale de l'entit\u00e9 serbe de Bosnie, o\u00f9 les tensions sont mont\u00e9es d'un cran depuis le d\u00e9c\u00e8s de Mladic, le pr\u00e9sident de l'association des v\u00e9t\u00e9rans serbes bosniens, Milovac Gagic, a appel\u00e9 jeudi au calme, en demandant \u00e0 ses membres et aux citoyens de faire preuve de \"dignit\u00e9\" le jour de fun\u00e9railles.\n<\/p>\n<p>\n            L'association organisera le transport en Serbie pour ses membres qui souhaitent assister aux fun\u00e9railles. \"Un grand nombre\" de v\u00e9t\u00e9rans sont inscrits, selon M. Gagic.<\/p>\n","protected":false},"excerpt":{"rendered":"<p>La d\u00e9pouille de l'ex-chef militaire des Serbes de Bosnie, Ratko Mladic, d\u00e9c\u00e9d\u00e9 la semaine derni\u00e8re \u00e0 la Haye o\u00f9 il purgeait sa peine de prison, notamment pour le g\u00e9nocide de Srebrenica en 1995, est arriv\u00e9e jeudi \u00e0 Belgrade o\u00f9 elle a \u00e9t\u00e9 accueillie avec les honneurs militaires, selon les images diffus\u00e9es. Le cercueil, recouvert d'un [&hellip;]<\/p>\n","protected":false},"author":60,"featured_media":0,"comment_status":"open","ping_status":"closed","sticky":false,"template":"","format":"standard","meta":{"_acf_changed":false,"footnotes":""},"categories":[2576],"tags":[],"ji_location":[],"class_list":["post-164544","post","type-post","status-publish","format-standard","hentry","category-fil-d-actualite"],"acf":[],"yoast_head":"<!-- This site is optimized with the Yoast SEO Premium plugin v25.3.1 (Yoast SEO v25.3.1) - https:\/\/yoast.com\/wordpress\/plugins\/seo\/ -->\n<title>La d\u00e9pouille du criminel de guerre Ratko Mladic accueillie \u00e0 Belgrade avec les honneurs militaires - JusticeInfo.net<\/title>\n<meta name=\"robots\" content=\"index, follow, max-snippet:-1, max-image-preview:large, max-video-preview:-1\" \/>\n<link rel=\"canonical\" href=\"https:\/\/www.justiceinfo.net\/fr\/164544-la-depouille-du-criminel-de-guerre-ratko-mladic-accueillie-a-belgrade-avec-les-honneurs-militaires.html\" \/>\n<meta property=\"og:locale\" content=\"fr_FR\" \/>\n<meta property=\"og:type\" content=\"article\" \/>\n<meta property=\"og:title\" content=\"La d\u00e9pouille du criminel de guerre Ratko Mladic accueillie \u00e0 Belgrade avec les honneurs militaires\" \/>\n<meta property=\"og:description\" content=\"La d\u00e9pouille de l&#039;ex-chef militaire des Serbes de Bosnie, Ratko Mladic, d\u00e9c\u00e9d\u00e9 la semaine derni\u00e8re \u00e0 la Haye o\u00f9 il purgeait sa peine de prison, notamment pour le g\u00e9nocide de Srebrenica en 1995, est arriv\u00e9e jeudi \u00e0 Belgrade o\u00f9 elle a \u00e9t\u00e9 accueillie avec les honneurs militaires, selon les images diffus\u00e9es. Le cercueil, recouvert d&#039;un [&hellip;]\" \/>\n<meta property=\"og:url\" content=\"https:\/\/www.justiceinfo.net\/fr\/164544-la-depouille-du-criminel-de-guerre-ratko-mladic-accueillie-a-belgrade-avec-les-honneurs-militaires.html\" \/>\n<meta property=\"og:site_name\" content=\"JusticeInfo.net\" \/>\n<meta property=\"article:publisher\" content=\"https:\/\/www.facebook.com\/JusticeInfo\/\" \/>\n<meta property=\"article:published_time\" content=\"2026-09-03T13:28:03+00:00\" \/>\n<meta property=\"og:image\" content=\"https:\/\/www.justiceinfo.net\/wp-content\/uploads\/JusticeInfoNet_logo_1200x630px.jpg\" \/>\n\t<meta property=\"og:image:width\" content=\"1200\" \/>\n\t<meta property=\"og:image:height\" content=\"630\" \/>\n\t<meta property=\"og:image:type\" content=\"image\/jpeg\" \/>\n<meta name=\"author\" content=\"afp\" \/>\n<meta name=\"twitter:card\" content=\"summary_large_image\" \/>\n<meta name=\"twitter:creator\" content=\"@justiceinfonet\" \/>\n<meta name=\"twitter:site\" content=\"@justiceinfonet\" \/>\n<meta name=\"twitter:label1\" content=\"\u00c9crit par\" \/>\n\t<meta name=\"twitter:data1\" content=\"afp\" \/>\n\t<meta name=\"twitter:label2\" content=\"Dur\u00e9e de lecture estim\u00e9e\" \/>\n\t<meta name=\"twitter:data2\" content=\"3 minutes\" \/>\n<script type=\"application\/ld+json\" class=\"yoast-schema-graph\">{\"@context\":\"https:\/\/schema.org\",\"@graph\":[{\"@type\":\"NewsArticle\",\"@id\":\"https:\/\/www.justiceinfo.net\/fr\/164544-la-depouille-du-criminel-de-guerre-ratko-mladic-accueillie-a-belgrade-avec-les-honneurs-militaires.html#article\",\"isPartOf\":{\"@id\":\"https:\/\/www.justiceinfo.net\/fr\/164544-la-depouille-du-criminel-de-guerre-ratko-mladic-accueillie-a-belgrade-avec-les-honneurs-militaires.html\"},\"author\":{\"name\":\"afp\",\"@id\":\"https:\/\/www.justiceinfo.net\/fr#\/schema\/person\/713d340ef5f218fc36ce9b4244364a7f\"},\"headline\":\"La d\u00e9pouille du criminel de guerre Ratko Mladic accueillie \u00e0 Belgrade avec les honneurs militaires\",\"datePublished\":\"2026-09-03T13:28:03+00:00\",\"mainEntityOfPage\":{\"@id\":\"https:\/\/www.justiceinfo.net\/fr\/164544-la-depouille-du-criminel-de-guerre-ratko-mladic-accueillie-a-belgrade-avec-les-honneurs-militaires.html\"},\"wordCount\":659,\"commentCount\":0,\"publisher\":{\"@id\":\"https:\/\/www.justiceinfo.net\/fr#organization\"},\"articleSection\":[\"Fil d'info AFP\"],\"inLanguage\":\"fr-FR\",\"potentialAction\":[{\"@type\":\"CommentAction\",\"name\":\"Comment\",\"target\":[\"https:\/\/www.justiceinfo.net\/fr\/164544-la-depouille-du-criminel-de-guerre-ratko-mladic-accueillie-a-belgrade-avec-les-honneurs-militaires.html#respond\"]}]},{\"@type\":\"WebPage\",\"@id\":\"https:\/\/www.justiceinfo.net\/fr\/164544-la-depouille-du-criminel-de-guerre-ratko-mladic-accueillie-a-belgrade-avec-les-honneurs-militaires.html\",\"url\":\"https:\/\/www.justiceinfo.net\/fr\/164544-la-depouille-du-criminel-de-guerre-ratko-mladic-accueillie-a-belgrade-avec-les-honneurs-militaires.html\",\"name\":\"La d\u00e9pouille du criminel de guerre Ratko Mladic accueillie \u00e0 Belgrade avec les honneurs militaires - JusticeInfo.net\",\"isPartOf\":{\"@id\":\"https:\/\/www.justiceinfo.net\/fr#website\"},\"datePublished\":\"2026-09-03T13:28:03+00:00\",\"breadcrumb\":{\"@id\":\"https:\/\/www.justiceinfo.net\/fr\/164544-la-depouille-du-criminel-de-guerre-ratko-mladic-accueillie-a-belgrade-avec-les-honneurs-militaires.html#breadcrumb\"},\"inLanguage\":\"fr-FR\",\"potentialAction\":[{\"@type\":\"ReadAction\",\"target\":[\"https:\/\/www.justiceinfo.net\/fr\/164544-la-depouille-du-criminel-de-guerre-ratko-mladic-accueillie-a-belgrade-avec-les-honneurs-militaires.html\"]}]},{\"@type\":\"BreadcrumbList\",\"@id\":\"https:\/\/www.justiceinfo.net\/fr\/164544-la-depouille-du-criminel-de-guerre-ratko-mladic-accueillie-a-belgrade-avec-les-honneurs-militaires.html#breadcrumb\",\"itemListElement\":[{\"@type\":\"ListItem\",\"position\":1,\"name\":\"Home\",\"item\":\"https:\/\/www.justiceinfo.net\/fr\"},{\"@type\":\"ListItem\",\"position\":2,\"name\":\"La d\u00e9pouille du criminel de guerre Ratko Mladic accueillie \u00e0 Belgrade avec les honneurs militaires\"}]},{\"@type\":\"WebSite\",\"@id\":\"https:\/\/www.justiceinfo.net\/fr#website\",\"url\":\"https:\/\/www.justiceinfo.net\/fr\",\"name\":\"JusticeInfo.net\",\"description\":\"La justice doit \u00eatre vue pour \u00eatre rendue\",\"publisher\":{\"@id\":\"https:\/\/www.justiceinfo.net\/fr#organization\"},\"potentialAction\":[{\"@type\":\"SearchAction\",\"target\":{\"@type\":\"EntryPoint\",\"urlTemplate\":\"https:\/\/www.justiceinfo.net\/fr?s={search_term_string}\"},\"query-input\":{\"@type\":\"PropertyValueSpecification\",\"valueRequired\":true,\"valueName\":\"search_term_string\"}}],\"inLanguage\":\"fr-FR\"},{\"@type\":\"Organization\",\"@id\":\"https:\/\/www.justiceinfo.net\/fr#organization\",\"name\":\"Justice Info\",\"url\":\"https:\/\/www.justiceinfo.net\/fr\",\"logo\":{\"@type\":\"ImageObject\",\"inLanguage\":\"fr-FR\",\"@id\":\"https:\/\/www.justiceinfo.net\/fr#\/schema\/logo\/image\/\",\"url\":\"https:\/\/www.justiceinfo.net\/wp-content\/uploads\/justiceinfo_logo-trans_1200x1200px.png\",\"contentUrl\":\"https:\/\/www.justiceinfo.net\/wp-content\/uploads\/justiceinfo_logo-trans_1200x1200px.png\",\"width\":1199,\"height\":1200,\"caption\":\"Justice Info\"},\"image\":{\"@id\":\"https:\/\/www.justiceinfo.net\/fr#\/schema\/logo\/image\/\"},\"sameAs\":[\"https:\/\/www.facebook.com\/JusticeInfo\/\",\"https:\/\/x.com\/justiceinfonet\",\"https:\/\/www.linkedin.com\/company\/justice-info\",\"https:\/\/www.youtube.com\/channel\/UCyCEsARodyuWtkWyhn-e7pA\"]},{\"@type\":\"Person\",\"name\":\"afp\",\"url\":\"\/fr\/?s=afp\"}]}<\/script>\n<!-- \/ Yoast SEO Premium plugin. -->","yoast_head_json":{"title":"La d\u00e9pouille du criminel de guerre Ratko Mladic accueillie \u00e0 Belgrade avec les honneurs militaires - JusticeInfo.net","robots":{"index":"index","follow":"follow","max-snippet":"max-snippet:-1","max-image-preview":"max-image-preview:large","max-video-preview":"max-video-preview:-1"},"canonical":"https:\/\/www.justiceinfo.net\/fr\/164544-la-depouille-du-criminel-de-guerre-ratko-mladic-accueillie-a-belgrade-avec-les-honneurs-militaires.html","og_locale":"fr_FR","og_type":"article","og_title":"La d\u00e9pouille du criminel de guerre Ratko Mladic accueillie \u00e0 Belgrade avec les honneurs militaires","og_description":"La d\u00e9pouille de l'ex-chef militaire des Serbes de Bosnie, Ratko Mladic, d\u00e9c\u00e9d\u00e9 la semaine derni\u00e8re \u00e0 la Haye o\u00f9 il purgeait sa peine de prison, notamment pour le g\u00e9nocide de Srebrenica en 1995, est arriv\u00e9e jeudi \u00e0 Belgrade o\u00f9 elle a \u00e9t\u00e9 accueillie avec les honneurs militaires, selon les images diffus\u00e9es. Le cercueil, recouvert d'un [&hellip;]","og_url":"https:\/\/www.justiceinfo.net\/fr\/164544-la-depouille-du-criminel-de-guerre-ratko-mladic-accueillie-a-belgrade-avec-les-honneurs-militaires.html","og_site_name":"JusticeInfo.net","article_publisher":"https:\/\/www.facebook.com\/JusticeInfo\/","article_published_time":"2026-09-03T13:28:03+00:00","og_image":[{"width":1200,"height":630,"url":"https:\/\/www.justiceinfo.net\/wp-content\/uploads\/JusticeInfoNet_logo_1200x630px.jpg","type":"image\/jpeg"}],"author":"afp","twitter_card":"summary_large_image","twitter_creator":"@justiceinfonet","twitter_site":"@justiceinfonet","twitter_misc":{"\u00c9crit par":"afp","Dur\u00e9e de lecture estim\u00e9e":"3 minutes"},"schema":{"@context":"https:\/\/schema.org","@graph":[{"@type":"NewsArticle","@id":"https:\/\/www.justiceinfo.net\/fr\/164544-la-depouille-du-criminel-de-guerre-ratko-mladic-accueillie-a-belgrade-avec-les-honneurs-militaires.html#article","isPartOf":{"@id":"https:\/\/www.justiceinfo.net\/fr\/164544-la-depouille-du-criminel-de-guerre-ratko-mladic-accueillie-a-belgrade-avec-les-honneurs-militaires.html"},"author":{"name":"afp","@id":"https:\/\/www.justiceinfo.net\/fr#\/schema\/person\/713d340ef5f218fc36ce9b4244364a7f"},"headline":"La d\u00e9pouille du criminel de guerre Ratko Mladic accueillie \u00e0 Belgrade avec les honneurs militaires","datePublished":"2026-09-03T13:28:03+00:00","mainEntityOfPage":{"@id":"https:\/\/www.justiceinfo.net\/fr\/164544-la-depouille-du-criminel-de-guerre-ratko-mladic-accueillie-a-belgrade-avec-les-honneurs-militaires.html"},"wordCount":659,"commentCount":0,"publisher":{"@id":"https:\/\/www.justiceinfo.net\/fr#organization"},"articleSection":["Fil d'info AFP"],"inLanguage":"fr-FR","potentialAction":[{"@type":"CommentAction","name":"Comment","target":["https:\/\/www.justiceinfo.net\/fr\/164544-la-depouille-du-criminel-de-guerre-ratko-mladic-accueillie-a-belgrade-avec-les-honneurs-militaires.html#respond"]}]},{"@type":"WebPage","@id":"https:\/\/www.justiceinfo.net\/fr\/164544-la-depouille-du-criminel-de-guerre-ratko-mladic-accueillie-a-belgrade-avec-les-honneurs-militaires.html","url":"https:\/\/www.justiceinfo.net\/fr\/164544-la-depouille-du-criminel-de-guerre-ratko-mladic-accueillie-a-belgrade-avec-les-honneurs-militaires.html","name":"La d\u00e9pouille du criminel de guerre Ratko Mladic accueillie \u00e0 Belgrade avec les honneurs militaires - JusticeInfo.net","isPartOf":{"@id":"https:\/\/www.justiceinfo.net\/fr#website"},"datePublished":"2026-09-03T13:28:03+00:00","breadcrumb":{"@id":"https:\/\/www.justiceinfo.net\/fr\/164544-la-depouille-du-criminel-de-guerre-ratko-mladic-accueillie-a-belgrade-avec-les-honneurs-militaires.html#breadcrumb"},"inLanguage":"fr-FR","potentialAction":[{"@type":"ReadAction","target":["https:\/\/www.justiceinfo.net\/fr\/164544-la-depouille-du-criminel-de-guerre-ratko-mladic-accueillie-a-belgrade-avec-les-honneurs-militaires.html"]}]},{"@type":"BreadcrumbList","@id":"https:\/\/www.justiceinfo.net\/fr\/164544-la-depouille-du-criminel-de-guerre-ratko-mladic-accueillie-a-belgrade-avec-les-honneurs-militaires.html#breadcrumb","itemListElement":[{"@type":"ListItem","position":1,"name":"Home","item":"https:\/\/www.justiceinfo.net\/fr"},{"@type":"ListItem","position":2,"name":"La d\u00e9pouille du criminel de guerre Ratko Mladic accueillie \u00e0 Belgrade avec les honneurs militaires"}]},{"@type":"WebSite","@id":"https:\/\/www.justiceinfo.net\/fr#website","url":"https:\/\/www.justiceinfo.net\/fr","name":"JusticeInfo.net","description":"La justice doit \u00eatre vue pour \u00eatre rendue","publisher":{"@id":"https:\/\/www.justiceinfo.net\/fr#organization"},"potentialAction":[{"@type":"SearchAction","target":{"@type":"EntryPoint","urlTemplate":"https:\/\/www.justiceinfo.net\/fr?s={search_term_string}"},"query-input":{"@type":"PropertyValueSpecification","valueRequired":true,"valueName":"search_term_string"}}],"inLanguage":"fr-FR"},{"@type":"Organization","@id":"https:\/\/www.justiceinfo.net\/fr#organization","name":"Justice Info","url":"https:\/\/www.justiceinfo.net\/fr","logo":{"@type":"ImageObject","inLanguage":"fr-FR","@id":"https:\/\/www.justiceinfo.net\/fr#\/schema\/logo\/image\/","url":"https:\/\/www.justiceinfo.net\/wp-content\/uploads\/justiceinfo_logo-trans_1200x1200px.png","contentUrl":"https:\/\/www.justiceinfo.net\/wp-content\/uploads\/justiceinfo_logo-trans_1200x1200px.png","width":1199,"height":1200,"caption":"Justice Info"},"image":{"@id":"https:\/\/www.justiceinfo.net\/fr#\/schema\/logo\/image\/"},"sameAs":["https:\/\/www.facebook.com\/JusticeInfo\/","https:\/\/x.com\/justiceinfonet","https:\/\/www.linkedin.com\/company\/justice-info","https:\/\/www.youtube.com\/channel\/UCyCEsARodyuWtkWyhn-e7pA"]},{"@type":"Person","name":"afp","url":"\/fr\/?s=afp"}]}},"_links":{"self":[{"href":"https:\/\/www.justiceinfo.net\/fr\/wp-json\/wp\/v2\/posts\/164544","targetHints":{"allow":["GET"]}}],"collection":[{"href":"https:\/\/www.justiceinfo.net\/fr\/wp-json\/wp\/v2\/posts"}],"about":[{"href":"https:\/\/www.justiceinfo.net\/fr\/wp-json\/wp\/v2\/types\/post"}],"author":[{"embeddable":true,"href":"https:\/\/www.justiceinfo.net\/fr\/wp-json\/wp\/v2\/users\/60"}],"replies":[{"embeddable":true,"href":"https:\/\/www.justiceinfo.net\/fr\/wp-json\/wp\/v2\/comments?post=164544"}],"version-history":[{"count":0,"href":"https:\/\/www.justiceinfo.net\/fr\/wp-json\/wp\/v2\/posts\/164544\/revisions"}],"wp:attachment":[{"href":"https:\/\/www.justiceinfo.net\/fr\/wp-json\/wp\/v2\/media?parent=164544"}],"wp:term":[{"taxonomy":"category","embeddable":true,"href":"https:\/\/www.justiceinfo.net\/fr\/wp-json\/wp\/v2\/categories?post=164544"},{"taxonomy":"post_tag","embeddable":true,"href":"https:\/\/www.justiceinfo.net\/fr\/wp-json\/wp\/v2\/tags?post=164544"},{"taxonomy":"ji_location","embeddable":true,"href":"https:\/\/www.justiceinfo.net\/fr\/wp-json\/wp\/v2\/ji_location?post=164544"}],"curies":[{"name":"wp","href":"https:\/\/api.w.org\/{rel}","templated":true}]}}