{"id":164545,"date":"2026-09-03T15:33:03","date_gmt":"2026-09-03T13:33:03","guid":{"rendered":"https:\/\/www.justiceinfo.net\/164545-le-prix-litteraire-du-monde-attribue-a-la-franco-russe-polina-panassenko.html"},"modified":"2026-09-03T15:33:03","modified_gmt":"2026-09-03T13:33:03","slug":"le-prix-litteraire-du-monde-attribue-a-la-franco-russe-polina-panassenko","status":"publish","type":"post","link":"https:\/\/www.justiceinfo.net\/fr\/164545-le-prix-litteraire-du-monde-attribue-a-la-franco-russe-polina-panassenko.html","title":{"rendered":"Le Prix litt\u00e9raire du Monde attribu\u00e9 \u00e0 la Franco-Russe Polina Panassenko"},"content":{"rendered":"<p>\n             Le Prix litt\u00e9raire du Monde, l'une des premi\u00e8res r\u00e9compenses de la rentr\u00e9e, a \u00e9t\u00e9 attribu\u00e9 jeudi \u00e0 la romanci\u00e8re franco-russe Polina Panassenko pour \"A voix haute\", une enqu\u00eate familiale dans la Russie secr\u00e8te de Staline.\n<\/p>\n<p>\n            \"A voix haute\" (\u00c9ditions de l'Olivier) est le deuxi\u00e8me roman de Polina Panassenko, 37 ans, n\u00e9e \u00e0 Moscou en 1989 puis naturalis\u00e9e fran\u00e7aise apr\u00e8s l'installation de sa famille en France dans les ann\u00e9es 1990.\n<\/p>\n<p>\n            \"Elle livre un texte grave et souvent dr\u00f4le sur la m\u00e9moire et la transmission\", a indiqu\u00e9 le jury, compos\u00e9 de 13 journalistes du Monde.\n<\/p>\n<p>\n            Dans ce r\u00e9cit, l'\u00e9crivaine part sur les traces de son arri\u00e8re-arri\u00e8re-grand-p\u00e8re sur la base d'une rare photo conserv\u00e9e par sa famille rest\u00e9e dans son pays natal. Dans la Russie de Poutine, elle enqu\u00eate sur cet homme disparu myst\u00e9rieusement, en plongeant dans les archives du KGB et sur les lieux des ex-camps du Goulag.\n<\/p>\n<p>\n            \"En Russie, ni les camps du Goulag ni les r\u00e9pressions politiques n'ont \u00e9t\u00e9 reconnus \u00e0 ce jour en tant que crimes contre l'humanit\u00e9. Il n'y a pas eu de proc\u00e8s. Pas d'\u00e9quivalent de Nuremberg\", constate-t-elle.\n<\/p>\n<p>\n            En outre, la romanci\u00e8re Anne Godard a re\u00e7u le Prix du Point et des Libraires de Nancy pour \"Nous aussi\" (Actes Sud), son troisi\u00e8me livre.\n<\/p>\n<p>\n            \"Ce livre implacable\" est \"l'histoire d'une amn\u00e9sie collective, tiss\u00e9e de silences et de secrets\" au sein d'une famille de la grande bourgeoisie, r\u00e9sume Le Point avant la remise du prix le 11 septembre au \"Livre sur la place\" de Nancy, le principal salon de la rentr\u00e9e litt\u00e9raire.<\/p>\n","protected":false},"excerpt":{"rendered":"<p>Le Prix litt\u00e9raire du Monde, l'une des premi\u00e8res r\u00e9compenses de la rentr\u00e9e, a \u00e9t\u00e9 attribu\u00e9 jeudi \u00e0 la romanci\u00e8re franco-russe Polina Panassenko pour \"A voix haute\", une enqu\u00eate familiale dans la Russie secr\u00e8te de Staline. \"A voix haute\" (\u00c9ditions de l'Olivier) est le deuxi\u00e8me roman de Polina Panassenko, 37 ans, n\u00e9e \u00e0 Moscou en 1989 [&hellip;]<\/p>\n","protected":false},"author":60,"featured_media":0,"comment_status":"open","ping_status":"closed","sticky":false,"template":"","format":"standard","meta":{"_acf_changed":false,"footnotes":""},"categories":[2576],"tags":[],"ji_location":[],"class_list":["post-164545","post","type-post","status-publish","format-standard","hentry","category-fil-d-actualite"],"acf":[],"yoast_head":"<!-- This site is optimized with the Yoast SEO Premium plugin v25.3.1 (Yoast SEO v25.3.1) - https:\/\/yoast.com\/wordpress\/plugins\/seo\/ -->\n<title>Le Prix litt\u00e9raire du Monde attribu\u00e9 \u00e0 la Franco-Russe Polina Panassenko - JusticeInfo.net<\/title>\n<meta name=\"robots\" content=\"index, follow, max-snippet:-1, max-image-preview:large, max-video-preview:-1\" \/>\n<link rel=\"canonical\" href=\"https:\/\/www.justiceinfo.net\/fr\/164545-le-prix-litteraire-du-monde-attribue-a-la-franco-russe-polina-panassenko.html\" \/>\n<meta property=\"og:locale\" content=\"fr_FR\" \/>\n<meta property=\"og:type\" content=\"article\" \/>\n<meta property=\"og:title\" content=\"Le Prix litt\u00e9raire du Monde attribu\u00e9 \u00e0 la Franco-Russe Polina Panassenko\" \/>\n<meta property=\"og:description\" content=\"Le Prix litt\u00e9raire du Monde, l&#039;une des premi\u00e8res r\u00e9compenses de la rentr\u00e9e, a \u00e9t\u00e9 attribu\u00e9 jeudi \u00e0 la romanci\u00e8re franco-russe Polina Panassenko pour &quot;A voix haute&quot;, une enqu\u00eate familiale dans la Russie secr\u00e8te de Staline. &quot;A voix haute&quot; (\u00c9ditions de l&#039;Olivier) est le deuxi\u00e8me roman de Polina Panassenko, 37 ans, n\u00e9e \u00e0 Moscou en 1989 [&hellip;]\" \/>\n<meta property=\"og:url\" content=\"https:\/\/www.justiceinfo.net\/fr\/164545-le-prix-litteraire-du-monde-attribue-a-la-franco-russe-polina-panassenko.html\" \/>\n<meta property=\"og:site_name\" content=\"JusticeInfo.net\" \/>\n<meta property=\"article:publisher\" content=\"https:\/\/www.facebook.com\/JusticeInfo\/\" \/>\n<meta property=\"article:published_time\" content=\"2026-09-03T13:33:03+00:00\" \/>\n<meta property=\"og:image\" content=\"https:\/\/www.justiceinfo.net\/wp-content\/uploads\/JusticeInfoNet_logo_1200x630px.jpg\" \/>\n\t<meta property=\"og:image:width\" content=\"1200\" \/>\n\t<meta property=\"og:image:height\" content=\"630\" \/>\n\t<meta property=\"og:image:type\" content=\"image\/jpeg\" \/>\n<meta name=\"author\" content=\"afp\" \/>\n<meta name=\"twitter:card\" content=\"summary_large_image\" \/>\n<meta name=\"twitter:creator\" content=\"@justiceinfonet\" \/>\n<meta name=\"twitter:site\" content=\"@justiceinfonet\" \/>\n<meta name=\"twitter:label1\" content=\"\u00c9crit par\" \/>\n\t<meta name=\"twitter:data1\" content=\"afp\" \/>\n\t<meta name=\"twitter:label2\" content=\"Dur\u00e9e de lecture estim\u00e9e\" \/>\n\t<meta name=\"twitter:data2\" content=\"1 minute\" \/>\n<script type=\"application\/ld+json\" class=\"yoast-schema-graph\">{\"@context\":\"https:\/\/schema.org\",\"@graph\":[{\"@type\":\"NewsArticle\",\"@id\":\"https:\/\/www.justiceinfo.net\/fr\/164545-le-prix-litteraire-du-monde-attribue-a-la-franco-russe-polina-panassenko.html#article\",\"isPartOf\":{\"@id\":\"https:\/\/www.justiceinfo.net\/fr\/164545-le-prix-litteraire-du-monde-attribue-a-la-franco-russe-polina-panassenko.html\"},\"author\":{\"name\":\"afp\",\"@id\":\"https:\/\/www.justiceinfo.net\/fr#\/schema\/person\/713d340ef5f218fc36ce9b4244364a7f\"},\"headline\":\"Le Prix litt\u00e9raire du Monde attribu\u00e9 \u00e0 la Franco-Russe Polina Panassenko\",\"datePublished\":\"2026-09-03T13:33:03+00:00\",\"mainEntityOfPage\":{\"@id\":\"https:\/\/www.justiceinfo.net\/fr\/164545-le-prix-litteraire-du-monde-attribue-a-la-franco-russe-polina-panassenko.html\"},\"wordCount\":301,\"commentCount\":0,\"publisher\":{\"@id\":\"https:\/\/www.justiceinfo.net\/fr#organization\"},\"articleSection\":[\"Fil d'info AFP\"],\"inLanguage\":\"fr-FR\",\"potentialAction\":[{\"@type\":\"CommentAction\",\"name\":\"Comment\",\"target\":[\"https:\/\/www.justiceinfo.net\/fr\/164545-le-prix-litteraire-du-monde-attribue-a-la-franco-russe-polina-panassenko.html#respond\"]}]},{\"@type\":\"WebPage\",\"@id\":\"https:\/\/www.justiceinfo.net\/fr\/164545-le-prix-litteraire-du-monde-attribue-a-la-franco-russe-polina-panassenko.html\",\"url\":\"https:\/\/www.justiceinfo.net\/fr\/164545-le-prix-litteraire-du-monde-attribue-a-la-franco-russe-polina-panassenko.html\",\"name\":\"Le Prix litt\u00e9raire du Monde attribu\u00e9 \u00e0 la Franco-Russe Polina Panassenko - JusticeInfo.net\",\"isPartOf\":{\"@id\":\"https:\/\/www.justiceinfo.net\/fr#website\"},\"datePublished\":\"2026-09-03T13:33:03+00:00\",\"breadcrumb\":{\"@id\":\"https:\/\/www.justiceinfo.net\/fr\/164545-le-prix-litteraire-du-monde-attribue-a-la-franco-russe-polina-panassenko.html#breadcrumb\"},\"inLanguage\":\"fr-FR\",\"potentialAction\":[{\"@type\":\"ReadAction\",\"target\":[\"https:\/\/www.justiceinfo.net\/fr\/164545-le-prix-litteraire-du-monde-attribue-a-la-franco-russe-polina-panassenko.html\"]}]},{\"@type\":\"BreadcrumbList\",\"@id\":\"https:\/\/www.justiceinfo.net\/fr\/164545-le-prix-litteraire-du-monde-attribue-a-la-franco-russe-polina-panassenko.html#breadcrumb\",\"itemListElement\":[{\"@type\":\"ListItem\",\"position\":1,\"name\":\"Home\",\"item\":\"https:\/\/www.justiceinfo.net\/fr\"},{\"@type\":\"ListItem\",\"position\":2,\"name\":\"Le Prix litt\u00e9raire du Monde attribu\u00e9 \u00e0 la Franco-Russe Polina Panassenko\"}]},{\"@type\":\"WebSite\",\"@id\":\"https:\/\/www.justiceinfo.net\/fr#website\",\"url\":\"https:\/\/www.justiceinfo.net\/fr\",\"name\":\"JusticeInfo.net\",\"description\":\"La justice doit \u00eatre vue pour \u00eatre rendue\",\"publisher\":{\"@id\":\"https:\/\/www.justiceinfo.net\/fr#organization\"},\"potentialAction\":[{\"@type\":\"SearchAction\",\"target\":{\"@type\":\"EntryPoint\",\"urlTemplate\":\"https:\/\/www.justiceinfo.net\/fr?s={search_term_string}\"},\"query-input\":{\"@type\":\"PropertyValueSpecification\",\"valueRequired\":true,\"valueName\":\"search_term_string\"}}],\"inLanguage\":\"fr-FR\"},{\"@type\":\"Organization\",\"@id\":\"https:\/\/www.justiceinfo.net\/fr#organization\",\"name\":\"Justice Info\",\"url\":\"https:\/\/www.justiceinfo.net\/fr\",\"logo\":{\"@type\":\"ImageObject\",\"inLanguage\":\"fr-FR\",\"@id\":\"https:\/\/www.justiceinfo.net\/fr#\/schema\/logo\/image\/\",\"url\":\"https:\/\/www.justiceinfo.net\/wp-content\/uploads\/justiceinfo_logo-trans_1200x1200px.png\",\"contentUrl\":\"https:\/\/www.justiceinfo.net\/wp-content\/uploads\/justiceinfo_logo-trans_1200x1200px.png\",\"width\":1199,\"height\":1200,\"caption\":\"Justice Info\"},\"image\":{\"@id\":\"https:\/\/www.justiceinfo.net\/fr#\/schema\/logo\/image\/\"},\"sameAs\":[\"https:\/\/www.facebook.com\/JusticeInfo\/\",\"https:\/\/x.com\/justiceinfonet\",\"https:\/\/www.linkedin.com\/company\/justice-info\",\"https:\/\/www.youtube.com\/channel\/UCyCEsARodyuWtkWyhn-e7pA\"]},{\"@type\":\"Person\",\"name\":\"afp\",\"url\":\"\/fr\/?s=afp\"}]}<\/script>\n<!-- \/ Yoast SEO Premium plugin. -->","yoast_head_json":{"title":"Le Prix litt\u00e9raire du Monde attribu\u00e9 \u00e0 la Franco-Russe Polina Panassenko - JusticeInfo.net","robots":{"index":"index","follow":"follow","max-snippet":"max-snippet:-1","max-image-preview":"max-image-preview:large","max-video-preview":"max-video-preview:-1"},"canonical":"https:\/\/www.justiceinfo.net\/fr\/164545-le-prix-litteraire-du-monde-attribue-a-la-franco-russe-polina-panassenko.html","og_locale":"fr_FR","og_type":"article","og_title":"Le Prix litt\u00e9raire du Monde attribu\u00e9 \u00e0 la Franco-Russe Polina Panassenko","og_description":"Le Prix litt\u00e9raire du Monde, l'une des premi\u00e8res r\u00e9compenses de la rentr\u00e9e, a \u00e9t\u00e9 attribu\u00e9 jeudi \u00e0 la romanci\u00e8re franco-russe Polina Panassenko pour \"A voix haute\", une enqu\u00eate familiale dans la Russie secr\u00e8te de Staline. \"A voix haute\" (\u00c9ditions de l'Olivier) est le deuxi\u00e8me roman de Polina Panassenko, 37 ans, n\u00e9e \u00e0 Moscou en 1989 [&hellip;]","og_url":"https:\/\/www.justiceinfo.net\/fr\/164545-le-prix-litteraire-du-monde-attribue-a-la-franco-russe-polina-panassenko.html","og_site_name":"JusticeInfo.net","article_publisher":"https:\/\/www.facebook.com\/JusticeInfo\/","article_published_time":"2026-09-03T13:33:03+00:00","og_image":[{"width":1200,"height":630,"url":"https:\/\/www.justiceinfo.net\/wp-content\/uploads\/JusticeInfoNet_logo_1200x630px.jpg","type":"image\/jpeg"}],"author":"afp","twitter_card":"summary_large_image","twitter_creator":"@justiceinfonet","twitter_site":"@justiceinfonet","twitter_misc":{"\u00c9crit par":"afp","Dur\u00e9e de lecture estim\u00e9e":"1 minute"},"schema":{"@context":"https:\/\/schema.org","@graph":[{"@type":"NewsArticle","@id":"https:\/\/www.justiceinfo.net\/fr\/164545-le-prix-litteraire-du-monde-attribue-a-la-franco-russe-polina-panassenko.html#article","isPartOf":{"@id":"https:\/\/www.justiceinfo.net\/fr\/164545-le-prix-litteraire-du-monde-attribue-a-la-franco-russe-polina-panassenko.html"},"author":{"name":"afp","@id":"https:\/\/www.justiceinfo.net\/fr#\/schema\/person\/713d340ef5f218fc36ce9b4244364a7f"},"headline":"Le Prix litt\u00e9raire du Monde attribu\u00e9 \u00e0 la Franco-Russe Polina Panassenko","datePublished":"2026-09-03T13:33:03+00:00","mainEntityOfPage":{"@id":"https:\/\/www.justiceinfo.net\/fr\/164545-le-prix-litteraire-du-monde-attribue-a-la-franco-russe-polina-panassenko.html"},"wordCount":301,"commentCount":0,"publisher":{"@id":"https:\/\/www.justiceinfo.net\/fr#organization"},"articleSection":["Fil d'info AFP"],"inLanguage":"fr-FR","potentialAction":[{"@type":"CommentAction","name":"Comment","target":["https:\/\/www.justiceinfo.net\/fr\/164545-le-prix-litteraire-du-monde-attribue-a-la-franco-russe-polina-panassenko.html#respond"]}]},{"@type":"WebPage","@id":"https:\/\/www.justiceinfo.net\/fr\/164545-le-prix-litteraire-du-monde-attribue-a-la-franco-russe-polina-panassenko.html","url":"https:\/\/www.justiceinfo.net\/fr\/164545-le-prix-litteraire-du-monde-attribue-a-la-franco-russe-polina-panassenko.html","name":"Le Prix litt\u00e9raire du Monde attribu\u00e9 \u00e0 la Franco-Russe Polina Panassenko - JusticeInfo.net","isPartOf":{"@id":"https:\/\/www.justiceinfo.net\/fr#website"},"datePublished":"2026-09-03T13:33:03+00:00","breadcrumb":{"@id":"https:\/\/www.justiceinfo.net\/fr\/164545-le-prix-litteraire-du-monde-attribue-a-la-franco-russe-polina-panassenko.html#breadcrumb"},"inLanguage":"fr-FR","potentialAction":[{"@type":"ReadAction","target":["https:\/\/www.justiceinfo.net\/fr\/164545-le-prix-litteraire-du-monde-attribue-a-la-franco-russe-polina-panassenko.html"]}]},{"@type":"BreadcrumbList","@id":"https:\/\/www.justiceinfo.net\/fr\/164545-le-prix-litteraire-du-monde-attribue-a-la-franco-russe-polina-panassenko.html#breadcrumb","itemListElement":[{"@type":"ListItem","position":1,"name":"Home","item":"https:\/\/www.justiceinfo.net\/fr"},{"@type":"ListItem","position":2,"name":"Le Prix litt\u00e9raire du Monde attribu\u00e9 \u00e0 la Franco-Russe Polina Panassenko"}]},{"@type":"WebSite","@id":"https:\/\/www.justiceinfo.net\/fr#website","url":"https:\/\/www.justiceinfo.net\/fr","name":"JusticeInfo.net","description":"La justice doit \u00eatre vue pour \u00eatre rendue","publisher":{"@id":"https:\/\/www.justiceinfo.net\/fr#organization"},"potentialAction":[{"@type":"SearchAction","target":{"@type":"EntryPoint","urlTemplate":"https:\/\/www.justiceinfo.net\/fr?s={search_term_string}"},"query-input":{"@type":"PropertyValueSpecification","valueRequired":true,"valueName":"search_term_string"}}],"inLanguage":"fr-FR"},{"@type":"Organization","@id":"https:\/\/www.justiceinfo.net\/fr#organization","name":"Justice Info","url":"https:\/\/www.justiceinfo.net\/fr","logo":{"@type":"ImageObject","inLanguage":"fr-FR","@id":"https:\/\/www.justiceinfo.net\/fr#\/schema\/logo\/image\/","url":"https:\/\/www.justiceinfo.net\/wp-content\/uploads\/justiceinfo_logo-trans_1200x1200px.png","contentUrl":"https:\/\/www.justiceinfo.net\/wp-content\/uploads\/justiceinfo_logo-trans_1200x1200px.png","width":1199,"height":1200,"caption":"Justice Info"},"image":{"@id":"https:\/\/www.justiceinfo.net\/fr#\/schema\/logo\/image\/"},"sameAs":["https:\/\/www.facebook.com\/JusticeInfo\/","https:\/\/x.com\/justiceinfonet","https:\/\/www.linkedin.com\/company\/justice-info","https:\/\/www.youtube.com\/channel\/UCyCEsARodyuWtkWyhn-e7pA"]},{"@type":"Person","name":"afp","url":"\/fr\/?s=afp"}]}},"_links":{"self":[{"href":"https:\/\/www.justiceinfo.net\/fr\/wp-json\/wp\/v2\/posts\/164545","targetHints":{"allow":["GET"]}}],"collection":[{"href":"https:\/\/www.justiceinfo.net\/fr\/wp-json\/wp\/v2\/posts"}],"about":[{"href":"https:\/\/www.justiceinfo.net\/fr\/wp-json\/wp\/v2\/types\/post"}],"author":[{"embeddable":true,"href":"https:\/\/www.justiceinfo.net\/fr\/wp-json\/wp\/v2\/users\/60"}],"replies":[{"embeddable":true,"href":"https:\/\/www.justiceinfo.net\/fr\/wp-json\/wp\/v2\/comments?post=164545"}],"version-history":[{"count":0,"href":"https:\/\/www.justiceinfo.net\/fr\/wp-json\/wp\/v2\/posts\/164545\/revisions"}],"wp:attachment":[{"href":"https:\/\/www.justiceinfo.net\/fr\/wp-json\/wp\/v2\/media?parent=164545"}],"wp:term":[{"taxonomy":"category","embeddable":true,"href":"https:\/\/www.justiceinfo.net\/fr\/wp-json\/wp\/v2\/categories?post=164545"},{"taxonomy":"post_tag","embeddable":true,"href":"https:\/\/www.justiceinfo.net\/fr\/wp-json\/wp\/v2\/tags?post=164545"},{"taxonomy":"ji_location","embeddable":true,"href":"https:\/\/www.justiceinfo.net\/fr\/wp-json\/wp\/v2\/ji_location?post=164545"}],"curies":[{"name":"wp","href":"https:\/\/api.w.org\/{rel}","templated":true}]}}