{"id":164549,"date":"2026-09-03T16:23:03","date_gmt":"2026-09-03T14:23:03","guid":{"rendered":"https:\/\/www.justiceinfo.net\/164549-lonu-appelle-le-sri-lanka-a-mettre-fin-a-la-culture-de-limpunite-pour-les-crimes-de-guerre.html"},"modified":"2026-09-03T16:23:03","modified_gmt":"2026-09-03T14:23:03","slug":"lonu-appelle-le-sri-lanka-a-mettre-fin-a-la-culture-de-limpunite-pour-les-crimes-de-guerre","status":"publish","type":"post","link":"https:\/\/www.justiceinfo.net\/fr\/164549-lonu-appelle-le-sri-lanka-a-mettre-fin-a-la-culture-de-limpunite-pour-les-crimes-de-guerre.html","title":{"rendered":"L'ONU appelle le Sri Lanka \u00e0 mettre fin \u00e0 la \"culture de l'impunit\u00e9\" pour les crimes de guerre"},"content":{"rendered":"<p>\n             Le Haut-Commissaire de l'ONU aux droits de l'homme Volker T\u00fcrk a appel\u00e9 le Sri Lanka \u00e0 \"en faire plus\" pour mettre fin \u00e0 \"la culture de l'impunit\u00e9\" pour les crimes de guerre et autres abus, enracin\u00e9e selon lui depuis longtemps dans ce pays.\n<\/p>\n<p>\n            Dans son dernier rapport, le Haut-Commissariat d\u00e9plore l'incapacit\u00e9 persistante \u00e0 mener des enqu\u00eates efficaces et des poursuites pour les crimes commis pendant le conflit arm\u00e9 qui a oppos\u00e9 de 1983 \u00e0 2009 le gouvernement du Sri Lanka aux s\u00e9paratistes des Tigres de lib\u00e9ration de l'Eelam tamoul (LTTE).\n<\/p>\n<p>\n            Les gouvernements successifs du Sri Lanka ont r\u00e9sist\u00e9 aux appels \u00e0 enqu\u00eater sur les all\u00e9gations selon lesquelles les forces de s\u00e9curit\u00e9 ont tu\u00e9 au moins 40.000 civils tamouls dans les derniers mois de la guerre qui a pris fin en mai 2009.\n<\/p>\n<p>\n            \"M\u00eame s'il est encourageant que les autorit\u00e9s sri-lankaises aient pris des mesures pour traiter les affaires de corruption et des crimes li\u00e9s \u00e0 la p\u00e9riode post-guerre, il faut en faire plus pour mettre fin au long h\u00e9ritage d'impunit\u00e9 dans le pays\", a d\u00e9clar\u00e9 M. Turk dans un communiqu\u00e9.\n<\/p>\n<p>\n            Il a estim\u00e9 \"crucial\" que des mesures \"d\u00e9cisives et significatives\" soient prises pour que les auteurs des \"crimes et violations commis par toutes les parties pendant le conflit arm\u00e9\" rendent des comptes.\n<\/p>\n<p>\n            Le rapport, qui couvre la p\u00e9riode d'octobre dernier \u00e0 juillet 2026, a not\u00e9 les mesures prises par le gouvernement pour lutter contre la corruption et salu\u00e9 des arrestations et enqu\u00eates li\u00e9es \u00e0 des assassinats politiques, disparitions forc\u00e9es ainsi qu'aux attentats terroristes meurtriers du dimanche de P\u00e2ques 2019.\n<\/p>\n<p>\n            Mais il d\u00e9plore que le gouvernement, bien que promouvant l'unit\u00e9 nationale et d\u00e9non\u00e7ant le racisme, ait continu\u00e9 \u00e0 appliquer la loi \"r\u00e9pressive\" sur la pr\u00e9vention du terrorisme.\n<\/p>\n<p>\n            L'application de cette loi s'est traduite par \"des arrestations arbitraires et des d\u00e9tentions prolong\u00e9es sans inculpation\", a soulign\u00e9 le rapport qui appelle le Sri Lanka \u00e0 abroger cette loi et \u00e0 \"lib\u00e9rer tous les prisonniers politiques\".\n<\/p>\n<p>\n            Des acteurs de la soci\u00e9t\u00e9 civile, des militants et journalistes ont entretemps fait l'objet d'une surveillance d'Etat, selon le Haut-Commissariat qui indique avoir re\u00e7u au moins 16 signalements au cours de la p\u00e9riode couverte par le dernier rapport.\n<\/p>\n<p>\n            Les cas de torture et de d\u00e9c\u00e8s en prison persistent, a soulign\u00e9 le rapport.\n<\/p>\n<p>\n            La Commission des droits de l'homme du pays a document\u00e9 602 cas de torture et de mauvais traitement en 2025, et 138 cas au cours des quatre premiers mois de cette ann\u00e9e.\n<\/p>\n<p>\n            Elle a indiqu\u00e9 avoir re\u00e7u les signalements de 18 cas de d\u00e9c\u00e8s en prison en 2025, et trois autres en avril 2026.<\/p>\n","protected":false},"excerpt":{"rendered":"<p>Le Haut-Commissaire de l'ONU aux droits de l'homme Volker T\u00fcrk a appel\u00e9 le Sri Lanka \u00e0 \"en faire plus\" pour mettre fin \u00e0 \"la culture de l'impunit\u00e9\" pour les crimes de guerre et autres abus, enracin\u00e9e selon lui depuis longtemps dans ce pays. Dans son dernier rapport, le Haut-Commissariat d\u00e9plore l'incapacit\u00e9 persistante \u00e0 mener des [&hellip;]<\/p>\n","protected":false},"author":60,"featured_media":0,"comment_status":"open","ping_status":"closed","sticky":false,"template":"","format":"standard","meta":{"_acf_changed":false,"footnotes":""},"categories":[2576],"tags":[],"ji_location":[],"class_list":["post-164549","post","type-post","status-publish","format-standard","hentry","category-fil-d-actualite"],"acf":[],"yoast_head":"<!-- This site is optimized with the Yoast SEO Premium plugin v25.3.1 (Yoast SEO v25.3.1) - https:\/\/yoast.com\/wordpress\/plugins\/seo\/ -->\n<title>L&#039;ONU appelle le Sri Lanka \u00e0 mettre fin \u00e0 la &quot;culture de l&#039;impunit\u00e9&quot; pour les crimes de guerre - JusticeInfo.net<\/title>\n<meta name=\"robots\" content=\"index, follow, max-snippet:-1, max-image-preview:large, max-video-preview:-1\" \/>\n<link rel=\"canonical\" href=\"https:\/\/www.justiceinfo.net\/fr\/164549-lonu-appelle-le-sri-lanka-a-mettre-fin-a-la-culture-de-limpunite-pour-les-crimes-de-guerre.html\" \/>\n<meta property=\"og:locale\" content=\"fr_FR\" \/>\n<meta property=\"og:type\" content=\"article\" \/>\n<meta property=\"og:title\" content=\"L&#039;ONU appelle le Sri Lanka \u00e0 mettre fin \u00e0 la &quot;culture de l&#039;impunit\u00e9&quot; pour les crimes de guerre\" \/>\n<meta property=\"og:description\" content=\"Le Haut-Commissaire de l&#039;ONU aux droits de l&#039;homme Volker T\u00fcrk a appel\u00e9 le Sri Lanka \u00e0 &quot;en faire plus&quot; pour mettre fin \u00e0 &quot;la culture de l&#039;impunit\u00e9&quot; pour les crimes de guerre et autres abus, enracin\u00e9e selon lui depuis longtemps dans ce pays. Dans son dernier rapport, le Haut-Commissariat d\u00e9plore l&#039;incapacit\u00e9 persistante \u00e0 mener des [&hellip;]\" \/>\n<meta property=\"og:url\" content=\"https:\/\/www.justiceinfo.net\/fr\/164549-lonu-appelle-le-sri-lanka-a-mettre-fin-a-la-culture-de-limpunite-pour-les-crimes-de-guerre.html\" \/>\n<meta property=\"og:site_name\" content=\"JusticeInfo.net\" \/>\n<meta property=\"article:publisher\" content=\"https:\/\/www.facebook.com\/JusticeInfo\/\" \/>\n<meta property=\"article:published_time\" content=\"2026-09-03T14:23:03+00:00\" \/>\n<meta property=\"og:image\" content=\"https:\/\/www.justiceinfo.net\/wp-content\/uploads\/JusticeInfoNet_logo_1200x630px.jpg\" \/>\n\t<meta property=\"og:image:width\" content=\"1200\" \/>\n\t<meta property=\"og:image:height\" content=\"630\" \/>\n\t<meta property=\"og:image:type\" content=\"image\/jpeg\" \/>\n<meta name=\"author\" content=\"afp\" \/>\n<meta name=\"twitter:card\" content=\"summary_large_image\" \/>\n<meta name=\"twitter:creator\" content=\"@justiceinfonet\" \/>\n<meta name=\"twitter:site\" content=\"@justiceinfonet\" \/>\n<meta name=\"twitter:label1\" content=\"\u00c9crit par\" \/>\n\t<meta name=\"twitter:data1\" content=\"afp\" \/>\n\t<meta name=\"twitter:label2\" content=\"Dur\u00e9e de lecture estim\u00e9e\" \/>\n\t<meta name=\"twitter:data2\" content=\"2 minutes\" \/>\n<script type=\"application\/ld+json\" class=\"yoast-schema-graph\">{\"@context\":\"https:\/\/schema.org\",\"@graph\":[{\"@type\":\"NewsArticle\",\"@id\":\"https:\/\/www.justiceinfo.net\/fr\/164549-lonu-appelle-le-sri-lanka-a-mettre-fin-a-la-culture-de-limpunite-pour-les-crimes-de-guerre.html#article\",\"isPartOf\":{\"@id\":\"https:\/\/www.justiceinfo.net\/fr\/164549-lonu-appelle-le-sri-lanka-a-mettre-fin-a-la-culture-de-limpunite-pour-les-crimes-de-guerre.html\"},\"author\":{\"name\":\"afp\",\"@id\":\"https:\/\/www.justiceinfo.net\/fr#\/schema\/person\/713d340ef5f218fc36ce9b4244364a7f\"},\"headline\":\"L'ONU appelle le Sri Lanka \u00e0 mettre fin \u00e0 la \\\"culture de l'impunit\u00e9\\\" pour les crimes de guerre\",\"datePublished\":\"2026-09-03T14:23:03+00:00\",\"mainEntityOfPage\":{\"@id\":\"https:\/\/www.justiceinfo.net\/fr\/164549-lonu-appelle-le-sri-lanka-a-mettre-fin-a-la-culture-de-limpunite-pour-les-crimes-de-guerre.html\"},\"wordCount\":477,\"commentCount\":0,\"publisher\":{\"@id\":\"https:\/\/www.justiceinfo.net\/fr#organization\"},\"articleSection\":[\"Fil d'info AFP\"],\"inLanguage\":\"fr-FR\",\"potentialAction\":[{\"@type\":\"CommentAction\",\"name\":\"Comment\",\"target\":[\"https:\/\/www.justiceinfo.net\/fr\/164549-lonu-appelle-le-sri-lanka-a-mettre-fin-a-la-culture-de-limpunite-pour-les-crimes-de-guerre.html#respond\"]}]},{\"@type\":\"WebPage\",\"@id\":\"https:\/\/www.justiceinfo.net\/fr\/164549-lonu-appelle-le-sri-lanka-a-mettre-fin-a-la-culture-de-limpunite-pour-les-crimes-de-guerre.html\",\"url\":\"https:\/\/www.justiceinfo.net\/fr\/164549-lonu-appelle-le-sri-lanka-a-mettre-fin-a-la-culture-de-limpunite-pour-les-crimes-de-guerre.html\",\"name\":\"L'ONU appelle le Sri Lanka \u00e0 mettre fin \u00e0 la \\\"culture de l'impunit\u00e9\\\" pour les crimes de guerre - JusticeInfo.net\",\"isPartOf\":{\"@id\":\"https:\/\/www.justiceinfo.net\/fr#website\"},\"datePublished\":\"2026-09-03T14:23:03+00:00\",\"breadcrumb\":{\"@id\":\"https:\/\/www.justiceinfo.net\/fr\/164549-lonu-appelle-le-sri-lanka-a-mettre-fin-a-la-culture-de-limpunite-pour-les-crimes-de-guerre.html#breadcrumb\"},\"inLanguage\":\"fr-FR\",\"potentialAction\":[{\"@type\":\"ReadAction\",\"target\":[\"https:\/\/www.justiceinfo.net\/fr\/164549-lonu-appelle-le-sri-lanka-a-mettre-fin-a-la-culture-de-limpunite-pour-les-crimes-de-guerre.html\"]}]},{\"@type\":\"BreadcrumbList\",\"@id\":\"https:\/\/www.justiceinfo.net\/fr\/164549-lonu-appelle-le-sri-lanka-a-mettre-fin-a-la-culture-de-limpunite-pour-les-crimes-de-guerre.html#breadcrumb\",\"itemListElement\":[{\"@type\":\"ListItem\",\"position\":1,\"name\":\"Home\",\"item\":\"https:\/\/www.justiceinfo.net\/fr\"},{\"@type\":\"ListItem\",\"position\":2,\"name\":\"L'ONU appelle le Sri Lanka \u00e0 mettre fin \u00e0 la \\\"culture de l'impunit\u00e9\\\" pour les crimes de guerre\"}]},{\"@type\":\"WebSite\",\"@id\":\"https:\/\/www.justiceinfo.net\/fr#website\",\"url\":\"https:\/\/www.justiceinfo.net\/fr\",\"name\":\"JusticeInfo.net\",\"description\":\"La justice doit \u00eatre vue pour \u00eatre rendue\",\"publisher\":{\"@id\":\"https:\/\/www.justiceinfo.net\/fr#organization\"},\"potentialAction\":[{\"@type\":\"SearchAction\",\"target\":{\"@type\":\"EntryPoint\",\"urlTemplate\":\"https:\/\/www.justiceinfo.net\/fr?s={search_term_string}\"},\"query-input\":{\"@type\":\"PropertyValueSpecification\",\"valueRequired\":true,\"valueName\":\"search_term_string\"}}],\"inLanguage\":\"fr-FR\"},{\"@type\":\"Organization\",\"@id\":\"https:\/\/www.justiceinfo.net\/fr#organization\",\"name\":\"Justice Info\",\"url\":\"https:\/\/www.justiceinfo.net\/fr\",\"logo\":{\"@type\":\"ImageObject\",\"inLanguage\":\"fr-FR\",\"@id\":\"https:\/\/www.justiceinfo.net\/fr#\/schema\/logo\/image\/\",\"url\":\"https:\/\/www.justiceinfo.net\/wp-content\/uploads\/justiceinfo_logo-trans_1200x1200px.png\",\"contentUrl\":\"https:\/\/www.justiceinfo.net\/wp-content\/uploads\/justiceinfo_logo-trans_1200x1200px.png\",\"width\":1199,\"height\":1200,\"caption\":\"Justice Info\"},\"image\":{\"@id\":\"https:\/\/www.justiceinfo.net\/fr#\/schema\/logo\/image\/\"},\"sameAs\":[\"https:\/\/www.facebook.com\/JusticeInfo\/\",\"https:\/\/x.com\/justiceinfonet\",\"https:\/\/www.linkedin.com\/company\/justice-info\",\"https:\/\/www.youtube.com\/channel\/UCyCEsARodyuWtkWyhn-e7pA\"]},{\"@type\":\"Person\",\"name\":\"afp\",\"url\":\"\/fr\/?s=afp\"}]}<\/script>\n<!-- \/ Yoast SEO Premium plugin. -->","yoast_head_json":{"title":"L'ONU appelle le Sri Lanka \u00e0 mettre fin \u00e0 la \"culture de l'impunit\u00e9\" pour les crimes de guerre - JusticeInfo.net","robots":{"index":"index","follow":"follow","max-snippet":"max-snippet:-1","max-image-preview":"max-image-preview:large","max-video-preview":"max-video-preview:-1"},"canonical":"https:\/\/www.justiceinfo.net\/fr\/164549-lonu-appelle-le-sri-lanka-a-mettre-fin-a-la-culture-de-limpunite-pour-les-crimes-de-guerre.html","og_locale":"fr_FR","og_type":"article","og_title":"L'ONU appelle le Sri Lanka \u00e0 mettre fin \u00e0 la \"culture de l'impunit\u00e9\" pour les crimes de guerre","og_description":"Le Haut-Commissaire de l'ONU aux droits de l'homme Volker T\u00fcrk a appel\u00e9 le Sri Lanka \u00e0 \"en faire plus\" pour mettre fin \u00e0 \"la culture de l'impunit\u00e9\" pour les crimes de guerre et autres abus, enracin\u00e9e selon lui depuis longtemps dans ce pays. Dans son dernier rapport, le Haut-Commissariat d\u00e9plore l'incapacit\u00e9 persistante \u00e0 mener des [&hellip;]","og_url":"https:\/\/www.justiceinfo.net\/fr\/164549-lonu-appelle-le-sri-lanka-a-mettre-fin-a-la-culture-de-limpunite-pour-les-crimes-de-guerre.html","og_site_name":"JusticeInfo.net","article_publisher":"https:\/\/www.facebook.com\/JusticeInfo\/","article_published_time":"2026-09-03T14:23:03+00:00","og_image":[{"width":1200,"height":630,"url":"https:\/\/www.justiceinfo.net\/wp-content\/uploads\/JusticeInfoNet_logo_1200x630px.jpg","type":"image\/jpeg"}],"author":"afp","twitter_card":"summary_large_image","twitter_creator":"@justiceinfonet","twitter_site":"@justiceinfonet","twitter_misc":{"\u00c9crit par":"afp","Dur\u00e9e de lecture estim\u00e9e":"2 minutes"},"schema":{"@context":"https:\/\/schema.org","@graph":[{"@type":"NewsArticle","@id":"https:\/\/www.justiceinfo.net\/fr\/164549-lonu-appelle-le-sri-lanka-a-mettre-fin-a-la-culture-de-limpunite-pour-les-crimes-de-guerre.html#article","isPartOf":{"@id":"https:\/\/www.justiceinfo.net\/fr\/164549-lonu-appelle-le-sri-lanka-a-mettre-fin-a-la-culture-de-limpunite-pour-les-crimes-de-guerre.html"},"author":{"name":"afp","@id":"https:\/\/www.justiceinfo.net\/fr#\/schema\/person\/713d340ef5f218fc36ce9b4244364a7f"},"headline":"L'ONU appelle le Sri Lanka \u00e0 mettre fin \u00e0 la \"culture de l'impunit\u00e9\" pour les crimes de guerre","datePublished":"2026-09-03T14:23:03+00:00","mainEntityOfPage":{"@id":"https:\/\/www.justiceinfo.net\/fr\/164549-lonu-appelle-le-sri-lanka-a-mettre-fin-a-la-culture-de-limpunite-pour-les-crimes-de-guerre.html"},"wordCount":477,"commentCount":0,"publisher":{"@id":"https:\/\/www.justiceinfo.net\/fr#organization"},"articleSection":["Fil d'info AFP"],"inLanguage":"fr-FR","potentialAction":[{"@type":"CommentAction","name":"Comment","target":["https:\/\/www.justiceinfo.net\/fr\/164549-lonu-appelle-le-sri-lanka-a-mettre-fin-a-la-culture-de-limpunite-pour-les-crimes-de-guerre.html#respond"]}]},{"@type":"WebPage","@id":"https:\/\/www.justiceinfo.net\/fr\/164549-lonu-appelle-le-sri-lanka-a-mettre-fin-a-la-culture-de-limpunite-pour-les-crimes-de-guerre.html","url":"https:\/\/www.justiceinfo.net\/fr\/164549-lonu-appelle-le-sri-lanka-a-mettre-fin-a-la-culture-de-limpunite-pour-les-crimes-de-guerre.html","name":"L'ONU appelle le Sri Lanka \u00e0 mettre fin \u00e0 la \"culture de l'impunit\u00e9\" pour les crimes de guerre - JusticeInfo.net","isPartOf":{"@id":"https:\/\/www.justiceinfo.net\/fr#website"},"datePublished":"2026-09-03T14:23:03+00:00","breadcrumb":{"@id":"https:\/\/www.justiceinfo.net\/fr\/164549-lonu-appelle-le-sri-lanka-a-mettre-fin-a-la-culture-de-limpunite-pour-les-crimes-de-guerre.html#breadcrumb"},"inLanguage":"fr-FR","potentialAction":[{"@type":"ReadAction","target":["https:\/\/www.justiceinfo.net\/fr\/164549-lonu-appelle-le-sri-lanka-a-mettre-fin-a-la-culture-de-limpunite-pour-les-crimes-de-guerre.html"]}]},{"@type":"BreadcrumbList","@id":"https:\/\/www.justiceinfo.net\/fr\/164549-lonu-appelle-le-sri-lanka-a-mettre-fin-a-la-culture-de-limpunite-pour-les-crimes-de-guerre.html#breadcrumb","itemListElement":[{"@type":"ListItem","position":1,"name":"Home","item":"https:\/\/www.justiceinfo.net\/fr"},{"@type":"ListItem","position":2,"name":"L'ONU appelle le Sri Lanka \u00e0 mettre fin \u00e0 la \"culture de l'impunit\u00e9\" pour les crimes de guerre"}]},{"@type":"WebSite","@id":"https:\/\/www.justiceinfo.net\/fr#website","url":"https:\/\/www.justiceinfo.net\/fr","name":"JusticeInfo.net","description":"La justice doit \u00eatre vue pour \u00eatre rendue","publisher":{"@id":"https:\/\/www.justiceinfo.net\/fr#organization"},"potentialAction":[{"@type":"SearchAction","target":{"@type":"EntryPoint","urlTemplate":"https:\/\/www.justiceinfo.net\/fr?s={search_term_string}"},"query-input":{"@type":"PropertyValueSpecification","valueRequired":true,"valueName":"search_term_string"}}],"inLanguage":"fr-FR"},{"@type":"Organization","@id":"https:\/\/www.justiceinfo.net\/fr#organization","name":"Justice Info","url":"https:\/\/www.justiceinfo.net\/fr","logo":{"@type":"ImageObject","inLanguage":"fr-FR","@id":"https:\/\/www.justiceinfo.net\/fr#\/schema\/logo\/image\/","url":"https:\/\/www.justiceinfo.net\/wp-content\/uploads\/justiceinfo_logo-trans_1200x1200px.png","contentUrl":"https:\/\/www.justiceinfo.net\/wp-content\/uploads\/justiceinfo_logo-trans_1200x1200px.png","width":1199,"height":1200,"caption":"Justice Info"},"image":{"@id":"https:\/\/www.justiceinfo.net\/fr#\/schema\/logo\/image\/"},"sameAs":["https:\/\/www.facebook.com\/JusticeInfo\/","https:\/\/x.com\/justiceinfonet","https:\/\/www.linkedin.com\/company\/justice-info","https:\/\/www.youtube.com\/channel\/UCyCEsARodyuWtkWyhn-e7pA"]},{"@type":"Person","name":"afp","url":"\/fr\/?s=afp"}]}},"_links":{"self":[{"href":"https:\/\/www.justiceinfo.net\/fr\/wp-json\/wp\/v2\/posts\/164549","targetHints":{"allow":["GET"]}}],"collection":[{"href":"https:\/\/www.justiceinfo.net\/fr\/wp-json\/wp\/v2\/posts"}],"about":[{"href":"https:\/\/www.justiceinfo.net\/fr\/wp-json\/wp\/v2\/types\/post"}],"author":[{"embeddable":true,"href":"https:\/\/www.justiceinfo.net\/fr\/wp-json\/wp\/v2\/users\/60"}],"replies":[{"embeddable":true,"href":"https:\/\/www.justiceinfo.net\/fr\/wp-json\/wp\/v2\/comments?post=164549"}],"version-history":[{"count":0,"href":"https:\/\/www.justiceinfo.net\/fr\/wp-json\/wp\/v2\/posts\/164549\/revisions"}],"wp:attachment":[{"href":"https:\/\/www.justiceinfo.net\/fr\/wp-json\/wp\/v2\/media?parent=164549"}],"wp:term":[{"taxonomy":"category","embeddable":true,"href":"https:\/\/www.justiceinfo.net\/fr\/wp-json\/wp\/v2\/categories?post=164549"},{"taxonomy":"post_tag","embeddable":true,"href":"https:\/\/www.justiceinfo.net\/fr\/wp-json\/wp\/v2\/tags?post=164549"},{"taxonomy":"ji_location","embeddable":true,"href":"https:\/\/www.justiceinfo.net\/fr\/wp-json\/wp\/v2\/ji_location?post=164549"}],"curies":[{"name":"wp","href":"https:\/\/api.w.org\/{rel}","templated":true}]}}