{"id":164558,"date":"2026-09-04T10:11:52","date_gmt":"2026-09-04T08:11:52","guid":{"rendered":"https:\/\/www.justiceinfo.net\/?p=164558"},"modified":"2026-09-04T10:11:54","modified_gmt":"2026-09-04T08:11:54","slug":"plaintes-de-la-flottille-pour-gaza-un-schema-de-violence-systematique","status":"publish","type":"post","link":"https:\/\/www.justiceinfo.net\/fr\/164558-plaintes-de-la-flottille-pour-gaza-un-schema-de-violence-systematique.html","title":{"rendered":"Plaintes de la flottille pour Gaza : \u00ab Un sch\u00e9ma de violence syst\u00e9matique \u00bb"},"content":{"rendered":"\n<p>Pour les avocats de Global Sumud Flotilla, les enqu\u00eates nationales ouvertes en Europe et la communication \u00e0 la CPI envoy\u00e9e suite aux arrestations d\u2019activistes faisant route vers Gaza \u00ab\u00a0s\u2019inscrivent dans le cadre d\u2019une d\u00e9marche plus vaste visant \u00e0 \u00e9tablir les responsabilit\u00e9s concernant les crimes commis par Isra\u00ebl\u00a0\u00bb. Justice Info fait le tour des proc\u00e9dures en cours.<\/p>\n\n\n\n<!--more-->\n\n\n\n<p>Le <a href=\"https:\/\/www.lemonde.fr\/en\/international\/article\/2026\/08\/21\/turkey-issues-arrest-warrant-for-netanyahu-who-calls-erdogan-an-antisemitic-dictator_6756739_4.html?srsltid=AfmBOoo2DSlv446AbbcfdqaYJZbBjAw89M_LnrTxtKjeEtTO2zvDXjA3\">21 ao\u00fbt<\/a>, la Turquie a annonc\u00e9 avoir demand\u00e9 un mandat d\u2019arr\u00eat contre le Premier ministre isra\u00e9lien en lien avec le traitement r\u00e9serv\u00e9 aux membres d\u2019une flottille humanitaire partie de Turquie en mai, en route vers Gaza. Le mandat turc accuse Benjamin Netanyahu, entre autres, de crimes contre l\u2019humanit\u00e9, de g\u00e9nocide, de privation de libert\u00e9 aggrav\u00e9e et de torture.<\/p>\n\n\n\n<p>Au printemps dernier, des dizaines de navires faisant route vers Gaza avec \u00e0 leur bord de la nourriture, des fournitures m\u00e9dicales et des produits d\u2019hygi\u00e8ne ont \u00e9t\u00e9 intercept\u00e9s par l\u2019arm\u00e9e isra\u00e9lienne dans les eaux internationales, et 428 militants internationaux, journalistes, m\u00e9decins et responsables politiques se trouvant \u00e0 bord ont \u00e9t\u00e9 emmen\u00e9s en Isra\u00ebl, o\u00f9 ils ont \u00e9t\u00e9 plac\u00e9s en d\u00e9tention. \u00c0 leur lib\u00e9ration, les participants \u00e0 la flottille ont d\u00e9nonc\u00e9 des violences sexuelles, des coups et des humiliations inflig\u00e9s par des responsables isra\u00e9liens \u2013 qui <a href=\"https:\/\/www.timesofisrael.com\/liveblog_entry\/israel-denies-it-abused-flotilla-activists-15-of-whom-claim-sexual-assaults\/\">ont ni\u00e9<\/a> ces violations.<\/p>\n\n\n\n<p>Le ministre turc de la Justice, Ak\u0131n G\u00fcrlek, a d\u00e9clar\u00e9 dans un <a href=\"https:\/\/x.com\/abakingurlek\/status\/2090765048431985015?s=20\">message publi\u00e9 sur X<\/a> que Netanyahu, un responsable militaire isra\u00e9lien du nom d\u2019Afek Moskovitch et 33 autres pr\u00e9venus font l\u2019objet de poursuites devant un tribunal d\u2019Istanbul pour ces crimes pr\u00e9sum\u00e9s.<\/p>\n\n\n\n<h2 class=\"wp-block-heading\" id=\"h-enquetes-en-italie-en-france-en-espagne-et-en-pologne\">Enqu\u00eates en Italie, en France, en Espagne et en Pologne<\/h2>\n\n\n\n<p>Ce n\u2019\u00e9tait pas le seul \u00e9pisode de ce type. L\u2019ann\u00e9e derni\u00e8re, une pr\u00e9c\u00e9dente mission de la Global Sumud Flotilla avait \u00e9t\u00e9 attaqu\u00e9e par des drones isra\u00e9liens, puis intercept\u00e9e dans les eaux internationales, \u00e0 environ 70 milles marins au large de Gaza. Les personnes \u00e0 bord avaient \u00e9t\u00e9 plac\u00e9es en d\u00e9tention par Isra\u00ebl.<\/p>\n\n\n\n<p>Nombre des membres arr\u00eat\u00e9s \u00e0 bord des flottilles \u00e0 destination de Gaza sont des ressortissants de pays europ\u00e9ens et ont d\u00e9pos\u00e9 des plaintes devant leurs propres juridictions. L\u2019Italie, la France, l\u2019Espagne et la Pologne ont ouvert des enqu\u00eates, tandis que les Pays-Bas pourraient leur embo\u00eeter le pas. Des avocats ont aussi adress\u00e9 une communication \u00e0 la <a href=\"https:\/\/www.justiceinfo.net\/fr\/tribunaux\/cpi\">Cour p\u00e9nale internationale (CPI)<\/a>, demandant qu\u2019elle int\u00e8gre ces crimes pr\u00e9sum\u00e9s dans son enqu\u00eate sur la Palestine.<\/p>\n\n\n\n<h2 class=\"wp-block-heading\" id=\"h-fractures-et-humiliations\">Fractures et humiliations<\/h2>\n\n\n\n<p>Selon une chronologie publi\u00e9e par la Global Sumud Flotilla, le 29 avril, la flottille faisait route vers l\u2019\u00eele grecque de Cr\u00e8te, \u00e0 plus de 600 milles marins de Gaza (1.100 km), lorsque des bateaux militaires isra\u00e9liens ont encercl\u00e9 21 navires transportant environ 180 personnes. Les moteurs de certains navires ont \u00e9t\u00e9 d\u00e9truits et les participants ont \u00e9t\u00e9 pass\u00e9s \u00e0 tabac. Deux militants, Saif Abukeshek et Thiago \u00c1vila, ont \u00e9t\u00e9 emmen\u00e9s dans une prison de la Palestine occup\u00e9e et lib\u00e9r\u00e9s au bout de dix jours. Les autres ont \u00e9t\u00e9 d\u00e9tenus \u00e0 bord d\u2019un navire, o\u00f9 ils sont rest\u00e9s plus d\u2019une journ\u00e9e. D\u2019apr\u00e8s leurs t\u00e9moignages, on a refus\u00e9 de leur donner de la nourriture et de l\u2019eau en quantit\u00e9 suffisante, et des soldats isra\u00e9liens ont inond\u00e9 les dortoirs d\u2019eau froide. Et 34 d\u2019entre eux ont d\u00fb \u00eatre transport\u00e9s \u00e0 l\u2019h\u00f4pital apr\u00e8s leur lib\u00e9ration.<\/p>\n\n\n\n<p>Puis, apr\u00e8s s\u2019\u00eatre regroup\u00e9s en Turquie, 54 bateaux transportant pr\u00e8s de 500 participants issus de 45 pays ont mis le cap sur Gaza. Entre le 18 et le 19 mai, la flottille a \u00e9t\u00e9 intercept\u00e9e dans les eaux internationales. Les participants ont \u00e9t\u00e9 transport\u00e9s par bateau vers le port d\u2019Ashdod, \u00e0 30 km au sud de Tel-Aviv. De l\u00e0, 428 d\u2019entre eux ont \u00e9t\u00e9 conduits \u00e0 la prison de Ketziot, un centre de d\u00e9tention o\u00f9 des Palestiniens, souvent originaires de Gaza, <a href=\"https:\/\/www.bbc.com\/news\/articles\/cn7vje365rno\">seraient<\/a> d\u00e9tenus et brutalement tortur\u00e9s.<\/p>\n\n\n\n<p>Le ministre isra\u00e9lien de la S\u00e9curit\u00e9 nationale, Itamar Ben-Gvir, a suscit\u00e9 une vague de <a href=\"https:\/\/www.lemonde.fr\/en\/international\/article\/2026\/05\/20\/israeli-minister-sparks-outcry-over-video-of-bound-flotilla-activists_6753658_4.html?srsltid=AfmBOoqOEp8uenzKxHHOsqf6ddSaRlHuMqW5mYvENpRYCyhoEBDjVeHh\">condamnations<\/a> internationales et s\u2019est vu <a href=\"https:\/\/www.middleeastmonitor.com\/20260706-10-countries-ban-ben-gvir-smotrich-from-entering-their-territories\/\">interdire<\/a> l\u2019entr\u00e9e dans plusieurs pays apr\u00e8s avoir publi\u00e9 une vid\u00e9o dans laquelle il se moquait des membres de la flottille forc\u00e9s \u00e0 s\u2019agenouiller dans le port d\u2019Ashdod. Pendant des heures, ils ont \u00e9t\u00e9 maintenus \u00e0 genoux, le front plaqu\u00e9 au sol et les mains derri\u00e8re le dos, tandis que l\u2019hymne national isra\u00e9lien \u00e9tait diffus\u00e9 en boucle. Pendant leur d\u00e9tention \u00e0 bord du navire, au port et en prison, les militants de la flottille ont d\u00e9clar\u00e9 avoir \u00e9t\u00e9 battus, humili\u00e9s, agress\u00e9s sexuellement et soumis \u00e0 des conditions d\u00e9gradantes. Beaucoup ont signal\u00e9 des fractures et d\u2019autres blessures : <a href=\"https:\/\/www.globalsumudflotilla.org\/press\/global-sumud-flotilla-volunteers-recount-abuse-on-torture-boat\/\">67<\/a> ont d\u00fb subir un examen m\u00e9dical et 12 ont \u00e9t\u00e9 hospitalis\u00e9s.<\/p>\n\n\n\n<figure class=\"wp-block-image size-full\"><img loading=\"lazy\" decoding=\"async\" width=\"900\" height=\"600\" src=\"https:\/\/www.justiceinfo.net\/wp-content\/uploads\/Palestine_Flotilla-Gaza-Israel-navy_@Jack-Guez-AFP.jpg\" alt=\"Un bateau de la flottille pour Gaza intercept\u00e9 par la marine isra\u00e9lienne.\" class=\"wp-image-164569\" srcset=\"https:\/\/www.justiceinfo.net\/wp-content\/uploads\/Palestine_Flotilla-Gaza-Israel-navy_@Jack-Guez-AFP.jpg 900w, https:\/\/www.justiceinfo.net\/wp-content\/uploads\/Palestine_Flotilla-Gaza-Israel-navy_@Jack-Guez-AFP-540x360.jpg 540w\" sizes=\"auto, (max-width: 900px) 100vw, 900px\" \/><figcaption class=\"wp-element-caption\">Un bateau de la flottille pour Gaza (\u00e0 gauche), intercept\u00e9 par la marine isra\u00e9lienne (\u00e0 droite), fait route vers le port isra\u00e9lien d'Ashdod, situ\u00e9 \u00e0 environ 40 kilom\u00e8tres au sud de Tel-Aviv, le 19 mai 2026. Photo : \u00a9 Jack Guez<\/figcaption><\/figure>\n\n\n\n<h2 class=\"wp-block-heading\" id=\"h-la-legalite-contestee-du-blocus-de-gaza\">La l\u00e9galit\u00e9 contest\u00e9e du blocus de Gaza<\/h2>\n\n\n\n<p>Isra\u00ebl <a href=\"https:\/\/www.timesofisrael.com\/a-new-gaza-flotilla-is-on-its-way-does-israel-have-the-legal-right-to-intercept-it\/\">a fait valoir<\/a> que son blocus de Gaza, instaur\u00e9 d\u00e8s 2009 pour limiter la capacit\u00e9 du Hamas \u00e0 faire passer des armes en contrebande, est l\u00e9gal en vertu d\u2019une codification du droit international coutumier en mati\u00e8re de guerre navale appel\u00e9e le Manuel de San Remo. Selon Tel-Aviv, le pays est autoris\u00e9 \u00e0 intercepter les navires soup\u00e7onn\u00e9s de violer le blocus.<\/p>\n\n\n\n<p>Alice Giannini, ma\u00eetre de conf\u00e9rences en droit p\u00e9nal \u00e0 l\u2019universit\u00e9 de Maastricht, affirme qu\u2019\u00ab&nbsp;il n\u2019existe aucun fondement juridique justifiant l\u2019interception de la flottille&nbsp;\u00bb. Elle explique que \u00ab&nbsp;m\u00eame si l\u2019on devait avancer l\u2019argument que le blocus naval est l\u00e9gitime, ils ne pourraient intervenir que lorsqu\u2019ils estiment qu\u2019il existe des menaces imminentes. Or, il n\u2019y en avait aucune dans ce cas pr\u00e9cis, et cela est incontestable&nbsp;\u00bb. La flottille \u00e9tait compos\u00e9e de civils transportant de l\u2019aide humanitaire, et lorsqu\u2019elle a \u00e9t\u00e9 intercept\u00e9e, elle se trouvait dans les eaux internationales, loin de Gaza, ajoute-t-elle.<\/p>\n\n\n\n<p>Le mouvement \u00e0 l\u2019origine de la flottille d\u2019aujourd\u2019hui est actif depuis 2008. \u00c0 la suite d\u2019une attaque isra\u00e9lienne en 2010, au cours de laquelle neuf personnes \u00e0 bord d\u2019un navire battant pavillon turc ont \u00e9t\u00e9 tu\u00e9es, une <a href=\"https:\/\/www.ohchr.org\/fr\/press-releases\/2010\/09\/fact-finding-mission-israeli-attack-flotilla-carrying-humanitarian\">mission d\u2019enqu\u00eate des Nations unies<\/a> a conclu que le blocus de Gaza \u00e9tait ill\u00e9gal, car \u00ab&nbsp;il a entra\u00een\u00e9 des dommages excessifs pour la population civile par rapport \u00e0 l\u2019avantage militaire concret et direct escompt\u00e9 de ce blocus&nbsp;\u00bb. En cons\u00e9quence, l\u2019abordage des navires \u00e9tait lui aussi ill\u00e9gal, \u00ab&nbsp;\u00e0 moins qu\u2019il n\u2019ait pu \u00eatre justifi\u00e9 par des motifs autres que le blocus, et (\u2026) il n\u2019existait aucune autre justification l\u00e9gale&nbsp;\u00bb.<\/p>\n\n\n\n<p>Si telle \u00e9tait d\u00e9j\u00e0 la conclusion du rapport il y a 15 ans, Giannini affirme que l\u2019\u00ab&nbsp;on ne peut plus nier aujourd\u2019hui que le blocus de Gaza est impos\u00e9 dans le seul but d\u2019affamer la population&nbsp;\u00bb.<\/p>\n\n\n\n<h2 class=\"wp-block-heading\" id=\"h-premiere-enquete-en-italie\">Premi\u00e8re enqu\u00eate en Italie<\/h2>\n\n\n\n<p>Alors que l\u2019Union europ\u00e9enne (UE), en tant qu\u2019institution, n\u2019est pas parvenue \u00e0 s\u2019accorder sur des sanctions \u00e0 l\u2019encontre du ministre isra\u00e9lien de la S\u00e9curit\u00e9 nationale, une poign\u00e9e de pays de l\u2019UE ont ouvert des enqu\u00eates p\u00e9nales.<\/p>\n\n\n\n<p>L\u2019Italie a \u00e9t\u00e9 la premi\u00e8re. Peu apr\u00e8s l\u2019interception d\u2019octobre 2025, le procureur de Rome a ouvert une enqu\u00eate \u00e0 la suite des plaintes d\u00e9pos\u00e9es par des parlementaires et des militants italiens qui faisaient partie de la flottille. Le parquet a qualifi\u00e9 les faits de vol, d\u2019enl\u00e8vement, de dommages ayant mis en danger la s\u00e9curit\u00e9 du navire, et de torture. Des t\u00e9moins et des victimes ont \u00e9t\u00e9 entendus, et des vid\u00e9os, des photos ainsi que d\u2019autres \u00e9l\u00e9ments de preuve ont \u00e9t\u00e9 recueillis.<\/p>\n\n\n\n<p>\u00c0 la suite de l\u2019abordage de la flottille le 29 avril, une enqu\u00eate distincte pour enl\u00e8vement a \u00e9t\u00e9 ouverte par le m\u00eame procureur <a href=\"https:\/\/www.rainews.it\/articoli\/2026\/05\/flotilla-la-procura-di-roma-indaga-per-sequestro-di-persona-f7e4ae09-8c37-486b-8522-4a7900946d49.html\">d\u00e9but mai<\/a>. Trois plaintes ont \u00e9t\u00e9 d\u00e9pos\u00e9es, dont deux concernaient Avila et Abukeshek, qui avaient \u00e9t\u00e9 emmen\u00e9s depuis des navires battant pavillon italien. Le parquet n\u2019a pas encore d\u00e9fini les chefs d\u2019accusation, mais selon l\u2019agence de presse italienne Ansa, des faits de torture et de violences sexuelles sont <a href=\"https:\/\/www.ansa.it\/english\/news\/2026\/05\/22\/rome-prosecutors-considering-charges-of-torture-sexual-violence-on-flotilla_722e1fee-92fa-419e-a37f-23ba24c87022.html\">envisag\u00e9s<\/a>.<\/p>\n\n\n\n<p>Pour l\u2019instant, <a href=\"https:\/\/www.rainews.it\/articoli\/2026\/05\/flotilla-tutti-i-procedimenti-indagini-avviati-dalla-procura-di-roma-anche-il-video-di-ben-gvir-bde9a556-ed76-4cc1-aa96-b858f4bb3b2b.html\">les enqu\u00eates<\/a> visent des personnes non identifi\u00e9es, \u00e0 l\u2019exception de <a href=\"https:\/\/www.rainews.it\/articoli\/2026\/06\/flotilla-sevizie-e-torture-indagato-a-roma-il-ministro-israeliano-ben-gvir-b6ff9510-72e8-4728-b1f8-99367dde5672.html\">Ben Gvir<\/a>, apr\u00e8s que les procureurs ont visionn\u00e9 sa vid\u00e9o. Parmi les suspects pourraient figurer les membres de la marine ayant particip\u00e9 \u00e0 l\u2019intervention en mer, les responsables militaires du port d\u2019Ashdod et les agents de la police p\u00e9nitentiaire de Ketziot. Dans le cadre du premier volet de l\u2019enqu\u00eate, le procureur de Rome a adress\u00e9 une commission rogatoire \u00e0 Isra\u00ebl, demandant des informations sur les proc\u00e9dures suivies et la cha\u00eene de commandement qui a ordonn\u00e9 l\u2019op\u00e9ration.<\/p>\n\n\n\n<p>Cependant, les avocats de la flottille en Italie restent sceptiques quant \u00e0 la possibilit\u00e9 qu\u2019Isra\u00ebl coop\u00e8re. Ils recueillent actuellement les t\u00e9moignages de victimes afin de pr\u00e9parer une deuxi\u00e8me plainte, comme l\u2019explique l\u2019avocate Tatiana Montella \u00e0 Justice Info. Rome est comp\u00e9tente car les plaignants sont des ressortissants italiens et les crimes pr\u00e9sum\u00e9s ont eu lieu, au moins en partie, sur des navires battant pavillon italien. Mais il appartiendra au parquet de d\u00e9cider s\u2019il convient de classer l\u2019affaire ou de la renvoyer devant le tribunal, une fois la phase d\u2019enqu\u00eate termin\u00e9e.<\/p>\n\n\n\t<div class=\"ArticleNewsletterCTA\">\r\n\t\t<div class=\"ArticleNewsletterCTATitle\">Vous trouvez cet article int\u00e9ressant ?<\/div>\r\n\t\t<div class=\"ArticleNewsletterCTAText\">\r\n\t\t\t<a href=\"\/fr\/newsletter\">Inscrivez-vous maintenant \u00e0 notre newsletter<\/a> (gratuite) pour \u00eatre certain de ne pas passer \u00e0 c\u00f4t\u00e9 d'autres publications de ce type.\t\t<\/div>\r\n\t<\/div>\r\n\t\n\n\n<h2 class=\"wp-block-heading\" id=\"h-une-enquete-ouverte-en-pologne\">Une enqu\u00eate ouverte en Pologne<\/h2>\n\n\n\n<p>En Pologne, une enqu\u00eate sur l\u2019arrestation de quatre participants polonais \u00e0 la flottille en octobre 2025 a \u00e9t\u00e9 officiellement ouverte par le parquet de la ville de Gda\u0144sk le 2 juin. Les procureurs ont entendu des t\u00e9moins. Les chefs d\u2019accusation comprennent la piraterie maritime et la s\u00e9questration ill\u00e9gale accompagn\u00e9e de cruaut\u00e9. Parmi les plaignants figure le d\u00e9put\u00e9 polonais Franciszek Sterczewski. \u00ab&nbsp;On ne nous a pas laiss\u00e9 dormir ; les gardes nous ont braqu\u00e9 des lampes torches dans les yeux pendant des heures&nbsp;\u00bb, a-t-il d\u00e9clar\u00e9 \u00e0 <a href=\"https:\/\/www.rp.pl\/przestepczosc\/art44539261-prokuratura-stanela-przeciw-izraelowi-poklosie-zatrzymania-polakow-z-flotylli-sumud\">Rzeczpospolita<\/a>, ajoutant qu\u2019ils \u00ab&nbsp;ont l\u00e2ch\u00e9 des chiens sur nous, ils nous ont crach\u00e9 dessus et nous ont menac\u00e9s avec des armes \u00e0 feu&nbsp;\u00bb.<\/p>\n\n\n\n<p>La <a href=\"https:\/\/www.hindrajabfoundation.org\/posts\/poland-opens-investigation-into-global-sumud-flotilla-attack-hrf-submits-critical-chain-of-command-analysis\">Fondation Hind Rajab<\/a> (HRF), en partenariat avec deux victimes, indique avoir transmis des \u00e9l\u00e9ments de preuve concernant la cha\u00eene de commandement, en s\u2019appuyant sur des rapports isra\u00e9liens accessibles au public. \u00ab&nbsp;Nous nous sommes concentr\u00e9s sur les plus hauts \u00e9chelons&nbsp;\u00bb, explique Natacha Bracq, responsable du contentieux \u00e0 la HRF. \u00ab&nbsp;Il y a eu deux op\u00e9rations : l\u2019une en mer et l\u2019autre sur terre. Nous avons deux cha\u00eenes de commandement distinct : Isra\u00ebl Katz, le ministre de la D\u00e9fense de l\u2019\u00e9poque avec la marine nationale, impliqu\u00e9s dans la premi\u00e8re interception&nbsp;; et Ben-Gvir avec l\u2019administration p\u00e9nitentiaire isra\u00e9lienne impliqu\u00e9s dans l\u2019op\u00e9ration terrestre et la d\u00e9tention. Et quand on remonte la cha\u00eene de commandement, on arrive jusqu\u2019\u00e0 Netanyahu&nbsp;\u00bb, ajoute Bracq.<\/p>\n\n\n\n<p>En mai, la HRF, en collaboration avec deux Polonais d\u2019origine palestinienne et d\u2019autres organisations, a d\u00e9pos\u00e9 une plainte p\u00e9nale distincte en Pologne, cette fois devant le parquet de district de Wroc\u0142aw. Elle vise de hauts responsables politiques et militaires isra\u00e9liens, accus\u00e9s de g\u00e9nocide, de crimes contre l\u2019humanit\u00e9, de crimes de guerre et d\u2019incitation publique \u00e0 commettre des crimes internationaux pour avoir affam\u00e9 la population et entrav\u00e9 l\u2019aide humanitaire, notamment celle de la flottille. La plainte cite notamment plusieurs ministres et g\u00e9n\u00e9raux de l\u2019arm\u00e9e isra\u00e9liens. Ce d\u00e9p\u00f4t de plainte \u00ab&nbsp;visait \u00e0 montrer que l\u2019interception de la flottille ne constitue pas seulement un crime commis contre des Europ\u00e9ens ou des \u00e9trangers. C\u2019est aussi, avant tout, un crime commis contre les Palestiniens&nbsp;\u00bb, souligne Bracq.<\/p>\n\n\n\n<h2 class=\"wp-block-heading\" id=\"h-une-enquete-sur-des-crimes-de-guerre-en-france\">Une enqu\u00eate sur des crimes de guerre en France<\/h2>\n\n\n\n<p>Quelques jours apr\u00e8s la Pologne, <a href=\"https:\/\/www.lemonde.fr\/international\/article\/2026\/06\/05\/flottille-pour-gaza-le-parquet-national-antiterroriste-francais-ouvre-une-enquete-pour-tortures-et-crime-de-guerre_6697980_3210.html?srsltid=AfmBOorKmA_ZluE6dJpECiDxkSjsIO5NpqF7dzNJ5H32gtJXU2t2pj6k\">le 5 juin<\/a>, le Parquet national antiterroriste (Pnat) a ouvert une enqu\u00eate sur des all\u00e9gations de \u00ab&nbsp;crimes de guerre&nbsp;\u00bb et de \u00ab&nbsp;torture&nbsp;\u00bb li\u00e9s au traitement r\u00e9serv\u00e9 par Isra\u00ebl \u00e0 des militants fran\u00e7ais. L\u2019enqu\u00eate a \u00e9t\u00e9 ouverte \u00e0 la demande du gouvernement et est d\u00e9sormais confi\u00e9e aux enqu\u00eateurs de l\u2019Office central de lutte contre les crimes contre l\u2019humanit\u00e9 et les crimes de haine (OCLCH). Initialement, elle ne portait que sur les interceptions d\u2019avril et de mai, mais en juillet, le Pnat a \u00e9largi son enqu\u00eate pour y inclure celle de 2025.<\/p>\n\n\n\n<p>\u00ab&nbsp;Je re\u00e7ois le premier coup. Des gifles qui vous assomment. Tout est dirig\u00e9 vers la t\u00eate&nbsp;\u00bb, a t\u00e9moign\u00e9 la Fran\u00e7aise Meriem Hadjal dans un <a href=\"https:\/\/www.globalsumudflotilla.org\/press\/global-sumud-flotilla-releases-horrific-newly-emerging-testimonies-as-survivors-return-home\/\">communiqu\u00e9 de presse<\/a> de la flottille. Elle a racont\u00e9 avoir \u00e9t\u00e9 tra\u00een\u00e9e vers un conteneur sombre, o\u00f9 elle a \u00e9t\u00e9 battue. Les soldats l\u2019ont touch\u00e9e et \u00ab&nbsp;ont tir\u00e9 sur sa poitrine et son pantalon&nbsp;\u00bb, a-t-elle d\u00e9clar\u00e9, ajoutant qu\u2019elle avait \u00e9galement \u00e9t\u00e9 d\u00e9shabill\u00e9e et entass\u00e9e dans un conteneur avec d\u2019autres personnes, tandis qu\u2019ils pouvaient entendre les cris de leurs camarades militants.<\/p>\n\n\n\n<p>\u00ab&nbsp;Nous estimons qu\u2019il existe des preuves tr\u00e8s solides indiquant que des actes de torture, des crimes de guerre et d\u2019autres violations du droit international humanitaire et des droits humains ont \u00e9t\u00e9 commis&nbsp;\u00bb, des avocats de l\u2019\u00e9quipe juridique de Global Sumud France, d\u00e9clarent \u00e0 Justice Info, dans un entretien \u00e9crit, pr\u00e9cisant qu\u2019ils pr\u00e9f\u00e8rent rester anonymes. \u00c0 ce jour, on compte plus de 30 plaignants, indiquent les avocats.<\/p>\n\n\n\n<p>Cependant, en France aussi, la concr\u00e9tisation ne sera pas facile. \u00ab&nbsp;Aucune arrestation, d\u00e9tention ou ex\u00e9cution effective d\u2019une peine ne peut avoir lieu \u00e0 moins qu\u2019un suspect n\u2019entre dans la juridiction fran\u00e7aise, ne se livre volontairement ou ne soit extrad\u00e9 par un autre \u00c9tat&nbsp;\u00bb, expliquent-ils, ajoutant que \u00ab&nbsp;des questions d\u2019immunit\u00e9 risquent d\u2019entrer en jeu&nbsp;\u00bb. En juillet 2025, la plus haute juridiction fran\u00e7aise a statu\u00e9 que l\u2019immunit\u00e9 fonctionnelle \u2013 accord\u00e9e aux personnes exer\u00e7ant certaines fonctions de l\u2019\u00c9tat \u2013 pouvait \u00eatre lev\u00e9e en cas d\u2019accusations de crimes graves. Elle a cependant confirm\u00e9 que l\u2019immunit\u00e9 personnelle d\u2019un chef d\u2019\u00c9tat ne pouvait faire l\u2019objet d\u2019une renonciation.<\/p>\n\n\n\n<h2 class=\"wp-block-heading\" id=\"h-l-espagne-s-y-met-aussi\">L\u2019Espagne s\u2019y met aussi<\/h2>\n\n\n\n<p>Le 10 juillet, l\u2019Espagne a ouvert une enqu\u00eate sur l\u2019op\u00e9ration d\u2019octobre 2025. Le juge de l\u2019Audiencia Nacional Francisco de Jorge a accept\u00e9 les plaintes d\u00e9pos\u00e9es contre les chefs des forces arm\u00e9es et de la marine isra\u00e9liennes, a rapport\u00e9 <a href=\"https:\/\/elpais.com\/espana\/2026-07-10\/la-audiencia-nacional-admite-las-querellas-contra-altos-mandos-israelies-por-detenciones-ilegales-en-la-flotilla-global-sumud.html\">El Pa\u00eds<\/a>. Des militants espagnols de la flottille, soutenus par une coalition de groupes de gauche, ont d\u00e9pos\u00e9 ces plaintes.<\/p>\n\n\n\n<p>Le juge a d\u00e9cid\u00e9 de limiter l\u2019enqu\u00eate \u00e0 ce qui s\u2019est pass\u00e9 \u00e0 bord des navires battant pavillon espagnol. Il a d\u00e9clar\u00e9 que les troupes isra\u00e9liennes avaient arraisonn\u00e9 les navires dans les eaux internationales, endommag\u00e9 des biens et ill\u00e9galement d\u00e9tenu des membres d\u2019\u00e9quipage, dont des dizaines de ressortissants espagnols. Le juge a indiqu\u00e9 qu\u2019il avait demand\u00e9 \u00e0 la CPI de pr\u00e9ciser si la d\u00e9tention des militants pouvait relever de l\u2019enqu\u00eate en cours \u00e0 La Haye sur la Palestine.<\/p>\n\n\n\n<h2 class=\"wp-block-heading\" id=\"h-plaintes-devant-la-cpi-et-aux-pays-bas\">Plaintes devant la CPI et aux Pays-Bas<\/h2>\n\n\n\n<p>Le <a href=\"https:\/\/www.globalsumudflotilla.org\/press\/global-sumud-flotilla-volunteers-submit-accounts-of-iof-torture-sexual-violence-and-abduction-to-the-icc\/\">29 mai<\/a>, les avocats de la flottille ont adress\u00e9 une communication \u00e0 la CPI. Ils ont accus\u00e9 \u00ab&nbsp;les commandants militaires isra\u00e9liens et les hauts dirigeants politiques d\u2019avoir commis des crimes de guerre, des crimes contre l\u2019humanit\u00e9, des actes de torture et des comportements relevant de l\u2019ex\u00e9cution du crime de g\u00e9nocide&nbsp;\u00bb, selon leur communiqu\u00e9 de presse.<\/p>\n\n\n\n<p>Selon une <a href=\"https:\/\/www.globalsumudflotilla.org\/press\/global-sumud-flotilla-volunteers-submit-accounts-of-iof-torture-sexual-violence-and-abduction-to-the-icc\/\">analyse juridique<\/a> publi\u00e9e en novembre 2025 par l\u2019organisation, les attaques isra\u00e9liennes contre la flottille s\u2019inscrivaient dans le cadre du blocus naval de Gaza et devraient donc constituer des crimes relevant de la comp\u00e9tence de la Cour, car elles ont \u00e9t\u00e9 commises \u00e0 bord de navires battant pavillon d\u2019\u00c9tats parties \u00e0 la CPI et \u00e0 l\u2019encontre de citoyens de pays membres.<\/p>\n\n\n\n<p>Les avocats n\u00e9erlandais de la flottille ont par ailleurs <a href=\"https:\/\/nos.nl\/artikel\/2621313-nederlandse-activisten-doen-aangifte-van-seksueel-geweld-door-israelische-militairen\">annonc\u00e9<\/a> qu\u2019ils d\u00e9poseraient des plaintes contre des soldats isra\u00e9liens aupr\u00e8s du parquet n\u00e9erlandais, aux c\u00f4t\u00e9s de sept citoyens n\u00e9erlandais qui se trouvaient \u00e0 bord lors des missions d\u2019avril et de mai, pour des faits de violences sexuelles, agressions, humiliations, torture et enl\u00e8vements.<\/p>\n\n\n\n<p>\u00ab\u00a0L\u2019id\u00e9e est que les enqu\u00eates nationales viennent renforcer les enqu\u00eates internationales, et inversement, souligne Montella, avant de conclure\u00a0: Isra\u00ebl a une m\u00e9thode, une strat\u00e9gie et un sch\u00e9ma de violence syst\u00e9matique \u00e0 l\u2019encontre des prisonniers palestiniens. L\u2019objectif n\u2019est pas seulement de tenir Isra\u00ebl pour responsable de ses obligations directes envers les membres de la flottille, mais aussi de mettre en \u00e9vidence une gestion des prisonniers qui s\u2019apparente \u00e0 de la \u2018torture syst\u00e9mique\u2019.\u00a0\u00bb<\/p>\n\n\n<div class=\"articleLink articleLink--editorRecommanded articleLink--textInImage articleLink--textTop\" style=\"\">\r\n\t\t\t\t\t\r\n\t\t\t<div class=\"articleLinkSurTitle\">Recommand\u00e9 par la r\u00e9daction<\/div>\r\n\t\t\t<a class=\"articleLinkImageLink\" href=\"https:\/\/www.justiceinfo.net\/fr\/151717-justice-pour-gaza-qui-fait-quoi.html\"><div class=\"articleLinkImageContainer \"><img loading=\"lazy\" decoding=\"async\" width=\"540\" height=\"360\" src=\"https:\/\/www.justiceinfo.net\/wp-content\/uploads\/Palestine_Justice-for-Gaza_1920x1280_@AFP-Justice-Info-540x360.jpg\" class=\"articleLinkImage backgroundImageTag w-100 wp-post-image\" alt=\"Justice pour Gaza : quelles sont les diff\u00e9rentes initiatives de justice pour Gaza dans le monde, sur le plan national ou \u00e0 l&#039;\u00e9chelle internationale (via la CPI, la CIJ et l&#039;ONU). Image : carte du monde dans laquelle est incrust\u00e9e une photo d&#039;une rue de Gaza enti\u00e8rement d\u00e9truite, vue du ciel.\" srcset=\"https:\/\/www.justiceinfo.net\/wp-content\/uploads\/Palestine_Justice-for-Gaza_1920x1280_@AFP-Justice-Info-540x360.jpg 540w, https:\/\/www.justiceinfo.net\/wp-content\/uploads\/Palestine_Justice-for-Gaza_1920x1280_@AFP-Justice-Info-1536x1024.jpg 1536w, https:\/\/www.justiceinfo.net\/wp-content\/uploads\/Palestine_Justice-for-Gaza_1920x1280_@AFP-Justice-Info-1000x667.jpg 1000w, https:\/\/www.justiceinfo.net\/wp-content\/uploads\/Palestine_Justice-for-Gaza_1920x1280_@AFP-Justice-Info-1110x740.jpg 1110w, https:\/\/www.justiceinfo.net\/wp-content\/uploads\/Palestine_Justice-for-Gaza_1920x1280_@AFP-Justice-Info.jpg 1920w\" sizes=\"auto, (max-width: 540px) 100vw, 540px\" \/><\/div><\/a>\r\n\t\t\t<a href=\"https:\/\/www.justiceinfo.net\/fr\/151717-justice-pour-gaza-qui-fait-quoi.html\" class=\"articleLinkTitle articleLinkTitle--default\">\r\n\t\t\tJustice pour Gaza\u00a0: qui fait quoi\u00a0?\r\n\t\t<\/a>\r\n\t\t\r\n\t\t\t\t<\/div>","protected":false},"excerpt":{"rendered":"<p>Pour les avocats de Global Sumud Flotilla, les enqu\u00eates nationales ouvertes en Europe et la communication \u00e0 la CPI envoy\u00e9e suite aux arrestations d\u2019activistes faisant route vers Gaza \u00ab s\u2019inscrivent dans le cadre d\u2019une d\u00e9marche plus vaste visant \u00e0 \u00e9tablir les responsabilit\u00e9s concernant les crimes commis par Isra\u00ebl \u00bb. Justice Info fait le tour des proc\u00e9dures en cours.<\/p>\n","protected":false},"author":97,"featured_media":164563,"comment_status":"open","ping_status":"closed","sticky":false,"template":"","format":"standard","meta":{"_acf_changed":false,"footnotes":""},"categories":[570,574],"tags":[2638],"ji_location":[2566,2284,2402],"class_list":["post-164558","post","type-post","status-publish","format-standard","has-post-thumbnail","hentry","category-cpi","category-tribunaux-nationaux","tag-torture","ji_location-international","ji_location-israel","ji_location-palestine"],"acf":[],"yoast_head":"<!-- This site is optimized with the Yoast SEO Premium plugin v25.3.1 (Yoast SEO v25.3.1) - https:\/\/yoast.com\/wordpress\/plugins\/seo\/ -->\n<title>Plaintes de la flottille pour Gaza : \u00ab Un sch\u00e9ma de violence syst\u00e9matique \u00bb<\/title>\n<meta name=\"description\" content=\"Pour les avocats de Global Sumud Flotilla, les enqu\u00eates nationales ouvertes en Europe et la communication \u00e0 la CPI envoy\u00e9e suite aux arrestations d\u2019activistes faisant route vers Gaza \u00ab s\u2019inscrivent dans le cadre d\u2019une d\u00e9marche plus vaste visant \u00e0 \u00e9tablir les responsabilit\u00e9s concernant les crimes commis par Isra\u00ebl \u00bb. Justice Info fait le tour des proc\u00e9dures en cours.\" \/>\n<meta name=\"robots\" content=\"index, follow, max-snippet:-1, max-image-preview:large, max-video-preview:-1\" \/>\n<link rel=\"canonical\" href=\"https:\/\/www.justiceinfo.net\/fr\/164558-plaintes-de-la-flottille-pour-gaza-un-schema-de-violence-systematique.html\" \/>\n<meta property=\"og:locale\" content=\"fr_FR\" \/>\n<meta property=\"og:type\" content=\"article\" \/>\n<meta property=\"og:title\" content=\"Plaintes de la flottille pour Gaza : \u00ab Un sch\u00e9ma de violence syst\u00e9matique \u00bb\" \/>\n<meta property=\"og:description\" content=\"Pour les avocats de Global Sumud Flotilla, les enqu\u00eates nationales ouvertes en Europe et la communication \u00e0 la CPI envoy\u00e9e suite aux arrestations d\u2019activistes faisant route vers Gaza \u00ab s\u2019inscrivent dans le cadre d\u2019une d\u00e9marche plus vaste visant \u00e0 \u00e9tablir les responsabilit\u00e9s concernant les crimes commis par Isra\u00ebl \u00bb. Justice Info fait le tour des proc\u00e9dures en cours.\" \/>\n<meta property=\"og:url\" content=\"https:\/\/www.justiceinfo.net\/fr\/164558-plaintes-de-la-flottille-pour-gaza-un-schema-de-violence-systematique.html\" \/>\n<meta property=\"og:site_name\" content=\"JusticeInfo.net\" \/>\n<meta property=\"article:publisher\" content=\"https:\/\/www.facebook.com\/JusticeInfo\/\" \/>\n<meta property=\"article:published_time\" content=\"2026-09-04T08:11:52+00:00\" \/>\n<meta property=\"article:modified_time\" content=\"2026-09-04T08:11:54+00:00\" \/>\n<meta property=\"og:image\" content=\"https:\/\/www.justiceinfo.net\/wp-content\/uploads\/Spain-Israel_Palestinian-Conflict-Aid-Flotilla_@Josep-Lago-AFP.jpg\" \/>\n\t<meta property=\"og:image:width\" content=\"1200\" \/>\n\t<meta property=\"og:image:height\" content=\"800\" \/>\n\t<meta property=\"og:image:type\" content=\"image\/jpeg\" \/>\n<meta name=\"author\" content=\"Margherita Capacci\" \/>\n<meta name=\"twitter:card\" content=\"summary_large_image\" \/>\n<meta name=\"twitter:title\" content=\"Plaintes de la flottille pour Gaza : \u00ab Un sch\u00e9ma de violence syst\u00e9matique \u00bb\" \/>\n<meta name=\"twitter:creator\" content=\"@MargheritaCapa3\" \/>\n<meta name=\"twitter:site\" content=\"@justiceinfonet\" \/>\n<meta name=\"twitter:label1\" content=\"\u00c9crit par\" \/>\n\t<meta name=\"twitter:data1\" content=\"Margherita Capacci\" \/>\n\t<meta name=\"twitter:label2\" content=\"Dur\u00e9e de lecture estim\u00e9e\" \/>\n\t<meta name=\"twitter:data2\" content=\"14 minutes\" \/>\n<script type=\"application\/ld+json\" class=\"yoast-schema-graph\">{\"@context\":\"https:\/\/schema.org\",\"@graph\":[{\"@type\":\"AnalysisNewsArticle\",\"@id\":\"https:\/\/www.justiceinfo.net\/fr\/164558-plaintes-de-la-flottille-pour-gaza-un-schema-de-violence-systematique.html#article\",\"isPartOf\":{\"@id\":\"https:\/\/www.justiceinfo.net\/fr\/164558-plaintes-de-la-flottille-pour-gaza-un-schema-de-violence-systematique.html\"},\"author\":{\"name\":\"Margherita Capacci\",\"@id\":\"https:\/\/www.justiceinfo.net\/fr#\/schema\/person\/4ca36917f8c61d75291a0c5dd9b78bd0\"},\"headline\":\"Plaintes de la flottille pour Gaza : \u00ab Un sch\u00e9ma de violence syst\u00e9matique \u00bb\",\"datePublished\":\"2026-09-04T08:11:52+00:00\",\"dateModified\":\"2026-09-04T08:11:54+00:00\",\"mainEntityOfPage\":{\"@id\":\"https:\/\/www.justiceinfo.net\/fr\/164558-plaintes-de-la-flottille-pour-gaza-un-schema-de-violence-systematique.html\"},\"wordCount\":2925,\"commentCount\":0,\"publisher\":{\"@id\":\"https:\/\/www.justiceinfo.net\/fr#organization\"},\"image\":{\"@id\":\"https:\/\/www.justiceinfo.net\/fr\/164558-plaintes-de-la-flottille-pour-gaza-un-schema-de-violence-systematique.html#primaryimage\"},\"thumbnailUrl\":\"https:\/\/www.justiceinfo.net\/wp-content\/uploads\/Spain-Israel_Palestinian-Conflict-Aid-Flotilla_@Josep-Lago-AFP.jpg\",\"keywords\":[\"torture\"],\"articleSection\":[\"CPI\",\"Tribunaux nationaux\"],\"inLanguage\":\"fr-FR\",\"potentialAction\":[{\"@type\":\"CommentAction\",\"name\":\"Comment\",\"target\":[\"https:\/\/www.justiceinfo.net\/fr\/164558-plaintes-de-la-flottille-pour-gaza-un-schema-de-violence-systematique.html#respond\"]}]},{\"@type\":\"WebPage\",\"@id\":\"https:\/\/www.justiceinfo.net\/fr\/164558-plaintes-de-la-flottille-pour-gaza-un-schema-de-violence-systematique.html\",\"url\":\"https:\/\/www.justiceinfo.net\/fr\/164558-plaintes-de-la-flottille-pour-gaza-un-schema-de-violence-systematique.html\",\"name\":\"Plaintes de la flottille pour Gaza : \u00ab Un sch\u00e9ma de violence syst\u00e9matique \u00bb\",\"isPartOf\":{\"@id\":\"https:\/\/www.justiceinfo.net\/fr#website\"},\"primaryImageOfPage\":{\"@id\":\"https:\/\/www.justiceinfo.net\/fr\/164558-plaintes-de-la-flottille-pour-gaza-un-schema-de-violence-systematique.html#primaryimage\"},\"image\":{\"@id\":\"https:\/\/www.justiceinfo.net\/fr\/164558-plaintes-de-la-flottille-pour-gaza-un-schema-de-violence-systematique.html#primaryimage\"},\"thumbnailUrl\":\"https:\/\/www.justiceinfo.net\/wp-content\/uploads\/Spain-Israel_Palestinian-Conflict-Aid-Flotilla_@Josep-Lago-AFP.jpg\",\"datePublished\":\"2026-09-04T08:11:52+00:00\",\"dateModified\":\"2026-09-04T08:11:54+00:00\",\"description\":\"Pour les avocats de Global Sumud Flotilla, les enqu\u00eates nationales ouvertes en Europe et la communication \u00e0 la CPI envoy\u00e9e suite aux arrestations d\u2019activistes faisant route vers Gaza \u00ab s\u2019inscrivent dans le cadre d\u2019une d\u00e9marche plus vaste visant \u00e0 \u00e9tablir les responsabilit\u00e9s concernant les crimes commis par Isra\u00ebl \u00bb. Justice Info fait le tour des proc\u00e9dures en cours.\",\"breadcrumb\":{\"@id\":\"https:\/\/www.justiceinfo.net\/fr\/164558-plaintes-de-la-flottille-pour-gaza-un-schema-de-violence-systematique.html#breadcrumb\"},\"inLanguage\":\"fr-FR\",\"potentialAction\":[{\"@type\":\"ReadAction\",\"target\":[\"https:\/\/www.justiceinfo.net\/fr\/164558-plaintes-de-la-flottille-pour-gaza-un-schema-de-violence-systematique.html\"]}]},{\"@type\":\"ImageObject\",\"inLanguage\":\"fr-FR\",\"@id\":\"https:\/\/www.justiceinfo.net\/fr\/164558-plaintes-de-la-flottille-pour-gaza-un-schema-de-violence-systematique.html#primaryimage\",\"url\":\"https:\/\/www.justiceinfo.net\/wp-content\/uploads\/Spain-Israel_Palestinian-Conflict-Aid-Flotilla_@Josep-Lago-AFP.jpg\",\"contentUrl\":\"https:\/\/www.justiceinfo.net\/wp-content\/uploads\/Spain-Israel_Palestinian-Conflict-Aid-Flotilla_@Josep-Lago-AFP.jpg\",\"width\":1200,\"height\":800,\"caption\":\"Des bateaux devant rejoindre la flottille pour Gaza quittent Barcelone le 12 avril 2026. Au printemps dernier, des dizaines de navires faisant route vers Gaza avec \u00e0 leur bord de la nourriture, des fournitures m\u00e9dicales et des produits d\u2019hygi\u00e8ne ont \u00e9t\u00e9 intercept\u00e9s par l\u2019arm\u00e9e isra\u00e9lienne, et les militants emmen\u00e9s en Isra\u00ebl o\u00f9 ils ont \u00e9t\u00e9 plac\u00e9s en d\u00e9tention. Photo : \u00a9 Josep Lago \/ AFP\"},{\"@type\":\"BreadcrumbList\",\"@id\":\"https:\/\/www.justiceinfo.net\/fr\/164558-plaintes-de-la-flottille-pour-gaza-un-schema-de-violence-systematique.html#breadcrumb\",\"itemListElement\":[{\"@type\":\"ListItem\",\"position\":1,\"name\":\"Home\",\"item\":\"https:\/\/www.justiceinfo.net\/fr\"},{\"@type\":\"ListItem\",\"position\":2,\"name\":\"Plaintes de la flottille pour Gaza : \u00ab Un sch\u00e9ma de violence syst\u00e9matique \u00bb\"}]},{\"@type\":\"WebSite\",\"@id\":\"https:\/\/www.justiceinfo.net\/fr#website\",\"url\":\"https:\/\/www.justiceinfo.net\/fr\",\"name\":\"JusticeInfo.net\",\"description\":\"La justice doit \u00eatre vue pour \u00eatre rendue\",\"publisher\":{\"@id\":\"https:\/\/www.justiceinfo.net\/fr#organization\"},\"potentialAction\":[{\"@type\":\"SearchAction\",\"target\":{\"@type\":\"EntryPoint\",\"urlTemplate\":\"https:\/\/www.justiceinfo.net\/fr?s={search_term_string}\"},\"query-input\":{\"@type\":\"PropertyValueSpecification\",\"valueRequired\":true,\"valueName\":\"search_term_string\"}}],\"inLanguage\":\"fr-FR\"},{\"@type\":\"Organization\",\"@id\":\"https:\/\/www.justiceinfo.net\/fr#organization\",\"name\":\"Justice Info\",\"url\":\"https:\/\/www.justiceinfo.net\/fr\",\"logo\":{\"@type\":\"ImageObject\",\"inLanguage\":\"fr-FR\",\"@id\":\"https:\/\/www.justiceinfo.net\/fr#\/schema\/logo\/image\/\",\"url\":\"https:\/\/www.justiceinfo.net\/wp-content\/uploads\/justiceinfo_logo-trans_1200x1200px.png\",\"contentUrl\":\"https:\/\/www.justiceinfo.net\/wp-content\/uploads\/justiceinfo_logo-trans_1200x1200px.png\",\"width\":1199,\"height\":1200,\"caption\":\"Justice Info\"},\"image\":{\"@id\":\"https:\/\/www.justiceinfo.net\/fr#\/schema\/logo\/image\/\"},\"sameAs\":[\"https:\/\/www.facebook.com\/JusticeInfo\/\",\"https:\/\/x.com\/justiceinfonet\",\"https:\/\/www.linkedin.com\/company\/justice-info\",\"https:\/\/www.youtube.com\/channel\/UCyCEsARodyuWtkWyhn-e7pA\"]},{\"@type\":\"Person\",\"name\":\"Margherita Capacci\",\"sameAs\":[\"https:\/\/x.com\/MargheritaCapa3\"],\"url\":\"https:\/\/www.justiceinfo.net\/fr\/auteur\/margheritacapacci\"}]}<\/script>\n<!-- \/ Yoast SEO Premium plugin. -->","yoast_head_json":{"title":"Plaintes de la flottille pour Gaza : \u00ab Un sch\u00e9ma de violence syst\u00e9matique \u00bb","description":"Pour les avocats de Global Sumud Flotilla, les enqu\u00eates nationales ouvertes en Europe et la communication \u00e0 la CPI envoy\u00e9e suite aux arrestations d\u2019activistes faisant route vers Gaza \u00ab s\u2019inscrivent dans le cadre d\u2019une d\u00e9marche plus vaste visant \u00e0 \u00e9tablir les responsabilit\u00e9s concernant les crimes commis par Isra\u00ebl \u00bb. Justice Info fait le tour des proc\u00e9dures en cours.","robots":{"index":"index","follow":"follow","max-snippet":"max-snippet:-1","max-image-preview":"max-image-preview:large","max-video-preview":"max-video-preview:-1"},"canonical":"https:\/\/www.justiceinfo.net\/fr\/164558-plaintes-de-la-flottille-pour-gaza-un-schema-de-violence-systematique.html","og_locale":"fr_FR","og_type":"article","og_title":"Plaintes de la flottille pour Gaza : \u00ab Un sch\u00e9ma de violence syst\u00e9matique \u00bb","og_description":"Pour les avocats de Global Sumud Flotilla, les enqu\u00eates nationales ouvertes en Europe et la communication \u00e0 la CPI envoy\u00e9e suite aux arrestations d\u2019activistes faisant route vers Gaza \u00ab s\u2019inscrivent dans le cadre d\u2019une d\u00e9marche plus vaste visant \u00e0 \u00e9tablir les responsabilit\u00e9s concernant les crimes commis par Isra\u00ebl \u00bb. Justice Info fait le tour des proc\u00e9dures en cours.","og_url":"https:\/\/www.justiceinfo.net\/fr\/164558-plaintes-de-la-flottille-pour-gaza-un-schema-de-violence-systematique.html","og_site_name":"JusticeInfo.net","article_publisher":"https:\/\/www.facebook.com\/JusticeInfo\/","article_published_time":"2026-09-04T08:11:52+00:00","article_modified_time":"2026-09-04T08:11:54+00:00","og_image":[{"width":1200,"height":800,"url":"https:\/\/www.justiceinfo.net\/wp-content\/uploads\/Spain-Israel_Palestinian-Conflict-Aid-Flotilla_@Josep-Lago-AFP.jpg","type":"image\/jpeg"}],"author":"Margherita Capacci","twitter_card":"summary_large_image","twitter_title":"Plaintes de la flottille pour Gaza : \u00ab Un sch\u00e9ma de violence syst\u00e9matique \u00bb","twitter_creator":"@MargheritaCapa3","twitter_site":"@justiceinfonet","twitter_misc":{"\u00c9crit par":"Margherita Capacci","Dur\u00e9e de lecture estim\u00e9e":"14 minutes"},"schema":{"@context":"https:\/\/schema.org","@graph":[{"@type":"AnalysisNewsArticle","@id":"https:\/\/www.justiceinfo.net\/fr\/164558-plaintes-de-la-flottille-pour-gaza-un-schema-de-violence-systematique.html#article","isPartOf":{"@id":"https:\/\/www.justiceinfo.net\/fr\/164558-plaintes-de-la-flottille-pour-gaza-un-schema-de-violence-systematique.html"},"author":{"name":"Margherita Capacci","@id":"https:\/\/www.justiceinfo.net\/fr#\/schema\/person\/4ca36917f8c61d75291a0c5dd9b78bd0"},"headline":"Plaintes de la flottille pour Gaza : \u00ab Un sch\u00e9ma de violence syst\u00e9matique \u00bb","datePublished":"2026-09-04T08:11:52+00:00","dateModified":"2026-09-04T08:11:54+00:00","mainEntityOfPage":{"@id":"https:\/\/www.justiceinfo.net\/fr\/164558-plaintes-de-la-flottille-pour-gaza-un-schema-de-violence-systematique.html"},"wordCount":2925,"commentCount":0,"publisher":{"@id":"https:\/\/www.justiceinfo.net\/fr#organization"},"image":{"@id":"https:\/\/www.justiceinfo.net\/fr\/164558-plaintes-de-la-flottille-pour-gaza-un-schema-de-violence-systematique.html#primaryimage"},"thumbnailUrl":"https:\/\/www.justiceinfo.net\/wp-content\/uploads\/Spain-Israel_Palestinian-Conflict-Aid-Flotilla_@Josep-Lago-AFP.jpg","keywords":["torture"],"articleSection":["CPI","Tribunaux nationaux"],"inLanguage":"fr-FR","potentialAction":[{"@type":"CommentAction","name":"Comment","target":["https:\/\/www.justiceinfo.net\/fr\/164558-plaintes-de-la-flottille-pour-gaza-un-schema-de-violence-systematique.html#respond"]}]},{"@type":"WebPage","@id":"https:\/\/www.justiceinfo.net\/fr\/164558-plaintes-de-la-flottille-pour-gaza-un-schema-de-violence-systematique.html","url":"https:\/\/www.justiceinfo.net\/fr\/164558-plaintes-de-la-flottille-pour-gaza-un-schema-de-violence-systematique.html","name":"Plaintes de la flottille pour Gaza : \u00ab Un sch\u00e9ma de violence syst\u00e9matique \u00bb","isPartOf":{"@id":"https:\/\/www.justiceinfo.net\/fr#website"},"primaryImageOfPage":{"@id":"https:\/\/www.justiceinfo.net\/fr\/164558-plaintes-de-la-flottille-pour-gaza-un-schema-de-violence-systematique.html#primaryimage"},"image":{"@id":"https:\/\/www.justiceinfo.net\/fr\/164558-plaintes-de-la-flottille-pour-gaza-un-schema-de-violence-systematique.html#primaryimage"},"thumbnailUrl":"https:\/\/www.justiceinfo.net\/wp-content\/uploads\/Spain-Israel_Palestinian-Conflict-Aid-Flotilla_@Josep-Lago-AFP.jpg","datePublished":"2026-09-04T08:11:52+00:00","dateModified":"2026-09-04T08:11:54+00:00","description":"Pour les avocats de Global Sumud Flotilla, les enqu\u00eates nationales ouvertes en Europe et la communication \u00e0 la CPI envoy\u00e9e suite aux arrestations d\u2019activistes faisant route vers Gaza \u00ab s\u2019inscrivent dans le cadre d\u2019une d\u00e9marche plus vaste visant \u00e0 \u00e9tablir les responsabilit\u00e9s concernant les crimes commis par Isra\u00ebl \u00bb. Justice Info fait le tour des proc\u00e9dures en cours.","breadcrumb":{"@id":"https:\/\/www.justiceinfo.net\/fr\/164558-plaintes-de-la-flottille-pour-gaza-un-schema-de-violence-systematique.html#breadcrumb"},"inLanguage":"fr-FR","potentialAction":[{"@type":"ReadAction","target":["https:\/\/www.justiceinfo.net\/fr\/164558-plaintes-de-la-flottille-pour-gaza-un-schema-de-violence-systematique.html"]}]},{"@type":"ImageObject","inLanguage":"fr-FR","@id":"https:\/\/www.justiceinfo.net\/fr\/164558-plaintes-de-la-flottille-pour-gaza-un-schema-de-violence-systematique.html#primaryimage","url":"https:\/\/www.justiceinfo.net\/wp-content\/uploads\/Spain-Israel_Palestinian-Conflict-Aid-Flotilla_@Josep-Lago-AFP.jpg","contentUrl":"https:\/\/www.justiceinfo.net\/wp-content\/uploads\/Spain-Israel_Palestinian-Conflict-Aid-Flotilla_@Josep-Lago-AFP.jpg","width":1200,"height":800,"caption":"Des bateaux devant rejoindre la flottille pour Gaza quittent Barcelone le 12 avril 2026. Au printemps dernier, des dizaines de navires faisant route vers Gaza avec \u00e0 leur bord de la nourriture, des fournitures m\u00e9dicales et des produits d\u2019hygi\u00e8ne ont \u00e9t\u00e9 intercept\u00e9s par l\u2019arm\u00e9e isra\u00e9lienne, et les militants emmen\u00e9s en Isra\u00ebl o\u00f9 ils ont \u00e9t\u00e9 plac\u00e9s en d\u00e9tention. Photo : \u00a9 Josep Lago \/ AFP"},{"@type":"BreadcrumbList","@id":"https:\/\/www.justiceinfo.net\/fr\/164558-plaintes-de-la-flottille-pour-gaza-un-schema-de-violence-systematique.html#breadcrumb","itemListElement":[{"@type":"ListItem","position":1,"name":"Home","item":"https:\/\/www.justiceinfo.net\/fr"},{"@type":"ListItem","position":2,"name":"Plaintes de la flottille pour Gaza : \u00ab Un sch\u00e9ma de violence syst\u00e9matique \u00bb"}]},{"@type":"WebSite","@id":"https:\/\/www.justiceinfo.net\/fr#website","url":"https:\/\/www.justiceinfo.net\/fr","name":"JusticeInfo.net","description":"La justice doit \u00eatre vue pour \u00eatre rendue","publisher":{"@id":"https:\/\/www.justiceinfo.net\/fr#organization"},"potentialAction":[{"@type":"SearchAction","target":{"@type":"EntryPoint","urlTemplate":"https:\/\/www.justiceinfo.net\/fr?s={search_term_string}"},"query-input":{"@type":"PropertyValueSpecification","valueRequired":true,"valueName":"search_term_string"}}],"inLanguage":"fr-FR"},{"@type":"Organization","@id":"https:\/\/www.justiceinfo.net\/fr#organization","name":"Justice Info","url":"https:\/\/www.justiceinfo.net\/fr","logo":{"@type":"ImageObject","inLanguage":"fr-FR","@id":"https:\/\/www.justiceinfo.net\/fr#\/schema\/logo\/image\/","url":"https:\/\/www.justiceinfo.net\/wp-content\/uploads\/justiceinfo_logo-trans_1200x1200px.png","contentUrl":"https:\/\/www.justiceinfo.net\/wp-content\/uploads\/justiceinfo_logo-trans_1200x1200px.png","width":1199,"height":1200,"caption":"Justice Info"},"image":{"@id":"https:\/\/www.justiceinfo.net\/fr#\/schema\/logo\/image\/"},"sameAs":["https:\/\/www.facebook.com\/JusticeInfo\/","https:\/\/x.com\/justiceinfonet","https:\/\/www.linkedin.com\/company\/justice-info","https:\/\/www.youtube.com\/channel\/UCyCEsARodyuWtkWyhn-e7pA"]},{"@type":"Person","name":"Margherita Capacci","sameAs":["https:\/\/x.com\/MargheritaCapa3"],"url":"https:\/\/www.justiceinfo.net\/fr\/auteur\/margheritacapacci"}]}},"_links":{"self":[{"href":"https:\/\/www.justiceinfo.net\/fr\/wp-json\/wp\/v2\/posts\/164558","targetHints":{"allow":["GET"]}}],"collection":[{"href":"https:\/\/www.justiceinfo.net\/fr\/wp-json\/wp\/v2\/posts"}],"about":[{"href":"https:\/\/www.justiceinfo.net\/fr\/wp-json\/wp\/v2\/types\/post"}],"author":[{"embeddable":true,"href":"https:\/\/www.justiceinfo.net\/fr\/wp-json\/wp\/v2\/users\/97"}],"replies":[{"embeddable":true,"href":"https:\/\/www.justiceinfo.net\/fr\/wp-json\/wp\/v2\/comments?post=164558"}],"version-history":[{"count":3,"href":"https:\/\/www.justiceinfo.net\/fr\/wp-json\/wp\/v2\/posts\/164558\/revisions"}],"predecessor-version":[{"id":164576,"href":"https:\/\/www.justiceinfo.net\/fr\/wp-json\/wp\/v2\/posts\/164558\/revisions\/164576"}],"wp:featuredmedia":[{"embeddable":true,"href":"https:\/\/www.justiceinfo.net\/fr\/wp-json\/wp\/v2\/media\/164563"}],"wp:attachment":[{"href":"https:\/\/www.justiceinfo.net\/fr\/wp-json\/wp\/v2\/media?parent=164558"}],"wp:term":[{"taxonomy":"category","embeddable":true,"href":"https:\/\/www.justiceinfo.net\/fr\/wp-json\/wp\/v2\/categories?post=164558"},{"taxonomy":"post_tag","embeddable":true,"href":"https:\/\/www.justiceinfo.net\/fr\/wp-json\/wp\/v2\/tags?post=164558"},{"taxonomy":"ji_location","embeddable":true,"href":"https:\/\/www.justiceinfo.net\/fr\/wp-json\/wp\/v2\/ji_location?post=164558"}],"curies":[{"name":"wp","href":"https:\/\/api.w.org\/{rel}","templated":true}]}}