{"id":164561,"date":"2026-09-04T05:43:02","date_gmt":"2026-09-04T03:43:02","guid":{"rendered":"https:\/\/www.justiceinfo.net\/164561-le-dirigeant-birman-au-vietnam-dans-sa-quete-de-reconnaissance-diplomatique.html"},"modified":"2026-09-04T05:43:02","modified_gmt":"2026-09-04T03:43:02","slug":"le-dirigeant-birman-au-vietnam-dans-sa-quete-de-reconnaissance-diplomatique","status":"publish","type":"post","link":"https:\/\/www.justiceinfo.net\/fr\/164561-le-dirigeant-birman-au-vietnam-dans-sa-quete-de-reconnaissance-diplomatique.html","title":{"rendered":"Le dirigeant birman au Vietnam dans sa qu\u00eate de reconnaissance diplomatique"},"content":{"rendered":"<p>\n             L'ancien chef de la junte birmane Min Aung Hlaing, devenu pr\u00e9sident, est arriv\u00e9 vendredi au Vietnam, nouvelle \u00e9tape d'une tourn\u00e9e r\u00e9gionale destin\u00e9e \u00e0 obtenir une reconnaissance diplomatique.\n<\/p>\n<p>\n            Le tapis rouge a \u00e9t\u00e9 d\u00e9roul\u00e9 \u00e0 Hano\u00ef pour accueillir le dirigeant et son \u00e9pouse, Kyu Kyu Hla, selon des images du gouvernement birman.\n<\/p>\n<p>\n            Au cours de sa visite de trois jours, Min Aung Hlaing doit notamment rencontrer le pr\u00e9sident vietnamien To Lam, participer \u00e0 un forum \u00e9conomique et visiter des entreprises du num\u00e9rique et de l'\u00e9lectronique.\n<\/p>\n<p>\n            La Birmanie a \u00e9t\u00e9 largement marginalis\u00e9e par la communaut\u00e9 internationale apr\u00e8s un coup d'Etat militaire en 2021, mais le Vietnam y a maintenu ses investissements.\n<\/p>\n<p>\n            Le principal op\u00e9rateur t\u00e9l\u00e9com birman Mytel est d\u00e9tenu conjointement par une entreprise soutenue par le minist\u00e8re vietnamien de la D\u00e9fense et un conglom\u00e9rat militaire birman.\n<\/p>\n<p>\n            L'organisation Justice for Myanmar a accus\u00e9 le Vietnam de \"complicit\u00e9 avec la junte\".\n<\/p>\n<p>\n            \"Les crimes de guerre et crimes contre l'humanit\u00e9 commis par l'arm\u00e9e birmane sont soutenus par les revenus, la technologie et les capacit\u00e9s de surveillance fournis par le Vietnam via Mytel\", a d\u00e9clar\u00e9 son porte-parole, Yadanar Maung, dans un communiqu\u00e9.\n<\/p>\n<p>\n            Min Aung Hlaing est consid\u00e9r\u00e9 par des organisations de d\u00e9fense des droits humains comme l'architecte de la r\u00e9pression militaire contre la minorit\u00e9 rohingya \u00e0 partir de 2017, qui fait l'objet d'une proc\u00e9dure pour g\u00e9nocide devant la Cour internationale de justice.\n<\/p>\n<p>\n            Son statut de paria s'est aggrav\u00e9 apr\u00e8s le coup d'Etat qu'il a men\u00e9 il y a cinq ans, renversant le gouvernement d\u00e9mocratiquement \u00e9lu d'Aung San Suu Kyi et plongeant le pays dans la guerre civile.\n<\/p>\n<p>\n            \"MAH\" a acc\u00e9d\u00e9 \u00e0 la pr\u00e9sidence en avril \u00e0 l'issue d'un scrutin restreint, d\u00e9nonc\u00e9 \u00e0 l'\u00e9tranger comme une manoeuvre pour prolonger le r\u00e9gime militaire sous un d\u00e9guisement civil.\n<\/p>\n<p>\n            Il cherche depuis \u00e0 relancer les relations diplomatiques de la Birmanie et a \u00e9t\u00e9 successivement accueilli en Inde, en Chine, au Laos et en Tha\u00eflande.\n<\/p>\n<p>\n            burx-jts\/ar\/sdu\/cn<\/p>\n","protected":false},"excerpt":{"rendered":"<p>L'ancien chef de la junte birmane Min Aung Hlaing, devenu pr\u00e9sident, est arriv\u00e9 vendredi au Vietnam, nouvelle \u00e9tape d'une tourn\u00e9e r\u00e9gionale destin\u00e9e \u00e0 obtenir une reconnaissance diplomatique. Le tapis rouge a \u00e9t\u00e9 d\u00e9roul\u00e9 \u00e0 Hano\u00ef pour accueillir le dirigeant et son \u00e9pouse, Kyu Kyu Hla, selon des images du gouvernement birman. Au cours de sa [&hellip;]<\/p>\n","protected":false},"author":60,"featured_media":0,"comment_status":"open","ping_status":"closed","sticky":false,"template":"","format":"standard","meta":{"_acf_changed":false,"footnotes":""},"categories":[2576],"tags":[],"ji_location":[],"class_list":["post-164561","post","type-post","status-publish","format-standard","hentry","category-fil-d-actualite"],"acf":[],"yoast_head":"<!-- This site is optimized with the Yoast SEO Premium plugin v25.3.1 (Yoast SEO v25.3.1) - https:\/\/yoast.com\/wordpress\/plugins\/seo\/ -->\n<title>Le dirigeant birman au Vietnam dans sa qu\u00eate de reconnaissance diplomatique - JusticeInfo.net<\/title>\n<meta name=\"robots\" content=\"index, follow, max-snippet:-1, max-image-preview:large, max-video-preview:-1\" \/>\n<link rel=\"canonical\" href=\"https:\/\/www.justiceinfo.net\/fr\/164561-le-dirigeant-birman-au-vietnam-dans-sa-quete-de-reconnaissance-diplomatique.html\" \/>\n<meta property=\"og:locale\" content=\"fr_FR\" \/>\n<meta property=\"og:type\" content=\"article\" \/>\n<meta property=\"og:title\" content=\"Le dirigeant birman au Vietnam dans sa qu\u00eate de reconnaissance diplomatique\" \/>\n<meta property=\"og:description\" content=\"L&#039;ancien chef de la junte birmane Min Aung Hlaing, devenu pr\u00e9sident, est arriv\u00e9 vendredi au Vietnam, nouvelle \u00e9tape d&#039;une tourn\u00e9e r\u00e9gionale destin\u00e9e \u00e0 obtenir une reconnaissance diplomatique. Le tapis rouge a \u00e9t\u00e9 d\u00e9roul\u00e9 \u00e0 Hano\u00ef pour accueillir le dirigeant et son \u00e9pouse, Kyu Kyu Hla, selon des images du gouvernement birman. Au cours de sa [&hellip;]\" \/>\n<meta property=\"og:url\" content=\"https:\/\/www.justiceinfo.net\/fr\/164561-le-dirigeant-birman-au-vietnam-dans-sa-quete-de-reconnaissance-diplomatique.html\" \/>\n<meta property=\"og:site_name\" content=\"JusticeInfo.net\" \/>\n<meta property=\"article:publisher\" content=\"https:\/\/www.facebook.com\/JusticeInfo\/\" \/>\n<meta property=\"article:published_time\" content=\"2026-09-04T03:43:02+00:00\" \/>\n<meta property=\"og:image\" content=\"https:\/\/www.justiceinfo.net\/wp-content\/uploads\/JusticeInfoNet_logo_1200x630px.jpg\" \/>\n\t<meta property=\"og:image:width\" content=\"1200\" \/>\n\t<meta property=\"og:image:height\" content=\"630\" \/>\n\t<meta property=\"og:image:type\" content=\"image\/jpeg\" \/>\n<meta name=\"author\" content=\"afp\" \/>\n<meta name=\"twitter:card\" content=\"summary_large_image\" \/>\n<meta name=\"twitter:creator\" content=\"@justiceinfonet\" \/>\n<meta name=\"twitter:site\" content=\"@justiceinfonet\" \/>\n<meta name=\"twitter:label1\" content=\"\u00c9crit par\" \/>\n\t<meta name=\"twitter:data1\" content=\"afp\" \/>\n\t<meta name=\"twitter:label2\" content=\"Dur\u00e9e de lecture estim\u00e9e\" \/>\n\t<meta name=\"twitter:data2\" content=\"2 minutes\" \/>\n<script type=\"application\/ld+json\" class=\"yoast-schema-graph\">{\"@context\":\"https:\/\/schema.org\",\"@graph\":[{\"@type\":\"NewsArticle\",\"@id\":\"https:\/\/www.justiceinfo.net\/fr\/164561-le-dirigeant-birman-au-vietnam-dans-sa-quete-de-reconnaissance-diplomatique.html#article\",\"isPartOf\":{\"@id\":\"https:\/\/www.justiceinfo.net\/fr\/164561-le-dirigeant-birman-au-vietnam-dans-sa-quete-de-reconnaissance-diplomatique.html\"},\"author\":{\"name\":\"afp\",\"@id\":\"https:\/\/www.justiceinfo.net\/fr#\/schema\/person\/713d340ef5f218fc36ce9b4244364a7f\"},\"headline\":\"Le dirigeant birman au Vietnam dans sa qu\u00eate de reconnaissance diplomatique\",\"datePublished\":\"2026-09-04T03:43:02+00:00\",\"mainEntityOfPage\":{\"@id\":\"https:\/\/www.justiceinfo.net\/fr\/164561-le-dirigeant-birman-au-vietnam-dans-sa-quete-de-reconnaissance-diplomatique.html\"},\"wordCount\":369,\"commentCount\":0,\"publisher\":{\"@id\":\"https:\/\/www.justiceinfo.net\/fr#organization\"},\"articleSection\":[\"Fil d'info AFP\"],\"inLanguage\":\"fr-FR\",\"potentialAction\":[{\"@type\":\"CommentAction\",\"name\":\"Comment\",\"target\":[\"https:\/\/www.justiceinfo.net\/fr\/164561-le-dirigeant-birman-au-vietnam-dans-sa-quete-de-reconnaissance-diplomatique.html#respond\"]}]},{\"@type\":\"WebPage\",\"@id\":\"https:\/\/www.justiceinfo.net\/fr\/164561-le-dirigeant-birman-au-vietnam-dans-sa-quete-de-reconnaissance-diplomatique.html\",\"url\":\"https:\/\/www.justiceinfo.net\/fr\/164561-le-dirigeant-birman-au-vietnam-dans-sa-quete-de-reconnaissance-diplomatique.html\",\"name\":\"Le dirigeant birman au Vietnam dans sa qu\u00eate de reconnaissance diplomatique - JusticeInfo.net\",\"isPartOf\":{\"@id\":\"https:\/\/www.justiceinfo.net\/fr#website\"},\"datePublished\":\"2026-09-04T03:43:02+00:00\",\"breadcrumb\":{\"@id\":\"https:\/\/www.justiceinfo.net\/fr\/164561-le-dirigeant-birman-au-vietnam-dans-sa-quete-de-reconnaissance-diplomatique.html#breadcrumb\"},\"inLanguage\":\"fr-FR\",\"potentialAction\":[{\"@type\":\"ReadAction\",\"target\":[\"https:\/\/www.justiceinfo.net\/fr\/164561-le-dirigeant-birman-au-vietnam-dans-sa-quete-de-reconnaissance-diplomatique.html\"]}]},{\"@type\":\"BreadcrumbList\",\"@id\":\"https:\/\/www.justiceinfo.net\/fr\/164561-le-dirigeant-birman-au-vietnam-dans-sa-quete-de-reconnaissance-diplomatique.html#breadcrumb\",\"itemListElement\":[{\"@type\":\"ListItem\",\"position\":1,\"name\":\"Home\",\"item\":\"https:\/\/www.justiceinfo.net\/fr\"},{\"@type\":\"ListItem\",\"position\":2,\"name\":\"Le dirigeant birman au Vietnam dans sa qu\u00eate de reconnaissance diplomatique\"}]},{\"@type\":\"WebSite\",\"@id\":\"https:\/\/www.justiceinfo.net\/fr#website\",\"url\":\"https:\/\/www.justiceinfo.net\/fr\",\"name\":\"JusticeInfo.net\",\"description\":\"La justice doit \u00eatre vue pour \u00eatre rendue\",\"publisher\":{\"@id\":\"https:\/\/www.justiceinfo.net\/fr#organization\"},\"potentialAction\":[{\"@type\":\"SearchAction\",\"target\":{\"@type\":\"EntryPoint\",\"urlTemplate\":\"https:\/\/www.justiceinfo.net\/fr?s={search_term_string}\"},\"query-input\":{\"@type\":\"PropertyValueSpecification\",\"valueRequired\":true,\"valueName\":\"search_term_string\"}}],\"inLanguage\":\"fr-FR\"},{\"@type\":\"Organization\",\"@id\":\"https:\/\/www.justiceinfo.net\/fr#organization\",\"name\":\"Justice Info\",\"url\":\"https:\/\/www.justiceinfo.net\/fr\",\"logo\":{\"@type\":\"ImageObject\",\"inLanguage\":\"fr-FR\",\"@id\":\"https:\/\/www.justiceinfo.net\/fr#\/schema\/logo\/image\/\",\"url\":\"https:\/\/www.justiceinfo.net\/wp-content\/uploads\/justiceinfo_logo-trans_1200x1200px.png\",\"contentUrl\":\"https:\/\/www.justiceinfo.net\/wp-content\/uploads\/justiceinfo_logo-trans_1200x1200px.png\",\"width\":1199,\"height\":1200,\"caption\":\"Justice Info\"},\"image\":{\"@id\":\"https:\/\/www.justiceinfo.net\/fr#\/schema\/logo\/image\/\"},\"sameAs\":[\"https:\/\/www.facebook.com\/JusticeInfo\/\",\"https:\/\/x.com\/justiceinfonet\",\"https:\/\/www.linkedin.com\/company\/justice-info\",\"https:\/\/www.youtube.com\/channel\/UCyCEsARodyuWtkWyhn-e7pA\"]},{\"@type\":\"Person\",\"name\":\"afp\",\"url\":\"\/fr\/?s=afp\"}]}<\/script>\n<!-- \/ Yoast SEO Premium plugin. -->","yoast_head_json":{"title":"Le dirigeant birman au Vietnam dans sa qu\u00eate de reconnaissance diplomatique - JusticeInfo.net","robots":{"index":"index","follow":"follow","max-snippet":"max-snippet:-1","max-image-preview":"max-image-preview:large","max-video-preview":"max-video-preview:-1"},"canonical":"https:\/\/www.justiceinfo.net\/fr\/164561-le-dirigeant-birman-au-vietnam-dans-sa-quete-de-reconnaissance-diplomatique.html","og_locale":"fr_FR","og_type":"article","og_title":"Le dirigeant birman au Vietnam dans sa qu\u00eate de reconnaissance diplomatique","og_description":"L'ancien chef de la junte birmane Min Aung Hlaing, devenu pr\u00e9sident, est arriv\u00e9 vendredi au Vietnam, nouvelle \u00e9tape d'une tourn\u00e9e r\u00e9gionale destin\u00e9e \u00e0 obtenir une reconnaissance diplomatique. Le tapis rouge a \u00e9t\u00e9 d\u00e9roul\u00e9 \u00e0 Hano\u00ef pour accueillir le dirigeant et son \u00e9pouse, Kyu Kyu Hla, selon des images du gouvernement birman. Au cours de sa [&hellip;]","og_url":"https:\/\/www.justiceinfo.net\/fr\/164561-le-dirigeant-birman-au-vietnam-dans-sa-quete-de-reconnaissance-diplomatique.html","og_site_name":"JusticeInfo.net","article_publisher":"https:\/\/www.facebook.com\/JusticeInfo\/","article_published_time":"2026-09-04T03:43:02+00:00","og_image":[{"width":1200,"height":630,"url":"https:\/\/www.justiceinfo.net\/wp-content\/uploads\/JusticeInfoNet_logo_1200x630px.jpg","type":"image\/jpeg"}],"author":"afp","twitter_card":"summary_large_image","twitter_creator":"@justiceinfonet","twitter_site":"@justiceinfonet","twitter_misc":{"\u00c9crit par":"afp","Dur\u00e9e de lecture estim\u00e9e":"2 minutes"},"schema":{"@context":"https:\/\/schema.org","@graph":[{"@type":"NewsArticle","@id":"https:\/\/www.justiceinfo.net\/fr\/164561-le-dirigeant-birman-au-vietnam-dans-sa-quete-de-reconnaissance-diplomatique.html#article","isPartOf":{"@id":"https:\/\/www.justiceinfo.net\/fr\/164561-le-dirigeant-birman-au-vietnam-dans-sa-quete-de-reconnaissance-diplomatique.html"},"author":{"name":"afp","@id":"https:\/\/www.justiceinfo.net\/fr#\/schema\/person\/713d340ef5f218fc36ce9b4244364a7f"},"headline":"Le dirigeant birman au Vietnam dans sa qu\u00eate de reconnaissance diplomatique","datePublished":"2026-09-04T03:43:02+00:00","mainEntityOfPage":{"@id":"https:\/\/www.justiceinfo.net\/fr\/164561-le-dirigeant-birman-au-vietnam-dans-sa-quete-de-reconnaissance-diplomatique.html"},"wordCount":369,"commentCount":0,"publisher":{"@id":"https:\/\/www.justiceinfo.net\/fr#organization"},"articleSection":["Fil d'info AFP"],"inLanguage":"fr-FR","potentialAction":[{"@type":"CommentAction","name":"Comment","target":["https:\/\/www.justiceinfo.net\/fr\/164561-le-dirigeant-birman-au-vietnam-dans-sa-quete-de-reconnaissance-diplomatique.html#respond"]}]},{"@type":"WebPage","@id":"https:\/\/www.justiceinfo.net\/fr\/164561-le-dirigeant-birman-au-vietnam-dans-sa-quete-de-reconnaissance-diplomatique.html","url":"https:\/\/www.justiceinfo.net\/fr\/164561-le-dirigeant-birman-au-vietnam-dans-sa-quete-de-reconnaissance-diplomatique.html","name":"Le dirigeant birman au Vietnam dans sa qu\u00eate de reconnaissance diplomatique - JusticeInfo.net","isPartOf":{"@id":"https:\/\/www.justiceinfo.net\/fr#website"},"datePublished":"2026-09-04T03:43:02+00:00","breadcrumb":{"@id":"https:\/\/www.justiceinfo.net\/fr\/164561-le-dirigeant-birman-au-vietnam-dans-sa-quete-de-reconnaissance-diplomatique.html#breadcrumb"},"inLanguage":"fr-FR","potentialAction":[{"@type":"ReadAction","target":["https:\/\/www.justiceinfo.net\/fr\/164561-le-dirigeant-birman-au-vietnam-dans-sa-quete-de-reconnaissance-diplomatique.html"]}]},{"@type":"BreadcrumbList","@id":"https:\/\/www.justiceinfo.net\/fr\/164561-le-dirigeant-birman-au-vietnam-dans-sa-quete-de-reconnaissance-diplomatique.html#breadcrumb","itemListElement":[{"@type":"ListItem","position":1,"name":"Home","item":"https:\/\/www.justiceinfo.net\/fr"},{"@type":"ListItem","position":2,"name":"Le dirigeant birman au Vietnam dans sa qu\u00eate de reconnaissance diplomatique"}]},{"@type":"WebSite","@id":"https:\/\/www.justiceinfo.net\/fr#website","url":"https:\/\/www.justiceinfo.net\/fr","name":"JusticeInfo.net","description":"La justice doit \u00eatre vue pour \u00eatre rendue","publisher":{"@id":"https:\/\/www.justiceinfo.net\/fr#organization"},"potentialAction":[{"@type":"SearchAction","target":{"@type":"EntryPoint","urlTemplate":"https:\/\/www.justiceinfo.net\/fr?s={search_term_string}"},"query-input":{"@type":"PropertyValueSpecification","valueRequired":true,"valueName":"search_term_string"}}],"inLanguage":"fr-FR"},{"@type":"Organization","@id":"https:\/\/www.justiceinfo.net\/fr#organization","name":"Justice Info","url":"https:\/\/www.justiceinfo.net\/fr","logo":{"@type":"ImageObject","inLanguage":"fr-FR","@id":"https:\/\/www.justiceinfo.net\/fr#\/schema\/logo\/image\/","url":"https:\/\/www.justiceinfo.net\/wp-content\/uploads\/justiceinfo_logo-trans_1200x1200px.png","contentUrl":"https:\/\/www.justiceinfo.net\/wp-content\/uploads\/justiceinfo_logo-trans_1200x1200px.png","width":1199,"height":1200,"caption":"Justice Info"},"image":{"@id":"https:\/\/www.justiceinfo.net\/fr#\/schema\/logo\/image\/"},"sameAs":["https:\/\/www.facebook.com\/JusticeInfo\/","https:\/\/x.com\/justiceinfonet","https:\/\/www.linkedin.com\/company\/justice-info","https:\/\/www.youtube.com\/channel\/UCyCEsARodyuWtkWyhn-e7pA"]},{"@type":"Person","name":"afp","url":"\/fr\/?s=afp"}]}},"_links":{"self":[{"href":"https:\/\/www.justiceinfo.net\/fr\/wp-json\/wp\/v2\/posts\/164561","targetHints":{"allow":["GET"]}}],"collection":[{"href":"https:\/\/www.justiceinfo.net\/fr\/wp-json\/wp\/v2\/posts"}],"about":[{"href":"https:\/\/www.justiceinfo.net\/fr\/wp-json\/wp\/v2\/types\/post"}],"author":[{"embeddable":true,"href":"https:\/\/www.justiceinfo.net\/fr\/wp-json\/wp\/v2\/users\/60"}],"replies":[{"embeddable":true,"href":"https:\/\/www.justiceinfo.net\/fr\/wp-json\/wp\/v2\/comments?post=164561"}],"version-history":[{"count":0,"href":"https:\/\/www.justiceinfo.net\/fr\/wp-json\/wp\/v2\/posts\/164561\/revisions"}],"wp:attachment":[{"href":"https:\/\/www.justiceinfo.net\/fr\/wp-json\/wp\/v2\/media?parent=164561"}],"wp:term":[{"taxonomy":"category","embeddable":true,"href":"https:\/\/www.justiceinfo.net\/fr\/wp-json\/wp\/v2\/categories?post=164561"},{"taxonomy":"post_tag","embeddable":true,"href":"https:\/\/www.justiceinfo.net\/fr\/wp-json\/wp\/v2\/tags?post=164561"},{"taxonomy":"ji_location","embeddable":true,"href":"https:\/\/www.justiceinfo.net\/fr\/wp-json\/wp\/v2\/ji_location?post=164561"}],"curies":[{"name":"wp","href":"https:\/\/api.w.org\/{rel}","templated":true}]}}