{"id":164582,"date":"2026-09-04T06:28:02","date_gmt":"2026-09-04T04:28:02","guid":{"rendered":"https:\/\/www.justiceinfo.net\/164582-la-glorification-de-mladic-est-un-crime-pour-le-conseil-de-leurope.html"},"modified":"2026-09-04T06:28:02","modified_gmt":"2026-09-04T04:28:02","slug":"la-glorification-de-mladic-est-un-crime-pour-le-conseil-de-leurope","status":"publish","type":"post","link":"https:\/\/www.justiceinfo.net\/fr\/164582-la-glorification-de-mladic-est-un-crime-pour-le-conseil-de-leurope.html","title":{"rendered":"La \"glorification\" de Mladic est un crime, pour le Conseil de l'Europe"},"content":{"rendered":"<p>\n             La \"glorification\" de l'ex-chef militaire des Serbes de Bosnie Ratko Mladic, mort fin ao\u00fbt dans sa prison de La Haye, est un \"crime\" au sens de la loi en Bosnie, rappelle vendredi le Conseil de l'Europe.\n<\/p>\n<p>\n            Alors que la d\u00e9pouille de l'ancien soldat, condamn\u00e9 notamment pour le g\u00e9nocide de Srebrenica en 1995, a \u00e9t\u00e9 accueillie jeudi en Serbie avec les honneurs militaires, le commissaire aux droits de l'homme du Conseil de l'Europe, Michael O'Flaherty, a dit \"ex\u00e9crer la glorification publique\" de Ratko Mladic, d\u00e9c\u00e9d\u00e9 le 27 ao\u00fbt \u00e0 l'\u00e2ge de 84 ans.\n<\/p>\n<p>\n            En Bosnie, plusieurs milliers de personnes ont rendu hommage mardi soir \u00e0 Banja Luka, capitale de l'entit\u00e9 serbe, \u00e0 Ratko Mladic. M. Mladic a \u00e9t\u00e9 condamn\u00e9 en 2017 \u00e0 la perp\u00e9tuit\u00e9 par le Tribunal p\u00e9nal international pour l'ex-Yougoslavie (TPIY), pour g\u00e9nocide, crimes de guerre et crimes contre l'humanit\u00e9 pendant la guerre de Bosnie. Ce conflit a fait pr\u00e8s de 100.000 morts de 1992 \u00e0 1995.\n<\/p>\n<p>\n            \"Une telle glorification constitue un crime au regard de la loi en Bosnie-Herz\u00e9govine et ne rel\u00e8ve pas de la libert\u00e9 d'expression au sens de la convention europ\u00e9enne des droits de l'homme\", rappelle M. O'Flaherty.\n<\/p>\n<p>\n            \"J'appelle les autorit\u00e9s \u00e0 s'opposer \u00e0 la glorification de criminels de guerre condamn\u00e9s\", ajoute-t-il.\n<\/p>\n<p>\n            La Serbie et la Bosnie sont toutes deux membres du Conseil de l'Europe, instance de 46 pays membres qui si\u00e8ge \u00e0 Strasbourg. Le Conseil est charg\u00e9 de faire appliquer la convention europ\u00e9enne des droits de l'homme via la Cour europ\u00e9enne des droits de l'homme (CEDH).<\/p>\n","protected":false},"excerpt":{"rendered":"<p>La \"glorification\" de l'ex-chef militaire des Serbes de Bosnie Ratko Mladic, mort fin ao\u00fbt dans sa prison de La Haye, est un \"crime\" au sens de la loi en Bosnie, rappelle vendredi le Conseil de l'Europe. Alors que la d\u00e9pouille de l'ancien soldat, condamn\u00e9 notamment pour le g\u00e9nocide de Srebrenica en 1995, a \u00e9t\u00e9 accueillie [&hellip;]<\/p>\n","protected":false},"author":60,"featured_media":0,"comment_status":"open","ping_status":"closed","sticky":false,"template":"","format":"standard","meta":{"_acf_changed":false,"footnotes":""},"categories":[2576],"tags":[],"ji_location":[],"class_list":["post-164582","post","type-post","status-publish","format-standard","hentry","category-fil-d-actualite"],"acf":[],"yoast_head":"<!-- This site is optimized with the Yoast SEO Premium plugin v25.3.1 (Yoast SEO v25.3.1) - https:\/\/yoast.com\/wordpress\/plugins\/seo\/ -->\n<title>La &quot;glorification&quot; de Mladic est un crime, pour le Conseil de l&#039;Europe - JusticeInfo.net<\/title>\n<meta name=\"robots\" content=\"index, follow, max-snippet:-1, max-image-preview:large, max-video-preview:-1\" \/>\n<link rel=\"canonical\" href=\"https:\/\/www.justiceinfo.net\/fr\/164582-la-glorification-de-mladic-est-un-crime-pour-le-conseil-de-leurope.html\" \/>\n<meta property=\"og:locale\" content=\"fr_FR\" \/>\n<meta property=\"og:type\" content=\"article\" \/>\n<meta property=\"og:title\" content=\"La &quot;glorification&quot; de Mladic est un crime, pour le Conseil de l&#039;Europe\" \/>\n<meta property=\"og:description\" content=\"La &quot;glorification&quot; de l&#039;ex-chef militaire des Serbes de Bosnie Ratko Mladic, mort fin ao\u00fbt dans sa prison de La Haye, est un &quot;crime&quot; au sens de la loi en Bosnie, rappelle vendredi le Conseil de l&#039;Europe. Alors que la d\u00e9pouille de l&#039;ancien soldat, condamn\u00e9 notamment pour le g\u00e9nocide de Srebrenica en 1995, a \u00e9t\u00e9 accueillie [&hellip;]\" \/>\n<meta property=\"og:url\" content=\"https:\/\/www.justiceinfo.net\/fr\/164582-la-glorification-de-mladic-est-un-crime-pour-le-conseil-de-leurope.html\" \/>\n<meta property=\"og:site_name\" content=\"JusticeInfo.net\" \/>\n<meta property=\"article:publisher\" content=\"https:\/\/www.facebook.com\/JusticeInfo\/\" \/>\n<meta property=\"article:published_time\" content=\"2026-09-04T04:28:02+00:00\" \/>\n<meta property=\"og:image\" content=\"https:\/\/www.justiceinfo.net\/wp-content\/uploads\/JusticeInfoNet_logo_1200x630px.jpg\" \/>\n\t<meta property=\"og:image:width\" content=\"1200\" \/>\n\t<meta property=\"og:image:height\" content=\"630\" \/>\n\t<meta property=\"og:image:type\" content=\"image\/jpeg\" \/>\n<meta name=\"author\" content=\"afp\" \/>\n<meta name=\"twitter:card\" content=\"summary_large_image\" \/>\n<meta name=\"twitter:creator\" content=\"@justiceinfonet\" \/>\n<meta name=\"twitter:site\" content=\"@justiceinfonet\" \/>\n<meta name=\"twitter:label1\" content=\"\u00c9crit par\" \/>\n\t<meta name=\"twitter:data1\" content=\"afp\" \/>\n\t<meta name=\"twitter:label2\" content=\"Dur\u00e9e de lecture estim\u00e9e\" \/>\n\t<meta name=\"twitter:data2\" content=\"1 minute\" \/>\n<script type=\"application\/ld+json\" class=\"yoast-schema-graph\">{\"@context\":\"https:\/\/schema.org\",\"@graph\":[{\"@type\":\"NewsArticle\",\"@id\":\"https:\/\/www.justiceinfo.net\/fr\/164582-la-glorification-de-mladic-est-un-crime-pour-le-conseil-de-leurope.html#article\",\"isPartOf\":{\"@id\":\"https:\/\/www.justiceinfo.net\/fr\/164582-la-glorification-de-mladic-est-un-crime-pour-le-conseil-de-leurope.html\"},\"author\":{\"name\":\"afp\",\"@id\":\"https:\/\/www.justiceinfo.net\/fr#\/schema\/person\/713d340ef5f218fc36ce9b4244364a7f\"},\"headline\":\"La \\\"glorification\\\" de Mladic est un crime, pour le Conseil de l'Europe\",\"datePublished\":\"2026-09-04T04:28:02+00:00\",\"mainEntityOfPage\":{\"@id\":\"https:\/\/www.justiceinfo.net\/fr\/164582-la-glorification-de-mladic-est-un-crime-pour-le-conseil-de-leurope.html\"},\"wordCount\":284,\"commentCount\":0,\"publisher\":{\"@id\":\"https:\/\/www.justiceinfo.net\/fr#organization\"},\"articleSection\":[\"Fil d'info AFP\"],\"inLanguage\":\"fr-FR\",\"potentialAction\":[{\"@type\":\"CommentAction\",\"name\":\"Comment\",\"target\":[\"https:\/\/www.justiceinfo.net\/fr\/164582-la-glorification-de-mladic-est-un-crime-pour-le-conseil-de-leurope.html#respond\"]}]},{\"@type\":\"WebPage\",\"@id\":\"https:\/\/www.justiceinfo.net\/fr\/164582-la-glorification-de-mladic-est-un-crime-pour-le-conseil-de-leurope.html\",\"url\":\"https:\/\/www.justiceinfo.net\/fr\/164582-la-glorification-de-mladic-est-un-crime-pour-le-conseil-de-leurope.html\",\"name\":\"La \\\"glorification\\\" de Mladic est un crime, pour le Conseil de l'Europe - JusticeInfo.net\",\"isPartOf\":{\"@id\":\"https:\/\/www.justiceinfo.net\/fr#website\"},\"datePublished\":\"2026-09-04T04:28:02+00:00\",\"breadcrumb\":{\"@id\":\"https:\/\/www.justiceinfo.net\/fr\/164582-la-glorification-de-mladic-est-un-crime-pour-le-conseil-de-leurope.html#breadcrumb\"},\"inLanguage\":\"fr-FR\",\"potentialAction\":[{\"@type\":\"ReadAction\",\"target\":[\"https:\/\/www.justiceinfo.net\/fr\/164582-la-glorification-de-mladic-est-un-crime-pour-le-conseil-de-leurope.html\"]}]},{\"@type\":\"BreadcrumbList\",\"@id\":\"https:\/\/www.justiceinfo.net\/fr\/164582-la-glorification-de-mladic-est-un-crime-pour-le-conseil-de-leurope.html#breadcrumb\",\"itemListElement\":[{\"@type\":\"ListItem\",\"position\":1,\"name\":\"Home\",\"item\":\"https:\/\/www.justiceinfo.net\/fr\"},{\"@type\":\"ListItem\",\"position\":2,\"name\":\"La \\\"glorification\\\" de Mladic est un crime, pour le Conseil de l'Europe\"}]},{\"@type\":\"WebSite\",\"@id\":\"https:\/\/www.justiceinfo.net\/fr#website\",\"url\":\"https:\/\/www.justiceinfo.net\/fr\",\"name\":\"JusticeInfo.net\",\"description\":\"La justice doit \u00eatre vue pour \u00eatre rendue\",\"publisher\":{\"@id\":\"https:\/\/www.justiceinfo.net\/fr#organization\"},\"potentialAction\":[{\"@type\":\"SearchAction\",\"target\":{\"@type\":\"EntryPoint\",\"urlTemplate\":\"https:\/\/www.justiceinfo.net\/fr?s={search_term_string}\"},\"query-input\":{\"@type\":\"PropertyValueSpecification\",\"valueRequired\":true,\"valueName\":\"search_term_string\"}}],\"inLanguage\":\"fr-FR\"},{\"@type\":\"Organization\",\"@id\":\"https:\/\/www.justiceinfo.net\/fr#organization\",\"name\":\"Justice Info\",\"url\":\"https:\/\/www.justiceinfo.net\/fr\",\"logo\":{\"@type\":\"ImageObject\",\"inLanguage\":\"fr-FR\",\"@id\":\"https:\/\/www.justiceinfo.net\/fr#\/schema\/logo\/image\/\",\"url\":\"https:\/\/www.justiceinfo.net\/wp-content\/uploads\/justiceinfo_logo-trans_1200x1200px.png\",\"contentUrl\":\"https:\/\/www.justiceinfo.net\/wp-content\/uploads\/justiceinfo_logo-trans_1200x1200px.png\",\"width\":1199,\"height\":1200,\"caption\":\"Justice Info\"},\"image\":{\"@id\":\"https:\/\/www.justiceinfo.net\/fr#\/schema\/logo\/image\/\"},\"sameAs\":[\"https:\/\/www.facebook.com\/JusticeInfo\/\",\"https:\/\/x.com\/justiceinfonet\",\"https:\/\/www.linkedin.com\/company\/justice-info\",\"https:\/\/www.youtube.com\/channel\/UCyCEsARodyuWtkWyhn-e7pA\"]},{\"@type\":\"Person\",\"name\":\"afp\",\"url\":\"\/fr\/?s=afp\"}]}<\/script>\n<!-- \/ Yoast SEO Premium plugin. -->","yoast_head_json":{"title":"La \"glorification\" de Mladic est un crime, pour le Conseil de l'Europe - JusticeInfo.net","robots":{"index":"index","follow":"follow","max-snippet":"max-snippet:-1","max-image-preview":"max-image-preview:large","max-video-preview":"max-video-preview:-1"},"canonical":"https:\/\/www.justiceinfo.net\/fr\/164582-la-glorification-de-mladic-est-un-crime-pour-le-conseil-de-leurope.html","og_locale":"fr_FR","og_type":"article","og_title":"La \"glorification\" de Mladic est un crime, pour le Conseil de l'Europe","og_description":"La \"glorification\" de l'ex-chef militaire des Serbes de Bosnie Ratko Mladic, mort fin ao\u00fbt dans sa prison de La Haye, est un \"crime\" au sens de la loi en Bosnie, rappelle vendredi le Conseil de l'Europe. Alors que la d\u00e9pouille de l'ancien soldat, condamn\u00e9 notamment pour le g\u00e9nocide de Srebrenica en 1995, a \u00e9t\u00e9 accueillie [&hellip;]","og_url":"https:\/\/www.justiceinfo.net\/fr\/164582-la-glorification-de-mladic-est-un-crime-pour-le-conseil-de-leurope.html","og_site_name":"JusticeInfo.net","article_publisher":"https:\/\/www.facebook.com\/JusticeInfo\/","article_published_time":"2026-09-04T04:28:02+00:00","og_image":[{"width":1200,"height":630,"url":"https:\/\/www.justiceinfo.net\/wp-content\/uploads\/JusticeInfoNet_logo_1200x630px.jpg","type":"image\/jpeg"}],"author":"afp","twitter_card":"summary_large_image","twitter_creator":"@justiceinfonet","twitter_site":"@justiceinfonet","twitter_misc":{"\u00c9crit par":"afp","Dur\u00e9e de lecture estim\u00e9e":"1 minute"},"schema":{"@context":"https:\/\/schema.org","@graph":[{"@type":"NewsArticle","@id":"https:\/\/www.justiceinfo.net\/fr\/164582-la-glorification-de-mladic-est-un-crime-pour-le-conseil-de-leurope.html#article","isPartOf":{"@id":"https:\/\/www.justiceinfo.net\/fr\/164582-la-glorification-de-mladic-est-un-crime-pour-le-conseil-de-leurope.html"},"author":{"name":"afp","@id":"https:\/\/www.justiceinfo.net\/fr#\/schema\/person\/713d340ef5f218fc36ce9b4244364a7f"},"headline":"La \"glorification\" de Mladic est un crime, pour le Conseil de l'Europe","datePublished":"2026-09-04T04:28:02+00:00","mainEntityOfPage":{"@id":"https:\/\/www.justiceinfo.net\/fr\/164582-la-glorification-de-mladic-est-un-crime-pour-le-conseil-de-leurope.html"},"wordCount":284,"commentCount":0,"publisher":{"@id":"https:\/\/www.justiceinfo.net\/fr#organization"},"articleSection":["Fil d'info AFP"],"inLanguage":"fr-FR","potentialAction":[{"@type":"CommentAction","name":"Comment","target":["https:\/\/www.justiceinfo.net\/fr\/164582-la-glorification-de-mladic-est-un-crime-pour-le-conseil-de-leurope.html#respond"]}]},{"@type":"WebPage","@id":"https:\/\/www.justiceinfo.net\/fr\/164582-la-glorification-de-mladic-est-un-crime-pour-le-conseil-de-leurope.html","url":"https:\/\/www.justiceinfo.net\/fr\/164582-la-glorification-de-mladic-est-un-crime-pour-le-conseil-de-leurope.html","name":"La \"glorification\" de Mladic est un crime, pour le Conseil de l'Europe - JusticeInfo.net","isPartOf":{"@id":"https:\/\/www.justiceinfo.net\/fr#website"},"datePublished":"2026-09-04T04:28:02+00:00","breadcrumb":{"@id":"https:\/\/www.justiceinfo.net\/fr\/164582-la-glorification-de-mladic-est-un-crime-pour-le-conseil-de-leurope.html#breadcrumb"},"inLanguage":"fr-FR","potentialAction":[{"@type":"ReadAction","target":["https:\/\/www.justiceinfo.net\/fr\/164582-la-glorification-de-mladic-est-un-crime-pour-le-conseil-de-leurope.html"]}]},{"@type":"BreadcrumbList","@id":"https:\/\/www.justiceinfo.net\/fr\/164582-la-glorification-de-mladic-est-un-crime-pour-le-conseil-de-leurope.html#breadcrumb","itemListElement":[{"@type":"ListItem","position":1,"name":"Home","item":"https:\/\/www.justiceinfo.net\/fr"},{"@type":"ListItem","position":2,"name":"La \"glorification\" de Mladic est un crime, pour le Conseil de l'Europe"}]},{"@type":"WebSite","@id":"https:\/\/www.justiceinfo.net\/fr#website","url":"https:\/\/www.justiceinfo.net\/fr","name":"JusticeInfo.net","description":"La justice doit \u00eatre vue pour \u00eatre rendue","publisher":{"@id":"https:\/\/www.justiceinfo.net\/fr#organization"},"potentialAction":[{"@type":"SearchAction","target":{"@type":"EntryPoint","urlTemplate":"https:\/\/www.justiceinfo.net\/fr?s={search_term_string}"},"query-input":{"@type":"PropertyValueSpecification","valueRequired":true,"valueName":"search_term_string"}}],"inLanguage":"fr-FR"},{"@type":"Organization","@id":"https:\/\/www.justiceinfo.net\/fr#organization","name":"Justice Info","url":"https:\/\/www.justiceinfo.net\/fr","logo":{"@type":"ImageObject","inLanguage":"fr-FR","@id":"https:\/\/www.justiceinfo.net\/fr#\/schema\/logo\/image\/","url":"https:\/\/www.justiceinfo.net\/wp-content\/uploads\/justiceinfo_logo-trans_1200x1200px.png","contentUrl":"https:\/\/www.justiceinfo.net\/wp-content\/uploads\/justiceinfo_logo-trans_1200x1200px.png","width":1199,"height":1200,"caption":"Justice Info"},"image":{"@id":"https:\/\/www.justiceinfo.net\/fr#\/schema\/logo\/image\/"},"sameAs":["https:\/\/www.facebook.com\/JusticeInfo\/","https:\/\/x.com\/justiceinfonet","https:\/\/www.linkedin.com\/company\/justice-info","https:\/\/www.youtube.com\/channel\/UCyCEsARodyuWtkWyhn-e7pA"]},{"@type":"Person","name":"afp","url":"\/fr\/?s=afp"}]}},"_links":{"self":[{"href":"https:\/\/www.justiceinfo.net\/fr\/wp-json\/wp\/v2\/posts\/164582","targetHints":{"allow":["GET"]}}],"collection":[{"href":"https:\/\/www.justiceinfo.net\/fr\/wp-json\/wp\/v2\/posts"}],"about":[{"href":"https:\/\/www.justiceinfo.net\/fr\/wp-json\/wp\/v2\/types\/post"}],"author":[{"embeddable":true,"href":"https:\/\/www.justiceinfo.net\/fr\/wp-json\/wp\/v2\/users\/60"}],"replies":[{"embeddable":true,"href":"https:\/\/www.justiceinfo.net\/fr\/wp-json\/wp\/v2\/comments?post=164582"}],"version-history":[{"count":0,"href":"https:\/\/www.justiceinfo.net\/fr\/wp-json\/wp\/v2\/posts\/164582\/revisions"}],"wp:attachment":[{"href":"https:\/\/www.justiceinfo.net\/fr\/wp-json\/wp\/v2\/media?parent=164582"}],"wp:term":[{"taxonomy":"category","embeddable":true,"href":"https:\/\/www.justiceinfo.net\/fr\/wp-json\/wp\/v2\/categories?post=164582"},{"taxonomy":"post_tag","embeddable":true,"href":"https:\/\/www.justiceinfo.net\/fr\/wp-json\/wp\/v2\/tags?post=164582"},{"taxonomy":"ji_location","embeddable":true,"href":"https:\/\/www.justiceinfo.net\/fr\/wp-json\/wp\/v2\/ji_location?post=164582"}],"curies":[{"name":"wp","href":"https:\/\/api.w.org\/{rel}","templated":true}]}}