{"id":164583,"date":"2026-09-04T09:38:02","date_gmt":"2026-09-04T07:38:02","guid":{"rendered":"https:\/\/www.justiceinfo.net\/164583-glorification-de-mladic-une-commissaire-europeenne-annule-sa-visite-en-serbie.html"},"modified":"2026-09-04T09:38:02","modified_gmt":"2026-09-04T07:38:02","slug":"glorification-de-mladic-une-commissaire-europeenne-annule-sa-visite-en-serbie","status":"publish","type":"post","link":"https:\/\/www.justiceinfo.net\/fr\/164583-glorification-de-mladic-une-commissaire-europeenne-annule-sa-visite-en-serbie.html","title":{"rendered":"\"Glorification\" de Mladic: une commissaire europ\u00e9enne annule sa visite en Serbie"},"content":{"rendered":"<p>\n             La commissaire europ\u00e9enne Marta Kos, en charge de l'\u00e9largissement, a annul\u00e9 vendredi une visite en Serbie en raison de la \"glorification\" du criminel de guerre Ratko Mladic, dont la d\u00e9pouille a \u00e9t\u00e9 accueillie avec les honneurs militaires \u00e0 Belgrade.\n<\/p>\n<p>\n            \"Ratko Mladic a \u00e9t\u00e9 condamn\u00e9 pour g\u00e9nocide, crimes contre l'humanit\u00e9 et crimes de guerre\", a rappel\u00e9 Mme Kos sur le r\u00e9seau social X. \"La glorification autour de son d\u00e9c\u00e8s est incompatible avec les valeurs sur lesquelles l'UE s'est construite\", et celles-ci ne sont \"pas n\u00e9gociables\", a-t-elle insist\u00e9.\n<\/p>\n<p>\n            Ces valeurs dont d\u00e9pend l'accession \u00e0 l'UE incluent \"la confrontation avec le pass\u00e9, la r\u00e9conciliation sinc\u00e8re et le respect des victimes\", a fait valoir la responsable.\n<\/p>\n<p>\n            Mme Kos, qui g\u00e8re au nom de Bruxelles les relations avec les pays candidats \u00e0 l'Union europ\u00e9ennes, devait se rendre \"en mission\" en Serbie le 9 septembre.\n<\/p>\n<p>\n            La Serbie a pr\u00e9sent\u00e9 une demande d'adh\u00e9sion \u00e0 l'UE en 2009 et s'est vu accorder le statut de pays candidat \u00e0 l'adh\u00e9sion en mars 2012, mais les discussions pi\u00e9tinent en raison de r\u00e9formes jug\u00e9es insuffisantes en mati\u00e8re d'Etat de droit ainsi que des tensions persistantes avec le Kosovo.\n<\/p>\n<p>\n            M. Mladic, ancien g\u00e9n\u00e9ral de l'arm\u00e9e des Serbes de Bosnie, \u00e9tait surnomm\u00e9 \"Le boucher des Balkans\" pour son r\u00f4le dans le massacre de Srebrenica en 1995, la pire tuerie en Europe depuis la Seconde Guerre mondiale.\n<\/p>\n<p>\n            Il a \u00e9t\u00e9 condamn\u00e9 en 2017 \u00e0 la prison \u00e0 perp\u00e9tuit\u00e9 par le Tribunal p\u00e9nal international pour l'ex-Yougoslavie (TPIY), pour g\u00e9nocide, crimes de guerre et crimes contre l'humanit\u00e9 pendant la guerre de Bosnie, un verdict confirm\u00e9 en appel en 2021. Ce conflit a fait pr\u00e8s de 100.000 morts entre 1992 et 1995.\n<\/p>\n<p>\n            Ratko Mladic s'est \u00e9teint la semaine derni\u00e8re \u00e0 La Haye aux Pays-Bas o\u00f9 il purgeait sa peine de prison, quelques jours apr\u00e8s le dernier rejet de la demande du gouvernement serbe de le transf\u00e9rer dans un h\u00f4pital militaire de Belgrade pour y \u00eatre soign\u00e9.<\/p>\n","protected":false},"excerpt":{"rendered":"<p>La commissaire europ\u00e9enne Marta Kos, en charge de l'\u00e9largissement, a annul\u00e9 vendredi une visite en Serbie en raison de la \"glorification\" du criminel de guerre Ratko Mladic, dont la d\u00e9pouille a \u00e9t\u00e9 accueillie avec les honneurs militaires \u00e0 Belgrade. \"Ratko Mladic a \u00e9t\u00e9 condamn\u00e9 pour g\u00e9nocide, crimes contre l'humanit\u00e9 et crimes de guerre\", a rappel\u00e9 [&hellip;]<\/p>\n","protected":false},"author":60,"featured_media":0,"comment_status":"open","ping_status":"closed","sticky":false,"template":"","format":"standard","meta":{"_acf_changed":false,"footnotes":""},"categories":[2576],"tags":[],"ji_location":[],"class_list":["post-164583","post","type-post","status-publish","format-standard","hentry","category-fil-d-actualite"],"acf":[],"yoast_head":"<!-- This site is optimized with the Yoast SEO Premium plugin v25.3.1 (Yoast SEO v25.3.1) - https:\/\/yoast.com\/wordpress\/plugins\/seo\/ -->\n<title>&quot;Glorification&quot; de Mladic: une commissaire europ\u00e9enne annule sa visite en Serbie - JusticeInfo.net<\/title>\n<meta name=\"robots\" content=\"index, follow, max-snippet:-1, max-image-preview:large, max-video-preview:-1\" \/>\n<link rel=\"canonical\" href=\"https:\/\/www.justiceinfo.net\/fr\/164583-glorification-de-mladic-une-commissaire-europeenne-annule-sa-visite-en-serbie.html\" \/>\n<meta property=\"og:locale\" content=\"fr_FR\" \/>\n<meta property=\"og:type\" content=\"article\" \/>\n<meta property=\"og:title\" content=\"&quot;Glorification&quot; de Mladic: une commissaire europ\u00e9enne annule sa visite en Serbie\" \/>\n<meta property=\"og:description\" content=\"La commissaire europ\u00e9enne Marta Kos, en charge de l&#039;\u00e9largissement, a annul\u00e9 vendredi une visite en Serbie en raison de la &quot;glorification&quot; du criminel de guerre Ratko Mladic, dont la d\u00e9pouille a \u00e9t\u00e9 accueillie avec les honneurs militaires \u00e0 Belgrade. &quot;Ratko Mladic a \u00e9t\u00e9 condamn\u00e9 pour g\u00e9nocide, crimes contre l&#039;humanit\u00e9 et crimes de guerre&quot;, a rappel\u00e9 [&hellip;]\" \/>\n<meta property=\"og:url\" content=\"https:\/\/www.justiceinfo.net\/fr\/164583-glorification-de-mladic-une-commissaire-europeenne-annule-sa-visite-en-serbie.html\" \/>\n<meta property=\"og:site_name\" content=\"JusticeInfo.net\" \/>\n<meta property=\"article:publisher\" content=\"https:\/\/www.facebook.com\/JusticeInfo\/\" \/>\n<meta property=\"article:published_time\" content=\"2026-09-04T07:38:02+00:00\" \/>\n<meta property=\"og:image\" content=\"https:\/\/www.justiceinfo.net\/wp-content\/uploads\/JusticeInfoNet_logo_1200x630px.jpg\" \/>\n\t<meta property=\"og:image:width\" content=\"1200\" \/>\n\t<meta property=\"og:image:height\" content=\"630\" \/>\n\t<meta property=\"og:image:type\" content=\"image\/jpeg\" \/>\n<meta name=\"author\" content=\"afp\" \/>\n<meta name=\"twitter:card\" content=\"summary_large_image\" \/>\n<meta name=\"twitter:creator\" content=\"@justiceinfonet\" \/>\n<meta name=\"twitter:site\" content=\"@justiceinfonet\" \/>\n<meta name=\"twitter:label1\" content=\"\u00c9crit par\" \/>\n\t<meta name=\"twitter:data1\" content=\"afp\" \/>\n\t<meta name=\"twitter:label2\" content=\"Dur\u00e9e de lecture estim\u00e9e\" \/>\n\t<meta name=\"twitter:data2\" content=\"2 minutes\" \/>\n<script type=\"application\/ld+json\" class=\"yoast-schema-graph\">{\"@context\":\"https:\/\/schema.org\",\"@graph\":[{\"@type\":\"NewsArticle\",\"@id\":\"https:\/\/www.justiceinfo.net\/fr\/164583-glorification-de-mladic-une-commissaire-europeenne-annule-sa-visite-en-serbie.html#article\",\"isPartOf\":{\"@id\":\"https:\/\/www.justiceinfo.net\/fr\/164583-glorification-de-mladic-une-commissaire-europeenne-annule-sa-visite-en-serbie.html\"},\"author\":{\"name\":\"afp\",\"@id\":\"https:\/\/www.justiceinfo.net\/fr#\/schema\/person\/713d340ef5f218fc36ce9b4244364a7f\"},\"headline\":\"\\\"Glorification\\\" de Mladic: une commissaire europ\u00e9enne annule sa visite en Serbie\",\"datePublished\":\"2026-09-04T07:38:02+00:00\",\"mainEntityOfPage\":{\"@id\":\"https:\/\/www.justiceinfo.net\/fr\/164583-glorification-de-mladic-une-commissaire-europeenne-annule-sa-visite-en-serbie.html\"},\"wordCount\":361,\"commentCount\":0,\"publisher\":{\"@id\":\"https:\/\/www.justiceinfo.net\/fr#organization\"},\"articleSection\":[\"Fil d'info AFP\"],\"inLanguage\":\"fr-FR\",\"potentialAction\":[{\"@type\":\"CommentAction\",\"name\":\"Comment\",\"target\":[\"https:\/\/www.justiceinfo.net\/fr\/164583-glorification-de-mladic-une-commissaire-europeenne-annule-sa-visite-en-serbie.html#respond\"]}]},{\"@type\":\"WebPage\",\"@id\":\"https:\/\/www.justiceinfo.net\/fr\/164583-glorification-de-mladic-une-commissaire-europeenne-annule-sa-visite-en-serbie.html\",\"url\":\"https:\/\/www.justiceinfo.net\/fr\/164583-glorification-de-mladic-une-commissaire-europeenne-annule-sa-visite-en-serbie.html\",\"name\":\"\\\"Glorification\\\" de Mladic: une commissaire europ\u00e9enne annule sa visite en Serbie - JusticeInfo.net\",\"isPartOf\":{\"@id\":\"https:\/\/www.justiceinfo.net\/fr#website\"},\"datePublished\":\"2026-09-04T07:38:02+00:00\",\"breadcrumb\":{\"@id\":\"https:\/\/www.justiceinfo.net\/fr\/164583-glorification-de-mladic-une-commissaire-europeenne-annule-sa-visite-en-serbie.html#breadcrumb\"},\"inLanguage\":\"fr-FR\",\"potentialAction\":[{\"@type\":\"ReadAction\",\"target\":[\"https:\/\/www.justiceinfo.net\/fr\/164583-glorification-de-mladic-une-commissaire-europeenne-annule-sa-visite-en-serbie.html\"]}]},{\"@type\":\"BreadcrumbList\",\"@id\":\"https:\/\/www.justiceinfo.net\/fr\/164583-glorification-de-mladic-une-commissaire-europeenne-annule-sa-visite-en-serbie.html#breadcrumb\",\"itemListElement\":[{\"@type\":\"ListItem\",\"position\":1,\"name\":\"Home\",\"item\":\"https:\/\/www.justiceinfo.net\/fr\"},{\"@type\":\"ListItem\",\"position\":2,\"name\":\"\\\"Glorification\\\" de Mladic: une commissaire europ\u00e9enne annule sa visite en Serbie\"}]},{\"@type\":\"WebSite\",\"@id\":\"https:\/\/www.justiceinfo.net\/fr#website\",\"url\":\"https:\/\/www.justiceinfo.net\/fr\",\"name\":\"JusticeInfo.net\",\"description\":\"La justice doit \u00eatre vue pour \u00eatre rendue\",\"publisher\":{\"@id\":\"https:\/\/www.justiceinfo.net\/fr#organization\"},\"potentialAction\":[{\"@type\":\"SearchAction\",\"target\":{\"@type\":\"EntryPoint\",\"urlTemplate\":\"https:\/\/www.justiceinfo.net\/fr?s={search_term_string}\"},\"query-input\":{\"@type\":\"PropertyValueSpecification\",\"valueRequired\":true,\"valueName\":\"search_term_string\"}}],\"inLanguage\":\"fr-FR\"},{\"@type\":\"Organization\",\"@id\":\"https:\/\/www.justiceinfo.net\/fr#organization\",\"name\":\"Justice Info\",\"url\":\"https:\/\/www.justiceinfo.net\/fr\",\"logo\":{\"@type\":\"ImageObject\",\"inLanguage\":\"fr-FR\",\"@id\":\"https:\/\/www.justiceinfo.net\/fr#\/schema\/logo\/image\/\",\"url\":\"https:\/\/www.justiceinfo.net\/wp-content\/uploads\/justiceinfo_logo-trans_1200x1200px.png\",\"contentUrl\":\"https:\/\/www.justiceinfo.net\/wp-content\/uploads\/justiceinfo_logo-trans_1200x1200px.png\",\"width\":1199,\"height\":1200,\"caption\":\"Justice Info\"},\"image\":{\"@id\":\"https:\/\/www.justiceinfo.net\/fr#\/schema\/logo\/image\/\"},\"sameAs\":[\"https:\/\/www.facebook.com\/JusticeInfo\/\",\"https:\/\/x.com\/justiceinfonet\",\"https:\/\/www.linkedin.com\/company\/justice-info\",\"https:\/\/www.youtube.com\/channel\/UCyCEsARodyuWtkWyhn-e7pA\"]},{\"@type\":\"Person\",\"name\":\"afp\",\"url\":\"\/fr\/?s=afp\"}]}<\/script>\n<!-- \/ Yoast SEO Premium plugin. -->","yoast_head_json":{"title":"\"Glorification\" de Mladic: une commissaire europ\u00e9enne annule sa visite en Serbie - JusticeInfo.net","robots":{"index":"index","follow":"follow","max-snippet":"max-snippet:-1","max-image-preview":"max-image-preview:large","max-video-preview":"max-video-preview:-1"},"canonical":"https:\/\/www.justiceinfo.net\/fr\/164583-glorification-de-mladic-une-commissaire-europeenne-annule-sa-visite-en-serbie.html","og_locale":"fr_FR","og_type":"article","og_title":"\"Glorification\" de Mladic: une commissaire europ\u00e9enne annule sa visite en Serbie","og_description":"La commissaire europ\u00e9enne Marta Kos, en charge de l'\u00e9largissement, a annul\u00e9 vendredi une visite en Serbie en raison de la \"glorification\" du criminel de guerre Ratko Mladic, dont la d\u00e9pouille a \u00e9t\u00e9 accueillie avec les honneurs militaires \u00e0 Belgrade. \"Ratko Mladic a \u00e9t\u00e9 condamn\u00e9 pour g\u00e9nocide, crimes contre l'humanit\u00e9 et crimes de guerre\", a rappel\u00e9 [&hellip;]","og_url":"https:\/\/www.justiceinfo.net\/fr\/164583-glorification-de-mladic-une-commissaire-europeenne-annule-sa-visite-en-serbie.html","og_site_name":"JusticeInfo.net","article_publisher":"https:\/\/www.facebook.com\/JusticeInfo\/","article_published_time":"2026-09-04T07:38:02+00:00","og_image":[{"width":1200,"height":630,"url":"https:\/\/www.justiceinfo.net\/wp-content\/uploads\/JusticeInfoNet_logo_1200x630px.jpg","type":"image\/jpeg"}],"author":"afp","twitter_card":"summary_large_image","twitter_creator":"@justiceinfonet","twitter_site":"@justiceinfonet","twitter_misc":{"\u00c9crit par":"afp","Dur\u00e9e de lecture estim\u00e9e":"2 minutes"},"schema":{"@context":"https:\/\/schema.org","@graph":[{"@type":"NewsArticle","@id":"https:\/\/www.justiceinfo.net\/fr\/164583-glorification-de-mladic-une-commissaire-europeenne-annule-sa-visite-en-serbie.html#article","isPartOf":{"@id":"https:\/\/www.justiceinfo.net\/fr\/164583-glorification-de-mladic-une-commissaire-europeenne-annule-sa-visite-en-serbie.html"},"author":{"name":"afp","@id":"https:\/\/www.justiceinfo.net\/fr#\/schema\/person\/713d340ef5f218fc36ce9b4244364a7f"},"headline":"\"Glorification\" de Mladic: une commissaire europ\u00e9enne annule sa visite en Serbie","datePublished":"2026-09-04T07:38:02+00:00","mainEntityOfPage":{"@id":"https:\/\/www.justiceinfo.net\/fr\/164583-glorification-de-mladic-une-commissaire-europeenne-annule-sa-visite-en-serbie.html"},"wordCount":361,"commentCount":0,"publisher":{"@id":"https:\/\/www.justiceinfo.net\/fr#organization"},"articleSection":["Fil d'info AFP"],"inLanguage":"fr-FR","potentialAction":[{"@type":"CommentAction","name":"Comment","target":["https:\/\/www.justiceinfo.net\/fr\/164583-glorification-de-mladic-une-commissaire-europeenne-annule-sa-visite-en-serbie.html#respond"]}]},{"@type":"WebPage","@id":"https:\/\/www.justiceinfo.net\/fr\/164583-glorification-de-mladic-une-commissaire-europeenne-annule-sa-visite-en-serbie.html","url":"https:\/\/www.justiceinfo.net\/fr\/164583-glorification-de-mladic-une-commissaire-europeenne-annule-sa-visite-en-serbie.html","name":"\"Glorification\" de Mladic: une commissaire europ\u00e9enne annule sa visite en Serbie - JusticeInfo.net","isPartOf":{"@id":"https:\/\/www.justiceinfo.net\/fr#website"},"datePublished":"2026-09-04T07:38:02+00:00","breadcrumb":{"@id":"https:\/\/www.justiceinfo.net\/fr\/164583-glorification-de-mladic-une-commissaire-europeenne-annule-sa-visite-en-serbie.html#breadcrumb"},"inLanguage":"fr-FR","potentialAction":[{"@type":"ReadAction","target":["https:\/\/www.justiceinfo.net\/fr\/164583-glorification-de-mladic-une-commissaire-europeenne-annule-sa-visite-en-serbie.html"]}]},{"@type":"BreadcrumbList","@id":"https:\/\/www.justiceinfo.net\/fr\/164583-glorification-de-mladic-une-commissaire-europeenne-annule-sa-visite-en-serbie.html#breadcrumb","itemListElement":[{"@type":"ListItem","position":1,"name":"Home","item":"https:\/\/www.justiceinfo.net\/fr"},{"@type":"ListItem","position":2,"name":"\"Glorification\" de Mladic: une commissaire europ\u00e9enne annule sa visite en Serbie"}]},{"@type":"WebSite","@id":"https:\/\/www.justiceinfo.net\/fr#website","url":"https:\/\/www.justiceinfo.net\/fr","name":"JusticeInfo.net","description":"La justice doit \u00eatre vue pour \u00eatre rendue","publisher":{"@id":"https:\/\/www.justiceinfo.net\/fr#organization"},"potentialAction":[{"@type":"SearchAction","target":{"@type":"EntryPoint","urlTemplate":"https:\/\/www.justiceinfo.net\/fr?s={search_term_string}"},"query-input":{"@type":"PropertyValueSpecification","valueRequired":true,"valueName":"search_term_string"}}],"inLanguage":"fr-FR"},{"@type":"Organization","@id":"https:\/\/www.justiceinfo.net\/fr#organization","name":"Justice Info","url":"https:\/\/www.justiceinfo.net\/fr","logo":{"@type":"ImageObject","inLanguage":"fr-FR","@id":"https:\/\/www.justiceinfo.net\/fr#\/schema\/logo\/image\/","url":"https:\/\/www.justiceinfo.net\/wp-content\/uploads\/justiceinfo_logo-trans_1200x1200px.png","contentUrl":"https:\/\/www.justiceinfo.net\/wp-content\/uploads\/justiceinfo_logo-trans_1200x1200px.png","width":1199,"height":1200,"caption":"Justice Info"},"image":{"@id":"https:\/\/www.justiceinfo.net\/fr#\/schema\/logo\/image\/"},"sameAs":["https:\/\/www.facebook.com\/JusticeInfo\/","https:\/\/x.com\/justiceinfonet","https:\/\/www.linkedin.com\/company\/justice-info","https:\/\/www.youtube.com\/channel\/UCyCEsARodyuWtkWyhn-e7pA"]},{"@type":"Person","name":"afp","url":"\/fr\/?s=afp"}]}},"_links":{"self":[{"href":"https:\/\/www.justiceinfo.net\/fr\/wp-json\/wp\/v2\/posts\/164583","targetHints":{"allow":["GET"]}}],"collection":[{"href":"https:\/\/www.justiceinfo.net\/fr\/wp-json\/wp\/v2\/posts"}],"about":[{"href":"https:\/\/www.justiceinfo.net\/fr\/wp-json\/wp\/v2\/types\/post"}],"author":[{"embeddable":true,"href":"https:\/\/www.justiceinfo.net\/fr\/wp-json\/wp\/v2\/users\/60"}],"replies":[{"embeddable":true,"href":"https:\/\/www.justiceinfo.net\/fr\/wp-json\/wp\/v2\/comments?post=164583"}],"version-history":[{"count":0,"href":"https:\/\/www.justiceinfo.net\/fr\/wp-json\/wp\/v2\/posts\/164583\/revisions"}],"wp:attachment":[{"href":"https:\/\/www.justiceinfo.net\/fr\/wp-json\/wp\/v2\/media?parent=164583"}],"wp:term":[{"taxonomy":"category","embeddable":true,"href":"https:\/\/www.justiceinfo.net\/fr\/wp-json\/wp\/v2\/categories?post=164583"},{"taxonomy":"post_tag","embeddable":true,"href":"https:\/\/www.justiceinfo.net\/fr\/wp-json\/wp\/v2\/tags?post=164583"},{"taxonomy":"ji_location","embeddable":true,"href":"https:\/\/www.justiceinfo.net\/fr\/wp-json\/wp\/v2\/ji_location?post=164583"}],"curies":[{"name":"wp","href":"https:\/\/api.w.org\/{rel}","templated":true}]}}