{"id":164593,"date":"2026-09-04T12:33:02","date_gmt":"2026-09-04T10:33:02","guid":{"rendered":"https:\/\/www.justiceinfo.net\/164593-cisjordanie-lonu-evoque-crime-contre-lhumanite-et-nettoyage-ethnique.html"},"modified":"2026-09-04T12:33:02","modified_gmt":"2026-09-04T10:33:02","slug":"cisjordanie-lonu-evoque-crime-contre-lhumanite-et-nettoyage-ethnique","status":"publish","type":"post","link":"https:\/\/www.justiceinfo.net\/fr\/164593-cisjordanie-lonu-evoque-crime-contre-lhumanite-et-nettoyage-ethnique.html","title":{"rendered":"Cisjordanie : l'ONU \u00e9voque crime contre l'humanit\u00e9 et nettoyage ethnique"},"content":{"rendered":"<p>\n             Le Haut-Commissariat de l'ONU aux droits de l'homme a accus\u00e9 vendredi Isra\u00ebl d'avoir d\u00e9plac\u00e9 de force plus de 33.000 Palestiniens de trois camps en Cisjordanie au d\u00e9but de 2025, \u00e9voquant la possibilit\u00e9 d'un crime contre l'humanit\u00e9 et d'un nettoyage ethnique.\n<\/p>\n<p>\n            Isra\u00ebl a imm\u00e9diatement rejet\u00e9 ces accusations, sa repr\u00e9sentation \u00e0 Gen\u00e8ve accusant sur X le Haut-Commissariat de \"mettre de c\u00f4t\u00e9 l'impartialit\u00e9, l'ind\u00e9pendance et la neutralit\u00e9 pour devenir l'\u00e9picentre d'un abominable activisme\".\n<\/p>\n<p>\n            Dans un nouveau rapport, le Haut-Commissariat conclut que les forces de s\u00e9curit\u00e9 isra\u00e9liennes ont d\u00e9plac\u00e9 de force, dans le cadre de l'op\u00e9ration \"Mur de Fer\", l'ensemble de la population palestinienne de trois camps de r\u00e9fugi\u00e9s en Cisjordanie occup\u00e9e entre janvier et f\u00e9vrier 2025 et continuent d'emp\u00eacher leur retour, \"en violation du droit international\", selon un communiqu\u00e9.\n<\/p>\n<p>\n            Le rapport cite les camps de J\u00e9nine, Tulkarem et Nour Chams et souligne que \"le d\u00e9placement \u00e0 grande \u00e9chelle, prolong\u00e9 et syst\u00e9matique de plus de 33.000 Palestiniens hors des camps de r\u00e9fugi\u00e9s (...) soul\u00e8ve de graves pr\u00e9occupations quant \u00e0 la commission du crime contre l'humanit\u00e9 de transfert forc\u00e9\".\n<\/p>\n<p>\n            \"Le recours \u00e0 des frappes a\u00e9riennes, \u00e0 des bulldozers blind\u00e9s et \u00e0 des d\u00e9tonations contr\u00f4l\u00e9es pour rendre des camps entiers inhabitables, forcer leurs habitants \u00e0 se d\u00e9placer et emp\u00eacher leur retour, en l'absence de n\u00e9cessit\u00e9 militaire imp\u00e9rieuse, n'est pas autoris\u00e9 par le droit international, semble constituer une forme de punition collective et soul\u00e8ve des inqui\u00e9tudes quant \u00e0 un possible nettoyage ethnique\", affirme le Haut-Commissariat.\n<\/p>\n<p>\n            Le 23 f\u00e9vrier 2025, Isra\u00ebl avait annonc\u00e9 que son arm\u00e9e avait vid\u00e9 de leurs habitants de ces trois camps de r\u00e9fugi\u00e9s palestiniens du nord de la Cisjordanie, et que ses soldats avaient pour ordre d'emp\u00eacher leur retour chez eux.\n<\/p>\n<p>\n            Isra\u00ebl occupe la Cisjordanie depuis 1967.\n<\/p>\n<p>\n            Baptis\u00e9e \"Mur de Fer\", cette op\u00e9ration a \u00e9t\u00e9 lanc\u00e9e le 21 janvier, 48 heures apr\u00e8s l'entr\u00e9e en vigueur d'un fragile cessez-le-feu dans la bande de Gaza, apr\u00e8s quinze mois de guerre. Celle-ci a \u00e9t\u00e9 d\u00e9clench\u00e9e par l'attaque sans pr\u00e9c\u00e9dent du mouvement islamiste palestinien Hamas sur le sol isra\u00e9lien le 7 octobre 2023.\n<\/p>\n<p>\n            \"Quarante mille Palestiniens ont d\u00e9j\u00e0 \u00e9t\u00e9 \u00e9vacu\u00e9s des camps de r\u00e9fugi\u00e9s de J\u00e9nine, Tulkarem et Nour Chams, et ces camps sont d\u00e9sormais vides de leurs habitants\", avait d\u00e9clar\u00e9 le ministre de la D\u00e9fense isra\u00e9lien Isra\u00ebl Katz dans un communiqu\u00e9.\n<\/p>\n<p>\n            Ces trois camps font partie des 19 camps de r\u00e9fugi\u00e9s palestiniens \u00e9tablis en Cisjordanie et administr\u00e9s par l'agence onusienne pour les r\u00e9fugi\u00e9s palestiniens (UNRWA), selon le Haut-Commissariat.\n<\/p>\n<p>\n            \"La mani\u00e8re dont l'op\u00e9ration Mur de Fer a \u00e9t\u00e9 men\u00e9e donne \u00e0 penser qu'elle visait \u00e0 expulser le plus grand nombre possible de Palestiniens et \u00e0 faire place \u00e0 davantage de colonies isra\u00e9liennes ill\u00e9gales, en violation (...) du droit international\", a comment\u00e9 le Haut-Commissaire de l'ONU aux droits de l'homme, Volker T\u00fcrk, cit\u00e9 dans le communiqu\u00e9.<\/p>\n","protected":false},"excerpt":{"rendered":"<p>Le Haut-Commissariat de l'ONU aux droits de l'homme a accus\u00e9 vendredi Isra\u00ebl d'avoir d\u00e9plac\u00e9 de force plus de 33.000 Palestiniens de trois camps en Cisjordanie au d\u00e9but de 2025, \u00e9voquant la possibilit\u00e9 d'un crime contre l'humanit\u00e9 et d'un nettoyage ethnique. Isra\u00ebl a imm\u00e9diatement rejet\u00e9 ces accusations, sa repr\u00e9sentation \u00e0 Gen\u00e8ve accusant sur X le Haut-Commissariat [&hellip;]<\/p>\n","protected":false},"author":60,"featured_media":0,"comment_status":"open","ping_status":"closed","sticky":false,"template":"","format":"standard","meta":{"_acf_changed":false,"footnotes":""},"categories":[2576],"tags":[],"ji_location":[],"class_list":["post-164593","post","type-post","status-publish","format-standard","hentry","category-fil-d-actualite"],"acf":[],"yoast_head":"<!-- This site is optimized with the Yoast SEO Premium plugin v25.3.1 (Yoast SEO v25.3.1) - https:\/\/yoast.com\/wordpress\/plugins\/seo\/ -->\n<title>Cisjordanie : l&#039;ONU \u00e9voque crime contre l&#039;humanit\u00e9 et nettoyage ethnique - JusticeInfo.net<\/title>\n<meta name=\"robots\" content=\"index, follow, max-snippet:-1, max-image-preview:large, max-video-preview:-1\" \/>\n<link rel=\"canonical\" href=\"https:\/\/www.justiceinfo.net\/fr\/164593-cisjordanie-lonu-evoque-crime-contre-lhumanite-et-nettoyage-ethnique.html\" \/>\n<meta property=\"og:locale\" content=\"fr_FR\" \/>\n<meta property=\"og:type\" content=\"article\" \/>\n<meta property=\"og:title\" content=\"Cisjordanie : l&#039;ONU \u00e9voque crime contre l&#039;humanit\u00e9 et nettoyage ethnique\" \/>\n<meta property=\"og:description\" content=\"Le Haut-Commissariat de l&#039;ONU aux droits de l&#039;homme a accus\u00e9 vendredi Isra\u00ebl d&#039;avoir d\u00e9plac\u00e9 de force plus de 33.000 Palestiniens de trois camps en Cisjordanie au d\u00e9but de 2025, \u00e9voquant la possibilit\u00e9 d&#039;un crime contre l&#039;humanit\u00e9 et d&#039;un nettoyage ethnique. Isra\u00ebl a imm\u00e9diatement rejet\u00e9 ces accusations, sa repr\u00e9sentation \u00e0 Gen\u00e8ve accusant sur X le Haut-Commissariat [&hellip;]\" \/>\n<meta property=\"og:url\" content=\"https:\/\/www.justiceinfo.net\/fr\/164593-cisjordanie-lonu-evoque-crime-contre-lhumanite-et-nettoyage-ethnique.html\" \/>\n<meta property=\"og:site_name\" content=\"JusticeInfo.net\" \/>\n<meta property=\"article:publisher\" content=\"https:\/\/www.facebook.com\/JusticeInfo\/\" \/>\n<meta property=\"article:published_time\" content=\"2026-09-04T10:33:02+00:00\" \/>\n<meta property=\"og:image\" content=\"https:\/\/www.justiceinfo.net\/wp-content\/uploads\/JusticeInfoNet_logo_1200x630px.jpg\" \/>\n\t<meta property=\"og:image:width\" content=\"1200\" \/>\n\t<meta property=\"og:image:height\" content=\"630\" \/>\n\t<meta property=\"og:image:type\" content=\"image\/jpeg\" \/>\n<meta name=\"author\" content=\"afp\" \/>\n<meta name=\"twitter:card\" content=\"summary_large_image\" \/>\n<meta name=\"twitter:creator\" content=\"@justiceinfonet\" \/>\n<meta name=\"twitter:site\" content=\"@justiceinfonet\" \/>\n<meta name=\"twitter:label1\" content=\"\u00c9crit par\" \/>\n\t<meta name=\"twitter:data1\" content=\"afp\" \/>\n\t<meta name=\"twitter:label2\" content=\"Dur\u00e9e de lecture estim\u00e9e\" \/>\n\t<meta name=\"twitter:data2\" content=\"3 minutes\" \/>\n<script type=\"application\/ld+json\" class=\"yoast-schema-graph\">{\"@context\":\"https:\/\/schema.org\",\"@graph\":[{\"@type\":\"NewsArticle\",\"@id\":\"https:\/\/www.justiceinfo.net\/fr\/164593-cisjordanie-lonu-evoque-crime-contre-lhumanite-et-nettoyage-ethnique.html#article\",\"isPartOf\":{\"@id\":\"https:\/\/www.justiceinfo.net\/fr\/164593-cisjordanie-lonu-evoque-crime-contre-lhumanite-et-nettoyage-ethnique.html\"},\"author\":{\"name\":\"afp\",\"@id\":\"https:\/\/www.justiceinfo.net\/fr#\/schema\/person\/713d340ef5f218fc36ce9b4244364a7f\"},\"headline\":\"Cisjordanie : l'ONU \u00e9voque crime contre l'humanit\u00e9 et nettoyage ethnique\",\"datePublished\":\"2026-09-04T10:33:02+00:00\",\"mainEntityOfPage\":{\"@id\":\"https:\/\/www.justiceinfo.net\/fr\/164593-cisjordanie-lonu-evoque-crime-contre-lhumanite-et-nettoyage-ethnique.html\"},\"wordCount\":542,\"commentCount\":0,\"publisher\":{\"@id\":\"https:\/\/www.justiceinfo.net\/fr#organization\"},\"articleSection\":[\"Fil d'info AFP\"],\"inLanguage\":\"fr-FR\",\"potentialAction\":[{\"@type\":\"CommentAction\",\"name\":\"Comment\",\"target\":[\"https:\/\/www.justiceinfo.net\/fr\/164593-cisjordanie-lonu-evoque-crime-contre-lhumanite-et-nettoyage-ethnique.html#respond\"]}]},{\"@type\":\"WebPage\",\"@id\":\"https:\/\/www.justiceinfo.net\/fr\/164593-cisjordanie-lonu-evoque-crime-contre-lhumanite-et-nettoyage-ethnique.html\",\"url\":\"https:\/\/www.justiceinfo.net\/fr\/164593-cisjordanie-lonu-evoque-crime-contre-lhumanite-et-nettoyage-ethnique.html\",\"name\":\"Cisjordanie : l'ONU \u00e9voque crime contre l'humanit\u00e9 et nettoyage ethnique - JusticeInfo.net\",\"isPartOf\":{\"@id\":\"https:\/\/www.justiceinfo.net\/fr#website\"},\"datePublished\":\"2026-09-04T10:33:02+00:00\",\"breadcrumb\":{\"@id\":\"https:\/\/www.justiceinfo.net\/fr\/164593-cisjordanie-lonu-evoque-crime-contre-lhumanite-et-nettoyage-ethnique.html#breadcrumb\"},\"inLanguage\":\"fr-FR\",\"potentialAction\":[{\"@type\":\"ReadAction\",\"target\":[\"https:\/\/www.justiceinfo.net\/fr\/164593-cisjordanie-lonu-evoque-crime-contre-lhumanite-et-nettoyage-ethnique.html\"]}]},{\"@type\":\"BreadcrumbList\",\"@id\":\"https:\/\/www.justiceinfo.net\/fr\/164593-cisjordanie-lonu-evoque-crime-contre-lhumanite-et-nettoyage-ethnique.html#breadcrumb\",\"itemListElement\":[{\"@type\":\"ListItem\",\"position\":1,\"name\":\"Home\",\"item\":\"https:\/\/www.justiceinfo.net\/fr\"},{\"@type\":\"ListItem\",\"position\":2,\"name\":\"Cisjordanie : l'ONU \u00e9voque crime contre l'humanit\u00e9 et nettoyage ethnique\"}]},{\"@type\":\"WebSite\",\"@id\":\"https:\/\/www.justiceinfo.net\/fr#website\",\"url\":\"https:\/\/www.justiceinfo.net\/fr\",\"name\":\"JusticeInfo.net\",\"description\":\"La justice doit \u00eatre vue pour \u00eatre rendue\",\"publisher\":{\"@id\":\"https:\/\/www.justiceinfo.net\/fr#organization\"},\"potentialAction\":[{\"@type\":\"SearchAction\",\"target\":{\"@type\":\"EntryPoint\",\"urlTemplate\":\"https:\/\/www.justiceinfo.net\/fr?s={search_term_string}\"},\"query-input\":{\"@type\":\"PropertyValueSpecification\",\"valueRequired\":true,\"valueName\":\"search_term_string\"}}],\"inLanguage\":\"fr-FR\"},{\"@type\":\"Organization\",\"@id\":\"https:\/\/www.justiceinfo.net\/fr#organization\",\"name\":\"Justice Info\",\"url\":\"https:\/\/www.justiceinfo.net\/fr\",\"logo\":{\"@type\":\"ImageObject\",\"inLanguage\":\"fr-FR\",\"@id\":\"https:\/\/www.justiceinfo.net\/fr#\/schema\/logo\/image\/\",\"url\":\"https:\/\/www.justiceinfo.net\/wp-content\/uploads\/justiceinfo_logo-trans_1200x1200px.png\",\"contentUrl\":\"https:\/\/www.justiceinfo.net\/wp-content\/uploads\/justiceinfo_logo-trans_1200x1200px.png\",\"width\":1199,\"height\":1200,\"caption\":\"Justice Info\"},\"image\":{\"@id\":\"https:\/\/www.justiceinfo.net\/fr#\/schema\/logo\/image\/\"},\"sameAs\":[\"https:\/\/www.facebook.com\/JusticeInfo\/\",\"https:\/\/x.com\/justiceinfonet\",\"https:\/\/www.linkedin.com\/company\/justice-info\",\"https:\/\/www.youtube.com\/channel\/UCyCEsARodyuWtkWyhn-e7pA\"]},{\"@type\":\"Person\",\"name\":\"afp\",\"url\":\"\/fr\/?s=afp\"}]}<\/script>\n<!-- \/ Yoast SEO Premium plugin. -->","yoast_head_json":{"title":"Cisjordanie : l'ONU \u00e9voque crime contre l'humanit\u00e9 et nettoyage ethnique - JusticeInfo.net","robots":{"index":"index","follow":"follow","max-snippet":"max-snippet:-1","max-image-preview":"max-image-preview:large","max-video-preview":"max-video-preview:-1"},"canonical":"https:\/\/www.justiceinfo.net\/fr\/164593-cisjordanie-lonu-evoque-crime-contre-lhumanite-et-nettoyage-ethnique.html","og_locale":"fr_FR","og_type":"article","og_title":"Cisjordanie : l'ONU \u00e9voque crime contre l'humanit\u00e9 et nettoyage ethnique","og_description":"Le Haut-Commissariat de l'ONU aux droits de l'homme a accus\u00e9 vendredi Isra\u00ebl d'avoir d\u00e9plac\u00e9 de force plus de 33.000 Palestiniens de trois camps en Cisjordanie au d\u00e9but de 2025, \u00e9voquant la possibilit\u00e9 d'un crime contre l'humanit\u00e9 et d'un nettoyage ethnique. Isra\u00ebl a imm\u00e9diatement rejet\u00e9 ces accusations, sa repr\u00e9sentation \u00e0 Gen\u00e8ve accusant sur X le Haut-Commissariat [&hellip;]","og_url":"https:\/\/www.justiceinfo.net\/fr\/164593-cisjordanie-lonu-evoque-crime-contre-lhumanite-et-nettoyage-ethnique.html","og_site_name":"JusticeInfo.net","article_publisher":"https:\/\/www.facebook.com\/JusticeInfo\/","article_published_time":"2026-09-04T10:33:02+00:00","og_image":[{"width":1200,"height":630,"url":"https:\/\/www.justiceinfo.net\/wp-content\/uploads\/JusticeInfoNet_logo_1200x630px.jpg","type":"image\/jpeg"}],"author":"afp","twitter_card":"summary_large_image","twitter_creator":"@justiceinfonet","twitter_site":"@justiceinfonet","twitter_misc":{"\u00c9crit par":"afp","Dur\u00e9e de lecture estim\u00e9e":"3 minutes"},"schema":{"@context":"https:\/\/schema.org","@graph":[{"@type":"NewsArticle","@id":"https:\/\/www.justiceinfo.net\/fr\/164593-cisjordanie-lonu-evoque-crime-contre-lhumanite-et-nettoyage-ethnique.html#article","isPartOf":{"@id":"https:\/\/www.justiceinfo.net\/fr\/164593-cisjordanie-lonu-evoque-crime-contre-lhumanite-et-nettoyage-ethnique.html"},"author":{"name":"afp","@id":"https:\/\/www.justiceinfo.net\/fr#\/schema\/person\/713d340ef5f218fc36ce9b4244364a7f"},"headline":"Cisjordanie : l'ONU \u00e9voque crime contre l'humanit\u00e9 et nettoyage ethnique","datePublished":"2026-09-04T10:33:02+00:00","mainEntityOfPage":{"@id":"https:\/\/www.justiceinfo.net\/fr\/164593-cisjordanie-lonu-evoque-crime-contre-lhumanite-et-nettoyage-ethnique.html"},"wordCount":542,"commentCount":0,"publisher":{"@id":"https:\/\/www.justiceinfo.net\/fr#organization"},"articleSection":["Fil d'info AFP"],"inLanguage":"fr-FR","potentialAction":[{"@type":"CommentAction","name":"Comment","target":["https:\/\/www.justiceinfo.net\/fr\/164593-cisjordanie-lonu-evoque-crime-contre-lhumanite-et-nettoyage-ethnique.html#respond"]}]},{"@type":"WebPage","@id":"https:\/\/www.justiceinfo.net\/fr\/164593-cisjordanie-lonu-evoque-crime-contre-lhumanite-et-nettoyage-ethnique.html","url":"https:\/\/www.justiceinfo.net\/fr\/164593-cisjordanie-lonu-evoque-crime-contre-lhumanite-et-nettoyage-ethnique.html","name":"Cisjordanie : l'ONU \u00e9voque crime contre l'humanit\u00e9 et nettoyage ethnique - JusticeInfo.net","isPartOf":{"@id":"https:\/\/www.justiceinfo.net\/fr#website"},"datePublished":"2026-09-04T10:33:02+00:00","breadcrumb":{"@id":"https:\/\/www.justiceinfo.net\/fr\/164593-cisjordanie-lonu-evoque-crime-contre-lhumanite-et-nettoyage-ethnique.html#breadcrumb"},"inLanguage":"fr-FR","potentialAction":[{"@type":"ReadAction","target":["https:\/\/www.justiceinfo.net\/fr\/164593-cisjordanie-lonu-evoque-crime-contre-lhumanite-et-nettoyage-ethnique.html"]}]},{"@type":"BreadcrumbList","@id":"https:\/\/www.justiceinfo.net\/fr\/164593-cisjordanie-lonu-evoque-crime-contre-lhumanite-et-nettoyage-ethnique.html#breadcrumb","itemListElement":[{"@type":"ListItem","position":1,"name":"Home","item":"https:\/\/www.justiceinfo.net\/fr"},{"@type":"ListItem","position":2,"name":"Cisjordanie : l'ONU \u00e9voque crime contre l'humanit\u00e9 et nettoyage ethnique"}]},{"@type":"WebSite","@id":"https:\/\/www.justiceinfo.net\/fr#website","url":"https:\/\/www.justiceinfo.net\/fr","name":"JusticeInfo.net","description":"La justice doit \u00eatre vue pour \u00eatre rendue","publisher":{"@id":"https:\/\/www.justiceinfo.net\/fr#organization"},"potentialAction":[{"@type":"SearchAction","target":{"@type":"EntryPoint","urlTemplate":"https:\/\/www.justiceinfo.net\/fr?s={search_term_string}"},"query-input":{"@type":"PropertyValueSpecification","valueRequired":true,"valueName":"search_term_string"}}],"inLanguage":"fr-FR"},{"@type":"Organization","@id":"https:\/\/www.justiceinfo.net\/fr#organization","name":"Justice Info","url":"https:\/\/www.justiceinfo.net\/fr","logo":{"@type":"ImageObject","inLanguage":"fr-FR","@id":"https:\/\/www.justiceinfo.net\/fr#\/schema\/logo\/image\/","url":"https:\/\/www.justiceinfo.net\/wp-content\/uploads\/justiceinfo_logo-trans_1200x1200px.png","contentUrl":"https:\/\/www.justiceinfo.net\/wp-content\/uploads\/justiceinfo_logo-trans_1200x1200px.png","width":1199,"height":1200,"caption":"Justice Info"},"image":{"@id":"https:\/\/www.justiceinfo.net\/fr#\/schema\/logo\/image\/"},"sameAs":["https:\/\/www.facebook.com\/JusticeInfo\/","https:\/\/x.com\/justiceinfonet","https:\/\/www.linkedin.com\/company\/justice-info","https:\/\/www.youtube.com\/channel\/UCyCEsARodyuWtkWyhn-e7pA"]},{"@type":"Person","name":"afp","url":"\/fr\/?s=afp"}]}},"_links":{"self":[{"href":"https:\/\/www.justiceinfo.net\/fr\/wp-json\/wp\/v2\/posts\/164593","targetHints":{"allow":["GET"]}}],"collection":[{"href":"https:\/\/www.justiceinfo.net\/fr\/wp-json\/wp\/v2\/posts"}],"about":[{"href":"https:\/\/www.justiceinfo.net\/fr\/wp-json\/wp\/v2\/types\/post"}],"author":[{"embeddable":true,"href":"https:\/\/www.justiceinfo.net\/fr\/wp-json\/wp\/v2\/users\/60"}],"replies":[{"embeddable":true,"href":"https:\/\/www.justiceinfo.net\/fr\/wp-json\/wp\/v2\/comments?post=164593"}],"version-history":[{"count":0,"href":"https:\/\/www.justiceinfo.net\/fr\/wp-json\/wp\/v2\/posts\/164593\/revisions"}],"wp:attachment":[{"href":"https:\/\/www.justiceinfo.net\/fr\/wp-json\/wp\/v2\/media?parent=164593"}],"wp:term":[{"taxonomy":"category","embeddable":true,"href":"https:\/\/www.justiceinfo.net\/fr\/wp-json\/wp\/v2\/categories?post=164593"},{"taxonomy":"post_tag","embeddable":true,"href":"https:\/\/www.justiceinfo.net\/fr\/wp-json\/wp\/v2\/tags?post=164593"},{"taxonomy":"ji_location","embeddable":true,"href":"https:\/\/www.justiceinfo.net\/fr\/wp-json\/wp\/v2\/ji_location?post=164593"}],"curies":[{"name":"wp","href":"https:\/\/api.w.org\/{rel}","templated":true}]}}