{"id":164598,"date":"2026-09-04T13:43:03","date_gmt":"2026-09-04T11:43:03","guid":{"rendered":"https:\/\/www.justiceinfo.net\/164598-les-americains-globalement-epargnes-par-le-chomage-pas-par-les-hausses-de-prix.html"},"modified":"2026-09-04T13:43:03","modified_gmt":"2026-09-04T11:43:03","slug":"les-americains-globalement-epargnes-par-le-chomage-pas-par-les-hausses-de-prix","status":"publish","type":"post","link":"https:\/\/www.justiceinfo.net\/fr\/164598-les-americains-globalement-epargnes-par-le-chomage-pas-par-les-hausses-de-prix.html","title":{"rendered":"Les Am\u00e9ricains globalement \u00e9pargn\u00e9s par le ch\u00f4mage, pas par les hausses de prix"},"content":{"rendered":"<p>\n             Les donn\u00e9es sur l'emploi aux Etats-Unis publi\u00e9es vendredi montrent qu'il n'y pas p\u00e9ril en la demeure, faisant des hausses de prix le principal souci des Am\u00e9ricains \u00e0 deux mois d'une \u00e9ch\u00e9ance \u00e9lectorale.\n<\/p>\n<p>\n            Le ch\u00f4mage est rest\u00e9 inchang\u00e9 dans la premi\u00e8re \u00e9conomie mondiale en ao\u00fbt, \u00e0 4,1%, dans la fourchette du plein-emploi.\n<\/p>\n<p>\n            En parall\u00e8le, les embauches ont rebondi avec 162.000 cr\u00e9ations nettes d'emplois, le triple de ce qu'envisageaient les march\u00e9s.\n<\/p>\n<p>\n            Le nombre d'emplois cr\u00e9\u00e9s lors des mois de juin et juillet a par ailleurs \u00e9t\u00e9 r\u00e9vis\u00e9 \u00e0 la hausse par le service statistique du minist\u00e8re am\u00e9ricain du Travail.\n<\/p>\n<p>\n            Le rapport est \"bien bien meilleur que ce que \u00e0 quoi je m'attendais\", a d\u00e9clar\u00e9 le conseiller \u00e9conomique du pr\u00e9sident Trump Kevin Hassett sur la cha\u00eene \u00e9conomique CNBC.\n<\/p>\n<p>\n            C'est d'apr\u00e8s lui la d\u00e9monstration que les politiques gouvernementales portent leurs fruits.\n<\/p>\n<p>\n            Une mauvaise nouvelle est n\u00e9anmoins aussi tomb\u00e9e vendredi: le diesel, carburant des poids lourds et tracteurs aux Etats-Unis, a atteint un niveau record \u00e0 5,85 dollars (5 euros) en moyenne le gallon (3,8 litres), selon les relev\u00e9s de l'association automobile am\u00e9ricaine.\n<\/p>\n<p>\n            Cela signifie m\u00e9caniquement une hausse des co\u00fbts de production et de transport, et augure des r\u00e9percussions jusqu'aux consommateurs am\u00e9ricains.\n<\/p>\n<p>\n            Les prix de l'\u00e9nergie ont bondi depuis le d\u00e9clenchement par les Etats-Unis d'une guerre contre l'Iran, T\u00e9h\u00e9ran ayant notamment ripost\u00e9 en bloquant le d\u00e9troit d'Ormuz, axe maritime majeur pour le transport d'hydrocarbures.\n<\/p>\n<p>\n            Dans les stations-service am\u00e9ricaines, l'essence ordinaire est aussi repartie \u00e0 la hausse, \u00e0 4,15 dollars en moyenne. Cela reste n\u00e9anmoins inf\u00e9rieur au record pour cette cat\u00e9gorie (5,05 dollars), qui avait \u00e9galement \u00e9t\u00e9 touch\u00e9 en 2022, selon l'association.\n<\/p>\n<p>\n            La guerre au Moyen-Orient, impopulaire aux Etats-Unis, a mis sous pression l'ex\u00e9cutif am\u00e9ricain avant les \u00e9lections de mi-mandat (ou \"midterms\") programm\u00e9es le 3 novembre.\n<\/p>\n<p>\n            Le pr\u00e9sident r\u00e9publicain avait fait de l'am\u00e9lioration du pouvoir d'achat une priorit\u00e9 lors de sa campagne victorieuse de 2024.\n<\/p>\n<p>\n            - L'enjeu des taux -\n<\/p>\n<p>\n            Les march\u00e9s financiers ont accueilli le rapport avec une pointe d'amertume: ils savent que si l'emploi va bien, la R\u00e9serve f\u00e9d\u00e9rale (Fed) va se focaliser sur la lutte contre l'inflation.\n<\/p>\n<p>\n            \"C'est une bonne nouvelle pour les travailleurs, pour les gens qui essaient de joindre les deux bouts, mais cela accentue la pression sur la Fed pour qu'elle rel\u00e8ve ses taux d'int\u00e9r\u00eat\", a r\u00e9sum\u00e9 aupr\u00e8s de l'AFP Diane Swonk, \u00e9conomiste du cabinet KPMG.\n<\/p>\n<p>\n            Selon deux indices officiels, la hausse des prix \u00e9tait de 3,4% (rapport CPI) \u00e0 3,7% (PCE) sur un an aux Etats-Unis en juillet. Le CPI pour ao\u00fbt sera connu dans une semaine.\n<\/p>\n<p>\n            La banque centrale n'a plus touch\u00e9 \u00e0 ses taux - qui guident les co\u00fbts d'emprunt et influent sur la marche de l'\u00e9conomie - depuis d\u00e9cembre 2025.\n<\/p>\n<p>\n            Mais trois des douze votants se sont prononc\u00e9s en faveur d'une hausse fin juillet, arguant que l'inflation (sup\u00e9rieure \u00e0 leur objectif de 2% depuis plus de cinq ans) ne rentre pas assez vite dans le rang.\n<\/p>\n<p>\n            Depuis, d'autres responsables ont fait savoir qu'ils \u00e9taient pr\u00eats \u00e0 voter pour un resserrement mon\u00e9taire d\u00e8s leur prochaine assembl\u00e9e, mi-septembre, si les hausses de prix r\u00e9acc\u00e9l\u00e8rent.\n<\/p>\n<p>\n            Ce serait un sc\u00e9nario catastrophe pour Donald Trump, qui r\u00e9clame sans rel\u00e2che des taux plus bas pour stimuler l'activit\u00e9 et le march\u00e9 immobilier.\n<\/p>\n<p>\n            Il s'est d'ailleurs fendu d'un message mena\u00e7ant sur sa plateforme Truth Social apr\u00e8s la publication des chiffres de l'emploi.\n<\/p>\n<p>\n            \"BAISSEZ LES TAUX OU J'ARRETERAI D'ECHANGER AVEC LES PAYS AVEC LESQUELS ON A UN DEFICIT\" commercial, a \u00e9crit le chef de l'Etat.\n<\/p>\n<p>\n            \"Le conseil de la Fed, avec son nouveau grand dirigeant, doit faire preuve de bon sens: SOYEZ PATRIOTES pour une fois\", a ajout\u00e9 M. Trump, qui a r\u00e9cemment propuls\u00e9 Kevin Warsh \u00e0 la t\u00eate de l'institution.<\/p>\n","protected":false},"excerpt":{"rendered":"<p>Les donn\u00e9es sur l'emploi aux Etats-Unis publi\u00e9es vendredi montrent qu'il n'y pas p\u00e9ril en la demeure, faisant des hausses de prix le principal souci des Am\u00e9ricains \u00e0 deux mois d'une \u00e9ch\u00e9ance \u00e9lectorale. Le ch\u00f4mage est rest\u00e9 inchang\u00e9 dans la premi\u00e8re \u00e9conomie mondiale en ao\u00fbt, \u00e0 4,1%, dans la fourchette du plein-emploi. En parall\u00e8le, les embauches [&hellip;]<\/p>\n","protected":false},"author":60,"featured_media":0,"comment_status":"open","ping_status":"closed","sticky":false,"template":"","format":"standard","meta":{"_acf_changed":false,"footnotes":""},"categories":[2576],"tags":[],"ji_location":[],"class_list":["post-164598","post","type-post","status-publish","format-standard","hentry","category-fil-d-actualite"],"acf":[],"yoast_head":"<!-- This site is optimized with the Yoast SEO Premium plugin v25.3.1 (Yoast SEO v25.3.1) - https:\/\/yoast.com\/wordpress\/plugins\/seo\/ -->\n<title>Les Am\u00e9ricains globalement \u00e9pargn\u00e9s par le ch\u00f4mage, pas par les hausses de prix - JusticeInfo.net<\/title>\n<meta name=\"robots\" content=\"index, follow, max-snippet:-1, max-image-preview:large, max-video-preview:-1\" \/>\n<link rel=\"canonical\" href=\"https:\/\/www.justiceinfo.net\/fr\/164598-les-americains-globalement-epargnes-par-le-chomage-pas-par-les-hausses-de-prix.html\" \/>\n<meta property=\"og:locale\" content=\"fr_FR\" \/>\n<meta property=\"og:type\" content=\"article\" \/>\n<meta property=\"og:title\" content=\"Les Am\u00e9ricains globalement \u00e9pargn\u00e9s par le ch\u00f4mage, pas par les hausses de prix\" \/>\n<meta property=\"og:description\" content=\"Les donn\u00e9es sur l&#039;emploi aux Etats-Unis publi\u00e9es vendredi montrent qu&#039;il n&#039;y pas p\u00e9ril en la demeure, faisant des hausses de prix le principal souci des Am\u00e9ricains \u00e0 deux mois d&#039;une \u00e9ch\u00e9ance \u00e9lectorale. Le ch\u00f4mage est rest\u00e9 inchang\u00e9 dans la premi\u00e8re \u00e9conomie mondiale en ao\u00fbt, \u00e0 4,1%, dans la fourchette du plein-emploi. En parall\u00e8le, les embauches [&hellip;]\" \/>\n<meta property=\"og:url\" content=\"https:\/\/www.justiceinfo.net\/fr\/164598-les-americains-globalement-epargnes-par-le-chomage-pas-par-les-hausses-de-prix.html\" \/>\n<meta property=\"og:site_name\" content=\"JusticeInfo.net\" \/>\n<meta property=\"article:publisher\" content=\"https:\/\/www.facebook.com\/JusticeInfo\/\" \/>\n<meta property=\"article:published_time\" content=\"2026-09-04T11:43:03+00:00\" \/>\n<meta property=\"og:image\" content=\"https:\/\/www.justiceinfo.net\/wp-content\/uploads\/JusticeInfoNet_logo_1200x630px.jpg\" \/>\n\t<meta property=\"og:image:width\" content=\"1200\" \/>\n\t<meta property=\"og:image:height\" content=\"630\" \/>\n\t<meta property=\"og:image:type\" content=\"image\/jpeg\" \/>\n<meta name=\"author\" content=\"afp\" \/>\n<meta name=\"twitter:card\" content=\"summary_large_image\" \/>\n<meta name=\"twitter:creator\" content=\"@justiceinfonet\" \/>\n<meta name=\"twitter:site\" content=\"@justiceinfonet\" \/>\n<meta name=\"twitter:label1\" content=\"\u00c9crit par\" \/>\n\t<meta name=\"twitter:data1\" content=\"afp\" \/>\n\t<meta name=\"twitter:label2\" content=\"Dur\u00e9e de lecture estim\u00e9e\" \/>\n\t<meta name=\"twitter:data2\" content=\"3 minutes\" \/>\n<script type=\"application\/ld+json\" class=\"yoast-schema-graph\">{\"@context\":\"https:\/\/schema.org\",\"@graph\":[{\"@type\":\"NewsArticle\",\"@id\":\"https:\/\/www.justiceinfo.net\/fr\/164598-les-americains-globalement-epargnes-par-le-chomage-pas-par-les-hausses-de-prix.html#article\",\"isPartOf\":{\"@id\":\"https:\/\/www.justiceinfo.net\/fr\/164598-les-americains-globalement-epargnes-par-le-chomage-pas-par-les-hausses-de-prix.html\"},\"author\":{\"name\":\"afp\",\"@id\":\"https:\/\/www.justiceinfo.net\/fr#\/schema\/person\/713d340ef5f218fc36ce9b4244364a7f\"},\"headline\":\"Les Am\u00e9ricains globalement \u00e9pargn\u00e9s par le ch\u00f4mage, pas par les hausses de prix\",\"datePublished\":\"2026-09-04T11:43:03+00:00\",\"mainEntityOfPage\":{\"@id\":\"https:\/\/www.justiceinfo.net\/fr\/164598-les-americains-globalement-epargnes-par-le-chomage-pas-par-les-hausses-de-prix.html\"},\"wordCount\":712,\"commentCount\":0,\"publisher\":{\"@id\":\"https:\/\/www.justiceinfo.net\/fr#organization\"},\"articleSection\":[\"Fil d'info AFP\"],\"inLanguage\":\"fr-FR\",\"potentialAction\":[{\"@type\":\"CommentAction\",\"name\":\"Comment\",\"target\":[\"https:\/\/www.justiceinfo.net\/fr\/164598-les-americains-globalement-epargnes-par-le-chomage-pas-par-les-hausses-de-prix.html#respond\"]}]},{\"@type\":\"WebPage\",\"@id\":\"https:\/\/www.justiceinfo.net\/fr\/164598-les-americains-globalement-epargnes-par-le-chomage-pas-par-les-hausses-de-prix.html\",\"url\":\"https:\/\/www.justiceinfo.net\/fr\/164598-les-americains-globalement-epargnes-par-le-chomage-pas-par-les-hausses-de-prix.html\",\"name\":\"Les Am\u00e9ricains globalement \u00e9pargn\u00e9s par le ch\u00f4mage, pas par les hausses de prix - JusticeInfo.net\",\"isPartOf\":{\"@id\":\"https:\/\/www.justiceinfo.net\/fr#website\"},\"datePublished\":\"2026-09-04T11:43:03+00:00\",\"breadcrumb\":{\"@id\":\"https:\/\/www.justiceinfo.net\/fr\/164598-les-americains-globalement-epargnes-par-le-chomage-pas-par-les-hausses-de-prix.html#breadcrumb\"},\"inLanguage\":\"fr-FR\",\"potentialAction\":[{\"@type\":\"ReadAction\",\"target\":[\"https:\/\/www.justiceinfo.net\/fr\/164598-les-americains-globalement-epargnes-par-le-chomage-pas-par-les-hausses-de-prix.html\"]}]},{\"@type\":\"BreadcrumbList\",\"@id\":\"https:\/\/www.justiceinfo.net\/fr\/164598-les-americains-globalement-epargnes-par-le-chomage-pas-par-les-hausses-de-prix.html#breadcrumb\",\"itemListElement\":[{\"@type\":\"ListItem\",\"position\":1,\"name\":\"Home\",\"item\":\"https:\/\/www.justiceinfo.net\/fr\"},{\"@type\":\"ListItem\",\"position\":2,\"name\":\"Les Am\u00e9ricains globalement \u00e9pargn\u00e9s par le ch\u00f4mage, pas par les hausses de prix\"}]},{\"@type\":\"WebSite\",\"@id\":\"https:\/\/www.justiceinfo.net\/fr#website\",\"url\":\"https:\/\/www.justiceinfo.net\/fr\",\"name\":\"JusticeInfo.net\",\"description\":\"La justice doit \u00eatre vue pour \u00eatre rendue\",\"publisher\":{\"@id\":\"https:\/\/www.justiceinfo.net\/fr#organization\"},\"potentialAction\":[{\"@type\":\"SearchAction\",\"target\":{\"@type\":\"EntryPoint\",\"urlTemplate\":\"https:\/\/www.justiceinfo.net\/fr?s={search_term_string}\"},\"query-input\":{\"@type\":\"PropertyValueSpecification\",\"valueRequired\":true,\"valueName\":\"search_term_string\"}}],\"inLanguage\":\"fr-FR\"},{\"@type\":\"Organization\",\"@id\":\"https:\/\/www.justiceinfo.net\/fr#organization\",\"name\":\"Justice Info\",\"url\":\"https:\/\/www.justiceinfo.net\/fr\",\"logo\":{\"@type\":\"ImageObject\",\"inLanguage\":\"fr-FR\",\"@id\":\"https:\/\/www.justiceinfo.net\/fr#\/schema\/logo\/image\/\",\"url\":\"https:\/\/www.justiceinfo.net\/wp-content\/uploads\/justiceinfo_logo-trans_1200x1200px.png\",\"contentUrl\":\"https:\/\/www.justiceinfo.net\/wp-content\/uploads\/justiceinfo_logo-trans_1200x1200px.png\",\"width\":1199,\"height\":1200,\"caption\":\"Justice Info\"},\"image\":{\"@id\":\"https:\/\/www.justiceinfo.net\/fr#\/schema\/logo\/image\/\"},\"sameAs\":[\"https:\/\/www.facebook.com\/JusticeInfo\/\",\"https:\/\/x.com\/justiceinfonet\",\"https:\/\/www.linkedin.com\/company\/justice-info\",\"https:\/\/www.youtube.com\/channel\/UCyCEsARodyuWtkWyhn-e7pA\"]},{\"@type\":\"Person\",\"name\":\"afp\",\"url\":\"\/fr\/?s=afp\"}]}<\/script>\n<!-- \/ Yoast SEO Premium plugin. -->","yoast_head_json":{"title":"Les Am\u00e9ricains globalement \u00e9pargn\u00e9s par le ch\u00f4mage, pas par les hausses de prix - JusticeInfo.net","robots":{"index":"index","follow":"follow","max-snippet":"max-snippet:-1","max-image-preview":"max-image-preview:large","max-video-preview":"max-video-preview:-1"},"canonical":"https:\/\/www.justiceinfo.net\/fr\/164598-les-americains-globalement-epargnes-par-le-chomage-pas-par-les-hausses-de-prix.html","og_locale":"fr_FR","og_type":"article","og_title":"Les Am\u00e9ricains globalement \u00e9pargn\u00e9s par le ch\u00f4mage, pas par les hausses de prix","og_description":"Les donn\u00e9es sur l'emploi aux Etats-Unis publi\u00e9es vendredi montrent qu'il n'y pas p\u00e9ril en la demeure, faisant des hausses de prix le principal souci des Am\u00e9ricains \u00e0 deux mois d'une \u00e9ch\u00e9ance \u00e9lectorale. Le ch\u00f4mage est rest\u00e9 inchang\u00e9 dans la premi\u00e8re \u00e9conomie mondiale en ao\u00fbt, \u00e0 4,1%, dans la fourchette du plein-emploi. En parall\u00e8le, les embauches [&hellip;]","og_url":"https:\/\/www.justiceinfo.net\/fr\/164598-les-americains-globalement-epargnes-par-le-chomage-pas-par-les-hausses-de-prix.html","og_site_name":"JusticeInfo.net","article_publisher":"https:\/\/www.facebook.com\/JusticeInfo\/","article_published_time":"2026-09-04T11:43:03+00:00","og_image":[{"width":1200,"height":630,"url":"https:\/\/www.justiceinfo.net\/wp-content\/uploads\/JusticeInfoNet_logo_1200x630px.jpg","type":"image\/jpeg"}],"author":"afp","twitter_card":"summary_large_image","twitter_creator":"@justiceinfonet","twitter_site":"@justiceinfonet","twitter_misc":{"\u00c9crit par":"afp","Dur\u00e9e de lecture estim\u00e9e":"3 minutes"},"schema":{"@context":"https:\/\/schema.org","@graph":[{"@type":"NewsArticle","@id":"https:\/\/www.justiceinfo.net\/fr\/164598-les-americains-globalement-epargnes-par-le-chomage-pas-par-les-hausses-de-prix.html#article","isPartOf":{"@id":"https:\/\/www.justiceinfo.net\/fr\/164598-les-americains-globalement-epargnes-par-le-chomage-pas-par-les-hausses-de-prix.html"},"author":{"name":"afp","@id":"https:\/\/www.justiceinfo.net\/fr#\/schema\/person\/713d340ef5f218fc36ce9b4244364a7f"},"headline":"Les Am\u00e9ricains globalement \u00e9pargn\u00e9s par le ch\u00f4mage, pas par les hausses de prix","datePublished":"2026-09-04T11:43:03+00:00","mainEntityOfPage":{"@id":"https:\/\/www.justiceinfo.net\/fr\/164598-les-americains-globalement-epargnes-par-le-chomage-pas-par-les-hausses-de-prix.html"},"wordCount":712,"commentCount":0,"publisher":{"@id":"https:\/\/www.justiceinfo.net\/fr#organization"},"articleSection":["Fil d'info AFP"],"inLanguage":"fr-FR","potentialAction":[{"@type":"CommentAction","name":"Comment","target":["https:\/\/www.justiceinfo.net\/fr\/164598-les-americains-globalement-epargnes-par-le-chomage-pas-par-les-hausses-de-prix.html#respond"]}]},{"@type":"WebPage","@id":"https:\/\/www.justiceinfo.net\/fr\/164598-les-americains-globalement-epargnes-par-le-chomage-pas-par-les-hausses-de-prix.html","url":"https:\/\/www.justiceinfo.net\/fr\/164598-les-americains-globalement-epargnes-par-le-chomage-pas-par-les-hausses-de-prix.html","name":"Les Am\u00e9ricains globalement \u00e9pargn\u00e9s par le ch\u00f4mage, pas par les hausses de prix - JusticeInfo.net","isPartOf":{"@id":"https:\/\/www.justiceinfo.net\/fr#website"},"datePublished":"2026-09-04T11:43:03+00:00","breadcrumb":{"@id":"https:\/\/www.justiceinfo.net\/fr\/164598-les-americains-globalement-epargnes-par-le-chomage-pas-par-les-hausses-de-prix.html#breadcrumb"},"inLanguage":"fr-FR","potentialAction":[{"@type":"ReadAction","target":["https:\/\/www.justiceinfo.net\/fr\/164598-les-americains-globalement-epargnes-par-le-chomage-pas-par-les-hausses-de-prix.html"]}]},{"@type":"BreadcrumbList","@id":"https:\/\/www.justiceinfo.net\/fr\/164598-les-americains-globalement-epargnes-par-le-chomage-pas-par-les-hausses-de-prix.html#breadcrumb","itemListElement":[{"@type":"ListItem","position":1,"name":"Home","item":"https:\/\/www.justiceinfo.net\/fr"},{"@type":"ListItem","position":2,"name":"Les Am\u00e9ricains globalement \u00e9pargn\u00e9s par le ch\u00f4mage, pas par les hausses de prix"}]},{"@type":"WebSite","@id":"https:\/\/www.justiceinfo.net\/fr#website","url":"https:\/\/www.justiceinfo.net\/fr","name":"JusticeInfo.net","description":"La justice doit \u00eatre vue pour \u00eatre rendue","publisher":{"@id":"https:\/\/www.justiceinfo.net\/fr#organization"},"potentialAction":[{"@type":"SearchAction","target":{"@type":"EntryPoint","urlTemplate":"https:\/\/www.justiceinfo.net\/fr?s={search_term_string}"},"query-input":{"@type":"PropertyValueSpecification","valueRequired":true,"valueName":"search_term_string"}}],"inLanguage":"fr-FR"},{"@type":"Organization","@id":"https:\/\/www.justiceinfo.net\/fr#organization","name":"Justice Info","url":"https:\/\/www.justiceinfo.net\/fr","logo":{"@type":"ImageObject","inLanguage":"fr-FR","@id":"https:\/\/www.justiceinfo.net\/fr#\/schema\/logo\/image\/","url":"https:\/\/www.justiceinfo.net\/wp-content\/uploads\/justiceinfo_logo-trans_1200x1200px.png","contentUrl":"https:\/\/www.justiceinfo.net\/wp-content\/uploads\/justiceinfo_logo-trans_1200x1200px.png","width":1199,"height":1200,"caption":"Justice Info"},"image":{"@id":"https:\/\/www.justiceinfo.net\/fr#\/schema\/logo\/image\/"},"sameAs":["https:\/\/www.facebook.com\/JusticeInfo\/","https:\/\/x.com\/justiceinfonet","https:\/\/www.linkedin.com\/company\/justice-info","https:\/\/www.youtube.com\/channel\/UCyCEsARodyuWtkWyhn-e7pA"]},{"@type":"Person","name":"afp","url":"\/fr\/?s=afp"}]}},"_links":{"self":[{"href":"https:\/\/www.justiceinfo.net\/fr\/wp-json\/wp\/v2\/posts\/164598","targetHints":{"allow":["GET"]}}],"collection":[{"href":"https:\/\/www.justiceinfo.net\/fr\/wp-json\/wp\/v2\/posts"}],"about":[{"href":"https:\/\/www.justiceinfo.net\/fr\/wp-json\/wp\/v2\/types\/post"}],"author":[{"embeddable":true,"href":"https:\/\/www.justiceinfo.net\/fr\/wp-json\/wp\/v2\/users\/60"}],"replies":[{"embeddable":true,"href":"https:\/\/www.justiceinfo.net\/fr\/wp-json\/wp\/v2\/comments?post=164598"}],"version-history":[{"count":0,"href":"https:\/\/www.justiceinfo.net\/fr\/wp-json\/wp\/v2\/posts\/164598\/revisions"}],"wp:attachment":[{"href":"https:\/\/www.justiceinfo.net\/fr\/wp-json\/wp\/v2\/media?parent=164598"}],"wp:term":[{"taxonomy":"category","embeddable":true,"href":"https:\/\/www.justiceinfo.net\/fr\/wp-json\/wp\/v2\/categories?post=164598"},{"taxonomy":"post_tag","embeddable":true,"href":"https:\/\/www.justiceinfo.net\/fr\/wp-json\/wp\/v2\/tags?post=164598"},{"taxonomy":"ji_location","embeddable":true,"href":"https:\/\/www.justiceinfo.net\/fr\/wp-json\/wp\/v2\/ji_location?post=164598"}],"curies":[{"name":"wp","href":"https:\/\/api.w.org\/{rel}","templated":true}]}}