{"id":164603,"date":"2026-09-04T14:13:03","date_gmt":"2026-09-04T12:13:03","guid":{"rendered":"https:\/\/www.justiceinfo.net\/164603-serbie-mladic-sera-inhume-lundi-a-belgrade-bruxelles-ulcere-par-sa-glorification.html"},"modified":"2026-09-04T14:13:03","modified_gmt":"2026-09-04T12:13:03","slug":"serbie-mladic-sera-inhume-lundi-a-belgrade-bruxelles-ulcere-par-sa-glorification","status":"publish","type":"post","link":"https:\/\/www.justiceinfo.net\/fr\/164603-serbie-mladic-sera-inhume-lundi-a-belgrade-bruxelles-ulcere-par-sa-glorification.html","title":{"rendered":"Serbie : Mladic sera inhum\u00e9 lundi \u00e0 Belgrade, Bruxelles ulc\u00e9r\u00e9 par sa \"glorification\""},"content":{"rendered":"<p>\n             L'ex-chef militaire des Serbes de Bosnie Ratko Mladic, dont la d\u00e9pouille a \u00e9t\u00e9 accueillie avec les honneurs militaires \u00e0 Belgrade, ce que l'UE a d\u00e9nonc\u00e9 comme une \"glorification\" du criminel de guerre, sera inhum\u00e9 dans la capitale serbe lundi, a annonc\u00e9 son fils vendredi.\n<\/p>\n<p>\n            \"Les fun\u00e9railles de mon p\u00e8re auront lieu lundi 7 septembre, \u00e0 partir de 07H00 du matin\" (05h00 GMT), a d\u00e9clar\u00e9 Darko Mladic lors d'une conf\u00e9rence de presse \u00e0 Belgrade aux c\u00f4t\u00e9s du ministre serbe de la Justice.\n<\/p>\n<p>\n            Ratko Mladic est d\u00e9c\u00e9d\u00e9 la semaine derni\u00e8re \u00e0 la Haye o\u00f9 il purgeait une peine de prison pour g\u00e9nocide, crimes de guerre et crimes contre l'humanit\u00e9 commis pendant la guerre de Bosnie.\n<\/p>\n<p>\n            La d\u00e9pouille de Mladic, transport\u00e9e en Serbie par un avion gouvernemental, a \u00e9t\u00e9 accueillie jeudi \u00e0 Belgrade avec les honneurs militaires.\n<\/p>\n<p>\n            \"Je dis devant le monde entier que je suis fier du r\u00f4le jou\u00e9 par mon p\u00e8re\", a ajout\u00e9 Darko Mladic.\n<\/p>\n<p>\n            Le pr\u00e9sident serbe Aleksandar Vucic a auparavant estim\u00e9 que \"des dizaines de milliers\" de personnes pourraient venir assister \u00e0 ces obs\u00e8ques.\n<\/p>\n<p>\n            Le fils de Mladic a \u00e9galement r\u00e9it\u00e9r\u00e9 les accusations selon lesquelles la d\u00e9cision de ne pas lib\u00e9rer son p\u00e8re, et le rejet de la demande du gouvernement serbe de le transf\u00e9rer dans un h\u00f4pital de Belgrade pour y \u00eatre soign\u00e9, s'apparentaient \u00e0 \"un meurtre\".\n<\/p>\n<p>\n            \"Le point de vue de la famille est que le meurtre du g\u00e9n\u00e9ral Mladic a \u00e9t\u00e9 commis au Tribunal de La Haye\", a-t-il d\u00e9clar\u00e9, d\u00e9non\u00e7ant des soins m\u00e9dicaux selon lui n\u00e9gligents.\n<\/p>\n<p>\n            Le Tribunal de La Haye a rejet\u00e9 au cours des derniers mois plusieurs demandes de lib\u00e9ration pour raisons de sant\u00e9, assurant que les soins palliatifs dispens\u00e9s en d\u00e9tention \u00e9taient ad\u00e9quats.\n<\/p>\n<p>\n            - Un h\u00e9ros pour certains Serbes -\n<\/p>\n<p>\n            Ancien g\u00e9n\u00e9ral de l'arm\u00e9e des Serbes de Bosnie, Ratko Mladic \u00e9tait le bras militaire du trio qu'il formait avec l'ancien pr\u00e9sident yougoslave Slobodan Milosevic et le dirigeant politique des Serbes de Bosnie Radovan Karadzic.\n<\/p>\n<p>\n            La guerre de Bosnie a fait pr\u00e8s de 100.000 morts entre 1992 et 1995, et 2,2 millions de personnes ont \u00e9t\u00e9 d\u00e9plac\u00e9es.\n<\/p>\n<p>\n            Mladic a \u00e9t\u00e9 surnomm\u00e9 par les m\u00e9dias internationaux \"le boucher des Balkans\" pour son r\u00f4le dans le massacre de Srebrenica en 1995, la pire tuerie en Europe depuis la Seconde Guerre mondiale.\n<\/p>\n<p>\n            Il est consid\u00e9r\u00e9 par certains Serbes comme un h\u00e9ros, notamment dans l'entit\u00e9 serbe de Bosnie, o\u00f9 sa mort a \u00e9t\u00e9 marqu\u00e9e par des veill\u00e9es et des rassemblements.\n<\/p>\n<p>\n            Bien que les dirigeants serbes se soient largement abstenus de commenter le d\u00e9c\u00e8s de Ratko Mladic, des personnalit\u00e9s progouvernementales ont fait son \u00e9loge, la presse \u00e0 sensation y accordant une large couverture.\n<\/p>\n<p>\n            Lors du transport du cercueil de l'a\u00e9roport vers la capitale, le convoi a \u00e9t\u00e9 salu\u00e9 par des dizaines de jeunes hommes, rassembl\u00e9s sur des passerelles surplombant l'autoroute. Ils arboraient des banderoles rendant hommage \u00e0 Ratko Mladic et allumaient des fumig\u00e8nes, selon des images diffus\u00e9es par des m\u00e9dias proches du gouvernement.\n<\/p>\n<p>\n            Des policiers en uniforme ont \u00e9t\u00e9 vus en train de saluer le fourgon mortuaire.\n<\/p>\n<p>\n            - \"Incompatible avec les valeurs\" de l'UE -\n<\/p>\n<p>\n            La commissaire europ\u00e9enne Marta Kos, en charge de l'\u00e9largissement, a annul\u00e9 vendredi une visite pr\u00e9vue le 9 septembre en Serbie en raison de la \"glorification\" du criminel de guerre, au lendemain du rapatriement de sa d\u00e9pouille.\n<\/p>\n<p>\n            \"Ratko Mladic a \u00e9t\u00e9 condamn\u00e9 pour g\u00e9nocide, crimes contre l'humanit\u00e9 et crimes de guerre\", a rappel\u00e9 Mme Kos sur le r\u00e9seau social X. \"La glorification autour de son d\u00e9c\u00e8s est incompatible avec les valeurs sur lesquelles l'UE s'est construite\", et celles-ci ne sont \"pas n\u00e9gociables\", a-t-elle insist\u00e9.\n<\/p>\n<p>\n            Le pr\u00e9sident serbe Aleksandar Vucic, qui avait fait auparavant fait savoir qu'il n'assisterait pas aux fun\u00e9railles en raison d'un engagement pr\u00e9c\u00e9dent, a d\u00e9clar\u00e9 que les accusations de Mme Kos \u00e9taient \"stupides\".\n<\/p>\n<p>\n            \"\u00c9tions-nous suppos\u00e9s interdire les fun\u00e9railles ? Interdire aux gens d'y assister ? Ne pas r\u00e9guler la circulation ?\", a-t-il lanc\u00e9.\n<\/p>\n<p>\n            \"Marta Kos ne me fera pas la le\u00e7on sur qui est criminel et qui ne l'est pas\", a-t-il ajout\u00e9.\n<\/p>\n<p>\n            La pr\u00e9sident serbe a soulign\u00e9 qu'il avait discut\u00e9 avec la famille de Ratko Mladic et que c'est elle qui avait enti\u00e8rement organis\u00e9 les obs\u00e8ques.<\/p>\n","protected":false},"excerpt":{"rendered":"<p>L'ex-chef militaire des Serbes de Bosnie Ratko Mladic, dont la d\u00e9pouille a \u00e9t\u00e9 accueillie avec les honneurs militaires \u00e0 Belgrade, ce que l'UE a d\u00e9nonc\u00e9 comme une \"glorification\" du criminel de guerre, sera inhum\u00e9 dans la capitale serbe lundi, a annonc\u00e9 son fils vendredi. \"Les fun\u00e9railles de mon p\u00e8re auront lieu lundi 7 septembre, \u00e0 [&hellip;]<\/p>\n","protected":false},"author":60,"featured_media":0,"comment_status":"open","ping_status":"closed","sticky":false,"template":"","format":"standard","meta":{"_acf_changed":false,"footnotes":""},"categories":[2576],"tags":[],"ji_location":[],"class_list":["post-164603","post","type-post","status-publish","format-standard","hentry","category-fil-d-actualite"],"acf":[],"yoast_head":"<!-- This site is optimized with the Yoast SEO Premium plugin v25.3.1 (Yoast SEO v25.3.1) - https:\/\/yoast.com\/wordpress\/plugins\/seo\/ -->\n<title>Serbie : Mladic sera inhum\u00e9 lundi \u00e0 Belgrade, Bruxelles ulc\u00e9r\u00e9 par sa &quot;glorification&quot; - JusticeInfo.net<\/title>\n<meta name=\"robots\" content=\"index, follow, max-snippet:-1, max-image-preview:large, max-video-preview:-1\" \/>\n<link rel=\"canonical\" href=\"https:\/\/www.justiceinfo.net\/fr\/164603-serbie-mladic-sera-inhume-lundi-a-belgrade-bruxelles-ulcere-par-sa-glorification.html\" \/>\n<meta property=\"og:locale\" content=\"fr_FR\" \/>\n<meta property=\"og:type\" content=\"article\" \/>\n<meta property=\"og:title\" content=\"Serbie : Mladic sera inhum\u00e9 lundi \u00e0 Belgrade, Bruxelles ulc\u00e9r\u00e9 par sa &quot;glorification&quot;\" \/>\n<meta property=\"og:description\" content=\"L&#039;ex-chef militaire des Serbes de Bosnie Ratko Mladic, dont la d\u00e9pouille a \u00e9t\u00e9 accueillie avec les honneurs militaires \u00e0 Belgrade, ce que l&#039;UE a d\u00e9nonc\u00e9 comme une &quot;glorification&quot; du criminel de guerre, sera inhum\u00e9 dans la capitale serbe lundi, a annonc\u00e9 son fils vendredi. &quot;Les fun\u00e9railles de mon p\u00e8re auront lieu lundi 7 septembre, \u00e0 [&hellip;]\" \/>\n<meta property=\"og:url\" content=\"https:\/\/www.justiceinfo.net\/fr\/164603-serbie-mladic-sera-inhume-lundi-a-belgrade-bruxelles-ulcere-par-sa-glorification.html\" \/>\n<meta property=\"og:site_name\" content=\"JusticeInfo.net\" \/>\n<meta property=\"article:publisher\" content=\"https:\/\/www.facebook.com\/JusticeInfo\/\" \/>\n<meta property=\"article:published_time\" content=\"2026-09-04T12:13:03+00:00\" \/>\n<meta property=\"og:image\" content=\"https:\/\/www.justiceinfo.net\/wp-content\/uploads\/JusticeInfoNet_logo_1200x630px.jpg\" \/>\n\t<meta property=\"og:image:width\" content=\"1200\" \/>\n\t<meta property=\"og:image:height\" content=\"630\" \/>\n\t<meta property=\"og:image:type\" content=\"image\/jpeg\" \/>\n<meta name=\"author\" content=\"afp\" \/>\n<meta name=\"twitter:card\" content=\"summary_large_image\" \/>\n<meta name=\"twitter:creator\" content=\"@justiceinfonet\" \/>\n<meta name=\"twitter:site\" content=\"@justiceinfonet\" \/>\n<meta name=\"twitter:label1\" content=\"\u00c9crit par\" \/>\n\t<meta name=\"twitter:data1\" content=\"afp\" \/>\n\t<meta name=\"twitter:label2\" content=\"Dur\u00e9e de lecture estim\u00e9e\" \/>\n\t<meta name=\"twitter:data2\" content=\"4 minutes\" \/>\n<script type=\"application\/ld+json\" class=\"yoast-schema-graph\">{\"@context\":\"https:\/\/schema.org\",\"@graph\":[{\"@type\":\"NewsArticle\",\"@id\":\"https:\/\/www.justiceinfo.net\/fr\/164603-serbie-mladic-sera-inhume-lundi-a-belgrade-bruxelles-ulcere-par-sa-glorification.html#article\",\"isPartOf\":{\"@id\":\"https:\/\/www.justiceinfo.net\/fr\/164603-serbie-mladic-sera-inhume-lundi-a-belgrade-bruxelles-ulcere-par-sa-glorification.html\"},\"author\":{\"name\":\"afp\",\"@id\":\"https:\/\/www.justiceinfo.net\/fr#\/schema\/person\/713d340ef5f218fc36ce9b4244364a7f\"},\"headline\":\"Serbie : Mladic sera inhum\u00e9 lundi \u00e0 Belgrade, Bruxelles ulc\u00e9r\u00e9 par sa \\\"glorification\\\"\",\"datePublished\":\"2026-09-04T12:13:03+00:00\",\"mainEntityOfPage\":{\"@id\":\"https:\/\/www.justiceinfo.net\/fr\/164603-serbie-mladic-sera-inhume-lundi-a-belgrade-bruxelles-ulcere-par-sa-glorification.html\"},\"wordCount\":777,\"commentCount\":0,\"publisher\":{\"@id\":\"https:\/\/www.justiceinfo.net\/fr#organization\"},\"articleSection\":[\"Fil d'info AFP\"],\"inLanguage\":\"fr-FR\",\"potentialAction\":[{\"@type\":\"CommentAction\",\"name\":\"Comment\",\"target\":[\"https:\/\/www.justiceinfo.net\/fr\/164603-serbie-mladic-sera-inhume-lundi-a-belgrade-bruxelles-ulcere-par-sa-glorification.html#respond\"]}]},{\"@type\":\"WebPage\",\"@id\":\"https:\/\/www.justiceinfo.net\/fr\/164603-serbie-mladic-sera-inhume-lundi-a-belgrade-bruxelles-ulcere-par-sa-glorification.html\",\"url\":\"https:\/\/www.justiceinfo.net\/fr\/164603-serbie-mladic-sera-inhume-lundi-a-belgrade-bruxelles-ulcere-par-sa-glorification.html\",\"name\":\"Serbie : Mladic sera inhum\u00e9 lundi \u00e0 Belgrade, Bruxelles ulc\u00e9r\u00e9 par sa \\\"glorification\\\" - JusticeInfo.net\",\"isPartOf\":{\"@id\":\"https:\/\/www.justiceinfo.net\/fr#website\"},\"datePublished\":\"2026-09-04T12:13:03+00:00\",\"breadcrumb\":{\"@id\":\"https:\/\/www.justiceinfo.net\/fr\/164603-serbie-mladic-sera-inhume-lundi-a-belgrade-bruxelles-ulcere-par-sa-glorification.html#breadcrumb\"},\"inLanguage\":\"fr-FR\",\"potentialAction\":[{\"@type\":\"ReadAction\",\"target\":[\"https:\/\/www.justiceinfo.net\/fr\/164603-serbie-mladic-sera-inhume-lundi-a-belgrade-bruxelles-ulcere-par-sa-glorification.html\"]}]},{\"@type\":\"BreadcrumbList\",\"@id\":\"https:\/\/www.justiceinfo.net\/fr\/164603-serbie-mladic-sera-inhume-lundi-a-belgrade-bruxelles-ulcere-par-sa-glorification.html#breadcrumb\",\"itemListElement\":[{\"@type\":\"ListItem\",\"position\":1,\"name\":\"Home\",\"item\":\"https:\/\/www.justiceinfo.net\/fr\"},{\"@type\":\"ListItem\",\"position\":2,\"name\":\"Serbie : Mladic sera inhum\u00e9 lundi \u00e0 Belgrade, Bruxelles ulc\u00e9r\u00e9 par sa \\\"glorification\\\"\"}]},{\"@type\":\"WebSite\",\"@id\":\"https:\/\/www.justiceinfo.net\/fr#website\",\"url\":\"https:\/\/www.justiceinfo.net\/fr\",\"name\":\"JusticeInfo.net\",\"description\":\"La justice doit \u00eatre vue pour \u00eatre rendue\",\"publisher\":{\"@id\":\"https:\/\/www.justiceinfo.net\/fr#organization\"},\"potentialAction\":[{\"@type\":\"SearchAction\",\"target\":{\"@type\":\"EntryPoint\",\"urlTemplate\":\"https:\/\/www.justiceinfo.net\/fr?s={search_term_string}\"},\"query-input\":{\"@type\":\"PropertyValueSpecification\",\"valueRequired\":true,\"valueName\":\"search_term_string\"}}],\"inLanguage\":\"fr-FR\"},{\"@type\":\"Organization\",\"@id\":\"https:\/\/www.justiceinfo.net\/fr#organization\",\"name\":\"Justice Info\",\"url\":\"https:\/\/www.justiceinfo.net\/fr\",\"logo\":{\"@type\":\"ImageObject\",\"inLanguage\":\"fr-FR\",\"@id\":\"https:\/\/www.justiceinfo.net\/fr#\/schema\/logo\/image\/\",\"url\":\"https:\/\/www.justiceinfo.net\/wp-content\/uploads\/justiceinfo_logo-trans_1200x1200px.png\",\"contentUrl\":\"https:\/\/www.justiceinfo.net\/wp-content\/uploads\/justiceinfo_logo-trans_1200x1200px.png\",\"width\":1199,\"height\":1200,\"caption\":\"Justice Info\"},\"image\":{\"@id\":\"https:\/\/www.justiceinfo.net\/fr#\/schema\/logo\/image\/\"},\"sameAs\":[\"https:\/\/www.facebook.com\/JusticeInfo\/\",\"https:\/\/x.com\/justiceinfonet\",\"https:\/\/www.linkedin.com\/company\/justice-info\",\"https:\/\/www.youtube.com\/channel\/UCyCEsARodyuWtkWyhn-e7pA\"]},{\"@type\":\"Person\",\"name\":\"afp\",\"url\":\"\/fr\/?s=afp\"}]}<\/script>\n<!-- \/ Yoast SEO Premium plugin. -->","yoast_head_json":{"title":"Serbie : Mladic sera inhum\u00e9 lundi \u00e0 Belgrade, Bruxelles ulc\u00e9r\u00e9 par sa \"glorification\" - JusticeInfo.net","robots":{"index":"index","follow":"follow","max-snippet":"max-snippet:-1","max-image-preview":"max-image-preview:large","max-video-preview":"max-video-preview:-1"},"canonical":"https:\/\/www.justiceinfo.net\/fr\/164603-serbie-mladic-sera-inhume-lundi-a-belgrade-bruxelles-ulcere-par-sa-glorification.html","og_locale":"fr_FR","og_type":"article","og_title":"Serbie : Mladic sera inhum\u00e9 lundi \u00e0 Belgrade, Bruxelles ulc\u00e9r\u00e9 par sa \"glorification\"","og_description":"L'ex-chef militaire des Serbes de Bosnie Ratko Mladic, dont la d\u00e9pouille a \u00e9t\u00e9 accueillie avec les honneurs militaires \u00e0 Belgrade, ce que l'UE a d\u00e9nonc\u00e9 comme une \"glorification\" du criminel de guerre, sera inhum\u00e9 dans la capitale serbe lundi, a annonc\u00e9 son fils vendredi. \"Les fun\u00e9railles de mon p\u00e8re auront lieu lundi 7 septembre, \u00e0 [&hellip;]","og_url":"https:\/\/www.justiceinfo.net\/fr\/164603-serbie-mladic-sera-inhume-lundi-a-belgrade-bruxelles-ulcere-par-sa-glorification.html","og_site_name":"JusticeInfo.net","article_publisher":"https:\/\/www.facebook.com\/JusticeInfo\/","article_published_time":"2026-09-04T12:13:03+00:00","og_image":[{"width":1200,"height":630,"url":"https:\/\/www.justiceinfo.net\/wp-content\/uploads\/JusticeInfoNet_logo_1200x630px.jpg","type":"image\/jpeg"}],"author":"afp","twitter_card":"summary_large_image","twitter_creator":"@justiceinfonet","twitter_site":"@justiceinfonet","twitter_misc":{"\u00c9crit par":"afp","Dur\u00e9e de lecture estim\u00e9e":"4 minutes"},"schema":{"@context":"https:\/\/schema.org","@graph":[{"@type":"NewsArticle","@id":"https:\/\/www.justiceinfo.net\/fr\/164603-serbie-mladic-sera-inhume-lundi-a-belgrade-bruxelles-ulcere-par-sa-glorification.html#article","isPartOf":{"@id":"https:\/\/www.justiceinfo.net\/fr\/164603-serbie-mladic-sera-inhume-lundi-a-belgrade-bruxelles-ulcere-par-sa-glorification.html"},"author":{"name":"afp","@id":"https:\/\/www.justiceinfo.net\/fr#\/schema\/person\/713d340ef5f218fc36ce9b4244364a7f"},"headline":"Serbie : Mladic sera inhum\u00e9 lundi \u00e0 Belgrade, Bruxelles ulc\u00e9r\u00e9 par sa \"glorification\"","datePublished":"2026-09-04T12:13:03+00:00","mainEntityOfPage":{"@id":"https:\/\/www.justiceinfo.net\/fr\/164603-serbie-mladic-sera-inhume-lundi-a-belgrade-bruxelles-ulcere-par-sa-glorification.html"},"wordCount":777,"commentCount":0,"publisher":{"@id":"https:\/\/www.justiceinfo.net\/fr#organization"},"articleSection":["Fil d'info AFP"],"inLanguage":"fr-FR","potentialAction":[{"@type":"CommentAction","name":"Comment","target":["https:\/\/www.justiceinfo.net\/fr\/164603-serbie-mladic-sera-inhume-lundi-a-belgrade-bruxelles-ulcere-par-sa-glorification.html#respond"]}]},{"@type":"WebPage","@id":"https:\/\/www.justiceinfo.net\/fr\/164603-serbie-mladic-sera-inhume-lundi-a-belgrade-bruxelles-ulcere-par-sa-glorification.html","url":"https:\/\/www.justiceinfo.net\/fr\/164603-serbie-mladic-sera-inhume-lundi-a-belgrade-bruxelles-ulcere-par-sa-glorification.html","name":"Serbie : Mladic sera inhum\u00e9 lundi \u00e0 Belgrade, Bruxelles ulc\u00e9r\u00e9 par sa \"glorification\" - JusticeInfo.net","isPartOf":{"@id":"https:\/\/www.justiceinfo.net\/fr#website"},"datePublished":"2026-09-04T12:13:03+00:00","breadcrumb":{"@id":"https:\/\/www.justiceinfo.net\/fr\/164603-serbie-mladic-sera-inhume-lundi-a-belgrade-bruxelles-ulcere-par-sa-glorification.html#breadcrumb"},"inLanguage":"fr-FR","potentialAction":[{"@type":"ReadAction","target":["https:\/\/www.justiceinfo.net\/fr\/164603-serbie-mladic-sera-inhume-lundi-a-belgrade-bruxelles-ulcere-par-sa-glorification.html"]}]},{"@type":"BreadcrumbList","@id":"https:\/\/www.justiceinfo.net\/fr\/164603-serbie-mladic-sera-inhume-lundi-a-belgrade-bruxelles-ulcere-par-sa-glorification.html#breadcrumb","itemListElement":[{"@type":"ListItem","position":1,"name":"Home","item":"https:\/\/www.justiceinfo.net\/fr"},{"@type":"ListItem","position":2,"name":"Serbie : Mladic sera inhum\u00e9 lundi \u00e0 Belgrade, Bruxelles ulc\u00e9r\u00e9 par sa \"glorification\""}]},{"@type":"WebSite","@id":"https:\/\/www.justiceinfo.net\/fr#website","url":"https:\/\/www.justiceinfo.net\/fr","name":"JusticeInfo.net","description":"La justice doit \u00eatre vue pour \u00eatre rendue","publisher":{"@id":"https:\/\/www.justiceinfo.net\/fr#organization"},"potentialAction":[{"@type":"SearchAction","target":{"@type":"EntryPoint","urlTemplate":"https:\/\/www.justiceinfo.net\/fr?s={search_term_string}"},"query-input":{"@type":"PropertyValueSpecification","valueRequired":true,"valueName":"search_term_string"}}],"inLanguage":"fr-FR"},{"@type":"Organization","@id":"https:\/\/www.justiceinfo.net\/fr#organization","name":"Justice Info","url":"https:\/\/www.justiceinfo.net\/fr","logo":{"@type":"ImageObject","inLanguage":"fr-FR","@id":"https:\/\/www.justiceinfo.net\/fr#\/schema\/logo\/image\/","url":"https:\/\/www.justiceinfo.net\/wp-content\/uploads\/justiceinfo_logo-trans_1200x1200px.png","contentUrl":"https:\/\/www.justiceinfo.net\/wp-content\/uploads\/justiceinfo_logo-trans_1200x1200px.png","width":1199,"height":1200,"caption":"Justice Info"},"image":{"@id":"https:\/\/www.justiceinfo.net\/fr#\/schema\/logo\/image\/"},"sameAs":["https:\/\/www.facebook.com\/JusticeInfo\/","https:\/\/x.com\/justiceinfonet","https:\/\/www.linkedin.com\/company\/justice-info","https:\/\/www.youtube.com\/channel\/UCyCEsARodyuWtkWyhn-e7pA"]},{"@type":"Person","name":"afp","url":"\/fr\/?s=afp"}]}},"_links":{"self":[{"href":"https:\/\/www.justiceinfo.net\/fr\/wp-json\/wp\/v2\/posts\/164603","targetHints":{"allow":["GET"]}}],"collection":[{"href":"https:\/\/www.justiceinfo.net\/fr\/wp-json\/wp\/v2\/posts"}],"about":[{"href":"https:\/\/www.justiceinfo.net\/fr\/wp-json\/wp\/v2\/types\/post"}],"author":[{"embeddable":true,"href":"https:\/\/www.justiceinfo.net\/fr\/wp-json\/wp\/v2\/users\/60"}],"replies":[{"embeddable":true,"href":"https:\/\/www.justiceinfo.net\/fr\/wp-json\/wp\/v2\/comments?post=164603"}],"version-history":[{"count":0,"href":"https:\/\/www.justiceinfo.net\/fr\/wp-json\/wp\/v2\/posts\/164603\/revisions"}],"wp:attachment":[{"href":"https:\/\/www.justiceinfo.net\/fr\/wp-json\/wp\/v2\/media?parent=164603"}],"wp:term":[{"taxonomy":"category","embeddable":true,"href":"https:\/\/www.justiceinfo.net\/fr\/wp-json\/wp\/v2\/categories?post=164603"},{"taxonomy":"post_tag","embeddable":true,"href":"https:\/\/www.justiceinfo.net\/fr\/wp-json\/wp\/v2\/tags?post=164603"},{"taxonomy":"ji_location","embeddable":true,"href":"https:\/\/www.justiceinfo.net\/fr\/wp-json\/wp\/v2\/ji_location?post=164603"}],"curies":[{"name":"wp","href":"https:\/\/api.w.org\/{rel}","templated":true}]}}