{"id":164606,"date":"2026-09-04T14:58:03","date_gmt":"2026-09-04T12:58:03","guid":{"rendered":"https:\/\/www.justiceinfo.net\/164606-ukraine-une-prix-nobel-de-la-paix-denonce-loubli-des-civils-dans-la-mediation-americaine.html"},"modified":"2026-09-04T14:58:03","modified_gmt":"2026-09-04T12:58:03","slug":"ukraine-une-prix-nobel-de-la-paix-denonce-loubli-des-civils-dans-la-mediation-americaine","status":"publish","type":"post","link":"https:\/\/www.justiceinfo.net\/fr\/164606-ukraine-une-prix-nobel-de-la-paix-denonce-loubli-des-civils-dans-la-mediation-americaine.html","title":{"rendered":"Ukraine: une Prix Nobel de la paix d\u00e9nonce l'oubli des civils dans la m\u00e9diation am\u00e9ricaine"},"content":{"rendered":"<p>\n             L'Ukrainienne Oleksandra Matvi\u00eftchouk, dont l'ONG est colaur\u00e9ate du prix Nobel de la paix 2022, a appel\u00e9 vendredi \u00e0 remettre le sort des civils ukrainiens au coeur des n\u00e9gociations conduites par Washington entre la Russie et l'Ukraine, deux jours avant une visite d'\u00e9missaires \u00e0 Kiev.\n<\/p>\n<p>\n            \"Le probl\u00e8me est que, dans les n\u00e9gociations de paix, nous avons totalement perdu de vue la dimension humaine\", a d\u00e9plor\u00e9 \u00e0 Paris Mme Matvi\u00eftchouk, \u00e0 la t\u00eate du Centre pour les libert\u00e9s civiles (CCL) qui documente les crimes de guerre commis par les troupes russes en Ukraine.\n<\/p>\n<p>\n            \"Les n\u00e9gociateurs am\u00e9ricains se concentrent sur les ressources naturelles, les int\u00e9r\u00eats g\u00e9opolitiques, voire sur la vision de l'histoire ukrainienne selon Poutine, mais pas sur les gens. Lorsqu'ils \u00e9voquent les territoires occup\u00e9s, on a l'impression qu'ils les imaginent vides\", a-t-elle critiqu\u00e9 lors d'une conf\u00e9rence organis\u00e9e par le minist\u00e8re fran\u00e7ais des Affaires \u00e9trang\u00e8res.\n<\/p>\n<p>\n            \"Or, ce ne sont pas des espaces vides: des millions d'Ukrainiens y vivent\", a-t-elle ajout\u00e9, ajoutant que \"l'occupation russe est synonyme de disparitions forc\u00e9es, de torture, de viols, de n\u00e9gation de l'identit\u00e9, d'adoption forc\u00e9e de ses propres enfants, de camps de filtration et de fosses communes\".\n<\/p>\n<p>\n            \"Il nous faut donc modifier l'ordre du jour et replacer la dimension humaine au coeur de la table des n\u00e9gociations. Sans cela, nous ne trouverons jamais la voie d'une paix durable\", a affirm\u00e9 la militante, qui dit avoir recens\u00e9 plus de 100.000 cas de crimes de guerre.\n<\/p>\n<p>\n            Les \u00e9missaires du pr\u00e9sident Donald Trump, Steve Witkoff et Jared Kushner, sont attendus pour une premi\u00e8re visite dans le cadre de la tentative de m\u00e9diation am\u00e9ricaine pour mettre fin \u00e0 la guerre meurtri\u00e8re d\u00e9clench\u00e9e par l'invasion russe de 2022.\n<\/p>\n<p>\n            Les responsables, qui se sont d\u00e9j\u00e0 rendus \u00e0 Moscou \u00e0 plusieurs reprises et dont le voyage \u00e0 Kiev est n\u00e9goci\u00e9 depuis des mois, se rendront dans la capitale ukrainienne \"dimanche\", a indiqu\u00e9 vendredi \u00e0 l'AFP un haut responsable ukrainien.<\/p>\n","protected":false},"excerpt":{"rendered":"<p>L'Ukrainienne Oleksandra Matvi\u00eftchouk, dont l'ONG est colaur\u00e9ate du prix Nobel de la paix 2022, a appel\u00e9 vendredi \u00e0 remettre le sort des civils ukrainiens au coeur des n\u00e9gociations conduites par Washington entre la Russie et l'Ukraine, deux jours avant une visite d'\u00e9missaires \u00e0 Kiev. \"Le probl\u00e8me est que, dans les n\u00e9gociations de paix, nous avons [&hellip;]<\/p>\n","protected":false},"author":60,"featured_media":0,"comment_status":"open","ping_status":"closed","sticky":false,"template":"","format":"standard","meta":{"_acf_changed":false,"footnotes":""},"categories":[2576],"tags":[],"ji_location":[],"class_list":["post-164606","post","type-post","status-publish","format-standard","hentry","category-fil-d-actualite"],"acf":[],"yoast_head":"<!-- This site is optimized with the Yoast SEO Premium plugin v25.3.1 (Yoast SEO v25.3.1) - https:\/\/yoast.com\/wordpress\/plugins\/seo\/ -->\n<title>Ukraine: une Prix Nobel de la paix d\u00e9nonce l&#039;oubli des civils dans la m\u00e9diation am\u00e9ricaine - JusticeInfo.net<\/title>\n<meta name=\"robots\" content=\"index, follow, max-snippet:-1, max-image-preview:large, max-video-preview:-1\" \/>\n<link rel=\"canonical\" href=\"https:\/\/www.justiceinfo.net\/fr\/164606-ukraine-une-prix-nobel-de-la-paix-denonce-loubli-des-civils-dans-la-mediation-americaine.html\" \/>\n<meta property=\"og:locale\" content=\"fr_FR\" \/>\n<meta property=\"og:type\" content=\"article\" \/>\n<meta property=\"og:title\" content=\"Ukraine: une Prix Nobel de la paix d\u00e9nonce l&#039;oubli des civils dans la m\u00e9diation am\u00e9ricaine\" \/>\n<meta property=\"og:description\" content=\"L&#039;Ukrainienne Oleksandra Matvi\u00eftchouk, dont l&#039;ONG est colaur\u00e9ate du prix Nobel de la paix 2022, a appel\u00e9 vendredi \u00e0 remettre le sort des civils ukrainiens au coeur des n\u00e9gociations conduites par Washington entre la Russie et l&#039;Ukraine, deux jours avant une visite d&#039;\u00e9missaires \u00e0 Kiev. &quot;Le probl\u00e8me est que, dans les n\u00e9gociations de paix, nous avons [&hellip;]\" \/>\n<meta property=\"og:url\" content=\"https:\/\/www.justiceinfo.net\/fr\/164606-ukraine-une-prix-nobel-de-la-paix-denonce-loubli-des-civils-dans-la-mediation-americaine.html\" \/>\n<meta property=\"og:site_name\" content=\"JusticeInfo.net\" \/>\n<meta property=\"article:publisher\" content=\"https:\/\/www.facebook.com\/JusticeInfo\/\" \/>\n<meta property=\"article:published_time\" content=\"2026-09-04T12:58:03+00:00\" \/>\n<meta property=\"og:image\" content=\"https:\/\/www.justiceinfo.net\/wp-content\/uploads\/JusticeInfoNet_logo_1200x630px.jpg\" \/>\n\t<meta property=\"og:image:width\" content=\"1200\" \/>\n\t<meta property=\"og:image:height\" content=\"630\" \/>\n\t<meta property=\"og:image:type\" content=\"image\/jpeg\" \/>\n<meta name=\"author\" content=\"afp\" \/>\n<meta name=\"twitter:card\" content=\"summary_large_image\" \/>\n<meta name=\"twitter:creator\" content=\"@justiceinfonet\" \/>\n<meta name=\"twitter:site\" content=\"@justiceinfonet\" \/>\n<meta name=\"twitter:label1\" content=\"\u00c9crit par\" \/>\n\t<meta name=\"twitter:data1\" content=\"afp\" \/>\n\t<meta name=\"twitter:label2\" content=\"Dur\u00e9e de lecture estim\u00e9e\" \/>\n\t<meta name=\"twitter:data2\" content=\"2 minutes\" \/>\n<script type=\"application\/ld+json\" class=\"yoast-schema-graph\">{\"@context\":\"https:\/\/schema.org\",\"@graph\":[{\"@type\":\"NewsArticle\",\"@id\":\"https:\/\/www.justiceinfo.net\/fr\/164606-ukraine-une-prix-nobel-de-la-paix-denonce-loubli-des-civils-dans-la-mediation-americaine.html#article\",\"isPartOf\":{\"@id\":\"https:\/\/www.justiceinfo.net\/fr\/164606-ukraine-une-prix-nobel-de-la-paix-denonce-loubli-des-civils-dans-la-mediation-americaine.html\"},\"author\":{\"name\":\"afp\",\"@id\":\"https:\/\/www.justiceinfo.net\/fr#\/schema\/person\/713d340ef5f218fc36ce9b4244364a7f\"},\"headline\":\"Ukraine: une Prix Nobel de la paix d\u00e9nonce l'oubli des civils dans la m\u00e9diation am\u00e9ricaine\",\"datePublished\":\"2026-09-04T12:58:03+00:00\",\"mainEntityOfPage\":{\"@id\":\"https:\/\/www.justiceinfo.net\/fr\/164606-ukraine-une-prix-nobel-de-la-paix-denonce-loubli-des-civils-dans-la-mediation-americaine.html\"},\"wordCount\":370,\"commentCount\":0,\"publisher\":{\"@id\":\"https:\/\/www.justiceinfo.net\/fr#organization\"},\"articleSection\":[\"Fil d'info AFP\"],\"inLanguage\":\"fr-FR\",\"potentialAction\":[{\"@type\":\"CommentAction\",\"name\":\"Comment\",\"target\":[\"https:\/\/www.justiceinfo.net\/fr\/164606-ukraine-une-prix-nobel-de-la-paix-denonce-loubli-des-civils-dans-la-mediation-americaine.html#respond\"]}]},{\"@type\":\"WebPage\",\"@id\":\"https:\/\/www.justiceinfo.net\/fr\/164606-ukraine-une-prix-nobel-de-la-paix-denonce-loubli-des-civils-dans-la-mediation-americaine.html\",\"url\":\"https:\/\/www.justiceinfo.net\/fr\/164606-ukraine-une-prix-nobel-de-la-paix-denonce-loubli-des-civils-dans-la-mediation-americaine.html\",\"name\":\"Ukraine: une Prix Nobel de la paix d\u00e9nonce l'oubli des civils dans la m\u00e9diation am\u00e9ricaine - JusticeInfo.net\",\"isPartOf\":{\"@id\":\"https:\/\/www.justiceinfo.net\/fr#website\"},\"datePublished\":\"2026-09-04T12:58:03+00:00\",\"breadcrumb\":{\"@id\":\"https:\/\/www.justiceinfo.net\/fr\/164606-ukraine-une-prix-nobel-de-la-paix-denonce-loubli-des-civils-dans-la-mediation-americaine.html#breadcrumb\"},\"inLanguage\":\"fr-FR\",\"potentialAction\":[{\"@type\":\"ReadAction\",\"target\":[\"https:\/\/www.justiceinfo.net\/fr\/164606-ukraine-une-prix-nobel-de-la-paix-denonce-loubli-des-civils-dans-la-mediation-americaine.html\"]}]},{\"@type\":\"BreadcrumbList\",\"@id\":\"https:\/\/www.justiceinfo.net\/fr\/164606-ukraine-une-prix-nobel-de-la-paix-denonce-loubli-des-civils-dans-la-mediation-americaine.html#breadcrumb\",\"itemListElement\":[{\"@type\":\"ListItem\",\"position\":1,\"name\":\"Home\",\"item\":\"https:\/\/www.justiceinfo.net\/fr\"},{\"@type\":\"ListItem\",\"position\":2,\"name\":\"Ukraine: une Prix Nobel de la paix d\u00e9nonce l'oubli des civils dans la m\u00e9diation am\u00e9ricaine\"}]},{\"@type\":\"WebSite\",\"@id\":\"https:\/\/www.justiceinfo.net\/fr#website\",\"url\":\"https:\/\/www.justiceinfo.net\/fr\",\"name\":\"JusticeInfo.net\",\"description\":\"La justice doit \u00eatre vue pour \u00eatre rendue\",\"publisher\":{\"@id\":\"https:\/\/www.justiceinfo.net\/fr#organization\"},\"potentialAction\":[{\"@type\":\"SearchAction\",\"target\":{\"@type\":\"EntryPoint\",\"urlTemplate\":\"https:\/\/www.justiceinfo.net\/fr?s={search_term_string}\"},\"query-input\":{\"@type\":\"PropertyValueSpecification\",\"valueRequired\":true,\"valueName\":\"search_term_string\"}}],\"inLanguage\":\"fr-FR\"},{\"@type\":\"Organization\",\"@id\":\"https:\/\/www.justiceinfo.net\/fr#organization\",\"name\":\"Justice Info\",\"url\":\"https:\/\/www.justiceinfo.net\/fr\",\"logo\":{\"@type\":\"ImageObject\",\"inLanguage\":\"fr-FR\",\"@id\":\"https:\/\/www.justiceinfo.net\/fr#\/schema\/logo\/image\/\",\"url\":\"https:\/\/www.justiceinfo.net\/wp-content\/uploads\/justiceinfo_logo-trans_1200x1200px.png\",\"contentUrl\":\"https:\/\/www.justiceinfo.net\/wp-content\/uploads\/justiceinfo_logo-trans_1200x1200px.png\",\"width\":1199,\"height\":1200,\"caption\":\"Justice Info\"},\"image\":{\"@id\":\"https:\/\/www.justiceinfo.net\/fr#\/schema\/logo\/image\/\"},\"sameAs\":[\"https:\/\/www.facebook.com\/JusticeInfo\/\",\"https:\/\/x.com\/justiceinfonet\",\"https:\/\/www.linkedin.com\/company\/justice-info\",\"https:\/\/www.youtube.com\/channel\/UCyCEsARodyuWtkWyhn-e7pA\"]},{\"@type\":\"Person\",\"name\":\"afp\",\"url\":\"\/fr\/?s=afp\"}]}<\/script>\n<!-- \/ Yoast SEO Premium plugin. -->","yoast_head_json":{"title":"Ukraine: une Prix Nobel de la paix d\u00e9nonce l'oubli des civils dans la m\u00e9diation am\u00e9ricaine - JusticeInfo.net","robots":{"index":"index","follow":"follow","max-snippet":"max-snippet:-1","max-image-preview":"max-image-preview:large","max-video-preview":"max-video-preview:-1"},"canonical":"https:\/\/www.justiceinfo.net\/fr\/164606-ukraine-une-prix-nobel-de-la-paix-denonce-loubli-des-civils-dans-la-mediation-americaine.html","og_locale":"fr_FR","og_type":"article","og_title":"Ukraine: une Prix Nobel de la paix d\u00e9nonce l'oubli des civils dans la m\u00e9diation am\u00e9ricaine","og_description":"L'Ukrainienne Oleksandra Matvi\u00eftchouk, dont l'ONG est colaur\u00e9ate du prix Nobel de la paix 2022, a appel\u00e9 vendredi \u00e0 remettre le sort des civils ukrainiens au coeur des n\u00e9gociations conduites par Washington entre la Russie et l'Ukraine, deux jours avant une visite d'\u00e9missaires \u00e0 Kiev. \"Le probl\u00e8me est que, dans les n\u00e9gociations de paix, nous avons [&hellip;]","og_url":"https:\/\/www.justiceinfo.net\/fr\/164606-ukraine-une-prix-nobel-de-la-paix-denonce-loubli-des-civils-dans-la-mediation-americaine.html","og_site_name":"JusticeInfo.net","article_publisher":"https:\/\/www.facebook.com\/JusticeInfo\/","article_published_time":"2026-09-04T12:58:03+00:00","og_image":[{"width":1200,"height":630,"url":"https:\/\/www.justiceinfo.net\/wp-content\/uploads\/JusticeInfoNet_logo_1200x630px.jpg","type":"image\/jpeg"}],"author":"afp","twitter_card":"summary_large_image","twitter_creator":"@justiceinfonet","twitter_site":"@justiceinfonet","twitter_misc":{"\u00c9crit par":"afp","Dur\u00e9e de lecture estim\u00e9e":"2 minutes"},"schema":{"@context":"https:\/\/schema.org","@graph":[{"@type":"NewsArticle","@id":"https:\/\/www.justiceinfo.net\/fr\/164606-ukraine-une-prix-nobel-de-la-paix-denonce-loubli-des-civils-dans-la-mediation-americaine.html#article","isPartOf":{"@id":"https:\/\/www.justiceinfo.net\/fr\/164606-ukraine-une-prix-nobel-de-la-paix-denonce-loubli-des-civils-dans-la-mediation-americaine.html"},"author":{"name":"afp","@id":"https:\/\/www.justiceinfo.net\/fr#\/schema\/person\/713d340ef5f218fc36ce9b4244364a7f"},"headline":"Ukraine: une Prix Nobel de la paix d\u00e9nonce l'oubli des civils dans la m\u00e9diation am\u00e9ricaine","datePublished":"2026-09-04T12:58:03+00:00","mainEntityOfPage":{"@id":"https:\/\/www.justiceinfo.net\/fr\/164606-ukraine-une-prix-nobel-de-la-paix-denonce-loubli-des-civils-dans-la-mediation-americaine.html"},"wordCount":370,"commentCount":0,"publisher":{"@id":"https:\/\/www.justiceinfo.net\/fr#organization"},"articleSection":["Fil d'info AFP"],"inLanguage":"fr-FR","potentialAction":[{"@type":"CommentAction","name":"Comment","target":["https:\/\/www.justiceinfo.net\/fr\/164606-ukraine-une-prix-nobel-de-la-paix-denonce-loubli-des-civils-dans-la-mediation-americaine.html#respond"]}]},{"@type":"WebPage","@id":"https:\/\/www.justiceinfo.net\/fr\/164606-ukraine-une-prix-nobel-de-la-paix-denonce-loubli-des-civils-dans-la-mediation-americaine.html","url":"https:\/\/www.justiceinfo.net\/fr\/164606-ukraine-une-prix-nobel-de-la-paix-denonce-loubli-des-civils-dans-la-mediation-americaine.html","name":"Ukraine: une Prix Nobel de la paix d\u00e9nonce l'oubli des civils dans la m\u00e9diation am\u00e9ricaine - JusticeInfo.net","isPartOf":{"@id":"https:\/\/www.justiceinfo.net\/fr#website"},"datePublished":"2026-09-04T12:58:03+00:00","breadcrumb":{"@id":"https:\/\/www.justiceinfo.net\/fr\/164606-ukraine-une-prix-nobel-de-la-paix-denonce-loubli-des-civils-dans-la-mediation-americaine.html#breadcrumb"},"inLanguage":"fr-FR","potentialAction":[{"@type":"ReadAction","target":["https:\/\/www.justiceinfo.net\/fr\/164606-ukraine-une-prix-nobel-de-la-paix-denonce-loubli-des-civils-dans-la-mediation-americaine.html"]}]},{"@type":"BreadcrumbList","@id":"https:\/\/www.justiceinfo.net\/fr\/164606-ukraine-une-prix-nobel-de-la-paix-denonce-loubli-des-civils-dans-la-mediation-americaine.html#breadcrumb","itemListElement":[{"@type":"ListItem","position":1,"name":"Home","item":"https:\/\/www.justiceinfo.net\/fr"},{"@type":"ListItem","position":2,"name":"Ukraine: une Prix Nobel de la paix d\u00e9nonce l'oubli des civils dans la m\u00e9diation am\u00e9ricaine"}]},{"@type":"WebSite","@id":"https:\/\/www.justiceinfo.net\/fr#website","url":"https:\/\/www.justiceinfo.net\/fr","name":"JusticeInfo.net","description":"La justice doit \u00eatre vue pour \u00eatre rendue","publisher":{"@id":"https:\/\/www.justiceinfo.net\/fr#organization"},"potentialAction":[{"@type":"SearchAction","target":{"@type":"EntryPoint","urlTemplate":"https:\/\/www.justiceinfo.net\/fr?s={search_term_string}"},"query-input":{"@type":"PropertyValueSpecification","valueRequired":true,"valueName":"search_term_string"}}],"inLanguage":"fr-FR"},{"@type":"Organization","@id":"https:\/\/www.justiceinfo.net\/fr#organization","name":"Justice Info","url":"https:\/\/www.justiceinfo.net\/fr","logo":{"@type":"ImageObject","inLanguage":"fr-FR","@id":"https:\/\/www.justiceinfo.net\/fr#\/schema\/logo\/image\/","url":"https:\/\/www.justiceinfo.net\/wp-content\/uploads\/justiceinfo_logo-trans_1200x1200px.png","contentUrl":"https:\/\/www.justiceinfo.net\/wp-content\/uploads\/justiceinfo_logo-trans_1200x1200px.png","width":1199,"height":1200,"caption":"Justice Info"},"image":{"@id":"https:\/\/www.justiceinfo.net\/fr#\/schema\/logo\/image\/"},"sameAs":["https:\/\/www.facebook.com\/JusticeInfo\/","https:\/\/x.com\/justiceinfonet","https:\/\/www.linkedin.com\/company\/justice-info","https:\/\/www.youtube.com\/channel\/UCyCEsARodyuWtkWyhn-e7pA"]},{"@type":"Person","name":"afp","url":"\/fr\/?s=afp"}]}},"_links":{"self":[{"href":"https:\/\/www.justiceinfo.net\/fr\/wp-json\/wp\/v2\/posts\/164606","targetHints":{"allow":["GET"]}}],"collection":[{"href":"https:\/\/www.justiceinfo.net\/fr\/wp-json\/wp\/v2\/posts"}],"about":[{"href":"https:\/\/www.justiceinfo.net\/fr\/wp-json\/wp\/v2\/types\/post"}],"author":[{"embeddable":true,"href":"https:\/\/www.justiceinfo.net\/fr\/wp-json\/wp\/v2\/users\/60"}],"replies":[{"embeddable":true,"href":"https:\/\/www.justiceinfo.net\/fr\/wp-json\/wp\/v2\/comments?post=164606"}],"version-history":[{"count":0,"href":"https:\/\/www.justiceinfo.net\/fr\/wp-json\/wp\/v2\/posts\/164606\/revisions"}],"wp:attachment":[{"href":"https:\/\/www.justiceinfo.net\/fr\/wp-json\/wp\/v2\/media?parent=164606"}],"wp:term":[{"taxonomy":"category","embeddable":true,"href":"https:\/\/www.justiceinfo.net\/fr\/wp-json\/wp\/v2\/categories?post=164606"},{"taxonomy":"post_tag","embeddable":true,"href":"https:\/\/www.justiceinfo.net\/fr\/wp-json\/wp\/v2\/tags?post=164606"},{"taxonomy":"ji_location","embeddable":true,"href":"https:\/\/www.justiceinfo.net\/fr\/wp-json\/wp\/v2\/ji_location?post=164606"}],"curies":[{"name":"wp","href":"https:\/\/api.w.org\/{rel}","templated":true}]}}