{"id":164618,"date":"2026-09-04T20:03:02","date_gmt":"2026-09-04T18:03:02","guid":{"rendered":"https:\/\/www.justiceinfo.net\/164618-bosnie-mladic-le-boucher-de-bosnie-enterre-lundi-a-belgrade.html"},"modified":"2026-09-04T20:03:02","modified_gmt":"2026-09-04T18:03:02","slug":"bosnie-mladic-le-boucher-de-bosnie-enterre-lundi-a-belgrade","status":"publish","type":"post","link":"https:\/\/www.justiceinfo.net\/fr\/164618-bosnie-mladic-le-boucher-de-bosnie-enterre-lundi-a-belgrade.html","title":{"rendered":"Bosnie : Mladic, \"le boucher de Bosnie\", enterr\u00e9 lundi \u00e0 Belgrade"},"content":{"rendered":"<p>\n             Ratko Mladic, dont les fun\u00e9railles sont pr\u00e9vues lundi \u00e0 Belgrade, s'imaginait en h\u00e9ros du peuple serbe. Mais il a \u00e9t\u00e9 surnomm\u00e9 \"le boucher de Bosnie\" pour les crimes commis par les forces sous ses ordres pendant la guerre, du si\u00e8ge de Sarajevo au massacre de Srebrenica.\n<\/p>\n<p>\n            La d\u00e9pouille de Ratko Mladic, d\u00e9c\u00e9d\u00e9 la semaine derni\u00e8re \u00e0 La Haye o\u00f9 il purgeait une peine de prison pour g\u00e9nocide, crimes de guerre et crimes contre l'humanit\u00e9, a \u00e9t\u00e9 transport\u00e9e en Serbie par un avion gouvernemental et accueillie jeudi \u00e0 Belgrade avec les honneurs militaires. Bruxelles a d\u00e9nonc\u00e9 la \"glorification\" du criminel de guerre.\n<\/p>\n<p>\n            Des milliers de personnes sont attendues lundi \u00e0 la c\u00e9r\u00e9monie d'hommage \u00e0 celui que la justice internationale a qualifi\u00e9 de \"quintessence du mal\".\n<\/p>\n<p>\n            \"Je dis devant le monde entier que je suis fier du r\u00f4le jou\u00e9 par mon p\u00e8re\", a d\u00e9clar\u00e9 vendredi son fils Darko Mladic lors d'une conf\u00e9rence de presse \u00e0 Belgrade, au c\u00f4t\u00e9 du ministre serbe de la Justice.\n<\/p>\n<p>\n            Parmi les atrocit\u00e9s commise par Ratko Mladic figure le massacre de 8.000 hommes et adolescents musulmans \u00e0 Srebrenica, la pire tuerie commise sur le sol europ\u00e9en depuis la Seconde Guerre mondiale.\n<\/p>\n<p>\n            L'ancien Haut-Commissaire de l'ONU aux droits de l'homme Zeid Ra'ad al Hussein a d\u00e9crit l'ancien g\u00e9n\u00e9ral comme \"la quintessence du mal\".\n<\/p>\n<p>\n            Arr\u00eat\u00e9 en 2011 apr\u00e8s seize ans de cavale, le soldat trapu et arrogant a fini sa vie en cellule.\n<\/p>\n<p>\n            Mais il reste aux yeux d'une partie de la communaut\u00e9 serbe le h\u00e9raut de la cause du \"peuple serbe\". A Kalinovik, le bourg o\u00f9 il est n\u00e9 en Bosnie du sud-est, une fresque g\u00e9ante \u00e0 son effigie proclame ainsi qu'on est dans \"la ville du h\u00e9ros\".\n<\/p>\n<p>\n            - \"Tracer avec du sang\" -\n<\/p>\n<p>\n            A Belgrade, son nom ou son visage sont tagu\u00e9s sur des dizaines de murs.\n<\/p>\n<p>\n            \"Je suis le g\u00e9n\u00e9ral Mladic. J'ai d\u00e9fendu mon pays et mon peuple\", avait-il lanc\u00e9 d\u00e8s sa premi\u00e8re apparition \u00e0 la barre du Tribunal p\u00e9nal international pour l'ex-Yougoslavie (TPIY), ferm\u00e9 en 2017.\n<\/p>\n<p>\n            Pour le reste, cet homme, tant\u00f4t col\u00e9rique et brutal tant\u00f4t jovial et truculent d'apr\u00e8s ceux qui l'ont approch\u00e9, a un jour expliqu\u00e9 que les fronti\u00e8res avaient \"toujours \u00e9t\u00e9 trac\u00e9es avec du sang et les Etats d\u00e9limit\u00e9s par des tombes\".\n<\/p>\n<p>\n            Il est consid\u00e9r\u00e9 comme le troisi\u00e8me architecte de l'\u00e9puration ethnique pendant la guerre qui a divis\u00e9 la Bosnie.\n<\/p>\n<p>\n            De Belgrade, le pr\u00e9sident Slobodan Milosevic, mort en d\u00e9tention en 2006, enflammait les Balkans avec sa rh\u00e9torique \"grand-serbe\". Le psychiatre Radovan Karadzic, l'id\u00e9ologue des Serbes de Bosnie condamn\u00e9 en 2019 \u00e0 la perp\u00e9tuit\u00e9, d\u00e9versait sa propagande fanatique. Ratko Mladic \u00e9tait leur bras arm\u00e9.\n<\/p>\n<p>\n            - Soldat paysan -\n<\/p>\n<p>\n            Orphelin d'un partisan tu\u00e9 par les Croates oustachis pronazis, Ratko Mladic devient \u00e0 22 ans l'un des plus jeunes officiers de l'arm\u00e9e yougoslave.\n<\/p>\n<p>\n            Quand la guerre \u00e9clate, apr\u00e8s avoir combattu les Croates, il est vite transf\u00e9r\u00e9 en Bosnie, dont la capitale, Sarajevo, est soumise \u00e0 un si\u00e8ge de pr\u00e8s de quatre ans. Plus de 10.000 habitants, dont plusieurs centaines d'enfants, seront tu\u00e9s par les balles des tireurs embusqu\u00e9s ou les obus qui pleuvaient des hauteurs tenues par les forces de Ratko Mladic.\n<\/p>\n<p>\n            Pourtant, beaucoup de Serbes de Bosnie relativisent, voire nient les exactions commises.\n<\/p>\n<p>\n            Ses partisans continuent de v\u00e9hiculer l'image d'un soldat paysan amoureux de sa terre, respectueux des codes d'honneur militaires, n'ayant pour objectifs qu'une Yougoslavie unie puis la protection de \"son\" peuple contre ceux qu'il d\u00e9signait comme les \"Turcs\", les Bosniaques musulmans.\n<\/p>\n<p>\n            En 1994, sa fille Ana, \u00e9tudiante en m\u00e9decine, se suicide. Certains t\u00e9moins ont estim\u00e9 que Ratko Mladic \u00e9tait devenu plus brutal \u00e0 la suite de sa mort survenue un an avant Srebrenica.\n<\/p>\n<p>\n            Apr\u00e8s l'accord de paix de Dayton, Ratko Mladic reste en Bosnie, \u00e0 l'abri dans son repaire de Han Pijesak, une base \u00e0 moiti\u00e9 enterr\u00e9e dans une for\u00eat de pins de l'est de ce pays.\n<\/p>\n<p>\n            Puis il s'installe \u00e0 Belgrade, prot\u00e9g\u00e9 par l'arm\u00e9e. Quand Slobodan Milosevic est chass\u00e9 du pouvoir en 2000, Ratko Mladic entre en clandestinit\u00e9.\n<\/p>\n<p>\n            Le 26 mai 2011, il est arr\u00eat\u00e9. Avant son transfert \u00e0 la Haye, il avait demand\u00e9 \u00e0 se rendre sur la tombe de sa fille.\n<\/p>\n<p>\n            Il est mort le 27 ao\u00fbt 2026.<\/p>\n","protected":false},"excerpt":{"rendered":"<p>Ratko Mladic, dont les fun\u00e9railles sont pr\u00e9vues lundi \u00e0 Belgrade, s'imaginait en h\u00e9ros du peuple serbe. Mais il a \u00e9t\u00e9 surnomm\u00e9 \"le boucher de Bosnie\" pour les crimes commis par les forces sous ses ordres pendant la guerre, du si\u00e8ge de Sarajevo au massacre de Srebrenica. La d\u00e9pouille de Ratko Mladic, d\u00e9c\u00e9d\u00e9 la semaine derni\u00e8re [&hellip;]<\/p>\n","protected":false},"author":60,"featured_media":0,"comment_status":"open","ping_status":"closed","sticky":false,"template":"","format":"standard","meta":{"_acf_changed":false,"footnotes":""},"categories":[2576],"tags":[],"ji_location":[],"class_list":["post-164618","post","type-post","status-publish","format-standard","hentry","category-fil-d-actualite"],"acf":[],"yoast_head":"<!-- This site is optimized with the Yoast SEO Premium plugin v25.3.1 (Yoast SEO v25.3.1) - https:\/\/yoast.com\/wordpress\/plugins\/seo\/ -->\n<title>Bosnie : Mladic, &quot;le boucher de Bosnie&quot;, enterr\u00e9 lundi \u00e0 Belgrade - JusticeInfo.net<\/title>\n<meta name=\"robots\" content=\"index, follow, max-snippet:-1, max-image-preview:large, max-video-preview:-1\" \/>\n<link rel=\"canonical\" href=\"https:\/\/www.justiceinfo.net\/fr\/164618-bosnie-mladic-le-boucher-de-bosnie-enterre-lundi-a-belgrade.html\" \/>\n<meta property=\"og:locale\" content=\"fr_FR\" \/>\n<meta property=\"og:type\" content=\"article\" \/>\n<meta property=\"og:title\" content=\"Bosnie : Mladic, &quot;le boucher de Bosnie&quot;, enterr\u00e9 lundi \u00e0 Belgrade\" \/>\n<meta property=\"og:description\" content=\"Ratko Mladic, dont les fun\u00e9railles sont pr\u00e9vues lundi \u00e0 Belgrade, s&#039;imaginait en h\u00e9ros du peuple serbe. Mais il a \u00e9t\u00e9 surnomm\u00e9 &quot;le boucher de Bosnie&quot; pour les crimes commis par les forces sous ses ordres pendant la guerre, du si\u00e8ge de Sarajevo au massacre de Srebrenica. La d\u00e9pouille de Ratko Mladic, d\u00e9c\u00e9d\u00e9 la semaine derni\u00e8re [&hellip;]\" \/>\n<meta property=\"og:url\" content=\"https:\/\/www.justiceinfo.net\/fr\/164618-bosnie-mladic-le-boucher-de-bosnie-enterre-lundi-a-belgrade.html\" \/>\n<meta property=\"og:site_name\" content=\"JusticeInfo.net\" \/>\n<meta property=\"article:publisher\" content=\"https:\/\/www.facebook.com\/JusticeInfo\/\" \/>\n<meta property=\"article:published_time\" content=\"2026-09-04T18:03:02+00:00\" \/>\n<meta property=\"og:image\" content=\"https:\/\/www.justiceinfo.net\/wp-content\/uploads\/JusticeInfoNet_logo_1200x630px.jpg\" \/>\n\t<meta property=\"og:image:width\" content=\"1200\" \/>\n\t<meta property=\"og:image:height\" content=\"630\" \/>\n\t<meta property=\"og:image:type\" content=\"image\/jpeg\" \/>\n<meta name=\"author\" content=\"afp\" \/>\n<meta name=\"twitter:card\" content=\"summary_large_image\" \/>\n<meta name=\"twitter:creator\" content=\"@justiceinfonet\" \/>\n<meta name=\"twitter:site\" content=\"@justiceinfonet\" \/>\n<meta name=\"twitter:label1\" content=\"\u00c9crit par\" \/>\n\t<meta name=\"twitter:data1\" content=\"afp\" \/>\n\t<meta name=\"twitter:label2\" content=\"Dur\u00e9e de lecture estim\u00e9e\" \/>\n\t<meta name=\"twitter:data2\" content=\"4 minutes\" \/>\n<script type=\"application\/ld+json\" class=\"yoast-schema-graph\">{\"@context\":\"https:\/\/schema.org\",\"@graph\":[{\"@type\":\"NewsArticle\",\"@id\":\"https:\/\/www.justiceinfo.net\/fr\/164618-bosnie-mladic-le-boucher-de-bosnie-enterre-lundi-a-belgrade.html#article\",\"isPartOf\":{\"@id\":\"https:\/\/www.justiceinfo.net\/fr\/164618-bosnie-mladic-le-boucher-de-bosnie-enterre-lundi-a-belgrade.html\"},\"author\":{\"name\":\"afp\",\"@id\":\"https:\/\/www.justiceinfo.net\/fr#\/schema\/person\/713d340ef5f218fc36ce9b4244364a7f\"},\"headline\":\"Bosnie : Mladic, \\\"le boucher de Bosnie\\\", enterr\u00e9 lundi \u00e0 Belgrade\",\"datePublished\":\"2026-09-04T18:03:02+00:00\",\"mainEntityOfPage\":{\"@id\":\"https:\/\/www.justiceinfo.net\/fr\/164618-bosnie-mladic-le-boucher-de-bosnie-enterre-lundi-a-belgrade.html\"},\"wordCount\":767,\"commentCount\":0,\"publisher\":{\"@id\":\"https:\/\/www.justiceinfo.net\/fr#organization\"},\"articleSection\":[\"Fil d'info AFP\"],\"inLanguage\":\"fr-FR\",\"potentialAction\":[{\"@type\":\"CommentAction\",\"name\":\"Comment\",\"target\":[\"https:\/\/www.justiceinfo.net\/fr\/164618-bosnie-mladic-le-boucher-de-bosnie-enterre-lundi-a-belgrade.html#respond\"]}]},{\"@type\":\"WebPage\",\"@id\":\"https:\/\/www.justiceinfo.net\/fr\/164618-bosnie-mladic-le-boucher-de-bosnie-enterre-lundi-a-belgrade.html\",\"url\":\"https:\/\/www.justiceinfo.net\/fr\/164618-bosnie-mladic-le-boucher-de-bosnie-enterre-lundi-a-belgrade.html\",\"name\":\"Bosnie : Mladic, \\\"le boucher de Bosnie\\\", enterr\u00e9 lundi \u00e0 Belgrade - JusticeInfo.net\",\"isPartOf\":{\"@id\":\"https:\/\/www.justiceinfo.net\/fr#website\"},\"datePublished\":\"2026-09-04T18:03:02+00:00\",\"breadcrumb\":{\"@id\":\"https:\/\/www.justiceinfo.net\/fr\/164618-bosnie-mladic-le-boucher-de-bosnie-enterre-lundi-a-belgrade.html#breadcrumb\"},\"inLanguage\":\"fr-FR\",\"potentialAction\":[{\"@type\":\"ReadAction\",\"target\":[\"https:\/\/www.justiceinfo.net\/fr\/164618-bosnie-mladic-le-boucher-de-bosnie-enterre-lundi-a-belgrade.html\"]}]},{\"@type\":\"BreadcrumbList\",\"@id\":\"https:\/\/www.justiceinfo.net\/fr\/164618-bosnie-mladic-le-boucher-de-bosnie-enterre-lundi-a-belgrade.html#breadcrumb\",\"itemListElement\":[{\"@type\":\"ListItem\",\"position\":1,\"name\":\"Home\",\"item\":\"https:\/\/www.justiceinfo.net\/fr\"},{\"@type\":\"ListItem\",\"position\":2,\"name\":\"Bosnie : Mladic, \\\"le boucher de Bosnie\\\", enterr\u00e9 lundi \u00e0 Belgrade\"}]},{\"@type\":\"WebSite\",\"@id\":\"https:\/\/www.justiceinfo.net\/fr#website\",\"url\":\"https:\/\/www.justiceinfo.net\/fr\",\"name\":\"JusticeInfo.net\",\"description\":\"La justice doit \u00eatre vue pour \u00eatre rendue\",\"publisher\":{\"@id\":\"https:\/\/www.justiceinfo.net\/fr#organization\"},\"potentialAction\":[{\"@type\":\"SearchAction\",\"target\":{\"@type\":\"EntryPoint\",\"urlTemplate\":\"https:\/\/www.justiceinfo.net\/fr?s={search_term_string}\"},\"query-input\":{\"@type\":\"PropertyValueSpecification\",\"valueRequired\":true,\"valueName\":\"search_term_string\"}}],\"inLanguage\":\"fr-FR\"},{\"@type\":\"Organization\",\"@id\":\"https:\/\/www.justiceinfo.net\/fr#organization\",\"name\":\"Justice Info\",\"url\":\"https:\/\/www.justiceinfo.net\/fr\",\"logo\":{\"@type\":\"ImageObject\",\"inLanguage\":\"fr-FR\",\"@id\":\"https:\/\/www.justiceinfo.net\/fr#\/schema\/logo\/image\/\",\"url\":\"https:\/\/www.justiceinfo.net\/wp-content\/uploads\/justiceinfo_logo-trans_1200x1200px.png\",\"contentUrl\":\"https:\/\/www.justiceinfo.net\/wp-content\/uploads\/justiceinfo_logo-trans_1200x1200px.png\",\"width\":1199,\"height\":1200,\"caption\":\"Justice Info\"},\"image\":{\"@id\":\"https:\/\/www.justiceinfo.net\/fr#\/schema\/logo\/image\/\"},\"sameAs\":[\"https:\/\/www.facebook.com\/JusticeInfo\/\",\"https:\/\/x.com\/justiceinfonet\",\"https:\/\/www.linkedin.com\/company\/justice-info\",\"https:\/\/www.youtube.com\/channel\/UCyCEsARodyuWtkWyhn-e7pA\"]},{\"@type\":\"Person\",\"name\":\"afp\",\"url\":\"\/fr\/?s=afp\"}]}<\/script>\n<!-- \/ Yoast SEO Premium plugin. -->","yoast_head_json":{"title":"Bosnie : Mladic, \"le boucher de Bosnie\", enterr\u00e9 lundi \u00e0 Belgrade - JusticeInfo.net","robots":{"index":"index","follow":"follow","max-snippet":"max-snippet:-1","max-image-preview":"max-image-preview:large","max-video-preview":"max-video-preview:-1"},"canonical":"https:\/\/www.justiceinfo.net\/fr\/164618-bosnie-mladic-le-boucher-de-bosnie-enterre-lundi-a-belgrade.html","og_locale":"fr_FR","og_type":"article","og_title":"Bosnie : Mladic, \"le boucher de Bosnie\", enterr\u00e9 lundi \u00e0 Belgrade","og_description":"Ratko Mladic, dont les fun\u00e9railles sont pr\u00e9vues lundi \u00e0 Belgrade, s'imaginait en h\u00e9ros du peuple serbe. Mais il a \u00e9t\u00e9 surnomm\u00e9 \"le boucher de Bosnie\" pour les crimes commis par les forces sous ses ordres pendant la guerre, du si\u00e8ge de Sarajevo au massacre de Srebrenica. La d\u00e9pouille de Ratko Mladic, d\u00e9c\u00e9d\u00e9 la semaine derni\u00e8re [&hellip;]","og_url":"https:\/\/www.justiceinfo.net\/fr\/164618-bosnie-mladic-le-boucher-de-bosnie-enterre-lundi-a-belgrade.html","og_site_name":"JusticeInfo.net","article_publisher":"https:\/\/www.facebook.com\/JusticeInfo\/","article_published_time":"2026-09-04T18:03:02+00:00","og_image":[{"width":1200,"height":630,"url":"https:\/\/www.justiceinfo.net\/wp-content\/uploads\/JusticeInfoNet_logo_1200x630px.jpg","type":"image\/jpeg"}],"author":"afp","twitter_card":"summary_large_image","twitter_creator":"@justiceinfonet","twitter_site":"@justiceinfonet","twitter_misc":{"\u00c9crit par":"afp","Dur\u00e9e de lecture estim\u00e9e":"4 minutes"},"schema":{"@context":"https:\/\/schema.org","@graph":[{"@type":"NewsArticle","@id":"https:\/\/www.justiceinfo.net\/fr\/164618-bosnie-mladic-le-boucher-de-bosnie-enterre-lundi-a-belgrade.html#article","isPartOf":{"@id":"https:\/\/www.justiceinfo.net\/fr\/164618-bosnie-mladic-le-boucher-de-bosnie-enterre-lundi-a-belgrade.html"},"author":{"name":"afp","@id":"https:\/\/www.justiceinfo.net\/fr#\/schema\/person\/713d340ef5f218fc36ce9b4244364a7f"},"headline":"Bosnie : Mladic, \"le boucher de Bosnie\", enterr\u00e9 lundi \u00e0 Belgrade","datePublished":"2026-09-04T18:03:02+00:00","mainEntityOfPage":{"@id":"https:\/\/www.justiceinfo.net\/fr\/164618-bosnie-mladic-le-boucher-de-bosnie-enterre-lundi-a-belgrade.html"},"wordCount":767,"commentCount":0,"publisher":{"@id":"https:\/\/www.justiceinfo.net\/fr#organization"},"articleSection":["Fil d'info AFP"],"inLanguage":"fr-FR","potentialAction":[{"@type":"CommentAction","name":"Comment","target":["https:\/\/www.justiceinfo.net\/fr\/164618-bosnie-mladic-le-boucher-de-bosnie-enterre-lundi-a-belgrade.html#respond"]}]},{"@type":"WebPage","@id":"https:\/\/www.justiceinfo.net\/fr\/164618-bosnie-mladic-le-boucher-de-bosnie-enterre-lundi-a-belgrade.html","url":"https:\/\/www.justiceinfo.net\/fr\/164618-bosnie-mladic-le-boucher-de-bosnie-enterre-lundi-a-belgrade.html","name":"Bosnie : Mladic, \"le boucher de Bosnie\", enterr\u00e9 lundi \u00e0 Belgrade - JusticeInfo.net","isPartOf":{"@id":"https:\/\/www.justiceinfo.net\/fr#website"},"datePublished":"2026-09-04T18:03:02+00:00","breadcrumb":{"@id":"https:\/\/www.justiceinfo.net\/fr\/164618-bosnie-mladic-le-boucher-de-bosnie-enterre-lundi-a-belgrade.html#breadcrumb"},"inLanguage":"fr-FR","potentialAction":[{"@type":"ReadAction","target":["https:\/\/www.justiceinfo.net\/fr\/164618-bosnie-mladic-le-boucher-de-bosnie-enterre-lundi-a-belgrade.html"]}]},{"@type":"BreadcrumbList","@id":"https:\/\/www.justiceinfo.net\/fr\/164618-bosnie-mladic-le-boucher-de-bosnie-enterre-lundi-a-belgrade.html#breadcrumb","itemListElement":[{"@type":"ListItem","position":1,"name":"Home","item":"https:\/\/www.justiceinfo.net\/fr"},{"@type":"ListItem","position":2,"name":"Bosnie : Mladic, \"le boucher de Bosnie\", enterr\u00e9 lundi \u00e0 Belgrade"}]},{"@type":"WebSite","@id":"https:\/\/www.justiceinfo.net\/fr#website","url":"https:\/\/www.justiceinfo.net\/fr","name":"JusticeInfo.net","description":"La justice doit \u00eatre vue pour \u00eatre rendue","publisher":{"@id":"https:\/\/www.justiceinfo.net\/fr#organization"},"potentialAction":[{"@type":"SearchAction","target":{"@type":"EntryPoint","urlTemplate":"https:\/\/www.justiceinfo.net\/fr?s={search_term_string}"},"query-input":{"@type":"PropertyValueSpecification","valueRequired":true,"valueName":"search_term_string"}}],"inLanguage":"fr-FR"},{"@type":"Organization","@id":"https:\/\/www.justiceinfo.net\/fr#organization","name":"Justice Info","url":"https:\/\/www.justiceinfo.net\/fr","logo":{"@type":"ImageObject","inLanguage":"fr-FR","@id":"https:\/\/www.justiceinfo.net\/fr#\/schema\/logo\/image\/","url":"https:\/\/www.justiceinfo.net\/wp-content\/uploads\/justiceinfo_logo-trans_1200x1200px.png","contentUrl":"https:\/\/www.justiceinfo.net\/wp-content\/uploads\/justiceinfo_logo-trans_1200x1200px.png","width":1199,"height":1200,"caption":"Justice Info"},"image":{"@id":"https:\/\/www.justiceinfo.net\/fr#\/schema\/logo\/image\/"},"sameAs":["https:\/\/www.facebook.com\/JusticeInfo\/","https:\/\/x.com\/justiceinfonet","https:\/\/www.linkedin.com\/company\/justice-info","https:\/\/www.youtube.com\/channel\/UCyCEsARodyuWtkWyhn-e7pA"]},{"@type":"Person","name":"afp","url":"\/fr\/?s=afp"}]}},"_links":{"self":[{"href":"https:\/\/www.justiceinfo.net\/fr\/wp-json\/wp\/v2\/posts\/164618","targetHints":{"allow":["GET"]}}],"collection":[{"href":"https:\/\/www.justiceinfo.net\/fr\/wp-json\/wp\/v2\/posts"}],"about":[{"href":"https:\/\/www.justiceinfo.net\/fr\/wp-json\/wp\/v2\/types\/post"}],"author":[{"embeddable":true,"href":"https:\/\/www.justiceinfo.net\/fr\/wp-json\/wp\/v2\/users\/60"}],"replies":[{"embeddable":true,"href":"https:\/\/www.justiceinfo.net\/fr\/wp-json\/wp\/v2\/comments?post=164618"}],"version-history":[{"count":0,"href":"https:\/\/www.justiceinfo.net\/fr\/wp-json\/wp\/v2\/posts\/164618\/revisions"}],"wp:attachment":[{"href":"https:\/\/www.justiceinfo.net\/fr\/wp-json\/wp\/v2\/media?parent=164618"}],"wp:term":[{"taxonomy":"category","embeddable":true,"href":"https:\/\/www.justiceinfo.net\/fr\/wp-json\/wp\/v2\/categories?post=164618"},{"taxonomy":"post_tag","embeddable":true,"href":"https:\/\/www.justiceinfo.net\/fr\/wp-json\/wp\/v2\/tags?post=164618"},{"taxonomy":"ji_location","embeddable":true,"href":"https:\/\/www.justiceinfo.net\/fr\/wp-json\/wp\/v2\/ji_location?post=164618"}],"curies":[{"name":"wp","href":"https:\/\/api.w.org\/{rel}","templated":true}]}}