{"id":164625,"date":"2026-09-05T04:58:03","date_gmt":"2026-09-05T02:58:03","guid":{"rendered":"https:\/\/www.justiceinfo.net\/164625-paris-dement-etre-implique-dans-la-mutinerie-au-niger.html"},"modified":"2026-09-05T04:58:03","modified_gmt":"2026-09-05T02:58:03","slug":"paris-dement-etre-implique-dans-la-mutinerie-au-niger","status":"publish","type":"post","link":"https:\/\/www.justiceinfo.net\/fr\/164625-paris-dement-etre-implique-dans-la-mutinerie-au-niger.html","title":{"rendered":"Paris d\u00e9ment \u00eatre impliqu\u00e9 dans la mutinerie au Niger"},"content":{"rendered":"<p>\n             Le ministre fran\u00e7ais des Affaires \u00e9trang\u00e8res a fermement rejet\u00e9 samedi les accusations du Niger selon lesquelles la France aurait incit\u00e9 des soldats \u00e0 se mutiner.\n<\/p>\n<p>\n            \"Ce sont l\u00e0 de pures fantaisies\", a d\u00e9clar\u00e9 Jean-No\u00ebl Barrot, interrog\u00e9 sur la radio RFI. Il n'y a jamais eu d'\"intention\" ni de \"moyen\" mobilis\u00e9 par la France pour fomenter une telle mutinerie, a-t-il ajout\u00e9.\n<\/p>\n<p>\n            Le pouvoir militaire au Niger avait d\u00e9jou\u00e9 il y a une semaine avec l'aide de ses alli\u00e9s russes une mutinerie lanc\u00e9e par des militaires dissidents.\n<\/p>\n<p>\n            D\u00e8s le weekend dernier, la t\u00e9l\u00e9vision publique avait \u00e9voqu\u00e9 une implication de la France avec les mutins, sans l'\u00e9tayer.\n<\/p>\n<p>\n            Vendredi, le Conseil des ministres a conclu que cette attaque avait \u00e9t\u00e9 foment\u00e9e par un vaste r\u00e9seau de complices dirig\u00e9 par la France, selon un communiqu\u00e9.\n<\/p>\n<p>\n            Le Niger a \u00e9galement indiqu\u00e9 qu'il se r\u00e9servait le droit d'intenter des actions devant la justice internationale.\n<\/p>\n<p>\n            \"Tout cela est, comme d'habitude, une mani\u00e8re de pointer du doigt \u00e0 tort une responsabilit\u00e9 de la France qui n'existe tout simplement pas\", a r\u00e9agi le chef de la diplomatie fran\u00e7aise.\n<\/p>\n<p>\n            Le pays est dirig\u00e9 par le g\u00e9n\u00e9ral Abdourahamane Tiani, arriv\u00e9 lui-m\u00eame au pouvoir par un putsch en juillet 2023. Celui-ci s'est rapproch\u00e9 de la Russie devenu un partenaire privil\u00e9gi\u00e9.\n<\/p>\n<p>\n            C'est la premi\u00e8re fois que le r\u00e9gime du g\u00e9n\u00e9ral Tiani s'est vu \u00e9branl\u00e9 de la sorte par une telle dissidence interne.\n<\/p>\n<p>\n            Niamey accuse r\u00e9guli\u00e8rement la France, ancien colonisateur jusqu'en 1960, d'\u00eatre derri\u00e8re les tentatives de d\u00e9stabilisation, ce que Paris nie.<\/p>\n","protected":false},"excerpt":{"rendered":"<p>Le ministre fran\u00e7ais des Affaires \u00e9trang\u00e8res a fermement rejet\u00e9 samedi les accusations du Niger selon lesquelles la France aurait incit\u00e9 des soldats \u00e0 se mutiner. \"Ce sont l\u00e0 de pures fantaisies\", a d\u00e9clar\u00e9 Jean-No\u00ebl Barrot, interrog\u00e9 sur la radio RFI. Il n'y a jamais eu d'\"intention\" ni de \"moyen\" mobilis\u00e9 par la France pour fomenter [&hellip;]<\/p>\n","protected":false},"author":60,"featured_media":0,"comment_status":"open","ping_status":"closed","sticky":false,"template":"","format":"standard","meta":{"_acf_changed":false,"footnotes":""},"categories":[2576],"tags":[],"ji_location":[],"class_list":["post-164625","post","type-post","status-publish","format-standard","hentry","category-fil-d-actualite"],"acf":[],"yoast_head":"<!-- This site is optimized with the Yoast SEO Premium plugin v25.3.1 (Yoast SEO v25.3.1) - https:\/\/yoast.com\/wordpress\/plugins\/seo\/ -->\n<title>Paris d\u00e9ment \u00eatre impliqu\u00e9 dans la mutinerie au Niger - JusticeInfo.net<\/title>\n<meta name=\"robots\" content=\"index, follow, max-snippet:-1, max-image-preview:large, max-video-preview:-1\" \/>\n<link rel=\"canonical\" href=\"https:\/\/www.justiceinfo.net\/fr\/164625-paris-dement-etre-implique-dans-la-mutinerie-au-niger.html\" \/>\n<meta property=\"og:locale\" content=\"fr_FR\" \/>\n<meta property=\"og:type\" content=\"article\" \/>\n<meta property=\"og:title\" content=\"Paris d\u00e9ment \u00eatre impliqu\u00e9 dans la mutinerie au Niger\" \/>\n<meta property=\"og:description\" content=\"Le ministre fran\u00e7ais des Affaires \u00e9trang\u00e8res a fermement rejet\u00e9 samedi les accusations du Niger selon lesquelles la France aurait incit\u00e9 des soldats \u00e0 se mutiner. &quot;Ce sont l\u00e0 de pures fantaisies&quot;, a d\u00e9clar\u00e9 Jean-No\u00ebl Barrot, interrog\u00e9 sur la radio RFI. Il n&#039;y a jamais eu d&#039;&quot;intention&quot; ni de &quot;moyen&quot; mobilis\u00e9 par la France pour fomenter [&hellip;]\" \/>\n<meta property=\"og:url\" content=\"https:\/\/www.justiceinfo.net\/fr\/164625-paris-dement-etre-implique-dans-la-mutinerie-au-niger.html\" \/>\n<meta property=\"og:site_name\" content=\"JusticeInfo.net\" \/>\n<meta property=\"article:publisher\" content=\"https:\/\/www.facebook.com\/JusticeInfo\/\" \/>\n<meta property=\"article:published_time\" content=\"2026-09-05T02:58:03+00:00\" \/>\n<meta property=\"og:image\" content=\"https:\/\/www.justiceinfo.net\/wp-content\/uploads\/JusticeInfoNet_logo_1200x630px.jpg\" \/>\n\t<meta property=\"og:image:width\" content=\"1200\" \/>\n\t<meta property=\"og:image:height\" content=\"630\" \/>\n\t<meta property=\"og:image:type\" content=\"image\/jpeg\" \/>\n<meta name=\"author\" content=\"afp\" \/>\n<meta name=\"twitter:card\" content=\"summary_large_image\" \/>\n<meta name=\"twitter:creator\" content=\"@justiceinfonet\" \/>\n<meta name=\"twitter:site\" content=\"@justiceinfonet\" \/>\n<meta name=\"twitter:label1\" content=\"\u00c9crit par\" \/>\n\t<meta name=\"twitter:data1\" content=\"afp\" \/>\n\t<meta name=\"twitter:label2\" content=\"Dur\u00e9e de lecture estim\u00e9e\" \/>\n\t<meta name=\"twitter:data2\" content=\"1 minute\" \/>\n<script type=\"application\/ld+json\" class=\"yoast-schema-graph\">{\"@context\":\"https:\/\/schema.org\",\"@graph\":[{\"@type\":\"NewsArticle\",\"@id\":\"https:\/\/www.justiceinfo.net\/fr\/164625-paris-dement-etre-implique-dans-la-mutinerie-au-niger.html#article\",\"isPartOf\":{\"@id\":\"https:\/\/www.justiceinfo.net\/fr\/164625-paris-dement-etre-implique-dans-la-mutinerie-au-niger.html\"},\"author\":{\"name\":\"afp\",\"@id\":\"https:\/\/www.justiceinfo.net\/fr#\/schema\/person\/713d340ef5f218fc36ce9b4244364a7f\"},\"headline\":\"Paris d\u00e9ment \u00eatre impliqu\u00e9 dans la mutinerie au Niger\",\"datePublished\":\"2026-09-05T02:58:03+00:00\",\"mainEntityOfPage\":{\"@id\":\"https:\/\/www.justiceinfo.net\/fr\/164625-paris-dement-etre-implique-dans-la-mutinerie-au-niger.html\"},\"wordCount\":294,\"commentCount\":0,\"publisher\":{\"@id\":\"https:\/\/www.justiceinfo.net\/fr#organization\"},\"articleSection\":[\"Fil d'info AFP\"],\"inLanguage\":\"fr-FR\",\"potentialAction\":[{\"@type\":\"CommentAction\",\"name\":\"Comment\",\"target\":[\"https:\/\/www.justiceinfo.net\/fr\/164625-paris-dement-etre-implique-dans-la-mutinerie-au-niger.html#respond\"]}]},{\"@type\":\"WebPage\",\"@id\":\"https:\/\/www.justiceinfo.net\/fr\/164625-paris-dement-etre-implique-dans-la-mutinerie-au-niger.html\",\"url\":\"https:\/\/www.justiceinfo.net\/fr\/164625-paris-dement-etre-implique-dans-la-mutinerie-au-niger.html\",\"name\":\"Paris d\u00e9ment \u00eatre impliqu\u00e9 dans la mutinerie au Niger - JusticeInfo.net\",\"isPartOf\":{\"@id\":\"https:\/\/www.justiceinfo.net\/fr#website\"},\"datePublished\":\"2026-09-05T02:58:03+00:00\",\"breadcrumb\":{\"@id\":\"https:\/\/www.justiceinfo.net\/fr\/164625-paris-dement-etre-implique-dans-la-mutinerie-au-niger.html#breadcrumb\"},\"inLanguage\":\"fr-FR\",\"potentialAction\":[{\"@type\":\"ReadAction\",\"target\":[\"https:\/\/www.justiceinfo.net\/fr\/164625-paris-dement-etre-implique-dans-la-mutinerie-au-niger.html\"]}]},{\"@type\":\"BreadcrumbList\",\"@id\":\"https:\/\/www.justiceinfo.net\/fr\/164625-paris-dement-etre-implique-dans-la-mutinerie-au-niger.html#breadcrumb\",\"itemListElement\":[{\"@type\":\"ListItem\",\"position\":1,\"name\":\"Home\",\"item\":\"https:\/\/www.justiceinfo.net\/fr\"},{\"@type\":\"ListItem\",\"position\":2,\"name\":\"Paris d\u00e9ment \u00eatre impliqu\u00e9 dans la mutinerie au Niger\"}]},{\"@type\":\"WebSite\",\"@id\":\"https:\/\/www.justiceinfo.net\/fr#website\",\"url\":\"https:\/\/www.justiceinfo.net\/fr\",\"name\":\"JusticeInfo.net\",\"description\":\"La justice doit \u00eatre vue pour \u00eatre rendue\",\"publisher\":{\"@id\":\"https:\/\/www.justiceinfo.net\/fr#organization\"},\"potentialAction\":[{\"@type\":\"SearchAction\",\"target\":{\"@type\":\"EntryPoint\",\"urlTemplate\":\"https:\/\/www.justiceinfo.net\/fr?s={search_term_string}\"},\"query-input\":{\"@type\":\"PropertyValueSpecification\",\"valueRequired\":true,\"valueName\":\"search_term_string\"}}],\"inLanguage\":\"fr-FR\"},{\"@type\":\"Organization\",\"@id\":\"https:\/\/www.justiceinfo.net\/fr#organization\",\"name\":\"Justice Info\",\"url\":\"https:\/\/www.justiceinfo.net\/fr\",\"logo\":{\"@type\":\"ImageObject\",\"inLanguage\":\"fr-FR\",\"@id\":\"https:\/\/www.justiceinfo.net\/fr#\/schema\/logo\/image\/\",\"url\":\"https:\/\/www.justiceinfo.net\/wp-content\/uploads\/justiceinfo_logo-trans_1200x1200px.png\",\"contentUrl\":\"https:\/\/www.justiceinfo.net\/wp-content\/uploads\/justiceinfo_logo-trans_1200x1200px.png\",\"width\":1199,\"height\":1200,\"caption\":\"Justice Info\"},\"image\":{\"@id\":\"https:\/\/www.justiceinfo.net\/fr#\/schema\/logo\/image\/\"},\"sameAs\":[\"https:\/\/www.facebook.com\/JusticeInfo\/\",\"https:\/\/x.com\/justiceinfonet\",\"https:\/\/www.linkedin.com\/company\/justice-info\",\"https:\/\/www.youtube.com\/channel\/UCyCEsARodyuWtkWyhn-e7pA\"]},{\"@type\":\"Person\",\"name\":\"afp\",\"url\":\"\/fr\/?s=afp\"}]}<\/script>\n<!-- \/ Yoast SEO Premium plugin. -->","yoast_head_json":{"title":"Paris d\u00e9ment \u00eatre impliqu\u00e9 dans la mutinerie au Niger - JusticeInfo.net","robots":{"index":"index","follow":"follow","max-snippet":"max-snippet:-1","max-image-preview":"max-image-preview:large","max-video-preview":"max-video-preview:-1"},"canonical":"https:\/\/www.justiceinfo.net\/fr\/164625-paris-dement-etre-implique-dans-la-mutinerie-au-niger.html","og_locale":"fr_FR","og_type":"article","og_title":"Paris d\u00e9ment \u00eatre impliqu\u00e9 dans la mutinerie au Niger","og_description":"Le ministre fran\u00e7ais des Affaires \u00e9trang\u00e8res a fermement rejet\u00e9 samedi les accusations du Niger selon lesquelles la France aurait incit\u00e9 des soldats \u00e0 se mutiner. \"Ce sont l\u00e0 de pures fantaisies\", a d\u00e9clar\u00e9 Jean-No\u00ebl Barrot, interrog\u00e9 sur la radio RFI. Il n'y a jamais eu d'\"intention\" ni de \"moyen\" mobilis\u00e9 par la France pour fomenter [&hellip;]","og_url":"https:\/\/www.justiceinfo.net\/fr\/164625-paris-dement-etre-implique-dans-la-mutinerie-au-niger.html","og_site_name":"JusticeInfo.net","article_publisher":"https:\/\/www.facebook.com\/JusticeInfo\/","article_published_time":"2026-09-05T02:58:03+00:00","og_image":[{"width":1200,"height":630,"url":"https:\/\/www.justiceinfo.net\/wp-content\/uploads\/JusticeInfoNet_logo_1200x630px.jpg","type":"image\/jpeg"}],"author":"afp","twitter_card":"summary_large_image","twitter_creator":"@justiceinfonet","twitter_site":"@justiceinfonet","twitter_misc":{"\u00c9crit par":"afp","Dur\u00e9e de lecture estim\u00e9e":"1 minute"},"schema":{"@context":"https:\/\/schema.org","@graph":[{"@type":"NewsArticle","@id":"https:\/\/www.justiceinfo.net\/fr\/164625-paris-dement-etre-implique-dans-la-mutinerie-au-niger.html#article","isPartOf":{"@id":"https:\/\/www.justiceinfo.net\/fr\/164625-paris-dement-etre-implique-dans-la-mutinerie-au-niger.html"},"author":{"name":"afp","@id":"https:\/\/www.justiceinfo.net\/fr#\/schema\/person\/713d340ef5f218fc36ce9b4244364a7f"},"headline":"Paris d\u00e9ment \u00eatre impliqu\u00e9 dans la mutinerie au Niger","datePublished":"2026-09-05T02:58:03+00:00","mainEntityOfPage":{"@id":"https:\/\/www.justiceinfo.net\/fr\/164625-paris-dement-etre-implique-dans-la-mutinerie-au-niger.html"},"wordCount":294,"commentCount":0,"publisher":{"@id":"https:\/\/www.justiceinfo.net\/fr#organization"},"articleSection":["Fil d'info AFP"],"inLanguage":"fr-FR","potentialAction":[{"@type":"CommentAction","name":"Comment","target":["https:\/\/www.justiceinfo.net\/fr\/164625-paris-dement-etre-implique-dans-la-mutinerie-au-niger.html#respond"]}]},{"@type":"WebPage","@id":"https:\/\/www.justiceinfo.net\/fr\/164625-paris-dement-etre-implique-dans-la-mutinerie-au-niger.html","url":"https:\/\/www.justiceinfo.net\/fr\/164625-paris-dement-etre-implique-dans-la-mutinerie-au-niger.html","name":"Paris d\u00e9ment \u00eatre impliqu\u00e9 dans la mutinerie au Niger - JusticeInfo.net","isPartOf":{"@id":"https:\/\/www.justiceinfo.net\/fr#website"},"datePublished":"2026-09-05T02:58:03+00:00","breadcrumb":{"@id":"https:\/\/www.justiceinfo.net\/fr\/164625-paris-dement-etre-implique-dans-la-mutinerie-au-niger.html#breadcrumb"},"inLanguage":"fr-FR","potentialAction":[{"@type":"ReadAction","target":["https:\/\/www.justiceinfo.net\/fr\/164625-paris-dement-etre-implique-dans-la-mutinerie-au-niger.html"]}]},{"@type":"BreadcrumbList","@id":"https:\/\/www.justiceinfo.net\/fr\/164625-paris-dement-etre-implique-dans-la-mutinerie-au-niger.html#breadcrumb","itemListElement":[{"@type":"ListItem","position":1,"name":"Home","item":"https:\/\/www.justiceinfo.net\/fr"},{"@type":"ListItem","position":2,"name":"Paris d\u00e9ment \u00eatre impliqu\u00e9 dans la mutinerie au Niger"}]},{"@type":"WebSite","@id":"https:\/\/www.justiceinfo.net\/fr#website","url":"https:\/\/www.justiceinfo.net\/fr","name":"JusticeInfo.net","description":"La justice doit \u00eatre vue pour \u00eatre rendue","publisher":{"@id":"https:\/\/www.justiceinfo.net\/fr#organization"},"potentialAction":[{"@type":"SearchAction","target":{"@type":"EntryPoint","urlTemplate":"https:\/\/www.justiceinfo.net\/fr?s={search_term_string}"},"query-input":{"@type":"PropertyValueSpecification","valueRequired":true,"valueName":"search_term_string"}}],"inLanguage":"fr-FR"},{"@type":"Organization","@id":"https:\/\/www.justiceinfo.net\/fr#organization","name":"Justice Info","url":"https:\/\/www.justiceinfo.net\/fr","logo":{"@type":"ImageObject","inLanguage":"fr-FR","@id":"https:\/\/www.justiceinfo.net\/fr#\/schema\/logo\/image\/","url":"https:\/\/www.justiceinfo.net\/wp-content\/uploads\/justiceinfo_logo-trans_1200x1200px.png","contentUrl":"https:\/\/www.justiceinfo.net\/wp-content\/uploads\/justiceinfo_logo-trans_1200x1200px.png","width":1199,"height":1200,"caption":"Justice Info"},"image":{"@id":"https:\/\/www.justiceinfo.net\/fr#\/schema\/logo\/image\/"},"sameAs":["https:\/\/www.facebook.com\/JusticeInfo\/","https:\/\/x.com\/justiceinfonet","https:\/\/www.linkedin.com\/company\/justice-info","https:\/\/www.youtube.com\/channel\/UCyCEsARodyuWtkWyhn-e7pA"]},{"@type":"Person","name":"afp","url":"\/fr\/?s=afp"}]}},"_links":{"self":[{"href":"https:\/\/www.justiceinfo.net\/fr\/wp-json\/wp\/v2\/posts\/164625","targetHints":{"allow":["GET"]}}],"collection":[{"href":"https:\/\/www.justiceinfo.net\/fr\/wp-json\/wp\/v2\/posts"}],"about":[{"href":"https:\/\/www.justiceinfo.net\/fr\/wp-json\/wp\/v2\/types\/post"}],"author":[{"embeddable":true,"href":"https:\/\/www.justiceinfo.net\/fr\/wp-json\/wp\/v2\/users\/60"}],"replies":[{"embeddable":true,"href":"https:\/\/www.justiceinfo.net\/fr\/wp-json\/wp\/v2\/comments?post=164625"}],"version-history":[{"count":0,"href":"https:\/\/www.justiceinfo.net\/fr\/wp-json\/wp\/v2\/posts\/164625\/revisions"}],"wp:attachment":[{"href":"https:\/\/www.justiceinfo.net\/fr\/wp-json\/wp\/v2\/media?parent=164625"}],"wp:term":[{"taxonomy":"category","embeddable":true,"href":"https:\/\/www.justiceinfo.net\/fr\/wp-json\/wp\/v2\/categories?post=164625"},{"taxonomy":"post_tag","embeddable":true,"href":"https:\/\/www.justiceinfo.net\/fr\/wp-json\/wp\/v2\/tags?post=164625"},{"taxonomy":"ji_location","embeddable":true,"href":"https:\/\/www.justiceinfo.net\/fr\/wp-json\/wp\/v2\/ji_location?post=164625"}],"curies":[{"name":"wp","href":"https:\/\/api.w.org\/{rel}","templated":true}]}}