{"id":164627,"date":"2026-09-05T09:13:02","date_gmt":"2026-09-05T07:13:02","guid":{"rendered":"https:\/\/www.justiceinfo.net\/164627-lambassadeur-americain-affirme-quisrael-ne-prevoit-pas-de-deplacement-force-de-la-population-de-gaza.html"},"modified":"2026-09-05T09:13:02","modified_gmt":"2026-09-05T07:13:02","slug":"lambassadeur-americain-affirme-quisrael-ne-prevoit-pas-de-deplacement-force-de-la-population-de-gaza","status":"publish","type":"post","link":"https:\/\/www.justiceinfo.net\/fr\/164627-lambassadeur-americain-affirme-quisrael-ne-prevoit-pas-de-deplacement-force-de-la-population-de-gaza.html","title":{"rendered":"L'ambassadeur am\u00e9ricain affirme qu'Isra\u00ebl ne pr\u00e9voit pas de d\u00e9placement forc\u00e9 de la population de Gaza"},"content":{"rendered":"<p>\n             L'ambassadeur am\u00e9ricain en Isra\u00ebl a affirm\u00e9 samedi qu'il n'existait \"aucun plan\" pour expulser des Palestiniens de la bande de Gaza, apr\u00e8s que des ministres isra\u00e9liens ont appel\u00e9 \u00e0 vider le territoire de ses deux millions d'habitants et \u00e0 les transf\u00e9rer \u00e0 l'\u00e9tranger.\n<\/p>\n<p>\n            \"Je peux vous affirmer cat\u00e9goriquement qu'il n'existe aucun plan isra\u00e9lien pour expulser la population de Gaza contre sa volont\u00e9\", a d\u00e9clar\u00e9 Mike Huckabee aux journalistes \u00e0 l'occasion d'une visite \u00e0 des citoyens am\u00e9ricains install\u00e9s en Cisjordanie occup\u00e9e.\n<\/p>\n<p>\n            Le ministre isra\u00e9lien de la S\u00e9curit\u00e9 nationale, Itamar Ben Gvir, issu de l'extr\u00eame droite, a pr\u00e9sent\u00e9 jeudi un plan pr\u00e9voyant le d\u00e9part de 250.000 Palestiniens de Gaza au cours de la premi\u00e8re ann\u00e9e, puis celui du reste des quelque deux millions d'habitants au cours des six ann\u00e9es suivantes.\n<\/p>\n<p>\n            Ses propos sont intervenus un jour apr\u00e8s que le ministre de la D\u00e9fense, Israel Katz, a d\u00e9clar\u00e9 qu'Isra\u00ebl \u00e9tait pr\u00eat \u00e0 faire partir les Palestiniens de Gaza par voie maritime et terrestre, mais attendait les Etats-Unis, qui, selon lui, discutaient de leur destination.\n<\/p>\n<p>\n            M. Katz, sans citer sa source, a affirm\u00e9 que 80% des habitants de Gaza souhaitaient partir, mais que le Hamas les en emp\u00eachait.\n<\/p>\n<p>\n            L'ambassadeur am\u00e9ricain a d\u00e9clar\u00e9 que l'administration du pr\u00e9sident Donald Trump souhaitait donner aux Palestiniens la possibilit\u00e9 de partir de leur plein gr\u00e9.\n<\/p>\n<p>\n            \"Si des gens souhaitent partir, ils doivent avoir le droit de le faire\", a-t-il soutenu, qualifiant de \"honte\" le fait d'\"emprisonner\" les Palestiniens \u00e0 Gaza.\n<\/p>\n<p>\n            \"Personne ne sugg\u00e8re qu'il y aurait des d\u00e9placements forc\u00e9s - ni les Isra\u00e9liens, ni les Am\u00e9ricains. Je ne connais personne qui soutienne cela\", a-t-il ajout\u00e9.\n<\/p>\n<p>\n            Le d\u00e9placement forc\u00e9 d'une population civile depuis un territoire occup\u00e9 est consid\u00e9r\u00e9 comme un crime de guerre au regard des Conventions de Gen\u00e8ve.\n<\/p>\n<p>\n            La quasi-totalit\u00e9 de la population de Gaza a d\u00e9j\u00e0 \u00e9t\u00e9 d\u00e9plac\u00e9e \u00e0 l'int\u00e9rieur du territoire par l'offensive militaire isra\u00e9lienne lanc\u00e9e apr\u00e8s l'attaque du Hamas contre Isra\u00ebl le 7 octobre 2023.\n<\/p>\n<p>\n            Depuis le d\u00e9but de la guerre, plusieurs responsables politiques isra\u00e9liens d'extr\u00eame droite ont \u00e9voqu\u00e9 le retour de colons dans la bande de Gaza, o\u00f9 Isra\u00ebl avait d\u00e9mantel\u00e9 ses colonies en 2005 dans le cadre d'un plan unilat\u00e9ral de d\u00e9sengagement.\n<\/p>\n<p>\n            Le pr\u00e9sident Trump avait propos\u00e9 au d\u00e9but de son second mandat de d\u00e9placer au moins temporairement tous les Palestiniens de Gaza et de transformer ce territoire d\u00e9vast\u00e9 en station baln\u00e9aire de luxe.\n<\/p>\n<p>\n            Il a fait marche arri\u00e8re face aux r\u00e9actions n\u00e9gatives de plusieurs pays, dont l'Egypte, le seul pays avec Isra\u00ebl \u00e0 partager une fronti\u00e8re avec Gaza.<\/p>\n","protected":false},"excerpt":{"rendered":"<p>L'ambassadeur am\u00e9ricain en Isra\u00ebl a affirm\u00e9 samedi qu'il n'existait \"aucun plan\" pour expulser des Palestiniens de la bande de Gaza, apr\u00e8s que des ministres isra\u00e9liens ont appel\u00e9 \u00e0 vider le territoire de ses deux millions d'habitants et \u00e0 les transf\u00e9rer \u00e0 l'\u00e9tranger. \"Je peux vous affirmer cat\u00e9goriquement qu'il n'existe aucun plan isra\u00e9lien pour expulser la [&hellip;]<\/p>\n","protected":false},"author":60,"featured_media":0,"comment_status":"open","ping_status":"closed","sticky":false,"template":"","format":"standard","meta":{"_acf_changed":false,"footnotes":""},"categories":[2576],"tags":[],"ji_location":[],"class_list":["post-164627","post","type-post","status-publish","format-standard","hentry","category-fil-d-actualite"],"acf":[],"yoast_head":"<!-- This site is optimized with the Yoast SEO Premium plugin v25.3.1 (Yoast SEO v25.3.1) - https:\/\/yoast.com\/wordpress\/plugins\/seo\/ -->\n<title>L&#039;ambassadeur am\u00e9ricain affirme qu&#039;Isra\u00ebl ne pr\u00e9voit pas de d\u00e9placement forc\u00e9 de la population de Gaza - JusticeInfo.net<\/title>\n<meta name=\"robots\" content=\"index, follow, max-snippet:-1, max-image-preview:large, max-video-preview:-1\" \/>\n<link rel=\"canonical\" href=\"https:\/\/www.justiceinfo.net\/fr\/164627-lambassadeur-americain-affirme-quisrael-ne-prevoit-pas-de-deplacement-force-de-la-population-de-gaza.html\" \/>\n<meta property=\"og:locale\" content=\"fr_FR\" \/>\n<meta property=\"og:type\" content=\"article\" \/>\n<meta property=\"og:title\" content=\"L&#039;ambassadeur am\u00e9ricain affirme qu&#039;Isra\u00ebl ne pr\u00e9voit pas de d\u00e9placement forc\u00e9 de la population de Gaza\" \/>\n<meta property=\"og:description\" content=\"L&#039;ambassadeur am\u00e9ricain en Isra\u00ebl a affirm\u00e9 samedi qu&#039;il n&#039;existait &quot;aucun plan&quot; pour expulser des Palestiniens de la bande de Gaza, apr\u00e8s que des ministres isra\u00e9liens ont appel\u00e9 \u00e0 vider le territoire de ses deux millions d&#039;habitants et \u00e0 les transf\u00e9rer \u00e0 l&#039;\u00e9tranger. &quot;Je peux vous affirmer cat\u00e9goriquement qu&#039;il n&#039;existe aucun plan isra\u00e9lien pour expulser la [&hellip;]\" \/>\n<meta property=\"og:url\" content=\"https:\/\/www.justiceinfo.net\/fr\/164627-lambassadeur-americain-affirme-quisrael-ne-prevoit-pas-de-deplacement-force-de-la-population-de-gaza.html\" \/>\n<meta property=\"og:site_name\" content=\"JusticeInfo.net\" \/>\n<meta property=\"article:publisher\" content=\"https:\/\/www.facebook.com\/JusticeInfo\/\" \/>\n<meta property=\"article:published_time\" content=\"2026-09-05T07:13:02+00:00\" \/>\n<meta property=\"og:image\" content=\"https:\/\/www.justiceinfo.net\/wp-content\/uploads\/JusticeInfoNet_logo_1200x630px.jpg\" \/>\n\t<meta property=\"og:image:width\" content=\"1200\" \/>\n\t<meta property=\"og:image:height\" content=\"630\" \/>\n\t<meta property=\"og:image:type\" content=\"image\/jpeg\" \/>\n<meta name=\"author\" content=\"afp\" \/>\n<meta name=\"twitter:card\" content=\"summary_large_image\" \/>\n<meta name=\"twitter:creator\" content=\"@justiceinfonet\" \/>\n<meta name=\"twitter:site\" content=\"@justiceinfonet\" \/>\n<meta name=\"twitter:label1\" content=\"\u00c9crit par\" \/>\n\t<meta name=\"twitter:data1\" content=\"afp\" \/>\n\t<meta name=\"twitter:label2\" content=\"Dur\u00e9e de lecture estim\u00e9e\" \/>\n\t<meta name=\"twitter:data2\" content=\"2 minutes\" \/>\n<script type=\"application\/ld+json\" class=\"yoast-schema-graph\">{\"@context\":\"https:\/\/schema.org\",\"@graph\":[{\"@type\":\"NewsArticle\",\"@id\":\"https:\/\/www.justiceinfo.net\/fr\/164627-lambassadeur-americain-affirme-quisrael-ne-prevoit-pas-de-deplacement-force-de-la-population-de-gaza.html#article\",\"isPartOf\":{\"@id\":\"https:\/\/www.justiceinfo.net\/fr\/164627-lambassadeur-americain-affirme-quisrael-ne-prevoit-pas-de-deplacement-force-de-la-population-de-gaza.html\"},\"author\":{\"name\":\"afp\",\"@id\":\"https:\/\/www.justiceinfo.net\/fr#\/schema\/person\/713d340ef5f218fc36ce9b4244364a7f\"},\"headline\":\"L'ambassadeur am\u00e9ricain affirme qu'Isra\u00ebl ne pr\u00e9voit pas de d\u00e9placement forc\u00e9 de la population de Gaza\",\"datePublished\":\"2026-09-05T07:13:02+00:00\",\"mainEntityOfPage\":{\"@id\":\"https:\/\/www.justiceinfo.net\/fr\/164627-lambassadeur-americain-affirme-quisrael-ne-prevoit-pas-de-deplacement-force-de-la-population-de-gaza.html\"},\"wordCount\":506,\"commentCount\":0,\"publisher\":{\"@id\":\"https:\/\/www.justiceinfo.net\/fr#organization\"},\"articleSection\":[\"Fil d'info AFP\"],\"inLanguage\":\"fr-FR\",\"potentialAction\":[{\"@type\":\"CommentAction\",\"name\":\"Comment\",\"target\":[\"https:\/\/www.justiceinfo.net\/fr\/164627-lambassadeur-americain-affirme-quisrael-ne-prevoit-pas-de-deplacement-force-de-la-population-de-gaza.html#respond\"]}]},{\"@type\":\"WebPage\",\"@id\":\"https:\/\/www.justiceinfo.net\/fr\/164627-lambassadeur-americain-affirme-quisrael-ne-prevoit-pas-de-deplacement-force-de-la-population-de-gaza.html\",\"url\":\"https:\/\/www.justiceinfo.net\/fr\/164627-lambassadeur-americain-affirme-quisrael-ne-prevoit-pas-de-deplacement-force-de-la-population-de-gaza.html\",\"name\":\"L'ambassadeur am\u00e9ricain affirme qu'Isra\u00ebl ne pr\u00e9voit pas de d\u00e9placement forc\u00e9 de la population de Gaza - JusticeInfo.net\",\"isPartOf\":{\"@id\":\"https:\/\/www.justiceinfo.net\/fr#website\"},\"datePublished\":\"2026-09-05T07:13:02+00:00\",\"breadcrumb\":{\"@id\":\"https:\/\/www.justiceinfo.net\/fr\/164627-lambassadeur-americain-affirme-quisrael-ne-prevoit-pas-de-deplacement-force-de-la-population-de-gaza.html#breadcrumb\"},\"inLanguage\":\"fr-FR\",\"potentialAction\":[{\"@type\":\"ReadAction\",\"target\":[\"https:\/\/www.justiceinfo.net\/fr\/164627-lambassadeur-americain-affirme-quisrael-ne-prevoit-pas-de-deplacement-force-de-la-population-de-gaza.html\"]}]},{\"@type\":\"BreadcrumbList\",\"@id\":\"https:\/\/www.justiceinfo.net\/fr\/164627-lambassadeur-americain-affirme-quisrael-ne-prevoit-pas-de-deplacement-force-de-la-population-de-gaza.html#breadcrumb\",\"itemListElement\":[{\"@type\":\"ListItem\",\"position\":1,\"name\":\"Home\",\"item\":\"https:\/\/www.justiceinfo.net\/fr\"},{\"@type\":\"ListItem\",\"position\":2,\"name\":\"L'ambassadeur am\u00e9ricain affirme qu'Isra\u00ebl ne pr\u00e9voit pas de d\u00e9placement forc\u00e9 de la population de Gaza\"}]},{\"@type\":\"WebSite\",\"@id\":\"https:\/\/www.justiceinfo.net\/fr#website\",\"url\":\"https:\/\/www.justiceinfo.net\/fr\",\"name\":\"JusticeInfo.net\",\"description\":\"La justice doit \u00eatre vue pour \u00eatre rendue\",\"publisher\":{\"@id\":\"https:\/\/www.justiceinfo.net\/fr#organization\"},\"potentialAction\":[{\"@type\":\"SearchAction\",\"target\":{\"@type\":\"EntryPoint\",\"urlTemplate\":\"https:\/\/www.justiceinfo.net\/fr?s={search_term_string}\"},\"query-input\":{\"@type\":\"PropertyValueSpecification\",\"valueRequired\":true,\"valueName\":\"search_term_string\"}}],\"inLanguage\":\"fr-FR\"},{\"@type\":\"Organization\",\"@id\":\"https:\/\/www.justiceinfo.net\/fr#organization\",\"name\":\"Justice Info\",\"url\":\"https:\/\/www.justiceinfo.net\/fr\",\"logo\":{\"@type\":\"ImageObject\",\"inLanguage\":\"fr-FR\",\"@id\":\"https:\/\/www.justiceinfo.net\/fr#\/schema\/logo\/image\/\",\"url\":\"https:\/\/www.justiceinfo.net\/wp-content\/uploads\/justiceinfo_logo-trans_1200x1200px.png\",\"contentUrl\":\"https:\/\/www.justiceinfo.net\/wp-content\/uploads\/justiceinfo_logo-trans_1200x1200px.png\",\"width\":1199,\"height\":1200,\"caption\":\"Justice Info\"},\"image\":{\"@id\":\"https:\/\/www.justiceinfo.net\/fr#\/schema\/logo\/image\/\"},\"sameAs\":[\"https:\/\/www.facebook.com\/JusticeInfo\/\",\"https:\/\/x.com\/justiceinfonet\",\"https:\/\/www.linkedin.com\/company\/justice-info\",\"https:\/\/www.youtube.com\/channel\/UCyCEsARodyuWtkWyhn-e7pA\"]},{\"@type\":\"Person\",\"name\":\"afp\",\"url\":\"\/fr\/?s=afp\"}]}<\/script>\n<!-- \/ Yoast SEO Premium plugin. -->","yoast_head_json":{"title":"L'ambassadeur am\u00e9ricain affirme qu'Isra\u00ebl ne pr\u00e9voit pas de d\u00e9placement forc\u00e9 de la population de Gaza - JusticeInfo.net","robots":{"index":"index","follow":"follow","max-snippet":"max-snippet:-1","max-image-preview":"max-image-preview:large","max-video-preview":"max-video-preview:-1"},"canonical":"https:\/\/www.justiceinfo.net\/fr\/164627-lambassadeur-americain-affirme-quisrael-ne-prevoit-pas-de-deplacement-force-de-la-population-de-gaza.html","og_locale":"fr_FR","og_type":"article","og_title":"L'ambassadeur am\u00e9ricain affirme qu'Isra\u00ebl ne pr\u00e9voit pas de d\u00e9placement forc\u00e9 de la population de Gaza","og_description":"L'ambassadeur am\u00e9ricain en Isra\u00ebl a affirm\u00e9 samedi qu'il n'existait \"aucun plan\" pour expulser des Palestiniens de la bande de Gaza, apr\u00e8s que des ministres isra\u00e9liens ont appel\u00e9 \u00e0 vider le territoire de ses deux millions d'habitants et \u00e0 les transf\u00e9rer \u00e0 l'\u00e9tranger. \"Je peux vous affirmer cat\u00e9goriquement qu'il n'existe aucun plan isra\u00e9lien pour expulser la [&hellip;]","og_url":"https:\/\/www.justiceinfo.net\/fr\/164627-lambassadeur-americain-affirme-quisrael-ne-prevoit-pas-de-deplacement-force-de-la-population-de-gaza.html","og_site_name":"JusticeInfo.net","article_publisher":"https:\/\/www.facebook.com\/JusticeInfo\/","article_published_time":"2026-09-05T07:13:02+00:00","og_image":[{"width":1200,"height":630,"url":"https:\/\/www.justiceinfo.net\/wp-content\/uploads\/JusticeInfoNet_logo_1200x630px.jpg","type":"image\/jpeg"}],"author":"afp","twitter_card":"summary_large_image","twitter_creator":"@justiceinfonet","twitter_site":"@justiceinfonet","twitter_misc":{"\u00c9crit par":"afp","Dur\u00e9e de lecture estim\u00e9e":"2 minutes"},"schema":{"@context":"https:\/\/schema.org","@graph":[{"@type":"NewsArticle","@id":"https:\/\/www.justiceinfo.net\/fr\/164627-lambassadeur-americain-affirme-quisrael-ne-prevoit-pas-de-deplacement-force-de-la-population-de-gaza.html#article","isPartOf":{"@id":"https:\/\/www.justiceinfo.net\/fr\/164627-lambassadeur-americain-affirme-quisrael-ne-prevoit-pas-de-deplacement-force-de-la-population-de-gaza.html"},"author":{"name":"afp","@id":"https:\/\/www.justiceinfo.net\/fr#\/schema\/person\/713d340ef5f218fc36ce9b4244364a7f"},"headline":"L'ambassadeur am\u00e9ricain affirme qu'Isra\u00ebl ne pr\u00e9voit pas de d\u00e9placement forc\u00e9 de la population de Gaza","datePublished":"2026-09-05T07:13:02+00:00","mainEntityOfPage":{"@id":"https:\/\/www.justiceinfo.net\/fr\/164627-lambassadeur-americain-affirme-quisrael-ne-prevoit-pas-de-deplacement-force-de-la-population-de-gaza.html"},"wordCount":506,"commentCount":0,"publisher":{"@id":"https:\/\/www.justiceinfo.net\/fr#organization"},"articleSection":["Fil d'info AFP"],"inLanguage":"fr-FR","potentialAction":[{"@type":"CommentAction","name":"Comment","target":["https:\/\/www.justiceinfo.net\/fr\/164627-lambassadeur-americain-affirme-quisrael-ne-prevoit-pas-de-deplacement-force-de-la-population-de-gaza.html#respond"]}]},{"@type":"WebPage","@id":"https:\/\/www.justiceinfo.net\/fr\/164627-lambassadeur-americain-affirme-quisrael-ne-prevoit-pas-de-deplacement-force-de-la-population-de-gaza.html","url":"https:\/\/www.justiceinfo.net\/fr\/164627-lambassadeur-americain-affirme-quisrael-ne-prevoit-pas-de-deplacement-force-de-la-population-de-gaza.html","name":"L'ambassadeur am\u00e9ricain affirme qu'Isra\u00ebl ne pr\u00e9voit pas de d\u00e9placement forc\u00e9 de la population de Gaza - JusticeInfo.net","isPartOf":{"@id":"https:\/\/www.justiceinfo.net\/fr#website"},"datePublished":"2026-09-05T07:13:02+00:00","breadcrumb":{"@id":"https:\/\/www.justiceinfo.net\/fr\/164627-lambassadeur-americain-affirme-quisrael-ne-prevoit-pas-de-deplacement-force-de-la-population-de-gaza.html#breadcrumb"},"inLanguage":"fr-FR","potentialAction":[{"@type":"ReadAction","target":["https:\/\/www.justiceinfo.net\/fr\/164627-lambassadeur-americain-affirme-quisrael-ne-prevoit-pas-de-deplacement-force-de-la-population-de-gaza.html"]}]},{"@type":"BreadcrumbList","@id":"https:\/\/www.justiceinfo.net\/fr\/164627-lambassadeur-americain-affirme-quisrael-ne-prevoit-pas-de-deplacement-force-de-la-population-de-gaza.html#breadcrumb","itemListElement":[{"@type":"ListItem","position":1,"name":"Home","item":"https:\/\/www.justiceinfo.net\/fr"},{"@type":"ListItem","position":2,"name":"L'ambassadeur am\u00e9ricain affirme qu'Isra\u00ebl ne pr\u00e9voit pas de d\u00e9placement forc\u00e9 de la population de Gaza"}]},{"@type":"WebSite","@id":"https:\/\/www.justiceinfo.net\/fr#website","url":"https:\/\/www.justiceinfo.net\/fr","name":"JusticeInfo.net","description":"La justice doit \u00eatre vue pour \u00eatre rendue","publisher":{"@id":"https:\/\/www.justiceinfo.net\/fr#organization"},"potentialAction":[{"@type":"SearchAction","target":{"@type":"EntryPoint","urlTemplate":"https:\/\/www.justiceinfo.net\/fr?s={search_term_string}"},"query-input":{"@type":"PropertyValueSpecification","valueRequired":true,"valueName":"search_term_string"}}],"inLanguage":"fr-FR"},{"@type":"Organization","@id":"https:\/\/www.justiceinfo.net\/fr#organization","name":"Justice Info","url":"https:\/\/www.justiceinfo.net\/fr","logo":{"@type":"ImageObject","inLanguage":"fr-FR","@id":"https:\/\/www.justiceinfo.net\/fr#\/schema\/logo\/image\/","url":"https:\/\/www.justiceinfo.net\/wp-content\/uploads\/justiceinfo_logo-trans_1200x1200px.png","contentUrl":"https:\/\/www.justiceinfo.net\/wp-content\/uploads\/justiceinfo_logo-trans_1200x1200px.png","width":1199,"height":1200,"caption":"Justice Info"},"image":{"@id":"https:\/\/www.justiceinfo.net\/fr#\/schema\/logo\/image\/"},"sameAs":["https:\/\/www.facebook.com\/JusticeInfo\/","https:\/\/x.com\/justiceinfonet","https:\/\/www.linkedin.com\/company\/justice-info","https:\/\/www.youtube.com\/channel\/UCyCEsARodyuWtkWyhn-e7pA"]},{"@type":"Person","name":"afp","url":"\/fr\/?s=afp"}]}},"_links":{"self":[{"href":"https:\/\/www.justiceinfo.net\/fr\/wp-json\/wp\/v2\/posts\/164627","targetHints":{"allow":["GET"]}}],"collection":[{"href":"https:\/\/www.justiceinfo.net\/fr\/wp-json\/wp\/v2\/posts"}],"about":[{"href":"https:\/\/www.justiceinfo.net\/fr\/wp-json\/wp\/v2\/types\/post"}],"author":[{"embeddable":true,"href":"https:\/\/www.justiceinfo.net\/fr\/wp-json\/wp\/v2\/users\/60"}],"replies":[{"embeddable":true,"href":"https:\/\/www.justiceinfo.net\/fr\/wp-json\/wp\/v2\/comments?post=164627"}],"version-history":[{"count":0,"href":"https:\/\/www.justiceinfo.net\/fr\/wp-json\/wp\/v2\/posts\/164627\/revisions"}],"wp:attachment":[{"href":"https:\/\/www.justiceinfo.net\/fr\/wp-json\/wp\/v2\/media?parent=164627"}],"wp:term":[{"taxonomy":"category","embeddable":true,"href":"https:\/\/www.justiceinfo.net\/fr\/wp-json\/wp\/v2\/categories?post=164627"},{"taxonomy":"post_tag","embeddable":true,"href":"https:\/\/www.justiceinfo.net\/fr\/wp-json\/wp\/v2\/tags?post=164627"},{"taxonomy":"ji_location","embeddable":true,"href":"https:\/\/www.justiceinfo.net\/fr\/wp-json\/wp\/v2\/ji_location?post=164627"}],"curies":[{"name":"wp","href":"https:\/\/api.w.org\/{rel}","templated":true}]}}