{"id":164631,"date":"2026-09-05T11:28:03","date_gmt":"2026-09-05T09:28:03","guid":{"rendered":"https:\/\/www.justiceinfo.net\/164631-serbie-ministres-et-militaires-a-une-ceremonie-dhommage-au-criminel-de-guerre-ratko-mladic.html"},"modified":"2026-09-05T11:28:03","modified_gmt":"2026-09-05T09:28:03","slug":"serbie-ministres-et-militaires-a-une-ceremonie-dhommage-au-criminel-de-guerre-ratko-mladic","status":"publish","type":"post","link":"https:\/\/www.justiceinfo.net\/fr\/164631-serbie-ministres-et-militaires-a-une-ceremonie-dhommage-au-criminel-de-guerre-ratko-mladic.html","title":{"rendered":"Serbie: ministres et militaires \u00e0 une c\u00e9r\u00e9monie d'hommage au criminel de guerre Ratko Mladic"},"content":{"rendered":"<p>\n             Une c\u00e9r\u00e9monie s'est tenue samedi \u00e0 Belgrade en hommage au criminel de guerre Ratko Mladic, en pr\u00e9sence de plusieurs dizaines de militaires, de membres de sa famille et de responsables gouvernementaux, deux jours avant son enterrement dans la capitale serbe.\n<\/p>\n<p>\n            Ratko Mladic est d\u00e9c\u00e9d\u00e9 la semaine derni\u00e8re, \u00e0 l'\u00e2ge de 84 ans, \u00e0 la Haye (Pays-Bas), o\u00f9 il purgeait une peine de prison pour g\u00e9nocide, crimes de guerre et crimes contre l'humanit\u00e9 commis pendant la guerre de Bosnie, dans les ann\u00e9es 1990.\n<\/p>\n<p>\n            Sa d\u00e9pouille, transport\u00e9e en Serbie par un avion gouvernemental, a \u00e9t\u00e9 accueillie jeudi \u00e0 Belgrade avec les honneurs militaires.\n<\/p>\n<p>\n            L'ex-chef militaire des Serbes de Bosnie sera inhum\u00e9 dans un cimeti\u00e8re de Belgrade lundi, lors d'obs\u00e8ques auxquelles pourraient se rendre des milliers de personnes, en d\u00e9pit des condamnations internationales.\n<\/p>\n<p>\n            Samedi, environ 300 personnes ont assist\u00e9 \u00e0 la c\u00e9r\u00e9monie sur un site militaire \u00e0 Belgrade, organis\u00e9e par une association de g\u00e9n\u00e9raux de l'arm\u00e9e serbe encore actifs ou retrait\u00e9s, a constat\u00e9 un journaliste de l'AFP.\n<\/p>\n<p>\n            D'anciens militaires, son fils Darko Mladic et d'autres membres de la famille \u00e9taient pr\u00e9sents.\n<\/p>\n<p>\n            Le ministre serbe de la Justice Nenad Vujic, le pr\u00e9sident de l'entit\u00e9 serbe de Bosnie, la Republika Srpska (RS), Sinisa Karan, et deux ministres serbes de Bosnie \u00e9taient aussi l\u00e0.\n<\/p>\n<p>\n            Des dizaines de partisans de Ratko Mladic se sont rassembl\u00e9s devant la Maison de l'arm\u00e9e serbe, dans le centre de Belgrade, mais ont d\u00fb rester \u00e0 l'ext\u00e9rieur.\n<\/p>\n<p>\n            Certains brandissaient des drapeaux ou portaient des tee-shirts arborant une photo de Mladic en uniforme \u00e0 l'\u00e9poque de la guerre, avec l'inscription \"H\u00e9ros serbe\".\n<\/p>\n<p>\n            Pendant la c\u00e9r\u00e9monie, les orateurs ont salu\u00e9 le r\u00f4le de Mladic pendant la guerre en Bosnie et en Croatie, le d\u00e9crivant comme une \"figure marquante, aussi bien en tant qu'homme que soldat\".\n<\/p>\n<p>\n            Les atrocit\u00e9s commises pendant la guerre sous le commandement de Ratko Mladic lui ont valu le surnom de \"boucher des Balkans\" dans les m\u00e9dias internationaux.\n<\/p>\n<p>\n            Il avait \u00e9t\u00e9 reconnu coupable \u00e0 La Haye de g\u00e9nocide pour son r\u00f4le dans le massacre de Srebrenica, en juillet 1995, la pire tuerie en Europe depuis la Seconde Guerre mondiale, qui a co\u00fbt\u00e9 la vie \u00e0 environ 8.000 hommes et adolescents musulmans.\n<\/p>\n<p>\n            En d\u00e9pit des condamnations, il est toujours consid\u00e9r\u00e9 comme un h\u00e9ros par certains Serbes, en particulier en Republika Srpska, o\u00f9 sa mort a \u00e9t\u00e9 marqu\u00e9e par des veill\u00e9es et des rassemblements.<\/p>\n","protected":false},"excerpt":{"rendered":"<p>Une c\u00e9r\u00e9monie s'est tenue samedi \u00e0 Belgrade en hommage au criminel de guerre Ratko Mladic, en pr\u00e9sence de plusieurs dizaines de militaires, de membres de sa famille et de responsables gouvernementaux, deux jours avant son enterrement dans la capitale serbe. Ratko Mladic est d\u00e9c\u00e9d\u00e9 la semaine derni\u00e8re, \u00e0 l'\u00e2ge de 84 ans, \u00e0 la Haye [&hellip;]<\/p>\n","protected":false},"author":60,"featured_media":0,"comment_status":"open","ping_status":"closed","sticky":false,"template":"","format":"standard","meta":{"_acf_changed":false,"footnotes":""},"categories":[2576],"tags":[],"ji_location":[],"class_list":["post-164631","post","type-post","status-publish","format-standard","hentry","category-fil-d-actualite"],"acf":[],"yoast_head":"<!-- This site is optimized with the Yoast SEO Premium plugin v25.3.1 (Yoast SEO v25.3.1) - https:\/\/yoast.com\/wordpress\/plugins\/seo\/ -->\n<title>Serbie: ministres et militaires \u00e0 une c\u00e9r\u00e9monie d&#039;hommage au criminel de guerre Ratko Mladic - JusticeInfo.net<\/title>\n<meta name=\"robots\" content=\"index, follow, max-snippet:-1, max-image-preview:large, max-video-preview:-1\" \/>\n<link rel=\"canonical\" href=\"https:\/\/www.justiceinfo.net\/fr\/164631-serbie-ministres-et-militaires-a-une-ceremonie-dhommage-au-criminel-de-guerre-ratko-mladic.html\" \/>\n<meta property=\"og:locale\" content=\"fr_FR\" \/>\n<meta property=\"og:type\" content=\"article\" \/>\n<meta property=\"og:title\" content=\"Serbie: ministres et militaires \u00e0 une c\u00e9r\u00e9monie d&#039;hommage au criminel de guerre Ratko Mladic\" \/>\n<meta property=\"og:description\" content=\"Une c\u00e9r\u00e9monie s&#039;est tenue samedi \u00e0 Belgrade en hommage au criminel de guerre Ratko Mladic, en pr\u00e9sence de plusieurs dizaines de militaires, de membres de sa famille et de responsables gouvernementaux, deux jours avant son enterrement dans la capitale serbe. Ratko Mladic est d\u00e9c\u00e9d\u00e9 la semaine derni\u00e8re, \u00e0 l&#039;\u00e2ge de 84 ans, \u00e0 la Haye [&hellip;]\" \/>\n<meta property=\"og:url\" content=\"https:\/\/www.justiceinfo.net\/fr\/164631-serbie-ministres-et-militaires-a-une-ceremonie-dhommage-au-criminel-de-guerre-ratko-mladic.html\" \/>\n<meta property=\"og:site_name\" content=\"JusticeInfo.net\" \/>\n<meta property=\"article:publisher\" content=\"https:\/\/www.facebook.com\/JusticeInfo\/\" \/>\n<meta property=\"article:published_time\" content=\"2026-09-05T09:28:03+00:00\" \/>\n<meta property=\"og:image\" content=\"https:\/\/www.justiceinfo.net\/wp-content\/uploads\/JusticeInfoNet_logo_1200x630px.jpg\" \/>\n\t<meta property=\"og:image:width\" content=\"1200\" \/>\n\t<meta property=\"og:image:height\" content=\"630\" \/>\n\t<meta property=\"og:image:type\" content=\"image\/jpeg\" \/>\n<meta name=\"author\" content=\"afp\" \/>\n<meta name=\"twitter:card\" content=\"summary_large_image\" \/>\n<meta name=\"twitter:creator\" content=\"@justiceinfonet\" \/>\n<meta name=\"twitter:site\" content=\"@justiceinfonet\" \/>\n<meta name=\"twitter:label1\" content=\"\u00c9crit par\" \/>\n\t<meta name=\"twitter:data1\" content=\"afp\" \/>\n\t<meta name=\"twitter:label2\" content=\"Dur\u00e9e de lecture estim\u00e9e\" \/>\n\t<meta name=\"twitter:data2\" content=\"2 minutes\" \/>\n<script type=\"application\/ld+json\" class=\"yoast-schema-graph\">{\"@context\":\"https:\/\/schema.org\",\"@graph\":[{\"@type\":\"NewsArticle\",\"@id\":\"https:\/\/www.justiceinfo.net\/fr\/164631-serbie-ministres-et-militaires-a-une-ceremonie-dhommage-au-criminel-de-guerre-ratko-mladic.html#article\",\"isPartOf\":{\"@id\":\"https:\/\/www.justiceinfo.net\/fr\/164631-serbie-ministres-et-militaires-a-une-ceremonie-dhommage-au-criminel-de-guerre-ratko-mladic.html\"},\"author\":{\"name\":\"afp\",\"@id\":\"https:\/\/www.justiceinfo.net\/fr#\/schema\/person\/713d340ef5f218fc36ce9b4244364a7f\"},\"headline\":\"Serbie: ministres et militaires \u00e0 une c\u00e9r\u00e9monie d'hommage au criminel de guerre Ratko Mladic\",\"datePublished\":\"2026-09-05T09:28:03+00:00\",\"mainEntityOfPage\":{\"@id\":\"https:\/\/www.justiceinfo.net\/fr\/164631-serbie-ministres-et-militaires-a-une-ceremonie-dhommage-au-criminel-de-guerre-ratko-mladic.html\"},\"wordCount\":446,\"commentCount\":0,\"publisher\":{\"@id\":\"https:\/\/www.justiceinfo.net\/fr#organization\"},\"articleSection\":[\"Fil d'info AFP\"],\"inLanguage\":\"fr-FR\",\"potentialAction\":[{\"@type\":\"CommentAction\",\"name\":\"Comment\",\"target\":[\"https:\/\/www.justiceinfo.net\/fr\/164631-serbie-ministres-et-militaires-a-une-ceremonie-dhommage-au-criminel-de-guerre-ratko-mladic.html#respond\"]}]},{\"@type\":\"WebPage\",\"@id\":\"https:\/\/www.justiceinfo.net\/fr\/164631-serbie-ministres-et-militaires-a-une-ceremonie-dhommage-au-criminel-de-guerre-ratko-mladic.html\",\"url\":\"https:\/\/www.justiceinfo.net\/fr\/164631-serbie-ministres-et-militaires-a-une-ceremonie-dhommage-au-criminel-de-guerre-ratko-mladic.html\",\"name\":\"Serbie: ministres et militaires \u00e0 une c\u00e9r\u00e9monie d'hommage au criminel de guerre Ratko Mladic - JusticeInfo.net\",\"isPartOf\":{\"@id\":\"https:\/\/www.justiceinfo.net\/fr#website\"},\"datePublished\":\"2026-09-05T09:28:03+00:00\",\"breadcrumb\":{\"@id\":\"https:\/\/www.justiceinfo.net\/fr\/164631-serbie-ministres-et-militaires-a-une-ceremonie-dhommage-au-criminel-de-guerre-ratko-mladic.html#breadcrumb\"},\"inLanguage\":\"fr-FR\",\"potentialAction\":[{\"@type\":\"ReadAction\",\"target\":[\"https:\/\/www.justiceinfo.net\/fr\/164631-serbie-ministres-et-militaires-a-une-ceremonie-dhommage-au-criminel-de-guerre-ratko-mladic.html\"]}]},{\"@type\":\"BreadcrumbList\",\"@id\":\"https:\/\/www.justiceinfo.net\/fr\/164631-serbie-ministres-et-militaires-a-une-ceremonie-dhommage-au-criminel-de-guerre-ratko-mladic.html#breadcrumb\",\"itemListElement\":[{\"@type\":\"ListItem\",\"position\":1,\"name\":\"Home\",\"item\":\"https:\/\/www.justiceinfo.net\/fr\"},{\"@type\":\"ListItem\",\"position\":2,\"name\":\"Serbie: ministres et militaires \u00e0 une c\u00e9r\u00e9monie d'hommage au criminel de guerre Ratko Mladic\"}]},{\"@type\":\"WebSite\",\"@id\":\"https:\/\/www.justiceinfo.net\/fr#website\",\"url\":\"https:\/\/www.justiceinfo.net\/fr\",\"name\":\"JusticeInfo.net\",\"description\":\"La justice doit \u00eatre vue pour \u00eatre rendue\",\"publisher\":{\"@id\":\"https:\/\/www.justiceinfo.net\/fr#organization\"},\"potentialAction\":[{\"@type\":\"SearchAction\",\"target\":{\"@type\":\"EntryPoint\",\"urlTemplate\":\"https:\/\/www.justiceinfo.net\/fr?s={search_term_string}\"},\"query-input\":{\"@type\":\"PropertyValueSpecification\",\"valueRequired\":true,\"valueName\":\"search_term_string\"}}],\"inLanguage\":\"fr-FR\"},{\"@type\":\"Organization\",\"@id\":\"https:\/\/www.justiceinfo.net\/fr#organization\",\"name\":\"Justice Info\",\"url\":\"https:\/\/www.justiceinfo.net\/fr\",\"logo\":{\"@type\":\"ImageObject\",\"inLanguage\":\"fr-FR\",\"@id\":\"https:\/\/www.justiceinfo.net\/fr#\/schema\/logo\/image\/\",\"url\":\"https:\/\/www.justiceinfo.net\/wp-content\/uploads\/justiceinfo_logo-trans_1200x1200px.png\",\"contentUrl\":\"https:\/\/www.justiceinfo.net\/wp-content\/uploads\/justiceinfo_logo-trans_1200x1200px.png\",\"width\":1199,\"height\":1200,\"caption\":\"Justice Info\"},\"image\":{\"@id\":\"https:\/\/www.justiceinfo.net\/fr#\/schema\/logo\/image\/\"},\"sameAs\":[\"https:\/\/www.facebook.com\/JusticeInfo\/\",\"https:\/\/x.com\/justiceinfonet\",\"https:\/\/www.linkedin.com\/company\/justice-info\",\"https:\/\/www.youtube.com\/channel\/UCyCEsARodyuWtkWyhn-e7pA\"]},{\"@type\":\"Person\",\"name\":\"afp\",\"url\":\"\/fr\/?s=afp\"}]}<\/script>\n<!-- \/ Yoast SEO Premium plugin. -->","yoast_head_json":{"title":"Serbie: ministres et militaires \u00e0 une c\u00e9r\u00e9monie d'hommage au criminel de guerre Ratko Mladic - JusticeInfo.net","robots":{"index":"index","follow":"follow","max-snippet":"max-snippet:-1","max-image-preview":"max-image-preview:large","max-video-preview":"max-video-preview:-1"},"canonical":"https:\/\/www.justiceinfo.net\/fr\/164631-serbie-ministres-et-militaires-a-une-ceremonie-dhommage-au-criminel-de-guerre-ratko-mladic.html","og_locale":"fr_FR","og_type":"article","og_title":"Serbie: ministres et militaires \u00e0 une c\u00e9r\u00e9monie d'hommage au criminel de guerre Ratko Mladic","og_description":"Une c\u00e9r\u00e9monie s'est tenue samedi \u00e0 Belgrade en hommage au criminel de guerre Ratko Mladic, en pr\u00e9sence de plusieurs dizaines de militaires, de membres de sa famille et de responsables gouvernementaux, deux jours avant son enterrement dans la capitale serbe. Ratko Mladic est d\u00e9c\u00e9d\u00e9 la semaine derni\u00e8re, \u00e0 l'\u00e2ge de 84 ans, \u00e0 la Haye [&hellip;]","og_url":"https:\/\/www.justiceinfo.net\/fr\/164631-serbie-ministres-et-militaires-a-une-ceremonie-dhommage-au-criminel-de-guerre-ratko-mladic.html","og_site_name":"JusticeInfo.net","article_publisher":"https:\/\/www.facebook.com\/JusticeInfo\/","article_published_time":"2026-09-05T09:28:03+00:00","og_image":[{"width":1200,"height":630,"url":"https:\/\/www.justiceinfo.net\/wp-content\/uploads\/JusticeInfoNet_logo_1200x630px.jpg","type":"image\/jpeg"}],"author":"afp","twitter_card":"summary_large_image","twitter_creator":"@justiceinfonet","twitter_site":"@justiceinfonet","twitter_misc":{"\u00c9crit par":"afp","Dur\u00e9e de lecture estim\u00e9e":"2 minutes"},"schema":{"@context":"https:\/\/schema.org","@graph":[{"@type":"NewsArticle","@id":"https:\/\/www.justiceinfo.net\/fr\/164631-serbie-ministres-et-militaires-a-une-ceremonie-dhommage-au-criminel-de-guerre-ratko-mladic.html#article","isPartOf":{"@id":"https:\/\/www.justiceinfo.net\/fr\/164631-serbie-ministres-et-militaires-a-une-ceremonie-dhommage-au-criminel-de-guerre-ratko-mladic.html"},"author":{"name":"afp","@id":"https:\/\/www.justiceinfo.net\/fr#\/schema\/person\/713d340ef5f218fc36ce9b4244364a7f"},"headline":"Serbie: ministres et militaires \u00e0 une c\u00e9r\u00e9monie d'hommage au criminel de guerre Ratko Mladic","datePublished":"2026-09-05T09:28:03+00:00","mainEntityOfPage":{"@id":"https:\/\/www.justiceinfo.net\/fr\/164631-serbie-ministres-et-militaires-a-une-ceremonie-dhommage-au-criminel-de-guerre-ratko-mladic.html"},"wordCount":446,"commentCount":0,"publisher":{"@id":"https:\/\/www.justiceinfo.net\/fr#organization"},"articleSection":["Fil d'info AFP"],"inLanguage":"fr-FR","potentialAction":[{"@type":"CommentAction","name":"Comment","target":["https:\/\/www.justiceinfo.net\/fr\/164631-serbie-ministres-et-militaires-a-une-ceremonie-dhommage-au-criminel-de-guerre-ratko-mladic.html#respond"]}]},{"@type":"WebPage","@id":"https:\/\/www.justiceinfo.net\/fr\/164631-serbie-ministres-et-militaires-a-une-ceremonie-dhommage-au-criminel-de-guerre-ratko-mladic.html","url":"https:\/\/www.justiceinfo.net\/fr\/164631-serbie-ministres-et-militaires-a-une-ceremonie-dhommage-au-criminel-de-guerre-ratko-mladic.html","name":"Serbie: ministres et militaires \u00e0 une c\u00e9r\u00e9monie d'hommage au criminel de guerre Ratko Mladic - JusticeInfo.net","isPartOf":{"@id":"https:\/\/www.justiceinfo.net\/fr#website"},"datePublished":"2026-09-05T09:28:03+00:00","breadcrumb":{"@id":"https:\/\/www.justiceinfo.net\/fr\/164631-serbie-ministres-et-militaires-a-une-ceremonie-dhommage-au-criminel-de-guerre-ratko-mladic.html#breadcrumb"},"inLanguage":"fr-FR","potentialAction":[{"@type":"ReadAction","target":["https:\/\/www.justiceinfo.net\/fr\/164631-serbie-ministres-et-militaires-a-une-ceremonie-dhommage-au-criminel-de-guerre-ratko-mladic.html"]}]},{"@type":"BreadcrumbList","@id":"https:\/\/www.justiceinfo.net\/fr\/164631-serbie-ministres-et-militaires-a-une-ceremonie-dhommage-au-criminel-de-guerre-ratko-mladic.html#breadcrumb","itemListElement":[{"@type":"ListItem","position":1,"name":"Home","item":"https:\/\/www.justiceinfo.net\/fr"},{"@type":"ListItem","position":2,"name":"Serbie: ministres et militaires \u00e0 une c\u00e9r\u00e9monie d'hommage au criminel de guerre Ratko Mladic"}]},{"@type":"WebSite","@id":"https:\/\/www.justiceinfo.net\/fr#website","url":"https:\/\/www.justiceinfo.net\/fr","name":"JusticeInfo.net","description":"La justice doit \u00eatre vue pour \u00eatre rendue","publisher":{"@id":"https:\/\/www.justiceinfo.net\/fr#organization"},"potentialAction":[{"@type":"SearchAction","target":{"@type":"EntryPoint","urlTemplate":"https:\/\/www.justiceinfo.net\/fr?s={search_term_string}"},"query-input":{"@type":"PropertyValueSpecification","valueRequired":true,"valueName":"search_term_string"}}],"inLanguage":"fr-FR"},{"@type":"Organization","@id":"https:\/\/www.justiceinfo.net\/fr#organization","name":"Justice Info","url":"https:\/\/www.justiceinfo.net\/fr","logo":{"@type":"ImageObject","inLanguage":"fr-FR","@id":"https:\/\/www.justiceinfo.net\/fr#\/schema\/logo\/image\/","url":"https:\/\/www.justiceinfo.net\/wp-content\/uploads\/justiceinfo_logo-trans_1200x1200px.png","contentUrl":"https:\/\/www.justiceinfo.net\/wp-content\/uploads\/justiceinfo_logo-trans_1200x1200px.png","width":1199,"height":1200,"caption":"Justice Info"},"image":{"@id":"https:\/\/www.justiceinfo.net\/fr#\/schema\/logo\/image\/"},"sameAs":["https:\/\/www.facebook.com\/JusticeInfo\/","https:\/\/x.com\/justiceinfonet","https:\/\/www.linkedin.com\/company\/justice-info","https:\/\/www.youtube.com\/channel\/UCyCEsARodyuWtkWyhn-e7pA"]},{"@type":"Person","name":"afp","url":"\/fr\/?s=afp"}]}},"_links":{"self":[{"href":"https:\/\/www.justiceinfo.net\/fr\/wp-json\/wp\/v2\/posts\/164631","targetHints":{"allow":["GET"]}}],"collection":[{"href":"https:\/\/www.justiceinfo.net\/fr\/wp-json\/wp\/v2\/posts"}],"about":[{"href":"https:\/\/www.justiceinfo.net\/fr\/wp-json\/wp\/v2\/types\/post"}],"author":[{"embeddable":true,"href":"https:\/\/www.justiceinfo.net\/fr\/wp-json\/wp\/v2\/users\/60"}],"replies":[{"embeddable":true,"href":"https:\/\/www.justiceinfo.net\/fr\/wp-json\/wp\/v2\/comments?post=164631"}],"version-history":[{"count":0,"href":"https:\/\/www.justiceinfo.net\/fr\/wp-json\/wp\/v2\/posts\/164631\/revisions"}],"wp:attachment":[{"href":"https:\/\/www.justiceinfo.net\/fr\/wp-json\/wp\/v2\/media?parent=164631"}],"wp:term":[{"taxonomy":"category","embeddable":true,"href":"https:\/\/www.justiceinfo.net\/fr\/wp-json\/wp\/v2\/categories?post=164631"},{"taxonomy":"post_tag","embeddable":true,"href":"https:\/\/www.justiceinfo.net\/fr\/wp-json\/wp\/v2\/tags?post=164631"},{"taxonomy":"ji_location","embeddable":true,"href":"https:\/\/www.justiceinfo.net\/fr\/wp-json\/wp\/v2\/ji_location?post=164631"}],"curies":[{"name":"wp","href":"https:\/\/api.w.org\/{rel}","templated":true}]}}