{"id":1711,"date":"2015-08-21T12:00:29","date_gmt":"2015-08-21T10:00:29","guid":{"rendered":"https:\/\/www.justiceinfo.net\/1711-centrafrique-un-nouveau-prix-international-decerne-a-la-plateforme-interconfessionnelle.html"},"modified":"2015-08-21T12:00:29","modified_gmt":"2015-08-21T10:00:29","slug":"centrafrique-un-nouveau-prix-international-decerne-a-la-plateforme-interconfessionnelle","status":"publish","type":"post","link":"https:\/\/www.justiceinfo.net\/fr\/1711-centrafrique-un-nouveau-prix-international-decerne-a-la-plateforme-interconfessionnelle.html","title":{"rendered":"Centrafrique : un nouveau prix international d\u00e9cern\u00e9 \u00e0 la Plateforme interconfessionnelle"},"content":{"rendered":"<p>Souvent raill\u00e9s ou injuri\u00e9s dans leur pays o\u00f9 leur message d\u2019amour et de paix se heurte parfois \u00e0 l\u2019intol\u00e9rance et \u00e0 l\u2019extr\u00e9misme, l'Archev\u00eaque catholique de Bangui, Mgr. Dieudonn\u00e9 Nzapalainga, le pr\u00e9sident du Conseil islamique de Centrafrique, l'Imam Oumar Kobine Layama et le pr\u00e9sident de l'Alliance \u00e9vang\u00e9lique, le pasteur Nicolas Gu\u00e9r\u00e9koyam\u00e9n\u00e9-Gbangou trouvent plus de reconnaissance de leur travail aupr\u00e8s des \u00e9trangers.<\/p>\n<p>Les trois eccl\u00e9siastiques qui luttent, sans r\u00e9pit, pour le retour \u00e0 la paix dans leur Centrafrique d\u00e9chir\u00e9e par des conflits intercommunautaires, ont re\u00e7u mercredi \u00e0 Gen\u00e8ve, au nom de leur Interfaith Peace Platorm, \u00a0le Prix Sergio de Mello 2015. Il s\u2019agit d\u2019une reconnaissance des \u00ab\u00a0efforts accomplis en vue de la r\u00e9conciliation des groupes religieux dans l'espoir de parvenir \u00e0 une paix durable en R\u00e9publique centrafricaine (RCA), pays d\u00e9vast\u00e9 par une guerre entre fractions\u00a0\u00bb, indique un communiqu\u00e9 de la Fondation Sergio de Mello.<\/p>\n<p>Ce prix est remis tous les deux ans \u00e0 une personne, un groupe ou une organisation ayant fait quelque chose de sp\u00e9cial et d\u2019unique pour r\u00e9concilier des personnes et des parties en conflit afin de perp\u00e9tuer l\u2019id\u00e9al du Br\u00e9silien Sergio Vieira de Mello. Alors\u00a0repr\u00e9sentant sp\u00e9cial du secr\u00e9taire g\u00e9n\u00e9ral des Nations unies \u00e0 Bagdad, le diplomate br\u00e9silien a \u00e9t\u00e9 tu\u00e9 le 19 ao\u00fbt 2003 dans une attaque \u00e0 la voiture pi\u00e9g\u00e9e.<\/p>\n<p>Cr\u00e9\u00e9e en 2013, en plein conflit arm\u00e9, la plateforme anim\u00e9e par les trois leaders religieux centrafricains pr\u00f4ne le dialogue interreligieux \u00e0 titre de mesure pr\u00e9ventive contre la violence religieuse pour construire la paix en RCA.<\/p>\n<p>En v\u00e9ritables crois\u00e9s, les trois hommes sillonnent inlassablement leur pays pour dialoguer avec les communaut\u00e9s sur la n\u00e9cessit\u00e9 de promouvoir la paix, le respect mutuel, la tol\u00e9rance et la confiance.<\/p>\n<p>Sur le plan international, ils ont plaid\u00e9 avec succ\u00e8s pour l\u2019envoi de troupes des Nations unies en Centrafrique.<\/p>\n<p>\u00a0<\/p>\n<p><strong>\u00a0<\/strong><\/p>\n<p><strong>Le prix de l\u2019ONG Search for Common Ground<\/strong><\/p>\n<p>\u00a0<\/p>\n<p>\u00a0<\/p>\n<p>\u00ab\u00a0Interfaith Peace Platform est un exemple de ce qu'il peut \u00eatre fait en cas de crise majeure dans un pays victime de fractures sociales, culturelles et religieuses \u00a0conduisant \u00e0 la violence\u00a0\u00bb, a d\u00e9clar\u00e9 Laurent Vieira de Mello, pr\u00e9sident de la Fondation Sergio Vieira de Mello. \u00ab\u00a0Interfaith Peace Platform peut servir de mod\u00e8le et \u00eatre reproduit dans de nombreux autres pays touch\u00e9s par des conflits. Leur action d\u00e9montre que la pr\u00e9vention par le dialogue est la cl\u00e9 pour r\u00e9soudre les crises de r\u00e9fugi\u00e9s et de d\u00e9plac\u00e9s dans le monde\u00a0\u00bb, a-t-il ajout\u00e9.<\/p>\n<p>Ce n\u2019est pas la premi\u00e8re reconnaissance de l\u2019\u0153uvre des trois dirigeants religieux. A la fin de l\u2019ann\u00e9e derni\u00e8re, ils \u00e9taient \u00e0 New York pour la r\u00e9ception d\u2019un prix de l'organisation am\u00e9ricaine Search for Common Ground. Cette ONG honore chaque ann\u00e9e une personnalit\u00e9 ou des personnalit\u00e9s ayant accompli un travail exceptionnel dans la r\u00e9solution des conflits. Au palmar\u00e8s des laur\u00e9ats de ce prestigieux prix, se trouve notamment l\u2019Archev\u00eaque noir sud-africain Desmond Tutu, \u00e9galement Prix Nobel de la Paix.<\/p>\n<p>En Centrafrique, le combat quotidien pour la tol\u00e9rance et la coexistence pacifique n\u2019est pas l\u2019apanage de hauts responsables religieux. En t\u00e9moigne le jeune pr\u00eatre catholique de campagne Bernard Kinvi, co-laur\u00e9at, en 2014, du Prix Alison Des Forges, du nom de l\u2019ancienne conseill\u00e8re senior \u00e0 Human Rights Watch (HRW) durant pr\u00e8s de vingt ans, d\u00e9c\u00e9d\u00e9e le 12 f\u00e9vrier 2009 lors d\u2019un accident d\u2019avion dans l\u2019\u00e9tat de New York.<\/p>\n<p>Historienne et militante des droits de l\u2019homme, Alison Des Forges faisait incontestablement partie des principaux sp\u00e9cialistes mondiaux du Rwanda, du g\u00e9nocide des Tutsis de 1994 et de ses cons\u00e9quences.<\/p>\n<p>Le p\u00e8re Kinvi, qui dirige l'h\u00f4pital de la mission catholique de Bossemptele, en R\u00e9publique centrafricaine, a sauv\u00e9 en 2014 les vies de centaines de musulmans assi\u00e9g\u00e9s, qu'il est all\u00e9 chercher \u00e0 leurs domiciles pour leur donner refuge \u00e0 la mission catholique, au p\u00e9ril de sa propre vie.<\/p>\n<p>\u00a0<\/p>\n","protected":false},"excerpt":{"rendered":"<p>Souvent raill\u00e9s ou injuri\u00e9s dans leur pays o\u00f9 leur message d\u2019amour et de paix se heurte parfois \u00e0 l\u2019intol\u00e9rance et \u00e0 l\u2019extr\u00e9misme, l'Archev\u00eaque catholique de Bangui, Mgr. Dieudonn\u00e9 Nzapalainga, le pr\u00e9sident du Conseil islamique de Centrafrique, l'Imam Oumar Kobine Layama et le pr\u00e9sident de l'Alliance \u00e9vang\u00e9lique, le pasteur Nicolas Gu\u00e9r\u00e9koyam\u00e9n\u00e9-Gbangou trouvent plus de reconnaissance de [&hellip;]<\/p>\n","protected":false},"author":59,"featured_media":64375,"comment_status":"open","ping_status":"closed","sticky":false,"template":"","format":"standard","meta":{"_acf_changed":false,"footnotes":""},"categories":[549],"tags":[],"ji_location":[2164],"class_list":["post-1711","post","type-post","status-publish","format-standard","has-post-thumbnail","hentry","category-reconciliation","ji_location-republique-centrafricaine"],"acf":[],"yoast_head":"<!-- This site is optimized with the Yoast SEO Premium plugin v25.3.1 (Yoast SEO v25.3.1) - https:\/\/yoast.com\/wordpress\/plugins\/seo\/ -->\n<title>Centrafrique : un nouveau prix international d\u00e9cern\u00e9 \u00e0 la Plateforme interconfessionnelle - JusticeInfo.net<\/title>\n<meta name=\"robots\" content=\"index, follow, max-snippet:-1, max-image-preview:large, max-video-preview:-1\" \/>\n<link rel=\"canonical\" href=\"https:\/\/www.justiceinfo.net\/fr\/1711-centrafrique-un-nouveau-prix-international-decerne-a-la-plateforme-interconfessionnelle.html\" \/>\n<meta property=\"og:locale\" content=\"fr_FR\" \/>\n<meta property=\"og:type\" content=\"article\" \/>\n<meta property=\"og:title\" content=\"Centrafrique : un nouveau prix international d\u00e9cern\u00e9 \u00e0 la Plateforme interconfessionnelle\" \/>\n<meta property=\"og:description\" content=\"Souvent raill\u00e9s ou injuri\u00e9s dans leur pays o\u00f9 leur message d\u2019amour et de paix se heurte parfois \u00e0 l\u2019intol\u00e9rance et \u00e0 l\u2019extr\u00e9misme, l&#039;Archev\u00eaque catholique de Bangui, Mgr. Dieudonn\u00e9 Nzapalainga, le pr\u00e9sident du Conseil islamique de Centrafrique, l&#039;Imam Oumar Kobine Layama et le pr\u00e9sident de l&#039;Alliance \u00e9vang\u00e9lique, le pasteur Nicolas Gu\u00e9r\u00e9koyam\u00e9n\u00e9-Gbangou trouvent plus de reconnaissance de [&hellip;]\" \/>\n<meta property=\"og:url\" content=\"https:\/\/www.justiceinfo.net\/fr\/1711-centrafrique-un-nouveau-prix-international-decerne-a-la-plateforme-interconfessionnelle.html\" \/>\n<meta property=\"og:site_name\" content=\"JusticeInfo.net\" \/>\n<meta property=\"article:publisher\" content=\"https:\/\/www.facebook.com\/JusticeInfo\/\" \/>\n<meta property=\"article:author\" content=\"https:\/\/www.facebook.com\/rugiririza.ephrem.1\" \/>\n<meta property=\"article:published_time\" content=\"2015-08-21T10:00:29+00:00\" \/>\n<meta property=\"og:image\" content=\"https:\/\/www.justiceinfo.net\/wp-content\/uploads\/3a93e06a79b58e8e24434c313eb7a045-scaled.jpg\" \/>\n\t<meta property=\"og:image:width\" content=\"2560\" \/>\n\t<meta property=\"og:image:height\" content=\"1707\" \/>\n\t<meta property=\"og:image:type\" content=\"image\/jpeg\" \/>\n<meta name=\"author\" content=\"Ephrem Rugiririza, JusticeInfo.net\" \/>\n<meta name=\"twitter:card\" content=\"summary_large_image\" \/>\n<meta name=\"twitter:creator\" content=\"@ER72777667\" \/>\n<meta name=\"twitter:site\" content=\"@justiceinfonet\" \/>\n<meta name=\"twitter:label1\" content=\"\u00c9crit par\" \/>\n\t<meta name=\"twitter:data1\" content=\"Ephrem Rugiririza, JusticeInfo.net\" \/>\n\t<meta name=\"twitter:label2\" content=\"Dur\u00e9e de lecture estim\u00e9e\" \/>\n\t<meta name=\"twitter:data2\" content=\"3 minutes\" \/>\n<script type=\"application\/ld+json\" class=\"yoast-schema-graph\">{\"@context\":\"https:\/\/schema.org\",\"@graph\":[{\"@type\":\"NewsArticle\",\"@id\":\"https:\/\/www.justiceinfo.net\/fr\/1711-centrafrique-un-nouveau-prix-international-decerne-a-la-plateforme-interconfessionnelle.html#article\",\"isPartOf\":{\"@id\":\"https:\/\/www.justiceinfo.net\/fr\/1711-centrafrique-un-nouveau-prix-international-decerne-a-la-plateforme-interconfessionnelle.html\"},\"author\":{\"name\":\"erugiririza\",\"@id\":\"https:\/\/www.justiceinfo.net\/fr#\/schema\/person\/3c444bdbf3536fdebfdc6b3a06b2fc4a\"},\"headline\":\"Centrafrique : un nouveau prix international d\u00e9cern\u00e9 \u00e0 la Plateforme interconfessionnelle\",\"datePublished\":\"2015-08-21T10:00:29+00:00\",\"mainEntityOfPage\":{\"@id\":\"https:\/\/www.justiceinfo.net\/fr\/1711-centrafrique-un-nouveau-prix-international-decerne-a-la-plateforme-interconfessionnelle.html\"},\"wordCount\":717,\"commentCount\":0,\"publisher\":{\"@id\":\"https:\/\/www.justiceinfo.net\/fr#organization\"},\"image\":{\"@id\":\"https:\/\/www.justiceinfo.net\/fr\/1711-centrafrique-un-nouveau-prix-international-decerne-a-la-plateforme-interconfessionnelle.html#primaryimage\"},\"thumbnailUrl\":\"https:\/\/www.justiceinfo.net\/wp-content\/uploads\/3a93e06a79b58e8e24434c313eb7a045-scaled.jpg\",\"articleSection\":[\"R\u00e9conciliation\"],\"inLanguage\":\"fr-FR\",\"potentialAction\":[{\"@type\":\"CommentAction\",\"name\":\"Comment\",\"target\":[\"https:\/\/www.justiceinfo.net\/fr\/1711-centrafrique-un-nouveau-prix-international-decerne-a-la-plateforme-interconfessionnelle.html#respond\"]}]},{\"@type\":\"WebPage\",\"@id\":\"https:\/\/www.justiceinfo.net\/fr\/1711-centrafrique-un-nouveau-prix-international-decerne-a-la-plateforme-interconfessionnelle.html\",\"url\":\"https:\/\/www.justiceinfo.net\/fr\/1711-centrafrique-un-nouveau-prix-international-decerne-a-la-plateforme-interconfessionnelle.html\",\"name\":\"Centrafrique : un nouveau prix international d\u00e9cern\u00e9 \u00e0 la Plateforme interconfessionnelle - JusticeInfo.net\",\"isPartOf\":{\"@id\":\"https:\/\/www.justiceinfo.net\/fr#website\"},\"primaryImageOfPage\":{\"@id\":\"https:\/\/www.justiceinfo.net\/fr\/1711-centrafrique-un-nouveau-prix-international-decerne-a-la-plateforme-interconfessionnelle.html#primaryimage\"},\"image\":{\"@id\":\"https:\/\/www.justiceinfo.net\/fr\/1711-centrafrique-un-nouveau-prix-international-decerne-a-la-plateforme-interconfessionnelle.html#primaryimage\"},\"thumbnailUrl\":\"https:\/\/www.justiceinfo.net\/wp-content\/uploads\/3a93e06a79b58e8e24434c313eb7a045-scaled.jpg\",\"datePublished\":\"2015-08-21T10:00:29+00:00\",\"breadcrumb\":{\"@id\":\"https:\/\/www.justiceinfo.net\/fr\/1711-centrafrique-un-nouveau-prix-international-decerne-a-la-plateforme-interconfessionnelle.html#breadcrumb\"},\"inLanguage\":\"fr-FR\",\"potentialAction\":[{\"@type\":\"ReadAction\",\"target\":[\"https:\/\/www.justiceinfo.net\/fr\/1711-centrafrique-un-nouveau-prix-international-decerne-a-la-plateforme-interconfessionnelle.html\"]}]},{\"@type\":\"ImageObject\",\"inLanguage\":\"fr-FR\",\"@id\":\"https:\/\/www.justiceinfo.net\/fr\/1711-centrafrique-un-nouveau-prix-international-decerne-a-la-plateforme-interconfessionnelle.html#primaryimage\",\"url\":\"https:\/\/www.justiceinfo.net\/wp-content\/uploads\/3a93e06a79b58e8e24434c313eb7a045-scaled.jpg\",\"contentUrl\":\"https:\/\/www.justiceinfo.net\/wp-content\/uploads\/3a93e06a79b58e8e24434c313eb7a045-scaled.jpg\",\"width\":2560,\"height\":1707},{\"@type\":\"BreadcrumbList\",\"@id\":\"https:\/\/www.justiceinfo.net\/fr\/1711-centrafrique-un-nouveau-prix-international-decerne-a-la-plateforme-interconfessionnelle.html#breadcrumb\",\"itemListElement\":[{\"@type\":\"ListItem\",\"position\":1,\"name\":\"Home\",\"item\":\"https:\/\/www.justiceinfo.net\/fr\"},{\"@type\":\"ListItem\",\"position\":2,\"name\":\"Centrafrique : un nouveau prix international d\u00e9cern\u00e9 \u00e0 la Plateforme interconfessionnelle\"}]},{\"@type\":\"WebSite\",\"@id\":\"https:\/\/www.justiceinfo.net\/fr#website\",\"url\":\"https:\/\/www.justiceinfo.net\/fr\",\"name\":\"JusticeInfo.net\",\"description\":\"La justice doit \u00eatre vue pour \u00eatre rendue\",\"publisher\":{\"@id\":\"https:\/\/www.justiceinfo.net\/fr#organization\"},\"potentialAction\":[{\"@type\":\"SearchAction\",\"target\":{\"@type\":\"EntryPoint\",\"urlTemplate\":\"https:\/\/www.justiceinfo.net\/fr?s={search_term_string}\"},\"query-input\":{\"@type\":\"PropertyValueSpecification\",\"valueRequired\":true,\"valueName\":\"search_term_string\"}}],\"inLanguage\":\"fr-FR\"},{\"@type\":\"Organization\",\"@id\":\"https:\/\/www.justiceinfo.net\/fr#organization\",\"name\":\"Justice Info\",\"url\":\"https:\/\/www.justiceinfo.net\/fr\",\"logo\":{\"@type\":\"ImageObject\",\"inLanguage\":\"fr-FR\",\"@id\":\"https:\/\/www.justiceinfo.net\/fr#\/schema\/logo\/image\/\",\"url\":\"https:\/\/www.justiceinfo.net\/wp-content\/uploads\/justiceinfo_logo-trans_1200x1200px.png\",\"contentUrl\":\"https:\/\/www.justiceinfo.net\/wp-content\/uploads\/justiceinfo_logo-trans_1200x1200px.png\",\"width\":1199,\"height\":1200,\"caption\":\"Justice Info\"},\"image\":{\"@id\":\"https:\/\/www.justiceinfo.net\/fr#\/schema\/logo\/image\/\"},\"sameAs\":[\"https:\/\/www.facebook.com\/JusticeInfo\/\",\"https:\/\/x.com\/justiceinfonet\",\"https:\/\/www.linkedin.com\/company\/justice-info\",\"https:\/\/www.youtube.com\/channel\/UCyCEsARodyuWtkWyhn-e7pA\"]},{\"@type\":\"Person\",\"name\":\"Ephrem Rugiririza, JusticeInfo.net\",\"sameAs\":[\"https:\/\/www.facebook.com\/rugiririza.ephrem.1\",\"https:\/\/x.com\/ER72777667\"],\"url\":\"https:\/\/www.justiceinfo.net\/fr\/auteur\/erugiririza\"}]}<\/script>\n<!-- \/ Yoast SEO Premium plugin. -->","yoast_head_json":{"title":"Centrafrique : un nouveau prix international d\u00e9cern\u00e9 \u00e0 la Plateforme interconfessionnelle - JusticeInfo.net","robots":{"index":"index","follow":"follow","max-snippet":"max-snippet:-1","max-image-preview":"max-image-preview:large","max-video-preview":"max-video-preview:-1"},"canonical":"https:\/\/www.justiceinfo.net\/fr\/1711-centrafrique-un-nouveau-prix-international-decerne-a-la-plateforme-interconfessionnelle.html","og_locale":"fr_FR","og_type":"article","og_title":"Centrafrique : un nouveau prix international d\u00e9cern\u00e9 \u00e0 la Plateforme interconfessionnelle","og_description":"Souvent raill\u00e9s ou injuri\u00e9s dans leur pays o\u00f9 leur message d\u2019amour et de paix se heurte parfois \u00e0 l\u2019intol\u00e9rance et \u00e0 l\u2019extr\u00e9misme, l'Archev\u00eaque catholique de Bangui, Mgr. Dieudonn\u00e9 Nzapalainga, le pr\u00e9sident du Conseil islamique de Centrafrique, l'Imam Oumar Kobine Layama et le pr\u00e9sident de l'Alliance \u00e9vang\u00e9lique, le pasteur Nicolas Gu\u00e9r\u00e9koyam\u00e9n\u00e9-Gbangou trouvent plus de reconnaissance de [&hellip;]","og_url":"https:\/\/www.justiceinfo.net\/fr\/1711-centrafrique-un-nouveau-prix-international-decerne-a-la-plateforme-interconfessionnelle.html","og_site_name":"JusticeInfo.net","article_publisher":"https:\/\/www.facebook.com\/JusticeInfo\/","article_author":"https:\/\/www.facebook.com\/rugiririza.ephrem.1","article_published_time":"2015-08-21T10:00:29+00:00","og_image":[{"width":2560,"height":1707,"url":"https:\/\/www.justiceinfo.net\/wp-content\/uploads\/3a93e06a79b58e8e24434c313eb7a045-scaled.jpg","type":"image\/jpeg"}],"author":"Ephrem Rugiririza, JusticeInfo.net","twitter_card":"summary_large_image","twitter_creator":"@ER72777667","twitter_site":"@justiceinfonet","twitter_misc":{"\u00c9crit par":"Ephrem Rugiririza, JusticeInfo.net","Dur\u00e9e de lecture estim\u00e9e":"3 minutes"},"schema":{"@context":"https:\/\/schema.org","@graph":[{"@type":"NewsArticle","@id":"https:\/\/www.justiceinfo.net\/fr\/1711-centrafrique-un-nouveau-prix-international-decerne-a-la-plateforme-interconfessionnelle.html#article","isPartOf":{"@id":"https:\/\/www.justiceinfo.net\/fr\/1711-centrafrique-un-nouveau-prix-international-decerne-a-la-plateforme-interconfessionnelle.html"},"author":{"name":"erugiririza","@id":"https:\/\/www.justiceinfo.net\/fr#\/schema\/person\/3c444bdbf3536fdebfdc6b3a06b2fc4a"},"headline":"Centrafrique : un nouveau prix international d\u00e9cern\u00e9 \u00e0 la Plateforme interconfessionnelle","datePublished":"2015-08-21T10:00:29+00:00","mainEntityOfPage":{"@id":"https:\/\/www.justiceinfo.net\/fr\/1711-centrafrique-un-nouveau-prix-international-decerne-a-la-plateforme-interconfessionnelle.html"},"wordCount":717,"commentCount":0,"publisher":{"@id":"https:\/\/www.justiceinfo.net\/fr#organization"},"image":{"@id":"https:\/\/www.justiceinfo.net\/fr\/1711-centrafrique-un-nouveau-prix-international-decerne-a-la-plateforme-interconfessionnelle.html#primaryimage"},"thumbnailUrl":"https:\/\/www.justiceinfo.net\/wp-content\/uploads\/3a93e06a79b58e8e24434c313eb7a045-scaled.jpg","articleSection":["R\u00e9conciliation"],"inLanguage":"fr-FR","potentialAction":[{"@type":"CommentAction","name":"Comment","target":["https:\/\/www.justiceinfo.net\/fr\/1711-centrafrique-un-nouveau-prix-international-decerne-a-la-plateforme-interconfessionnelle.html#respond"]}]},{"@type":"WebPage","@id":"https:\/\/www.justiceinfo.net\/fr\/1711-centrafrique-un-nouveau-prix-international-decerne-a-la-plateforme-interconfessionnelle.html","url":"https:\/\/www.justiceinfo.net\/fr\/1711-centrafrique-un-nouveau-prix-international-decerne-a-la-plateforme-interconfessionnelle.html","name":"Centrafrique : un nouveau prix international d\u00e9cern\u00e9 \u00e0 la Plateforme interconfessionnelle - JusticeInfo.net","isPartOf":{"@id":"https:\/\/www.justiceinfo.net\/fr#website"},"primaryImageOfPage":{"@id":"https:\/\/www.justiceinfo.net\/fr\/1711-centrafrique-un-nouveau-prix-international-decerne-a-la-plateforme-interconfessionnelle.html#primaryimage"},"image":{"@id":"https:\/\/www.justiceinfo.net\/fr\/1711-centrafrique-un-nouveau-prix-international-decerne-a-la-plateforme-interconfessionnelle.html#primaryimage"},"thumbnailUrl":"https:\/\/www.justiceinfo.net\/wp-content\/uploads\/3a93e06a79b58e8e24434c313eb7a045-scaled.jpg","datePublished":"2015-08-21T10:00:29+00:00","breadcrumb":{"@id":"https:\/\/www.justiceinfo.net\/fr\/1711-centrafrique-un-nouveau-prix-international-decerne-a-la-plateforme-interconfessionnelle.html#breadcrumb"},"inLanguage":"fr-FR","potentialAction":[{"@type":"ReadAction","target":["https:\/\/www.justiceinfo.net\/fr\/1711-centrafrique-un-nouveau-prix-international-decerne-a-la-plateforme-interconfessionnelle.html"]}]},{"@type":"ImageObject","inLanguage":"fr-FR","@id":"https:\/\/www.justiceinfo.net\/fr\/1711-centrafrique-un-nouveau-prix-international-decerne-a-la-plateforme-interconfessionnelle.html#primaryimage","url":"https:\/\/www.justiceinfo.net\/wp-content\/uploads\/3a93e06a79b58e8e24434c313eb7a045-scaled.jpg","contentUrl":"https:\/\/www.justiceinfo.net\/wp-content\/uploads\/3a93e06a79b58e8e24434c313eb7a045-scaled.jpg","width":2560,"height":1707},{"@type":"BreadcrumbList","@id":"https:\/\/www.justiceinfo.net\/fr\/1711-centrafrique-un-nouveau-prix-international-decerne-a-la-plateforme-interconfessionnelle.html#breadcrumb","itemListElement":[{"@type":"ListItem","position":1,"name":"Home","item":"https:\/\/www.justiceinfo.net\/fr"},{"@type":"ListItem","position":2,"name":"Centrafrique : un nouveau prix international d\u00e9cern\u00e9 \u00e0 la Plateforme interconfessionnelle"}]},{"@type":"WebSite","@id":"https:\/\/www.justiceinfo.net\/fr#website","url":"https:\/\/www.justiceinfo.net\/fr","name":"JusticeInfo.net","description":"La justice doit \u00eatre vue pour \u00eatre rendue","publisher":{"@id":"https:\/\/www.justiceinfo.net\/fr#organization"},"potentialAction":[{"@type":"SearchAction","target":{"@type":"EntryPoint","urlTemplate":"https:\/\/www.justiceinfo.net\/fr?s={search_term_string}"},"query-input":{"@type":"PropertyValueSpecification","valueRequired":true,"valueName":"search_term_string"}}],"inLanguage":"fr-FR"},{"@type":"Organization","@id":"https:\/\/www.justiceinfo.net\/fr#organization","name":"Justice Info","url":"https:\/\/www.justiceinfo.net\/fr","logo":{"@type":"ImageObject","inLanguage":"fr-FR","@id":"https:\/\/www.justiceinfo.net\/fr#\/schema\/logo\/image\/","url":"https:\/\/www.justiceinfo.net\/wp-content\/uploads\/justiceinfo_logo-trans_1200x1200px.png","contentUrl":"https:\/\/www.justiceinfo.net\/wp-content\/uploads\/justiceinfo_logo-trans_1200x1200px.png","width":1199,"height":1200,"caption":"Justice Info"},"image":{"@id":"https:\/\/www.justiceinfo.net\/fr#\/schema\/logo\/image\/"},"sameAs":["https:\/\/www.facebook.com\/JusticeInfo\/","https:\/\/x.com\/justiceinfonet","https:\/\/www.linkedin.com\/company\/justice-info","https:\/\/www.youtube.com\/channel\/UCyCEsARodyuWtkWyhn-e7pA"]},{"@type":"Person","name":"Ephrem Rugiririza, JusticeInfo.net","sameAs":["https:\/\/www.facebook.com\/rugiririza.ephrem.1","https:\/\/x.com\/ER72777667"],"url":"https:\/\/www.justiceinfo.net\/fr\/auteur\/erugiririza"}]}},"_links":{"self":[{"href":"https:\/\/www.justiceinfo.net\/fr\/wp-json\/wp\/v2\/posts\/1711","targetHints":{"allow":["GET"]}}],"collection":[{"href":"https:\/\/www.justiceinfo.net\/fr\/wp-json\/wp\/v2\/posts"}],"about":[{"href":"https:\/\/www.justiceinfo.net\/fr\/wp-json\/wp\/v2\/types\/post"}],"author":[{"embeddable":true,"href":"https:\/\/www.justiceinfo.net\/fr\/wp-json\/wp\/v2\/users\/59"}],"replies":[{"embeddable":true,"href":"https:\/\/www.justiceinfo.net\/fr\/wp-json\/wp\/v2\/comments?post=1711"}],"version-history":[{"count":0,"href":"https:\/\/www.justiceinfo.net\/fr\/wp-json\/wp\/v2\/posts\/1711\/revisions"}],"wp:featuredmedia":[{"embeddable":true,"href":"https:\/\/www.justiceinfo.net\/fr\/wp-json\/wp\/v2\/media\/64375"}],"wp:attachment":[{"href":"https:\/\/www.justiceinfo.net\/fr\/wp-json\/wp\/v2\/media?parent=1711"}],"wp:term":[{"taxonomy":"category","embeddable":true,"href":"https:\/\/www.justiceinfo.net\/fr\/wp-json\/wp\/v2\/categories?post=1711"},{"taxonomy":"post_tag","embeddable":true,"href":"https:\/\/www.justiceinfo.net\/fr\/wp-json\/wp\/v2\/tags?post=1711"},{"taxonomy":"ji_location","embeddable":true,"href":"https:\/\/www.justiceinfo.net\/fr\/wp-json\/wp\/v2\/ji_location?post=1711"}],"curies":[{"name":"wp","href":"https:\/\/api.w.org\/{rel}","templated":true}]}}