{"id":2069,"date":"2015-09-16T08:38:26","date_gmt":"2015-09-16T06:38:26","guid":{"rendered":"https:\/\/www.justiceinfo.net\/2069-interview-le-proces-habre-une-etape-importante-mais-pas-suffisante.html"},"modified":"2015-09-16T08:38:26","modified_gmt":"2015-09-16T06:38:26","slug":"interview-le-proces-habre-une-etape-importante-mais-pas-suffisante","status":"publish","type":"post","link":"https:\/\/www.justiceinfo.net\/fr\/2069-interview-le-proces-habre-une-etape-importante-mais-pas-suffisante.html","title":{"rendered":"Interview : Le proc\u00e8s Habr\u00e9, \u00ab une \u00e9tape importante \u00bb mais pas suffisante"},"content":{"rendered":"<p>Alioune Tine, d\u00e9fenseur des droits de l'homme depuis une trentaine d'ann\u00e9es, est, depuis le d\u00e9but de l'ann\u00e9e, directeur d'Amnesty International pour l'Afrique de l'Ouest et du Centre. Dans une interview avec www.justiceinfo.net, il salue la tenue, apr\u00e8s maints atermoiements, du proc\u00e8s de l'ancien pr\u00e9sident tchadien Hiss\u00e8ne Habr\u00e9 poursuivi pour crimes de guerre, crimes contre l'humanit\u00e9 et torture devant les Chambres africaines extraordinaires (CAE), un tribunal sp\u00e9cial africain si\u00e9geant \u00e0 Dakar. L'activiste s\u00e9n\u00e9galais regrette cependant l'absence d'un m\u00e9canisme africain cr\u00e9dible et ind\u00e9pendant pour juger les crimes commis par des dirigeants encore au pouvoir.<\/p>\n<p><strong>JusticeInfo.Net : Que repr\u00e9sente le proc\u00e8s d'Hiss\u00e8ne Habr\u00e9 pour l'Afrique et pour le monde ?<\/strong><\/p>\n<p><strong>Alioune Tine<\/strong> : Pour Amnesty International, le proc\u00e8s de l'ancien pr\u00e9sident tchadien Hiss\u00e8ne Habr\u00e9, va mettre fin \u00e0 25 ans d'impunit\u00e9 et donner de l'espoir aux dizaines de milliers de victimes de violations des droits humains et de crimes de droit international commis sous son r\u00e9gime. Pour l'Afrique, et c'est mon avis personnel, le proc\u00e8s d'Hiss\u00e8ne Habr\u00e9 repr\u00e9sente un tournant majeur pour la justice sur le continent et le reste du monde en ce sens qu'il va montrer que les responsables pr\u00e9sum\u00e9s de crimes de guerre ou de crimes contre l'humanit\u00e9 ne trouveront refuge nulle part. Maintenant, nous esp\u00e9rons simplement que justice sera rendue gr\u00e2ce \u00e0 un proc\u00e8s \u00e9quitable conforme au droit et aux normes internationaux.<\/p>\n<p><strong>JusticeInfo.Net : L'Afrique juge-t-elle vraiment l'Afrique ou est-ce l'Afrique des vainqueurs qui juge l'Afrique des vaincus ?<\/strong><\/p>\n<p><strong>AT<\/strong> : Je sugg\u00e8re qu'on ne s'attarde pas sur de telles consid\u00e9rations. Ce qui m\u00e9rite d'\u00eatre soutenu est que le proc\u00e8s d'Hiss\u00e8ne Habr\u00e9 repr\u00e9sente une \u00e9tape importante dans la lutte contre l'impunit\u00e9 des crimes commis sur le continent. Comme on parle du Tchad, il faut noter que ce pays ne pourra rompre avec son pass\u00e9 tragique que s'il fait en sorte de traduire devant des tribunaux civils tous les responsables des tr\u00e8s nombreux crimes de droit international et violations des droits humains. Et cela est aussi valable pour tous les autres pays africains.<\/p>\n<p><strong>JusticeInfo.Net : Jusqu'o\u00f9 va l'ind\u00e9pendance des Chambres africaines extraordinaires si elles ne peuvent juger que Habr\u00e9, le vaincu ?<\/strong><\/p>\n<p><strong>AT<\/strong> : Je pense que les Chambres africaines extraordinaires sont une exp\u00e9rience originale suivie avec un certain int\u00e9r\u00eat par la communaut\u00e9 internationale. De ce point de vue, je ne peux pas me permettre de douter de leur ind\u00e9pendance. Je sais par ailleurs que ces chambres pourraient bien constituer une solution interm\u00e9diaire pour l'Union Africaine s'il existe une r\u00e9elle volont\u00e9 de l'institution de lutter contre le cancer de l'impunit\u00e9 en Afrique. Je signale toutefois qu'Amnesty International a \u00e9galement jou\u00e9 un r\u00f4le important dans la d\u00e9cision prise par le S\u00e9n\u00e9gal et l'Union africaine, le 22 ao\u00fbt 2012, d'\u00e9tablir les Chambres africaines extraordinaires charg\u00e9es de juger les crimes commis sous le gouvernement d'Hiss\u00e8ne Habr\u00e9.<\/p>\n<p><strong>JusticeInfo.Net : Quelles sont les chances de la plainte d\u00e9pos\u00e9e par Ma\u00eetre Mbaye Jacques Ndiaye au nom \u00ab de victimes tchadiennes d'Idriss Deby \u00bb ?<\/strong><\/p>\n<p><strong>AT<\/strong> : Vous savez ceux qui se sentent victimes ont le droit de d\u00e9poser une plainte. \u00c7a je le trouve normal. Quand le proc\u00e8s Habr\u00e9 commen\u00e7ait en juillet dernier, nous avions aussi soulign\u00e9 que cinq autres hauts responsables du gouvernement Habr\u00e9 inculp\u00e9s n'avaient toujours pas \u00e9t\u00e9 traduits en justice. Nous avions clairement indiqu\u00e9 aussi que le pr\u00e9sident tchadien actuel, Idriss D\u00e9by, n'a pas \u00e9t\u00e9 inculp\u00e9 par les Chambres africaines extraordinaires alors qu'il a \u00e9t\u00e9 chef d'\u00e9tat-major de l'arm\u00e9e sous le r\u00e9gime d'Hiss\u00e8ne Habr\u00e9. Les recherches men\u00e9es par Amnesty International indiquent que des soldats sous ses ordres pourraient avoir commis des massacres dans le sud du Tchad en 1984. Idriss D\u00e9by s'est par la suite enfui au Soudan en 1989 et organis\u00e9 une coalition de groupes arm\u00e9s qui a renvers\u00e9 Hiss\u00e8ne Habr\u00e9 en d\u00e9cembre 1990.<\/p>\n<p><strong>JusticeInfo.net : La plainte a-t-elle un quelconque m\u00e9rite, ne serait-il que symbolique ?<\/strong><\/p>\n<p><strong>AT<\/strong> : Bien s\u00fbr, d'autant qu'\u00e0 mon avis, la prochaine \u00e9tape pour les autorit\u00e9s tchadiennes consiste \u00e0 veiller \u00e0 tout mettre en \u0153uvre pour d\u00e9f\u00e9rer \u00e0 la justice les responsables pr\u00e9sum\u00e9s des crimes de droit international commis quand Hiss\u00e8ne Habr\u00e9 \u00e9tait au pouvoir.<\/p>\n<p><strong>JusticeInfo.Net : D'une mani\u00e8re g\u00e9n\u00e9rale, les dictateurs africains ne sont inqui\u00e9t\u00e9s qu'apr\u00e8s leur d\u00e9ch\u00e9ance. Donc lorsque le mal est fait. Que faut-il pour que cela change ? Pensez-vous qu'une Cour africaine (organe de l'Union africaine) qui serait dot\u00e9e d'une comp\u00e9tence p\u00e9nale pourrait \u00eatre une solution ? Jusqu'o\u00f9 irait son ind\u00e9pendance ?<\/strong><\/p>\n<p><strong>AT<\/strong> : Aujourd'hui, le probl\u00e8me, c'est que les pr\u00e9sidents ne pourront en aucun cas \u00eatre poursuivis pendant leur mandat par la Cour p\u00e9nale internationale (CPI) au nom d'une certaine immunit\u00e9. C'est \u00e7a le probl\u00e8me. Tous les pr\u00e9sidents africains sont d'accord l\u00e0-dessous. C'est pourquoi, ils prot\u00e8gent B\u00e9chir du Soudan et avaient demand\u00e9 \u00e0 Uhuru Kenyatta de ne pas aller r\u00e9pondre \u00e0 la CPI.<br \/>Une cour africaine est indispensable pour poursuivre les \u00e9lites politiques et autres qui commettent des crimes, et elle pourrait aussi, avec le temps, se construire une ind\u00e9pendance. Nous pensons que c'est possible, en nous fondant par exemple sur les d\u00e9cisions prises par la Cour de justice de la Cedeao (ndlr : Communaut\u00e9 de d\u00e9veloppement des \u00e9tats d'Afrique de l'Ouest) ou la Cour africaine des droits de l'homme et des peuples. Les deux cours ont donn\u00e9 la preuve de leur ind\u00e9pendance vis-\u00e0-vis des Etats.<br \/>Mon opinion personnelle est que l'Afrique ne doit pas tra\u00eener le pas : elle devrait pouvoir juger les crimes contre l'humanit\u00e9 et les autres crimes graves commis par ses leaders sur le continent.<\/p>\n<p><strong>JusticeInfo.Net : En attendant, la CPI reste-t-elle, comme l'affirment certains, la solution la moins mauvaise ?<\/strong><\/p>\n<p><strong>AT<\/strong> : H\u00e9las oui. L'existence de cette juridiction fonctionnant sur la base du principe de la subsidiarit\u00e9 ou de la compl\u00e9mentarit\u00e9 fait perdre aux Etats africains leur souverainet\u00e9 judiciaire. Les Africains sont dans une situation d'impasse : d'une part, ils ne se donnent pas les moyens de juger leurs leaders et, d'autre part, ils refusent qu'on les envoie \u00e0 la CPI.<br \/>Mais ce qu'il faut retenir avec le principe de compl\u00e9mentarit\u00e9 et de subsidiarit\u00e9, est que les Etats africains peuvent, s'il y a une volont\u00e9 politique r\u00e9elle, construire une v\u00e9ritable souverainet\u00e9 en adoptant des lois de comp\u00e9tence universelle, comme le S\u00e9n\u00e9gal et l'Afrique du Sud l'ont fait. Et c'est cela l'alternative \u00e0 la CPI.<\/p>\n","protected":false},"excerpt":{"rendered":"<p>Alioune Tine, d\u00e9fenseur des droits de l'homme depuis une trentaine d'ann\u00e9es, est, depuis le d\u00e9but de l'ann\u00e9e, directeur d'Amnesty International pour l'Afrique de l'Ouest et du Centre. Dans une interview avec www.justiceinfo.net, il salue la tenue, apr\u00e8s maints atermoiements, du proc\u00e8s de l'ancien pr\u00e9sident tchadien Hiss\u00e8ne Habr\u00e9 poursuivi pour crimes de guerre, crimes contre l'humanit\u00e9 [&hellip;]<\/p>\n","protected":false},"author":59,"featured_media":64901,"comment_status":"open","ping_status":"closed","sticky":false,"template":"","format":"standard","meta":{"_acf_changed":false,"footnotes":""},"categories":[573],"tags":[],"ji_location":[2166],"class_list":["post-2069","post","type-post","status-publish","format-standard","has-post-thumbnail","hentry","category-tribunaux-mixtes","ji_location-tchad"],"acf":[],"yoast_head":"<!-- This site is optimized with the Yoast SEO Premium plugin v25.3.1 (Yoast SEO v25.3.1) - https:\/\/yoast.com\/wordpress\/plugins\/seo\/ -->\n<title>Interview : Le proc\u00e8s Habr\u00e9, \u00ab une \u00e9tape importante \u00bb mais pas suffisante - JusticeInfo.net<\/title>\n<meta name=\"robots\" content=\"index, follow, max-snippet:-1, max-image-preview:large, max-video-preview:-1\" \/>\n<link rel=\"canonical\" href=\"https:\/\/www.justiceinfo.net\/fr\/2069-interview-le-proces-habre-une-etape-importante-mais-pas-suffisante.html\" \/>\n<meta property=\"og:locale\" content=\"fr_FR\" \/>\n<meta property=\"og:type\" content=\"article\" \/>\n<meta property=\"og:title\" content=\"Interview : Le proc\u00e8s Habr\u00e9, \u00ab une \u00e9tape importante \u00bb mais pas suffisante\" \/>\n<meta property=\"og:description\" content=\"Alioune Tine, d\u00e9fenseur des droits de l&#039;homme depuis une trentaine d&#039;ann\u00e9es, est, depuis le d\u00e9but de l&#039;ann\u00e9e, directeur d&#039;Amnesty International pour l&#039;Afrique de l&#039;Ouest et du Centre. Dans une interview avec www.justiceinfo.net, il salue la tenue, apr\u00e8s maints atermoiements, du proc\u00e8s de l&#039;ancien pr\u00e9sident tchadien Hiss\u00e8ne Habr\u00e9 poursuivi pour crimes de guerre, crimes contre l&#039;humanit\u00e9 [&hellip;]\" \/>\n<meta property=\"og:url\" content=\"https:\/\/www.justiceinfo.net\/fr\/2069-interview-le-proces-habre-une-etape-importante-mais-pas-suffisante.html\" \/>\n<meta property=\"og:site_name\" content=\"JusticeInfo.net\" \/>\n<meta property=\"article:publisher\" content=\"https:\/\/www.facebook.com\/JusticeInfo\/\" \/>\n<meta property=\"article:author\" content=\"https:\/\/www.facebook.com\/rugiririza.ephrem.1\" \/>\n<meta property=\"article:published_time\" content=\"2015-09-16T06:38:26+00:00\" \/>\n<meta property=\"og:image\" content=\"https:\/\/www.justiceinfo.net\/wp-content\/uploads\/9b1adb45b953b7472c99dec511652a8a-scaled.jpg\" \/>\n\t<meta property=\"og:image:width\" content=\"2560\" \/>\n\t<meta property=\"og:image:height\" content=\"1709\" \/>\n\t<meta property=\"og:image:type\" content=\"image\/jpeg\" \/>\n<meta name=\"author\" content=\"Ephrem Rugiririza,JusticeInfo.Net\" \/>\n<meta name=\"twitter:card\" content=\"summary_large_image\" \/>\n<meta name=\"twitter:creator\" content=\"@ER72777667\" \/>\n<meta name=\"twitter:site\" content=\"@justiceinfonet\" \/>\n<meta name=\"twitter:label1\" content=\"\u00c9crit par\" \/>\n\t<meta name=\"twitter:data1\" content=\"Ephrem Rugiririza,JusticeInfo.Net\" \/>\n\t<meta name=\"twitter:label2\" content=\"Dur\u00e9e de lecture estim\u00e9e\" \/>\n\t<meta name=\"twitter:data2\" content=\"6 minutes\" \/>\n<script type=\"application\/ld+json\" class=\"yoast-schema-graph\">{\"@context\":\"https:\/\/schema.org\",\"@graph\":[{\"@type\":\"NewsArticle\",\"@id\":\"https:\/\/www.justiceinfo.net\/fr\/2069-interview-le-proces-habre-une-etape-importante-mais-pas-suffisante.html#article\",\"isPartOf\":{\"@id\":\"https:\/\/www.justiceinfo.net\/fr\/2069-interview-le-proces-habre-une-etape-importante-mais-pas-suffisante.html\"},\"author\":{\"name\":\"erugiririza\",\"@id\":\"https:\/\/www.justiceinfo.net\/fr#\/schema\/person\/3c444bdbf3536fdebfdc6b3a06b2fc4a\"},\"headline\":\"Interview : Le proc\u00e8s Habr\u00e9, \u00ab une \u00e9tape importante \u00bb mais pas suffisante\",\"datePublished\":\"2015-09-16T06:38:26+00:00\",\"mainEntityOfPage\":{\"@id\":\"https:\/\/www.justiceinfo.net\/fr\/2069-interview-le-proces-habre-une-etape-importante-mais-pas-suffisante.html\"},\"wordCount\":1204,\"commentCount\":0,\"publisher\":{\"@id\":\"https:\/\/www.justiceinfo.net\/fr#organization\"},\"image\":{\"@id\":\"https:\/\/www.justiceinfo.net\/fr\/2069-interview-le-proces-habre-une-etape-importante-mais-pas-suffisante.html#primaryimage\"},\"thumbnailUrl\":\"https:\/\/www.justiceinfo.net\/wp-content\/uploads\/9b1adb45b953b7472c99dec511652a8a-scaled.jpg\",\"articleSection\":[\"Tribunaux mixtes\"],\"inLanguage\":\"fr-FR\",\"potentialAction\":[{\"@type\":\"CommentAction\",\"name\":\"Comment\",\"target\":[\"https:\/\/www.justiceinfo.net\/fr\/2069-interview-le-proces-habre-une-etape-importante-mais-pas-suffisante.html#respond\"]}]},{\"@type\":\"WebPage\",\"@id\":\"https:\/\/www.justiceinfo.net\/fr\/2069-interview-le-proces-habre-une-etape-importante-mais-pas-suffisante.html\",\"url\":\"https:\/\/www.justiceinfo.net\/fr\/2069-interview-le-proces-habre-une-etape-importante-mais-pas-suffisante.html\",\"name\":\"Interview : Le proc\u00e8s Habr\u00e9, \u00ab une \u00e9tape importante \u00bb mais pas suffisante - JusticeInfo.net\",\"isPartOf\":{\"@id\":\"https:\/\/www.justiceinfo.net\/fr#website\"},\"primaryImageOfPage\":{\"@id\":\"https:\/\/www.justiceinfo.net\/fr\/2069-interview-le-proces-habre-une-etape-importante-mais-pas-suffisante.html#primaryimage\"},\"image\":{\"@id\":\"https:\/\/www.justiceinfo.net\/fr\/2069-interview-le-proces-habre-une-etape-importante-mais-pas-suffisante.html#primaryimage\"},\"thumbnailUrl\":\"https:\/\/www.justiceinfo.net\/wp-content\/uploads\/9b1adb45b953b7472c99dec511652a8a-scaled.jpg\",\"datePublished\":\"2015-09-16T06:38:26+00:00\",\"breadcrumb\":{\"@id\":\"https:\/\/www.justiceinfo.net\/fr\/2069-interview-le-proces-habre-une-etape-importante-mais-pas-suffisante.html#breadcrumb\"},\"inLanguage\":\"fr-FR\",\"potentialAction\":[{\"@type\":\"ReadAction\",\"target\":[\"https:\/\/www.justiceinfo.net\/fr\/2069-interview-le-proces-habre-une-etape-importante-mais-pas-suffisante.html\"]}]},{\"@type\":\"ImageObject\",\"inLanguage\":\"fr-FR\",\"@id\":\"https:\/\/www.justiceinfo.net\/fr\/2069-interview-le-proces-habre-une-etape-importante-mais-pas-suffisante.html#primaryimage\",\"url\":\"https:\/\/www.justiceinfo.net\/wp-content\/uploads\/9b1adb45b953b7472c99dec511652a8a-scaled.jpg\",\"contentUrl\":\"https:\/\/www.justiceinfo.net\/wp-content\/uploads\/9b1adb45b953b7472c99dec511652a8a-scaled.jpg\",\"width\":2560,\"height\":1709},{\"@type\":\"BreadcrumbList\",\"@id\":\"https:\/\/www.justiceinfo.net\/fr\/2069-interview-le-proces-habre-une-etape-importante-mais-pas-suffisante.html#breadcrumb\",\"itemListElement\":[{\"@type\":\"ListItem\",\"position\":1,\"name\":\"Home\",\"item\":\"https:\/\/www.justiceinfo.net\/fr\"},{\"@type\":\"ListItem\",\"position\":2,\"name\":\"Interview : Le proc\u00e8s Habr\u00e9, \u00ab une \u00e9tape importante \u00bb mais pas suffisante\"}]},{\"@type\":\"WebSite\",\"@id\":\"https:\/\/www.justiceinfo.net\/fr#website\",\"url\":\"https:\/\/www.justiceinfo.net\/fr\",\"name\":\"JusticeInfo.net\",\"description\":\"La justice doit \u00eatre vue pour \u00eatre rendue\",\"publisher\":{\"@id\":\"https:\/\/www.justiceinfo.net\/fr#organization\"},\"potentialAction\":[{\"@type\":\"SearchAction\",\"target\":{\"@type\":\"EntryPoint\",\"urlTemplate\":\"https:\/\/www.justiceinfo.net\/fr?s={search_term_string}\"},\"query-input\":{\"@type\":\"PropertyValueSpecification\",\"valueRequired\":true,\"valueName\":\"search_term_string\"}}],\"inLanguage\":\"fr-FR\"},{\"@type\":\"Organization\",\"@id\":\"https:\/\/www.justiceinfo.net\/fr#organization\",\"name\":\"Justice Info\",\"url\":\"https:\/\/www.justiceinfo.net\/fr\",\"logo\":{\"@type\":\"ImageObject\",\"inLanguage\":\"fr-FR\",\"@id\":\"https:\/\/www.justiceinfo.net\/fr#\/schema\/logo\/image\/\",\"url\":\"https:\/\/www.justiceinfo.net\/wp-content\/uploads\/justiceinfo_logo-trans_1200x1200px.png\",\"contentUrl\":\"https:\/\/www.justiceinfo.net\/wp-content\/uploads\/justiceinfo_logo-trans_1200x1200px.png\",\"width\":1199,\"height\":1200,\"caption\":\"Justice Info\"},\"image\":{\"@id\":\"https:\/\/www.justiceinfo.net\/fr#\/schema\/logo\/image\/\"},\"sameAs\":[\"https:\/\/www.facebook.com\/JusticeInfo\/\",\"https:\/\/x.com\/justiceinfonet\",\"https:\/\/www.linkedin.com\/company\/justice-info\",\"https:\/\/www.youtube.com\/channel\/UCyCEsARodyuWtkWyhn-e7pA\"]},{\"@type\":\"Person\",\"name\":\"Ephrem Rugiririza,JusticeInfo.Net\",\"sameAs\":[\"https:\/\/www.facebook.com\/rugiririza.ephrem.1\",\"https:\/\/x.com\/ER72777667\"],\"url\":\"https:\/\/www.justiceinfo.net\/fr\/auteur\/erugiririza\"}]}<\/script>\n<!-- \/ Yoast SEO Premium plugin. -->","yoast_head_json":{"title":"Interview : Le proc\u00e8s Habr\u00e9, \u00ab une \u00e9tape importante \u00bb mais pas suffisante - JusticeInfo.net","robots":{"index":"index","follow":"follow","max-snippet":"max-snippet:-1","max-image-preview":"max-image-preview:large","max-video-preview":"max-video-preview:-1"},"canonical":"https:\/\/www.justiceinfo.net\/fr\/2069-interview-le-proces-habre-une-etape-importante-mais-pas-suffisante.html","og_locale":"fr_FR","og_type":"article","og_title":"Interview : Le proc\u00e8s Habr\u00e9, \u00ab une \u00e9tape importante \u00bb mais pas suffisante","og_description":"Alioune Tine, d\u00e9fenseur des droits de l'homme depuis une trentaine d'ann\u00e9es, est, depuis le d\u00e9but de l'ann\u00e9e, directeur d'Amnesty International pour l'Afrique de l'Ouest et du Centre. Dans une interview avec www.justiceinfo.net, il salue la tenue, apr\u00e8s maints atermoiements, du proc\u00e8s de l'ancien pr\u00e9sident tchadien Hiss\u00e8ne Habr\u00e9 poursuivi pour crimes de guerre, crimes contre l'humanit\u00e9 [&hellip;]","og_url":"https:\/\/www.justiceinfo.net\/fr\/2069-interview-le-proces-habre-une-etape-importante-mais-pas-suffisante.html","og_site_name":"JusticeInfo.net","article_publisher":"https:\/\/www.facebook.com\/JusticeInfo\/","article_author":"https:\/\/www.facebook.com\/rugiririza.ephrem.1","article_published_time":"2015-09-16T06:38:26+00:00","og_image":[{"width":2560,"height":1709,"url":"https:\/\/www.justiceinfo.net\/wp-content\/uploads\/9b1adb45b953b7472c99dec511652a8a-scaled.jpg","type":"image\/jpeg"}],"author":"Ephrem Rugiririza,JusticeInfo.Net","twitter_card":"summary_large_image","twitter_creator":"@ER72777667","twitter_site":"@justiceinfonet","twitter_misc":{"\u00c9crit par":"Ephrem Rugiririza,JusticeInfo.Net","Dur\u00e9e de lecture estim\u00e9e":"6 minutes"},"schema":{"@context":"https:\/\/schema.org","@graph":[{"@type":"NewsArticle","@id":"https:\/\/www.justiceinfo.net\/fr\/2069-interview-le-proces-habre-une-etape-importante-mais-pas-suffisante.html#article","isPartOf":{"@id":"https:\/\/www.justiceinfo.net\/fr\/2069-interview-le-proces-habre-une-etape-importante-mais-pas-suffisante.html"},"author":{"name":"erugiririza","@id":"https:\/\/www.justiceinfo.net\/fr#\/schema\/person\/3c444bdbf3536fdebfdc6b3a06b2fc4a"},"headline":"Interview : Le proc\u00e8s Habr\u00e9, \u00ab une \u00e9tape importante \u00bb mais pas suffisante","datePublished":"2015-09-16T06:38:26+00:00","mainEntityOfPage":{"@id":"https:\/\/www.justiceinfo.net\/fr\/2069-interview-le-proces-habre-une-etape-importante-mais-pas-suffisante.html"},"wordCount":1204,"commentCount":0,"publisher":{"@id":"https:\/\/www.justiceinfo.net\/fr#organization"},"image":{"@id":"https:\/\/www.justiceinfo.net\/fr\/2069-interview-le-proces-habre-une-etape-importante-mais-pas-suffisante.html#primaryimage"},"thumbnailUrl":"https:\/\/www.justiceinfo.net\/wp-content\/uploads\/9b1adb45b953b7472c99dec511652a8a-scaled.jpg","articleSection":["Tribunaux mixtes"],"inLanguage":"fr-FR","potentialAction":[{"@type":"CommentAction","name":"Comment","target":["https:\/\/www.justiceinfo.net\/fr\/2069-interview-le-proces-habre-une-etape-importante-mais-pas-suffisante.html#respond"]}]},{"@type":"WebPage","@id":"https:\/\/www.justiceinfo.net\/fr\/2069-interview-le-proces-habre-une-etape-importante-mais-pas-suffisante.html","url":"https:\/\/www.justiceinfo.net\/fr\/2069-interview-le-proces-habre-une-etape-importante-mais-pas-suffisante.html","name":"Interview : Le proc\u00e8s Habr\u00e9, \u00ab une \u00e9tape importante \u00bb mais pas suffisante - JusticeInfo.net","isPartOf":{"@id":"https:\/\/www.justiceinfo.net\/fr#website"},"primaryImageOfPage":{"@id":"https:\/\/www.justiceinfo.net\/fr\/2069-interview-le-proces-habre-une-etape-importante-mais-pas-suffisante.html#primaryimage"},"image":{"@id":"https:\/\/www.justiceinfo.net\/fr\/2069-interview-le-proces-habre-une-etape-importante-mais-pas-suffisante.html#primaryimage"},"thumbnailUrl":"https:\/\/www.justiceinfo.net\/wp-content\/uploads\/9b1adb45b953b7472c99dec511652a8a-scaled.jpg","datePublished":"2015-09-16T06:38:26+00:00","breadcrumb":{"@id":"https:\/\/www.justiceinfo.net\/fr\/2069-interview-le-proces-habre-une-etape-importante-mais-pas-suffisante.html#breadcrumb"},"inLanguage":"fr-FR","potentialAction":[{"@type":"ReadAction","target":["https:\/\/www.justiceinfo.net\/fr\/2069-interview-le-proces-habre-une-etape-importante-mais-pas-suffisante.html"]}]},{"@type":"ImageObject","inLanguage":"fr-FR","@id":"https:\/\/www.justiceinfo.net\/fr\/2069-interview-le-proces-habre-une-etape-importante-mais-pas-suffisante.html#primaryimage","url":"https:\/\/www.justiceinfo.net\/wp-content\/uploads\/9b1adb45b953b7472c99dec511652a8a-scaled.jpg","contentUrl":"https:\/\/www.justiceinfo.net\/wp-content\/uploads\/9b1adb45b953b7472c99dec511652a8a-scaled.jpg","width":2560,"height":1709},{"@type":"BreadcrumbList","@id":"https:\/\/www.justiceinfo.net\/fr\/2069-interview-le-proces-habre-une-etape-importante-mais-pas-suffisante.html#breadcrumb","itemListElement":[{"@type":"ListItem","position":1,"name":"Home","item":"https:\/\/www.justiceinfo.net\/fr"},{"@type":"ListItem","position":2,"name":"Interview : Le proc\u00e8s Habr\u00e9, \u00ab une \u00e9tape importante \u00bb mais pas suffisante"}]},{"@type":"WebSite","@id":"https:\/\/www.justiceinfo.net\/fr#website","url":"https:\/\/www.justiceinfo.net\/fr","name":"JusticeInfo.net","description":"La justice doit \u00eatre vue pour \u00eatre rendue","publisher":{"@id":"https:\/\/www.justiceinfo.net\/fr#organization"},"potentialAction":[{"@type":"SearchAction","target":{"@type":"EntryPoint","urlTemplate":"https:\/\/www.justiceinfo.net\/fr?s={search_term_string}"},"query-input":{"@type":"PropertyValueSpecification","valueRequired":true,"valueName":"search_term_string"}}],"inLanguage":"fr-FR"},{"@type":"Organization","@id":"https:\/\/www.justiceinfo.net\/fr#organization","name":"Justice Info","url":"https:\/\/www.justiceinfo.net\/fr","logo":{"@type":"ImageObject","inLanguage":"fr-FR","@id":"https:\/\/www.justiceinfo.net\/fr#\/schema\/logo\/image\/","url":"https:\/\/www.justiceinfo.net\/wp-content\/uploads\/justiceinfo_logo-trans_1200x1200px.png","contentUrl":"https:\/\/www.justiceinfo.net\/wp-content\/uploads\/justiceinfo_logo-trans_1200x1200px.png","width":1199,"height":1200,"caption":"Justice Info"},"image":{"@id":"https:\/\/www.justiceinfo.net\/fr#\/schema\/logo\/image\/"},"sameAs":["https:\/\/www.facebook.com\/JusticeInfo\/","https:\/\/x.com\/justiceinfonet","https:\/\/www.linkedin.com\/company\/justice-info","https:\/\/www.youtube.com\/channel\/UCyCEsARodyuWtkWyhn-e7pA"]},{"@type":"Person","name":"Ephrem Rugiririza,JusticeInfo.Net","sameAs":["https:\/\/www.facebook.com\/rugiririza.ephrem.1","https:\/\/x.com\/ER72777667"],"url":"https:\/\/www.justiceinfo.net\/fr\/auteur\/erugiririza"}]}},"_links":{"self":[{"href":"https:\/\/www.justiceinfo.net\/fr\/wp-json\/wp\/v2\/posts\/2069","targetHints":{"allow":["GET"]}}],"collection":[{"href":"https:\/\/www.justiceinfo.net\/fr\/wp-json\/wp\/v2\/posts"}],"about":[{"href":"https:\/\/www.justiceinfo.net\/fr\/wp-json\/wp\/v2\/types\/post"}],"author":[{"embeddable":true,"href":"https:\/\/www.justiceinfo.net\/fr\/wp-json\/wp\/v2\/users\/59"}],"replies":[{"embeddable":true,"href":"https:\/\/www.justiceinfo.net\/fr\/wp-json\/wp\/v2\/comments?post=2069"}],"version-history":[{"count":0,"href":"https:\/\/www.justiceinfo.net\/fr\/wp-json\/wp\/v2\/posts\/2069\/revisions"}],"wp:featuredmedia":[{"embeddable":true,"href":"https:\/\/www.justiceinfo.net\/fr\/wp-json\/wp\/v2\/media\/64901"}],"wp:attachment":[{"href":"https:\/\/www.justiceinfo.net\/fr\/wp-json\/wp\/v2\/media?parent=2069"}],"wp:term":[{"taxonomy":"category","embeddable":true,"href":"https:\/\/www.justiceinfo.net\/fr\/wp-json\/wp\/v2\/categories?post=2069"},{"taxonomy":"post_tag","embeddable":true,"href":"https:\/\/www.justiceinfo.net\/fr\/wp-json\/wp\/v2\/tags?post=2069"},{"taxonomy":"ji_location","embeddable":true,"href":"https:\/\/www.justiceinfo.net\/fr\/wp-json\/wp\/v2\/ji_location?post=2069"}],"curies":[{"name":"wp","href":"https:\/\/api.w.org\/{rel}","templated":true}]}}