{"id":2094,"date":"2015-09-17T12:44:43","date_gmt":"2015-09-17T10:44:43","guid":{"rendered":"https:\/\/www.justiceinfo.net\/2094-de-la-chute-de-compaore-au-coup-d-etat.html"},"modified":"2015-09-17T12:44:43","modified_gmt":"2015-09-17T10:44:43","slug":"de-la-chute-de-compaore-au-coup-d-etat","status":"publish","type":"post","link":"https:\/\/www.justiceinfo.net\/fr\/2094-de-la-chute-de-compaore-au-coup-d-etat.html","title":{"rendered":"De la chute de Compaor\u00e9 au coup d'Etat"},"content":{"rendered":"<p>Rappel des \u00e9v\u00e9nements au Burkina Faso, o\u00f9 des militaires putschistes ont renvers\u00e9 jeudi les autorit\u00e9s de transition, un an apr\u00e8s la fin du r\u00e8gne de Blaise Compaor\u00e9, chass\u00e9 par la rue fin octobre 2014 apr\u00e8s 27 ans au pouvoir.<\/p>\n<p>\u00a0<\/p>\n<p>--2014--<\/p>\n<p>- 31 oct: Blaise Compaor\u00e9 annonce qu'il quitte le pouvoir, chass\u00e9 par une insurrection populaire qui a dur\u00e9 moins de 48 heures et fait 24 morts.<\/p>\n<p>Le chef d'\u00e9tat-major, le g\u00e9n\u00e9ral Honor\u00e9 Traor\u00e9, d\u00e9clare qu'il assumera les \"responsabilit\u00e9s de chef de l'Etat\". Mais un groupe de jeunes officiers, men\u00e9 par le lieutenant-colonel Isaac Zida, n\u00b02 du R\u00e9giment de s\u00e9curit\u00e9 pr\u00e9sidentielle (RSP), annonce prendre le pouvoir.<\/p>\n<p>- 1er nov: Isaac Zida se d\u00e9clare \"chef de l'Etat\". Les hauts grad\u00e9s de l'arm\u00e9e tranchent en sa faveur.<\/p>\n<p>- 16 nov: L'arm\u00e9e et les civils signent la charte de la transition, qui doit servir de constitution int\u00e9rimaire.<\/p>\n<p>- 17 nov: Le Burkina Faso d\u00e9signe un nouveau chef de l'Etat int\u00e9rimaire, le diplomate Michel Kafando.<\/p>\n<p>- 19 nov: Le lieutenant-colonel Isaac Zida est nomm\u00e9 nouveau Premier ministre. Le 23, apr\u00e8s d'intenses tractations, le gouvernement de transition est annonc\u00e9, avec des militaires aux commandes de l'arm\u00e9e et de la police. Isaac Zida cumule le poste de Premier ministre avec celui de ministre de la D\u00e9fense.<\/p>\n<p>- 27 nov: Michel Kafando d\u00e9met de ses fonctions le g\u00e9n\u00e9ral Gilbert Diend\u00e9r\u00e9, chef d'\u00e9tat-major particulier du pr\u00e9sident d\u00e9chu Blaise Compaor\u00e9. \u00a0Le nouveau pr\u00e9sident a entam\u00e9 une purge au palais pr\u00e9sidentiel et au sein des forces arm\u00e9es et a d\u00e9j\u00e0 d\u00e9mis plusieurs hauts cadres. Des arrestations et inculpations de ministres de l'\u00e8re Compaor\u00e9 interviennent les mois suivants.<\/p>\n<p>- 13 d\u00e9c: Isaac Zida r\u00e9clame la dissolution \"pure et simple\" du r\u00e9giment d'\u00e9lite RSP dont il est pourtant le n\u00b02, devant une foule r\u00e9unie pour comm\u00e9morer la mort du c\u00e9l\u00e8bre journaliste Norbert Zongo, assassin\u00e9 en 1998. \u00a0En juin 2015, la Cour africaine des droits de l'Homme et des Peuples (CADHP) a ordonn\u00e9 \u00e0 l'Etat de \"reprendre\" l'enqu\u00eate.<\/p>\n<p>\u00a0<\/p>\n<p>--2015--<\/p>\n<p>- 22 jan: Le pr\u00e9sident Kafando annonce la tenue d'\u00e9lections pr\u00e9sidentielles et l\u00e9gislatives au 11 octobre 2015.<\/p>\n<p>- 13 mars: Mise en place d'une Commission de r\u00e9conciliation pour enqu\u00eater sur des crimes du r\u00e9gime Compaor\u00e9.<\/p>\n<p>- 10 avr: Le chef de l'Etat promulgue un nouveau code \u00e9lectoral controvers\u00e9, excluant de la pr\u00e9sidentielle et des l\u00e9gislatives d'octobre les partisans de Blaise Compaor\u00e9, qui annoncent entrer en \"r\u00e9sistance\". L'ex-majorit\u00e9 annonce que ses d\u00e9put\u00e9s ne si\u00e8geront plus \u00e0 l'assembl\u00e9e int\u00e9rimaire.<\/p>\n<p>- 5 juin: Le Parlement vote une loi obligeant les militaires souhaitant entrer en politique \u00e0 quitter auparavant l'arm\u00e9e.<\/p>\n<p>- 2 juil: Le gouvernement accuse le RSP d'avoir ourdi un complot contre le Premier ministre Zida. Les compagnons d'armes de Zida nient et demandent en retour sa d\u00e9mission. Mi-juillet, le pr\u00e9sident Kafando d\u00e9met Isaac Zida de son portetefeuille de ministre de la D\u00e9fense pour \"r\u00e9gler les questions de dysfonctionnement et surtout de frustrations au niveau de l'Arm\u00e9e\".<\/p>\n<p>- 16 juil: Les d\u00e9put\u00e9s votent la mise en accusation de Blaise Compaor\u00e9 devant la Haute Cour de justice pour \"haute trahison\" et \"attentat \u00e0 la Constitution\".<\/p>\n<p>- 16 sept: Irruption au Palais pr\u00e9sidentiel, en plein Conseil des ministres, de militaires du RSP. Ces derniers retiennent depuis en otages le pr\u00e9sident int\u00e9rimaire Kafando, le Premier ministre Zida et de nombreux membres du gouvernement.<\/p>\n<p>- 17 sept: Les militaires du RSP annoncent avoir \"dissous\" les institutions de la transition et promis d'organiser des \"\u00e9lection inclusives\".\u00a0<\/p>\n<p>Les putschistes placent le g\u00e9n\u00e9ral Gilbert Diend\u00e9r\u00e9 \u00e0 la t\u00eate d'un Conseil national de la D\u00e9mocratie.<\/p>\n","protected":false},"excerpt":{"rendered":"<p>Rappel des \u00e9v\u00e9nements au Burkina Faso, o\u00f9 des militaires putschistes ont renvers\u00e9 jeudi les autorit\u00e9s de transition, un an apr\u00e8s la fin du r\u00e8gne de Blaise Compaor\u00e9, chass\u00e9 par la rue fin octobre 2014 apr\u00e8s 27 ans au pouvoir. \u00a0 --2014-- - 31 oct: Blaise Compaor\u00e9 annonce qu'il quitte le pouvoir, chass\u00e9 par une insurrection [&hellip;]<\/p>\n","protected":false},"author":60,"featured_media":0,"comment_status":"open","ping_status":"closed","sticky":false,"template":"","format":"standard","meta":{"_acf_changed":false,"footnotes":""},"categories":[556],"tags":[],"ji_location":[2150],"class_list":["post-2094","post","type-post","status-publish","format-standard","hentry","category-divers","ji_location-burkina-faso"],"acf":[],"yoast_head":"<!-- This site is optimized with the Yoast SEO Premium plugin v25.3.1 (Yoast SEO v25.3.1) - https:\/\/yoast.com\/wordpress\/plugins\/seo\/ -->\n<title>De la chute de Compaor\u00e9 au coup d&#039;Etat - JusticeInfo.net<\/title>\n<meta name=\"robots\" content=\"index, follow, max-snippet:-1, max-image-preview:large, max-video-preview:-1\" \/>\n<link rel=\"canonical\" href=\"https:\/\/www.justiceinfo.net\/fr\/2094-de-la-chute-de-compaore-au-coup-d-etat.html\" \/>\n<meta property=\"og:locale\" content=\"fr_FR\" \/>\n<meta property=\"og:type\" content=\"article\" \/>\n<meta property=\"og:title\" content=\"De la chute de Compaor\u00e9 au coup d&#039;Etat\" \/>\n<meta property=\"og:description\" content=\"Rappel des \u00e9v\u00e9nements au Burkina Faso, o\u00f9 des militaires putschistes ont renvers\u00e9 jeudi les autorit\u00e9s de transition, un an apr\u00e8s la fin du r\u00e8gne de Blaise Compaor\u00e9, chass\u00e9 par la rue fin octobre 2014 apr\u00e8s 27 ans au pouvoir. \u00a0 --2014-- - 31 oct: Blaise Compaor\u00e9 annonce qu&#039;il quitte le pouvoir, chass\u00e9 par une insurrection [&hellip;]\" \/>\n<meta property=\"og:url\" content=\"https:\/\/www.justiceinfo.net\/fr\/2094-de-la-chute-de-compaore-au-coup-d-etat.html\" \/>\n<meta property=\"og:site_name\" content=\"JusticeInfo.net\" \/>\n<meta property=\"article:publisher\" content=\"https:\/\/www.facebook.com\/JusticeInfo\/\" \/>\n<meta property=\"article:published_time\" content=\"2015-09-17T10:44:43+00:00\" \/>\n<meta property=\"og:image\" content=\"https:\/\/www.justiceinfo.net\/wp-content\/uploads\/JusticeInfoNet_logo_1200x630px.jpg\" \/>\n\t<meta property=\"og:image:width\" content=\"1200\" \/>\n\t<meta property=\"og:image:height\" content=\"630\" \/>\n\t<meta property=\"og:image:type\" content=\"image\/jpeg\" \/>\n<meta name=\"author\" content=\"AFP\" \/>\n<meta name=\"twitter:card\" content=\"summary_large_image\" \/>\n<meta name=\"twitter:creator\" content=\"@justiceinfonet\" \/>\n<meta name=\"twitter:site\" content=\"@justiceinfonet\" \/>\n<meta name=\"twitter:label1\" content=\"\u00c9crit par\" \/>\n\t<meta name=\"twitter:data1\" content=\"AFP\" \/>\n\t<meta name=\"twitter:label2\" content=\"Dur\u00e9e de lecture estim\u00e9e\" \/>\n\t<meta name=\"twitter:data2\" content=\"3 minutes\" \/>\n<script type=\"application\/ld+json\" class=\"yoast-schema-graph\">{\"@context\":\"https:\/\/schema.org\",\"@graph\":[{\"@type\":\"NewsArticle\",\"@id\":\"https:\/\/www.justiceinfo.net\/fr\/2094-de-la-chute-de-compaore-au-coup-d-etat.html#article\",\"isPartOf\":{\"@id\":\"https:\/\/www.justiceinfo.net\/fr\/2094-de-la-chute-de-compaore-au-coup-d-etat.html\"},\"author\":{\"name\":\"afp\",\"@id\":\"https:\/\/www.justiceinfo.net\/fr#\/schema\/person\/713d340ef5f218fc36ce9b4244364a7f\"},\"headline\":\"De la chute de Compaor\u00e9 au coup d'Etat\",\"datePublished\":\"2015-09-17T10:44:43+00:00\",\"mainEntityOfPage\":{\"@id\":\"https:\/\/www.justiceinfo.net\/fr\/2094-de-la-chute-de-compaore-au-coup-d-etat.html\"},\"wordCount\":662,\"commentCount\":0,\"publisher\":{\"@id\":\"https:\/\/www.justiceinfo.net\/fr#organization\"},\"articleSection\":[\"Divers\"],\"inLanguage\":\"fr-FR\",\"potentialAction\":[{\"@type\":\"CommentAction\",\"name\":\"Comment\",\"target\":[\"https:\/\/www.justiceinfo.net\/fr\/2094-de-la-chute-de-compaore-au-coup-d-etat.html#respond\"]}]},{\"@type\":\"WebPage\",\"@id\":\"https:\/\/www.justiceinfo.net\/fr\/2094-de-la-chute-de-compaore-au-coup-d-etat.html\",\"url\":\"https:\/\/www.justiceinfo.net\/fr\/2094-de-la-chute-de-compaore-au-coup-d-etat.html\",\"name\":\"De la chute de Compaor\u00e9 au coup d'Etat - JusticeInfo.net\",\"isPartOf\":{\"@id\":\"https:\/\/www.justiceinfo.net\/fr#website\"},\"datePublished\":\"2015-09-17T10:44:43+00:00\",\"breadcrumb\":{\"@id\":\"https:\/\/www.justiceinfo.net\/fr\/2094-de-la-chute-de-compaore-au-coup-d-etat.html#breadcrumb\"},\"inLanguage\":\"fr-FR\",\"potentialAction\":[{\"@type\":\"ReadAction\",\"target\":[\"https:\/\/www.justiceinfo.net\/fr\/2094-de-la-chute-de-compaore-au-coup-d-etat.html\"]}]},{\"@type\":\"BreadcrumbList\",\"@id\":\"https:\/\/www.justiceinfo.net\/fr\/2094-de-la-chute-de-compaore-au-coup-d-etat.html#breadcrumb\",\"itemListElement\":[{\"@type\":\"ListItem\",\"position\":1,\"name\":\"Home\",\"item\":\"https:\/\/www.justiceinfo.net\/fr\"},{\"@type\":\"ListItem\",\"position\":2,\"name\":\"De la chute de Compaor\u00e9 au coup d'Etat\"}]},{\"@type\":\"WebSite\",\"@id\":\"https:\/\/www.justiceinfo.net\/fr#website\",\"url\":\"https:\/\/www.justiceinfo.net\/fr\",\"name\":\"JusticeInfo.net\",\"description\":\"La justice doit \u00eatre vue pour \u00eatre rendue\",\"publisher\":{\"@id\":\"https:\/\/www.justiceinfo.net\/fr#organization\"},\"potentialAction\":[{\"@type\":\"SearchAction\",\"target\":{\"@type\":\"EntryPoint\",\"urlTemplate\":\"https:\/\/www.justiceinfo.net\/fr?s={search_term_string}\"},\"query-input\":{\"@type\":\"PropertyValueSpecification\",\"valueRequired\":true,\"valueName\":\"search_term_string\"}}],\"inLanguage\":\"fr-FR\"},{\"@type\":\"Organization\",\"@id\":\"https:\/\/www.justiceinfo.net\/fr#organization\",\"name\":\"Justice Info\",\"url\":\"https:\/\/www.justiceinfo.net\/fr\",\"logo\":{\"@type\":\"ImageObject\",\"inLanguage\":\"fr-FR\",\"@id\":\"https:\/\/www.justiceinfo.net\/fr#\/schema\/logo\/image\/\",\"url\":\"https:\/\/www.justiceinfo.net\/wp-content\/uploads\/justiceinfo_logo-trans_1200x1200px.png\",\"contentUrl\":\"https:\/\/www.justiceinfo.net\/wp-content\/uploads\/justiceinfo_logo-trans_1200x1200px.png\",\"width\":1199,\"height\":1200,\"caption\":\"Justice Info\"},\"image\":{\"@id\":\"https:\/\/www.justiceinfo.net\/fr#\/schema\/logo\/image\/\"},\"sameAs\":[\"https:\/\/www.facebook.com\/JusticeInfo\/\",\"https:\/\/x.com\/justiceinfonet\",\"https:\/\/www.linkedin.com\/company\/justice-info\",\"https:\/\/www.youtube.com\/channel\/UCyCEsARodyuWtkWyhn-e7pA\"]},{\"@type\":\"Person\",\"name\":\"AFP\",\"url\":\"\/fr\/?s=AFP\"}]}<\/script>\n<!-- \/ Yoast SEO Premium plugin. -->","yoast_head_json":{"title":"De la chute de Compaor\u00e9 au coup d'Etat - JusticeInfo.net","robots":{"index":"index","follow":"follow","max-snippet":"max-snippet:-1","max-image-preview":"max-image-preview:large","max-video-preview":"max-video-preview:-1"},"canonical":"https:\/\/www.justiceinfo.net\/fr\/2094-de-la-chute-de-compaore-au-coup-d-etat.html","og_locale":"fr_FR","og_type":"article","og_title":"De la chute de Compaor\u00e9 au coup d'Etat","og_description":"Rappel des \u00e9v\u00e9nements au Burkina Faso, o\u00f9 des militaires putschistes ont renvers\u00e9 jeudi les autorit\u00e9s de transition, un an apr\u00e8s la fin du r\u00e8gne de Blaise Compaor\u00e9, chass\u00e9 par la rue fin octobre 2014 apr\u00e8s 27 ans au pouvoir. \u00a0 --2014-- - 31 oct: Blaise Compaor\u00e9 annonce qu'il quitte le pouvoir, chass\u00e9 par une insurrection [&hellip;]","og_url":"https:\/\/www.justiceinfo.net\/fr\/2094-de-la-chute-de-compaore-au-coup-d-etat.html","og_site_name":"JusticeInfo.net","article_publisher":"https:\/\/www.facebook.com\/JusticeInfo\/","article_published_time":"2015-09-17T10:44:43+00:00","og_image":[{"width":1200,"height":630,"url":"https:\/\/www.justiceinfo.net\/wp-content\/uploads\/JusticeInfoNet_logo_1200x630px.jpg","type":"image\/jpeg"}],"author":"AFP","twitter_card":"summary_large_image","twitter_creator":"@justiceinfonet","twitter_site":"@justiceinfonet","twitter_misc":{"\u00c9crit par":"AFP","Dur\u00e9e de lecture estim\u00e9e":"3 minutes"},"schema":{"@context":"https:\/\/schema.org","@graph":[{"@type":"NewsArticle","@id":"https:\/\/www.justiceinfo.net\/fr\/2094-de-la-chute-de-compaore-au-coup-d-etat.html#article","isPartOf":{"@id":"https:\/\/www.justiceinfo.net\/fr\/2094-de-la-chute-de-compaore-au-coup-d-etat.html"},"author":{"name":"afp","@id":"https:\/\/www.justiceinfo.net\/fr#\/schema\/person\/713d340ef5f218fc36ce9b4244364a7f"},"headline":"De la chute de Compaor\u00e9 au coup d'Etat","datePublished":"2015-09-17T10:44:43+00:00","mainEntityOfPage":{"@id":"https:\/\/www.justiceinfo.net\/fr\/2094-de-la-chute-de-compaore-au-coup-d-etat.html"},"wordCount":662,"commentCount":0,"publisher":{"@id":"https:\/\/www.justiceinfo.net\/fr#organization"},"articleSection":["Divers"],"inLanguage":"fr-FR","potentialAction":[{"@type":"CommentAction","name":"Comment","target":["https:\/\/www.justiceinfo.net\/fr\/2094-de-la-chute-de-compaore-au-coup-d-etat.html#respond"]}]},{"@type":"WebPage","@id":"https:\/\/www.justiceinfo.net\/fr\/2094-de-la-chute-de-compaore-au-coup-d-etat.html","url":"https:\/\/www.justiceinfo.net\/fr\/2094-de-la-chute-de-compaore-au-coup-d-etat.html","name":"De la chute de Compaor\u00e9 au coup d'Etat - JusticeInfo.net","isPartOf":{"@id":"https:\/\/www.justiceinfo.net\/fr#website"},"datePublished":"2015-09-17T10:44:43+00:00","breadcrumb":{"@id":"https:\/\/www.justiceinfo.net\/fr\/2094-de-la-chute-de-compaore-au-coup-d-etat.html#breadcrumb"},"inLanguage":"fr-FR","potentialAction":[{"@type":"ReadAction","target":["https:\/\/www.justiceinfo.net\/fr\/2094-de-la-chute-de-compaore-au-coup-d-etat.html"]}]},{"@type":"BreadcrumbList","@id":"https:\/\/www.justiceinfo.net\/fr\/2094-de-la-chute-de-compaore-au-coup-d-etat.html#breadcrumb","itemListElement":[{"@type":"ListItem","position":1,"name":"Home","item":"https:\/\/www.justiceinfo.net\/fr"},{"@type":"ListItem","position":2,"name":"De la chute de Compaor\u00e9 au coup d'Etat"}]},{"@type":"WebSite","@id":"https:\/\/www.justiceinfo.net\/fr#website","url":"https:\/\/www.justiceinfo.net\/fr","name":"JusticeInfo.net","description":"La justice doit \u00eatre vue pour \u00eatre rendue","publisher":{"@id":"https:\/\/www.justiceinfo.net\/fr#organization"},"potentialAction":[{"@type":"SearchAction","target":{"@type":"EntryPoint","urlTemplate":"https:\/\/www.justiceinfo.net\/fr?s={search_term_string}"},"query-input":{"@type":"PropertyValueSpecification","valueRequired":true,"valueName":"search_term_string"}}],"inLanguage":"fr-FR"},{"@type":"Organization","@id":"https:\/\/www.justiceinfo.net\/fr#organization","name":"Justice Info","url":"https:\/\/www.justiceinfo.net\/fr","logo":{"@type":"ImageObject","inLanguage":"fr-FR","@id":"https:\/\/www.justiceinfo.net\/fr#\/schema\/logo\/image\/","url":"https:\/\/www.justiceinfo.net\/wp-content\/uploads\/justiceinfo_logo-trans_1200x1200px.png","contentUrl":"https:\/\/www.justiceinfo.net\/wp-content\/uploads\/justiceinfo_logo-trans_1200x1200px.png","width":1199,"height":1200,"caption":"Justice Info"},"image":{"@id":"https:\/\/www.justiceinfo.net\/fr#\/schema\/logo\/image\/"},"sameAs":["https:\/\/www.facebook.com\/JusticeInfo\/","https:\/\/x.com\/justiceinfonet","https:\/\/www.linkedin.com\/company\/justice-info","https:\/\/www.youtube.com\/channel\/UCyCEsARodyuWtkWyhn-e7pA"]},{"@type":"Person","name":"AFP","url":"\/fr\/?s=AFP"}]}},"_links":{"self":[{"href":"https:\/\/www.justiceinfo.net\/fr\/wp-json\/wp\/v2\/posts\/2094","targetHints":{"allow":["GET"]}}],"collection":[{"href":"https:\/\/www.justiceinfo.net\/fr\/wp-json\/wp\/v2\/posts"}],"about":[{"href":"https:\/\/www.justiceinfo.net\/fr\/wp-json\/wp\/v2\/types\/post"}],"author":[{"embeddable":true,"href":"https:\/\/www.justiceinfo.net\/fr\/wp-json\/wp\/v2\/users\/60"}],"replies":[{"embeddable":true,"href":"https:\/\/www.justiceinfo.net\/fr\/wp-json\/wp\/v2\/comments?post=2094"}],"version-history":[{"count":0,"href":"https:\/\/www.justiceinfo.net\/fr\/wp-json\/wp\/v2\/posts\/2094\/revisions"}],"wp:attachment":[{"href":"https:\/\/www.justiceinfo.net\/fr\/wp-json\/wp\/v2\/media?parent=2094"}],"wp:term":[{"taxonomy":"category","embeddable":true,"href":"https:\/\/www.justiceinfo.net\/fr\/wp-json\/wp\/v2\/categories?post=2094"},{"taxonomy":"post_tag","embeddable":true,"href":"https:\/\/www.justiceinfo.net\/fr\/wp-json\/wp\/v2\/tags?post=2094"},{"taxonomy":"ji_location","embeddable":true,"href":"https:\/\/www.justiceinfo.net\/fr\/wp-json\/wp\/v2\/ji_location?post=2094"}],"curies":[{"name":"wp","href":"https:\/\/api.w.org\/{rel}","templated":true}]}}