{"id":2098,"date":"2015-09-17T14:54:32","date_gmt":"2015-09-17T12:54:32","guid":{"rendered":"https:\/\/www.justiceinfo.net\/2098-burkina-faso-les-militaires-pro-compaore-prennent-le-pouvoir.html"},"modified":"2015-09-17T14:54:32","modified_gmt":"2015-09-17T12:54:32","slug":"burkina-faso-les-militaires-pro-compaore-prennent-le-pouvoir","status":"publish","type":"post","link":"https:\/\/www.justiceinfo.net\/fr\/2098-burkina-faso-les-militaires-pro-compaore-prennent-le-pouvoir.html","title":{"rendered":"Burkina Faso : des militaires pro Compaor\u00e9 prennent le pouvoir"},"content":{"rendered":"<p>Une vive tension r\u00e8gne en milieu de journ\u00e9e dans la capitale Ouagadougou o\u00f9 des coups de feu se font r\u00e9guli\u00e8rement entendre, rapportent des experts de la Fondation Hirondelle d\u00e9ploy\u00e9s dans le pays dans le cadre d\u2019une mission de soutien \u00e0 la Radiodiffusion T\u00e9l\u00e9vision Burkinab\u00e8 (RTB). A 7h30 TU, un repr\u00e9sentant du R\u00e9giment de s\u00e9curit\u00e9 pr\u00e9sidentielle (RSP, ancienne garde pr\u00e9torienne de Blaise Compaor\u00e9, le Pr\u00e9sident d\u00e9mis), a annonc\u00e9 \u00e0 la t\u00e9l\u00e9vision nationale RTB la dissolution des institutions de la transition (parlement et gouvernement) et la nomination d\u2019une nouvelle autorit\u00e9 militaire, le Conseil national pour la d\u00e9mocratie (CND). La loi \u00e9lectorale a \u00e9t\u00e9 vivement critiqu\u00e9e dans ce communiqu\u00e9, quelques jours apr\u00e8s l\u2019invalidation par le Conseil constitutionnel des candidatures de personnalit\u00e9s proches de l\u2019ex r\u00e9gime Compaor\u00e9 pour l\u2019\u00e9lection pr\u00e9sidentielle, initialement pr\u00e9vue pour le 11 octobre. Nouvel homme fort du pays, l\u2019ex chef d\u2019\u00e9tat-major particulier du pr\u00e9sident d\u00e9chu Blaise Compaor\u00e9, le g\u00e9n\u00e9ral Gilbert Diend\u00e9r\u00e9, a \u00e9t\u00e9 proclam\u00e9 \u00e0 la t\u00eate du nouvel organisme issu du coup d\u2019Etat, d\u00e9nonc\u00e9 par plusieurs pays, dont la France.<\/p>\n<p>En milieu de matin\u00e9e, l\u2019instauration d\u2019un couvre-feu a \u00e9t\u00e9 annonc\u00e9e dans la capitale et la fermeture des fronti\u00e8res a \u00e9t\u00e9 d\u00e9cr\u00e9t\u00e9e. Les \u00e9trangers pr\u00e9sents dans le pays ont re\u00e7u pour consigne de ne pas quitter leur domicile. Selon plusieurs t\u00e9moins contact\u00e9s par les experts de la Fondation Hirondelle, des affrontements sporadiques opposaient encore \u00e0 12h TU de jeunes lanceurs de pierre aux \u00e9l\u00e9ments du RSP, circulant \u00e0 moto et arm\u00e9s de kalachnikovs. Selon le m\u00e9dia en ligne Lefaso.net, deux manifestants auraient \u00e9t\u00e9 tu\u00e9s mais cette information n\u2019a pas \u00e9t\u00e9 confirm\u00e9e de source officielle.<\/p>\n<p>\u00a0<\/p>\n<h3>M\u00e9dias sous contr\u00f4le<\/h3>\n<p>\u00a0<\/p>\n<p>Les m\u00e9dias d\u2019Etat sont pass\u00e9s sous le contr\u00f4le du R\u00e9giment de s\u00e9curit\u00e9 pr\u00e9sidentielle d\u00e8s mercredi soir. Des \u00e9l\u00e9ments du RSP filtraient les entr\u00e9es au si\u00e8ge de la RTB jeudi en milieu de journ\u00e9e, ont appris les experts de la Fondation Hirondelle. Seuls quelques techniciens ont \u00e9t\u00e9 autoris\u00e9s \u00e0 rester \u00e0 l\u2019int\u00e9rieur des studios, sous tr\u00e8s stricte contr\u00f4le. A la radio, les communiqu\u00e9s de la nouvelle autorit\u00e9 militaire, le CND, sont r\u00e9guli\u00e8rement diffus\u00e9s, entrecoup\u00e9s de plages musicales et de programmes enregistr\u00e9s. Plusieurs journalistes de la radio nationale ont tent\u00e9 d\u2019entrer sur le site, en vain. Les programmes de la radio fran\u00e7aise RFI ne sont plus disponibles dans le pays depuis mercredi 17h40 TU. Des \u00e9l\u00e9ments du RSP ont p\u00e9n\u00e9tr\u00e9 mercredi soir au si\u00e8ge de Omega FM, for\u00e7ant le personnel \u00e0 interrompre les programmes, a expliqu\u00e9 mercredi soir \u00e0 France24 le directeur de cette radio priv\u00e9 burkinab\u00e8.<\/p>\n<p>Arr\u00eat\u00e9s mercredi en d\u00e9but d\u2019apr\u00e8s-midi au cours du conseil du ministres, le pr\u00e9sident de la transition, Michel Kafando, son premier ministre, Isaac Zida, et plusieurs membres du gouvernement \u00ab\u00a0ont \u00e9t\u00e9 plac\u00e9s en r\u00e9sidence surveill\u00e9s\u00a0\u00bb a affirm\u00e9 le nouvel homme fort du pays, le g\u00e9n\u00e9ral Gilbert Diend\u00e9r\u00e9, dans une interview \u00e0 Jeune Afrique. \u00ab Ils vont bien et seront rel\u00e2ch\u00e9s\u00a0\u00bb, a-t-il ajout\u00e9 au m\u00eame m\u00e9dia. Plusieurs pays, dont les Etats-Unis et la France, de m\u00eame que le secr\u00e9taire g\u00e9n\u00e9ral de l\u2019ONU ont exig\u00e9 leur lib\u00e9ration imm\u00e9diate.<\/p>\n<p>\u00a0<\/p>\n<h3>Appels \u00e0 manifester<\/h3>\n<p>\u00a0<\/p>\n<p>Sh\u00e9rif Sy, le pr\u00e9sident du Conseil national de transition (le parlement int\u00e9rimaire dissout par les nouvelles autorit\u00e9s) a annonc\u00e9 qu\u2019il prenait la t\u00eate du pays en attendant la lib\u00e9ration du pr\u00e9sident. Toutefois, \u00e0 ce stade, il ne dispose du soutien d\u2019aucune force arm\u00e9e lui permettant d\u2019asseoir son autorit\u00e9. L\u2019arm\u00e9e r\u00e9guli\u00e8re, invisible dans la capitale, n\u2019a pas encore fait conna\u00eetre sa position. Plusieurs partis et des organisations de la soci\u00e9t\u00e9 civile, dont le Balais citoyen, chef de file de l\u2019insurrection d\u2019octobre 2014 ayant conduit \u00e0 la chute du r\u00e9gime Compaor\u00e9, ont appel\u00e9 \u00e0 de nouvelles manifestations pour exiger la restauration des institutions civiles de la transition. Le si\u00e8ge du CDP, l\u2019ancien parti de Blaise Compaor\u00e9, a \u00e9t\u00e9 saccag\u00e9 \u00e0 Bobo-Dioulasso, deuxi\u00e8me ville du pays, o\u00f9 les manifestants continuent de se rassembler, ont annonc\u00e9 des m\u00e9dias locaux. Selon le calendrier \u00e9tabli par les autorit\u00e9s d\u00e9chues, des \u00e9lections l\u00e9gislatives devaient se tenir au Burkina Faso le 11 octobre, en m\u00eame temps que la pr\u00e9sidentielle. Dans sa premi\u00e8re adresse \u00e0 la population, le Conseil national pour la d\u00e9mocratie (CND), la nouvelle autorit\u00e9 militaire issue du coup d\u2019Etat, a d\u00e9clar\u00e9 vouloir \u00ab\u00a0aboutir \u00e0 des \u00e9lections inclusives et apais\u00e9es\u00a0\u00bb mais aucun autre d\u00e9tail n\u2019a \u00e9t\u00e9 r\u00e9v\u00e9l\u00e9.<\/p>\n<p>\u00a0<\/p>\n<p>\u00a0<\/p>\n<p>\u00a0<\/p>\n<p>\u00a0<\/p>\n<p>\u00a0<\/p>\n<p>\u00a0<\/p>\n<p>\u00a0<\/p>\n","protected":false},"excerpt":{"rendered":"<p>Une vive tension r\u00e8gne en milieu de journ\u00e9e dans la capitale Ouagadougou o\u00f9 des coups de feu se font r\u00e9guli\u00e8rement entendre, rapportent des experts de la Fondation Hirondelle d\u00e9ploy\u00e9s dans le pays dans le cadre d\u2019une mission de soutien \u00e0 la Radiodiffusion T\u00e9l\u00e9vision Burkinab\u00e8 (RTB). A 7h30 TU, un repr\u00e9sentant du R\u00e9giment de s\u00e9curit\u00e9 pr\u00e9sidentielle [&hellip;]<\/p>\n","protected":false},"author":64,"featured_media":62386,"comment_status":"open","ping_status":"closed","sticky":false,"template":"","format":"standard","meta":{"_acf_changed":false,"footnotes":""},"categories":[556],"tags":[],"ji_location":[2150],"class_list":["post-2098","post","type-post","status-publish","format-standard","has-post-thumbnail","hentry","category-divers","ji_location-burkina-faso"],"acf":[],"yoast_head":"<!-- This site is optimized with the Yoast SEO Premium plugin v25.3.1 (Yoast SEO v25.3.1) - https:\/\/yoast.com\/wordpress\/plugins\/seo\/ -->\n<title>Burkina Faso : des militaires pro Compaor\u00e9 prennent le pouvoir - JusticeInfo.net<\/title>\n<meta name=\"robots\" content=\"index, follow, max-snippet:-1, max-image-preview:large, max-video-preview:-1\" \/>\n<link rel=\"canonical\" href=\"https:\/\/www.justiceinfo.net\/fr\/2098-burkina-faso-les-militaires-pro-compaore-prennent-le-pouvoir.html\" \/>\n<meta property=\"og:locale\" content=\"fr_FR\" \/>\n<meta property=\"og:type\" content=\"article\" \/>\n<meta property=\"og:title\" content=\"Burkina Faso : des militaires pro Compaor\u00e9 prennent le pouvoir\" \/>\n<meta property=\"og:description\" content=\"Une vive tension r\u00e8gne en milieu de journ\u00e9e dans la capitale Ouagadougou o\u00f9 des coups de feu se font r\u00e9guli\u00e8rement entendre, rapportent des experts de la Fondation Hirondelle d\u00e9ploy\u00e9s dans le pays dans le cadre d\u2019une mission de soutien \u00e0 la Radiodiffusion T\u00e9l\u00e9vision Burkinab\u00e8 (RTB). A 7h30 TU, un repr\u00e9sentant du R\u00e9giment de s\u00e9curit\u00e9 pr\u00e9sidentielle [&hellip;]\" \/>\n<meta property=\"og:url\" content=\"https:\/\/www.justiceinfo.net\/fr\/2098-burkina-faso-les-militaires-pro-compaore-prennent-le-pouvoir.html\" \/>\n<meta property=\"og:site_name\" content=\"JusticeInfo.net\" \/>\n<meta property=\"article:publisher\" content=\"https:\/\/www.facebook.com\/JusticeInfo\/\" \/>\n<meta property=\"article:published_time\" content=\"2015-09-17T12:54:32+00:00\" \/>\n<meta property=\"og:image\" content=\"https:\/\/www.justiceinfo.net\/wp-content\/uploads\/4bdefd0ccc884b69ab8e23af52af4cb4-scaled.jpg\" \/>\n\t<meta property=\"og:image:width\" content=\"2560\" \/>\n\t<meta property=\"og:image:height\" content=\"1648\" \/>\n\t<meta property=\"og:image:type\" content=\"image\/jpeg\" \/>\n<meta name=\"author\" content=\"Claude-Olivier Volluz Ouagadougou (correspondance)\" \/>\n<meta name=\"twitter:card\" content=\"summary_large_image\" \/>\n<meta name=\"twitter:creator\" content=\"@justiceinfonet\" \/>\n<meta name=\"twitter:site\" content=\"@justiceinfonet\" \/>\n<meta name=\"twitter:label1\" content=\"\u00c9crit par\" \/>\n\t<meta name=\"twitter:data1\" content=\"Claude-Olivier Volluz Ouagadougou (correspondance)\" \/>\n\t<meta name=\"twitter:label2\" content=\"Dur\u00e9e de lecture estim\u00e9e\" \/>\n\t<meta name=\"twitter:data2\" content=\"4 minutes\" \/>\n<script type=\"application\/ld+json\" class=\"yoast-schema-graph\">{\"@context\":\"https:\/\/schema.org\",\"@graph\":[{\"@type\":\"NewsArticle\",\"@id\":\"https:\/\/www.justiceinfo.net\/fr\/2098-burkina-faso-les-militaires-pro-compaore-prennent-le-pouvoir.html#article\",\"isPartOf\":{\"@id\":\"https:\/\/www.justiceinfo.net\/fr\/2098-burkina-faso-les-militaires-pro-compaore-prennent-le-pouvoir.html\"},\"author\":{\"name\":\"solivri\",\"@id\":\"https:\/\/www.justiceinfo.net\/fr#\/schema\/person\/6e53cba1629e2e66f3fc1821d3091865\"},\"headline\":\"Burkina Faso : des militaires pro Compaor\u00e9 prennent le pouvoir\",\"datePublished\":\"2015-09-17T12:54:32+00:00\",\"mainEntityOfPage\":{\"@id\":\"https:\/\/www.justiceinfo.net\/fr\/2098-burkina-faso-les-militaires-pro-compaore-prennent-le-pouvoir.html\"},\"wordCount\":839,\"commentCount\":0,\"publisher\":{\"@id\":\"https:\/\/www.justiceinfo.net\/fr#organization\"},\"image\":{\"@id\":\"https:\/\/www.justiceinfo.net\/fr\/2098-burkina-faso-les-militaires-pro-compaore-prennent-le-pouvoir.html#primaryimage\"},\"thumbnailUrl\":\"https:\/\/www.justiceinfo.net\/wp-content\/uploads\/4bdefd0ccc884b69ab8e23af52af4cb4-scaled.jpg\",\"articleSection\":[\"Divers\"],\"inLanguage\":\"fr-FR\",\"potentialAction\":[{\"@type\":\"CommentAction\",\"name\":\"Comment\",\"target\":[\"https:\/\/www.justiceinfo.net\/fr\/2098-burkina-faso-les-militaires-pro-compaore-prennent-le-pouvoir.html#respond\"]}]},{\"@type\":\"WebPage\",\"@id\":\"https:\/\/www.justiceinfo.net\/fr\/2098-burkina-faso-les-militaires-pro-compaore-prennent-le-pouvoir.html\",\"url\":\"https:\/\/www.justiceinfo.net\/fr\/2098-burkina-faso-les-militaires-pro-compaore-prennent-le-pouvoir.html\",\"name\":\"Burkina Faso : des militaires pro Compaor\u00e9 prennent le pouvoir - JusticeInfo.net\",\"isPartOf\":{\"@id\":\"https:\/\/www.justiceinfo.net\/fr#website\"},\"primaryImageOfPage\":{\"@id\":\"https:\/\/www.justiceinfo.net\/fr\/2098-burkina-faso-les-militaires-pro-compaore-prennent-le-pouvoir.html#primaryimage\"},\"image\":{\"@id\":\"https:\/\/www.justiceinfo.net\/fr\/2098-burkina-faso-les-militaires-pro-compaore-prennent-le-pouvoir.html#primaryimage\"},\"thumbnailUrl\":\"https:\/\/www.justiceinfo.net\/wp-content\/uploads\/4bdefd0ccc884b69ab8e23af52af4cb4-scaled.jpg\",\"datePublished\":\"2015-09-17T12:54:32+00:00\",\"breadcrumb\":{\"@id\":\"https:\/\/www.justiceinfo.net\/fr\/2098-burkina-faso-les-militaires-pro-compaore-prennent-le-pouvoir.html#breadcrumb\"},\"inLanguage\":\"fr-FR\",\"potentialAction\":[{\"@type\":\"ReadAction\",\"target\":[\"https:\/\/www.justiceinfo.net\/fr\/2098-burkina-faso-les-militaires-pro-compaore-prennent-le-pouvoir.html\"]}]},{\"@type\":\"ImageObject\",\"inLanguage\":\"fr-FR\",\"@id\":\"https:\/\/www.justiceinfo.net\/fr\/2098-burkina-faso-les-militaires-pro-compaore-prennent-le-pouvoir.html#primaryimage\",\"url\":\"https:\/\/www.justiceinfo.net\/wp-content\/uploads\/4bdefd0ccc884b69ab8e23af52af4cb4-scaled.jpg\",\"contentUrl\":\"https:\/\/www.justiceinfo.net\/wp-content\/uploads\/4bdefd0ccc884b69ab8e23af52af4cb4-scaled.jpg\",\"width\":2560,\"height\":1648},{\"@type\":\"BreadcrumbList\",\"@id\":\"https:\/\/www.justiceinfo.net\/fr\/2098-burkina-faso-les-militaires-pro-compaore-prennent-le-pouvoir.html#breadcrumb\",\"itemListElement\":[{\"@type\":\"ListItem\",\"position\":1,\"name\":\"Home\",\"item\":\"https:\/\/www.justiceinfo.net\/fr\"},{\"@type\":\"ListItem\",\"position\":2,\"name\":\"Burkina Faso : des militaires pro Compaor\u00e9 prennent le pouvoir\"}]},{\"@type\":\"WebSite\",\"@id\":\"https:\/\/www.justiceinfo.net\/fr#website\",\"url\":\"https:\/\/www.justiceinfo.net\/fr\",\"name\":\"JusticeInfo.net\",\"description\":\"La justice doit \u00eatre vue pour \u00eatre rendue\",\"publisher\":{\"@id\":\"https:\/\/www.justiceinfo.net\/fr#organization\"},\"potentialAction\":[{\"@type\":\"SearchAction\",\"target\":{\"@type\":\"EntryPoint\",\"urlTemplate\":\"https:\/\/www.justiceinfo.net\/fr?s={search_term_string}\"},\"query-input\":{\"@type\":\"PropertyValueSpecification\",\"valueRequired\":true,\"valueName\":\"search_term_string\"}}],\"inLanguage\":\"fr-FR\"},{\"@type\":\"Organization\",\"@id\":\"https:\/\/www.justiceinfo.net\/fr#organization\",\"name\":\"Justice Info\",\"url\":\"https:\/\/www.justiceinfo.net\/fr\",\"logo\":{\"@type\":\"ImageObject\",\"inLanguage\":\"fr-FR\",\"@id\":\"https:\/\/www.justiceinfo.net\/fr#\/schema\/logo\/image\/\",\"url\":\"https:\/\/www.justiceinfo.net\/wp-content\/uploads\/justiceinfo_logo-trans_1200x1200px.png\",\"contentUrl\":\"https:\/\/www.justiceinfo.net\/wp-content\/uploads\/justiceinfo_logo-trans_1200x1200px.png\",\"width\":1199,\"height\":1200,\"caption\":\"Justice Info\"},\"image\":{\"@id\":\"https:\/\/www.justiceinfo.net\/fr#\/schema\/logo\/image\/\"},\"sameAs\":[\"https:\/\/www.facebook.com\/JusticeInfo\/\",\"https:\/\/x.com\/justiceinfonet\",\"https:\/\/www.linkedin.com\/company\/justice-info\",\"https:\/\/www.youtube.com\/channel\/UCyCEsARodyuWtkWyhn-e7pA\"]},{\"@type\":\"Person\",\"name\":\"Claude-Olivier Volluz Ouagadougou (correspondance)\",\"url\":\"\/fr\/?s=Claude-Olivier Volluz Ouagadougou (correspondance)\"}]}<\/script>\n<!-- \/ Yoast SEO Premium plugin. -->","yoast_head_json":{"title":"Burkina Faso : des militaires pro Compaor\u00e9 prennent le pouvoir - JusticeInfo.net","robots":{"index":"index","follow":"follow","max-snippet":"max-snippet:-1","max-image-preview":"max-image-preview:large","max-video-preview":"max-video-preview:-1"},"canonical":"https:\/\/www.justiceinfo.net\/fr\/2098-burkina-faso-les-militaires-pro-compaore-prennent-le-pouvoir.html","og_locale":"fr_FR","og_type":"article","og_title":"Burkina Faso : des militaires pro Compaor\u00e9 prennent le pouvoir","og_description":"Une vive tension r\u00e8gne en milieu de journ\u00e9e dans la capitale Ouagadougou o\u00f9 des coups de feu se font r\u00e9guli\u00e8rement entendre, rapportent des experts de la Fondation Hirondelle d\u00e9ploy\u00e9s dans le pays dans le cadre d\u2019une mission de soutien \u00e0 la Radiodiffusion T\u00e9l\u00e9vision Burkinab\u00e8 (RTB). A 7h30 TU, un repr\u00e9sentant du R\u00e9giment de s\u00e9curit\u00e9 pr\u00e9sidentielle [&hellip;]","og_url":"https:\/\/www.justiceinfo.net\/fr\/2098-burkina-faso-les-militaires-pro-compaore-prennent-le-pouvoir.html","og_site_name":"JusticeInfo.net","article_publisher":"https:\/\/www.facebook.com\/JusticeInfo\/","article_published_time":"2015-09-17T12:54:32+00:00","og_image":[{"width":2560,"height":1648,"url":"https:\/\/www.justiceinfo.net\/wp-content\/uploads\/4bdefd0ccc884b69ab8e23af52af4cb4-scaled.jpg","type":"image\/jpeg"}],"author":"Claude-Olivier Volluz Ouagadougou (correspondance)","twitter_card":"summary_large_image","twitter_creator":"@justiceinfonet","twitter_site":"@justiceinfonet","twitter_misc":{"\u00c9crit par":"Claude-Olivier Volluz Ouagadougou (correspondance)","Dur\u00e9e de lecture estim\u00e9e":"4 minutes"},"schema":{"@context":"https:\/\/schema.org","@graph":[{"@type":"NewsArticle","@id":"https:\/\/www.justiceinfo.net\/fr\/2098-burkina-faso-les-militaires-pro-compaore-prennent-le-pouvoir.html#article","isPartOf":{"@id":"https:\/\/www.justiceinfo.net\/fr\/2098-burkina-faso-les-militaires-pro-compaore-prennent-le-pouvoir.html"},"author":{"name":"solivri","@id":"https:\/\/www.justiceinfo.net\/fr#\/schema\/person\/6e53cba1629e2e66f3fc1821d3091865"},"headline":"Burkina Faso : des militaires pro Compaor\u00e9 prennent le pouvoir","datePublished":"2015-09-17T12:54:32+00:00","mainEntityOfPage":{"@id":"https:\/\/www.justiceinfo.net\/fr\/2098-burkina-faso-les-militaires-pro-compaore-prennent-le-pouvoir.html"},"wordCount":839,"commentCount":0,"publisher":{"@id":"https:\/\/www.justiceinfo.net\/fr#organization"},"image":{"@id":"https:\/\/www.justiceinfo.net\/fr\/2098-burkina-faso-les-militaires-pro-compaore-prennent-le-pouvoir.html#primaryimage"},"thumbnailUrl":"https:\/\/www.justiceinfo.net\/wp-content\/uploads\/4bdefd0ccc884b69ab8e23af52af4cb4-scaled.jpg","articleSection":["Divers"],"inLanguage":"fr-FR","potentialAction":[{"@type":"CommentAction","name":"Comment","target":["https:\/\/www.justiceinfo.net\/fr\/2098-burkina-faso-les-militaires-pro-compaore-prennent-le-pouvoir.html#respond"]}]},{"@type":"WebPage","@id":"https:\/\/www.justiceinfo.net\/fr\/2098-burkina-faso-les-militaires-pro-compaore-prennent-le-pouvoir.html","url":"https:\/\/www.justiceinfo.net\/fr\/2098-burkina-faso-les-militaires-pro-compaore-prennent-le-pouvoir.html","name":"Burkina Faso : des militaires pro Compaor\u00e9 prennent le pouvoir - JusticeInfo.net","isPartOf":{"@id":"https:\/\/www.justiceinfo.net\/fr#website"},"primaryImageOfPage":{"@id":"https:\/\/www.justiceinfo.net\/fr\/2098-burkina-faso-les-militaires-pro-compaore-prennent-le-pouvoir.html#primaryimage"},"image":{"@id":"https:\/\/www.justiceinfo.net\/fr\/2098-burkina-faso-les-militaires-pro-compaore-prennent-le-pouvoir.html#primaryimage"},"thumbnailUrl":"https:\/\/www.justiceinfo.net\/wp-content\/uploads\/4bdefd0ccc884b69ab8e23af52af4cb4-scaled.jpg","datePublished":"2015-09-17T12:54:32+00:00","breadcrumb":{"@id":"https:\/\/www.justiceinfo.net\/fr\/2098-burkina-faso-les-militaires-pro-compaore-prennent-le-pouvoir.html#breadcrumb"},"inLanguage":"fr-FR","potentialAction":[{"@type":"ReadAction","target":["https:\/\/www.justiceinfo.net\/fr\/2098-burkina-faso-les-militaires-pro-compaore-prennent-le-pouvoir.html"]}]},{"@type":"ImageObject","inLanguage":"fr-FR","@id":"https:\/\/www.justiceinfo.net\/fr\/2098-burkina-faso-les-militaires-pro-compaore-prennent-le-pouvoir.html#primaryimage","url":"https:\/\/www.justiceinfo.net\/wp-content\/uploads\/4bdefd0ccc884b69ab8e23af52af4cb4-scaled.jpg","contentUrl":"https:\/\/www.justiceinfo.net\/wp-content\/uploads\/4bdefd0ccc884b69ab8e23af52af4cb4-scaled.jpg","width":2560,"height":1648},{"@type":"BreadcrumbList","@id":"https:\/\/www.justiceinfo.net\/fr\/2098-burkina-faso-les-militaires-pro-compaore-prennent-le-pouvoir.html#breadcrumb","itemListElement":[{"@type":"ListItem","position":1,"name":"Home","item":"https:\/\/www.justiceinfo.net\/fr"},{"@type":"ListItem","position":2,"name":"Burkina Faso : des militaires pro Compaor\u00e9 prennent le pouvoir"}]},{"@type":"WebSite","@id":"https:\/\/www.justiceinfo.net\/fr#website","url":"https:\/\/www.justiceinfo.net\/fr","name":"JusticeInfo.net","description":"La justice doit \u00eatre vue pour \u00eatre rendue","publisher":{"@id":"https:\/\/www.justiceinfo.net\/fr#organization"},"potentialAction":[{"@type":"SearchAction","target":{"@type":"EntryPoint","urlTemplate":"https:\/\/www.justiceinfo.net\/fr?s={search_term_string}"},"query-input":{"@type":"PropertyValueSpecification","valueRequired":true,"valueName":"search_term_string"}}],"inLanguage":"fr-FR"},{"@type":"Organization","@id":"https:\/\/www.justiceinfo.net\/fr#organization","name":"Justice Info","url":"https:\/\/www.justiceinfo.net\/fr","logo":{"@type":"ImageObject","inLanguage":"fr-FR","@id":"https:\/\/www.justiceinfo.net\/fr#\/schema\/logo\/image\/","url":"https:\/\/www.justiceinfo.net\/wp-content\/uploads\/justiceinfo_logo-trans_1200x1200px.png","contentUrl":"https:\/\/www.justiceinfo.net\/wp-content\/uploads\/justiceinfo_logo-trans_1200x1200px.png","width":1199,"height":1200,"caption":"Justice Info"},"image":{"@id":"https:\/\/www.justiceinfo.net\/fr#\/schema\/logo\/image\/"},"sameAs":["https:\/\/www.facebook.com\/JusticeInfo\/","https:\/\/x.com\/justiceinfonet","https:\/\/www.linkedin.com\/company\/justice-info","https:\/\/www.youtube.com\/channel\/UCyCEsARodyuWtkWyhn-e7pA"]},{"@type":"Person","name":"Claude-Olivier Volluz Ouagadougou (correspondance)","url":"\/fr\/?s=Claude-Olivier Volluz Ouagadougou (correspondance)"}]}},"_links":{"self":[{"href":"https:\/\/www.justiceinfo.net\/fr\/wp-json\/wp\/v2\/posts\/2098","targetHints":{"allow":["GET"]}}],"collection":[{"href":"https:\/\/www.justiceinfo.net\/fr\/wp-json\/wp\/v2\/posts"}],"about":[{"href":"https:\/\/www.justiceinfo.net\/fr\/wp-json\/wp\/v2\/types\/post"}],"author":[{"embeddable":true,"href":"https:\/\/www.justiceinfo.net\/fr\/wp-json\/wp\/v2\/users\/64"}],"replies":[{"embeddable":true,"href":"https:\/\/www.justiceinfo.net\/fr\/wp-json\/wp\/v2\/comments?post=2098"}],"version-history":[{"count":0,"href":"https:\/\/www.justiceinfo.net\/fr\/wp-json\/wp\/v2\/posts\/2098\/revisions"}],"wp:featuredmedia":[{"embeddable":true,"href":"https:\/\/www.justiceinfo.net\/fr\/wp-json\/wp\/v2\/media\/62386"}],"wp:attachment":[{"href":"https:\/\/www.justiceinfo.net\/fr\/wp-json\/wp\/v2\/media?parent=2098"}],"wp:term":[{"taxonomy":"category","embeddable":true,"href":"https:\/\/www.justiceinfo.net\/fr\/wp-json\/wp\/v2\/categories?post=2098"},{"taxonomy":"post_tag","embeddable":true,"href":"https:\/\/www.justiceinfo.net\/fr\/wp-json\/wp\/v2\/tags?post=2098"},{"taxonomy":"ji_location","embeddable":true,"href":"https:\/\/www.justiceinfo.net\/fr\/wp-json\/wp\/v2\/ji_location?post=2098"}],"curies":[{"name":"wp","href":"https:\/\/api.w.org\/{rel}","templated":true}]}}