{"id":2107,"date":"2015-09-18T13:44:49","date_gmt":"2015-09-18T11:44:49","guid":{"rendered":"https:\/\/www.justiceinfo.net\/2107-burkina-faso-jai-peur-je-ne-prendrai-pas-le-risque-de-manifester-a-nouveau.html"},"modified":"2015-09-18T13:44:49","modified_gmt":"2015-09-18T11:44:49","slug":"burkina-faso-jai-peur-je-ne-prendrai-pas-le-risque-de-manifester-a-nouveau","status":"publish","type":"post","link":"https:\/\/www.justiceinfo.net\/fr\/2107-burkina-faso-jai-peur-je-ne-prendrai-pas-le-risque-de-manifester-a-nouveau.html","title":{"rendered":"Burkina Faso : \"ils tirent sur la foule\""},"content":{"rendered":"<p>La voix de Vincent est charg\u00e9e d\u2019\u00e9motion. Ce jeune p\u00e8re de famille a assist\u00e9 aux manifestations de jeudi pour contester le coup d\u2019Etat du R\u00e9giment de s\u00e9curit\u00e9 pr\u00e9sidentiel (RSP) au Burkina Faso. <em>\u00abJ\u2019ai tout film\u00e9 sur mon t\u00e9l\u00e9phone portable mais je n\u2019y retournerai pas. J\u2019ai peur. Je ne prendrai plus le risque de manifester. C\u2019est terrible ce qui se passe. Ils tirent sur la foule\u00bb<\/em>, se d\u00e9sole ce burkinab\u00e9 de Ouagadougou, aux experts de la Fondation Hirondelle venus le rencontrer \u00e0 proximit\u00e9 de son domicile.<\/p>\n<p>Vincent fustige la nouvelle autorit\u00e9 militaire, le Conseil national de la d\u00e9mocratie, et sa d\u00e9nomination qui, estime-t-il, ne fait aucune illusion\u00a0: <em>\u00abUn conseil pour la d\u00e9mocratie? Laissez-moi rire. Ce n\u2019est pas cr\u00e9dible. Je les ai vus faire hier. Ils circulent \u00e0 moto, arm\u00e9s de kalachnikovs. La population a peur. Quelques minutes avant le couvre-feu, ils ont poursuivi un vieil homme et l\u2019ont frapp\u00e9 avec une ceinture. Je les ai \u00e9galement vus interpeller un jeune homme et l\u2019embarquer \u00e0 bord d\u2019un Land Cruiser V8. Ce sont les v\u00e9hicules que conduisent les grad\u00e9s du RSP.\u00bb<\/em><\/p>\n<p>Le bilan des affrontements entre jeunes lanceurs de pierre et les \u00e9l\u00e9ments arm\u00e9s du RSP \u00e0 Ouagadougou varie selon les sources, entre 6 et 10 morts pour la seule journ\u00e9e de jeudi. Vincent affirme avoir vu deux cadavres au cours de cette m\u00eame journ\u00e9e. Des corps abandonn\u00e9s au bord d\u2019une route en p\u00e9riph\u00e9rie de la ville, \u00e0 proximit\u00e9 de son domicile: <em>\u00abFranchement, je ne sais pas qui leur a tir\u00e9 dessus. Je n\u2019\u00e9tais pas l\u00e0 lorsque cela s\u2019est pass\u00e9. Tout ce que j\u2019ai vu, ce sont des impacts de balle, pour l\u2019un sur la t\u00eate et pour l\u2019autre sur l\u2019abdomen\u00bb. <\/em><\/p>\n<p>Vincent interrompt subitement son t\u00e9moignage. Des tirs retentissent \u00e0 proximit\u00e9. Dans le centre-ville, des manifestants se regroupent depuis le milieu de matin\u00e9e. Des volutes de fum\u00e9e apparaissent \u00e0 l\u2019horizon. Certaines chancelleries occidentales, qui avaient appel\u00e9 leurs ressortissants \u00e0 profiter de l\u2019accalmie de la nuit pour se r\u00e9approvisionner, r\u00e9visent leurs consignes de s\u00e9curit\u00e9. Les occidentaux sont \u00e0 nouveau invit\u00e9s \u00e0 respecter les mesures de confinement.<\/p>\n<p>A la t\u00e9l\u00e9vision, la RTB, pass\u00e9e sous le contr\u00f4le des putschistes, annonce la lib\u00e9ration du pr\u00e9sident Michel Kafando, d\u00e9tenu depuis mercredi apr\u00e8s-midi, mais aucune image du chef de l\u2019Etat d\u00e9chu n\u2019est diffus\u00e9e. Il serait maintenu en r\u00e9sidence surveill\u00e9e. A Ouagadougou, les informations circulent dans la plus grande confusion. La radio fran\u00e7aise RFI, dont les programmes avaient \u00e9t\u00e9 coup\u00e9s en d\u00e9but de soir\u00e9e mercredi, est \u00e0 nouveau disponible. Par grappe, des hommes se regroupent autour des boutiques o\u00f9 des t\u00e9l\u00e9visions et des transistors sont dispos\u00e9s.<\/p>\n<p>Dans ce tumulte, un nouveau m\u00e9dia tente de s\u2019imposer. Radio \u00abR\u00e9sistance\u00bb a \u00e9t\u00e9 mont\u00e9e en toute h\u00e2te afin d\u2019offrir un canal de communication aux partis politiques oppos\u00e9s au coup d\u2019Etat et \u00e0 la soci\u00e9t\u00e9 civile. Un message de Ch\u00e9rif Sy est diffus\u00e9 en boucle sur cette antenne. Le pr\u00e9sident du parlement int\u00e9rimaire, dissout par la nouvelle autorit\u00e9 militaire, appelle les populations des r\u00e9gions \u00e0 rallier Ouagadougou pour de nouvelles manifestations. L\u2019homme s\u2019est proclam\u00e9 pr\u00e9sident par int\u00e9rim. A d\u00e9faut d\u2019un appui de l\u2019arm\u00e9e, rest\u00e9e tr\u00e8s discr\u00e8te depuis le d\u00e9but de la crise, il compte sur le soutien de la population pour asseoir son autorit\u00e9, face \u00e0 l\u2019omnipr\u00e9sence du RSP.<\/p>\n","protected":false},"excerpt":{"rendered":"<p>La voix de Vincent est charg\u00e9e d\u2019\u00e9motion. Ce jeune p\u00e8re de famille a assist\u00e9 aux manifestations de jeudi pour contester le coup d\u2019Etat du R\u00e9giment de s\u00e9curit\u00e9 pr\u00e9sidentiel (RSP) au Burkina Faso. \u00abJ\u2019ai tout film\u00e9 sur mon t\u00e9l\u00e9phone portable mais je n\u2019y retournerai pas. J\u2019ai peur. Je ne prendrai plus le risque de manifester. C\u2019est [&hellip;]<\/p>\n","protected":false},"author":64,"featured_media":62384,"comment_status":"open","ping_status":"closed","sticky":false,"template":"","format":"standard","meta":{"_acf_changed":false,"footnotes":""},"categories":[549],"tags":[],"ji_location":[2150],"class_list":["post-2107","post","type-post","status-publish","format-standard","has-post-thumbnail","hentry","category-reconciliation","ji_location-burkina-faso"],"acf":[],"yoast_head":"<!-- This site is optimized with the Yoast SEO Premium plugin v25.3.1 (Yoast SEO v25.3.1) - https:\/\/yoast.com\/wordpress\/plugins\/seo\/ -->\n<title>Burkina Faso : &quot;ils tirent sur la foule&quot; - JusticeInfo.net<\/title>\n<meta name=\"robots\" content=\"index, follow, max-snippet:-1, max-image-preview:large, max-video-preview:-1\" \/>\n<link rel=\"canonical\" href=\"https:\/\/www.justiceinfo.net\/fr\/2107-burkina-faso-jai-peur-je-ne-prendrai-pas-le-risque-de-manifester-a-nouveau.html\" \/>\n<meta property=\"og:locale\" content=\"fr_FR\" \/>\n<meta property=\"og:type\" content=\"article\" \/>\n<meta property=\"og:title\" content=\"Burkina Faso : &quot;ils tirent sur la foule&quot;\" \/>\n<meta property=\"og:description\" content=\"La voix de Vincent est charg\u00e9e d\u2019\u00e9motion. Ce jeune p\u00e8re de famille a assist\u00e9 aux manifestations de jeudi pour contester le coup d\u2019Etat du R\u00e9giment de s\u00e9curit\u00e9 pr\u00e9sidentiel (RSP) au Burkina Faso. \u00abJ\u2019ai tout film\u00e9 sur mon t\u00e9l\u00e9phone portable mais je n\u2019y retournerai pas. J\u2019ai peur. Je ne prendrai plus le risque de manifester. C\u2019est [&hellip;]\" \/>\n<meta property=\"og:url\" content=\"https:\/\/www.justiceinfo.net\/fr\/2107-burkina-faso-jai-peur-je-ne-prendrai-pas-le-risque-de-manifester-a-nouveau.html\" \/>\n<meta property=\"og:site_name\" content=\"JusticeInfo.net\" \/>\n<meta property=\"article:publisher\" content=\"https:\/\/www.facebook.com\/JusticeInfo\/\" \/>\n<meta property=\"article:published_time\" content=\"2015-09-18T11:44:49+00:00\" \/>\n<meta property=\"og:image\" content=\"https:\/\/www.justiceinfo.net\/wp-content\/uploads\/7a661f4578d6880820a03cd87a994a3c-scaled.jpg\" \/>\n\t<meta property=\"og:image:width\" content=\"2560\" \/>\n\t<meta property=\"og:image:height\" content=\"1719\" \/>\n\t<meta property=\"og:image:type\" content=\"image\/jpeg\" \/>\n<meta name=\"author\" content=\"Claude-Olivier Volluz correspondance de Ouagadougou\" \/>\n<meta name=\"twitter:card\" content=\"summary_large_image\" \/>\n<meta name=\"twitter:creator\" content=\"@justiceinfonet\" \/>\n<meta name=\"twitter:site\" content=\"@justiceinfonet\" \/>\n<meta name=\"twitter:label1\" content=\"\u00c9crit par\" \/>\n\t<meta name=\"twitter:data1\" content=\"Claude-Olivier Volluz correspondance de Ouagadougou\" \/>\n\t<meta name=\"twitter:label2\" content=\"Dur\u00e9e de lecture estim\u00e9e\" \/>\n\t<meta name=\"twitter:data2\" content=\"3 minutes\" \/>\n<script type=\"application\/ld+json\" class=\"yoast-schema-graph\">{\"@context\":\"https:\/\/schema.org\",\"@graph\":[{\"@type\":\"NewsArticle\",\"@id\":\"https:\/\/www.justiceinfo.net\/fr\/2107-burkina-faso-jai-peur-je-ne-prendrai-pas-le-risque-de-manifester-a-nouveau.html#article\",\"isPartOf\":{\"@id\":\"https:\/\/www.justiceinfo.net\/fr\/2107-burkina-faso-jai-peur-je-ne-prendrai-pas-le-risque-de-manifester-a-nouveau.html\"},\"author\":{\"name\":\"solivri\",\"@id\":\"https:\/\/www.justiceinfo.net\/fr#\/schema\/person\/6e53cba1629e2e66f3fc1821d3091865\"},\"headline\":\"Burkina Faso : \\\"ils tirent sur la foule\\\"\",\"datePublished\":\"2015-09-18T11:44:49+00:00\",\"mainEntityOfPage\":{\"@id\":\"https:\/\/www.justiceinfo.net\/fr\/2107-burkina-faso-jai-peur-je-ne-prendrai-pas-le-risque-de-manifester-a-nouveau.html\"},\"wordCount\":623,\"commentCount\":0,\"publisher\":{\"@id\":\"https:\/\/www.justiceinfo.net\/fr#organization\"},\"image\":{\"@id\":\"https:\/\/www.justiceinfo.net\/fr\/2107-burkina-faso-jai-peur-je-ne-prendrai-pas-le-risque-de-manifester-a-nouveau.html#primaryimage\"},\"thumbnailUrl\":\"https:\/\/www.justiceinfo.net\/wp-content\/uploads\/7a661f4578d6880820a03cd87a994a3c-scaled.jpg\",\"articleSection\":[\"R\u00e9conciliation\"],\"inLanguage\":\"fr-FR\",\"potentialAction\":[{\"@type\":\"CommentAction\",\"name\":\"Comment\",\"target\":[\"https:\/\/www.justiceinfo.net\/fr\/2107-burkina-faso-jai-peur-je-ne-prendrai-pas-le-risque-de-manifester-a-nouveau.html#respond\"]}]},{\"@type\":\"WebPage\",\"@id\":\"https:\/\/www.justiceinfo.net\/fr\/2107-burkina-faso-jai-peur-je-ne-prendrai-pas-le-risque-de-manifester-a-nouveau.html\",\"url\":\"https:\/\/www.justiceinfo.net\/fr\/2107-burkina-faso-jai-peur-je-ne-prendrai-pas-le-risque-de-manifester-a-nouveau.html\",\"name\":\"Burkina Faso : \\\"ils tirent sur la foule\\\" - JusticeInfo.net\",\"isPartOf\":{\"@id\":\"https:\/\/www.justiceinfo.net\/fr#website\"},\"primaryImageOfPage\":{\"@id\":\"https:\/\/www.justiceinfo.net\/fr\/2107-burkina-faso-jai-peur-je-ne-prendrai-pas-le-risque-de-manifester-a-nouveau.html#primaryimage\"},\"image\":{\"@id\":\"https:\/\/www.justiceinfo.net\/fr\/2107-burkina-faso-jai-peur-je-ne-prendrai-pas-le-risque-de-manifester-a-nouveau.html#primaryimage\"},\"thumbnailUrl\":\"https:\/\/www.justiceinfo.net\/wp-content\/uploads\/7a661f4578d6880820a03cd87a994a3c-scaled.jpg\",\"datePublished\":\"2015-09-18T11:44:49+00:00\",\"breadcrumb\":{\"@id\":\"https:\/\/www.justiceinfo.net\/fr\/2107-burkina-faso-jai-peur-je-ne-prendrai-pas-le-risque-de-manifester-a-nouveau.html#breadcrumb\"},\"inLanguage\":\"fr-FR\",\"potentialAction\":[{\"@type\":\"ReadAction\",\"target\":[\"https:\/\/www.justiceinfo.net\/fr\/2107-burkina-faso-jai-peur-je-ne-prendrai-pas-le-risque-de-manifester-a-nouveau.html\"]}]},{\"@type\":\"ImageObject\",\"inLanguage\":\"fr-FR\",\"@id\":\"https:\/\/www.justiceinfo.net\/fr\/2107-burkina-faso-jai-peur-je-ne-prendrai-pas-le-risque-de-manifester-a-nouveau.html#primaryimage\",\"url\":\"https:\/\/www.justiceinfo.net\/wp-content\/uploads\/7a661f4578d6880820a03cd87a994a3c-scaled.jpg\",\"contentUrl\":\"https:\/\/www.justiceinfo.net\/wp-content\/uploads\/7a661f4578d6880820a03cd87a994a3c-scaled.jpg\",\"width\":2560,\"height\":1719},{\"@type\":\"BreadcrumbList\",\"@id\":\"https:\/\/www.justiceinfo.net\/fr\/2107-burkina-faso-jai-peur-je-ne-prendrai-pas-le-risque-de-manifester-a-nouveau.html#breadcrumb\",\"itemListElement\":[{\"@type\":\"ListItem\",\"position\":1,\"name\":\"Home\",\"item\":\"https:\/\/www.justiceinfo.net\/fr\"},{\"@type\":\"ListItem\",\"position\":2,\"name\":\"Burkina Faso : \\\"ils tirent sur la foule\\\"\"}]},{\"@type\":\"WebSite\",\"@id\":\"https:\/\/www.justiceinfo.net\/fr#website\",\"url\":\"https:\/\/www.justiceinfo.net\/fr\",\"name\":\"JusticeInfo.net\",\"description\":\"La justice doit \u00eatre vue pour \u00eatre rendue\",\"publisher\":{\"@id\":\"https:\/\/www.justiceinfo.net\/fr#organization\"},\"potentialAction\":[{\"@type\":\"SearchAction\",\"target\":{\"@type\":\"EntryPoint\",\"urlTemplate\":\"https:\/\/www.justiceinfo.net\/fr?s={search_term_string}\"},\"query-input\":{\"@type\":\"PropertyValueSpecification\",\"valueRequired\":true,\"valueName\":\"search_term_string\"}}],\"inLanguage\":\"fr-FR\"},{\"@type\":\"Organization\",\"@id\":\"https:\/\/www.justiceinfo.net\/fr#organization\",\"name\":\"Justice Info\",\"url\":\"https:\/\/www.justiceinfo.net\/fr\",\"logo\":{\"@type\":\"ImageObject\",\"inLanguage\":\"fr-FR\",\"@id\":\"https:\/\/www.justiceinfo.net\/fr#\/schema\/logo\/image\/\",\"url\":\"https:\/\/www.justiceinfo.net\/wp-content\/uploads\/justiceinfo_logo-trans_1200x1200px.png\",\"contentUrl\":\"https:\/\/www.justiceinfo.net\/wp-content\/uploads\/justiceinfo_logo-trans_1200x1200px.png\",\"width\":1199,\"height\":1200,\"caption\":\"Justice Info\"},\"image\":{\"@id\":\"https:\/\/www.justiceinfo.net\/fr#\/schema\/logo\/image\/\"},\"sameAs\":[\"https:\/\/www.facebook.com\/JusticeInfo\/\",\"https:\/\/x.com\/justiceinfonet\",\"https:\/\/www.linkedin.com\/company\/justice-info\",\"https:\/\/www.youtube.com\/channel\/UCyCEsARodyuWtkWyhn-e7pA\"]},{\"@type\":\"Person\",\"name\":\"Claude-Olivier Volluz correspondance de Ouagadougou\",\"url\":\"\/fr\/?s=Claude-Olivier Volluz correspondance de Ouagadougou\"}]}<\/script>\n<!-- \/ Yoast SEO Premium plugin. -->","yoast_head_json":{"title":"Burkina Faso : \"ils tirent sur la foule\" - JusticeInfo.net","robots":{"index":"index","follow":"follow","max-snippet":"max-snippet:-1","max-image-preview":"max-image-preview:large","max-video-preview":"max-video-preview:-1"},"canonical":"https:\/\/www.justiceinfo.net\/fr\/2107-burkina-faso-jai-peur-je-ne-prendrai-pas-le-risque-de-manifester-a-nouveau.html","og_locale":"fr_FR","og_type":"article","og_title":"Burkina Faso : \"ils tirent sur la foule\"","og_description":"La voix de Vincent est charg\u00e9e d\u2019\u00e9motion. Ce jeune p\u00e8re de famille a assist\u00e9 aux manifestations de jeudi pour contester le coup d\u2019Etat du R\u00e9giment de s\u00e9curit\u00e9 pr\u00e9sidentiel (RSP) au Burkina Faso. \u00abJ\u2019ai tout film\u00e9 sur mon t\u00e9l\u00e9phone portable mais je n\u2019y retournerai pas. J\u2019ai peur. Je ne prendrai plus le risque de manifester. C\u2019est [&hellip;]","og_url":"https:\/\/www.justiceinfo.net\/fr\/2107-burkina-faso-jai-peur-je-ne-prendrai-pas-le-risque-de-manifester-a-nouveau.html","og_site_name":"JusticeInfo.net","article_publisher":"https:\/\/www.facebook.com\/JusticeInfo\/","article_published_time":"2015-09-18T11:44:49+00:00","og_image":[{"width":2560,"height":1719,"url":"https:\/\/www.justiceinfo.net\/wp-content\/uploads\/7a661f4578d6880820a03cd87a994a3c-scaled.jpg","type":"image\/jpeg"}],"author":"Claude-Olivier Volluz correspondance de Ouagadougou","twitter_card":"summary_large_image","twitter_creator":"@justiceinfonet","twitter_site":"@justiceinfonet","twitter_misc":{"\u00c9crit par":"Claude-Olivier Volluz correspondance de Ouagadougou","Dur\u00e9e de lecture estim\u00e9e":"3 minutes"},"schema":{"@context":"https:\/\/schema.org","@graph":[{"@type":"NewsArticle","@id":"https:\/\/www.justiceinfo.net\/fr\/2107-burkina-faso-jai-peur-je-ne-prendrai-pas-le-risque-de-manifester-a-nouveau.html#article","isPartOf":{"@id":"https:\/\/www.justiceinfo.net\/fr\/2107-burkina-faso-jai-peur-je-ne-prendrai-pas-le-risque-de-manifester-a-nouveau.html"},"author":{"name":"solivri","@id":"https:\/\/www.justiceinfo.net\/fr#\/schema\/person\/6e53cba1629e2e66f3fc1821d3091865"},"headline":"Burkina Faso : \"ils tirent sur la foule\"","datePublished":"2015-09-18T11:44:49+00:00","mainEntityOfPage":{"@id":"https:\/\/www.justiceinfo.net\/fr\/2107-burkina-faso-jai-peur-je-ne-prendrai-pas-le-risque-de-manifester-a-nouveau.html"},"wordCount":623,"commentCount":0,"publisher":{"@id":"https:\/\/www.justiceinfo.net\/fr#organization"},"image":{"@id":"https:\/\/www.justiceinfo.net\/fr\/2107-burkina-faso-jai-peur-je-ne-prendrai-pas-le-risque-de-manifester-a-nouveau.html#primaryimage"},"thumbnailUrl":"https:\/\/www.justiceinfo.net\/wp-content\/uploads\/7a661f4578d6880820a03cd87a994a3c-scaled.jpg","articleSection":["R\u00e9conciliation"],"inLanguage":"fr-FR","potentialAction":[{"@type":"CommentAction","name":"Comment","target":["https:\/\/www.justiceinfo.net\/fr\/2107-burkina-faso-jai-peur-je-ne-prendrai-pas-le-risque-de-manifester-a-nouveau.html#respond"]}]},{"@type":"WebPage","@id":"https:\/\/www.justiceinfo.net\/fr\/2107-burkina-faso-jai-peur-je-ne-prendrai-pas-le-risque-de-manifester-a-nouveau.html","url":"https:\/\/www.justiceinfo.net\/fr\/2107-burkina-faso-jai-peur-je-ne-prendrai-pas-le-risque-de-manifester-a-nouveau.html","name":"Burkina Faso : \"ils tirent sur la foule\" - JusticeInfo.net","isPartOf":{"@id":"https:\/\/www.justiceinfo.net\/fr#website"},"primaryImageOfPage":{"@id":"https:\/\/www.justiceinfo.net\/fr\/2107-burkina-faso-jai-peur-je-ne-prendrai-pas-le-risque-de-manifester-a-nouveau.html#primaryimage"},"image":{"@id":"https:\/\/www.justiceinfo.net\/fr\/2107-burkina-faso-jai-peur-je-ne-prendrai-pas-le-risque-de-manifester-a-nouveau.html#primaryimage"},"thumbnailUrl":"https:\/\/www.justiceinfo.net\/wp-content\/uploads\/7a661f4578d6880820a03cd87a994a3c-scaled.jpg","datePublished":"2015-09-18T11:44:49+00:00","breadcrumb":{"@id":"https:\/\/www.justiceinfo.net\/fr\/2107-burkina-faso-jai-peur-je-ne-prendrai-pas-le-risque-de-manifester-a-nouveau.html#breadcrumb"},"inLanguage":"fr-FR","potentialAction":[{"@type":"ReadAction","target":["https:\/\/www.justiceinfo.net\/fr\/2107-burkina-faso-jai-peur-je-ne-prendrai-pas-le-risque-de-manifester-a-nouveau.html"]}]},{"@type":"ImageObject","inLanguage":"fr-FR","@id":"https:\/\/www.justiceinfo.net\/fr\/2107-burkina-faso-jai-peur-je-ne-prendrai-pas-le-risque-de-manifester-a-nouveau.html#primaryimage","url":"https:\/\/www.justiceinfo.net\/wp-content\/uploads\/7a661f4578d6880820a03cd87a994a3c-scaled.jpg","contentUrl":"https:\/\/www.justiceinfo.net\/wp-content\/uploads\/7a661f4578d6880820a03cd87a994a3c-scaled.jpg","width":2560,"height":1719},{"@type":"BreadcrumbList","@id":"https:\/\/www.justiceinfo.net\/fr\/2107-burkina-faso-jai-peur-je-ne-prendrai-pas-le-risque-de-manifester-a-nouveau.html#breadcrumb","itemListElement":[{"@type":"ListItem","position":1,"name":"Home","item":"https:\/\/www.justiceinfo.net\/fr"},{"@type":"ListItem","position":2,"name":"Burkina Faso : \"ils tirent sur la foule\""}]},{"@type":"WebSite","@id":"https:\/\/www.justiceinfo.net\/fr#website","url":"https:\/\/www.justiceinfo.net\/fr","name":"JusticeInfo.net","description":"La justice doit \u00eatre vue pour \u00eatre rendue","publisher":{"@id":"https:\/\/www.justiceinfo.net\/fr#organization"},"potentialAction":[{"@type":"SearchAction","target":{"@type":"EntryPoint","urlTemplate":"https:\/\/www.justiceinfo.net\/fr?s={search_term_string}"},"query-input":{"@type":"PropertyValueSpecification","valueRequired":true,"valueName":"search_term_string"}}],"inLanguage":"fr-FR"},{"@type":"Organization","@id":"https:\/\/www.justiceinfo.net\/fr#organization","name":"Justice Info","url":"https:\/\/www.justiceinfo.net\/fr","logo":{"@type":"ImageObject","inLanguage":"fr-FR","@id":"https:\/\/www.justiceinfo.net\/fr#\/schema\/logo\/image\/","url":"https:\/\/www.justiceinfo.net\/wp-content\/uploads\/justiceinfo_logo-trans_1200x1200px.png","contentUrl":"https:\/\/www.justiceinfo.net\/wp-content\/uploads\/justiceinfo_logo-trans_1200x1200px.png","width":1199,"height":1200,"caption":"Justice Info"},"image":{"@id":"https:\/\/www.justiceinfo.net\/fr#\/schema\/logo\/image\/"},"sameAs":["https:\/\/www.facebook.com\/JusticeInfo\/","https:\/\/x.com\/justiceinfonet","https:\/\/www.linkedin.com\/company\/justice-info","https:\/\/www.youtube.com\/channel\/UCyCEsARodyuWtkWyhn-e7pA"]},{"@type":"Person","name":"Claude-Olivier Volluz correspondance de Ouagadougou","url":"\/fr\/?s=Claude-Olivier Volluz correspondance de Ouagadougou"}]}},"_links":{"self":[{"href":"https:\/\/www.justiceinfo.net\/fr\/wp-json\/wp\/v2\/posts\/2107","targetHints":{"allow":["GET"]}}],"collection":[{"href":"https:\/\/www.justiceinfo.net\/fr\/wp-json\/wp\/v2\/posts"}],"about":[{"href":"https:\/\/www.justiceinfo.net\/fr\/wp-json\/wp\/v2\/types\/post"}],"author":[{"embeddable":true,"href":"https:\/\/www.justiceinfo.net\/fr\/wp-json\/wp\/v2\/users\/64"}],"replies":[{"embeddable":true,"href":"https:\/\/www.justiceinfo.net\/fr\/wp-json\/wp\/v2\/comments?post=2107"}],"version-history":[{"count":0,"href":"https:\/\/www.justiceinfo.net\/fr\/wp-json\/wp\/v2\/posts\/2107\/revisions"}],"wp:featuredmedia":[{"embeddable":true,"href":"https:\/\/www.justiceinfo.net\/fr\/wp-json\/wp\/v2\/media\/62384"}],"wp:attachment":[{"href":"https:\/\/www.justiceinfo.net\/fr\/wp-json\/wp\/v2\/media?parent=2107"}],"wp:term":[{"taxonomy":"category","embeddable":true,"href":"https:\/\/www.justiceinfo.net\/fr\/wp-json\/wp\/v2\/categories?post=2107"},{"taxonomy":"post_tag","embeddable":true,"href":"https:\/\/www.justiceinfo.net\/fr\/wp-json\/wp\/v2\/tags?post=2107"},{"taxonomy":"ji_location","embeddable":true,"href":"https:\/\/www.justiceinfo.net\/fr\/wp-json\/wp\/v2\/ji_location?post=2107"}],"curies":[{"name":"wp","href":"https:\/\/api.w.org\/{rel}","templated":true}]}}