{"id":2127,"date":"2015-09-22T10:16:46","date_gmt":"2015-09-22T08:16:46","guid":{"rendered":"https:\/\/www.justiceinfo.net\/2127-cote-d-ivoire-pour-qui-roule-le-candidat-de-l-opposition.html"},"modified":"2015-09-22T10:16:46","modified_gmt":"2015-09-22T08:16:46","slug":"cote-d-ivoire-pour-qui-roule-le-candidat-de-l-opposition","status":"publish","type":"post","link":"https:\/\/www.justiceinfo.net\/fr\/2127-cote-d-ivoire-pour-qui-roule-le-candidat-de-l-opposition.html","title":{"rendered":"C\u00f4te d'Ivoire : pour qui roule Affi candidat de l'opposition ?"},"content":{"rendered":"<p>\u00a0<\/p>\n<p>Que cache la candidature \u00e0 la pr\u00e9sidentielle en C\u00f4te d\u2019Ivoire d\u2019Affi N\u2019Guessan ancien premier ministre de Laurent Gabgbo et h\u00e9raut du Front Populaire Ivoirien. \u00ab\u00a0R\u00e9conciliation nationale\u00a0\u00bb, dit le candidat qui a pr\u00e9sent\u00e9 son programme \u00e0 Abidjan. Une r\u00e9conciliation conditionn\u00e9e \u00e0 la lib\u00e9ration de Laurent Gbagbo, l\u2019ancien Pr\u00e9sident ivoirien et en attente de jugement \u00e0 la Haye devant la Cour P\u00e9nale Internationale pour \u00ab\u00a0crimes contre l\u2019humanit\u00e9\u00a0\u00bb commis pendant les violences qui avaient suivi son \u00e9lection contest\u00e9e en 2010.<\/p>\n<p>\u00ab\u00a0<em>Aucune bastille n\u2019est imprenable et la bastille Ouattara tombera<\/em>\u00a0\u00bb, veulent croire sous les applaudissements des dignitaires du FPI N\u2019Guessan tous pr\u00e9sents jeudi \u00e0 sa conf\u00e9rence de presse. Mais, le FPI est divis\u00e9 et Ouattara donn\u00e9 largement favori dans tous les sondages. La majorit\u00e9 du parti boycotte Affi, sa ligne n\u2019est pas assez dure, sa fid\u00e9lit\u00e9 \u00e0 Gbagbo mise en doute. Le sexag\u00e9naire, costume sombre impeccable, par\u00e9 de ses habituelles lunettes rectangulaires \u00e0 branches dor\u00e9es, entre en sc\u00e8ne sur une chanson dont les paroles donnent le ton\u00a0: \u00ab\u00a0 <em>Gbagbo Laurent, nous te voulons <\/em>\u00bb. Tout le monde n\u2019est pas convaincu. La chute et l\u2019emprisonement de Laurent Gbagbo ont fait voler le parti en \u00e9clat. D\u2019un c\u00f4t\u00e9 les faucons, de l\u2019autre les colombes d\u2019Affi N\u2019Guessan pr\u00e9sident du parti depuis 14 ans .<\/p>\n<p>Aux yeux des durs, Pascal Affi N\u2019Guessan est un tra\u00eetre, un opportuniste qui a \u00e9chapp\u00e9\u00a0aux sanctions inflig\u00e9es au clan Gbagbo. C\u2019est suite \u00e0 sa plainte que la candidature de Laurent Gbagbo \u00e0 la pr\u00e9sidentielle a \u00e9t\u00e9 invalid\u00e9e il y a un an par la justice ivoirienne. Cette m\u00eame justice le confirmera \u00e0 la t\u00eate du FPI et emp\u00eachera les faucons d\u2019 Aboudramane Sangar\u00e9 cofondateur du mouvement il y a trente ans avec le couple Gbagbo d\u2019utiliser l\u2019appellation Front Populaire Ivoirien.<\/p>\n<h3>Faucons et colombes<\/h3>\n<p>\u00a0<\/p>\n<p>Les faucons, les \u00ab\u00a0ultras\u00a0\u00bb, sont les inconditionnels du clan Gbabo et sont soutenus par l\u2019\u00e9pouse et le fils ain\u00e9 de l\u2019ancien pr\u00e9sident. Leur ligne est dure, Gbagbo est toujours pr\u00e9sident, Ouattara est un pion mis en places par la France et les Nations Unies. Aucune \u00e9lection possible sans la lib\u00e9ration de leur leader, ce dernier doit \u00eatre candidat. Les colombes, les \u00ab\u00a0pragmatiques\u00a0\u00bb, \u00e9taient jusqu\u2019\u00e0 pr\u00e9sent pour un renouveau du parti, plus apais\u00e9, pouvant n\u00e9gocier avec le pouvoir en place. Un parti sans Laurent Gbagbo. Les rapaces en sont convaincus, le candidat Affi roule pour le pouvoir en place, au mieux il fait office de \u00ab\u00a0candidat de sa majest\u00e9 \u00bb, une aubaine pour Ouattara. Affi N\u2019Guessan ais\u00e9ment vaincu et par voie d\u00e9mocratique le pr\u00e9sident sortant pourra se targuer de sa l\u00e9gitimit\u00e9 gagn\u00e9e dans les urnes<strong>.<\/strong> \u00ab\u00a0<em>Faire tomber Ouattara est une urgence nationale\u00a0!<\/em>\u00a0\u00bb Affi N\u2019Guessan en remet une couche, les applaudissements sont \u00e0 nouveau nourris.\u00a0 Affi N'Guessan d\u00e9nonce une ins\u00e9curit\u00e9 chronique en citant les groupes arm\u00e9s non encasern\u00e9s, les coupeurs de route ou encore les \u00ab\u00a0microbes\u00a0\u00bb, ces gangs de jeunes ados abidjanais qui n\u2019h\u00e9sitent pas \u00e0 tuer. \u00ab\u00a0Tout cela met la C\u00f4te-d\u2019Ivoire sous pression\u00a0\u00bb insiste le candidat. Il dit juger la situation s\u00e9curitaire pr\u00e9occupante notamment depuis les affrontements suite \u00e0 la validation de la candidature d\u2019Alassane Ouattara. Une derni\u00e8re question fait vrombir l\u2019assembl\u00e9e \u00ab\u00a0Quand irez-vous enfin voir Mr. Gbagbo\u00a0?\u00a0\u00bb. Affi N\u2019Guessan marque une pause, \u00ab\u00a0<em>Vous savez on n\u2019entre pas \u00e0 la CPI (Cour P\u00e9nale Internationale) comme on va au march\u00e9\u2026mais nous avons fait la demande, nous attendons toujours la r\u00e9ponse<\/em>\u00a0\u00bb.\u00a0<\/p>\n","protected":false},"excerpt":{"rendered":"<p>\u00a0 Que cache la candidature \u00e0 la pr\u00e9sidentielle en C\u00f4te d\u2019Ivoire d\u2019Affi N\u2019Guessan ancien premier ministre de Laurent Gabgbo et h\u00e9raut du Front Populaire Ivoirien. \u00ab\u00a0R\u00e9conciliation nationale\u00a0\u00bb, dit le candidat qui a pr\u00e9sent\u00e9 son programme \u00e0 Abidjan. Une r\u00e9conciliation conditionn\u00e9e \u00e0 la lib\u00e9ration de Laurent Gbagbo, l\u2019ancien Pr\u00e9sident ivoirien et en attente de jugement \u00e0 [&hellip;]<\/p>\n","protected":false},"author":64,"featured_media":65015,"comment_status":"open","ping_status":"closed","sticky":false,"template":"","format":"standard","meta":{"_acf_changed":false,"footnotes":""},"categories":[556],"tags":[],"ji_location":[2184],"class_list":["post-2127","post","type-post","status-publish","format-standard","has-post-thumbnail","hentry","category-divers","ji_location-cote-d-ivoire"],"acf":[],"yoast_head":"<!-- This site is optimized with the Yoast SEO Premium plugin v25.3.1 (Yoast SEO v25.3.1) - https:\/\/yoast.com\/wordpress\/plugins\/seo\/ -->\n<title>C\u00f4te d&#039;Ivoire : pour qui roule Affi candidat de l&#039;opposition ? - JusticeInfo.net<\/title>\n<meta name=\"robots\" content=\"index, follow, max-snippet:-1, max-image-preview:large, max-video-preview:-1\" \/>\n<link rel=\"canonical\" href=\"https:\/\/www.justiceinfo.net\/fr\/2127-cote-d-ivoire-pour-qui-roule-le-candidat-de-l-opposition.html\" \/>\n<meta property=\"og:locale\" content=\"fr_FR\" \/>\n<meta property=\"og:type\" content=\"article\" \/>\n<meta property=\"og:title\" content=\"C\u00f4te d&#039;Ivoire : pour qui roule Affi candidat de l&#039;opposition ?\" \/>\n<meta property=\"og:description\" content=\"\u00a0 Que cache la candidature \u00e0 la pr\u00e9sidentielle en C\u00f4te d\u2019Ivoire d\u2019Affi N\u2019Guessan ancien premier ministre de Laurent Gabgbo et h\u00e9raut du Front Populaire Ivoirien. \u00ab\u00a0R\u00e9conciliation nationale\u00a0\u00bb, dit le candidat qui a pr\u00e9sent\u00e9 son programme \u00e0 Abidjan. Une r\u00e9conciliation conditionn\u00e9e \u00e0 la lib\u00e9ration de Laurent Gbagbo, l\u2019ancien Pr\u00e9sident ivoirien et en attente de jugement \u00e0 [&hellip;]\" \/>\n<meta property=\"og:url\" content=\"https:\/\/www.justiceinfo.net\/fr\/2127-cote-d-ivoire-pour-qui-roule-le-candidat-de-l-opposition.html\" \/>\n<meta property=\"og:site_name\" content=\"JusticeInfo.net\" \/>\n<meta property=\"article:publisher\" content=\"https:\/\/www.facebook.com\/JusticeInfo\/\" \/>\n<meta property=\"article:published_time\" content=\"2015-09-22T08:16:46+00:00\" \/>\n<meta property=\"og:image\" content=\"https:\/\/www.justiceinfo.net\/wp-content\/uploads\/7c5847514b9d1d7a8d0c76ff28ff4011-scaled.jpg\" \/>\n\t<meta property=\"og:image:width\" content=\"2560\" \/>\n\t<meta property=\"og:image:height\" content=\"1707\" \/>\n\t<meta property=\"og:image:type\" content=\"image\/jpeg\" \/>\n<meta name=\"author\" content=\"Tristan Miquel\" \/>\n<meta name=\"twitter:card\" content=\"summary_large_image\" \/>\n<meta name=\"twitter:creator\" content=\"@justiceinfonet\" \/>\n<meta name=\"twitter:site\" content=\"@justiceinfonet\" \/>\n<meta name=\"twitter:label1\" content=\"\u00c9crit par\" \/>\n\t<meta name=\"twitter:data1\" content=\"Tristan Miquel\" \/>\n\t<meta name=\"twitter:label2\" content=\"Dur\u00e9e de lecture estim\u00e9e\" \/>\n\t<meta name=\"twitter:data2\" content=\"3 minutes\" \/>\n<script type=\"application\/ld+json\" class=\"yoast-schema-graph\">{\"@context\":\"https:\/\/schema.org\",\"@graph\":[{\"@type\":\"NewsArticle\",\"@id\":\"https:\/\/www.justiceinfo.net\/fr\/2127-cote-d-ivoire-pour-qui-roule-le-candidat-de-l-opposition.html#article\",\"isPartOf\":{\"@id\":\"https:\/\/www.justiceinfo.net\/fr\/2127-cote-d-ivoire-pour-qui-roule-le-candidat-de-l-opposition.html\"},\"author\":{\"name\":\"solivri\",\"@id\":\"https:\/\/www.justiceinfo.net\/fr#\/schema\/person\/6e53cba1629e2e66f3fc1821d3091865\"},\"headline\":\"C\u00f4te d'Ivoire : pour qui roule Affi candidat de l'opposition ?\",\"datePublished\":\"2015-09-22T08:16:46+00:00\",\"mainEntityOfPage\":{\"@id\":\"https:\/\/www.justiceinfo.net\/fr\/2127-cote-d-ivoire-pour-qui-roule-le-candidat-de-l-opposition.html\"},\"wordCount\":619,\"commentCount\":0,\"publisher\":{\"@id\":\"https:\/\/www.justiceinfo.net\/fr#organization\"},\"image\":{\"@id\":\"https:\/\/www.justiceinfo.net\/fr\/2127-cote-d-ivoire-pour-qui-roule-le-candidat-de-l-opposition.html#primaryimage\"},\"thumbnailUrl\":\"https:\/\/www.justiceinfo.net\/wp-content\/uploads\/7c5847514b9d1d7a8d0c76ff28ff4011-scaled.jpg\",\"articleSection\":[\"Divers\"],\"inLanguage\":\"fr-FR\",\"potentialAction\":[{\"@type\":\"CommentAction\",\"name\":\"Comment\",\"target\":[\"https:\/\/www.justiceinfo.net\/fr\/2127-cote-d-ivoire-pour-qui-roule-le-candidat-de-l-opposition.html#respond\"]}]},{\"@type\":\"WebPage\",\"@id\":\"https:\/\/www.justiceinfo.net\/fr\/2127-cote-d-ivoire-pour-qui-roule-le-candidat-de-l-opposition.html\",\"url\":\"https:\/\/www.justiceinfo.net\/fr\/2127-cote-d-ivoire-pour-qui-roule-le-candidat-de-l-opposition.html\",\"name\":\"C\u00f4te d'Ivoire : pour qui roule Affi candidat de l'opposition ? - JusticeInfo.net\",\"isPartOf\":{\"@id\":\"https:\/\/www.justiceinfo.net\/fr#website\"},\"primaryImageOfPage\":{\"@id\":\"https:\/\/www.justiceinfo.net\/fr\/2127-cote-d-ivoire-pour-qui-roule-le-candidat-de-l-opposition.html#primaryimage\"},\"image\":{\"@id\":\"https:\/\/www.justiceinfo.net\/fr\/2127-cote-d-ivoire-pour-qui-roule-le-candidat-de-l-opposition.html#primaryimage\"},\"thumbnailUrl\":\"https:\/\/www.justiceinfo.net\/wp-content\/uploads\/7c5847514b9d1d7a8d0c76ff28ff4011-scaled.jpg\",\"datePublished\":\"2015-09-22T08:16:46+00:00\",\"breadcrumb\":{\"@id\":\"https:\/\/www.justiceinfo.net\/fr\/2127-cote-d-ivoire-pour-qui-roule-le-candidat-de-l-opposition.html#breadcrumb\"},\"inLanguage\":\"fr-FR\",\"potentialAction\":[{\"@type\":\"ReadAction\",\"target\":[\"https:\/\/www.justiceinfo.net\/fr\/2127-cote-d-ivoire-pour-qui-roule-le-candidat-de-l-opposition.html\"]}]},{\"@type\":\"ImageObject\",\"inLanguage\":\"fr-FR\",\"@id\":\"https:\/\/www.justiceinfo.net\/fr\/2127-cote-d-ivoire-pour-qui-roule-le-candidat-de-l-opposition.html#primaryimage\",\"url\":\"https:\/\/www.justiceinfo.net\/wp-content\/uploads\/7c5847514b9d1d7a8d0c76ff28ff4011-scaled.jpg\",\"contentUrl\":\"https:\/\/www.justiceinfo.net\/wp-content\/uploads\/7c5847514b9d1d7a8d0c76ff28ff4011-scaled.jpg\",\"width\":2560,\"height\":1707},{\"@type\":\"BreadcrumbList\",\"@id\":\"https:\/\/www.justiceinfo.net\/fr\/2127-cote-d-ivoire-pour-qui-roule-le-candidat-de-l-opposition.html#breadcrumb\",\"itemListElement\":[{\"@type\":\"ListItem\",\"position\":1,\"name\":\"Home\",\"item\":\"https:\/\/www.justiceinfo.net\/fr\"},{\"@type\":\"ListItem\",\"position\":2,\"name\":\"C\u00f4te d'Ivoire : pour qui roule Affi candidat de l'opposition ?\"}]},{\"@type\":\"WebSite\",\"@id\":\"https:\/\/www.justiceinfo.net\/fr#website\",\"url\":\"https:\/\/www.justiceinfo.net\/fr\",\"name\":\"JusticeInfo.net\",\"description\":\"La justice doit \u00eatre vue pour \u00eatre rendue\",\"publisher\":{\"@id\":\"https:\/\/www.justiceinfo.net\/fr#organization\"},\"potentialAction\":[{\"@type\":\"SearchAction\",\"target\":{\"@type\":\"EntryPoint\",\"urlTemplate\":\"https:\/\/www.justiceinfo.net\/fr?s={search_term_string}\"},\"query-input\":{\"@type\":\"PropertyValueSpecification\",\"valueRequired\":true,\"valueName\":\"search_term_string\"}}],\"inLanguage\":\"fr-FR\"},{\"@type\":\"Organization\",\"@id\":\"https:\/\/www.justiceinfo.net\/fr#organization\",\"name\":\"Justice Info\",\"url\":\"https:\/\/www.justiceinfo.net\/fr\",\"logo\":{\"@type\":\"ImageObject\",\"inLanguage\":\"fr-FR\",\"@id\":\"https:\/\/www.justiceinfo.net\/fr#\/schema\/logo\/image\/\",\"url\":\"https:\/\/www.justiceinfo.net\/wp-content\/uploads\/justiceinfo_logo-trans_1200x1200px.png\",\"contentUrl\":\"https:\/\/www.justiceinfo.net\/wp-content\/uploads\/justiceinfo_logo-trans_1200x1200px.png\",\"width\":1199,\"height\":1200,\"caption\":\"Justice Info\"},\"image\":{\"@id\":\"https:\/\/www.justiceinfo.net\/fr#\/schema\/logo\/image\/\"},\"sameAs\":[\"https:\/\/www.facebook.com\/JusticeInfo\/\",\"https:\/\/x.com\/justiceinfonet\",\"https:\/\/www.linkedin.com\/company\/justice-info\",\"https:\/\/www.youtube.com\/channel\/UCyCEsARodyuWtkWyhn-e7pA\"]},{\"@type\":\"Person\",\"name\":\"Tristan Miquel\",\"url\":\"\/fr\/?s=Tristan Miquel\"}]}<\/script>\n<!-- \/ Yoast SEO Premium plugin. -->","yoast_head_json":{"title":"C\u00f4te d'Ivoire : pour qui roule Affi candidat de l'opposition ? - JusticeInfo.net","robots":{"index":"index","follow":"follow","max-snippet":"max-snippet:-1","max-image-preview":"max-image-preview:large","max-video-preview":"max-video-preview:-1"},"canonical":"https:\/\/www.justiceinfo.net\/fr\/2127-cote-d-ivoire-pour-qui-roule-le-candidat-de-l-opposition.html","og_locale":"fr_FR","og_type":"article","og_title":"C\u00f4te d'Ivoire : pour qui roule Affi candidat de l'opposition ?","og_description":"\u00a0 Que cache la candidature \u00e0 la pr\u00e9sidentielle en C\u00f4te d\u2019Ivoire d\u2019Affi N\u2019Guessan ancien premier ministre de Laurent Gabgbo et h\u00e9raut du Front Populaire Ivoirien. \u00ab\u00a0R\u00e9conciliation nationale\u00a0\u00bb, dit le candidat qui a pr\u00e9sent\u00e9 son programme \u00e0 Abidjan. Une r\u00e9conciliation conditionn\u00e9e \u00e0 la lib\u00e9ration de Laurent Gbagbo, l\u2019ancien Pr\u00e9sident ivoirien et en attente de jugement \u00e0 [&hellip;]","og_url":"https:\/\/www.justiceinfo.net\/fr\/2127-cote-d-ivoire-pour-qui-roule-le-candidat-de-l-opposition.html","og_site_name":"JusticeInfo.net","article_publisher":"https:\/\/www.facebook.com\/JusticeInfo\/","article_published_time":"2015-09-22T08:16:46+00:00","og_image":[{"width":2560,"height":1707,"url":"https:\/\/www.justiceinfo.net\/wp-content\/uploads\/7c5847514b9d1d7a8d0c76ff28ff4011-scaled.jpg","type":"image\/jpeg"}],"author":"Tristan Miquel","twitter_card":"summary_large_image","twitter_creator":"@justiceinfonet","twitter_site":"@justiceinfonet","twitter_misc":{"\u00c9crit par":"Tristan Miquel","Dur\u00e9e de lecture estim\u00e9e":"3 minutes"},"schema":{"@context":"https:\/\/schema.org","@graph":[{"@type":"NewsArticle","@id":"https:\/\/www.justiceinfo.net\/fr\/2127-cote-d-ivoire-pour-qui-roule-le-candidat-de-l-opposition.html#article","isPartOf":{"@id":"https:\/\/www.justiceinfo.net\/fr\/2127-cote-d-ivoire-pour-qui-roule-le-candidat-de-l-opposition.html"},"author":{"name":"solivri","@id":"https:\/\/www.justiceinfo.net\/fr#\/schema\/person\/6e53cba1629e2e66f3fc1821d3091865"},"headline":"C\u00f4te d'Ivoire : pour qui roule Affi candidat de l'opposition ?","datePublished":"2015-09-22T08:16:46+00:00","mainEntityOfPage":{"@id":"https:\/\/www.justiceinfo.net\/fr\/2127-cote-d-ivoire-pour-qui-roule-le-candidat-de-l-opposition.html"},"wordCount":619,"commentCount":0,"publisher":{"@id":"https:\/\/www.justiceinfo.net\/fr#organization"},"image":{"@id":"https:\/\/www.justiceinfo.net\/fr\/2127-cote-d-ivoire-pour-qui-roule-le-candidat-de-l-opposition.html#primaryimage"},"thumbnailUrl":"https:\/\/www.justiceinfo.net\/wp-content\/uploads\/7c5847514b9d1d7a8d0c76ff28ff4011-scaled.jpg","articleSection":["Divers"],"inLanguage":"fr-FR","potentialAction":[{"@type":"CommentAction","name":"Comment","target":["https:\/\/www.justiceinfo.net\/fr\/2127-cote-d-ivoire-pour-qui-roule-le-candidat-de-l-opposition.html#respond"]}]},{"@type":"WebPage","@id":"https:\/\/www.justiceinfo.net\/fr\/2127-cote-d-ivoire-pour-qui-roule-le-candidat-de-l-opposition.html","url":"https:\/\/www.justiceinfo.net\/fr\/2127-cote-d-ivoire-pour-qui-roule-le-candidat-de-l-opposition.html","name":"C\u00f4te d'Ivoire : pour qui roule Affi candidat de l'opposition ? - JusticeInfo.net","isPartOf":{"@id":"https:\/\/www.justiceinfo.net\/fr#website"},"primaryImageOfPage":{"@id":"https:\/\/www.justiceinfo.net\/fr\/2127-cote-d-ivoire-pour-qui-roule-le-candidat-de-l-opposition.html#primaryimage"},"image":{"@id":"https:\/\/www.justiceinfo.net\/fr\/2127-cote-d-ivoire-pour-qui-roule-le-candidat-de-l-opposition.html#primaryimage"},"thumbnailUrl":"https:\/\/www.justiceinfo.net\/wp-content\/uploads\/7c5847514b9d1d7a8d0c76ff28ff4011-scaled.jpg","datePublished":"2015-09-22T08:16:46+00:00","breadcrumb":{"@id":"https:\/\/www.justiceinfo.net\/fr\/2127-cote-d-ivoire-pour-qui-roule-le-candidat-de-l-opposition.html#breadcrumb"},"inLanguage":"fr-FR","potentialAction":[{"@type":"ReadAction","target":["https:\/\/www.justiceinfo.net\/fr\/2127-cote-d-ivoire-pour-qui-roule-le-candidat-de-l-opposition.html"]}]},{"@type":"ImageObject","inLanguage":"fr-FR","@id":"https:\/\/www.justiceinfo.net\/fr\/2127-cote-d-ivoire-pour-qui-roule-le-candidat-de-l-opposition.html#primaryimage","url":"https:\/\/www.justiceinfo.net\/wp-content\/uploads\/7c5847514b9d1d7a8d0c76ff28ff4011-scaled.jpg","contentUrl":"https:\/\/www.justiceinfo.net\/wp-content\/uploads\/7c5847514b9d1d7a8d0c76ff28ff4011-scaled.jpg","width":2560,"height":1707},{"@type":"BreadcrumbList","@id":"https:\/\/www.justiceinfo.net\/fr\/2127-cote-d-ivoire-pour-qui-roule-le-candidat-de-l-opposition.html#breadcrumb","itemListElement":[{"@type":"ListItem","position":1,"name":"Home","item":"https:\/\/www.justiceinfo.net\/fr"},{"@type":"ListItem","position":2,"name":"C\u00f4te d'Ivoire : pour qui roule Affi candidat de l'opposition ?"}]},{"@type":"WebSite","@id":"https:\/\/www.justiceinfo.net\/fr#website","url":"https:\/\/www.justiceinfo.net\/fr","name":"JusticeInfo.net","description":"La justice doit \u00eatre vue pour \u00eatre rendue","publisher":{"@id":"https:\/\/www.justiceinfo.net\/fr#organization"},"potentialAction":[{"@type":"SearchAction","target":{"@type":"EntryPoint","urlTemplate":"https:\/\/www.justiceinfo.net\/fr?s={search_term_string}"},"query-input":{"@type":"PropertyValueSpecification","valueRequired":true,"valueName":"search_term_string"}}],"inLanguage":"fr-FR"},{"@type":"Organization","@id":"https:\/\/www.justiceinfo.net\/fr#organization","name":"Justice Info","url":"https:\/\/www.justiceinfo.net\/fr","logo":{"@type":"ImageObject","inLanguage":"fr-FR","@id":"https:\/\/www.justiceinfo.net\/fr#\/schema\/logo\/image\/","url":"https:\/\/www.justiceinfo.net\/wp-content\/uploads\/justiceinfo_logo-trans_1200x1200px.png","contentUrl":"https:\/\/www.justiceinfo.net\/wp-content\/uploads\/justiceinfo_logo-trans_1200x1200px.png","width":1199,"height":1200,"caption":"Justice Info"},"image":{"@id":"https:\/\/www.justiceinfo.net\/fr#\/schema\/logo\/image\/"},"sameAs":["https:\/\/www.facebook.com\/JusticeInfo\/","https:\/\/x.com\/justiceinfonet","https:\/\/www.linkedin.com\/company\/justice-info","https:\/\/www.youtube.com\/channel\/UCyCEsARodyuWtkWyhn-e7pA"]},{"@type":"Person","name":"Tristan Miquel","url":"\/fr\/?s=Tristan Miquel"}]}},"_links":{"self":[{"href":"https:\/\/www.justiceinfo.net\/fr\/wp-json\/wp\/v2\/posts\/2127","targetHints":{"allow":["GET"]}}],"collection":[{"href":"https:\/\/www.justiceinfo.net\/fr\/wp-json\/wp\/v2\/posts"}],"about":[{"href":"https:\/\/www.justiceinfo.net\/fr\/wp-json\/wp\/v2\/types\/post"}],"author":[{"embeddable":true,"href":"https:\/\/www.justiceinfo.net\/fr\/wp-json\/wp\/v2\/users\/64"}],"replies":[{"embeddable":true,"href":"https:\/\/www.justiceinfo.net\/fr\/wp-json\/wp\/v2\/comments?post=2127"}],"version-history":[{"count":0,"href":"https:\/\/www.justiceinfo.net\/fr\/wp-json\/wp\/v2\/posts\/2127\/revisions"}],"wp:featuredmedia":[{"embeddable":true,"href":"https:\/\/www.justiceinfo.net\/fr\/wp-json\/wp\/v2\/media\/65015"}],"wp:attachment":[{"href":"https:\/\/www.justiceinfo.net\/fr\/wp-json\/wp\/v2\/media?parent=2127"}],"wp:term":[{"taxonomy":"category","embeddable":true,"href":"https:\/\/www.justiceinfo.net\/fr\/wp-json\/wp\/v2\/categories?post=2127"},{"taxonomy":"post_tag","embeddable":true,"href":"https:\/\/www.justiceinfo.net\/fr\/wp-json\/wp\/v2\/tags?post=2127"},{"taxonomy":"ji_location","embeddable":true,"href":"https:\/\/www.justiceinfo.net\/fr\/wp-json\/wp\/v2\/ji_location?post=2127"}],"curies":[{"name":"wp","href":"https:\/\/api.w.org\/{rel}","templated":true}]}}