{"id":2412,"date":"2015-10-07T07:21:50","date_gmt":"2015-10-07T05:21:50","guid":{"rendered":"https:\/\/www.justiceinfo.net\/2412-burundi-pourquoi-nous-glissons-vers-l-enfer.html"},"modified":"2015-10-07T07:21:50","modified_gmt":"2015-10-07T05:21:50","slug":"burundi-pourquoi-nous-glissons-vers-l-enfer","status":"publish","type":"post","link":"https:\/\/www.justiceinfo.net\/fr\/2412-burundi-pourquoi-nous-glissons-vers-l-enfer.html","title":{"rendered":"Burundi : \"pourquoi nous glissons vers l'enfer\""},"content":{"rendered":"<div class=\"SideBox ReportPhoto\">\n<p class=\"caption\">Bujumbura , 6 octobre 2015 (IRIN) - Il n\u2019est pas rare de voir des cadavres \u00e0 Bujumbura ces jours-ci. Il y en a dans les rues, dans les canaux de drainage, dans les buissons et dans les rivi\u00e8res. Les Nations Unies ont enregistr\u00e9 134 meurtres depuis le mois d\u2019avril, quand le pr\u00e9sident Pierre Nkurunziza a annonc\u00e9 qu\u2019il se pr\u00e9sentait \u00e0 sa r\u00e9\u00e9lection. Les Burundais sont descendus dans la rue pour manifester contre cette candidature jug\u00e9e inconstitutionnelle, car M. Nkurunziza avait d\u00e9j\u00e0 effectu\u00e9 deux mandats.\u00a0<\/p>\n<\/div>\n<p> Vendredi matin, des coups de feu ont \u00e0 nouveau retenti dans le centre-ville, g\u00e2chant la beaut\u00e9 d\u2019une journ\u00e9e d\u2019avant mousson. Cette fois-ci, ce sont un changeur de monnaie, de mon \u00e2ge \u00e0 peu pr\u00e8s, et son patron qui ont \u00e9t\u00e9 descendus. La femme du changeur de monnaie, m\u00e8re de deux enfants, n\u2019a pas pu me parler quand je l\u2019ai appel\u00e9e. <\/p>\n<p> Comment en sommes-nous arriv\u00e9s l\u00e0\u00a0? Comment se fait-il que nous glissions \u00e0 nouveau vers l\u2019enfer\u00a0? Faisons le point sur les \u00e9v\u00e9nements majeurs de ces derni\u00e8res semaines pour comprendre l\u2019ampleur de la crise. <\/p>\n<p> <strong>1er ao\u00fbt<\/strong> <br \/> Des repr\u00e9sentants des partis politiques de l\u2019opposition et de la soci\u00e9t\u00e9 civile se rencontrent \u00e0 Addis-Abeba et cr\u00e9ent un Conseil National\u00a0pour le Respect de l'accord d'Arusha pour la Paix et la R\u00e9conciliation au\u00a0Burundi\u00a0et la Restauration de l\u2019Etat de droit (CNARED). (Sign\u00e9 en ao\u00fbt 2000, l\u2019accord d\u2019Arusha n\u2019est pas acte juridiquement contraignant, mais il a pos\u00e9 les jalons d\u2019une sortie de la guerre civile qui avait \u00e9clat\u00e9 en 1993 et a d\u00e9fini le syst\u00e8me de gouvernance du Burundi. La limitation \u00e0 deux mandats \u00e9tait une disposition-cl\u00e9 de l\u2019accord.). La raison d\u2019\u00eatre du CNARED est de chasser M. Nkurunziza du pouvoir. Selon ses membres, les seuls points de n\u00e9gociations sont les conditions de son d\u00e9part.<\/p>\n<p> Au m\u00eame moment, le parti au pouvoir annonce que le dialogue national doit reprendre rapidement. Les membres du CNARED pourront y participer, mais ils ne pourront pas parler au nom de l\u2019organisation. Malgr\u00e9 les discours de r\u00e9conciliation, les meurtres continuent. <\/p>\n<p> <strong>2 ao\u00fbt<br \/> <\/strong>Adolphe Nshimirimana, ancien chef des services de renseignement, g\u00e9n\u00e9ralement consid\u00e9r\u00e9 comme le bras droit du Pr\u00e9sident \u2013 et chef militaire du CNDD-FDD \u00e0 l\u2019\u00e9poque o\u00f9 l\u2019organisation \u00e9tait un groupe rebelle (il est d\u00e9sormais le parti au pouvoir) \u2013 et ses trois gardes du corps sont tu\u00e9s par un tir de rocket dans la capitale. Ces actes sont condamn\u00e9s par la communaut\u00e9 internationale\u00a0; de son c\u00f4t\u00e9, M. Nkurunziza d\u00e9cide de s\u2019adresser \u00e0 la nation, ce qui est exceptionnel. Des arrestations ont lieu et la tension continue de monter. Un correspondant de RFI et de l\u2019AFP est hospitalis\u00e9 apr\u00e8s subi une agression.\u00a0<\/p>\n<p> <strong>3 ao\u00fbt <\/strong><br \/> Pierre Claver Mbonimpa, pr\u00e9sident de l\u2019Association pour la protection des droits humains et des personnes d\u00e9tenues, \u00e9chappe \u00e0 une tentative d\u2019assassinat. Sa renomm\u00e9e internationale dans le domaine des droits humains lui permet de se faire soigner \u00e0 l\u2019\u00e9tranger, bien qu\u2019un tribunal lui ait ordonn\u00e9 de ne pas quitter Bujumbura, car il est accus\u00e9 d\u2019avoir menac\u00e9 la s\u00e9curit\u00e9 int\u00e9rieure du pays apr\u00e8s avoir d\u00e9nonc\u00e9 la militarisation des jeunes du parti au pouvoir l\u2019ann\u00e9e derni\u00e8re. <\/p>\n<p> Un diplomate dit que cette tentative d\u2019assassinat est une \u00ab\u00a0attaque honteuse contre un homme qui a travaill\u00e9 sans rel\u00e2che pour prot\u00e9ger les droits des autres\u00a0\u00bb.<\/p>\n<p> <strong>4 ao\u00fbt <\/strong><br \/> Un repr\u00e9sentant local du parti au pouvoir est assassin\u00e9 par des hommes arm\u00e9s non identifi\u00e9s, alors qu\u2019il se rend \u00e0 son bureau sis \u00e0 Kiyenzi, \u00e0 21 kilom\u00e8tres au sud de Bujumbura.<\/p>\n<p> <strong>15 ao\u00fbt<\/strong><br \/> Jean Bikomagu, chef d\u2019\u00e9tat-major de l\u2019arm\u00e9e burundaise de 1993 \u00e0 1996, est assassin\u00e9 par des individus \u00e0 moto, alors qu\u2019il sort d\u2019une \u00e9glise. Sa fille est gravement bless\u00e9e, mais ses jours ne sont pas en danger. Comme son homologue rebelle M. Nshimirimana, M. Bikomagu aurait \u00e9t\u00e9 l\u2019un des participants cl\u00e9s \u00e0 une future\u00a0commission v\u00e9rit\u00e9 et r\u00e9conciliation.\u00a0<\/p>\n<p> <strong>20 ao\u00fbt <\/strong>\u00a0<br \/> M. Nkurunziza pr\u00eate serment. La c\u00e9r\u00e9monie d\u2019investiture est organis\u00e9e avec six jours d\u2019avance, sans v\u00e9ritable annonce. Les m\u00e9dias d\u2019Etat sont pr\u00e9venus dans la matin\u00e9e, tandis que d\u2019autres journalistes, dont je fais partie, re\u00e7oivent des messages textes quelques minutes seulement avant la c\u00e9r\u00e9monie. La garde pr\u00e9sidentielle refuse l\u2019entr\u00e9e \u00e0 plusieurs journalistes. Aucun chef d\u2019Etat \u00e9tranger n\u2019est pr\u00e9sent. <\/p>\n<p> Au cours des semaines suivantes, des coups de feu sont entendus dans les quartiers qui soutiennent l\u2019opposition \u00e0 Bujumbura. Les arrestations se multiplient et des cadavres sont retrouv\u00e9s dans diff\u00e9rents quartiers de la capitale. <\/p>\n<div class=\"SideBox ReportPhoto\"><a href=\"http:\/\/www.irinnews.org\/Photo\/Details\/201505071212510882\/Cela-fait-plusieurs-mois-que-Bujumbura-est-secou%C3%A9e-par-des-violences-politiques\"><img decoding=\"async\" src=\"http:\/\/www.irinnews.org\/photo\/Download.aspx?Source=Report&amp;Year=2015&amp;ImageID=201505071212510882&amp;width=490\" alt=\"\" \/><\/a><\/p>\n<div class=\"credit\">Photo: <a>Phil Moore\/IRIN<\/a><\/div>\n<div class=\"caption\">Cela fait plusieurs mois que Bujumbura est secou\u00e9e par des violences politiques.<\/div>\n<\/div>\n<p> <strong>7 septembre<\/strong> <br \/> Patrice Guhungu, porte-parole d\u2019un petit parti politique dont le dirigeant a \u00e9t\u00e9 assassin\u00e9 au mois de mai, est abattu devant son domicile. Les autorit\u00e9s annoncent l\u2019ouverture d\u2019une enqu\u00eate et Chauvineau Mugwengezo, chef par int\u00e9rim du parti, d\u00e9clare\u00a0: \u00ab\u00a0C\u2019est clair qu\u2019il y a la main du pouvoir de Pierre Nkurunziza car ce crime odieux s\u2019inscrit dans une suite d\u2019assassinats visant tous ceux qui ont os\u00e9 dire que son troisi\u00e8me mandat est ill\u00e9gal\u00a0\u00bb. M. Mugwengezo part en exil, en indiquant qu\u2019il a d\u00e9j\u00e0 \u00e9chapp\u00e9 \u00e0 plusieurs tentatives d\u2019assassinat. <\/p>\n<p> <strong>11 septembre<\/strong><br \/> Prime Niyongabo, chef d\u2019\u00e9tat-major de l\u2019arm\u00e9e qui a jou\u00e9 un r\u00f4le cl\u00e9 dans la mise en \u00e9chec du coup d\u2019Etat de mai, \u00e9chappe \u00e0 une embuscade. Sept de ses gardes du corps sont tu\u00e9s. Sur une photo prise par un t\u00e9moin de l\u2019attaque, je vois qu\u2019une des victimes porte une alliance. Je me dis que, une fois de plus, une femme a perdu son \u00e9poux, des enfants ont perdu leur p\u00e8re, des parents ont perdu leur soutien de famille. <\/p>\n<p> <strong>14 septembre <br \/> <\/strong>Pablo de Greiff, expert des droits de l\u2019homme pour les Nations Unies, pr\u00e9vient que \u00ab\u00a0la communaut\u00e9 internationale, y compris les organisations r\u00e9gionales et internationales, ne peuvent se permettre d\u2019attendre que de nouvelles atrocit\u00e9s de masse reprennent\u00a0\u00bb au Burundi. \u00ab\u00a0Il y a le risque d\u2019un conflit majeur dans la r\u00e9gion des Grands Lacs, dont personne ne peut pr\u00e9dire les proportions\u00a0\u00bb. <\/p>\n<p> <strong>22 septembre<\/strong><br \/> Dans un message lu dans toutes les \u00e9glises catholiques du pays, la Conf\u00e9rence des Ev\u00eaques Catholiques du Burundi appelle \u00e0 la reprise d\u2019un \u00ab\u00a0vrai dialogue\u00a0\u00bb n\u2019excluant aucun acteur de la crise. Le message fait \u00e9tat d\u2019une \u00ab\u00a0situation s\u00e9curitaire tr\u00e8s inqui\u00e9tante\u00a0\u00bb, marqu\u00e9e par des assassinats, des enl\u00e8vements, des actes de torture et des mises en d\u00e9tention arbitraires. <\/p>\n<p> <strong>23 septembre<\/strong><br \/> M. Nkurunziza signe un d\u00e9cret cr\u00e9ant une commission nationale de dialogue interburundais charg\u00e9e de conduire les discussions. Elle dispose d\u2019un mandat de six mois\u00a0; ses 15 membres sont issus de diff\u00e9rents secteurs de la vie publique et rel\u00e8vent du bureau du Pr\u00e9sident. Plusieurs personnalit\u00e9s de la soci\u00e9t\u00e9 civile sont sceptiques sur les chances de succ\u00e8s de la commission. <\/p>\n<p> <strong>28 septembre<\/strong><br \/> Zeid Ra\u2019ad Al Hussein, Haut Commissaire des Nations Unies aux droits de l\u2019homme, fait \u00e9tat d\u2019une augmentation alarmante du nombre de meurtres, d\u2019arrestations et de d\u00e9tentions au Burundi depuis le d\u00e9but du mois de septembre et indique que \u00ab\u00a0nombre de personnes ont \u00e9t\u00e9 arr\u00eat\u00e9es par la police ou par le Service national de renseignement avant leur mort. ?\u00ab\u00a0Cette succession de meurtres inexpliqu\u00e9s et l\u2019impression largement r\u00e9pandue qu\u2019ils pourraient avoir un lien avec les institutions \u00e9tatiques instillent une peur profonde au sein de la population, en particulier au sein des quartiers connus pour leur soutien \u00e0 l\u2019opposition\u00a0\u00bb, a-t-il dit. <\/p>\n<p> Sur les 704 arrestations enregistr\u00e9es au mois de septembre, la majorit\u00e9 des personnes arr\u00eat\u00e9es ont g\u00e9n\u00e9ralement \u00e9t\u00e9 rel\u00e2ch\u00e9es au bout de quelques heures, selon le Commissaire, mais certaines personnes sont rest\u00e9es en d\u00e9tention pendant des mois, bien au-del\u00e0 de la dur\u00e9e maximale autoris\u00e9e. <\/p>\n<p> <strong>29 septembre<\/strong><br \/> Jean Baptiste Nsengiyumva, une figure de l\u2019opposition dans la province de Muramvya, est assassin\u00e9.\u00a0<\/p>\n<p> <strong>30 septembre<\/strong><br \/> L\u2019Union europ\u00e9enne adopte un gel des avoirs et des restrictions en mati\u00e8re de d\u00e9placements \u00e0 l\u2019\u00e9gard de trois fonctionnaires proches de M. Nkurunziza pour leur recours pr\u00e9sum\u00e9 \u00e0 une force excessive contre des manifestants de l\u2019opposition et d\u2019un ancien g\u00e9n\u00e9ral qui a particip\u00e9 \u00e0 la tentative de coup d\u2019Etat de mai. Le gouvernement dira que cette d\u00e9cision est ill\u00e9gale et contreproductive. <\/p>\n<p> 3-4 octobre?Entre huit et 15 personnes sont tu\u00e9es au cours de divers incidents dans la capitale. La police accuse les partisans de l\u2019opposition d\u2019avoir d\u00e9clench\u00e9 les violences en s\u2019en prenant \u00e0 des officiers. Des t\u00e9moins font \u00e9tat de coups de feu et d\u2019explosions dans la nuit de samedi \u00e0 dimanche. L\u2019identit\u00e9 des auteurs des crimes reste inconnue. <\/p>\n<p> --<\/p>\n<p> Il est difficile de trouver de l\u2019espoir dans une telle situation. Je crains aussi que le conflit ne s\u2019\u00e9tende au-del\u00e0 des fronti\u00e8res du Burundi. Environ 200\u00a0000 r\u00e9fugi\u00e9s burundais vivent en R\u00e9publique d\u00e9mocratique du Congo (RDC), au Rwanda et en Ouganda, des pays qui s\u2019efforcent de faire face aux cons\u00e9quences de leurs propres guerres pass\u00e9es et qui connaissent des diff\u00e9rends en mati\u00e8re de mandat pr\u00e9sidentiel. Que se passera-t-il dans ces camps de r\u00e9fugi\u00e9s si une guerre \u00e9clate ici\u00a0? Le Burundi a d\u00e9j\u00e0 accus\u00e9 le Rwanda d\u2019entra\u00eener des rebelles pour d\u00e9stabiliser le pays. <\/p>\n<p> Aujourd\u2019hui, il semble que nous r\u00e9gressions dans diff\u00e9rents domaines\u00a0: unit\u00e9 nationale, s\u00e9curit\u00e9 et \u00e9conomie. Et le Burundi est rel\u00e9gu\u00e9 au second plan sur la sc\u00e8ne internationale, car l\u2019attention se porte sur la Syrie, l\u2019Afghanistan et la crise des r\u00e9fugi\u00e9s. Le dialogue national propos\u00e9 ne sera efficace que si les acteurs ext\u00e9rieurs augmentent la pression sur les principales parties prenantes.<\/p>\n<p> Les meurtres commis r\u00e9cemment par des officiers de police aux Etats-Unis ont donn\u00e9 naissance au slogan \u00ab\u00a0Black lives matter\u00a0\u00bb [la vie des Noirs compte], qui se r\u00e9f\u00e8re au Afro-Am\u00e9ricains. Je souhaite adresser un message au monde\u00a0: \u00ab\u00a0la vie des Burundais compte aussi\u00a0\u00bb.<\/p>\n","protected":false},"excerpt":{"rendered":"<p>Bujumbura , 6 octobre 2015 (IRIN) - Il n\u2019est pas rare de voir des cadavres \u00e0 Bujumbura ces jours-ci. Il y en a dans les rues, dans les canaux de drainage, dans les buissons et dans les rivi\u00e8res. Les Nations Unies ont enregistr\u00e9 134 meurtres depuis le mois d\u2019avril, quand le pr\u00e9sident Pierre Nkurunziza a [&hellip;]<\/p>\n","protected":false},"author":64,"featured_media":67764,"comment_status":"open","ping_status":"closed","sticky":false,"template":"","format":"standard","meta":{"_acf_changed":false,"footnotes":""},"categories":[549],"tags":[],"ji_location":[2152],"class_list":["post-2412","post","type-post","status-publish","format-standard","has-post-thumbnail","hentry","category-reconciliation","ji_location-burundi"],"acf":[],"yoast_head":"<!-- This site is optimized with the Yoast SEO Premium plugin v25.3.1 (Yoast SEO v25.3.1) - https:\/\/yoast.com\/wordpress\/plugins\/seo\/ -->\n<title>Burundi : &quot;pourquoi nous glissons vers l&#039;enfer&quot; - JusticeInfo.net<\/title>\n<meta name=\"robots\" content=\"index, follow, max-snippet:-1, max-image-preview:large, max-video-preview:-1\" \/>\n<link rel=\"canonical\" href=\"https:\/\/www.justiceinfo.net\/fr\/2412-burundi-pourquoi-nous-glissons-vers-l-enfer.html\" \/>\n<meta property=\"og:locale\" content=\"fr_FR\" \/>\n<meta property=\"og:type\" content=\"article\" \/>\n<meta property=\"og:title\" content=\"Burundi : &quot;pourquoi nous glissons vers l&#039;enfer&quot;\" \/>\n<meta property=\"og:description\" content=\"Bujumbura , 6 octobre 2015 (IRIN) - Il n\u2019est pas rare de voir des cadavres \u00e0 Bujumbura ces jours-ci. Il y en a dans les rues, dans les canaux de drainage, dans les buissons et dans les rivi\u00e8res. Les Nations Unies ont enregistr\u00e9 134 meurtres depuis le mois d\u2019avril, quand le pr\u00e9sident Pierre Nkurunziza a [&hellip;]\" \/>\n<meta property=\"og:url\" content=\"https:\/\/www.justiceinfo.net\/fr\/2412-burundi-pourquoi-nous-glissons-vers-l-enfer.html\" \/>\n<meta property=\"og:site_name\" content=\"JusticeInfo.net\" \/>\n<meta property=\"article:publisher\" content=\"https:\/\/www.facebook.com\/JusticeInfo\/\" \/>\n<meta property=\"article:published_time\" content=\"2015-10-07T05:21:50+00:00\" \/>\n<meta property=\"og:image\" content=\"https:\/\/www.justiceinfo.net\/wp-content\/uploads\/329ab847f562aaa0a479924ce0a8c79f-scaled.jpg\" \/>\n\t<meta property=\"og:image:width\" content=\"2560\" \/>\n\t<meta property=\"og:image:height\" content=\"1707\" \/>\n\t<meta property=\"og:image:type\" content=\"image\/jpeg\" \/>\n<meta name=\"author\" content=\"D\u00e9sir\u00e9 Nimubona\/IRIN\" \/>\n<meta name=\"twitter:card\" content=\"summary_large_image\" \/>\n<meta name=\"twitter:creator\" content=\"@justiceinfonet\" \/>\n<meta name=\"twitter:site\" content=\"@justiceinfonet\" \/>\n<meta name=\"twitter:label1\" content=\"\u00c9crit par\" \/>\n\t<meta name=\"twitter:data1\" content=\"D\u00e9sir\u00e9 Nimubona\/IRIN\" \/>\n\t<meta name=\"twitter:label2\" content=\"Dur\u00e9e de lecture estim\u00e9e\" \/>\n\t<meta name=\"twitter:data2\" content=\"9 minutes\" \/>\n<script type=\"application\/ld+json\" class=\"yoast-schema-graph\">{\"@context\":\"https:\/\/schema.org\",\"@graph\":[{\"@type\":\"NewsArticle\",\"@id\":\"https:\/\/www.justiceinfo.net\/fr\/2412-burundi-pourquoi-nous-glissons-vers-l-enfer.html#article\",\"isPartOf\":{\"@id\":\"https:\/\/www.justiceinfo.net\/fr\/2412-burundi-pourquoi-nous-glissons-vers-l-enfer.html\"},\"author\":{\"name\":\"solivri\",\"@id\":\"https:\/\/www.justiceinfo.net\/fr#\/schema\/person\/6e53cba1629e2e66f3fc1821d3091865\"},\"headline\":\"Burundi : \\\"pourquoi nous glissons vers l'enfer\\\"\",\"datePublished\":\"2015-10-07T05:21:50+00:00\",\"mainEntityOfPage\":{\"@id\":\"https:\/\/www.justiceinfo.net\/fr\/2412-burundi-pourquoi-nous-glissons-vers-l-enfer.html\"},\"wordCount\":1767,\"commentCount\":0,\"publisher\":{\"@id\":\"https:\/\/www.justiceinfo.net\/fr#organization\"},\"image\":{\"@id\":\"https:\/\/www.justiceinfo.net\/fr\/2412-burundi-pourquoi-nous-glissons-vers-l-enfer.html#primaryimage\"},\"thumbnailUrl\":\"https:\/\/www.justiceinfo.net\/wp-content\/uploads\/329ab847f562aaa0a479924ce0a8c79f-scaled.jpg\",\"articleSection\":[\"R\u00e9conciliation\"],\"inLanguage\":\"fr-FR\",\"potentialAction\":[{\"@type\":\"CommentAction\",\"name\":\"Comment\",\"target\":[\"https:\/\/www.justiceinfo.net\/fr\/2412-burundi-pourquoi-nous-glissons-vers-l-enfer.html#respond\"]}]},{\"@type\":\"WebPage\",\"@id\":\"https:\/\/www.justiceinfo.net\/fr\/2412-burundi-pourquoi-nous-glissons-vers-l-enfer.html\",\"url\":\"https:\/\/www.justiceinfo.net\/fr\/2412-burundi-pourquoi-nous-glissons-vers-l-enfer.html\",\"name\":\"Burundi : \\\"pourquoi nous glissons vers l'enfer\\\" - JusticeInfo.net\",\"isPartOf\":{\"@id\":\"https:\/\/www.justiceinfo.net\/fr#website\"},\"primaryImageOfPage\":{\"@id\":\"https:\/\/www.justiceinfo.net\/fr\/2412-burundi-pourquoi-nous-glissons-vers-l-enfer.html#primaryimage\"},\"image\":{\"@id\":\"https:\/\/www.justiceinfo.net\/fr\/2412-burundi-pourquoi-nous-glissons-vers-l-enfer.html#primaryimage\"},\"thumbnailUrl\":\"https:\/\/www.justiceinfo.net\/wp-content\/uploads\/329ab847f562aaa0a479924ce0a8c79f-scaled.jpg\",\"datePublished\":\"2015-10-07T05:21:50+00:00\",\"breadcrumb\":{\"@id\":\"https:\/\/www.justiceinfo.net\/fr\/2412-burundi-pourquoi-nous-glissons-vers-l-enfer.html#breadcrumb\"},\"inLanguage\":\"fr-FR\",\"potentialAction\":[{\"@type\":\"ReadAction\",\"target\":[\"https:\/\/www.justiceinfo.net\/fr\/2412-burundi-pourquoi-nous-glissons-vers-l-enfer.html\"]}]},{\"@type\":\"ImageObject\",\"inLanguage\":\"fr-FR\",\"@id\":\"https:\/\/www.justiceinfo.net\/fr\/2412-burundi-pourquoi-nous-glissons-vers-l-enfer.html#primaryimage\",\"url\":\"https:\/\/www.justiceinfo.net\/wp-content\/uploads\/329ab847f562aaa0a479924ce0a8c79f-scaled.jpg\",\"contentUrl\":\"https:\/\/www.justiceinfo.net\/wp-content\/uploads\/329ab847f562aaa0a479924ce0a8c79f-scaled.jpg\",\"width\":2560,\"height\":1707},{\"@type\":\"BreadcrumbList\",\"@id\":\"https:\/\/www.justiceinfo.net\/fr\/2412-burundi-pourquoi-nous-glissons-vers-l-enfer.html#breadcrumb\",\"itemListElement\":[{\"@type\":\"ListItem\",\"position\":1,\"name\":\"Home\",\"item\":\"https:\/\/www.justiceinfo.net\/fr\"},{\"@type\":\"ListItem\",\"position\":2,\"name\":\"Burundi : \\\"pourquoi nous glissons vers l'enfer\\\"\"}]},{\"@type\":\"WebSite\",\"@id\":\"https:\/\/www.justiceinfo.net\/fr#website\",\"url\":\"https:\/\/www.justiceinfo.net\/fr\",\"name\":\"JusticeInfo.net\",\"description\":\"La justice doit \u00eatre vue pour \u00eatre rendue\",\"publisher\":{\"@id\":\"https:\/\/www.justiceinfo.net\/fr#organization\"},\"potentialAction\":[{\"@type\":\"SearchAction\",\"target\":{\"@type\":\"EntryPoint\",\"urlTemplate\":\"https:\/\/www.justiceinfo.net\/fr?s={search_term_string}\"},\"query-input\":{\"@type\":\"PropertyValueSpecification\",\"valueRequired\":true,\"valueName\":\"search_term_string\"}}],\"inLanguage\":\"fr-FR\"},{\"@type\":\"Organization\",\"@id\":\"https:\/\/www.justiceinfo.net\/fr#organization\",\"name\":\"Justice Info\",\"url\":\"https:\/\/www.justiceinfo.net\/fr\",\"logo\":{\"@type\":\"ImageObject\",\"inLanguage\":\"fr-FR\",\"@id\":\"https:\/\/www.justiceinfo.net\/fr#\/schema\/logo\/image\/\",\"url\":\"https:\/\/www.justiceinfo.net\/wp-content\/uploads\/justiceinfo_logo-trans_1200x1200px.png\",\"contentUrl\":\"https:\/\/www.justiceinfo.net\/wp-content\/uploads\/justiceinfo_logo-trans_1200x1200px.png\",\"width\":1199,\"height\":1200,\"caption\":\"Justice Info\"},\"image\":{\"@id\":\"https:\/\/www.justiceinfo.net\/fr#\/schema\/logo\/image\/\"},\"sameAs\":[\"https:\/\/www.facebook.com\/JusticeInfo\/\",\"https:\/\/x.com\/justiceinfonet\",\"https:\/\/www.linkedin.com\/company\/justice-info\",\"https:\/\/www.youtube.com\/channel\/UCyCEsARodyuWtkWyhn-e7pA\"]},{\"@type\":\"Person\",\"name\":\"D\u00e9sir\u00e9 Nimubona\/IRIN\",\"url\":\"\/fr\/?s=D\u00e9sir\u00e9 Nimubona\/IRIN\"}]}<\/script>\n<!-- \/ Yoast SEO Premium plugin. -->","yoast_head_json":{"title":"Burundi : \"pourquoi nous glissons vers l'enfer\" - JusticeInfo.net","robots":{"index":"index","follow":"follow","max-snippet":"max-snippet:-1","max-image-preview":"max-image-preview:large","max-video-preview":"max-video-preview:-1"},"canonical":"https:\/\/www.justiceinfo.net\/fr\/2412-burundi-pourquoi-nous-glissons-vers-l-enfer.html","og_locale":"fr_FR","og_type":"article","og_title":"Burundi : \"pourquoi nous glissons vers l'enfer\"","og_description":"Bujumbura , 6 octobre 2015 (IRIN) - Il n\u2019est pas rare de voir des cadavres \u00e0 Bujumbura ces jours-ci. Il y en a dans les rues, dans les canaux de drainage, dans les buissons et dans les rivi\u00e8res. Les Nations Unies ont enregistr\u00e9 134 meurtres depuis le mois d\u2019avril, quand le pr\u00e9sident Pierre Nkurunziza a [&hellip;]","og_url":"https:\/\/www.justiceinfo.net\/fr\/2412-burundi-pourquoi-nous-glissons-vers-l-enfer.html","og_site_name":"JusticeInfo.net","article_publisher":"https:\/\/www.facebook.com\/JusticeInfo\/","article_published_time":"2015-10-07T05:21:50+00:00","og_image":[{"width":2560,"height":1707,"url":"https:\/\/www.justiceinfo.net\/wp-content\/uploads\/329ab847f562aaa0a479924ce0a8c79f-scaled.jpg","type":"image\/jpeg"}],"author":"D\u00e9sir\u00e9 Nimubona\/IRIN","twitter_card":"summary_large_image","twitter_creator":"@justiceinfonet","twitter_site":"@justiceinfonet","twitter_misc":{"\u00c9crit par":"D\u00e9sir\u00e9 Nimubona\/IRIN","Dur\u00e9e de lecture estim\u00e9e":"9 minutes"},"schema":{"@context":"https:\/\/schema.org","@graph":[{"@type":"NewsArticle","@id":"https:\/\/www.justiceinfo.net\/fr\/2412-burundi-pourquoi-nous-glissons-vers-l-enfer.html#article","isPartOf":{"@id":"https:\/\/www.justiceinfo.net\/fr\/2412-burundi-pourquoi-nous-glissons-vers-l-enfer.html"},"author":{"name":"solivri","@id":"https:\/\/www.justiceinfo.net\/fr#\/schema\/person\/6e53cba1629e2e66f3fc1821d3091865"},"headline":"Burundi : \"pourquoi nous glissons vers l'enfer\"","datePublished":"2015-10-07T05:21:50+00:00","mainEntityOfPage":{"@id":"https:\/\/www.justiceinfo.net\/fr\/2412-burundi-pourquoi-nous-glissons-vers-l-enfer.html"},"wordCount":1767,"commentCount":0,"publisher":{"@id":"https:\/\/www.justiceinfo.net\/fr#organization"},"image":{"@id":"https:\/\/www.justiceinfo.net\/fr\/2412-burundi-pourquoi-nous-glissons-vers-l-enfer.html#primaryimage"},"thumbnailUrl":"https:\/\/www.justiceinfo.net\/wp-content\/uploads\/329ab847f562aaa0a479924ce0a8c79f-scaled.jpg","articleSection":["R\u00e9conciliation"],"inLanguage":"fr-FR","potentialAction":[{"@type":"CommentAction","name":"Comment","target":["https:\/\/www.justiceinfo.net\/fr\/2412-burundi-pourquoi-nous-glissons-vers-l-enfer.html#respond"]}]},{"@type":"WebPage","@id":"https:\/\/www.justiceinfo.net\/fr\/2412-burundi-pourquoi-nous-glissons-vers-l-enfer.html","url":"https:\/\/www.justiceinfo.net\/fr\/2412-burundi-pourquoi-nous-glissons-vers-l-enfer.html","name":"Burundi : \"pourquoi nous glissons vers l'enfer\" - JusticeInfo.net","isPartOf":{"@id":"https:\/\/www.justiceinfo.net\/fr#website"},"primaryImageOfPage":{"@id":"https:\/\/www.justiceinfo.net\/fr\/2412-burundi-pourquoi-nous-glissons-vers-l-enfer.html#primaryimage"},"image":{"@id":"https:\/\/www.justiceinfo.net\/fr\/2412-burundi-pourquoi-nous-glissons-vers-l-enfer.html#primaryimage"},"thumbnailUrl":"https:\/\/www.justiceinfo.net\/wp-content\/uploads\/329ab847f562aaa0a479924ce0a8c79f-scaled.jpg","datePublished":"2015-10-07T05:21:50+00:00","breadcrumb":{"@id":"https:\/\/www.justiceinfo.net\/fr\/2412-burundi-pourquoi-nous-glissons-vers-l-enfer.html#breadcrumb"},"inLanguage":"fr-FR","potentialAction":[{"@type":"ReadAction","target":["https:\/\/www.justiceinfo.net\/fr\/2412-burundi-pourquoi-nous-glissons-vers-l-enfer.html"]}]},{"@type":"ImageObject","inLanguage":"fr-FR","@id":"https:\/\/www.justiceinfo.net\/fr\/2412-burundi-pourquoi-nous-glissons-vers-l-enfer.html#primaryimage","url":"https:\/\/www.justiceinfo.net\/wp-content\/uploads\/329ab847f562aaa0a479924ce0a8c79f-scaled.jpg","contentUrl":"https:\/\/www.justiceinfo.net\/wp-content\/uploads\/329ab847f562aaa0a479924ce0a8c79f-scaled.jpg","width":2560,"height":1707},{"@type":"BreadcrumbList","@id":"https:\/\/www.justiceinfo.net\/fr\/2412-burundi-pourquoi-nous-glissons-vers-l-enfer.html#breadcrumb","itemListElement":[{"@type":"ListItem","position":1,"name":"Home","item":"https:\/\/www.justiceinfo.net\/fr"},{"@type":"ListItem","position":2,"name":"Burundi : \"pourquoi nous glissons vers l'enfer\""}]},{"@type":"WebSite","@id":"https:\/\/www.justiceinfo.net\/fr#website","url":"https:\/\/www.justiceinfo.net\/fr","name":"JusticeInfo.net","description":"La justice doit \u00eatre vue pour \u00eatre rendue","publisher":{"@id":"https:\/\/www.justiceinfo.net\/fr#organization"},"potentialAction":[{"@type":"SearchAction","target":{"@type":"EntryPoint","urlTemplate":"https:\/\/www.justiceinfo.net\/fr?s={search_term_string}"},"query-input":{"@type":"PropertyValueSpecification","valueRequired":true,"valueName":"search_term_string"}}],"inLanguage":"fr-FR"},{"@type":"Organization","@id":"https:\/\/www.justiceinfo.net\/fr#organization","name":"Justice Info","url":"https:\/\/www.justiceinfo.net\/fr","logo":{"@type":"ImageObject","inLanguage":"fr-FR","@id":"https:\/\/www.justiceinfo.net\/fr#\/schema\/logo\/image\/","url":"https:\/\/www.justiceinfo.net\/wp-content\/uploads\/justiceinfo_logo-trans_1200x1200px.png","contentUrl":"https:\/\/www.justiceinfo.net\/wp-content\/uploads\/justiceinfo_logo-trans_1200x1200px.png","width":1199,"height":1200,"caption":"Justice Info"},"image":{"@id":"https:\/\/www.justiceinfo.net\/fr#\/schema\/logo\/image\/"},"sameAs":["https:\/\/www.facebook.com\/JusticeInfo\/","https:\/\/x.com\/justiceinfonet","https:\/\/www.linkedin.com\/company\/justice-info","https:\/\/www.youtube.com\/channel\/UCyCEsARodyuWtkWyhn-e7pA"]},{"@type":"Person","name":"D\u00e9sir\u00e9 Nimubona\/IRIN","url":"\/fr\/?s=D\u00e9sir\u00e9 Nimubona\/IRIN"}]}},"_links":{"self":[{"href":"https:\/\/www.justiceinfo.net\/fr\/wp-json\/wp\/v2\/posts\/2412","targetHints":{"allow":["GET"]}}],"collection":[{"href":"https:\/\/www.justiceinfo.net\/fr\/wp-json\/wp\/v2\/posts"}],"about":[{"href":"https:\/\/www.justiceinfo.net\/fr\/wp-json\/wp\/v2\/types\/post"}],"author":[{"embeddable":true,"href":"https:\/\/www.justiceinfo.net\/fr\/wp-json\/wp\/v2\/users\/64"}],"replies":[{"embeddable":true,"href":"https:\/\/www.justiceinfo.net\/fr\/wp-json\/wp\/v2\/comments?post=2412"}],"version-history":[{"count":0,"href":"https:\/\/www.justiceinfo.net\/fr\/wp-json\/wp\/v2\/posts\/2412\/revisions"}],"wp:featuredmedia":[{"embeddable":true,"href":"https:\/\/www.justiceinfo.net\/fr\/wp-json\/wp\/v2\/media\/67764"}],"wp:attachment":[{"href":"https:\/\/www.justiceinfo.net\/fr\/wp-json\/wp\/v2\/media?parent=2412"}],"wp:term":[{"taxonomy":"category","embeddable":true,"href":"https:\/\/www.justiceinfo.net\/fr\/wp-json\/wp\/v2\/categories?post=2412"},{"taxonomy":"post_tag","embeddable":true,"href":"https:\/\/www.justiceinfo.net\/fr\/wp-json\/wp\/v2\/tags?post=2412"},{"taxonomy":"ji_location","embeddable":true,"href":"https:\/\/www.justiceinfo.net\/fr\/wp-json\/wp\/v2\/ji_location?post=2412"}],"curies":[{"name":"wp","href":"https:\/\/api.w.org\/{rel}","templated":true}]}}