{"id":25256,"date":"2015-12-24T09:00:53","date_gmt":"2015-12-24T08:00:53","guid":{"rendered":"https:\/\/www.justiceinfo.net\/25256-rca-les-violences-depuis-la-chute-de-bozize.html"},"modified":"2015-12-24T09:00:53","modified_gmt":"2015-12-24T08:00:53","slug":"rca-les-violences-depuis-la-chute-de-bozize","status":"publish","type":"post","link":"https:\/\/www.justiceinfo.net\/fr\/25256-rca-les-violences-depuis-la-chute-de-bozize.html","title":{"rendered":"RCA : les violences depuis la  chute de Boziz\u00e9"},"content":{"rendered":"<p>Rappel des \u00e9v\u00e9nements en Centrafrique depuis le renversement en mars 2013 de Fran\u00e7ois Boziz\u00e9 par la r\u00e9bellion S\u00e9l\u00e9ka \u00e0 dominante musulmane, qui a depuis abandonn\u00e9 le pouvoir sous la pression internationale.<\/p>\n<p>Le pays a sombr\u00e9 dans une grave crise, d\u00e9clenchant des tueries de masse entre communaut\u00e9s musulmanes et chr\u00e9tiennes. Le niveau des violences a depuis consid\u00e9rablement baiss\u00e9, mais des groupes arm\u00e9s s\u00e9vissent toujours dans plusieurs r\u00e9gions.<\/p>\n<p>- 2013: CHUTE DE FRANCOIS BOZIZE -<\/p>\n<p>Le 24 mars, les rebelles de la S\u00e9l\u00e9ka prennent Bangui, chassant le pr\u00e9sident Boziz\u00e9, au pouvoir depuis dix ans. Leur chef, Michel Djotodia, s'autoproclame pr\u00e9sident avant de suspendre la Constitution et dissoudre l'Assembl\u00e9e nationale.<\/p>\n<p>D\u00e9but septembre, de violents affrontements entre ex-rebelles de la S\u00e9l\u00e9ka et groupes d'autod\u00e9fense - chr\u00e9tiens comme la tr\u00e8s grande majorit\u00e9 de la population - autour de Bossangoa (nord-ouest) font une centaine de morts.<\/p>\n<p>Des milices chr\u00e9tiennes d'auto-d\u00e9fense, les \"anti-balaka\", se sont cr\u00e9\u00e9es en r\u00e9action aux exactions commises contre la population par les anciens S\u00e9l\u00e9ka depuis leur prise du pouvoir.<\/p>\n<p>- 2013: LA FRANCE LANCE L'OPERATION SANGARIS -<\/p>\n<p>Le 5 d\u00e9cembre, une explosion de haine embrase Bangui: des miliciens anti-balaka (anti-machettes), infiltr\u00e9s dans la capitale, lancent une vaste offensive dans plusieurs quartiers de la capitale, massacrant de nombreux civils musulmans et entra\u00eenant des repr\u00e9sailles sanglantes des combattants S\u00e9l\u00e9ka contre la population.<\/p>\n<p>Quelques heures plus tard, la France, intervenue plusieurs fois d\u00e9j\u00e0 dans son ancienne colonie depuis son ind\u00e9pendance en 1960, lance l'op\u00e9ration Sangaris pour restaurer la s\u00e9curit\u00e9, apr\u00e8s le vote de l'ONU donnant mandat aux forces fran\u00e7aises pour intervenir.<\/p>\n<p>- 2014: DEMISSION CONTRAINTE DE DJOTODIA -<\/p>\n<p>Le 10 janvier, Djotodia, accus\u00e9 par la communaut\u00e9 internationale de passivit\u00e9 face aux violences, d\u00e9missionne sous la pression des dirigeants d'Afrique centrale et de la France. Le 20 janvier, la maire de Bangui, Catherine Samba Panza, est \u00e9lue pr\u00e9sidente de transition par le Parlement provisoire.<\/p>\n<p>- 2014: L'ONU REMPLACE L'UNION AFRICAINE-<\/p>\n<p>Le 15 septembre, la Mission des Nations unies en Centrafrique (Minusca, 10.800 hommes actuellement) prend le relais de la force africaine Misca.<\/p>\n<p>- 2015: ENQUETE DE L'ONU -<\/p>\n<p>Le 8 janvier, une commission des Nations unies conclut que les deux camps ont commis des crimes contre l'humanit\u00e9, y compris un \"nettoyage ethnique\", mais que l'intervention internationale a \u00e9vit\u00e9 un g\u00e9nocide.<\/p>\n<p>La commission, cr\u00e9\u00e9e en janvier 2014, estime que le conflit a fait \"des milliers de morts\", sans doute plus de 6.000, et fixe comme priorit\u00e9 de \"mettre fin \u00e0 l'impunit\u00e9\".<\/p>\n<p>Outre la crise s\u00e9curitaire et politique, le pays fait face \u00e0 une crise humanitaire, des centaines de milliers de Centrafricains ayant \u00e9t\u00e9 d\u00e9plac\u00e9s par les combats.<\/p>\n<p>- 2015: NOUVELLES VIOLENCES - VISITE DU PAPE -<\/p>\n<p>Le 26 septembre, d\u00e9but d'une flamb\u00e9e de violences \u00e0 Bangui, provoqu\u00e9e par l'assassinat d'un conducteur de moto-taxi au PK-5, quartier majoritairement musulman qui fut l'\u00e9picentre des massacres inter-communautaires.<\/p>\n<p>Quasi-quotidiennes, les violences entre jeunes musulmans proches de l'ex-r\u00e9bellion S\u00e9l\u00e9ka et milices chr\u00e9tiennes et animistes anti-balaka ont fait plus de 100 morts \u00e0 Bangui depuis fin septembre.<\/p>\n<p>Les 29-30 novembre, le pape Fran\u00e7ois effectue une visite \u00e0 Bangui, plac\u00e9e sous haute s\u00e9curit\u00e9, dans le pays dans le cadre d'une tourn\u00e9e africaine. Il se rend notamment \u00e0 la grande mosqu\u00e9e du PK5, l'enclave des musulmans de la capitale, quotidiennement harcel\u00e9s par les miliciens chr\u00e9tiens et animistes anti-balaka.<\/p>\n<p>- 2015: PROCESSUS ELECTORAL - <\/p>\n<p>Le 13 d\u00e9cembre, un projet de nouvelle Constitution est soumis \u00e0 r\u00e9f\u00e9rendum. Le vote est \u00e9maill\u00e9 d'incidents violents orchestr\u00e9s par les opposants au processus \u00e9lectoral tant \u00e0 Bangui qu'\u00e0 l'int\u00e9rieur du pays, notamment dans le Nord-Est.<\/p>\n<p>L'adoption de la nouvelle Constitution \u00e0 93% ouvre la voie aux \u00e9lections pr\u00e9sidentielle et l\u00e9gislatives dont le premier tour est fix\u00e9 au dimanche 27 d\u00e9cembre.<\/p>\n","protected":false},"excerpt":{"rendered":"<p>Rappel des \u00e9v\u00e9nements en Centrafrique depuis le renversement en mars 2013 de Fran\u00e7ois Boziz\u00e9 par la r\u00e9bellion S\u00e9l\u00e9ka \u00e0 dominante musulmane, qui a depuis abandonn\u00e9 le pouvoir sous la pression internationale. Le pays a sombr\u00e9 dans une grave crise, d\u00e9clenchant des tueries de masse entre communaut\u00e9s musulmanes et chr\u00e9tiennes. Le niveau des violences a depuis [&hellip;]<\/p>\n","protected":false},"author":60,"featured_media":0,"comment_status":"open","ping_status":"closed","sticky":false,"template":"","format":"standard","meta":{"_acf_changed":false,"footnotes":""},"categories":[556],"tags":[],"ji_location":[2164],"class_list":["post-25256","post","type-post","status-publish","format-standard","hentry","category-divers","ji_location-republique-centrafricaine"],"acf":[],"yoast_head":"<!-- This site is optimized with the Yoast SEO Premium plugin v25.3.1 (Yoast SEO v25.3.1) - https:\/\/yoast.com\/wordpress\/plugins\/seo\/ -->\n<title>RCA : les violences depuis la chute de Boziz\u00e9 - JusticeInfo.net<\/title>\n<meta name=\"robots\" content=\"index, follow, max-snippet:-1, max-image-preview:large, max-video-preview:-1\" \/>\n<link rel=\"canonical\" href=\"https:\/\/www.justiceinfo.net\/fr\/25256-rca-les-violences-depuis-la-chute-de-bozize.html\" \/>\n<meta property=\"og:locale\" content=\"fr_FR\" \/>\n<meta property=\"og:type\" content=\"article\" \/>\n<meta property=\"og:title\" content=\"RCA : les violences depuis la chute de Boziz\u00e9\" \/>\n<meta property=\"og:description\" content=\"Rappel des \u00e9v\u00e9nements en Centrafrique depuis le renversement en mars 2013 de Fran\u00e7ois Boziz\u00e9 par la r\u00e9bellion S\u00e9l\u00e9ka \u00e0 dominante musulmane, qui a depuis abandonn\u00e9 le pouvoir sous la pression internationale. Le pays a sombr\u00e9 dans une grave crise, d\u00e9clenchant des tueries de masse entre communaut\u00e9s musulmanes et chr\u00e9tiennes. Le niveau des violences a depuis [&hellip;]\" \/>\n<meta property=\"og:url\" content=\"https:\/\/www.justiceinfo.net\/fr\/25256-rca-les-violences-depuis-la-chute-de-bozize.html\" \/>\n<meta property=\"og:site_name\" content=\"JusticeInfo.net\" \/>\n<meta property=\"article:publisher\" content=\"https:\/\/www.facebook.com\/JusticeInfo\/\" \/>\n<meta property=\"article:published_time\" content=\"2015-12-24T08:00:53+00:00\" \/>\n<meta property=\"og:image\" content=\"https:\/\/www.justiceinfo.net\/wp-content\/uploads\/JusticeInfoNet_logo_1200x630px.jpg\" \/>\n\t<meta property=\"og:image:width\" content=\"1200\" \/>\n\t<meta property=\"og:image:height\" content=\"630\" \/>\n\t<meta property=\"og:image:type\" content=\"image\/jpeg\" \/>\n<meta name=\"author\" content=\"AFP\" \/>\n<meta name=\"twitter:card\" content=\"summary_large_image\" \/>\n<meta name=\"twitter:creator\" content=\"@justiceinfonet\" \/>\n<meta name=\"twitter:site\" content=\"@justiceinfonet\" \/>\n<meta name=\"twitter:label1\" content=\"\u00c9crit par\" \/>\n\t<meta name=\"twitter:data1\" content=\"AFP\" \/>\n\t<meta name=\"twitter:label2\" content=\"Dur\u00e9e de lecture estim\u00e9e\" \/>\n\t<meta name=\"twitter:data2\" content=\"3 minutes\" \/>\n<script type=\"application\/ld+json\" class=\"yoast-schema-graph\">{\"@context\":\"https:\/\/schema.org\",\"@graph\":[{\"@type\":\"NewsArticle\",\"@id\":\"https:\/\/www.justiceinfo.net\/fr\/25256-rca-les-violences-depuis-la-chute-de-bozize.html#article\",\"isPartOf\":{\"@id\":\"https:\/\/www.justiceinfo.net\/fr\/25256-rca-les-violences-depuis-la-chute-de-bozize.html\"},\"author\":{\"name\":\"afp\",\"@id\":\"https:\/\/www.justiceinfo.net\/fr#\/schema\/person\/713d340ef5f218fc36ce9b4244364a7f\"},\"headline\":\"RCA : les violences depuis la chute de Boziz\u00e9\",\"datePublished\":\"2015-12-24T08:00:53+00:00\",\"mainEntityOfPage\":{\"@id\":\"https:\/\/www.justiceinfo.net\/fr\/25256-rca-les-violences-depuis-la-chute-de-bozize.html\"},\"wordCount\":677,\"commentCount\":0,\"publisher\":{\"@id\":\"https:\/\/www.justiceinfo.net\/fr#organization\"},\"articleSection\":[\"Divers\"],\"inLanguage\":\"fr-FR\",\"potentialAction\":[{\"@type\":\"CommentAction\",\"name\":\"Comment\",\"target\":[\"https:\/\/www.justiceinfo.net\/fr\/25256-rca-les-violences-depuis-la-chute-de-bozize.html#respond\"]}]},{\"@type\":\"WebPage\",\"@id\":\"https:\/\/www.justiceinfo.net\/fr\/25256-rca-les-violences-depuis-la-chute-de-bozize.html\",\"url\":\"https:\/\/www.justiceinfo.net\/fr\/25256-rca-les-violences-depuis-la-chute-de-bozize.html\",\"name\":\"RCA : les violences depuis la chute de Boziz\u00e9 - JusticeInfo.net\",\"isPartOf\":{\"@id\":\"https:\/\/www.justiceinfo.net\/fr#website\"},\"datePublished\":\"2015-12-24T08:00:53+00:00\",\"breadcrumb\":{\"@id\":\"https:\/\/www.justiceinfo.net\/fr\/25256-rca-les-violences-depuis-la-chute-de-bozize.html#breadcrumb\"},\"inLanguage\":\"fr-FR\",\"potentialAction\":[{\"@type\":\"ReadAction\",\"target\":[\"https:\/\/www.justiceinfo.net\/fr\/25256-rca-les-violences-depuis-la-chute-de-bozize.html\"]}]},{\"@type\":\"BreadcrumbList\",\"@id\":\"https:\/\/www.justiceinfo.net\/fr\/25256-rca-les-violences-depuis-la-chute-de-bozize.html#breadcrumb\",\"itemListElement\":[{\"@type\":\"ListItem\",\"position\":1,\"name\":\"Home\",\"item\":\"https:\/\/www.justiceinfo.net\/fr\"},{\"@type\":\"ListItem\",\"position\":2,\"name\":\"RCA : les violences depuis la chute de Boziz\u00e9\"}]},{\"@type\":\"WebSite\",\"@id\":\"https:\/\/www.justiceinfo.net\/fr#website\",\"url\":\"https:\/\/www.justiceinfo.net\/fr\",\"name\":\"JusticeInfo.net\",\"description\":\"La justice doit \u00eatre vue pour \u00eatre rendue\",\"publisher\":{\"@id\":\"https:\/\/www.justiceinfo.net\/fr#organization\"},\"potentialAction\":[{\"@type\":\"SearchAction\",\"target\":{\"@type\":\"EntryPoint\",\"urlTemplate\":\"https:\/\/www.justiceinfo.net\/fr?s={search_term_string}\"},\"query-input\":{\"@type\":\"PropertyValueSpecification\",\"valueRequired\":true,\"valueName\":\"search_term_string\"}}],\"inLanguage\":\"fr-FR\"},{\"@type\":\"Organization\",\"@id\":\"https:\/\/www.justiceinfo.net\/fr#organization\",\"name\":\"Justice Info\",\"url\":\"https:\/\/www.justiceinfo.net\/fr\",\"logo\":{\"@type\":\"ImageObject\",\"inLanguage\":\"fr-FR\",\"@id\":\"https:\/\/www.justiceinfo.net\/fr#\/schema\/logo\/image\/\",\"url\":\"https:\/\/www.justiceinfo.net\/wp-content\/uploads\/justiceinfo_logo-trans_1200x1200px.png\",\"contentUrl\":\"https:\/\/www.justiceinfo.net\/wp-content\/uploads\/justiceinfo_logo-trans_1200x1200px.png\",\"width\":1199,\"height\":1200,\"caption\":\"Justice Info\"},\"image\":{\"@id\":\"https:\/\/www.justiceinfo.net\/fr#\/schema\/logo\/image\/\"},\"sameAs\":[\"https:\/\/www.facebook.com\/JusticeInfo\/\",\"https:\/\/x.com\/justiceinfonet\",\"https:\/\/www.linkedin.com\/company\/justice-info\",\"https:\/\/www.youtube.com\/channel\/UCyCEsARodyuWtkWyhn-e7pA\"]},{\"@type\":\"Person\",\"name\":\"AFP\",\"url\":\"\/fr\/?s=AFP\"}]}<\/script>\n<!-- \/ Yoast SEO Premium plugin. -->","yoast_head_json":{"title":"RCA : les violences depuis la chute de Boziz\u00e9 - JusticeInfo.net","robots":{"index":"index","follow":"follow","max-snippet":"max-snippet:-1","max-image-preview":"max-image-preview:large","max-video-preview":"max-video-preview:-1"},"canonical":"https:\/\/www.justiceinfo.net\/fr\/25256-rca-les-violences-depuis-la-chute-de-bozize.html","og_locale":"fr_FR","og_type":"article","og_title":"RCA : les violences depuis la chute de Boziz\u00e9","og_description":"Rappel des \u00e9v\u00e9nements en Centrafrique depuis le renversement en mars 2013 de Fran\u00e7ois Boziz\u00e9 par la r\u00e9bellion S\u00e9l\u00e9ka \u00e0 dominante musulmane, qui a depuis abandonn\u00e9 le pouvoir sous la pression internationale. Le pays a sombr\u00e9 dans une grave crise, d\u00e9clenchant des tueries de masse entre communaut\u00e9s musulmanes et chr\u00e9tiennes. Le niveau des violences a depuis [&hellip;]","og_url":"https:\/\/www.justiceinfo.net\/fr\/25256-rca-les-violences-depuis-la-chute-de-bozize.html","og_site_name":"JusticeInfo.net","article_publisher":"https:\/\/www.facebook.com\/JusticeInfo\/","article_published_time":"2015-12-24T08:00:53+00:00","og_image":[{"width":1200,"height":630,"url":"https:\/\/www.justiceinfo.net\/wp-content\/uploads\/JusticeInfoNet_logo_1200x630px.jpg","type":"image\/jpeg"}],"author":"AFP","twitter_card":"summary_large_image","twitter_creator":"@justiceinfonet","twitter_site":"@justiceinfonet","twitter_misc":{"\u00c9crit par":"AFP","Dur\u00e9e de lecture estim\u00e9e":"3 minutes"},"schema":{"@context":"https:\/\/schema.org","@graph":[{"@type":"NewsArticle","@id":"https:\/\/www.justiceinfo.net\/fr\/25256-rca-les-violences-depuis-la-chute-de-bozize.html#article","isPartOf":{"@id":"https:\/\/www.justiceinfo.net\/fr\/25256-rca-les-violences-depuis-la-chute-de-bozize.html"},"author":{"name":"afp","@id":"https:\/\/www.justiceinfo.net\/fr#\/schema\/person\/713d340ef5f218fc36ce9b4244364a7f"},"headline":"RCA : les violences depuis la chute de Boziz\u00e9","datePublished":"2015-12-24T08:00:53+00:00","mainEntityOfPage":{"@id":"https:\/\/www.justiceinfo.net\/fr\/25256-rca-les-violences-depuis-la-chute-de-bozize.html"},"wordCount":677,"commentCount":0,"publisher":{"@id":"https:\/\/www.justiceinfo.net\/fr#organization"},"articleSection":["Divers"],"inLanguage":"fr-FR","potentialAction":[{"@type":"CommentAction","name":"Comment","target":["https:\/\/www.justiceinfo.net\/fr\/25256-rca-les-violences-depuis-la-chute-de-bozize.html#respond"]}]},{"@type":"WebPage","@id":"https:\/\/www.justiceinfo.net\/fr\/25256-rca-les-violences-depuis-la-chute-de-bozize.html","url":"https:\/\/www.justiceinfo.net\/fr\/25256-rca-les-violences-depuis-la-chute-de-bozize.html","name":"RCA : les violences depuis la chute de Boziz\u00e9 - JusticeInfo.net","isPartOf":{"@id":"https:\/\/www.justiceinfo.net\/fr#website"},"datePublished":"2015-12-24T08:00:53+00:00","breadcrumb":{"@id":"https:\/\/www.justiceinfo.net\/fr\/25256-rca-les-violences-depuis-la-chute-de-bozize.html#breadcrumb"},"inLanguage":"fr-FR","potentialAction":[{"@type":"ReadAction","target":["https:\/\/www.justiceinfo.net\/fr\/25256-rca-les-violences-depuis-la-chute-de-bozize.html"]}]},{"@type":"BreadcrumbList","@id":"https:\/\/www.justiceinfo.net\/fr\/25256-rca-les-violences-depuis-la-chute-de-bozize.html#breadcrumb","itemListElement":[{"@type":"ListItem","position":1,"name":"Home","item":"https:\/\/www.justiceinfo.net\/fr"},{"@type":"ListItem","position":2,"name":"RCA : les violences depuis la chute de Boziz\u00e9"}]},{"@type":"WebSite","@id":"https:\/\/www.justiceinfo.net\/fr#website","url":"https:\/\/www.justiceinfo.net\/fr","name":"JusticeInfo.net","description":"La justice doit \u00eatre vue pour \u00eatre rendue","publisher":{"@id":"https:\/\/www.justiceinfo.net\/fr#organization"},"potentialAction":[{"@type":"SearchAction","target":{"@type":"EntryPoint","urlTemplate":"https:\/\/www.justiceinfo.net\/fr?s={search_term_string}"},"query-input":{"@type":"PropertyValueSpecification","valueRequired":true,"valueName":"search_term_string"}}],"inLanguage":"fr-FR"},{"@type":"Organization","@id":"https:\/\/www.justiceinfo.net\/fr#organization","name":"Justice Info","url":"https:\/\/www.justiceinfo.net\/fr","logo":{"@type":"ImageObject","inLanguage":"fr-FR","@id":"https:\/\/www.justiceinfo.net\/fr#\/schema\/logo\/image\/","url":"https:\/\/www.justiceinfo.net\/wp-content\/uploads\/justiceinfo_logo-trans_1200x1200px.png","contentUrl":"https:\/\/www.justiceinfo.net\/wp-content\/uploads\/justiceinfo_logo-trans_1200x1200px.png","width":1199,"height":1200,"caption":"Justice Info"},"image":{"@id":"https:\/\/www.justiceinfo.net\/fr#\/schema\/logo\/image\/"},"sameAs":["https:\/\/www.facebook.com\/JusticeInfo\/","https:\/\/x.com\/justiceinfonet","https:\/\/www.linkedin.com\/company\/justice-info","https:\/\/www.youtube.com\/channel\/UCyCEsARodyuWtkWyhn-e7pA"]},{"@type":"Person","name":"AFP","url":"\/fr\/?s=AFP"}]}},"_links":{"self":[{"href":"https:\/\/www.justiceinfo.net\/fr\/wp-json\/wp\/v2\/posts\/25256","targetHints":{"allow":["GET"]}}],"collection":[{"href":"https:\/\/www.justiceinfo.net\/fr\/wp-json\/wp\/v2\/posts"}],"about":[{"href":"https:\/\/www.justiceinfo.net\/fr\/wp-json\/wp\/v2\/types\/post"}],"author":[{"embeddable":true,"href":"https:\/\/www.justiceinfo.net\/fr\/wp-json\/wp\/v2\/users\/60"}],"replies":[{"embeddable":true,"href":"https:\/\/www.justiceinfo.net\/fr\/wp-json\/wp\/v2\/comments?post=25256"}],"version-history":[{"count":0,"href":"https:\/\/www.justiceinfo.net\/fr\/wp-json\/wp\/v2\/posts\/25256\/revisions"}],"wp:attachment":[{"href":"https:\/\/www.justiceinfo.net\/fr\/wp-json\/wp\/v2\/media?parent=25256"}],"wp:term":[{"taxonomy":"category","embeddable":true,"href":"https:\/\/www.justiceinfo.net\/fr\/wp-json\/wp\/v2\/categories?post=25256"},{"taxonomy":"post_tag","embeddable":true,"href":"https:\/\/www.justiceinfo.net\/fr\/wp-json\/wp\/v2\/tags?post=25256"},{"taxonomy":"ji_location","embeddable":true,"href":"https:\/\/www.justiceinfo.net\/fr\/wp-json\/wp\/v2\/ji_location?post=25256"}],"curies":[{"name":"wp","href":"https:\/\/api.w.org\/{rel}","templated":true}]}}