{"id":25378,"date":"2016-01-11T10:03:14","date_gmt":"2016-01-11T09:03:14","guid":{"rendered":"https:\/\/www.justiceinfo.net\/25378-semaine-de-la-justice-transitionnelle-le-guatemala-montre-l-exemple.html"},"modified":"2016-01-11T10:03:14","modified_gmt":"2016-01-11T09:03:14","slug":"semaine-de-la-justice-transitionnelle-le-guatemala-montre-l-exemple","status":"publish","type":"post","link":"https:\/\/www.justiceinfo.net\/fr\/25378-semaine-de-la-justice-transitionnelle-le-guatemala-montre-l-exemple.html","title":{"rendered":"Semaine de la justice transitionnelle : le Guatemala montre l'exemple"},"content":{"rendered":"<p><strong>\u00a0<\/strong>En cette semaine encore calme pour la justice transitionnelle, l\u2019exemple vient du Guatemala. Le petit pays d\u2019Am\u00e9rique centrale d\u00e9chir\u00e9 par une sanglante guerre civile de pr\u00e8s de 40 ans (1960-1996) qui a fait des centaines de milliers de morts a arr\u00eat\u00e9 18 militaires de hauts rang \u00e0 la retraite, accus\u00e9s d'avoir particip\u00e9 \u00e0 des massacres d\u2019indig\u00e8nes. Entre 2012 et 2015, 558 squelettes d'enfants et d'adultes d\u2019Indiens ont \u00e9t\u00e9 retrouv\u00e9s dans un ancien camp militaire.\u00a0Ces arrestations pr\u00e9c\u00e8dent de quelques jours l'ouverture du proc\u00e8s pour g\u00e9nocide de l'ex-dictateur Efrain R\u00edos Montt, poursuivi pour le massacre de plus de 1.770 indiens par les forces arm\u00e9es sous son r\u00e9gime (1982-1983). En septembre 2015, les Guat\u00e9malt\u00e8ques avaient contraint \u00e0 la d\u00e9mission leur pr\u00e9sident Otto P\u00e9rez Molina apr\u00e8s un tr\u00e8s lourd scandale de corruption.<\/p>\n<p>Autre changement d\u2019\u00e8re pour la justice dans les pays d\u00e9chir\u00e9s par des guerres int\u00e9rieures, le Sri Lanka o\u00f9 le Pr\u00e9sident Maithripala Sirisena lance une r\u00e9forme constitutionnelle d\u2019envergure pour \u00e9viter une r\u00e9p\u00e9tition d\u2019un conflit ethnique qui a fait plus de 100 000 morts. Sirisena \u00e9lu l\u2019an dernier entend instaurer un syst\u00e8me f\u00e9d\u00e9ral qui donnera une plus grande autonomie \u00e0 la minorit\u00e9 tamoule et remplacer le syst\u00e8me pr\u00e9sidentiel par une d\u00e9mocratie parlementaire. Les tamouls s\u2019estimant discrimin\u00e9s avaient pris les armes en 1972 et s\u2019\u00e9tait suivie une sanglante guerre civile qui avait pris fin apr\u00e8s l\u2019\u00e9crasement des tamouls. L\u2019ONU plaide pour l\u2019instauration d\u2019une Commission Justice et V\u00e9rit\u00e9 et des tribunaux avec participation internationale pour faire la v\u00e9rit\u00e9 sur ce conflit marqu\u00e9 par des accusations de nombreux crimes de guerre et crimes contre l\u2019humanit\u00e9. Le nouveau Pr\u00e9sident a promis de cr\u00e9er des instruments de justice transitionnelle mais s\u2019oppose \u00e0 une intervention internationale critiqu\u00e9e par les durs de la majorit\u00e9 sinhalaise.<\/p>\n<p>En C\u00f4te d\u2019Ivoire, la r\u00e9conciliation aussi promise apparait toujours lointaine. Le pr\u00e9sident r\u00e9cemment r\u00e9\u00e9lu Alassane Ouattara a annonc\u00e9 avoir accord\u00e9 des gr\u00e2ces \u00e0 3.100 d\u00e9tenus dans son traditionnel discours \u00e0 la nation \u00e0 la veille du Nouvel An.<\/p>\n<p>Cette mesure concerne essentiellement des prisonniers droit commun m\u00eame si une poign\u00e9e de personnes d\u00e9tenues dans la cadre de la crise post-\u00e9lectorale ivoirienne pourraient en b\u00e9n\u00e9ficier.\u00a0Pendant la campagne, l'opposition, qui a sans cesse r\u00e9clam\u00e9 la lib\u00e9ration des prisonniers politiques, a reproch\u00e9 \u00e0 Ouattara de ne pas avoir r\u00e9concili\u00e9 le pays et de mettre en oeuvre une \"justice des vainqueurs\", qui ne s'int\u00e9resse qu'aux auteurs d'exactions du camp de l'ancien pr\u00e9sident Laurent Gbagbo mais pas \u00e0 ceux de son propre camp. Laurent Gbagbo est \u00e9crou\u00e9 depuis fin 2011 \u00e0 La Haye, o\u00f9 il doit \u00eatre jug\u00e9 en janvier par la CPI pour des \"crimes contre l'humanit\u00e9\" pr\u00e9sum\u00e9s commis lors de la crise post\u00e9lectorale de 2010-2011.<\/p>\n<p>N\u00e9e de son refus de reconna\u00eetre la victoire d'Alassane Ouattara \u00e0 la pr\u00e9sidentielle de novembre 2010, la crise a fait plus de 3.000 morts en cinq mois de violences.<\/p>\n<p>Preuve enfin que la r\u00e9gion des Grands Lacs reste le chaudron de guerres oubli\u00e9es,<\/p>\n<p>dix-sept personnes dont une femme enceinte ont massacr\u00e9es \u00e0 Miriki, localit\u00e9 du Nord-Kivu (RDC), \u00e0 environ 110 km au nord de Goma, la capitale de cette province d\u00e9chir\u00e9e depuis plus de vingt ans par des conflits arm\u00e9s aliment\u00e9s par les pays voisins et les diff\u00e9rends ethniques et fonciers.<\/p>\n<p>L'attaque semblait avoir cibl\u00e9 les membres de l'ethnie Nande \u00e0 laquelle appartenaient les victimes. Le massacr\u00e9 est attribu\u00e9 aux rebelles hutus des Forces d\u00e9mocratiques de lib\u00e9ration du Rwanda (FDLR) l\u2019un des groupes responsables du g\u00e9nocide rwandais.<\/p>\n<p>\u00a0<\/p>\n<p>\u00a0<\/p>\n","protected":false},"excerpt":{"rendered":"<p>\u00a0En cette semaine encore calme pour la justice transitionnelle, l\u2019exemple vient du Guatemala. Le petit pays d\u2019Am\u00e9rique centrale d\u00e9chir\u00e9 par une sanglante guerre civile de pr\u00e8s de 40 ans (1960-1996) qui a fait des centaines de milliers de morts a arr\u00eat\u00e9 18 militaires de hauts rang \u00e0 la retraite, accus\u00e9s d'avoir particip\u00e9 \u00e0 des massacres [&hellip;]<\/p>\n","protected":false},"author":58,"featured_media":62676,"comment_status":"open","ping_status":"closed","sticky":false,"template":"","format":"standard","meta":{"_acf_changed":false,"footnotes":""},"categories":[575],"tags":[],"ji_location":[2252],"class_list":["post-25378","post","type-post","status-publish","format-standard","has-post-thumbnail","hentry","category-opinions","ji_location-guatemala"],"acf":[],"yoast_head":"<!-- This site is optimized with the Yoast SEO Premium plugin v25.3.1 (Yoast SEO v25.3.1) - https:\/\/yoast.com\/wordpress\/plugins\/seo\/ -->\n<title>Semaine de la justice transitionnelle : le Guatemala montre l&#039;exemple - JusticeInfo.net<\/title>\n<meta name=\"robots\" content=\"index, follow, max-snippet:-1, max-image-preview:large, max-video-preview:-1\" \/>\n<link rel=\"canonical\" href=\"https:\/\/www.justiceinfo.net\/fr\/25378-semaine-de-la-justice-transitionnelle-le-guatemala-montre-l-exemple.html\" \/>\n<meta property=\"og:locale\" content=\"fr_FR\" \/>\n<meta property=\"og:type\" content=\"article\" \/>\n<meta property=\"og:title\" content=\"Semaine de la justice transitionnelle : le Guatemala montre l&#039;exemple\" \/>\n<meta property=\"og:description\" content=\"\u00a0En cette semaine encore calme pour la justice transitionnelle, l\u2019exemple vient du Guatemala. Le petit pays d\u2019Am\u00e9rique centrale d\u00e9chir\u00e9 par une sanglante guerre civile de pr\u00e8s de 40 ans (1960-1996) qui a fait des centaines de milliers de morts a arr\u00eat\u00e9 18 militaires de hauts rang \u00e0 la retraite, accus\u00e9s d&#039;avoir particip\u00e9 \u00e0 des massacres [&hellip;]\" \/>\n<meta property=\"og:url\" content=\"https:\/\/www.justiceinfo.net\/fr\/25378-semaine-de-la-justice-transitionnelle-le-guatemala-montre-l-exemple.html\" \/>\n<meta property=\"og:site_name\" content=\"JusticeInfo.net\" \/>\n<meta property=\"article:publisher\" content=\"https:\/\/www.facebook.com\/JusticeInfo\/\" \/>\n<meta property=\"article:author\" content=\"https:\/\/www.facebook.com\/profile.php?id=100004809918727\" \/>\n<meta property=\"article:published_time\" content=\"2016-01-11T09:03:14+00:00\" \/>\n<meta property=\"og:image\" content=\"https:\/\/www.justiceinfo.net\/wp-content\/uploads\/3023b7e857223e6ca89efb20c33d85f3-scaled.jpg\" \/>\n\t<meta property=\"og:image:width\" content=\"2560\" \/>\n\t<meta property=\"og:image:height\" content=\"1704\" \/>\n\t<meta property=\"og:image:type\" content=\"image\/jpeg\" \/>\n<meta name=\"author\" content=\"Fran\u00e7ois Sergent\" \/>\n<meta name=\"twitter:card\" content=\"summary_large_image\" \/>\n<meta name=\"twitter:creator\" content=\"@FrancoisSergent\" \/>\n<meta name=\"twitter:site\" content=\"@justiceinfonet\" \/>\n<meta name=\"twitter:label1\" content=\"\u00c9crit par\" \/>\n\t<meta name=\"twitter:data1\" content=\"Fran\u00e7ois Sergent\" \/>\n\t<meta name=\"twitter:label2\" content=\"Dur\u00e9e de lecture estim\u00e9e\" \/>\n\t<meta name=\"twitter:data2\" content=\"3 minutes\" \/>\n<script type=\"application\/ld+json\" class=\"yoast-schema-graph\">{\"@context\":\"https:\/\/schema.org\",\"@graph\":[{\"@type\":\"NewsArticle\",\"@id\":\"https:\/\/www.justiceinfo.net\/fr\/25378-semaine-de-la-justice-transitionnelle-le-guatemala-montre-l-exemple.html#article\",\"isPartOf\":{\"@id\":\"https:\/\/www.justiceinfo.net\/fr\/25378-semaine-de-la-justice-transitionnelle-le-guatemala-montre-l-exemple.html\"},\"author\":{\"name\":\"fsergent\",\"@id\":\"https:\/\/www.justiceinfo.net\/fr#\/schema\/person\/724414fc3a7779fc189a73a27563e5e1\"},\"headline\":\"Semaine de la justice transitionnelle : le Guatemala montre l'exemple\",\"datePublished\":\"2016-01-11T09:03:14+00:00\",\"mainEntityOfPage\":{\"@id\":\"https:\/\/www.justiceinfo.net\/fr\/25378-semaine-de-la-justice-transitionnelle-le-guatemala-montre-l-exemple.html\"},\"wordCount\":653,\"commentCount\":0,\"publisher\":{\"@id\":\"https:\/\/www.justiceinfo.net\/fr#organization\"},\"image\":{\"@id\":\"https:\/\/www.justiceinfo.net\/fr\/25378-semaine-de-la-justice-transitionnelle-le-guatemala-montre-l-exemple.html#primaryimage\"},\"thumbnailUrl\":\"https:\/\/www.justiceinfo.net\/wp-content\/uploads\/3023b7e857223e6ca89efb20c33d85f3-scaled.jpg\",\"articleSection\":[\"Opinions\"],\"inLanguage\":\"fr-FR\",\"potentialAction\":[{\"@type\":\"CommentAction\",\"name\":\"Comment\",\"target\":[\"https:\/\/www.justiceinfo.net\/fr\/25378-semaine-de-la-justice-transitionnelle-le-guatemala-montre-l-exemple.html#respond\"]}]},{\"@type\":\"WebPage\",\"@id\":\"https:\/\/www.justiceinfo.net\/fr\/25378-semaine-de-la-justice-transitionnelle-le-guatemala-montre-l-exemple.html\",\"url\":\"https:\/\/www.justiceinfo.net\/fr\/25378-semaine-de-la-justice-transitionnelle-le-guatemala-montre-l-exemple.html\",\"name\":\"Semaine de la justice transitionnelle : le Guatemala montre l'exemple - JusticeInfo.net\",\"isPartOf\":{\"@id\":\"https:\/\/www.justiceinfo.net\/fr#website\"},\"primaryImageOfPage\":{\"@id\":\"https:\/\/www.justiceinfo.net\/fr\/25378-semaine-de-la-justice-transitionnelle-le-guatemala-montre-l-exemple.html#primaryimage\"},\"image\":{\"@id\":\"https:\/\/www.justiceinfo.net\/fr\/25378-semaine-de-la-justice-transitionnelle-le-guatemala-montre-l-exemple.html#primaryimage\"},\"thumbnailUrl\":\"https:\/\/www.justiceinfo.net\/wp-content\/uploads\/3023b7e857223e6ca89efb20c33d85f3-scaled.jpg\",\"datePublished\":\"2016-01-11T09:03:14+00:00\",\"breadcrumb\":{\"@id\":\"https:\/\/www.justiceinfo.net\/fr\/25378-semaine-de-la-justice-transitionnelle-le-guatemala-montre-l-exemple.html#breadcrumb\"},\"inLanguage\":\"fr-FR\",\"potentialAction\":[{\"@type\":\"ReadAction\",\"target\":[\"https:\/\/www.justiceinfo.net\/fr\/25378-semaine-de-la-justice-transitionnelle-le-guatemala-montre-l-exemple.html\"]}]},{\"@type\":\"ImageObject\",\"inLanguage\":\"fr-FR\",\"@id\":\"https:\/\/www.justiceinfo.net\/fr\/25378-semaine-de-la-justice-transitionnelle-le-guatemala-montre-l-exemple.html#primaryimage\",\"url\":\"https:\/\/www.justiceinfo.net\/wp-content\/uploads\/3023b7e857223e6ca89efb20c33d85f3-scaled.jpg\",\"contentUrl\":\"https:\/\/www.justiceinfo.net\/wp-content\/uploads\/3023b7e857223e6ca89efb20c33d85f3-scaled.jpg\",\"width\":2560,\"height\":1704},{\"@type\":\"BreadcrumbList\",\"@id\":\"https:\/\/www.justiceinfo.net\/fr\/25378-semaine-de-la-justice-transitionnelle-le-guatemala-montre-l-exemple.html#breadcrumb\",\"itemListElement\":[{\"@type\":\"ListItem\",\"position\":1,\"name\":\"Home\",\"item\":\"https:\/\/www.justiceinfo.net\/fr\"},{\"@type\":\"ListItem\",\"position\":2,\"name\":\"Semaine de la justice transitionnelle : le Guatemala montre l'exemple\"}]},{\"@type\":\"WebSite\",\"@id\":\"https:\/\/www.justiceinfo.net\/fr#website\",\"url\":\"https:\/\/www.justiceinfo.net\/fr\",\"name\":\"JusticeInfo.net\",\"description\":\"La justice doit \u00eatre vue pour \u00eatre rendue\",\"publisher\":{\"@id\":\"https:\/\/www.justiceinfo.net\/fr#organization\"},\"potentialAction\":[{\"@type\":\"SearchAction\",\"target\":{\"@type\":\"EntryPoint\",\"urlTemplate\":\"https:\/\/www.justiceinfo.net\/fr?s={search_term_string}\"},\"query-input\":{\"@type\":\"PropertyValueSpecification\",\"valueRequired\":true,\"valueName\":\"search_term_string\"}}],\"inLanguage\":\"fr-FR\"},{\"@type\":\"Organization\",\"@id\":\"https:\/\/www.justiceinfo.net\/fr#organization\",\"name\":\"Justice Info\",\"url\":\"https:\/\/www.justiceinfo.net\/fr\",\"logo\":{\"@type\":\"ImageObject\",\"inLanguage\":\"fr-FR\",\"@id\":\"https:\/\/www.justiceinfo.net\/fr#\/schema\/logo\/image\/\",\"url\":\"https:\/\/www.justiceinfo.net\/wp-content\/uploads\/justiceinfo_logo-trans_1200x1200px.png\",\"contentUrl\":\"https:\/\/www.justiceinfo.net\/wp-content\/uploads\/justiceinfo_logo-trans_1200x1200px.png\",\"width\":1199,\"height\":1200,\"caption\":\"Justice Info\"},\"image\":{\"@id\":\"https:\/\/www.justiceinfo.net\/fr#\/schema\/logo\/image\/\"},\"sameAs\":[\"https:\/\/www.facebook.com\/JusticeInfo\/\",\"https:\/\/x.com\/justiceinfonet\",\"https:\/\/www.linkedin.com\/company\/justice-info\",\"https:\/\/www.youtube.com\/channel\/UCyCEsARodyuWtkWyhn-e7pA\"]},{\"@type\":\"Person\",\"name\":\"Fran\u00e7ois Sergent\",\"sameAs\":[\"https:\/\/www.facebook.com\/profile.php?id=100004809918727\",\"https:\/\/x.com\/FrancoisSergent\"],\"url\":\"https:\/\/www.justiceinfo.net\/fr\/auteur\/fsergent\"}]}<\/script>\n<!-- \/ Yoast SEO Premium plugin. -->","yoast_head_json":{"title":"Semaine de la justice transitionnelle : le Guatemala montre l'exemple - JusticeInfo.net","robots":{"index":"index","follow":"follow","max-snippet":"max-snippet:-1","max-image-preview":"max-image-preview:large","max-video-preview":"max-video-preview:-1"},"canonical":"https:\/\/www.justiceinfo.net\/fr\/25378-semaine-de-la-justice-transitionnelle-le-guatemala-montre-l-exemple.html","og_locale":"fr_FR","og_type":"article","og_title":"Semaine de la justice transitionnelle : le Guatemala montre l'exemple","og_description":"\u00a0En cette semaine encore calme pour la justice transitionnelle, l\u2019exemple vient du Guatemala. Le petit pays d\u2019Am\u00e9rique centrale d\u00e9chir\u00e9 par une sanglante guerre civile de pr\u00e8s de 40 ans (1960-1996) qui a fait des centaines de milliers de morts a arr\u00eat\u00e9 18 militaires de hauts rang \u00e0 la retraite, accus\u00e9s d'avoir particip\u00e9 \u00e0 des massacres [&hellip;]","og_url":"https:\/\/www.justiceinfo.net\/fr\/25378-semaine-de-la-justice-transitionnelle-le-guatemala-montre-l-exemple.html","og_site_name":"JusticeInfo.net","article_publisher":"https:\/\/www.facebook.com\/JusticeInfo\/","article_author":"https:\/\/www.facebook.com\/profile.php?id=100004809918727","article_published_time":"2016-01-11T09:03:14+00:00","og_image":[{"width":2560,"height":1704,"url":"https:\/\/www.justiceinfo.net\/wp-content\/uploads\/3023b7e857223e6ca89efb20c33d85f3-scaled.jpg","type":"image\/jpeg"}],"author":"Fran\u00e7ois Sergent","twitter_card":"summary_large_image","twitter_creator":"@FrancoisSergent","twitter_site":"@justiceinfonet","twitter_misc":{"\u00c9crit par":"Fran\u00e7ois Sergent","Dur\u00e9e de lecture estim\u00e9e":"3 minutes"},"schema":{"@context":"https:\/\/schema.org","@graph":[{"@type":"NewsArticle","@id":"https:\/\/www.justiceinfo.net\/fr\/25378-semaine-de-la-justice-transitionnelle-le-guatemala-montre-l-exemple.html#article","isPartOf":{"@id":"https:\/\/www.justiceinfo.net\/fr\/25378-semaine-de-la-justice-transitionnelle-le-guatemala-montre-l-exemple.html"},"author":{"name":"fsergent","@id":"https:\/\/www.justiceinfo.net\/fr#\/schema\/person\/724414fc3a7779fc189a73a27563e5e1"},"headline":"Semaine de la justice transitionnelle : le Guatemala montre l'exemple","datePublished":"2016-01-11T09:03:14+00:00","mainEntityOfPage":{"@id":"https:\/\/www.justiceinfo.net\/fr\/25378-semaine-de-la-justice-transitionnelle-le-guatemala-montre-l-exemple.html"},"wordCount":653,"commentCount":0,"publisher":{"@id":"https:\/\/www.justiceinfo.net\/fr#organization"},"image":{"@id":"https:\/\/www.justiceinfo.net\/fr\/25378-semaine-de-la-justice-transitionnelle-le-guatemala-montre-l-exemple.html#primaryimage"},"thumbnailUrl":"https:\/\/www.justiceinfo.net\/wp-content\/uploads\/3023b7e857223e6ca89efb20c33d85f3-scaled.jpg","articleSection":["Opinions"],"inLanguage":"fr-FR","potentialAction":[{"@type":"CommentAction","name":"Comment","target":["https:\/\/www.justiceinfo.net\/fr\/25378-semaine-de-la-justice-transitionnelle-le-guatemala-montre-l-exemple.html#respond"]}]},{"@type":"WebPage","@id":"https:\/\/www.justiceinfo.net\/fr\/25378-semaine-de-la-justice-transitionnelle-le-guatemala-montre-l-exemple.html","url":"https:\/\/www.justiceinfo.net\/fr\/25378-semaine-de-la-justice-transitionnelle-le-guatemala-montre-l-exemple.html","name":"Semaine de la justice transitionnelle : le Guatemala montre l'exemple - JusticeInfo.net","isPartOf":{"@id":"https:\/\/www.justiceinfo.net\/fr#website"},"primaryImageOfPage":{"@id":"https:\/\/www.justiceinfo.net\/fr\/25378-semaine-de-la-justice-transitionnelle-le-guatemala-montre-l-exemple.html#primaryimage"},"image":{"@id":"https:\/\/www.justiceinfo.net\/fr\/25378-semaine-de-la-justice-transitionnelle-le-guatemala-montre-l-exemple.html#primaryimage"},"thumbnailUrl":"https:\/\/www.justiceinfo.net\/wp-content\/uploads\/3023b7e857223e6ca89efb20c33d85f3-scaled.jpg","datePublished":"2016-01-11T09:03:14+00:00","breadcrumb":{"@id":"https:\/\/www.justiceinfo.net\/fr\/25378-semaine-de-la-justice-transitionnelle-le-guatemala-montre-l-exemple.html#breadcrumb"},"inLanguage":"fr-FR","potentialAction":[{"@type":"ReadAction","target":["https:\/\/www.justiceinfo.net\/fr\/25378-semaine-de-la-justice-transitionnelle-le-guatemala-montre-l-exemple.html"]}]},{"@type":"ImageObject","inLanguage":"fr-FR","@id":"https:\/\/www.justiceinfo.net\/fr\/25378-semaine-de-la-justice-transitionnelle-le-guatemala-montre-l-exemple.html#primaryimage","url":"https:\/\/www.justiceinfo.net\/wp-content\/uploads\/3023b7e857223e6ca89efb20c33d85f3-scaled.jpg","contentUrl":"https:\/\/www.justiceinfo.net\/wp-content\/uploads\/3023b7e857223e6ca89efb20c33d85f3-scaled.jpg","width":2560,"height":1704},{"@type":"BreadcrumbList","@id":"https:\/\/www.justiceinfo.net\/fr\/25378-semaine-de-la-justice-transitionnelle-le-guatemala-montre-l-exemple.html#breadcrumb","itemListElement":[{"@type":"ListItem","position":1,"name":"Home","item":"https:\/\/www.justiceinfo.net\/fr"},{"@type":"ListItem","position":2,"name":"Semaine de la justice transitionnelle : le Guatemala montre l'exemple"}]},{"@type":"WebSite","@id":"https:\/\/www.justiceinfo.net\/fr#website","url":"https:\/\/www.justiceinfo.net\/fr","name":"JusticeInfo.net","description":"La justice doit \u00eatre vue pour \u00eatre rendue","publisher":{"@id":"https:\/\/www.justiceinfo.net\/fr#organization"},"potentialAction":[{"@type":"SearchAction","target":{"@type":"EntryPoint","urlTemplate":"https:\/\/www.justiceinfo.net\/fr?s={search_term_string}"},"query-input":{"@type":"PropertyValueSpecification","valueRequired":true,"valueName":"search_term_string"}}],"inLanguage":"fr-FR"},{"@type":"Organization","@id":"https:\/\/www.justiceinfo.net\/fr#organization","name":"Justice Info","url":"https:\/\/www.justiceinfo.net\/fr","logo":{"@type":"ImageObject","inLanguage":"fr-FR","@id":"https:\/\/www.justiceinfo.net\/fr#\/schema\/logo\/image\/","url":"https:\/\/www.justiceinfo.net\/wp-content\/uploads\/justiceinfo_logo-trans_1200x1200px.png","contentUrl":"https:\/\/www.justiceinfo.net\/wp-content\/uploads\/justiceinfo_logo-trans_1200x1200px.png","width":1199,"height":1200,"caption":"Justice Info"},"image":{"@id":"https:\/\/www.justiceinfo.net\/fr#\/schema\/logo\/image\/"},"sameAs":["https:\/\/www.facebook.com\/JusticeInfo\/","https:\/\/x.com\/justiceinfonet","https:\/\/www.linkedin.com\/company\/justice-info","https:\/\/www.youtube.com\/channel\/UCyCEsARodyuWtkWyhn-e7pA"]},{"@type":"Person","name":"Fran\u00e7ois Sergent","sameAs":["https:\/\/www.facebook.com\/profile.php?id=100004809918727","https:\/\/x.com\/FrancoisSergent"],"url":"https:\/\/www.justiceinfo.net\/fr\/auteur\/fsergent"}]}},"_links":{"self":[{"href":"https:\/\/www.justiceinfo.net\/fr\/wp-json\/wp\/v2\/posts\/25378","targetHints":{"allow":["GET"]}}],"collection":[{"href":"https:\/\/www.justiceinfo.net\/fr\/wp-json\/wp\/v2\/posts"}],"about":[{"href":"https:\/\/www.justiceinfo.net\/fr\/wp-json\/wp\/v2\/types\/post"}],"author":[{"embeddable":true,"href":"https:\/\/www.justiceinfo.net\/fr\/wp-json\/wp\/v2\/users\/58"}],"replies":[{"embeddable":true,"href":"https:\/\/www.justiceinfo.net\/fr\/wp-json\/wp\/v2\/comments?post=25378"}],"version-history":[{"count":0,"href":"https:\/\/www.justiceinfo.net\/fr\/wp-json\/wp\/v2\/posts\/25378\/revisions"}],"wp:featuredmedia":[{"embeddable":true,"href":"https:\/\/www.justiceinfo.net\/fr\/wp-json\/wp\/v2\/media\/62676"}],"wp:attachment":[{"href":"https:\/\/www.justiceinfo.net\/fr\/wp-json\/wp\/v2\/media?parent=25378"}],"wp:term":[{"taxonomy":"category","embeddable":true,"href":"https:\/\/www.justiceinfo.net\/fr\/wp-json\/wp\/v2\/categories?post=25378"},{"taxonomy":"post_tag","embeddable":true,"href":"https:\/\/www.justiceinfo.net\/fr\/wp-json\/wp\/v2\/tags?post=25378"},{"taxonomy":"ji_location","embeddable":true,"href":"https:\/\/www.justiceinfo.net\/fr\/wp-json\/wp\/v2\/ji_location?post=25378"}],"curies":[{"name":"wp","href":"https:\/\/api.w.org\/{rel}","templated":true}]}}