{"id":25410,"date":"2016-01-13T14:50:27","date_gmt":"2016-01-13T13:50:27","guid":{"rendered":"https:\/\/www.justiceinfo.net\/25410-tunisie-retour-sur-le-role-de-l-armee-en-janvier-2011.html"},"modified":"2016-01-13T14:50:27","modified_gmt":"2016-01-13T13:50:27","slug":"tunisie-retour-sur-le-role-de-l-armee-en-janvier-2011","status":"publish","type":"post","link":"https:\/\/www.justiceinfo.net\/fr\/25410-tunisie-retour-sur-le-role-de-l-armee-en-janvier-2011.html","title":{"rendered":"Tunisie : retour sur le r\u00f4le de l'arm\u00e9e en janvier 2011"},"content":{"rendered":"<p><strong>Cinq ans apr\u00e8s le 14 janvier 2011, beaucoup de questions soulev\u00e9es \u00e0 la suite du r\u00e8gne de nuits sanglantes les 15, 16 et 17 janvier n\u2019ont pas \u00e9t\u00e9 totalement r\u00e9solues. Ben Ali, le dictateur d\u00e9chu, \u00e9tait pourtant d\u00e9j\u00e0 parti en Arabie Saoudite. Etat des lieux, provisoire, d\u2019une situation de panique r\u00e9v\u00e9lant la part d\u2019inattendu que rec\u00e8lent les r\u00e9volutions.<\/strong><\/p>\n<p>Prise dans le tourbillon de l\u2019actualit\u00e9 politique br\u00fblante, saccad\u00e9e, trop dense, la soci\u00e9t\u00e9 civile tunisienne a peut-\u00eatre oubli\u00e9 de r\u00e9clamer le droit d\u2019acc\u00e8s \u00e0 des v\u00e9rit\u00e9s sur plusieurs intrigues de la r\u00e9volution repli\u00e9es dans un lourd silence officiel. Des v\u00e9rit\u00e9s que les longs proc\u00e8s des hauts cadres s\u00e9curitaires en fonction au minist\u00e8re de l\u2019Int\u00e9rieur, au moment du soul\u00e8vement populaire, n\u2019ont r\u00e9ussi qu\u2019a renvoyer aux calendes grecques.<\/p>\n<p>\u00a0<\/p>\n<h3><strong>L\u2019arm\u00e9e a tir\u00e9\u00a0: vrai ou faux\u00a0? Vrai\u00a0!<\/strong><\/h3>\n<p>Ce sont les chiffres qui l\u2019attestent\u00a0!<\/p>\n<p>Dans leur livre sur les \u00e9v\u00e8nements du 14 janvier intitul\u00e9 \u00ab\u00a0L\u2019Enqu\u00eate\u00a0\u00bb (Apollonia Editions, avril 2013), l\u2019\u00e9diteur-journaliste, Abdelaziz Belkhodja et Tarak Cheikh Rouhou, jeune informaticien f\u00e9ru de renseignement, ont poursuivi, une ann\u00e9e durant, le travail de la Commission nationale d\u2019investigation sur les abus enregistr\u00e9s au cours de la p\u00e9riode allant du 17 d\u00e9cembre 2010 au mois de f\u00e9vrier 2011. Leurs recherches d\u00e9montrent, que l\u2019arm\u00e9e a \u00e9t\u00e9 charg\u00e9e \u00e0 partir du 7 janvier 2011 jusqu'\u00e0 l\u2019installation du couvre feu, cinq jours plus tard, uniquement de la s\u00e9curisation des institutions de souverainet\u00e9 nationale. Une mission qui attire la sympathie et la bienveillance de la population dont la haine contre les forces de la police est all\u00e9e crescendo depuis le d\u00e9clenchement de la col\u00e8re populaire, \u00e0 la suite de l\u2019immolation par le feu du jeune vendeur ambulant Mohamed Bouazizi, le 17 d\u00e9cembre 2010.<\/p>\n<p>Or la situation change apr\u00e8s le 14 janvier et le d\u00e9part de l\u2019ex pr\u00e9sident en Arabie Saoudite. D\u00e8s lors, l\u2019arm\u00e9e n\u2019est plus pacifique\u00a0! Le 15 janvier, on compte, d\u2019apr\u00e8s l\u2019enqu\u00eate des deux auteurs, 34 morts par balles, dont 20 tu\u00e9s par l\u2019arm\u00e9e, 8 par la police et 6 par des inconnus. Le lendemain, toujours selon l\u2019enqu\u00eate des deux auteurs, sur les 18 personnes d\u00e9c\u00e9d\u00e9es, 10 ont \u00e9t\u00e9 abattues par l\u2019arm\u00e9e. Le 17, le bilan est aussi lourd\u00a0: 8 morts dont 6 d\u00fbs \u00e0 la responsabilit\u00e9 de l\u2019arm\u00e9e\u2026<\/p>\n<p>Les soldats ont tir\u00e9 lors du couvre-feu. Avec une arme de destruction massive, une arme de guerre, les Styer\u00a0: \u00ab\u00a0Et m\u00eame si parfois, les soldats ont vis\u00e9 les jambes, les balles des Styer tuent en ricochant\u00a0\u00bb, soutient Tarak Cheikh Rouhou. Certains officiers inexp\u00e9riment\u00e9s, des \u00e9l\u00e8ves de l\u2019Acad\u00e9mie militaire appel\u00e9s en renfort pendant l\u2019\u00e9tat d\u2019urgence ont eux tir\u00e9 \u00e0 coups de rafales enti\u00e8res, trop vite. Par peur probablement...<\/p>\n<p>Dans le livre du journaliste Pierre Puchot, \u00ab\u00a0La r\u00e9volution confisqu\u00e9e\u00a0\u00bb ( Actes Sud, Avril 2012), Hela Ammar, juriste et membre de la Commission d\u2019investigation sur les abus\u2026t\u00e9moigne\u00a0: \u00ab\u2026Il est clair que les soldats, peu habitu\u00e9s \u00e0 faire respecter l\u2019ordre public, ont commis de nombreuses erreurs tragiques pendant la p\u00e9riode de couvre-feu\u2026Mais personne ne souhaite cependant communiquer sur ces \u00e9v\u00e8nements de peur, nous r\u00e9pond-on au sein de l\u2019arm\u00e9e comme au minist\u00e8re de l\u2019Int\u00e9rieur, que la fureur de la population fasse basculer le pays dans le chaos\u00a0\u00bb.<\/p>\n<p>Le mythe de l\u2019arm\u00e9e r\u00e9publicaine a pendant la r\u00e9volution form\u00e9 un liant tr\u00e8s fort pour la population. L\u2019\u00e9br\u00e9cher revient surtout \u00e0 \u00e9branler un \u00e9quilibre si fragile en ces temps tumultueux de \u00ab\u00a0d\u00e9flagration tunisienne\u00a0\u00bb, selon l\u2019expression de l\u2019historienne Kmar Bendana.<\/p>\n<h3><strong>\u00ab\u00a0Les snipers\u00a0? \u00bb. Plut\u00f4t faux\u00a0!<\/strong><\/h3>\n<p>Cette demi-r\u00e9ponse formul\u00e9e par Beji Caid Essebssi, l\u2019actuel pr\u00e9sident de la R\u00e9publique, alors qu\u2019il \u00e9tait encore premier ministre de la premi\u00e8re p\u00e9riode transitoire en 2011, ressemble \u00e0 une mani\u00e8re de clore une fois pour toute la pol\u00e9mique autour d\u2019une des zones d\u2019ombre de la r\u00e9volution. La d\u00e9claration a \u00e9t\u00e9 accueillie \u00e0 l\u2019\u00e9poque avec scepticisme, notamment de la part des m\u00e9dias. Beaucoup d\u2019encre avait d\u00e9j\u00e0 coul\u00e9 sur ce corps d\u2019\u00e9lite professionnel du tir cibl\u00e9, des unit\u00e9s tr\u00e8s sp\u00e9ciales, qui existent r\u00e9ellement au sein de l\u2019arm\u00e9e, de la Brigade anti terroriste (BAT), de la Garde pr\u00e9sidentielle et de la Garde nationale.<\/p>\n<p>Les hypoth\u00e8ses les plus fantaisistes ont circul\u00e9s sur ces tireurs d\u2019exception, dont le nombre est en r\u00e9alit\u00e9 tr\u00e8s r\u00e9duit, qui auraient \u00e9t\u00e9 envoy\u00e9s par les autorit\u00e9s pour mater le soul\u00e8vement populaire. A Kasserine, des t\u00e9moins ont assur\u00e9 avoir vu une femme\u00a0sniper aussi belle qu\u2019une sir\u00e8ne, parcourant les toits de la ville. D\u2018autres ont indiqu\u00e9 avoir entendu les snipers parler h\u00e9breu. Un des membres de la Commission charg\u00e9e d\u2019investiguer sur les d\u00e9passements et les violations, qui a auditionn\u00e9 des centaines de bless\u00e9s, assure avoir recueilli trop peu de t\u00e9moignages cr\u00e9dibles sur ce sujet.<\/p>\n<p>Paradoxalement, c\u2019est la psychose nomm\u00e9e snipers ajout\u00e9e \u00e0 un manque flagrant de coordination entre les diverses forces de s\u00e9curit\u00e9 qui a beaucoup plus tu\u00e9, que les tireurs d\u2019\u00e9lite eux-m\u00eames. Plusieurs batailles rang\u00e9es entre militaires et unit\u00e9s d\u2019interventions ont \u00e9clat\u00e9 sur les toits des b\u00e2timents de la ville de Tunis, chacun croyant que l\u2019autre fait partie de ces soldats de la terreur.<\/p>\n<p>Psychologue et commissaire de police sup\u00e9rieur, Yousri Daly, \u00e9tait charg\u00e9 jusqu\u2019au 14 janvier 2011 du recrutement et de la formation continue des officiers, des agents et des\u2026snipers de la garde pr\u00e9sidentielle. Il avance une hypoth\u00e8se et distingue entre trois p\u00e9riodes\u00a0: \u00ab\u00a0Les 7 et 8 janvier 2011, les sp\u00e9cialistes du tir cibl\u00e9 appartenant aux forces de l\u2019ordre ont tir\u00e9 avec des fusils 7, 62, connus pour \u00eatre utilis\u00e9s par les snipers, \u00e0 partir du toit de leurs postes soit pour terroriser les manifestants, ou pour d\u00e9fendre leurs territoires. A Tala et \u00e0 Kasserine, ils ont \u00e9t\u00e9 confondus avec des snipers. Autour du 14 janvier, des t\u00e9moins ont vu des hommes, munis de fusils de sniping, arborant des tenues civiles. Ces effectifs \u00e9ject\u00e9s de l\u2019arm\u00e9e ou des forces de la s\u00e9curit\u00e9 int\u00e9rieure, pour un motif ou un autre seraient \u00e0 notre avis des milices, constitu\u00e9es dans la h\u00e2te pour porter secours au r\u00e9gime agonisant de Ben Ali. Apr\u00e8s le 14 janvier, il me semble que plusieurs bavures ont \u00e9t\u00e9 commises\u00a0au niveau de l\u2019arm\u00e9e. Pour ceux qui ont manipul\u00e9 l\u2019opinion publique en ces jours suivant le d\u00e9part de l\u2019ex pr\u00e9sident, semant la panique dans les rangs de la population, les snipers ont repr\u00e9sent\u00e9 une diversion qui tombe \u00e0 pic \u00bb.<\/p>\n<h3><strong>Les hommes de la garde pr\u00e9sidentielle ont-ils complot\u00e9 en faveur du retour de Ben Ali\u00a0? Faux\u00a0!<\/strong><\/h3>\n<p>D\u00e8s le soir du 14 janvier, des communiqu\u00e9s officiels provenant du minist\u00e8re de la D\u00e9fense accusent la garde pr\u00e9sidentielle, form\u00e9e de 2\u00a0500 hommes, et particuli\u00e8rement son directeur, le puissant g\u00e9n\u00e9ral Ali Seriati, pr\u00e9tendu en fuite vers le sud du pays, de chercher \u00e0 terroriser la population.<\/p>\n<p>En r\u00e9alit\u00e9, Ali Seriati a \u00e9t\u00e9 arr\u00eat\u00e9, sur les ordres de Ridha Grira, ministre de la D\u00e9fense nationale \u00e0 18h 17 le soir du 14 janvier, au salon d\u2019honneur de l\u2019a\u00e9roport officiel de l\u2019Aouina. Il venait de raccompagner Ben Ali et sa famille vers leur avion en partance pour l\u2019Arabie Saoudite et attendait tranquillement, selon les instructions son patron, Ghazoua Ben Ali, la fille de l\u2019ex pr\u00e9sident et son mari Slim Zarrouk dont il devait assurer le d\u00e9part vers l\u2019ile de Djerba. Le chaos annonc\u00e9 et av\u00e9r\u00e9 les nuits suivant la fuite de Ben Ali cherchait-il \u00e0 faire regretter aux Tunisiens leur soul\u00e8vement contre le r\u00e9gime et pousser au retour de l\u2019ex chef d\u2019Etat en sauveur de la patrie perdue\u00a0? Etait-il motiv\u00e9 par la convoitise du pouvoir de la part de hauts responsables s\u00e9curitaires\u00a0?<\/p>\n<p>Kmar Bendana tente d\u2019expliquer cette situation o\u00f9 l\u2019Histoire\u00a0s\u2019acc\u00e9l\u00e8re\u00a0: \u00ab\u00a0Il y a eu, \u00e0 mon avis, plusieurs pr\u00e9tendants au coup d\u2019Etat, y compris de la part de personnes que Ben Ali a appel\u00e9 \u00e0 la rescousse avant le 14 janvier- la situation du vide annonc\u00e9 du pouvoir s\u2019y pr\u00eatait-. Ces sc\u00e9narios se sont crois\u00e9s sur fond de crise sociale, mais ils se sont au final t\u00e9lescop\u00e9s et annihil\u00e9s les uns les autres.<\/p>\n<p>Elle ajoute\u00a0: \u00ab\u00a0 Il faudra beaucoup de temps pour rendre compte de la complexit\u00e9 de l\u2019\u00e9v\u00e9nement et tirer au clair les diff\u00e9rentes logiques ayant marqu\u00e9 ces journ\u00e9e du mois de janvier 2011 o\u00f9 le d\u00e9sordre a r\u00e9gn\u00e9, un \u00e9l\u00e9ment qui caract\u00e9rise d\u2019ailleurs les r\u00e9volutions \u00bb. En principe, la v\u00e9rit\u00e9 sur ces \u00e9v\u00e9nements et sur la chaine de responsabilit\u00e9s concernant l'ordre de tirer sur les manifestants pacifistes pendant cette p\u00e9riode devrait \u00eatre pr\u00e9sent\u00e9e par l'Instance V\u00e9rit\u00e9 et Dignit\u00e9 dans son rapport final, ce qui devrait \u00e9clairer une partie de l'histoire encore obscure de la Tunisie.<\/p>\n","protected":false},"excerpt":{"rendered":"<p>Cinq ans apr\u00e8s le 14 janvier 2011, beaucoup de questions soulev\u00e9es \u00e0 la suite du r\u00e8gne de nuits sanglantes les 15, 16 et 17 janvier n\u2019ont pas \u00e9t\u00e9 totalement r\u00e9solues. Ben Ali, le dictateur d\u00e9chu, \u00e9tait pourtant d\u00e9j\u00e0 parti en Arabie Saoudite. Etat des lieux, provisoire, d\u2019une situation de panique r\u00e9v\u00e9lant la part d\u2019inattendu que [&hellip;]<\/p>\n","protected":false},"author":64,"featured_media":67461,"comment_status":"open","ping_status":"closed","sticky":false,"template":"","format":"standard","meta":{"_acf_changed":false,"footnotes":""},"categories":[548],"tags":[],"ji_location":[2520],"class_list":["post-25410","post","type-post","status-publish","format-standard","has-post-thumbnail","hentry","category-commissions-verite","ji_location-tunisie"],"acf":[],"yoast_head":"<!-- This site is optimized with the Yoast SEO Premium plugin v25.3.1 (Yoast SEO v25.3.1) - https:\/\/yoast.com\/wordpress\/plugins\/seo\/ -->\n<title>Tunisie : retour sur le r\u00f4le de l&#039;arm\u00e9e en janvier 2011 - JusticeInfo.net<\/title>\n<meta name=\"robots\" content=\"index, follow, max-snippet:-1, max-image-preview:large, max-video-preview:-1\" \/>\n<link rel=\"canonical\" href=\"https:\/\/www.justiceinfo.net\/fr\/25410-tunisie-retour-sur-le-role-de-l-armee-en-janvier-2011.html\" \/>\n<meta property=\"og:locale\" content=\"fr_FR\" \/>\n<meta property=\"og:type\" content=\"article\" \/>\n<meta property=\"og:title\" content=\"Tunisie : retour sur le r\u00f4le de l&#039;arm\u00e9e en janvier 2011\" \/>\n<meta property=\"og:description\" content=\"Cinq ans apr\u00e8s le 14 janvier 2011, beaucoup de questions soulev\u00e9es \u00e0 la suite du r\u00e8gne de nuits sanglantes les 15, 16 et 17 janvier n\u2019ont pas \u00e9t\u00e9 totalement r\u00e9solues. Ben Ali, le dictateur d\u00e9chu, \u00e9tait pourtant d\u00e9j\u00e0 parti en Arabie Saoudite. Etat des lieux, provisoire, d\u2019une situation de panique r\u00e9v\u00e9lant la part d\u2019inattendu que [&hellip;]\" \/>\n<meta property=\"og:url\" content=\"https:\/\/www.justiceinfo.net\/fr\/25410-tunisie-retour-sur-le-role-de-l-armee-en-janvier-2011.html\" \/>\n<meta property=\"og:site_name\" content=\"JusticeInfo.net\" \/>\n<meta property=\"article:publisher\" content=\"https:\/\/www.facebook.com\/JusticeInfo\/\" \/>\n<meta property=\"article:published_time\" content=\"2016-01-13T13:50:27+00:00\" \/>\n<meta property=\"og:image\" content=\"https:\/\/www.justiceinfo.net\/wp-content\/uploads\/61da970a6c06d067c7f103d069c85f16-scaled.jpg\" \/>\n\t<meta property=\"og:image:width\" content=\"2560\" \/>\n\t<meta property=\"og:image:height\" content=\"1204\" \/>\n\t<meta property=\"og:image:type\" content=\"image\/jpeg\" \/>\n<meta name=\"author\" content=\"Olfa Belhassine\" \/>\n<meta name=\"twitter:card\" content=\"summary_large_image\" \/>\n<meta name=\"twitter:creator\" content=\"@justiceinfonet\" \/>\n<meta name=\"twitter:site\" content=\"@justiceinfonet\" \/>\n<meta name=\"twitter:label1\" content=\"\u00c9crit par\" \/>\n\t<meta name=\"twitter:data1\" content=\"Olfa Belhassine\" \/>\n\t<meta name=\"twitter:label2\" content=\"Dur\u00e9e de lecture estim\u00e9e\" \/>\n\t<meta name=\"twitter:data2\" content=\"8 minutes\" \/>\n<script type=\"application\/ld+json\" class=\"yoast-schema-graph\">{\"@context\":\"https:\/\/schema.org\",\"@graph\":[{\"@type\":\"NewsArticle\",\"@id\":\"https:\/\/www.justiceinfo.net\/fr\/25410-tunisie-retour-sur-le-role-de-l-armee-en-janvier-2011.html#article\",\"isPartOf\":{\"@id\":\"https:\/\/www.justiceinfo.net\/fr\/25410-tunisie-retour-sur-le-role-de-l-armee-en-janvier-2011.html\"},\"author\":{\"name\":\"solivri\",\"@id\":\"https:\/\/www.justiceinfo.net\/fr#\/schema\/person\/6e53cba1629e2e66f3fc1821d3091865\"},\"headline\":\"Tunisie : retour sur le r\u00f4le de l'arm\u00e9e en janvier 2011\",\"datePublished\":\"2016-01-13T13:50:27+00:00\",\"mainEntityOfPage\":{\"@id\":\"https:\/\/www.justiceinfo.net\/fr\/25410-tunisie-retour-sur-le-role-de-l-armee-en-janvier-2011.html\"},\"wordCount\":1597,\"commentCount\":0,\"publisher\":{\"@id\":\"https:\/\/www.justiceinfo.net\/fr#organization\"},\"image\":{\"@id\":\"https:\/\/www.justiceinfo.net\/fr\/25410-tunisie-retour-sur-le-role-de-l-armee-en-janvier-2011.html#primaryimage\"},\"thumbnailUrl\":\"https:\/\/www.justiceinfo.net\/wp-content\/uploads\/61da970a6c06d067c7f103d069c85f16-scaled.jpg\",\"articleSection\":[\"Commissions v\u00e9rit\u00e9\"],\"inLanguage\":\"fr-FR\",\"potentialAction\":[{\"@type\":\"CommentAction\",\"name\":\"Comment\",\"target\":[\"https:\/\/www.justiceinfo.net\/fr\/25410-tunisie-retour-sur-le-role-de-l-armee-en-janvier-2011.html#respond\"]}]},{\"@type\":\"WebPage\",\"@id\":\"https:\/\/www.justiceinfo.net\/fr\/25410-tunisie-retour-sur-le-role-de-l-armee-en-janvier-2011.html\",\"url\":\"https:\/\/www.justiceinfo.net\/fr\/25410-tunisie-retour-sur-le-role-de-l-armee-en-janvier-2011.html\",\"name\":\"Tunisie : retour sur le r\u00f4le de l'arm\u00e9e en janvier 2011 - JusticeInfo.net\",\"isPartOf\":{\"@id\":\"https:\/\/www.justiceinfo.net\/fr#website\"},\"primaryImageOfPage\":{\"@id\":\"https:\/\/www.justiceinfo.net\/fr\/25410-tunisie-retour-sur-le-role-de-l-armee-en-janvier-2011.html#primaryimage\"},\"image\":{\"@id\":\"https:\/\/www.justiceinfo.net\/fr\/25410-tunisie-retour-sur-le-role-de-l-armee-en-janvier-2011.html#primaryimage\"},\"thumbnailUrl\":\"https:\/\/www.justiceinfo.net\/wp-content\/uploads\/61da970a6c06d067c7f103d069c85f16-scaled.jpg\",\"datePublished\":\"2016-01-13T13:50:27+00:00\",\"breadcrumb\":{\"@id\":\"https:\/\/www.justiceinfo.net\/fr\/25410-tunisie-retour-sur-le-role-de-l-armee-en-janvier-2011.html#breadcrumb\"},\"inLanguage\":\"fr-FR\",\"potentialAction\":[{\"@type\":\"ReadAction\",\"target\":[\"https:\/\/www.justiceinfo.net\/fr\/25410-tunisie-retour-sur-le-role-de-l-armee-en-janvier-2011.html\"]}]},{\"@type\":\"ImageObject\",\"inLanguage\":\"fr-FR\",\"@id\":\"https:\/\/www.justiceinfo.net\/fr\/25410-tunisie-retour-sur-le-role-de-l-armee-en-janvier-2011.html#primaryimage\",\"url\":\"https:\/\/www.justiceinfo.net\/wp-content\/uploads\/61da970a6c06d067c7f103d069c85f16-scaled.jpg\",\"contentUrl\":\"https:\/\/www.justiceinfo.net\/wp-content\/uploads\/61da970a6c06d067c7f103d069c85f16-scaled.jpg\",\"width\":2560,\"height\":1204},{\"@type\":\"BreadcrumbList\",\"@id\":\"https:\/\/www.justiceinfo.net\/fr\/25410-tunisie-retour-sur-le-role-de-l-armee-en-janvier-2011.html#breadcrumb\",\"itemListElement\":[{\"@type\":\"ListItem\",\"position\":1,\"name\":\"Home\",\"item\":\"https:\/\/www.justiceinfo.net\/fr\"},{\"@type\":\"ListItem\",\"position\":2,\"name\":\"Tunisie : retour sur le r\u00f4le de l'arm\u00e9e en janvier 2011\"}]},{\"@type\":\"WebSite\",\"@id\":\"https:\/\/www.justiceinfo.net\/fr#website\",\"url\":\"https:\/\/www.justiceinfo.net\/fr\",\"name\":\"JusticeInfo.net\",\"description\":\"La justice doit \u00eatre vue pour \u00eatre rendue\",\"publisher\":{\"@id\":\"https:\/\/www.justiceinfo.net\/fr#organization\"},\"potentialAction\":[{\"@type\":\"SearchAction\",\"target\":{\"@type\":\"EntryPoint\",\"urlTemplate\":\"https:\/\/www.justiceinfo.net\/fr?s={search_term_string}\"},\"query-input\":{\"@type\":\"PropertyValueSpecification\",\"valueRequired\":true,\"valueName\":\"search_term_string\"}}],\"inLanguage\":\"fr-FR\"},{\"@type\":\"Organization\",\"@id\":\"https:\/\/www.justiceinfo.net\/fr#organization\",\"name\":\"Justice Info\",\"url\":\"https:\/\/www.justiceinfo.net\/fr\",\"logo\":{\"@type\":\"ImageObject\",\"inLanguage\":\"fr-FR\",\"@id\":\"https:\/\/www.justiceinfo.net\/fr#\/schema\/logo\/image\/\",\"url\":\"https:\/\/www.justiceinfo.net\/wp-content\/uploads\/justiceinfo_logo-trans_1200x1200px.png\",\"contentUrl\":\"https:\/\/www.justiceinfo.net\/wp-content\/uploads\/justiceinfo_logo-trans_1200x1200px.png\",\"width\":1199,\"height\":1200,\"caption\":\"Justice Info\"},\"image\":{\"@id\":\"https:\/\/www.justiceinfo.net\/fr#\/schema\/logo\/image\/\"},\"sameAs\":[\"https:\/\/www.facebook.com\/JusticeInfo\/\",\"https:\/\/x.com\/justiceinfonet\",\"https:\/\/www.linkedin.com\/company\/justice-info\",\"https:\/\/www.youtube.com\/channel\/UCyCEsARodyuWtkWyhn-e7pA\"]},{\"@type\":\"Person\",\"name\":\"Olfa Belhassine\",\"url\":\"\/fr\/?s=Olfa Belhassine\"}]}<\/script>\n<!-- \/ Yoast SEO Premium plugin. -->","yoast_head_json":{"title":"Tunisie : retour sur le r\u00f4le de l'arm\u00e9e en janvier 2011 - JusticeInfo.net","robots":{"index":"index","follow":"follow","max-snippet":"max-snippet:-1","max-image-preview":"max-image-preview:large","max-video-preview":"max-video-preview:-1"},"canonical":"https:\/\/www.justiceinfo.net\/fr\/25410-tunisie-retour-sur-le-role-de-l-armee-en-janvier-2011.html","og_locale":"fr_FR","og_type":"article","og_title":"Tunisie : retour sur le r\u00f4le de l'arm\u00e9e en janvier 2011","og_description":"Cinq ans apr\u00e8s le 14 janvier 2011, beaucoup de questions soulev\u00e9es \u00e0 la suite du r\u00e8gne de nuits sanglantes les 15, 16 et 17 janvier n\u2019ont pas \u00e9t\u00e9 totalement r\u00e9solues. Ben Ali, le dictateur d\u00e9chu, \u00e9tait pourtant d\u00e9j\u00e0 parti en Arabie Saoudite. Etat des lieux, provisoire, d\u2019une situation de panique r\u00e9v\u00e9lant la part d\u2019inattendu que [&hellip;]","og_url":"https:\/\/www.justiceinfo.net\/fr\/25410-tunisie-retour-sur-le-role-de-l-armee-en-janvier-2011.html","og_site_name":"JusticeInfo.net","article_publisher":"https:\/\/www.facebook.com\/JusticeInfo\/","article_published_time":"2016-01-13T13:50:27+00:00","og_image":[{"width":2560,"height":1204,"url":"https:\/\/www.justiceinfo.net\/wp-content\/uploads\/61da970a6c06d067c7f103d069c85f16-scaled.jpg","type":"image\/jpeg"}],"author":"Olfa Belhassine","twitter_card":"summary_large_image","twitter_creator":"@justiceinfonet","twitter_site":"@justiceinfonet","twitter_misc":{"\u00c9crit par":"Olfa Belhassine","Dur\u00e9e de lecture estim\u00e9e":"8 minutes"},"schema":{"@context":"https:\/\/schema.org","@graph":[{"@type":"NewsArticle","@id":"https:\/\/www.justiceinfo.net\/fr\/25410-tunisie-retour-sur-le-role-de-l-armee-en-janvier-2011.html#article","isPartOf":{"@id":"https:\/\/www.justiceinfo.net\/fr\/25410-tunisie-retour-sur-le-role-de-l-armee-en-janvier-2011.html"},"author":{"name":"solivri","@id":"https:\/\/www.justiceinfo.net\/fr#\/schema\/person\/6e53cba1629e2e66f3fc1821d3091865"},"headline":"Tunisie : retour sur le r\u00f4le de l'arm\u00e9e en janvier 2011","datePublished":"2016-01-13T13:50:27+00:00","mainEntityOfPage":{"@id":"https:\/\/www.justiceinfo.net\/fr\/25410-tunisie-retour-sur-le-role-de-l-armee-en-janvier-2011.html"},"wordCount":1597,"commentCount":0,"publisher":{"@id":"https:\/\/www.justiceinfo.net\/fr#organization"},"image":{"@id":"https:\/\/www.justiceinfo.net\/fr\/25410-tunisie-retour-sur-le-role-de-l-armee-en-janvier-2011.html#primaryimage"},"thumbnailUrl":"https:\/\/www.justiceinfo.net\/wp-content\/uploads\/61da970a6c06d067c7f103d069c85f16-scaled.jpg","articleSection":["Commissions v\u00e9rit\u00e9"],"inLanguage":"fr-FR","potentialAction":[{"@type":"CommentAction","name":"Comment","target":["https:\/\/www.justiceinfo.net\/fr\/25410-tunisie-retour-sur-le-role-de-l-armee-en-janvier-2011.html#respond"]}]},{"@type":"WebPage","@id":"https:\/\/www.justiceinfo.net\/fr\/25410-tunisie-retour-sur-le-role-de-l-armee-en-janvier-2011.html","url":"https:\/\/www.justiceinfo.net\/fr\/25410-tunisie-retour-sur-le-role-de-l-armee-en-janvier-2011.html","name":"Tunisie : retour sur le r\u00f4le de l'arm\u00e9e en janvier 2011 - JusticeInfo.net","isPartOf":{"@id":"https:\/\/www.justiceinfo.net\/fr#website"},"primaryImageOfPage":{"@id":"https:\/\/www.justiceinfo.net\/fr\/25410-tunisie-retour-sur-le-role-de-l-armee-en-janvier-2011.html#primaryimage"},"image":{"@id":"https:\/\/www.justiceinfo.net\/fr\/25410-tunisie-retour-sur-le-role-de-l-armee-en-janvier-2011.html#primaryimage"},"thumbnailUrl":"https:\/\/www.justiceinfo.net\/wp-content\/uploads\/61da970a6c06d067c7f103d069c85f16-scaled.jpg","datePublished":"2016-01-13T13:50:27+00:00","breadcrumb":{"@id":"https:\/\/www.justiceinfo.net\/fr\/25410-tunisie-retour-sur-le-role-de-l-armee-en-janvier-2011.html#breadcrumb"},"inLanguage":"fr-FR","potentialAction":[{"@type":"ReadAction","target":["https:\/\/www.justiceinfo.net\/fr\/25410-tunisie-retour-sur-le-role-de-l-armee-en-janvier-2011.html"]}]},{"@type":"ImageObject","inLanguage":"fr-FR","@id":"https:\/\/www.justiceinfo.net\/fr\/25410-tunisie-retour-sur-le-role-de-l-armee-en-janvier-2011.html#primaryimage","url":"https:\/\/www.justiceinfo.net\/wp-content\/uploads\/61da970a6c06d067c7f103d069c85f16-scaled.jpg","contentUrl":"https:\/\/www.justiceinfo.net\/wp-content\/uploads\/61da970a6c06d067c7f103d069c85f16-scaled.jpg","width":2560,"height":1204},{"@type":"BreadcrumbList","@id":"https:\/\/www.justiceinfo.net\/fr\/25410-tunisie-retour-sur-le-role-de-l-armee-en-janvier-2011.html#breadcrumb","itemListElement":[{"@type":"ListItem","position":1,"name":"Home","item":"https:\/\/www.justiceinfo.net\/fr"},{"@type":"ListItem","position":2,"name":"Tunisie : retour sur le r\u00f4le de l'arm\u00e9e en janvier 2011"}]},{"@type":"WebSite","@id":"https:\/\/www.justiceinfo.net\/fr#website","url":"https:\/\/www.justiceinfo.net\/fr","name":"JusticeInfo.net","description":"La justice doit \u00eatre vue pour \u00eatre rendue","publisher":{"@id":"https:\/\/www.justiceinfo.net\/fr#organization"},"potentialAction":[{"@type":"SearchAction","target":{"@type":"EntryPoint","urlTemplate":"https:\/\/www.justiceinfo.net\/fr?s={search_term_string}"},"query-input":{"@type":"PropertyValueSpecification","valueRequired":true,"valueName":"search_term_string"}}],"inLanguage":"fr-FR"},{"@type":"Organization","@id":"https:\/\/www.justiceinfo.net\/fr#organization","name":"Justice Info","url":"https:\/\/www.justiceinfo.net\/fr","logo":{"@type":"ImageObject","inLanguage":"fr-FR","@id":"https:\/\/www.justiceinfo.net\/fr#\/schema\/logo\/image\/","url":"https:\/\/www.justiceinfo.net\/wp-content\/uploads\/justiceinfo_logo-trans_1200x1200px.png","contentUrl":"https:\/\/www.justiceinfo.net\/wp-content\/uploads\/justiceinfo_logo-trans_1200x1200px.png","width":1199,"height":1200,"caption":"Justice Info"},"image":{"@id":"https:\/\/www.justiceinfo.net\/fr#\/schema\/logo\/image\/"},"sameAs":["https:\/\/www.facebook.com\/JusticeInfo\/","https:\/\/x.com\/justiceinfonet","https:\/\/www.linkedin.com\/company\/justice-info","https:\/\/www.youtube.com\/channel\/UCyCEsARodyuWtkWyhn-e7pA"]},{"@type":"Person","name":"Olfa Belhassine","url":"\/fr\/?s=Olfa Belhassine"}]}},"_links":{"self":[{"href":"https:\/\/www.justiceinfo.net\/fr\/wp-json\/wp\/v2\/posts\/25410","targetHints":{"allow":["GET"]}}],"collection":[{"href":"https:\/\/www.justiceinfo.net\/fr\/wp-json\/wp\/v2\/posts"}],"about":[{"href":"https:\/\/www.justiceinfo.net\/fr\/wp-json\/wp\/v2\/types\/post"}],"author":[{"embeddable":true,"href":"https:\/\/www.justiceinfo.net\/fr\/wp-json\/wp\/v2\/users\/64"}],"replies":[{"embeddable":true,"href":"https:\/\/www.justiceinfo.net\/fr\/wp-json\/wp\/v2\/comments?post=25410"}],"version-history":[{"count":0,"href":"https:\/\/www.justiceinfo.net\/fr\/wp-json\/wp\/v2\/posts\/25410\/revisions"}],"wp:featuredmedia":[{"embeddable":true,"href":"https:\/\/www.justiceinfo.net\/fr\/wp-json\/wp\/v2\/media\/67461"}],"wp:attachment":[{"href":"https:\/\/www.justiceinfo.net\/fr\/wp-json\/wp\/v2\/media?parent=25410"}],"wp:term":[{"taxonomy":"category","embeddable":true,"href":"https:\/\/www.justiceinfo.net\/fr\/wp-json\/wp\/v2\/categories?post=25410"},{"taxonomy":"post_tag","embeddable":true,"href":"https:\/\/www.justiceinfo.net\/fr\/wp-json\/wp\/v2\/tags?post=25410"},{"taxonomy":"ji_location","embeddable":true,"href":"https:\/\/www.justiceinfo.net\/fr\/wp-json\/wp\/v2\/ji_location?post=25410"}],"curies":[{"name":"wp","href":"https:\/\/api.w.org\/{rel}","templated":true}]}}