{"id":25597,"date":"2016-01-26T10:42:14","date_gmt":"2016-01-26T09:42:14","guid":{"rendered":"https:\/\/www.justiceinfo.net\/25597-cote-d-ivoire-de-la-crise-sanglante-au-proces-gbagbo.html"},"modified":"2016-01-26T10:42:14","modified_gmt":"2016-01-26T09:42:14","slug":"cote-d-ivoire-de-la-crise-sanglante-au-proces-gbagbo","status":"publish","type":"post","link":"https:\/\/www.justiceinfo.net\/fr\/25597-cote-d-ivoire-de-la-crise-sanglante-au-proces-gbagbo.html","title":{"rendered":"C\u00f4te d'Ivoire: de la crise sanglante au proc\u00e8s Gbagbo"},"content":{"rendered":"<p>Rappel des dates-cl\u00e9s depuis le refus de l'ex-pr\u00e9sident ivoirien Laurent Gbagbo, dont le proc\u00e8s s'ouvre jeudi \u00e0 La Haye devant la Cour p\u00e9nale internationale, de reconna\u00eetre la victoire d'Alassane Ouattara.<\/p>\n<p><span class=\"h5\">- 2010: D\u00c9BUT DE LA CRISE POST-\u00c9LECTORALE -<\/span><\/p>\n<p>Le 28 novembre, le second tour de la pr\u00e9sidentielle, report\u00e9e six fois depuis 2005, oppose le pr\u00e9sident sortant Laurent Gbagbo \u00e0 son rival Alassane Ouattara.<\/p>\n<p>Le 3 d\u00e9cembre, le pays se retrouve avec deux pr\u00e9sidents, le Conseil constitutionnel ayant proclam\u00e9 la victoire de Gbagbo, et la commission \u00e9lectorale celle de Ouattara. Le secr\u00e9taire g\u00e9n\u00e9ral de l'ONU reconna\u00eet la victoire de Ouattara. Union europ\u00e9enne, France et Etats-Unis f\u00e9licitent Ouattara et demandent \u00e0 Gbagbo de s'incliner.<\/p>\n<p>Le lendemain, Gbagbo est investi chef de l'Etat et Ouattara pr\u00eate serment \"en qualit\u00e9 de pr\u00e9sident\".<\/p>\n<p>Le 7 d\u00e9cembre, la Communaut\u00e9 \u00e9conomique des Etats d'Afrique de l'Ouest (C\u00e9d\u00e9ao) suspend la C\u00f4te d'Ivoire et demande \u00e0 Gbagbo de \"rendre le pouvoir\", suivie par l'Union africaine.<\/p>\n<p>Laurent Gbagbo s'installe au palais pr\u00e9sidentiel. Les partisans de Ouattara et des membres du gouvernement de son Premier ministre et chef de l'ex-r\u00e9bellion, Guillaume Soro, se retranchent dans l'h\u00f4tel du Golf \u00e0 Abidjan, soumis \u00e0 un blocus.<\/p>\n<p><span class=\"h5\">- 2011: GBAGBO ARR\u00caT\u00c9 - OUATTARA INVESTI -<\/span><\/p>\n<p>Le 28 mars, apr\u00e8s quatre mois de tension, de violences et de m\u00e9diations sans succ\u00e8s, les forces pro-Ouattara lancent une offensive, prenant en quatre jours le contr\u00f4le de quasiment tout le pays.<\/p>\n<p>Le 11 avril, Laurent Gbagbo est arr\u00eat\u00e9 par les Forces r\u00e9publicaines (FRCI) de Ouattara \u00e0 l'issue d'une guerre de dix jours dans la capitale et plusieurs jours de bombardements de la force fran\u00e7aise Licorne et de l'ONU.<\/p>\n<p>Plus de 3.000 personnes ont \u00e9t\u00e9 tu\u00e9es lors de cette crise.<\/p>\n<p>Selon l'ONU et plusieurs organisations internationales, la prise fin mars par les combattants pro-Ouattara de Du\u00e9kou\u00e9, dans l'Ouest, s'est accompagn\u00e9e de massacres \u00e0 grande \u00e9chelle.<\/p>\n<p>Le 21 mai, Alassane Ouattara est investi devant une vingtaine de chefs d'Etat africains et le pr\u00e9sident fran\u00e7ais Nicolas Sarkozy.<\/p>\n<p><span class=\"h5\">- 2011: GBAGBO TRANSF\u00c9R\u00c9 A LA CPI -<\/span><\/p>\n<p>Le 30 novembre, Laurent Gbagbo est transf\u00e9r\u00e9 et incarc\u00e9r\u00e9 au centre de d\u00e9tention de la Cour p\u00e9nale internationale (CPI) \u00e0 La Haye. En mars 2014, Charles Bl\u00e9 Goud\u00e9, un proche de Gbagbo, rejoint son mentor au quartier p\u00e9nitentiaire de la CPI.<\/p>\n<p>Laurent Gbagbo et Charles Bl\u00e9 Goud\u00e9 sont accus\u00e9s de crimes contre l'humanit\u00e9 lors de la crise post\u00e9lectorale.<\/p>\n<p><span class=\"h5\">- 2014: COMMISSION V\u00c9RIT\u00c9 ET R\u00c9CONCILIATION -<\/span><\/p>\n<p>Du 8 au 30 septembre, la Commission dialogue, v\u00e9rit\u00e9 et r\u00e9conciliation organise des audiences publiques de victimes et bourreaux des crises politico-militaires (2000-2011), mais elle est critiqu\u00e9e pour son manque de r\u00e9sultats.<\/p>\n<p><span class=\"h5\">- 2015: SIMONE GBAGBO CONDAMN\u00c9E -<\/span><\/p>\n<p>Le 10 mars, l'ex-Premi\u00e8re dame Simone Gbagbo est condamn\u00e9e par un tribunal d'Abidjan \u00e0 20 ans de prison pour son r\u00f4le durant la crise post-\u00e9lectorale. Au total 79 personnes \u00e9taient jug\u00e9es.<\/p>\n<p><span class=\"h5\">- 2016: PROC\u00c8S DE LAURENT GBAGBO ET BL\u00c9 GOUD\u00c9 -<\/span><\/p>\n<p>Le proc\u00e8s de Laurent Gbagbo et de son ex-chef de milice Charles Bl\u00e9 Goud\u00e9 s'ouvre le 28 janvier \u00e0 La Haye, les juges de la CPI l'ayant d\u00e9clar\u00e9 en novembre \"physiquement et mentalement\" apte \u00e0 y participer.<\/p>\n<p>L'ex-pr\u00e9sident est accus\u00e9 d'avoir foment\u00e9 une campagne de violences pour tenter, en vain, de conserver le pouvoir. Charles Bl\u00e9 Goud\u00e9 aurait \u00e9t\u00e9 \u00e0 la t\u00eate d'hommes ayant tu\u00e9 et viol\u00e9 des centaines de personnes, selon l'accusation.<\/p>\n","protected":false},"excerpt":{"rendered":"<p>Rappel des dates-cl\u00e9s depuis le refus de l'ex-pr\u00e9sident ivoirien Laurent Gbagbo, dont le proc\u00e8s s'ouvre jeudi \u00e0 La Haye devant la Cour p\u00e9nale internationale, de reconna\u00eetre la victoire d'Alassane Ouattara. - 2010: D\u00c9BUT DE LA CRISE POST-\u00c9LECTORALE - Le 28 novembre, le second tour de la pr\u00e9sidentielle, report\u00e9e six fois depuis 2005, oppose le pr\u00e9sident [&hellip;]<\/p>\n","protected":false},"author":64,"featured_media":67688,"comment_status":"open","ping_status":"closed","sticky":false,"template":"","format":"standard","meta":{"_acf_changed":false,"footnotes":""},"categories":[556],"tags":[],"ji_location":[2184],"class_list":["post-25597","post","type-post","status-publish","format-standard","has-post-thumbnail","hentry","category-divers","ji_location-cote-d-ivoire"],"acf":[],"yoast_head":"<!-- This site is optimized with the Yoast SEO Premium plugin v25.3.1 (Yoast SEO v25.3.1) - https:\/\/yoast.com\/wordpress\/plugins\/seo\/ -->\n<title>C\u00f4te d&#039;Ivoire: de la crise sanglante au proc\u00e8s Gbagbo - JusticeInfo.net<\/title>\n<meta name=\"robots\" content=\"index, follow, max-snippet:-1, max-image-preview:large, max-video-preview:-1\" \/>\n<link rel=\"canonical\" href=\"https:\/\/www.justiceinfo.net\/fr\/25597-cote-d-ivoire-de-la-crise-sanglante-au-proces-gbagbo.html\" \/>\n<meta property=\"og:locale\" content=\"fr_FR\" \/>\n<meta property=\"og:type\" content=\"article\" \/>\n<meta property=\"og:title\" content=\"C\u00f4te d&#039;Ivoire: de la crise sanglante au proc\u00e8s Gbagbo\" \/>\n<meta property=\"og:description\" content=\"Rappel des dates-cl\u00e9s depuis le refus de l&#039;ex-pr\u00e9sident ivoirien Laurent Gbagbo, dont le proc\u00e8s s&#039;ouvre jeudi \u00e0 La Haye devant la Cour p\u00e9nale internationale, de reconna\u00eetre la victoire d&#039;Alassane Ouattara. - 2010: D\u00c9BUT DE LA CRISE POST-\u00c9LECTORALE - Le 28 novembre, le second tour de la pr\u00e9sidentielle, report\u00e9e six fois depuis 2005, oppose le pr\u00e9sident [&hellip;]\" \/>\n<meta property=\"og:url\" content=\"https:\/\/www.justiceinfo.net\/fr\/25597-cote-d-ivoire-de-la-crise-sanglante-au-proces-gbagbo.html\" \/>\n<meta property=\"og:site_name\" content=\"JusticeInfo.net\" \/>\n<meta property=\"article:publisher\" content=\"https:\/\/www.facebook.com\/JusticeInfo\/\" \/>\n<meta property=\"article:published_time\" content=\"2016-01-26T09:42:14+00:00\" \/>\n<meta property=\"og:image\" content=\"https:\/\/www.justiceinfo.net\/wp-content\/uploads\/22daec6e203fe319f74e92303d444f45.jpg\" \/>\n\t<meta property=\"og:image:width\" content=\"640\" \/>\n\t<meta property=\"og:image:height\" content=\"427\" \/>\n\t<meta property=\"og:image:type\" content=\"image\/jpeg\" \/>\n<meta name=\"author\" content=\"AFP\" \/>\n<meta name=\"twitter:card\" content=\"summary_large_image\" \/>\n<meta name=\"twitter:creator\" content=\"@justiceinfonet\" \/>\n<meta name=\"twitter:site\" content=\"@justiceinfonet\" \/>\n<meta name=\"twitter:label1\" content=\"\u00c9crit par\" \/>\n\t<meta name=\"twitter:data1\" content=\"AFP\" \/>\n\t<meta name=\"twitter:label2\" content=\"Dur\u00e9e de lecture estim\u00e9e\" \/>\n\t<meta name=\"twitter:data2\" content=\"3 minutes\" \/>\n<script type=\"application\/ld+json\" class=\"yoast-schema-graph\">{\"@context\":\"https:\/\/schema.org\",\"@graph\":[{\"@type\":\"NewsArticle\",\"@id\":\"https:\/\/www.justiceinfo.net\/fr\/25597-cote-d-ivoire-de-la-crise-sanglante-au-proces-gbagbo.html#article\",\"isPartOf\":{\"@id\":\"https:\/\/www.justiceinfo.net\/fr\/25597-cote-d-ivoire-de-la-crise-sanglante-au-proces-gbagbo.html\"},\"author\":{\"name\":\"solivri\",\"@id\":\"https:\/\/www.justiceinfo.net\/fr#\/schema\/person\/6e53cba1629e2e66f3fc1821d3091865\"},\"headline\":\"C\u00f4te d'Ivoire: de la crise sanglante au proc\u00e8s Gbagbo\",\"datePublished\":\"2016-01-26T09:42:14+00:00\",\"mainEntityOfPage\":{\"@id\":\"https:\/\/www.justiceinfo.net\/fr\/25597-cote-d-ivoire-de-la-crise-sanglante-au-proces-gbagbo.html\"},\"wordCount\":622,\"commentCount\":0,\"publisher\":{\"@id\":\"https:\/\/www.justiceinfo.net\/fr#organization\"},\"image\":{\"@id\":\"https:\/\/www.justiceinfo.net\/fr\/25597-cote-d-ivoire-de-la-crise-sanglante-au-proces-gbagbo.html#primaryimage\"},\"thumbnailUrl\":\"https:\/\/www.justiceinfo.net\/wp-content\/uploads\/22daec6e203fe319f74e92303d444f45.jpg\",\"articleSection\":[\"Divers\"],\"inLanguage\":\"fr-FR\",\"potentialAction\":[{\"@type\":\"CommentAction\",\"name\":\"Comment\",\"target\":[\"https:\/\/www.justiceinfo.net\/fr\/25597-cote-d-ivoire-de-la-crise-sanglante-au-proces-gbagbo.html#respond\"]}]},{\"@type\":\"WebPage\",\"@id\":\"https:\/\/www.justiceinfo.net\/fr\/25597-cote-d-ivoire-de-la-crise-sanglante-au-proces-gbagbo.html\",\"url\":\"https:\/\/www.justiceinfo.net\/fr\/25597-cote-d-ivoire-de-la-crise-sanglante-au-proces-gbagbo.html\",\"name\":\"C\u00f4te d'Ivoire: de la crise sanglante au proc\u00e8s Gbagbo - JusticeInfo.net\",\"isPartOf\":{\"@id\":\"https:\/\/www.justiceinfo.net\/fr#website\"},\"primaryImageOfPage\":{\"@id\":\"https:\/\/www.justiceinfo.net\/fr\/25597-cote-d-ivoire-de-la-crise-sanglante-au-proces-gbagbo.html#primaryimage\"},\"image\":{\"@id\":\"https:\/\/www.justiceinfo.net\/fr\/25597-cote-d-ivoire-de-la-crise-sanglante-au-proces-gbagbo.html#primaryimage\"},\"thumbnailUrl\":\"https:\/\/www.justiceinfo.net\/wp-content\/uploads\/22daec6e203fe319f74e92303d444f45.jpg\",\"datePublished\":\"2016-01-26T09:42:14+00:00\",\"breadcrumb\":{\"@id\":\"https:\/\/www.justiceinfo.net\/fr\/25597-cote-d-ivoire-de-la-crise-sanglante-au-proces-gbagbo.html#breadcrumb\"},\"inLanguage\":\"fr-FR\",\"potentialAction\":[{\"@type\":\"ReadAction\",\"target\":[\"https:\/\/www.justiceinfo.net\/fr\/25597-cote-d-ivoire-de-la-crise-sanglante-au-proces-gbagbo.html\"]}]},{\"@type\":\"ImageObject\",\"inLanguage\":\"fr-FR\",\"@id\":\"https:\/\/www.justiceinfo.net\/fr\/25597-cote-d-ivoire-de-la-crise-sanglante-au-proces-gbagbo.html#primaryimage\",\"url\":\"https:\/\/www.justiceinfo.net\/wp-content\/uploads\/22daec6e203fe319f74e92303d444f45.jpg\",\"contentUrl\":\"https:\/\/www.justiceinfo.net\/wp-content\/uploads\/22daec6e203fe319f74e92303d444f45.jpg\",\"width\":640,\"height\":427},{\"@type\":\"BreadcrumbList\",\"@id\":\"https:\/\/www.justiceinfo.net\/fr\/25597-cote-d-ivoire-de-la-crise-sanglante-au-proces-gbagbo.html#breadcrumb\",\"itemListElement\":[{\"@type\":\"ListItem\",\"position\":1,\"name\":\"Home\",\"item\":\"https:\/\/www.justiceinfo.net\/fr\"},{\"@type\":\"ListItem\",\"position\":2,\"name\":\"C\u00f4te d'Ivoire: de la crise sanglante au proc\u00e8s Gbagbo\"}]},{\"@type\":\"WebSite\",\"@id\":\"https:\/\/www.justiceinfo.net\/fr#website\",\"url\":\"https:\/\/www.justiceinfo.net\/fr\",\"name\":\"JusticeInfo.net\",\"description\":\"La justice doit \u00eatre vue pour \u00eatre rendue\",\"publisher\":{\"@id\":\"https:\/\/www.justiceinfo.net\/fr#organization\"},\"potentialAction\":[{\"@type\":\"SearchAction\",\"target\":{\"@type\":\"EntryPoint\",\"urlTemplate\":\"https:\/\/www.justiceinfo.net\/fr?s={search_term_string}\"},\"query-input\":{\"@type\":\"PropertyValueSpecification\",\"valueRequired\":true,\"valueName\":\"search_term_string\"}}],\"inLanguage\":\"fr-FR\"},{\"@type\":\"Organization\",\"@id\":\"https:\/\/www.justiceinfo.net\/fr#organization\",\"name\":\"Justice Info\",\"url\":\"https:\/\/www.justiceinfo.net\/fr\",\"logo\":{\"@type\":\"ImageObject\",\"inLanguage\":\"fr-FR\",\"@id\":\"https:\/\/www.justiceinfo.net\/fr#\/schema\/logo\/image\/\",\"url\":\"https:\/\/www.justiceinfo.net\/wp-content\/uploads\/justiceinfo_logo-trans_1200x1200px.png\",\"contentUrl\":\"https:\/\/www.justiceinfo.net\/wp-content\/uploads\/justiceinfo_logo-trans_1200x1200px.png\",\"width\":1199,\"height\":1200,\"caption\":\"Justice Info\"},\"image\":{\"@id\":\"https:\/\/www.justiceinfo.net\/fr#\/schema\/logo\/image\/\"},\"sameAs\":[\"https:\/\/www.facebook.com\/JusticeInfo\/\",\"https:\/\/x.com\/justiceinfonet\",\"https:\/\/www.linkedin.com\/company\/justice-info\",\"https:\/\/www.youtube.com\/channel\/UCyCEsARodyuWtkWyhn-e7pA\"]},{\"@type\":\"Person\",\"name\":\"AFP\",\"url\":\"\/fr\/?s=AFP\"}]}<\/script>\n<!-- \/ Yoast SEO Premium plugin. -->","yoast_head_json":{"title":"C\u00f4te d'Ivoire: de la crise sanglante au proc\u00e8s Gbagbo - JusticeInfo.net","robots":{"index":"index","follow":"follow","max-snippet":"max-snippet:-1","max-image-preview":"max-image-preview:large","max-video-preview":"max-video-preview:-1"},"canonical":"https:\/\/www.justiceinfo.net\/fr\/25597-cote-d-ivoire-de-la-crise-sanglante-au-proces-gbagbo.html","og_locale":"fr_FR","og_type":"article","og_title":"C\u00f4te d'Ivoire: de la crise sanglante au proc\u00e8s Gbagbo","og_description":"Rappel des dates-cl\u00e9s depuis le refus de l'ex-pr\u00e9sident ivoirien Laurent Gbagbo, dont le proc\u00e8s s'ouvre jeudi \u00e0 La Haye devant la Cour p\u00e9nale internationale, de reconna\u00eetre la victoire d'Alassane Ouattara. - 2010: D\u00c9BUT DE LA CRISE POST-\u00c9LECTORALE - Le 28 novembre, le second tour de la pr\u00e9sidentielle, report\u00e9e six fois depuis 2005, oppose le pr\u00e9sident [&hellip;]","og_url":"https:\/\/www.justiceinfo.net\/fr\/25597-cote-d-ivoire-de-la-crise-sanglante-au-proces-gbagbo.html","og_site_name":"JusticeInfo.net","article_publisher":"https:\/\/www.facebook.com\/JusticeInfo\/","article_published_time":"2016-01-26T09:42:14+00:00","og_image":[{"width":640,"height":427,"url":"https:\/\/www.justiceinfo.net\/wp-content\/uploads\/22daec6e203fe319f74e92303d444f45.jpg","type":"image\/jpeg"}],"author":"AFP","twitter_card":"summary_large_image","twitter_creator":"@justiceinfonet","twitter_site":"@justiceinfonet","twitter_misc":{"\u00c9crit par":"AFP","Dur\u00e9e de lecture estim\u00e9e":"3 minutes"},"schema":{"@context":"https:\/\/schema.org","@graph":[{"@type":"NewsArticle","@id":"https:\/\/www.justiceinfo.net\/fr\/25597-cote-d-ivoire-de-la-crise-sanglante-au-proces-gbagbo.html#article","isPartOf":{"@id":"https:\/\/www.justiceinfo.net\/fr\/25597-cote-d-ivoire-de-la-crise-sanglante-au-proces-gbagbo.html"},"author":{"name":"solivri","@id":"https:\/\/www.justiceinfo.net\/fr#\/schema\/person\/6e53cba1629e2e66f3fc1821d3091865"},"headline":"C\u00f4te d'Ivoire: de la crise sanglante au proc\u00e8s Gbagbo","datePublished":"2016-01-26T09:42:14+00:00","mainEntityOfPage":{"@id":"https:\/\/www.justiceinfo.net\/fr\/25597-cote-d-ivoire-de-la-crise-sanglante-au-proces-gbagbo.html"},"wordCount":622,"commentCount":0,"publisher":{"@id":"https:\/\/www.justiceinfo.net\/fr#organization"},"image":{"@id":"https:\/\/www.justiceinfo.net\/fr\/25597-cote-d-ivoire-de-la-crise-sanglante-au-proces-gbagbo.html#primaryimage"},"thumbnailUrl":"https:\/\/www.justiceinfo.net\/wp-content\/uploads\/22daec6e203fe319f74e92303d444f45.jpg","articleSection":["Divers"],"inLanguage":"fr-FR","potentialAction":[{"@type":"CommentAction","name":"Comment","target":["https:\/\/www.justiceinfo.net\/fr\/25597-cote-d-ivoire-de-la-crise-sanglante-au-proces-gbagbo.html#respond"]}]},{"@type":"WebPage","@id":"https:\/\/www.justiceinfo.net\/fr\/25597-cote-d-ivoire-de-la-crise-sanglante-au-proces-gbagbo.html","url":"https:\/\/www.justiceinfo.net\/fr\/25597-cote-d-ivoire-de-la-crise-sanglante-au-proces-gbagbo.html","name":"C\u00f4te d'Ivoire: de la crise sanglante au proc\u00e8s Gbagbo - JusticeInfo.net","isPartOf":{"@id":"https:\/\/www.justiceinfo.net\/fr#website"},"primaryImageOfPage":{"@id":"https:\/\/www.justiceinfo.net\/fr\/25597-cote-d-ivoire-de-la-crise-sanglante-au-proces-gbagbo.html#primaryimage"},"image":{"@id":"https:\/\/www.justiceinfo.net\/fr\/25597-cote-d-ivoire-de-la-crise-sanglante-au-proces-gbagbo.html#primaryimage"},"thumbnailUrl":"https:\/\/www.justiceinfo.net\/wp-content\/uploads\/22daec6e203fe319f74e92303d444f45.jpg","datePublished":"2016-01-26T09:42:14+00:00","breadcrumb":{"@id":"https:\/\/www.justiceinfo.net\/fr\/25597-cote-d-ivoire-de-la-crise-sanglante-au-proces-gbagbo.html#breadcrumb"},"inLanguage":"fr-FR","potentialAction":[{"@type":"ReadAction","target":["https:\/\/www.justiceinfo.net\/fr\/25597-cote-d-ivoire-de-la-crise-sanglante-au-proces-gbagbo.html"]}]},{"@type":"ImageObject","inLanguage":"fr-FR","@id":"https:\/\/www.justiceinfo.net\/fr\/25597-cote-d-ivoire-de-la-crise-sanglante-au-proces-gbagbo.html#primaryimage","url":"https:\/\/www.justiceinfo.net\/wp-content\/uploads\/22daec6e203fe319f74e92303d444f45.jpg","contentUrl":"https:\/\/www.justiceinfo.net\/wp-content\/uploads\/22daec6e203fe319f74e92303d444f45.jpg","width":640,"height":427},{"@type":"BreadcrumbList","@id":"https:\/\/www.justiceinfo.net\/fr\/25597-cote-d-ivoire-de-la-crise-sanglante-au-proces-gbagbo.html#breadcrumb","itemListElement":[{"@type":"ListItem","position":1,"name":"Home","item":"https:\/\/www.justiceinfo.net\/fr"},{"@type":"ListItem","position":2,"name":"C\u00f4te d'Ivoire: de la crise sanglante au proc\u00e8s Gbagbo"}]},{"@type":"WebSite","@id":"https:\/\/www.justiceinfo.net\/fr#website","url":"https:\/\/www.justiceinfo.net\/fr","name":"JusticeInfo.net","description":"La justice doit \u00eatre vue pour \u00eatre rendue","publisher":{"@id":"https:\/\/www.justiceinfo.net\/fr#organization"},"potentialAction":[{"@type":"SearchAction","target":{"@type":"EntryPoint","urlTemplate":"https:\/\/www.justiceinfo.net\/fr?s={search_term_string}"},"query-input":{"@type":"PropertyValueSpecification","valueRequired":true,"valueName":"search_term_string"}}],"inLanguage":"fr-FR"},{"@type":"Organization","@id":"https:\/\/www.justiceinfo.net\/fr#organization","name":"Justice Info","url":"https:\/\/www.justiceinfo.net\/fr","logo":{"@type":"ImageObject","inLanguage":"fr-FR","@id":"https:\/\/www.justiceinfo.net\/fr#\/schema\/logo\/image\/","url":"https:\/\/www.justiceinfo.net\/wp-content\/uploads\/justiceinfo_logo-trans_1200x1200px.png","contentUrl":"https:\/\/www.justiceinfo.net\/wp-content\/uploads\/justiceinfo_logo-trans_1200x1200px.png","width":1199,"height":1200,"caption":"Justice Info"},"image":{"@id":"https:\/\/www.justiceinfo.net\/fr#\/schema\/logo\/image\/"},"sameAs":["https:\/\/www.facebook.com\/JusticeInfo\/","https:\/\/x.com\/justiceinfonet","https:\/\/www.linkedin.com\/company\/justice-info","https:\/\/www.youtube.com\/channel\/UCyCEsARodyuWtkWyhn-e7pA"]},{"@type":"Person","name":"AFP","url":"\/fr\/?s=AFP"}]}},"_links":{"self":[{"href":"https:\/\/www.justiceinfo.net\/fr\/wp-json\/wp\/v2\/posts\/25597","targetHints":{"allow":["GET"]}}],"collection":[{"href":"https:\/\/www.justiceinfo.net\/fr\/wp-json\/wp\/v2\/posts"}],"about":[{"href":"https:\/\/www.justiceinfo.net\/fr\/wp-json\/wp\/v2\/types\/post"}],"author":[{"embeddable":true,"href":"https:\/\/www.justiceinfo.net\/fr\/wp-json\/wp\/v2\/users\/64"}],"replies":[{"embeddable":true,"href":"https:\/\/www.justiceinfo.net\/fr\/wp-json\/wp\/v2\/comments?post=25597"}],"version-history":[{"count":0,"href":"https:\/\/www.justiceinfo.net\/fr\/wp-json\/wp\/v2\/posts\/25597\/revisions"}],"wp:featuredmedia":[{"embeddable":true,"href":"https:\/\/www.justiceinfo.net\/fr\/wp-json\/wp\/v2\/media\/67688"}],"wp:attachment":[{"href":"https:\/\/www.justiceinfo.net\/fr\/wp-json\/wp\/v2\/media?parent=25597"}],"wp:term":[{"taxonomy":"category","embeddable":true,"href":"https:\/\/www.justiceinfo.net\/fr\/wp-json\/wp\/v2\/categories?post=25597"},{"taxonomy":"post_tag","embeddable":true,"href":"https:\/\/www.justiceinfo.net\/fr\/wp-json\/wp\/v2\/tags?post=25597"},{"taxonomy":"ji_location","embeddable":true,"href":"https:\/\/www.justiceinfo.net\/fr\/wp-json\/wp\/v2\/ji_location?post=25597"}],"curies":[{"name":"wp","href":"https:\/\/api.w.org\/{rel}","templated":true}]}}