{"id":25827,"date":"2016-02-05T09:48:50","date_gmt":"2016-02-05T08:48:50","guid":{"rendered":"https:\/\/www.justiceinfo.net\/25827-la-politique-etrangere-du-kenya-dominee-par-le-combat-contre-la-cpi.html"},"modified":"2016-02-05T09:48:50","modified_gmt":"2016-02-05T08:48:50","slug":"la-politique-etrangere-du-kenya-dominee-par-le-combat-contre-la-cpi","status":"publish","type":"post","link":"https:\/\/www.justiceinfo.net\/fr\/25827-la-politique-etrangere-du-kenya-dominee-par-le-combat-contre-la-cpi.html","title":{"rendered":"La politique \u00e9trang\u00e8re du Kenya domin\u00e9e par le combat contre la CPI"},"content":{"rendered":"<p><strong><em>Contrairement \u00e0 nombre de ses pairs, le jeune pr\u00e9sident du Kenya n'a pas connu le maquis. Mais lorsqu'il s'agit de guerroyer contre la Cour p\u00e9nale internationale (CPI), Uhuru Kenyatta a l'art de mobiliser les troupes, m\u00eame en dehors de son pays. Au point que la gu\u00e9rilla contre cette Cour semble aujourd'hui devenue, comme le d\u00e9plorent certains de ses concitoyens, l'\u00e9l\u00e9ment central de la politique \u00e9trang\u00e8re de son gouvernement.<\/em><\/strong><\/p>\n<p>Le monde s'y attendait. Au sommet de l'Union africaine (UA) qui s'est termin\u00e9 le 31 janvier \u00e0 Addis-Abeba, le pr\u00e9sident Uhuru Kenyatta a propos\u00e9 \u00e0 ses pairs de pr\u00e9parer une feuille de route cens\u00e9e aboutir au retrait des pays africains du Statut de Rome, texte fondateur de la Cour p\u00e9nale internationale. L'Union africaine accuse cette Cour de pers\u00e9cuter les dirigeants africains dont, certains, comme le Zimbabw\u00e9en Robert Mugabe, n'h\u00e9sitent pas \u00e0 la qualifier de \u00ab\u00a0tr\u00e8s raciste\u00a0\u00bb.<br \/>Cependant, m\u00eame si le chef de l'Etat k\u00e9nyan a \u00e9t\u00e9 applaudi, l'adh\u00e9sion ou le retrait de la CPI est un acte qui n'engage qu'un Etat, pas toute une r\u00e9gion de la Plan\u00e8te encore moins un continent. D'ailleurs, m\u00eame dans son propre pays, le fils du P\u00e8re de l'Ind\u00e9pendance du Kenya a du mal \u00e0 rallier tous les suffrages au combat qu'il m\u00e8ne depuis plus de deux ans contre la CPI. Tout en reconnaissant les faiblesses de la CPI, li\u00e9es plus aux textes qui la r\u00e9gissent qu'\u00e0 son fonctionnement, des voix k\u00e9nyanes reprochent au pr\u00e9sident de faire d'une affaire individuelle une cause nationale, en violation des assurances qu'il avait donn\u00e9es lors de sa campagne \u00e9lectorale.<br \/>\u00ab\u00a0Toute la politique \u00e9trang\u00e8re du Kenya est enti\u00e8rement b\u00e2tie sur le combat contre la CPI, cr\u00e9ant la fausse id\u00e9e que le pays est en proc\u00e8s et que la souverainet\u00e9 nationale est menac\u00e9e du fait des proc\u00e9dures p\u00e9nales visant deux individus\u00a0\u00bb, s'insurge ainsi l'analyste politique <a href=\"http:\/\/www.nation.co.ke\/oped\/Opinion\/African-leaders-pursue--immunity\/-\/440808\/3058174\/-\/2p94kp\/-\/index.html\" rel=\"alternate\">Macharia Gaitho<\/a>, dans les colonnes du Daily Nation, l'un des plus grands quotidiens du pays. Uhuru Kenyatta a \u00e9t\u00e9 \u00e9lu d\u00e8s le premier tour en 2013, en d\u00e9pit des poursuites qui \u00e9taient engag\u00e9es contre lui devant la CPI pour crimes contre l'humanit\u00e9 commis dans son pays lors des violences post\u00e9lectorales de 2007-2008.<br \/>En d\u00e9cembre 2014, la CPI a d\u00fb abandonner les poursuites contre le pr\u00e9sident du Kenya, apr\u00e8s que la Procureure Fatou Bensouda eut retir\u00e9, faute de preuves, les charges qui \u00e9taient port\u00e9es contre le nouveau pr\u00e9sident. Avant d'en arriver \u00e0 cette d\u00e9cision, Fatou Bensouda avait plusieurs fois accus\u00e9 les autorit\u00e9s k\u00e9nyanes d'interf\u00e9rence avec ses t\u00e9moins, dont certains avaient renonc\u00e9 \u00e0 leur engagement ant\u00e9rieur \u00e0 t\u00e9moigner contre le chef de l'Etat. Mais le vice-pr\u00e9sident du Kenya William Ruto et l'animateur radio Joshua Sang sont, eux, toujours en proc\u00e8s devant la CPI.<br \/>Macharia Gaitho rappelle, dans sa tribune, que \u00ab\u00a0le pr\u00e9sident et son vice-pr\u00e9sident ont \u00e9t\u00e9 \u00e9lus apr\u00e8s avoir promis que les ennuis personnels n'affecteraient pas leur capacit\u00e9 \u00e0 diriger le pays\u00a0\u00bb. \u00ab\u00a0Maintenant qu'ils sont au pouvoir, ils ont fait de leurs ennuis personnels un agenda national, puis continental\u00a0\u00bb, constate l'ancien journaliste, qui d\u00e9nonce une fa\u00e7on \u00e9go\u00efste de promouvoir l'impunit\u00e9.<br \/>Pour Raila Odinga, principal opposant au pr\u00e9sident Uhuru Kenyatta et candidat malheureux \u00e0 la pr\u00e9sidentielle de 2013, les peuples africains, souvent sous le joug de dictateurs criminels, ont besoin de la CPI. Le vieil opposant k\u00e9nyan affirme que le d\u00e9sengagement des pays africains de la CPI ne saurait \u00eatre envisag\u00e9 qu'apr\u00e8s la mise en place par l'Afrique d'un cadre juridique garantissant r\u00e9ellement la justice aux victimes de ces crimes. \u00ab\u00a0Retirer l'Union africaine de la CPI avant la mise en place d'un tel m\u00e9canisme revient \u00e0 exposer les populations africaines \u00e0 des tyrans pilleurs qui seraient libres de perp\u00e9trer leurs atrocit\u00e9s sachant bien qu'il n'auront jamais \u00e0 rendre des comptes pour leurs crimes contre l'humanit\u00e9\u00bb, affirme l'opposant cit\u00e9 par la presse k\u00e9nyane.<br \/>Une autre question souvent soulev\u00e9e par des analystes a trait \u00e0 l'ind\u00e9pendance d'un tel m\u00e9canisme africain. Quel serait le degr\u00e9 d'ind\u00e9pendance d'une cour p\u00e9nale africaine, financ\u00e9e par des gouvernements africains\u00a0? Quelle serait sa comp\u00e9tence d\u00e8s lors que les chefs d'Etat africains en fonction ne cessent de faire valoir leur immunit\u00e9 y compris pour les crimes les plus graves, notamment le g\u00e9nocide, les crimes contre l'humanit\u00e9 et les crimes de guerre couverts par la comp\u00e9tence de la CPI\u00a0?<br \/>\u00a0<br \/>\u00a0<br \/><strong>Le retrait d'un Etat n'annule pas les proc\u00e9dures en cours<\/strong><br \/>\u00a0<br \/>\u00a0<br \/>Dans son \u00e9ditorial, le Daily Nation, rappelle, pour sa part, que le retrait des pays africains ayant adh\u00e9r\u00e9 au Statut de Rome, n'invaliderait d'ailleurs pas les poursuites engag\u00e9es contre le vice-pr\u00e9sident William Ruto et le journaliste Joshua Sang. Selon l'article\u00a0127 du Statut de Rome, \u00ab\u00a0tout Etat partie peut, par voie de notification \u00e9crite adress\u00e9e au secr\u00e9taire g\u00e9n\u00e9ral de l'Organisation des Nations unies, se retirer du pr\u00e9sent Statut.\u00a0\u00bb Mais\u00a0\u00ab\u00a0le retrait prend effet un an apr\u00e8s la date \u00e0 laquelle la notification a \u00e9t\u00e9 re\u00e7ue, \u00e0 moins que celle-ci ne pr\u00e9voie une date post\u00e9rieure\u00a0\u00bb. Par ailleurs, ce retrait ne peut pas avoir d'effet r\u00e9troactif, ce qui signifie qu'une telle volteface n'a pas d'impact sur \u00a0les affaires et les enqu\u00eates en cours. En plus de cela, l'obligation demeure, pour l'Etat concern\u00e9, de continuer \u00e0 coop\u00e9rer avec la Cour s'agissant des proc\u00e9dures ouvertes.<br \/>Cr\u00e9\u00e9e en vertu du Trait\u00e9 Rome entr\u00e9 en vigueur le 1er juillet 2002, la CPI, premier tribunal permanent charg\u00e9 de juger les crimes de g\u00e9nocide, crimes contre l'humanit\u00e9 et crimes de guerre, est loin d'\u00eatre parfaite. Les principales voix qui ont milit\u00e9 en faveur de sa cr\u00e9ation l'admettent. \u00ab\u00a0Faut-il l'am\u00e9liorer, \u00e9tendre son champ d'action\u00a0?\u00a0\u00bb, demande Elise Keppler, conseill\u00e8re juridique \u00e0 Human Rights Watch, avant de r\u00e9pondre elle-m\u00eame\u00a0:\u00a0\u00ab\u00a0Absolument\u00a0\u00bb.<br \/>Certaines puissances, comme les Etats-Unis, constate-t-elle, \u00e9chappent \u00e0 la comp\u00e9tence de la CPI dont ils n'ont pas ratifi\u00e9 le texte fondateur. Quoi que non parties \u00e0 la CPI, ces puissances, lorsqu'elles sont, de surcro\u00eet, membres permanents du Conseil de s\u00e9curit\u00e9 de l'ONU, peuvent bloquer certaines enqu\u00eates, prot\u00e9geant ainsi des criminels.<br \/>Mais, en l'\u00e9tat actuel des choses, estime-t-elle, \u00ab\u00a0la CPI\u00a0reste le dernier espoir de justice pour beaucoup (de victimes) lorsque d'autres voies ont \u00e9chou\u00e9\u00a0\u00bb, car elle \u00ab\u00a0peut m\u00eame amener les dirigeants de haut niveau \u00e0 rendre des comptes lorsqu'ils sont impliqu\u00e9s dans les pires violations\u00a0\u00bb des droits de l'homme.<\/p>\n","protected":false},"excerpt":{"rendered":"<p>Contrairement \u00e0 nombre de ses pairs, le jeune pr\u00e9sident du Kenya n'a pas connu le maquis. Mais lorsqu'il s'agit de guerroyer contre la Cour p\u00e9nale internationale (CPI), Uhuru Kenyatta a l'art de mobiliser les troupes, m\u00eame en dehors de son pays. Au point que la gu\u00e9rilla contre cette Cour semble aujourd'hui devenue, comme le d\u00e9plorent [&hellip;]<\/p>\n","protected":false},"author":64,"featured_media":64993,"comment_status":"open","ping_status":"closed","sticky":false,"template":"","format":"standard","meta":{"_acf_changed":false,"footnotes":""},"categories":[547],"tags":[],"ji_location":[2298],"class_list":["post-25827","post","type-post","status-publish","format-standard","has-post-thumbnail","hentry","category-tribunaux","ji_location-kenya"],"acf":[],"yoast_head":"<!-- This site is optimized with the Yoast SEO Premium plugin v25.3.1 (Yoast SEO v25.3.1) - https:\/\/yoast.com\/wordpress\/plugins\/seo\/ -->\n<title>La politique \u00e9trang\u00e8re du Kenya domin\u00e9e par le combat contre la CPI - JusticeInfo.net<\/title>\n<meta name=\"robots\" content=\"index, follow, max-snippet:-1, max-image-preview:large, max-video-preview:-1\" \/>\n<link rel=\"canonical\" href=\"https:\/\/www.justiceinfo.net\/fr\/25827-la-politique-etrangere-du-kenya-dominee-par-le-combat-contre-la-cpi.html\" \/>\n<meta property=\"og:locale\" content=\"fr_FR\" \/>\n<meta property=\"og:type\" content=\"article\" \/>\n<meta property=\"og:title\" content=\"La politique \u00e9trang\u00e8re du Kenya domin\u00e9e par le combat contre la CPI\" \/>\n<meta property=\"og:description\" content=\"Contrairement \u00e0 nombre de ses pairs, le jeune pr\u00e9sident du Kenya n&#039;a pas connu le maquis. Mais lorsqu&#039;il s&#039;agit de guerroyer contre la Cour p\u00e9nale internationale (CPI), Uhuru Kenyatta a l&#039;art de mobiliser les troupes, m\u00eame en dehors de son pays. Au point que la gu\u00e9rilla contre cette Cour semble aujourd&#039;hui devenue, comme le d\u00e9plorent [&hellip;]\" \/>\n<meta property=\"og:url\" content=\"https:\/\/www.justiceinfo.net\/fr\/25827-la-politique-etrangere-du-kenya-dominee-par-le-combat-contre-la-cpi.html\" \/>\n<meta property=\"og:site_name\" content=\"JusticeInfo.net\" \/>\n<meta property=\"article:publisher\" content=\"https:\/\/www.facebook.com\/JusticeInfo\/\" \/>\n<meta property=\"article:published_time\" content=\"2016-02-05T08:48:50+00:00\" \/>\n<meta property=\"og:image\" content=\"https:\/\/www.justiceinfo.net\/wp-content\/uploads\/f668254861b2f3ca5e751e33bf1ab4d9-scaled.jpg\" \/>\n\t<meta property=\"og:image:width\" content=\"2560\" \/>\n\t<meta property=\"og:image:height\" content=\"1707\" \/>\n\t<meta property=\"og:image:type\" content=\"image\/jpeg\" \/>\n<meta name=\"author\" content=\"JusticeInfo.Net\" \/>\n<meta name=\"twitter:card\" content=\"summary_large_image\" \/>\n<meta name=\"twitter:creator\" content=\"@justiceinfonet\" \/>\n<meta name=\"twitter:site\" content=\"@justiceinfonet\" \/>\n<meta name=\"twitter:label1\" content=\"\u00c9crit par\" \/>\n\t<meta name=\"twitter:data1\" content=\"JusticeInfo.Net\" \/>\n\t<meta name=\"twitter:label2\" content=\"Dur\u00e9e de lecture estim\u00e9e\" \/>\n\t<meta name=\"twitter:data2\" content=\"6 minutes\" \/>\n<script type=\"application\/ld+json\" class=\"yoast-schema-graph\">{\"@context\":\"https:\/\/schema.org\",\"@graph\":[{\"@type\":\"NewsArticle\",\"@id\":\"https:\/\/www.justiceinfo.net\/fr\/25827-la-politique-etrangere-du-kenya-dominee-par-le-combat-contre-la-cpi.html#article\",\"isPartOf\":{\"@id\":\"https:\/\/www.justiceinfo.net\/fr\/25827-la-politique-etrangere-du-kenya-dominee-par-le-combat-contre-la-cpi.html\"},\"author\":{\"name\":\"solivri\",\"@id\":\"https:\/\/www.justiceinfo.net\/fr#\/schema\/person\/6e53cba1629e2e66f3fc1821d3091865\"},\"headline\":\"La politique \u00e9trang\u00e8re du Kenya domin\u00e9e par le combat contre la CPI\",\"datePublished\":\"2016-02-05T08:48:50+00:00\",\"mainEntityOfPage\":{\"@id\":\"https:\/\/www.justiceinfo.net\/fr\/25827-la-politique-etrangere-du-kenya-dominee-par-le-combat-contre-la-cpi.html\"},\"wordCount\":1189,\"commentCount\":0,\"publisher\":{\"@id\":\"https:\/\/www.justiceinfo.net\/fr#organization\"},\"image\":{\"@id\":\"https:\/\/www.justiceinfo.net\/fr\/25827-la-politique-etrangere-du-kenya-dominee-par-le-combat-contre-la-cpi.html#primaryimage\"},\"thumbnailUrl\":\"https:\/\/www.justiceinfo.net\/wp-content\/uploads\/f668254861b2f3ca5e751e33bf1ab4d9-scaled.jpg\",\"articleSection\":[\"Tribunaux\"],\"inLanguage\":\"fr-FR\",\"potentialAction\":[{\"@type\":\"CommentAction\",\"name\":\"Comment\",\"target\":[\"https:\/\/www.justiceinfo.net\/fr\/25827-la-politique-etrangere-du-kenya-dominee-par-le-combat-contre-la-cpi.html#respond\"]}]},{\"@type\":\"WebPage\",\"@id\":\"https:\/\/www.justiceinfo.net\/fr\/25827-la-politique-etrangere-du-kenya-dominee-par-le-combat-contre-la-cpi.html\",\"url\":\"https:\/\/www.justiceinfo.net\/fr\/25827-la-politique-etrangere-du-kenya-dominee-par-le-combat-contre-la-cpi.html\",\"name\":\"La politique \u00e9trang\u00e8re du Kenya domin\u00e9e par le combat contre la CPI - JusticeInfo.net\",\"isPartOf\":{\"@id\":\"https:\/\/www.justiceinfo.net\/fr#website\"},\"primaryImageOfPage\":{\"@id\":\"https:\/\/www.justiceinfo.net\/fr\/25827-la-politique-etrangere-du-kenya-dominee-par-le-combat-contre-la-cpi.html#primaryimage\"},\"image\":{\"@id\":\"https:\/\/www.justiceinfo.net\/fr\/25827-la-politique-etrangere-du-kenya-dominee-par-le-combat-contre-la-cpi.html#primaryimage\"},\"thumbnailUrl\":\"https:\/\/www.justiceinfo.net\/wp-content\/uploads\/f668254861b2f3ca5e751e33bf1ab4d9-scaled.jpg\",\"datePublished\":\"2016-02-05T08:48:50+00:00\",\"breadcrumb\":{\"@id\":\"https:\/\/www.justiceinfo.net\/fr\/25827-la-politique-etrangere-du-kenya-dominee-par-le-combat-contre-la-cpi.html#breadcrumb\"},\"inLanguage\":\"fr-FR\",\"potentialAction\":[{\"@type\":\"ReadAction\",\"target\":[\"https:\/\/www.justiceinfo.net\/fr\/25827-la-politique-etrangere-du-kenya-dominee-par-le-combat-contre-la-cpi.html\"]}]},{\"@type\":\"ImageObject\",\"inLanguage\":\"fr-FR\",\"@id\":\"https:\/\/www.justiceinfo.net\/fr\/25827-la-politique-etrangere-du-kenya-dominee-par-le-combat-contre-la-cpi.html#primaryimage\",\"url\":\"https:\/\/www.justiceinfo.net\/wp-content\/uploads\/f668254861b2f3ca5e751e33bf1ab4d9-scaled.jpg\",\"contentUrl\":\"https:\/\/www.justiceinfo.net\/wp-content\/uploads\/f668254861b2f3ca5e751e33bf1ab4d9-scaled.jpg\",\"width\":2560,\"height\":1707},{\"@type\":\"BreadcrumbList\",\"@id\":\"https:\/\/www.justiceinfo.net\/fr\/25827-la-politique-etrangere-du-kenya-dominee-par-le-combat-contre-la-cpi.html#breadcrumb\",\"itemListElement\":[{\"@type\":\"ListItem\",\"position\":1,\"name\":\"Home\",\"item\":\"https:\/\/www.justiceinfo.net\/fr\"},{\"@type\":\"ListItem\",\"position\":2,\"name\":\"La politique \u00e9trang\u00e8re du Kenya domin\u00e9e par le combat contre la CPI\"}]},{\"@type\":\"WebSite\",\"@id\":\"https:\/\/www.justiceinfo.net\/fr#website\",\"url\":\"https:\/\/www.justiceinfo.net\/fr\",\"name\":\"JusticeInfo.net\",\"description\":\"La justice doit \u00eatre vue pour \u00eatre rendue\",\"publisher\":{\"@id\":\"https:\/\/www.justiceinfo.net\/fr#organization\"},\"potentialAction\":[{\"@type\":\"SearchAction\",\"target\":{\"@type\":\"EntryPoint\",\"urlTemplate\":\"https:\/\/www.justiceinfo.net\/fr?s={search_term_string}\"},\"query-input\":{\"@type\":\"PropertyValueSpecification\",\"valueRequired\":true,\"valueName\":\"search_term_string\"}}],\"inLanguage\":\"fr-FR\"},{\"@type\":\"Organization\",\"@id\":\"https:\/\/www.justiceinfo.net\/fr#organization\",\"name\":\"Justice Info\",\"url\":\"https:\/\/www.justiceinfo.net\/fr\",\"logo\":{\"@type\":\"ImageObject\",\"inLanguage\":\"fr-FR\",\"@id\":\"https:\/\/www.justiceinfo.net\/fr#\/schema\/logo\/image\/\",\"url\":\"https:\/\/www.justiceinfo.net\/wp-content\/uploads\/justiceinfo_logo-trans_1200x1200px.png\",\"contentUrl\":\"https:\/\/www.justiceinfo.net\/wp-content\/uploads\/justiceinfo_logo-trans_1200x1200px.png\",\"width\":1199,\"height\":1200,\"caption\":\"Justice Info\"},\"image\":{\"@id\":\"https:\/\/www.justiceinfo.net\/fr#\/schema\/logo\/image\/\"},\"sameAs\":[\"https:\/\/www.facebook.com\/JusticeInfo\/\",\"https:\/\/x.com\/justiceinfonet\",\"https:\/\/www.linkedin.com\/company\/justice-info\",\"https:\/\/www.youtube.com\/channel\/UCyCEsARodyuWtkWyhn-e7pA\"]},{\"@type\":\"Person\",\"name\":\"JusticeInfo.Net\",\"url\":\"\/fr\/?s=JusticeInfo.Net\"}]}<\/script>\n<!-- \/ Yoast SEO Premium plugin. -->","yoast_head_json":{"title":"La politique \u00e9trang\u00e8re du Kenya domin\u00e9e par le combat contre la CPI - JusticeInfo.net","robots":{"index":"index","follow":"follow","max-snippet":"max-snippet:-1","max-image-preview":"max-image-preview:large","max-video-preview":"max-video-preview:-1"},"canonical":"https:\/\/www.justiceinfo.net\/fr\/25827-la-politique-etrangere-du-kenya-dominee-par-le-combat-contre-la-cpi.html","og_locale":"fr_FR","og_type":"article","og_title":"La politique \u00e9trang\u00e8re du Kenya domin\u00e9e par le combat contre la CPI","og_description":"Contrairement \u00e0 nombre de ses pairs, le jeune pr\u00e9sident du Kenya n'a pas connu le maquis. Mais lorsqu'il s'agit de guerroyer contre la Cour p\u00e9nale internationale (CPI), Uhuru Kenyatta a l'art de mobiliser les troupes, m\u00eame en dehors de son pays. Au point que la gu\u00e9rilla contre cette Cour semble aujourd'hui devenue, comme le d\u00e9plorent [&hellip;]","og_url":"https:\/\/www.justiceinfo.net\/fr\/25827-la-politique-etrangere-du-kenya-dominee-par-le-combat-contre-la-cpi.html","og_site_name":"JusticeInfo.net","article_publisher":"https:\/\/www.facebook.com\/JusticeInfo\/","article_published_time":"2016-02-05T08:48:50+00:00","og_image":[{"width":2560,"height":1707,"url":"https:\/\/www.justiceinfo.net\/wp-content\/uploads\/f668254861b2f3ca5e751e33bf1ab4d9-scaled.jpg","type":"image\/jpeg"}],"author":"JusticeInfo.Net","twitter_card":"summary_large_image","twitter_creator":"@justiceinfonet","twitter_site":"@justiceinfonet","twitter_misc":{"\u00c9crit par":"JusticeInfo.Net","Dur\u00e9e de lecture estim\u00e9e":"6 minutes"},"schema":{"@context":"https:\/\/schema.org","@graph":[{"@type":"NewsArticle","@id":"https:\/\/www.justiceinfo.net\/fr\/25827-la-politique-etrangere-du-kenya-dominee-par-le-combat-contre-la-cpi.html#article","isPartOf":{"@id":"https:\/\/www.justiceinfo.net\/fr\/25827-la-politique-etrangere-du-kenya-dominee-par-le-combat-contre-la-cpi.html"},"author":{"name":"solivri","@id":"https:\/\/www.justiceinfo.net\/fr#\/schema\/person\/6e53cba1629e2e66f3fc1821d3091865"},"headline":"La politique \u00e9trang\u00e8re du Kenya domin\u00e9e par le combat contre la CPI","datePublished":"2016-02-05T08:48:50+00:00","mainEntityOfPage":{"@id":"https:\/\/www.justiceinfo.net\/fr\/25827-la-politique-etrangere-du-kenya-dominee-par-le-combat-contre-la-cpi.html"},"wordCount":1189,"commentCount":0,"publisher":{"@id":"https:\/\/www.justiceinfo.net\/fr#organization"},"image":{"@id":"https:\/\/www.justiceinfo.net\/fr\/25827-la-politique-etrangere-du-kenya-dominee-par-le-combat-contre-la-cpi.html#primaryimage"},"thumbnailUrl":"https:\/\/www.justiceinfo.net\/wp-content\/uploads\/f668254861b2f3ca5e751e33bf1ab4d9-scaled.jpg","articleSection":["Tribunaux"],"inLanguage":"fr-FR","potentialAction":[{"@type":"CommentAction","name":"Comment","target":["https:\/\/www.justiceinfo.net\/fr\/25827-la-politique-etrangere-du-kenya-dominee-par-le-combat-contre-la-cpi.html#respond"]}]},{"@type":"WebPage","@id":"https:\/\/www.justiceinfo.net\/fr\/25827-la-politique-etrangere-du-kenya-dominee-par-le-combat-contre-la-cpi.html","url":"https:\/\/www.justiceinfo.net\/fr\/25827-la-politique-etrangere-du-kenya-dominee-par-le-combat-contre-la-cpi.html","name":"La politique \u00e9trang\u00e8re du Kenya domin\u00e9e par le combat contre la CPI - JusticeInfo.net","isPartOf":{"@id":"https:\/\/www.justiceinfo.net\/fr#website"},"primaryImageOfPage":{"@id":"https:\/\/www.justiceinfo.net\/fr\/25827-la-politique-etrangere-du-kenya-dominee-par-le-combat-contre-la-cpi.html#primaryimage"},"image":{"@id":"https:\/\/www.justiceinfo.net\/fr\/25827-la-politique-etrangere-du-kenya-dominee-par-le-combat-contre-la-cpi.html#primaryimage"},"thumbnailUrl":"https:\/\/www.justiceinfo.net\/wp-content\/uploads\/f668254861b2f3ca5e751e33bf1ab4d9-scaled.jpg","datePublished":"2016-02-05T08:48:50+00:00","breadcrumb":{"@id":"https:\/\/www.justiceinfo.net\/fr\/25827-la-politique-etrangere-du-kenya-dominee-par-le-combat-contre-la-cpi.html#breadcrumb"},"inLanguage":"fr-FR","potentialAction":[{"@type":"ReadAction","target":["https:\/\/www.justiceinfo.net\/fr\/25827-la-politique-etrangere-du-kenya-dominee-par-le-combat-contre-la-cpi.html"]}]},{"@type":"ImageObject","inLanguage":"fr-FR","@id":"https:\/\/www.justiceinfo.net\/fr\/25827-la-politique-etrangere-du-kenya-dominee-par-le-combat-contre-la-cpi.html#primaryimage","url":"https:\/\/www.justiceinfo.net\/wp-content\/uploads\/f668254861b2f3ca5e751e33bf1ab4d9-scaled.jpg","contentUrl":"https:\/\/www.justiceinfo.net\/wp-content\/uploads\/f668254861b2f3ca5e751e33bf1ab4d9-scaled.jpg","width":2560,"height":1707},{"@type":"BreadcrumbList","@id":"https:\/\/www.justiceinfo.net\/fr\/25827-la-politique-etrangere-du-kenya-dominee-par-le-combat-contre-la-cpi.html#breadcrumb","itemListElement":[{"@type":"ListItem","position":1,"name":"Home","item":"https:\/\/www.justiceinfo.net\/fr"},{"@type":"ListItem","position":2,"name":"La politique \u00e9trang\u00e8re du Kenya domin\u00e9e par le combat contre la CPI"}]},{"@type":"WebSite","@id":"https:\/\/www.justiceinfo.net\/fr#website","url":"https:\/\/www.justiceinfo.net\/fr","name":"JusticeInfo.net","description":"La justice doit \u00eatre vue pour \u00eatre rendue","publisher":{"@id":"https:\/\/www.justiceinfo.net\/fr#organization"},"potentialAction":[{"@type":"SearchAction","target":{"@type":"EntryPoint","urlTemplate":"https:\/\/www.justiceinfo.net\/fr?s={search_term_string}"},"query-input":{"@type":"PropertyValueSpecification","valueRequired":true,"valueName":"search_term_string"}}],"inLanguage":"fr-FR"},{"@type":"Organization","@id":"https:\/\/www.justiceinfo.net\/fr#organization","name":"Justice Info","url":"https:\/\/www.justiceinfo.net\/fr","logo":{"@type":"ImageObject","inLanguage":"fr-FR","@id":"https:\/\/www.justiceinfo.net\/fr#\/schema\/logo\/image\/","url":"https:\/\/www.justiceinfo.net\/wp-content\/uploads\/justiceinfo_logo-trans_1200x1200px.png","contentUrl":"https:\/\/www.justiceinfo.net\/wp-content\/uploads\/justiceinfo_logo-trans_1200x1200px.png","width":1199,"height":1200,"caption":"Justice Info"},"image":{"@id":"https:\/\/www.justiceinfo.net\/fr#\/schema\/logo\/image\/"},"sameAs":["https:\/\/www.facebook.com\/JusticeInfo\/","https:\/\/x.com\/justiceinfonet","https:\/\/www.linkedin.com\/company\/justice-info","https:\/\/www.youtube.com\/channel\/UCyCEsARodyuWtkWyhn-e7pA"]},{"@type":"Person","name":"JusticeInfo.Net","url":"\/fr\/?s=JusticeInfo.Net"}]}},"_links":{"self":[{"href":"https:\/\/www.justiceinfo.net\/fr\/wp-json\/wp\/v2\/posts\/25827","targetHints":{"allow":["GET"]}}],"collection":[{"href":"https:\/\/www.justiceinfo.net\/fr\/wp-json\/wp\/v2\/posts"}],"about":[{"href":"https:\/\/www.justiceinfo.net\/fr\/wp-json\/wp\/v2\/types\/post"}],"author":[{"embeddable":true,"href":"https:\/\/www.justiceinfo.net\/fr\/wp-json\/wp\/v2\/users\/64"}],"replies":[{"embeddable":true,"href":"https:\/\/www.justiceinfo.net\/fr\/wp-json\/wp\/v2\/comments?post=25827"}],"version-history":[{"count":0,"href":"https:\/\/www.justiceinfo.net\/fr\/wp-json\/wp\/v2\/posts\/25827\/revisions"}],"wp:featuredmedia":[{"embeddable":true,"href":"https:\/\/www.justiceinfo.net\/fr\/wp-json\/wp\/v2\/media\/64993"}],"wp:attachment":[{"href":"https:\/\/www.justiceinfo.net\/fr\/wp-json\/wp\/v2\/media?parent=25827"}],"wp:term":[{"taxonomy":"category","embeddable":true,"href":"https:\/\/www.justiceinfo.net\/fr\/wp-json\/wp\/v2\/categories?post=25827"},{"taxonomy":"post_tag","embeddable":true,"href":"https:\/\/www.justiceinfo.net\/fr\/wp-json\/wp\/v2\/tags?post=25827"},{"taxonomy":"ji_location","embeddable":true,"href":"https:\/\/www.justiceinfo.net\/fr\/wp-json\/wp\/v2\/ji_location?post=25827"}],"curies":[{"name":"wp","href":"https:\/\/api.w.org\/{rel}","templated":true}]}}